{"id":14696,"date":"2024-08-20T09:41:34","date_gmt":"2024-08-20T12:41:34","guid":{"rendered":"https:\/\/jornalpontomais.com\/site\/?p=14696"},"modified":"2024-08-21T15:12:11","modified_gmt":"2024-08-21T18:12:11","slug":"barroso-promove-almoco-com-lira-e-pacheco-no-stf","status":"publish","type":"post","link":"https:\/\/jornalpontomais.com\/site\/2024\/08\/20\/barroso-promove-almoco-com-lira-e-pacheco-no-stf\/","title":{"rendered":"Barroso promove almo\u00e7o com Lira e Pacheco no STF"},"content":{"rendered":"\n<p>O presidente do Supremo Tribunal Federal (STF), Lu\u00eds Roberto Barroso, promove\u00a0nesta ter\u00e7a-feira\u00a0(20) almo\u00e7o com os presidentes da C\u00e2mara dos Deputados, Arthur Lira (PP-AL) e do Senado, Rodrigo Pacheco (PSD-MG), na sede da Corte.\u00a0<img decoding=\"async\" src=\"https:\/\/agenciabrasil.ebc.com.br\/ebc.png?id=1608500&amp;o=node\"><img decoding=\"async\" src=\"https:\/\/agenciabrasil.ebc.com.br\/ebc.gif?id=1608500&amp;o=node\"><br><br><\/p>\n\n\n\n<p>O encontro \u00e9 promovido por Barroso em meio \u00e0s decis\u00f5es do ministro Fl\u00e1vio Dino, confirmadas pelo plen\u00e1rio, que suspenderam o pagamento das emendas impositivas e as chamadas &#8220;emendas pix&#8221; de deputados e senadores, do Or\u00e7amento da Uni\u00e3o.<br><br><\/p>\n\n\n\n<p>O\u00a0ministro da Casa Civil, Rui Costa, e o advogado-geral da Uni\u00e3o (AGU), Jorge Messias, v\u00e3o representar o governo federal. O procurador-geral da Rep\u00fablica, Paulo Gonet,\u00a0 e todos os ministros do Supremo tamb\u00e9m foram convidados.<br><br><\/p>\n\n\n\n<p>O evento \u00e9 tratado como\u00a0reuni\u00e3o institucional, seguida de almo\u00e7o, para tentar pacificar a rela\u00e7\u00e3o do Supremo com o Congresso ap\u00f3s a suspens\u00e3o das emendas.\u00a0Na semana passada, ap\u00f3s as decis\u00f5es de Dino, Arthur Lira encaminhou para an\u00e1lise da Comiss\u00e3o de Constitui\u00e7\u00e3o e Justi\u00e7a (CCJ) a Proposta de Emenda \u00e0 Constitui\u00e7\u00e3o (PEC) n\u00ba 8\/2021\u00a0que limita decis\u00f5es monocr\u00e1ticas de ministros do Supremo.<br><br><\/p>\n\n\n\n<p>O encontro tamb\u00e9m servir\u00e1 para o Legislativo tentar um acordo com o governo federal, principal beneficiado pela decis\u00e3o que suspendeu as emendas. Pela legisla\u00e7\u00e3o or\u00e7ament\u00e1ria, cabe ao Poder Executivo a libera\u00e7\u00e3o dos recursos destinados \u00e0s emendas parlamentares.\u00a0<br><br><\/p>\n\n\n\n<p>Ao longo dos anos, o Executivo foi perdendo poder sobre a execu\u00e7\u00e3o do or\u00e7amento. Em 2015, durante o governo da ex-presidente Dilma Rousseff, o Congresso aprovou o or\u00e7amento impositivo, mecanismo no qual as emendas de deputados e senadores devem ser pagas obrigatoriamente pelo governo federal, respons\u00e1vel pela execu\u00e7\u00e3o do Or\u00e7amento da Uni\u00e3o.\u00a0<br><br><\/p>\n\n\n\n<p>No governo de Jair Bolsonaro, as &#8220;emendas Pix&#8221; foram criadas pelo Congresso e reservaram mais uma fatia dos recursos para os parlamentares.\u00a0Atualmente, o Congresso tem\u00a0cerca de R$ 60 bilh\u00f5es previstos no or\u00e7amento, valor que representa quase a mesma quantia destinada ao Executivo.\u00a0<br><br><\/p>\n\n\n\n<p><strong>Emendas impositivas<\/strong><\/p>\n\n\n\n<p>Na quarta-feira (14), o ministro Fl\u00e1vio Dino decidiu que os repasses das emendas impositivas dever\u00e3o ficar suspensos at\u00e9 que os poderes Legislativo e Executivo criem medidas de transpar\u00eancia e rastreabilidade das verbas. Esse tipo de emenda obriga o governo federal a enviar os recursos previstos para \u00f3rg\u00e3os indicados pelos parlamentares.<br><br><\/p>\n\n\n\n<p>A decis\u00e3o foi motivada por uma a\u00e7\u00e3o protocolada na Corte pelo PSOL. O partido alegou ao Supremo que o modelo de\u00a0emendas impositivas individuais e de bancada de deputados federais e senadores torna &#8220;imposs\u00edvel&#8221; o controle preventivo dos gastos.<br><br><\/p>\n\n\n\n<p>O ministro entendeu que a suspens\u00e3o das emendas \u00e9 necess\u00e1ria para evitar danos irrepar\u00e1veis aos cofres p\u00fablicos. Pela decis\u00e3o, somente emendas destinadas para obras que est\u00e3o em andamento e para atendimento de situa\u00e7\u00e3o de calamidade p\u00fablica poder\u00e3o ser pagas.<br><br><\/p>\n\n\n\n<p><strong>Emendas Pix<\/strong><\/p>\n\n\n\n<p>No dia 1\u00b0 de agosto, Dino suspendeu as chamadas &#8220;emendas Pix&#8221;. Elas s\u00e3o usadas por deputados e senadores para transfer\u00eancias diretas para estados e munic\u00edpios, sem a necessidade de conv\u00eanios para o recebimento de repasses.<br><br><\/p>\n\n\n\n<p>O ministro entendeu que esse tipo de emenda deve seguir crit\u00e9rios de transpar\u00eancia e de rastreabilidade. Pela mesma decis\u00e3o, a Controladoria-Geral da Uni\u00e3o (CGU) dever\u00e1 realizar auditoria nos repasses no prazo de 90 dias.<br><br><\/p>\n\n\n\n<p>Por unanimidade, as duas decis\u00f5es de Dino foram referendadas pelo plen\u00e1rio da Corte na sexta-feira (16).&nbsp;<\/p>\n","protected":false},"excerpt":{"rendered":"<p>O presidente do Supremo Tribunal Federal (STF), Lu\u00eds Roberto Barroso, promove\u00a0nesta ter\u00e7a-feira\u00a0(20) almo\u00e7o com os presidentes da C\u00e2mara dos Deputados, Arthur Lira (PP-AL) e do Senado, Rodrigo Pacheco (PSD-MG), na sede da Corte.\u00a0 O encontro \u00e9 promovido por Barroso em meio \u00e0s decis\u00f5es do ministro Fl\u00e1vio Dino, confirmadas pelo plen\u00e1rio, que suspenderam o pagamento das [&hellip;]<\/p>\n","protected":false},"author":2,"featured_media":14697,"comment_status":"open","ping_status":"open","sticky":true,"template":"","format":"standard","meta":{"om_disable_all_campaigns":false,"_monsterinsights_skip_tracking":false,"_monsterinsights_sitenote_active":false,"_monsterinsights_sitenote_note":"","_monsterinsights_sitenote_category":0,"footnotes":""},"categories":[1],"tags":[],"class_list":["post-14696","post","type-post","status-publish","format-standard","has-post-thumbnail","hentry","category-politica"],"yoast_head":"<!-- This site is optimized with the Yoast SEO plugin v27.2 - https:\/\/yoast.com\/product\/yoast-seo-wordpress\/ -->\n<title>Barroso promove almo\u00e7o com Lira e Pacheco no STF - Jornal Ponto Mais<\/title>\n<meta name=\"robots\" content=\"index, follow, max-snippet:-1, max-image-preview:large, max-video-preview:-1\" \/>\n<link rel=\"canonical\" href=\"https:\/\/jornalpontomais.com\/site\/2024\/08\/20\/barroso-promove-almoco-com-lira-e-pacheco-no-stf\/\" \/>\n<meta property=\"og:locale\" content=\"pt_BR\" \/>\n<meta property=\"og:type\" content=\"article\" \/>\n<meta property=\"og:title\" content=\"Barroso promove almo\u00e7o com Lira e Pacheco no STF - Jornal Ponto Mais\" \/>\n<meta property=\"og:description\" content=\"O presidente do Supremo Tribunal Federal (STF), Lu\u00eds Roberto Barroso, promove\u00a0nesta ter\u00e7a-feira\u00a0(20) almo\u00e7o com os presidentes da C\u00e2mara dos Deputados, Arthur Lira (PP-AL) e do Senado, Rodrigo Pacheco (PSD-MG), na sede da Corte.\u00a0 O encontro \u00e9 promovido por Barroso em meio \u00e0s decis\u00f5es do ministro Fl\u00e1vio Dino, confirmadas pelo plen\u00e1rio, que suspenderam o pagamento das [&hellip;]\" \/>\n<meta property=\"og:url\" content=\"https:\/\/jornalpontomais.com\/site\/2024\/08\/20\/barroso-promove-almoco-com-lira-e-pacheco-no-stf\/\" \/>\n<meta property=\"og:site_name\" content=\"Jornal Ponto Mais\" \/>\n<meta property=\"article:published_time\" content=\"2024-08-20T12:41:34+00:00\" \/>\n<meta property=\"article:modified_time\" content=\"2024-08-21T18:12:11+00:00\" \/>\n<meta property=\"og:image\" content=\"https:\/\/jornalpontomais.com\/site\/wp-content\/uploads\/2024\/08\/Almoco.webp\" \/>\n\t<meta property=\"og:image:width\" content=\"1064\" \/>\n\t<meta property=\"og:image:height\" content=\"614\" \/>\n\t<meta property=\"og:image:type\" content=\"image\/webp\" \/>\n<meta name=\"author\" content=\"Jornal Ponto Mais\" \/>\n<meta name=\"twitter:card\" content=\"summary_large_image\" \/>\n<meta name=\"twitter:label1\" content=\"Escrito por\" \/>\n\t<meta name=\"twitter:data1\" content=\"Jornal Ponto Mais\" \/>\n\t<meta name=\"twitter:label2\" content=\"Est. tempo de leitura\" \/>\n\t<meta name=\"twitter:data2\" content=\"3 minutos\" \/>\n<script type=\"application\/ld+json\" class=\"yoast-schema-graph\">{\"@context\":\"https:\/\/schema.org\",\"@graph\":[{\"@type\":\"Article\",\"@id\":\"https:\/\/jornalpontomais.com\/site\/2024\/08\/20\/barroso-promove-almoco-com-lira-e-pacheco-no-stf\/#article\",\"isPartOf\":{\"@id\":\"https:\/\/jornalpontomais.com\/site\/2024\/08\/20\/barroso-promove-almoco-com-lira-e-pacheco-no-stf\/\"},\"author\":{\"name\":\"Jornal Ponto Mais\",\"@id\":\"https:\/\/jornalpontomais.com\/site\/#\/schema\/person\/18323f0b0f1355f2490721c48389fe9d\"},\"headline\":\"Barroso promove almo\u00e7o com Lira e Pacheco no STF\",\"datePublished\":\"2024-08-20T12:41:34+00:00\",\"dateModified\":\"2024-08-21T18:12:11+00:00\",\"mainEntityOfPage\":{\"@id\":\"https:\/\/jornalpontomais.com\/site\/2024\/08\/20\/barroso-promove-almoco-com-lira-e-pacheco-no-stf\/\"},\"wordCount\":586,\"commentCount\":0,\"publisher\":{\"@id\":\"https:\/\/jornalpontomais.com\/site\/#organization\"},\"image\":{\"@id\":\"https:\/\/jornalpontomais.com\/site\/2024\/08\/20\/barroso-promove-almoco-com-lira-e-pacheco-no-stf\/#primaryimage\"},\"thumbnailUrl\":\"https:\/\/jornalpontomais.com\/site\/wp-content\/uploads\/2024\/08\/Almoco.webp\",\"articleSection\":[\"Pol\u00edtica\"],\"inLanguage\":\"pt-BR\",\"potentialAction\":[{\"@type\":\"CommentAction\",\"name\":\"Comment\",\"target\":[\"https:\/\/jornalpontomais.com\/site\/2024\/08\/20\/barroso-promove-almoco-com-lira-e-pacheco-no-stf\/#respond\"]}]},{\"@type\":\"WebPage\",\"@id\":\"https:\/\/jornalpontomais.com\/site\/2024\/08\/20\/barroso-promove-almoco-com-lira-e-pacheco-no-stf\/\",\"url\":\"https:\/\/jornalpontomais.com\/site\/2024\/08\/20\/barroso-promove-almoco-com-lira-e-pacheco-no-stf\/\",\"name\":\"Barroso promove almo\u00e7o com Lira e Pacheco no STF - Jornal Ponto Mais\",\"isPartOf\":{\"@id\":\"https:\/\/jornalpontomais.com\/site\/#website\"},\"primaryImageOfPage\":{\"@id\":\"https:\/\/jornalpontomais.com\/site\/2024\/08\/20\/barroso-promove-almoco-com-lira-e-pacheco-no-stf\/#primaryimage\"},\"image\":{\"@id\":\"https:\/\/jornalpontomais.com\/site\/2024\/08\/20\/barroso-promove-almoco-com-lira-e-pacheco-no-stf\/#primaryimage\"},\"thumbnailUrl\":\"https:\/\/jornalpontomais.com\/site\/wp-content\/uploads\/2024\/08\/Almoco.webp\",\"datePublished\":\"2024-08-20T12:41:34+00:00\",\"dateModified\":\"2024-08-21T18:12:11+00:00\",\"breadcrumb\":{\"@id\":\"https:\/\/jornalpontomais.com\/site\/2024\/08\/20\/barroso-promove-almoco-com-lira-e-pacheco-no-stf\/#breadcrumb\"},\"inLanguage\":\"pt-BR\",\"potentialAction\":[{\"@type\":\"ReadAction\",\"target\":[\"https:\/\/jornalpontomais.com\/site\/2024\/08\/20\/barroso-promove-almoco-com-lira-e-pacheco-no-stf\/\"]}]},{\"@type\":\"ImageObject\",\"inLanguage\":\"pt-BR\",\"@id\":\"https:\/\/jornalpontomais.com\/site\/2024\/08\/20\/barroso-promove-almoco-com-lira-e-pacheco-no-stf\/#primaryimage\",\"url\":\"https:\/\/jornalpontomais.com\/site\/wp-content\/uploads\/2024\/08\/Almoco.webp\",\"contentUrl\":\"https:\/\/jornalpontomais.com\/site\/wp-content\/uploads\/2024\/08\/Almoco.webp\",\"width\":1064,\"height\":614},{\"@type\":\"BreadcrumbList\",\"@id\":\"https:\/\/jornalpontomais.com\/site\/2024\/08\/20\/barroso-promove-almoco-com-lira-e-pacheco-no-stf\/#breadcrumb\",\"itemListElement\":[{\"@type\":\"ListItem\",\"position\":1,\"name\":\"In\u00edcio\",\"item\":\"https:\/\/jornalpontomais.com\/site\/\"},{\"@type\":\"ListItem\",\"position\":2,\"name\":\"Barroso promove almo\u00e7o com Lira e Pacheco no STF\"}]},{\"@type\":\"WebSite\",\"@id\":\"https:\/\/jornalpontomais.com\/site\/#website\",\"url\":\"https:\/\/jornalpontomais.com\/site\/\",\"name\":\"Jornal Ponto Mais\",\"description\":\"As principais not\u00edcias do Brasil e do mundo. Confira!\",\"publisher\":{\"@id\":\"https:\/\/jornalpontomais.com\/site\/#organization\"},\"potentialAction\":[{\"@type\":\"SearchAction\",\"target\":{\"@type\":\"EntryPoint\",\"urlTemplate\":\"https:\/\/jornalpontomais.com\/site\/?s={search_term_string}\"},\"query-input\":{\"@type\":\"PropertyValueSpecification\",\"valueRequired\":true,\"valueName\":\"search_term_string\"}}],\"inLanguage\":\"pt-BR\"},{\"@type\":\"Organization\",\"@id\":\"https:\/\/jornalpontomais.com\/site\/#organization\",\"name\":\"Jornal Ponto+\",\"url\":\"https:\/\/jornalpontomais.com\/site\/\",\"logo\":{\"@type\":\"ImageObject\",\"inLanguage\":\"pt-BR\",\"@id\":\"https:\/\/jornalpontomais.com\/site\/#\/schema\/logo\/image\/\",\"url\":\"https:\/\/jornalpontomais.com\/site\/wp-content\/uploads\/2022\/01\/marca.png\",\"contentUrl\":\"https:\/\/jornalpontomais.com\/site\/wp-content\/uploads\/2022\/01\/marca.png\",\"width\":582,\"height\":148,\"caption\":\"Jornal Ponto+\"},\"image\":{\"@id\":\"https:\/\/jornalpontomais.com\/site\/#\/schema\/logo\/image\/\"}},{\"@type\":\"Person\",\"@id\":\"https:\/\/jornalpontomais.com\/site\/#\/schema\/person\/18323f0b0f1355f2490721c48389fe9d\",\"name\":\"Jornal Ponto Mais\",\"image\":{\"@type\":\"ImageObject\",\"inLanguage\":\"pt-BR\",\"@id\":\"https:\/\/secure.gravatar.com\/avatar\/2ee0a9b7fe10fe32bdec8bc086e871e41eb5f4f6ecbcb7b4f2fe0d92d831405f?s=96&d=mm&r=g\",\"url\":\"https:\/\/secure.gravatar.com\/avatar\/2ee0a9b7fe10fe32bdec8bc086e871e41eb5f4f6ecbcb7b4f2fe0d92d831405f?s=96&d=mm&r=g\",\"contentUrl\":\"https:\/\/secure.gravatar.com\/avatar\/2ee0a9b7fe10fe32bdec8bc086e871e41eb5f4f6ecbcb7b4f2fe0d92d831405f?s=96&d=mm&r=g\",\"caption\":\"Jornal Ponto Mais\"},\"sameAs\":[\"https:\/\/jornalpontomais.com\/site\",\"jornalpontomais\"],\"url\":\"https:\/\/jornalpontomais.com\/site\/author\/jornalpontomais\/\"}]}<\/script>\n<!-- \/ Yoast SEO plugin. -->","yoast_head_json":{"title":"Barroso promove almo\u00e7o com Lira e Pacheco no STF - Jornal Ponto Mais","robots":{"index":"index","follow":"follow","max-snippet":"max-snippet:-1","max-image-preview":"max-image-preview:large","max-video-preview":"max-video-preview:-1"},"canonical":"https:\/\/jornalpontomais.com\/site\/2024\/08\/20\/barroso-promove-almoco-com-lira-e-pacheco-no-stf\/","og_locale":"pt_BR","og_type":"article","og_title":"Barroso promove almo\u00e7o com Lira e Pacheco no STF - Jornal Ponto Mais","og_description":"O presidente do Supremo Tribunal Federal (STF), Lu\u00eds Roberto Barroso, promove\u00a0nesta ter\u00e7a-feira\u00a0(20) almo\u00e7o com os presidentes da C\u00e2mara dos Deputados, Arthur Lira (PP-AL) e do Senado, Rodrigo Pacheco (PSD-MG), na sede da Corte.\u00a0 O encontro \u00e9 promovido por Barroso em meio \u00e0s decis\u00f5es do ministro Fl\u00e1vio Dino, confirmadas pelo plen\u00e1rio, que suspenderam o pagamento das [&hellip;]","og_url":"https:\/\/jornalpontomais.com\/site\/2024\/08\/20\/barroso-promove-almoco-com-lira-e-pacheco-no-stf\/","og_site_name":"Jornal Ponto Mais","article_published_time":"2024-08-20T12:41:34+00:00","article_modified_time":"2024-08-21T18:12:11+00:00","og_image":[{"width":1064,"height":614,"url":"https:\/\/jornalpontomais.com\/site\/wp-content\/uploads\/2024\/08\/Almoco.webp","type":"image\/webp"}],"author":"Jornal Ponto Mais","twitter_card":"summary_large_image","twitter_misc":{"Escrito por":"Jornal Ponto Mais","Est. tempo de leitura":"3 minutos"},"schema":{"@context":"https:\/\/schema.org","@graph":[{"@type":"Article","@id":"https:\/\/jornalpontomais.com\/site\/2024\/08\/20\/barroso-promove-almoco-com-lira-e-pacheco-no-stf\/#article","isPartOf":{"@id":"https:\/\/jornalpontomais.com\/site\/2024\/08\/20\/barroso-promove-almoco-com-lira-e-pacheco-no-stf\/"},"author":{"name":"Jornal Ponto Mais","@id":"https:\/\/jornalpontomais.com\/site\/#\/schema\/person\/18323f0b0f1355f2490721c48389fe9d"},"headline":"Barroso promove almo\u00e7o com Lira e Pacheco no STF","datePublished":"2024-08-20T12:41:34+00:00","dateModified":"2024-08-21T18:12:11+00:00","mainEntityOfPage":{"@id":"https:\/\/jornalpontomais.com\/site\/2024\/08\/20\/barroso-promove-almoco-com-lira-e-pacheco-no-stf\/"},"wordCount":586,"commentCount":0,"publisher":{"@id":"https:\/\/jornalpontomais.com\/site\/#organization"},"image":{"@id":"https:\/\/jornalpontomais.com\/site\/2024\/08\/20\/barroso-promove-almoco-com-lira-e-pacheco-no-stf\/#primaryimage"},"thumbnailUrl":"https:\/\/jornalpontomais.com\/site\/wp-content\/uploads\/2024\/08\/Almoco.webp","articleSection":["Pol\u00edtica"],"inLanguage":"pt-BR","potentialAction":[{"@type":"CommentAction","name":"Comment","target":["https:\/\/jornalpontomais.com\/site\/2024\/08\/20\/barroso-promove-almoco-com-lira-e-pacheco-no-stf\/#respond"]}]},{"@type":"WebPage","@id":"https:\/\/jornalpontomais.com\/site\/2024\/08\/20\/barroso-promove-almoco-com-lira-e-pacheco-no-stf\/","url":"https:\/\/jornalpontomais.com\/site\/2024\/08\/20\/barroso-promove-almoco-com-lira-e-pacheco-no-stf\/","name":"Barroso promove almo\u00e7o com Lira e Pacheco no STF - Jornal Ponto Mais","isPartOf":{"@id":"https:\/\/jornalpontomais.com\/site\/#website"},"primaryImageOfPage":{"@id":"https:\/\/jornalpontomais.com\/site\/2024\/08\/20\/barroso-promove-almoco-com-lira-e-pacheco-no-stf\/#primaryimage"},"image":{"@id":"https:\/\/jornalpontomais.com\/site\/2024\/08\/20\/barroso-promove-almoco-com-lira-e-pacheco-no-stf\/#primaryimage"},"thumbnailUrl":"https:\/\/jornalpontomais.com\/site\/wp-content\/uploads\/2024\/08\/Almoco.webp","datePublished":"2024-08-20T12:41:34+00:00","dateModified":"2024-08-21T18:12:11+00:00","breadcrumb":{"@id":"https:\/\/jornalpontomais.com\/site\/2024\/08\/20\/barroso-promove-almoco-com-lira-e-pacheco-no-stf\/#breadcrumb"},"inLanguage":"pt-BR","potentialAction":[{"@type":"ReadAction","target":["https:\/\/jornalpontomais.com\/site\/2024\/08\/20\/barroso-promove-almoco-com-lira-e-pacheco-no-stf\/"]}]},{"@type":"ImageObject","inLanguage":"pt-BR","@id":"https:\/\/jornalpontomais.com\/site\/2024\/08\/20\/barroso-promove-almoco-com-lira-e-pacheco-no-stf\/#primaryimage","url":"https:\/\/jornalpontomais.com\/site\/wp-content\/uploads\/2024\/08\/Almoco.webp","contentUrl":"https:\/\/jornalpontomais.com\/site\/wp-content\/uploads\/2024\/08\/Almoco.webp","width":1064,"height":614},{"@type":"BreadcrumbList","@id":"https:\/\/jornalpontomais.com\/site\/2024\/08\/20\/barroso-promove-almoco-com-lira-e-pacheco-no-stf\/#breadcrumb","itemListElement":[{"@type":"ListItem","position":1,"name":"In\u00edcio","item":"https:\/\/jornalpontomais.com\/site\/"},{"@type":"ListItem","position":2,"name":"Barroso promove almo\u00e7o com Lira e Pacheco no STF"}]},{"@type":"WebSite","@id":"https:\/\/jornalpontomais.com\/site\/#website","url":"https:\/\/jornalpontomais.com\/site\/","name":"Jornal Ponto Mais","description":"As principais not\u00edcias do Brasil e do mundo. Confira!","publisher":{"@id":"https:\/\/jornalpontomais.com\/site\/#organization"},"potentialAction":[{"@type":"SearchAction","target":{"@type":"EntryPoint","urlTemplate":"https:\/\/jornalpontomais.com\/site\/?s={search_term_string}"},"query-input":{"@type":"PropertyValueSpecification","valueRequired":true,"valueName":"search_term_string"}}],"inLanguage":"pt-BR"},{"@type":"Organization","@id":"https:\/\/jornalpontomais.com\/site\/#organization","name":"Jornal Ponto+","url":"https:\/\/jornalpontomais.com\/site\/","logo":{"@type":"ImageObject","inLanguage":"pt-BR","@id":"https:\/\/jornalpontomais.com\/site\/#\/schema\/logo\/image\/","url":"https:\/\/jornalpontomais.com\/site\/wp-content\/uploads\/2022\/01\/marca.png","contentUrl":"https:\/\/jornalpontomais.com\/site\/wp-content\/uploads\/2022\/01\/marca.png","width":582,"height":148,"caption":"Jornal Ponto+"},"image":{"@id":"https:\/\/jornalpontomais.com\/site\/#\/schema\/logo\/image\/"}},{"@type":"Person","@id":"https:\/\/jornalpontomais.com\/site\/#\/schema\/person\/18323f0b0f1355f2490721c48389fe9d","name":"Jornal Ponto Mais","image":{"@type":"ImageObject","inLanguage":"pt-BR","@id":"https:\/\/secure.gravatar.com\/avatar\/2ee0a9b7fe10fe32bdec8bc086e871e41eb5f4f6ecbcb7b4f2fe0d92d831405f?s=96&d=mm&r=g","url":"https:\/\/secure.gravatar.com\/avatar\/2ee0a9b7fe10fe32bdec8bc086e871e41eb5f4f6ecbcb7b4f2fe0d92d831405f?s=96&d=mm&r=g","contentUrl":"https:\/\/secure.gravatar.com\/avatar\/2ee0a9b7fe10fe32bdec8bc086e871e41eb5f4f6ecbcb7b4f2fe0d92d831405f?s=96&d=mm&r=g","caption":"Jornal Ponto Mais"},"sameAs":["https:\/\/jornalpontomais.com\/site","jornalpontomais"],"url":"https:\/\/jornalpontomais.com\/site\/author\/jornalpontomais\/"}]}},"_links":{"self":[{"href":"https:\/\/jornalpontomais.com\/site\/wp-json\/wp\/v2\/posts\/14696","targetHints":{"allow":["GET"]}}],"collection":[{"href":"https:\/\/jornalpontomais.com\/site\/wp-json\/wp\/v2\/posts"}],"about":[{"href":"https:\/\/jornalpontomais.com\/site\/wp-json\/wp\/v2\/types\/post"}],"author":[{"embeddable":true,"href":"https:\/\/jornalpontomais.com\/site\/wp-json\/wp\/v2\/users\/2"}],"replies":[{"embeddable":true,"href":"https:\/\/jornalpontomais.com\/site\/wp-json\/wp\/v2\/comments?post=14696"}],"version-history":[{"count":1,"href":"https:\/\/jornalpontomais.com\/site\/wp-json\/wp\/v2\/posts\/14696\/revisions"}],"predecessor-version":[{"id":14698,"href":"https:\/\/jornalpontomais.com\/site\/wp-json\/wp\/v2\/posts\/14696\/revisions\/14698"}],"wp:featuredmedia":[{"embeddable":true,"href":"https:\/\/jornalpontomais.com\/site\/wp-json\/wp\/v2\/media\/14697"}],"wp:attachment":[{"href":"https:\/\/jornalpontomais.com\/site\/wp-json\/wp\/v2\/media?parent=14696"}],"wp:term":[{"taxonomy":"category","embeddable":true,"href":"https:\/\/jornalpontomais.com\/site\/wp-json\/wp\/v2\/categories?post=14696"},{"taxonomy":"post_tag","embeddable":true,"href":"https:\/\/jornalpontomais.com\/site\/wp-json\/wp\/v2\/tags?post=14696"}],"curies":[{"name":"wp","href":"https:\/\/api.w.org\/{rel}","templated":true}]}}