{"id":14679,"date":"2024-08-19T10:56:16","date_gmt":"2024-08-19T13:56:16","guid":{"rendered":"https:\/\/jornalpontomais.com\/site\/?p=14679"},"modified":"2024-08-19T10:56:16","modified_gmt":"2024-08-19T13:56:16","slug":"acao-contra-emendas-impositivas-quer-devolver-orcamento-ao-executivo","status":"publish","type":"post","link":"https:\/\/jornalpontomais.com\/site\/2024\/08\/19\/acao-contra-emendas-impositivas-quer-devolver-orcamento-ao-executivo\/","title":{"rendered":"A\u00e7\u00e3o contra emendas impositivas quer devolver or\u00e7amento ao Executivo"},"content":{"rendered":"\n<p>A A\u00e7\u00e3o Direta de Inconstitucionalidade (ADI) apresentada pelo PSOL, que resultou na suspens\u00e3o das emendas parlamentares impositivas, visa restaurar ao Executivo o controle sobre a execu\u00e7\u00e3o do or\u00e7amento p\u00fablico. Rafael Valim, um dos autores da a\u00e7\u00e3o e doutor em Direito, explicou \u00e0 Ag\u00eancia Brasil que as emendas impositivas, introduzidas em 2015 durante a presid\u00eancia de Eduardo Cunha na C\u00e2mara dos Deputados, violam o Artigo 60, par\u00e1grafo 4\u00ba, da Constitui\u00e7\u00e3o Federal. Este artigo \u00e9 uma cl\u00e1usula p\u00e9trea que estabelece a separa\u00e7\u00e3o dos poderes, e a transfer\u00eancia de parte da execu\u00e7\u00e3o do Or\u00e7amento da Uni\u00e3o para o Congresso Nacional estaria comprometendo essa separa\u00e7\u00e3o.<br><br><\/p>\n\n\n\n<p>Valim argumentou que, desde a cria\u00e7\u00e3o das emendas impositivas, o Legislativo passou a controlar cerca de um ter\u00e7o das receitas, usando-as conforme seus pr\u00f3prios interesses e planos. Segundo ele, o debate p\u00fablico tem se concentrado na transpar\u00eancia e rastreabilidade dos recursos, enquanto o principal ponto da a\u00e7\u00e3o \u00e9 a impositividade das emendas, que retira do Executivo a autoridade sobre parte do or\u00e7amento, comprometendo o equil\u00edbrio entre os poderes.<br><br><\/p>\n\n\n\n<p>A ADI questiona que as emendas impositivas configuram, na pr\u00e1tica, um regime semipresidencialista no Brasil, o que \u00e9 incompat\u00edvel com o sistema constitucional e contr\u00e1rio \u00e0s cl\u00e1usulas p\u00e9treas da Constitui\u00e7\u00e3o. Al\u00e9m disso, a a\u00e7\u00e3o aponta que essa impositividade tem prejudicado o planejamento e a coordena\u00e7\u00e3o das pol\u00edticas p\u00fablicas e dificultado o ajuste fiscal e o controle dos gastos.<br><br><\/p>\n\n\n\n<p>O ministro Fl\u00e1vio Dino, do STF, acatou parcialmente a ADI e suspendeu o pagamento das emendas at\u00e9 que sejam implementadas medidas de transpar\u00eancia, efici\u00eancia e rastreabilidade dos recursos. No entanto, ele ainda n\u00e3o se pronunciou sobre a constitucionalidade das emendas impositivas. Dino indicou que a impositividade n\u00e3o pode ser considerada absoluta e deve respeitar o planejamento do Executivo.<br><br><\/p>\n\n\n\n<p>A decis\u00e3o gerou uma rea\u00e7\u00e3o imediata do Congresso Nacional, que rejeitou uma medida provis\u00f3ria e questionou a decis\u00e3o de Fl\u00e1vio Dino, alegando danos \u00e0 economia p\u00fablica e \u00e0 separa\u00e7\u00e3o dos poderes. A maioria do STF confirmou a liminar de Fl\u00e1vio Dino, e l\u00edderes do Congresso, como o presidente da C\u00e2mara, Arthur Lira, destacaram que o or\u00e7amento \u00e9 uma lei votada pelo Parlamento e, portanto, n\u00e3o pode ser desconsiderado.<\/p>\n","protected":false},"excerpt":{"rendered":"<p>A A\u00e7\u00e3o Direta de Inconstitucionalidade (ADI) apresentada pelo PSOL, que resultou na suspens\u00e3o das emendas parlamentares impositivas, visa restaurar ao Executivo o controle sobre a execu\u00e7\u00e3o do or\u00e7amento p\u00fablico. Rafael Valim, um dos autores da a\u00e7\u00e3o e doutor em Direito, explicou \u00e0 Ag\u00eancia Brasil que as emendas impositivas, introduzidas em 2015 durante a presid\u00eancia de [&hellip;]<\/p>\n","protected":false},"author":2,"featured_media":14680,"comment_status":"open","ping_status":"open","sticky":true,"template":"","format":"standard","meta":{"om_disable_all_campaigns":false,"_monsterinsights_skip_tracking":false,"_monsterinsights_sitenote_active":false,"_monsterinsights_sitenote_note":"","_monsterinsights_sitenote_category":0,"footnotes":""},"categories":[1],"tags":[],"class_list":["post-14679","post","type-post","status-publish","format-standard","has-post-thumbnail","hentry","category-politica"],"yoast_head":"<!-- This site is optimized with the Yoast SEO plugin v27.2 - https:\/\/yoast.com\/product\/yoast-seo-wordpress\/ -->\n<title>A\u00e7\u00e3o contra emendas impositivas quer devolver or\u00e7amento ao Executivo - Jornal Ponto Mais<\/title>\n<meta name=\"robots\" content=\"index, follow, max-snippet:-1, max-image-preview:large, max-video-preview:-1\" \/>\n<link rel=\"canonical\" href=\"https:\/\/jornalpontomais.com\/site\/2024\/08\/19\/acao-contra-emendas-impositivas-quer-devolver-orcamento-ao-executivo\/\" \/>\n<meta property=\"og:locale\" content=\"pt_BR\" \/>\n<meta property=\"og:type\" content=\"article\" \/>\n<meta property=\"og:title\" content=\"A\u00e7\u00e3o contra emendas impositivas quer devolver or\u00e7amento ao Executivo - Jornal Ponto Mais\" \/>\n<meta property=\"og:description\" content=\"A A\u00e7\u00e3o Direta de Inconstitucionalidade (ADI) apresentada pelo PSOL, que resultou na suspens\u00e3o das emendas parlamentares impositivas, visa restaurar ao Executivo o controle sobre a execu\u00e7\u00e3o do or\u00e7amento p\u00fablico. Rafael Valim, um dos autores da a\u00e7\u00e3o e doutor em Direito, explicou \u00e0 Ag\u00eancia Brasil que as emendas impositivas, introduzidas em 2015 durante a presid\u00eancia de [&hellip;]\" \/>\n<meta property=\"og:url\" content=\"https:\/\/jornalpontomais.com\/site\/2024\/08\/19\/acao-contra-emendas-impositivas-quer-devolver-orcamento-ao-executivo\/\" \/>\n<meta property=\"og:site_name\" content=\"Jornal Ponto Mais\" \/>\n<meta property=\"article:published_time\" content=\"2024-08-19T13:56:16+00:00\" \/>\n<meta property=\"og:image\" content=\"https:\/\/jornalpontomais.com\/site\/wp-content\/uploads\/2024\/08\/29052024-img_8862.webp\" \/>\n\t<meta property=\"og:image:width\" content=\"1170\" \/>\n\t<meta property=\"og:image:height\" content=\"700\" \/>\n\t<meta property=\"og:image:type\" content=\"image\/webp\" \/>\n<meta name=\"author\" content=\"Jornal Ponto Mais\" \/>\n<meta name=\"twitter:card\" content=\"summary_large_image\" \/>\n<meta name=\"twitter:label1\" content=\"Escrito por\" \/>\n\t<meta name=\"twitter:data1\" content=\"Jornal Ponto Mais\" \/>\n\t<meta name=\"twitter:label2\" content=\"Est. tempo de leitura\" \/>\n\t<meta name=\"twitter:data2\" content=\"2 minutos\" \/>\n<script type=\"application\/ld+json\" class=\"yoast-schema-graph\">{\"@context\":\"https:\/\/schema.org\",\"@graph\":[{\"@type\":\"Article\",\"@id\":\"https:\/\/jornalpontomais.com\/site\/2024\/08\/19\/acao-contra-emendas-impositivas-quer-devolver-orcamento-ao-executivo\/#article\",\"isPartOf\":{\"@id\":\"https:\/\/jornalpontomais.com\/site\/2024\/08\/19\/acao-contra-emendas-impositivas-quer-devolver-orcamento-ao-executivo\/\"},\"author\":{\"name\":\"Jornal Ponto Mais\",\"@id\":\"https:\/\/jornalpontomais.com\/site\/#\/schema\/person\/18323f0b0f1355f2490721c48389fe9d\"},\"headline\":\"A\u00e7\u00e3o contra emendas impositivas quer devolver or\u00e7amento ao Executivo\",\"datePublished\":\"2024-08-19T13:56:16+00:00\",\"mainEntityOfPage\":{\"@id\":\"https:\/\/jornalpontomais.com\/site\/2024\/08\/19\/acao-contra-emendas-impositivas-quer-devolver-orcamento-ao-executivo\/\"},\"wordCount\":409,\"commentCount\":0,\"publisher\":{\"@id\":\"https:\/\/jornalpontomais.com\/site\/#organization\"},\"image\":{\"@id\":\"https:\/\/jornalpontomais.com\/site\/2024\/08\/19\/acao-contra-emendas-impositivas-quer-devolver-orcamento-ao-executivo\/#primaryimage\"},\"thumbnailUrl\":\"https:\/\/jornalpontomais.com\/site\/wp-content\/uploads\/2024\/08\/29052024-img_8862.webp\",\"articleSection\":[\"Pol\u00edtica\"],\"inLanguage\":\"pt-BR\",\"potentialAction\":[{\"@type\":\"CommentAction\",\"name\":\"Comment\",\"target\":[\"https:\/\/jornalpontomais.com\/site\/2024\/08\/19\/acao-contra-emendas-impositivas-quer-devolver-orcamento-ao-executivo\/#respond\"]}]},{\"@type\":\"WebPage\",\"@id\":\"https:\/\/jornalpontomais.com\/site\/2024\/08\/19\/acao-contra-emendas-impositivas-quer-devolver-orcamento-ao-executivo\/\",\"url\":\"https:\/\/jornalpontomais.com\/site\/2024\/08\/19\/acao-contra-emendas-impositivas-quer-devolver-orcamento-ao-executivo\/\",\"name\":\"A\u00e7\u00e3o contra emendas impositivas quer devolver or\u00e7amento ao Executivo - Jornal Ponto Mais\",\"isPartOf\":{\"@id\":\"https:\/\/jornalpontomais.com\/site\/#website\"},\"primaryImageOfPage\":{\"@id\":\"https:\/\/jornalpontomais.com\/site\/2024\/08\/19\/acao-contra-emendas-impositivas-quer-devolver-orcamento-ao-executivo\/#primaryimage\"},\"image\":{\"@id\":\"https:\/\/jornalpontomais.com\/site\/2024\/08\/19\/acao-contra-emendas-impositivas-quer-devolver-orcamento-ao-executivo\/#primaryimage\"},\"thumbnailUrl\":\"https:\/\/jornalpontomais.com\/site\/wp-content\/uploads\/2024\/08\/29052024-img_8862.webp\",\"datePublished\":\"2024-08-19T13:56:16+00:00\",\"breadcrumb\":{\"@id\":\"https:\/\/jornalpontomais.com\/site\/2024\/08\/19\/acao-contra-emendas-impositivas-quer-devolver-orcamento-ao-executivo\/#breadcrumb\"},\"inLanguage\":\"pt-BR\",\"potentialAction\":[{\"@type\":\"ReadAction\",\"target\":[\"https:\/\/jornalpontomais.com\/site\/2024\/08\/19\/acao-contra-emendas-impositivas-quer-devolver-orcamento-ao-executivo\/\"]}]},{\"@type\":\"ImageObject\",\"inLanguage\":\"pt-BR\",\"@id\":\"https:\/\/jornalpontomais.com\/site\/2024\/08\/19\/acao-contra-emendas-impositivas-quer-devolver-orcamento-ao-executivo\/#primaryimage\",\"url\":\"https:\/\/jornalpontomais.com\/site\/wp-content\/uploads\/2024\/08\/29052024-img_8862.webp\",\"contentUrl\":\"https:\/\/jornalpontomais.com\/site\/wp-content\/uploads\/2024\/08\/29052024-img_8862.webp\",\"width\":1170,\"height\":700},{\"@type\":\"BreadcrumbList\",\"@id\":\"https:\/\/jornalpontomais.com\/site\/2024\/08\/19\/acao-contra-emendas-impositivas-quer-devolver-orcamento-ao-executivo\/#breadcrumb\",\"itemListElement\":[{\"@type\":\"ListItem\",\"position\":1,\"name\":\"In\u00edcio\",\"item\":\"https:\/\/jornalpontomais.com\/site\/\"},{\"@type\":\"ListItem\",\"position\":2,\"name\":\"A\u00e7\u00e3o contra emendas impositivas quer devolver or\u00e7amento ao Executivo\"}]},{\"@type\":\"WebSite\",\"@id\":\"https:\/\/jornalpontomais.com\/site\/#website\",\"url\":\"https:\/\/jornalpontomais.com\/site\/\",\"name\":\"Jornal Ponto Mais\",\"description\":\"As principais not\u00edcias do Brasil e do mundo. Confira!\",\"publisher\":{\"@id\":\"https:\/\/jornalpontomais.com\/site\/#organization\"},\"potentialAction\":[{\"@type\":\"SearchAction\",\"target\":{\"@type\":\"EntryPoint\",\"urlTemplate\":\"https:\/\/jornalpontomais.com\/site\/?s={search_term_string}\"},\"query-input\":{\"@type\":\"PropertyValueSpecification\",\"valueRequired\":true,\"valueName\":\"search_term_string\"}}],\"inLanguage\":\"pt-BR\"},{\"@type\":\"Organization\",\"@id\":\"https:\/\/jornalpontomais.com\/site\/#organization\",\"name\":\"Jornal Ponto+\",\"url\":\"https:\/\/jornalpontomais.com\/site\/\",\"logo\":{\"@type\":\"ImageObject\",\"inLanguage\":\"pt-BR\",\"@id\":\"https:\/\/jornalpontomais.com\/site\/#\/schema\/logo\/image\/\",\"url\":\"https:\/\/jornalpontomais.com\/site\/wp-content\/uploads\/2022\/01\/marca.png\",\"contentUrl\":\"https:\/\/jornalpontomais.com\/site\/wp-content\/uploads\/2022\/01\/marca.png\",\"width\":582,\"height\":148,\"caption\":\"Jornal Ponto+\"},\"image\":{\"@id\":\"https:\/\/jornalpontomais.com\/site\/#\/schema\/logo\/image\/\"}},{\"@type\":\"Person\",\"@id\":\"https:\/\/jornalpontomais.com\/site\/#\/schema\/person\/18323f0b0f1355f2490721c48389fe9d\",\"name\":\"Jornal Ponto Mais\",\"image\":{\"@type\":\"ImageObject\",\"inLanguage\":\"pt-BR\",\"@id\":\"https:\/\/secure.gravatar.com\/avatar\/2ee0a9b7fe10fe32bdec8bc086e871e41eb5f4f6ecbcb7b4f2fe0d92d831405f?s=96&d=mm&r=g\",\"url\":\"https:\/\/secure.gravatar.com\/avatar\/2ee0a9b7fe10fe32bdec8bc086e871e41eb5f4f6ecbcb7b4f2fe0d92d831405f?s=96&d=mm&r=g\",\"contentUrl\":\"https:\/\/secure.gravatar.com\/avatar\/2ee0a9b7fe10fe32bdec8bc086e871e41eb5f4f6ecbcb7b4f2fe0d92d831405f?s=96&d=mm&r=g\",\"caption\":\"Jornal Ponto Mais\"},\"sameAs\":[\"https:\/\/jornalpontomais.com\/site\",\"jornalpontomais\"],\"url\":\"https:\/\/jornalpontomais.com\/site\/author\/jornalpontomais\/\"}]}<\/script>\n<!-- \/ Yoast SEO plugin. -->","yoast_head_json":{"title":"A\u00e7\u00e3o contra emendas impositivas quer devolver or\u00e7amento ao Executivo - Jornal Ponto Mais","robots":{"index":"index","follow":"follow","max-snippet":"max-snippet:-1","max-image-preview":"max-image-preview:large","max-video-preview":"max-video-preview:-1"},"canonical":"https:\/\/jornalpontomais.com\/site\/2024\/08\/19\/acao-contra-emendas-impositivas-quer-devolver-orcamento-ao-executivo\/","og_locale":"pt_BR","og_type":"article","og_title":"A\u00e7\u00e3o contra emendas impositivas quer devolver or\u00e7amento ao Executivo - Jornal Ponto Mais","og_description":"A A\u00e7\u00e3o Direta de Inconstitucionalidade (ADI) apresentada pelo PSOL, que resultou na suspens\u00e3o das emendas parlamentares impositivas, visa restaurar ao Executivo o controle sobre a execu\u00e7\u00e3o do or\u00e7amento p\u00fablico. Rafael Valim, um dos autores da a\u00e7\u00e3o e doutor em Direito, explicou \u00e0 Ag\u00eancia Brasil que as emendas impositivas, introduzidas em 2015 durante a presid\u00eancia de [&hellip;]","og_url":"https:\/\/jornalpontomais.com\/site\/2024\/08\/19\/acao-contra-emendas-impositivas-quer-devolver-orcamento-ao-executivo\/","og_site_name":"Jornal Ponto Mais","article_published_time":"2024-08-19T13:56:16+00:00","og_image":[{"width":1170,"height":700,"url":"https:\/\/jornalpontomais.com\/site\/wp-content\/uploads\/2024\/08\/29052024-img_8862.webp","type":"image\/webp"}],"author":"Jornal Ponto Mais","twitter_card":"summary_large_image","twitter_misc":{"Escrito por":"Jornal Ponto Mais","Est. tempo de leitura":"2 minutos"},"schema":{"@context":"https:\/\/schema.org","@graph":[{"@type":"Article","@id":"https:\/\/jornalpontomais.com\/site\/2024\/08\/19\/acao-contra-emendas-impositivas-quer-devolver-orcamento-ao-executivo\/#article","isPartOf":{"@id":"https:\/\/jornalpontomais.com\/site\/2024\/08\/19\/acao-contra-emendas-impositivas-quer-devolver-orcamento-ao-executivo\/"},"author":{"name":"Jornal Ponto Mais","@id":"https:\/\/jornalpontomais.com\/site\/#\/schema\/person\/18323f0b0f1355f2490721c48389fe9d"},"headline":"A\u00e7\u00e3o contra emendas impositivas quer devolver or\u00e7amento ao Executivo","datePublished":"2024-08-19T13:56:16+00:00","mainEntityOfPage":{"@id":"https:\/\/jornalpontomais.com\/site\/2024\/08\/19\/acao-contra-emendas-impositivas-quer-devolver-orcamento-ao-executivo\/"},"wordCount":409,"commentCount":0,"publisher":{"@id":"https:\/\/jornalpontomais.com\/site\/#organization"},"image":{"@id":"https:\/\/jornalpontomais.com\/site\/2024\/08\/19\/acao-contra-emendas-impositivas-quer-devolver-orcamento-ao-executivo\/#primaryimage"},"thumbnailUrl":"https:\/\/jornalpontomais.com\/site\/wp-content\/uploads\/2024\/08\/29052024-img_8862.webp","articleSection":["Pol\u00edtica"],"inLanguage":"pt-BR","potentialAction":[{"@type":"CommentAction","name":"Comment","target":["https:\/\/jornalpontomais.com\/site\/2024\/08\/19\/acao-contra-emendas-impositivas-quer-devolver-orcamento-ao-executivo\/#respond"]}]},{"@type":"WebPage","@id":"https:\/\/jornalpontomais.com\/site\/2024\/08\/19\/acao-contra-emendas-impositivas-quer-devolver-orcamento-ao-executivo\/","url":"https:\/\/jornalpontomais.com\/site\/2024\/08\/19\/acao-contra-emendas-impositivas-quer-devolver-orcamento-ao-executivo\/","name":"A\u00e7\u00e3o contra emendas impositivas quer devolver or\u00e7amento ao Executivo - Jornal Ponto Mais","isPartOf":{"@id":"https:\/\/jornalpontomais.com\/site\/#website"},"primaryImageOfPage":{"@id":"https:\/\/jornalpontomais.com\/site\/2024\/08\/19\/acao-contra-emendas-impositivas-quer-devolver-orcamento-ao-executivo\/#primaryimage"},"image":{"@id":"https:\/\/jornalpontomais.com\/site\/2024\/08\/19\/acao-contra-emendas-impositivas-quer-devolver-orcamento-ao-executivo\/#primaryimage"},"thumbnailUrl":"https:\/\/jornalpontomais.com\/site\/wp-content\/uploads\/2024\/08\/29052024-img_8862.webp","datePublished":"2024-08-19T13:56:16+00:00","breadcrumb":{"@id":"https:\/\/jornalpontomais.com\/site\/2024\/08\/19\/acao-contra-emendas-impositivas-quer-devolver-orcamento-ao-executivo\/#breadcrumb"},"inLanguage":"pt-BR","potentialAction":[{"@type":"ReadAction","target":["https:\/\/jornalpontomais.com\/site\/2024\/08\/19\/acao-contra-emendas-impositivas-quer-devolver-orcamento-ao-executivo\/"]}]},{"@type":"ImageObject","inLanguage":"pt-BR","@id":"https:\/\/jornalpontomais.com\/site\/2024\/08\/19\/acao-contra-emendas-impositivas-quer-devolver-orcamento-ao-executivo\/#primaryimage","url":"https:\/\/jornalpontomais.com\/site\/wp-content\/uploads\/2024\/08\/29052024-img_8862.webp","contentUrl":"https:\/\/jornalpontomais.com\/site\/wp-content\/uploads\/2024\/08\/29052024-img_8862.webp","width":1170,"height":700},{"@type":"BreadcrumbList","@id":"https:\/\/jornalpontomais.com\/site\/2024\/08\/19\/acao-contra-emendas-impositivas-quer-devolver-orcamento-ao-executivo\/#breadcrumb","itemListElement":[{"@type":"ListItem","position":1,"name":"In\u00edcio","item":"https:\/\/jornalpontomais.com\/site\/"},{"@type":"ListItem","position":2,"name":"A\u00e7\u00e3o contra emendas impositivas quer devolver or\u00e7amento ao Executivo"}]},{"@type":"WebSite","@id":"https:\/\/jornalpontomais.com\/site\/#website","url":"https:\/\/jornalpontomais.com\/site\/","name":"Jornal Ponto Mais","description":"As principais not\u00edcias do Brasil e do mundo. Confira!","publisher":{"@id":"https:\/\/jornalpontomais.com\/site\/#organization"},"potentialAction":[{"@type":"SearchAction","target":{"@type":"EntryPoint","urlTemplate":"https:\/\/jornalpontomais.com\/site\/?s={search_term_string}"},"query-input":{"@type":"PropertyValueSpecification","valueRequired":true,"valueName":"search_term_string"}}],"inLanguage":"pt-BR"},{"@type":"Organization","@id":"https:\/\/jornalpontomais.com\/site\/#organization","name":"Jornal Ponto+","url":"https:\/\/jornalpontomais.com\/site\/","logo":{"@type":"ImageObject","inLanguage":"pt-BR","@id":"https:\/\/jornalpontomais.com\/site\/#\/schema\/logo\/image\/","url":"https:\/\/jornalpontomais.com\/site\/wp-content\/uploads\/2022\/01\/marca.png","contentUrl":"https:\/\/jornalpontomais.com\/site\/wp-content\/uploads\/2022\/01\/marca.png","width":582,"height":148,"caption":"Jornal Ponto+"},"image":{"@id":"https:\/\/jornalpontomais.com\/site\/#\/schema\/logo\/image\/"}},{"@type":"Person","@id":"https:\/\/jornalpontomais.com\/site\/#\/schema\/person\/18323f0b0f1355f2490721c48389fe9d","name":"Jornal Ponto Mais","image":{"@type":"ImageObject","inLanguage":"pt-BR","@id":"https:\/\/secure.gravatar.com\/avatar\/2ee0a9b7fe10fe32bdec8bc086e871e41eb5f4f6ecbcb7b4f2fe0d92d831405f?s=96&d=mm&r=g","url":"https:\/\/secure.gravatar.com\/avatar\/2ee0a9b7fe10fe32bdec8bc086e871e41eb5f4f6ecbcb7b4f2fe0d92d831405f?s=96&d=mm&r=g","contentUrl":"https:\/\/secure.gravatar.com\/avatar\/2ee0a9b7fe10fe32bdec8bc086e871e41eb5f4f6ecbcb7b4f2fe0d92d831405f?s=96&d=mm&r=g","caption":"Jornal Ponto Mais"},"sameAs":["https:\/\/jornalpontomais.com\/site","jornalpontomais"],"url":"https:\/\/jornalpontomais.com\/site\/author\/jornalpontomais\/"}]}},"_links":{"self":[{"href":"https:\/\/jornalpontomais.com\/site\/wp-json\/wp\/v2\/posts\/14679","targetHints":{"allow":["GET"]}}],"collection":[{"href":"https:\/\/jornalpontomais.com\/site\/wp-json\/wp\/v2\/posts"}],"about":[{"href":"https:\/\/jornalpontomais.com\/site\/wp-json\/wp\/v2\/types\/post"}],"author":[{"embeddable":true,"href":"https:\/\/jornalpontomais.com\/site\/wp-json\/wp\/v2\/users\/2"}],"replies":[{"embeddable":true,"href":"https:\/\/jornalpontomais.com\/site\/wp-json\/wp\/v2\/comments?post=14679"}],"version-history":[{"count":1,"href":"https:\/\/jornalpontomais.com\/site\/wp-json\/wp\/v2\/posts\/14679\/revisions"}],"predecessor-version":[{"id":14681,"href":"https:\/\/jornalpontomais.com\/site\/wp-json\/wp\/v2\/posts\/14679\/revisions\/14681"}],"wp:featuredmedia":[{"embeddable":true,"href":"https:\/\/jornalpontomais.com\/site\/wp-json\/wp\/v2\/media\/14680"}],"wp:attachment":[{"href":"https:\/\/jornalpontomais.com\/site\/wp-json\/wp\/v2\/media?parent=14679"}],"wp:term":[{"taxonomy":"category","embeddable":true,"href":"https:\/\/jornalpontomais.com\/site\/wp-json\/wp\/v2\/categories?post=14679"},{"taxonomy":"post_tag","embeddable":true,"href":"https:\/\/jornalpontomais.com\/site\/wp-json\/wp\/v2\/tags?post=14679"}],"curies":[{"name":"wp","href":"https:\/\/api.w.org\/{rel}","templated":true}]}}