{"id":14667,"date":"2024-08-17T11:21:23","date_gmt":"2024-08-17T14:21:23","guid":{"rendered":"https:\/\/jornalpontomais.com\/site\/?p=14667"},"modified":"2024-08-17T11:21:23","modified_gmt":"2024-08-17T14:21:23","slug":"goias-e-o-estado-que-mais-reduziu-extrema-pobreza-afirma-caiado-no-lide-rj","status":"publish","type":"post","link":"https:\/\/jornalpontomais.com\/site\/2024\/08\/17\/goias-e-o-estado-que-mais-reduziu-extrema-pobreza-afirma-caiado-no-lide-rj\/","title":{"rendered":"\u201cGoi\u00e1s \u00e9 o estado que mais reduziu extrema pobreza\u201d, afirma Caiado no Lide RJ"},"content":{"rendered":"\n<p>O governador Ronaldo Caiado participou como expositor da 23\u00aa edi\u00e7\u00e3o do F\u00f3rum Empresarial Lide, no Rio de Janeiro (RJ). A participa\u00e7\u00e3o no evento, que \u00e9 considerado um dos maiores espa\u00e7os para discuss\u00e3o de gest\u00e3o e pol\u00edticas p\u00fablicas no Brasil, ocorreu nesta sexta-feira (16\/08).<br><br><\/p>\n\n\n\n<p>\u201cGoi\u00e1s comemora o fato de ser o estado com menor n\u00famero de pessoas na extrema pobreza no pa\u00eds. Isso \u00e0s custas de um programa social bem feito\u201d, afirmou, durante o painel \u201cDesenvolvimento regional, gera\u00e7\u00e3o de emprego e renda\u201d.<br><br><\/p>\n\n\n\n<p>Para ele, os programas sociais goianos t\u00eam sido \u201cfundamentais\u201d para a inclus\u00e3o de mais pessoas no mercado, pois, al\u00e9m da transfer\u00eancia de renda, oferecem oportunidades de qualifica\u00e7\u00e3o e empreendedorismo.<br><br><\/p>\n\n\n\n<p>Al\u00e9m disso, destacou que o cen\u00e1rio econ\u00f4mico \u00e9 reflexo de um conjunto de a\u00e7\u00f5es integradas nas \u00e1reas de seguran\u00e7a p\u00fablica, regionaliza\u00e7\u00e3o da sa\u00fade e educa\u00e7\u00e3o. \u201cGoi\u00e1s hoje \u00e9 o primeiro lugar no Ideb (\u00cdndice Nacional de Desenvolvimento da Educa\u00e7\u00e3o B\u00e1sica) do ensino m\u00e9dio\u201d.<br><br><\/p>\n\n\n\n<p>O evento contou com a presen\u00e7a de mais de 320 l\u00edderes empresariais, entre gestores das maiores empresas do pa\u00eds, autoridades pol\u00edticas, bem como representantes de unidades do Lide do exterior. \u00c0 plateia, Caiado disse que, em Goi\u00e1s, foi preciso superar dificuldades ao assumir o primeiro mandato, em 2019, como d\u00edvidas e sal\u00e1rios atrasados. Por isso, liderou um processo de articula\u00e7\u00e3o pol\u00edtica com lideran\u00e7as de outros poderes e \u00f3rg\u00e3os de controle.<br><br><\/p>\n\n\n\n<p>No mesmo painel, o governador do Piau\u00ed, Rafael Fonteles, mencionou Goi\u00e1s como \u201cexemplo de pujan\u00e7a\u201d pelo desenvolvimento do agroneg\u00f3cio e das agroind\u00fastrias, modelo que, segundo ele, tem seguido em seu estado.<br><br><\/p>\n\n\n\n<p>\u201cCome\u00e7am a surgir oportunidades de industrializar o Sul do Piau\u00ed\u201d, citou, ao dizer que a regi\u00e3o tem potencial para usinas de biocombust\u00edvel, setor algodoeiro e frigor\u00edficos.<br><br><\/p>\n\n\n\n<p><strong>LIDE<\/strong><\/p>\n\n\n\n<p>A programa\u00e7\u00e3o segue at\u00e9 o final do dia e apresenta seis pain\u00e9is com discuss\u00f5es sobre institucionalidade e seguran\u00e7a jur\u00eddica; desafios na minera\u00e7\u00e3o; inova\u00e7\u00e3o, tecnologia e intelig\u00eancia artificial; impacto da transi\u00e7\u00e3o energ\u00e9tica nas cidades; e investimentos na economia brasileira.<br><br><\/p>\n\n\n\n<p>O tema desta edi\u00e7\u00e3o \u00e9 \u201cdesenvolvimento sustent\u00e1vel no Brasil\u201d.<br><br><\/p>\n\n\n\n<p>\u201cO Brasil que n\u00f3s queremos passa pela lideran\u00e7a nos seus respectivos estados\u201d, frisou o co-chairman do Lide e ex-governador de S\u00e3o Paulo, Jo\u00e3o Doria. Tamb\u00e9m participaram os governadores Cl\u00e1udio Castro (RJ), Wilson Lima (AM), Renato Casagrande (ES), Eduardo Riedel (MS), Mauro Mendes (MT), Helder Barbalho (PA) e F\u00e1tima Bezerra (RN), al\u00e9m dos vice-governadores Fel\u00edcio Ramuth (SP) e Mailza Assis (AC).<br><br><\/p>\n\n\n\n<p><strong>N\u00fameros<\/strong><\/p>\n\n\n\n<p>No ano passado, o territ\u00f3rio goiano apresentou a menor taxa de extrema pobreza (rendimento domiciliar per capita inferior a R$105) do pa\u00eds, com apenas 0,8% da popula\u00e7\u00e3o nessa faixa, enquanto a m\u00e9dia nacional foi de 1,7%.<br><br><\/p>\n\n\n\n<p>Isso significa que mais de 65 mil pessoas sa\u00edram da extrema pobreza. Os dados s\u00e3o do Instituto Brasileiro de Geografia e Estat\u00edstica (IBGE).<\/p>\n","protected":false},"excerpt":{"rendered":"<p>O governador Ronaldo Caiado participou como expositor da 23\u00aa edi\u00e7\u00e3o do F\u00f3rum Empresarial Lide, no Rio de Janeiro (RJ). A participa\u00e7\u00e3o no evento, que \u00e9 considerado um dos maiores espa\u00e7os para discuss\u00e3o de gest\u00e3o e pol\u00edticas p\u00fablicas no Brasil, ocorreu nesta sexta-feira (16\/08). \u201cGoi\u00e1s comemora o fato de ser o estado com menor n\u00famero de [&hellip;]<\/p>\n","protected":false},"author":2,"featured_media":14668,"comment_status":"open","ping_status":"open","sticky":true,"template":"","format":"standard","meta":{"om_disable_all_campaigns":false,"_monsterinsights_skip_tracking":false,"_monsterinsights_sitenote_active":false,"_monsterinsights_sitenote_note":"","_monsterinsights_sitenote_category":0,"footnotes":""},"categories":[1],"tags":[],"class_list":["post-14667","post","type-post","status-publish","format-standard","has-post-thumbnail","hentry","category-politica"],"yoast_head":"<!-- This site is optimized with the Yoast SEO plugin v27.2 - https:\/\/yoast.com\/product\/yoast-seo-wordpress\/ -->\n<title>\u201cGoi\u00e1s \u00e9 o estado que mais reduziu extrema pobreza\u201d, afirma Caiado no Lide RJ - Jornal Ponto Mais<\/title>\n<meta name=\"robots\" content=\"index, follow, max-snippet:-1, max-image-preview:large, max-video-preview:-1\" \/>\n<link rel=\"canonical\" href=\"https:\/\/jornalpontomais.com\/site\/2024\/08\/17\/goias-e-o-estado-que-mais-reduziu-extrema-pobreza-afirma-caiado-no-lide-rj\/\" \/>\n<meta property=\"og:locale\" content=\"pt_BR\" \/>\n<meta property=\"og:type\" content=\"article\" \/>\n<meta property=\"og:title\" content=\"\u201cGoi\u00e1s \u00e9 o estado que mais reduziu extrema pobreza\u201d, afirma Caiado no Lide RJ - Jornal Ponto Mais\" \/>\n<meta property=\"og:description\" content=\"O governador Ronaldo Caiado participou como expositor da 23\u00aa edi\u00e7\u00e3o do F\u00f3rum Empresarial Lide, no Rio de Janeiro (RJ). A participa\u00e7\u00e3o no evento, que \u00e9 considerado um dos maiores espa\u00e7os para discuss\u00e3o de gest\u00e3o e pol\u00edticas p\u00fablicas no Brasil, ocorreu nesta sexta-feira (16\/08). \u201cGoi\u00e1s comemora o fato de ser o estado com menor n\u00famero de [&hellip;]\" \/>\n<meta property=\"og:url\" content=\"https:\/\/jornalpontomais.com\/site\/2024\/08\/17\/goias-e-o-estado-que-mais-reduziu-extrema-pobreza-afirma-caiado-no-lide-rj\/\" \/>\n<meta property=\"og:site_name\" content=\"Jornal Ponto Mais\" \/>\n<meta property=\"article:published_time\" content=\"2024-08-17T14:21:23+00:00\" \/>\n<meta property=\"og:image\" content=\"https:\/\/jornalpontomais.com\/site\/wp-content\/uploads\/2024\/08\/Caiado-no-LIDE-Secom-1215x809.jpeg.webp\" \/>\n\t<meta property=\"og:image:width\" content=\"1215\" \/>\n\t<meta property=\"og:image:height\" content=\"809\" \/>\n\t<meta property=\"og:image:type\" content=\"image\/webp\" \/>\n<meta name=\"author\" content=\"Jornal Ponto Mais\" \/>\n<meta name=\"twitter:card\" content=\"summary_large_image\" \/>\n<meta name=\"twitter:label1\" content=\"Escrito por\" \/>\n\t<meta name=\"twitter:data1\" content=\"Jornal Ponto Mais\" \/>\n\t<meta name=\"twitter:label2\" content=\"Est. tempo de leitura\" \/>\n\t<meta name=\"twitter:data2\" content=\"3 minutos\" \/>\n<script type=\"application\/ld+json\" class=\"yoast-schema-graph\">{\"@context\":\"https:\/\/schema.org\",\"@graph\":[{\"@type\":\"Article\",\"@id\":\"https:\/\/jornalpontomais.com\/site\/2024\/08\/17\/goias-e-o-estado-que-mais-reduziu-extrema-pobreza-afirma-caiado-no-lide-rj\/#article\",\"isPartOf\":{\"@id\":\"https:\/\/jornalpontomais.com\/site\/2024\/08\/17\/goias-e-o-estado-que-mais-reduziu-extrema-pobreza-afirma-caiado-no-lide-rj\/\"},\"author\":{\"name\":\"Jornal Ponto Mais\",\"@id\":\"https:\/\/jornalpontomais.com\/site\/#\/schema\/person\/18323f0b0f1355f2490721c48389fe9d\"},\"headline\":\"\u201cGoi\u00e1s \u00e9 o estado que mais reduziu extrema pobreza\u201d, afirma Caiado no Lide RJ\",\"datePublished\":\"2024-08-17T14:21:23+00:00\",\"mainEntityOfPage\":{\"@id\":\"https:\/\/jornalpontomais.com\/site\/2024\/08\/17\/goias-e-o-estado-que-mais-reduziu-extrema-pobreza-afirma-caiado-no-lide-rj\/\"},\"wordCount\":528,\"commentCount\":0,\"publisher\":{\"@id\":\"https:\/\/jornalpontomais.com\/site\/#organization\"},\"image\":{\"@id\":\"https:\/\/jornalpontomais.com\/site\/2024\/08\/17\/goias-e-o-estado-que-mais-reduziu-extrema-pobreza-afirma-caiado-no-lide-rj\/#primaryimage\"},\"thumbnailUrl\":\"https:\/\/jornalpontomais.com\/site\/wp-content\/uploads\/2024\/08\/Caiado-no-LIDE-Secom-1215x809.jpeg.webp\",\"articleSection\":[\"Pol\u00edtica\"],\"inLanguage\":\"pt-BR\",\"potentialAction\":[{\"@type\":\"CommentAction\",\"name\":\"Comment\",\"target\":[\"https:\/\/jornalpontomais.com\/site\/2024\/08\/17\/goias-e-o-estado-que-mais-reduziu-extrema-pobreza-afirma-caiado-no-lide-rj\/#respond\"]}]},{\"@type\":\"WebPage\",\"@id\":\"https:\/\/jornalpontomais.com\/site\/2024\/08\/17\/goias-e-o-estado-que-mais-reduziu-extrema-pobreza-afirma-caiado-no-lide-rj\/\",\"url\":\"https:\/\/jornalpontomais.com\/site\/2024\/08\/17\/goias-e-o-estado-que-mais-reduziu-extrema-pobreza-afirma-caiado-no-lide-rj\/\",\"name\":\"\u201cGoi\u00e1s \u00e9 o estado que mais reduziu extrema pobreza\u201d, afirma Caiado no Lide RJ - Jornal Ponto Mais\",\"isPartOf\":{\"@id\":\"https:\/\/jornalpontomais.com\/site\/#website\"},\"primaryImageOfPage\":{\"@id\":\"https:\/\/jornalpontomais.com\/site\/2024\/08\/17\/goias-e-o-estado-que-mais-reduziu-extrema-pobreza-afirma-caiado-no-lide-rj\/#primaryimage\"},\"image\":{\"@id\":\"https:\/\/jornalpontomais.com\/site\/2024\/08\/17\/goias-e-o-estado-que-mais-reduziu-extrema-pobreza-afirma-caiado-no-lide-rj\/#primaryimage\"},\"thumbnailUrl\":\"https:\/\/jornalpontomais.com\/site\/wp-content\/uploads\/2024\/08\/Caiado-no-LIDE-Secom-1215x809.jpeg.webp\",\"datePublished\":\"2024-08-17T14:21:23+00:00\",\"breadcrumb\":{\"@id\":\"https:\/\/jornalpontomais.com\/site\/2024\/08\/17\/goias-e-o-estado-que-mais-reduziu-extrema-pobreza-afirma-caiado-no-lide-rj\/#breadcrumb\"},\"inLanguage\":\"pt-BR\",\"potentialAction\":[{\"@type\":\"ReadAction\",\"target\":[\"https:\/\/jornalpontomais.com\/site\/2024\/08\/17\/goias-e-o-estado-que-mais-reduziu-extrema-pobreza-afirma-caiado-no-lide-rj\/\"]}]},{\"@type\":\"ImageObject\",\"inLanguage\":\"pt-BR\",\"@id\":\"https:\/\/jornalpontomais.com\/site\/2024\/08\/17\/goias-e-o-estado-que-mais-reduziu-extrema-pobreza-afirma-caiado-no-lide-rj\/#primaryimage\",\"url\":\"https:\/\/jornalpontomais.com\/site\/wp-content\/uploads\/2024\/08\/Caiado-no-LIDE-Secom-1215x809.jpeg.webp\",\"contentUrl\":\"https:\/\/jornalpontomais.com\/site\/wp-content\/uploads\/2024\/08\/Caiado-no-LIDE-Secom-1215x809.jpeg.webp\",\"width\":1215,\"height\":809},{\"@type\":\"BreadcrumbList\",\"@id\":\"https:\/\/jornalpontomais.com\/site\/2024\/08\/17\/goias-e-o-estado-que-mais-reduziu-extrema-pobreza-afirma-caiado-no-lide-rj\/#breadcrumb\",\"itemListElement\":[{\"@type\":\"ListItem\",\"position\":1,\"name\":\"In\u00edcio\",\"item\":\"https:\/\/jornalpontomais.com\/site\/\"},{\"@type\":\"ListItem\",\"position\":2,\"name\":\"\u201cGoi\u00e1s \u00e9 o estado que mais reduziu extrema pobreza\u201d, afirma Caiado no Lide RJ\"}]},{\"@type\":\"WebSite\",\"@id\":\"https:\/\/jornalpontomais.com\/site\/#website\",\"url\":\"https:\/\/jornalpontomais.com\/site\/\",\"name\":\"Jornal Ponto Mais\",\"description\":\"As principais not\u00edcias do Brasil e do mundo. Confira!\",\"publisher\":{\"@id\":\"https:\/\/jornalpontomais.com\/site\/#organization\"},\"potentialAction\":[{\"@type\":\"SearchAction\",\"target\":{\"@type\":\"EntryPoint\",\"urlTemplate\":\"https:\/\/jornalpontomais.com\/site\/?s={search_term_string}\"},\"query-input\":{\"@type\":\"PropertyValueSpecification\",\"valueRequired\":true,\"valueName\":\"search_term_string\"}}],\"inLanguage\":\"pt-BR\"},{\"@type\":\"Organization\",\"@id\":\"https:\/\/jornalpontomais.com\/site\/#organization\",\"name\":\"Jornal Ponto+\",\"url\":\"https:\/\/jornalpontomais.com\/site\/\",\"logo\":{\"@type\":\"ImageObject\",\"inLanguage\":\"pt-BR\",\"@id\":\"https:\/\/jornalpontomais.com\/site\/#\/schema\/logo\/image\/\",\"url\":\"https:\/\/jornalpontomais.com\/site\/wp-content\/uploads\/2022\/01\/marca.png\",\"contentUrl\":\"https:\/\/jornalpontomais.com\/site\/wp-content\/uploads\/2022\/01\/marca.png\",\"width\":582,\"height\":148,\"caption\":\"Jornal Ponto+\"},\"image\":{\"@id\":\"https:\/\/jornalpontomais.com\/site\/#\/schema\/logo\/image\/\"}},{\"@type\":\"Person\",\"@id\":\"https:\/\/jornalpontomais.com\/site\/#\/schema\/person\/18323f0b0f1355f2490721c48389fe9d\",\"name\":\"Jornal Ponto Mais\",\"image\":{\"@type\":\"ImageObject\",\"inLanguage\":\"pt-BR\",\"@id\":\"https:\/\/secure.gravatar.com\/avatar\/2ee0a9b7fe10fe32bdec8bc086e871e41eb5f4f6ecbcb7b4f2fe0d92d831405f?s=96&d=mm&r=g\",\"url\":\"https:\/\/secure.gravatar.com\/avatar\/2ee0a9b7fe10fe32bdec8bc086e871e41eb5f4f6ecbcb7b4f2fe0d92d831405f?s=96&d=mm&r=g\",\"contentUrl\":\"https:\/\/secure.gravatar.com\/avatar\/2ee0a9b7fe10fe32bdec8bc086e871e41eb5f4f6ecbcb7b4f2fe0d92d831405f?s=96&d=mm&r=g\",\"caption\":\"Jornal Ponto Mais\"},\"sameAs\":[\"https:\/\/jornalpontomais.com\/site\",\"jornalpontomais\"],\"url\":\"https:\/\/jornalpontomais.com\/site\/author\/jornalpontomais\/\"}]}<\/script>\n<!-- \/ Yoast SEO plugin. -->","yoast_head_json":{"title":"\u201cGoi\u00e1s \u00e9 o estado que mais reduziu extrema pobreza\u201d, afirma Caiado no Lide RJ - Jornal Ponto Mais","robots":{"index":"index","follow":"follow","max-snippet":"max-snippet:-1","max-image-preview":"max-image-preview:large","max-video-preview":"max-video-preview:-1"},"canonical":"https:\/\/jornalpontomais.com\/site\/2024\/08\/17\/goias-e-o-estado-que-mais-reduziu-extrema-pobreza-afirma-caiado-no-lide-rj\/","og_locale":"pt_BR","og_type":"article","og_title":"\u201cGoi\u00e1s \u00e9 o estado que mais reduziu extrema pobreza\u201d, afirma Caiado no Lide RJ - Jornal Ponto Mais","og_description":"O governador Ronaldo Caiado participou como expositor da 23\u00aa edi\u00e7\u00e3o do F\u00f3rum Empresarial Lide, no Rio de Janeiro (RJ). A participa\u00e7\u00e3o no evento, que \u00e9 considerado um dos maiores espa\u00e7os para discuss\u00e3o de gest\u00e3o e pol\u00edticas p\u00fablicas no Brasil, ocorreu nesta sexta-feira (16\/08). \u201cGoi\u00e1s comemora o fato de ser o estado com menor n\u00famero de [&hellip;]","og_url":"https:\/\/jornalpontomais.com\/site\/2024\/08\/17\/goias-e-o-estado-que-mais-reduziu-extrema-pobreza-afirma-caiado-no-lide-rj\/","og_site_name":"Jornal Ponto Mais","article_published_time":"2024-08-17T14:21:23+00:00","og_image":[{"width":1215,"height":809,"url":"https:\/\/jornalpontomais.com\/site\/wp-content\/uploads\/2024\/08\/Caiado-no-LIDE-Secom-1215x809.jpeg.webp","type":"image\/webp"}],"author":"Jornal Ponto Mais","twitter_card":"summary_large_image","twitter_misc":{"Escrito por":"Jornal Ponto Mais","Est. tempo de leitura":"3 minutos"},"schema":{"@context":"https:\/\/schema.org","@graph":[{"@type":"Article","@id":"https:\/\/jornalpontomais.com\/site\/2024\/08\/17\/goias-e-o-estado-que-mais-reduziu-extrema-pobreza-afirma-caiado-no-lide-rj\/#article","isPartOf":{"@id":"https:\/\/jornalpontomais.com\/site\/2024\/08\/17\/goias-e-o-estado-que-mais-reduziu-extrema-pobreza-afirma-caiado-no-lide-rj\/"},"author":{"name":"Jornal Ponto Mais","@id":"https:\/\/jornalpontomais.com\/site\/#\/schema\/person\/18323f0b0f1355f2490721c48389fe9d"},"headline":"\u201cGoi\u00e1s \u00e9 o estado que mais reduziu extrema pobreza\u201d, afirma Caiado no Lide RJ","datePublished":"2024-08-17T14:21:23+00:00","mainEntityOfPage":{"@id":"https:\/\/jornalpontomais.com\/site\/2024\/08\/17\/goias-e-o-estado-que-mais-reduziu-extrema-pobreza-afirma-caiado-no-lide-rj\/"},"wordCount":528,"commentCount":0,"publisher":{"@id":"https:\/\/jornalpontomais.com\/site\/#organization"},"image":{"@id":"https:\/\/jornalpontomais.com\/site\/2024\/08\/17\/goias-e-o-estado-que-mais-reduziu-extrema-pobreza-afirma-caiado-no-lide-rj\/#primaryimage"},"thumbnailUrl":"https:\/\/jornalpontomais.com\/site\/wp-content\/uploads\/2024\/08\/Caiado-no-LIDE-Secom-1215x809.jpeg.webp","articleSection":["Pol\u00edtica"],"inLanguage":"pt-BR","potentialAction":[{"@type":"CommentAction","name":"Comment","target":["https:\/\/jornalpontomais.com\/site\/2024\/08\/17\/goias-e-o-estado-que-mais-reduziu-extrema-pobreza-afirma-caiado-no-lide-rj\/#respond"]}]},{"@type":"WebPage","@id":"https:\/\/jornalpontomais.com\/site\/2024\/08\/17\/goias-e-o-estado-que-mais-reduziu-extrema-pobreza-afirma-caiado-no-lide-rj\/","url":"https:\/\/jornalpontomais.com\/site\/2024\/08\/17\/goias-e-o-estado-que-mais-reduziu-extrema-pobreza-afirma-caiado-no-lide-rj\/","name":"\u201cGoi\u00e1s \u00e9 o estado que mais reduziu extrema pobreza\u201d, afirma Caiado no Lide RJ - Jornal Ponto Mais","isPartOf":{"@id":"https:\/\/jornalpontomais.com\/site\/#website"},"primaryImageOfPage":{"@id":"https:\/\/jornalpontomais.com\/site\/2024\/08\/17\/goias-e-o-estado-que-mais-reduziu-extrema-pobreza-afirma-caiado-no-lide-rj\/#primaryimage"},"image":{"@id":"https:\/\/jornalpontomais.com\/site\/2024\/08\/17\/goias-e-o-estado-que-mais-reduziu-extrema-pobreza-afirma-caiado-no-lide-rj\/#primaryimage"},"thumbnailUrl":"https:\/\/jornalpontomais.com\/site\/wp-content\/uploads\/2024\/08\/Caiado-no-LIDE-Secom-1215x809.jpeg.webp","datePublished":"2024-08-17T14:21:23+00:00","breadcrumb":{"@id":"https:\/\/jornalpontomais.com\/site\/2024\/08\/17\/goias-e-o-estado-que-mais-reduziu-extrema-pobreza-afirma-caiado-no-lide-rj\/#breadcrumb"},"inLanguage":"pt-BR","potentialAction":[{"@type":"ReadAction","target":["https:\/\/jornalpontomais.com\/site\/2024\/08\/17\/goias-e-o-estado-que-mais-reduziu-extrema-pobreza-afirma-caiado-no-lide-rj\/"]}]},{"@type":"ImageObject","inLanguage":"pt-BR","@id":"https:\/\/jornalpontomais.com\/site\/2024\/08\/17\/goias-e-o-estado-que-mais-reduziu-extrema-pobreza-afirma-caiado-no-lide-rj\/#primaryimage","url":"https:\/\/jornalpontomais.com\/site\/wp-content\/uploads\/2024\/08\/Caiado-no-LIDE-Secom-1215x809.jpeg.webp","contentUrl":"https:\/\/jornalpontomais.com\/site\/wp-content\/uploads\/2024\/08\/Caiado-no-LIDE-Secom-1215x809.jpeg.webp","width":1215,"height":809},{"@type":"BreadcrumbList","@id":"https:\/\/jornalpontomais.com\/site\/2024\/08\/17\/goias-e-o-estado-que-mais-reduziu-extrema-pobreza-afirma-caiado-no-lide-rj\/#breadcrumb","itemListElement":[{"@type":"ListItem","position":1,"name":"In\u00edcio","item":"https:\/\/jornalpontomais.com\/site\/"},{"@type":"ListItem","position":2,"name":"\u201cGoi\u00e1s \u00e9 o estado que mais reduziu extrema pobreza\u201d, afirma Caiado no Lide RJ"}]},{"@type":"WebSite","@id":"https:\/\/jornalpontomais.com\/site\/#website","url":"https:\/\/jornalpontomais.com\/site\/","name":"Jornal Ponto Mais","description":"As principais not\u00edcias do Brasil e do mundo. Confira!","publisher":{"@id":"https:\/\/jornalpontomais.com\/site\/#organization"},"potentialAction":[{"@type":"SearchAction","target":{"@type":"EntryPoint","urlTemplate":"https:\/\/jornalpontomais.com\/site\/?s={search_term_string}"},"query-input":{"@type":"PropertyValueSpecification","valueRequired":true,"valueName":"search_term_string"}}],"inLanguage":"pt-BR"},{"@type":"Organization","@id":"https:\/\/jornalpontomais.com\/site\/#organization","name":"Jornal Ponto+","url":"https:\/\/jornalpontomais.com\/site\/","logo":{"@type":"ImageObject","inLanguage":"pt-BR","@id":"https:\/\/jornalpontomais.com\/site\/#\/schema\/logo\/image\/","url":"https:\/\/jornalpontomais.com\/site\/wp-content\/uploads\/2022\/01\/marca.png","contentUrl":"https:\/\/jornalpontomais.com\/site\/wp-content\/uploads\/2022\/01\/marca.png","width":582,"height":148,"caption":"Jornal Ponto+"},"image":{"@id":"https:\/\/jornalpontomais.com\/site\/#\/schema\/logo\/image\/"}},{"@type":"Person","@id":"https:\/\/jornalpontomais.com\/site\/#\/schema\/person\/18323f0b0f1355f2490721c48389fe9d","name":"Jornal Ponto Mais","image":{"@type":"ImageObject","inLanguage":"pt-BR","@id":"https:\/\/secure.gravatar.com\/avatar\/2ee0a9b7fe10fe32bdec8bc086e871e41eb5f4f6ecbcb7b4f2fe0d92d831405f?s=96&d=mm&r=g","url":"https:\/\/secure.gravatar.com\/avatar\/2ee0a9b7fe10fe32bdec8bc086e871e41eb5f4f6ecbcb7b4f2fe0d92d831405f?s=96&d=mm&r=g","contentUrl":"https:\/\/secure.gravatar.com\/avatar\/2ee0a9b7fe10fe32bdec8bc086e871e41eb5f4f6ecbcb7b4f2fe0d92d831405f?s=96&d=mm&r=g","caption":"Jornal Ponto Mais"},"sameAs":["https:\/\/jornalpontomais.com\/site","jornalpontomais"],"url":"https:\/\/jornalpontomais.com\/site\/author\/jornalpontomais\/"}]}},"_links":{"self":[{"href":"https:\/\/jornalpontomais.com\/site\/wp-json\/wp\/v2\/posts\/14667","targetHints":{"allow":["GET"]}}],"collection":[{"href":"https:\/\/jornalpontomais.com\/site\/wp-json\/wp\/v2\/posts"}],"about":[{"href":"https:\/\/jornalpontomais.com\/site\/wp-json\/wp\/v2\/types\/post"}],"author":[{"embeddable":true,"href":"https:\/\/jornalpontomais.com\/site\/wp-json\/wp\/v2\/users\/2"}],"replies":[{"embeddable":true,"href":"https:\/\/jornalpontomais.com\/site\/wp-json\/wp\/v2\/comments?post=14667"}],"version-history":[{"count":1,"href":"https:\/\/jornalpontomais.com\/site\/wp-json\/wp\/v2\/posts\/14667\/revisions"}],"predecessor-version":[{"id":14669,"href":"https:\/\/jornalpontomais.com\/site\/wp-json\/wp\/v2\/posts\/14667\/revisions\/14669"}],"wp:featuredmedia":[{"embeddable":true,"href":"https:\/\/jornalpontomais.com\/site\/wp-json\/wp\/v2\/media\/14668"}],"wp:attachment":[{"href":"https:\/\/jornalpontomais.com\/site\/wp-json\/wp\/v2\/media?parent=14667"}],"wp:term":[{"taxonomy":"category","embeddable":true,"href":"https:\/\/jornalpontomais.com\/site\/wp-json\/wp\/v2\/categories?post=14667"},{"taxonomy":"post_tag","embeddable":true,"href":"https:\/\/jornalpontomais.com\/site\/wp-json\/wp\/v2\/tags?post=14667"}],"curies":[{"name":"wp","href":"https:\/\/api.w.org\/{rel}","templated":true}]}}