{"id":14633,"date":"2024-08-15T14:31:40","date_gmt":"2024-08-15T17:31:40","guid":{"rendered":"https:\/\/jornalpontomais.com\/site\/?p=14633"},"modified":"2024-08-15T14:32:22","modified_gmt":"2024-08-15T17:32:22","slug":"leandro-vilela-anuncia-gustavo-mendanha-como-coordenador-geral-da-campanha-e-possivel-secretario","status":"publish","type":"post","link":"https:\/\/jornalpontomais.com\/site\/2024\/08\/15\/leandro-vilela-anuncia-gustavo-mendanha-como-coordenador-geral-da-campanha-e-possivel-secretario\/","title":{"rendered":"Leandro Vilela anuncia Gustavo Mendanha como coordenador-geral da campanha e poss\u00edvel secret\u00e1rio"},"content":{"rendered":"\n<p><em>Ex-prefeito destacou que aceita convite por amor a cidade de Aparecida<\/em><\/p>\n\n\n\n<p>O ex-prefeito Gustavo Mendanha (MDB) foi anunciado nesta quinta-feira (15) como coordenador-geral da campanha de Leandro Vilela (MDB) a prefeito de Aparecida de Goi\u00e2nia. O candidato destacou as qualidades de Mendanha como gestor e l\u00edder pol\u00edtico e revelou tamb\u00e9m que, se for eleito, o ex-prefeito ter\u00e1 fun\u00e7\u00e3o de destaque na gest\u00e3o municipal.<br><br><\/p>\n\n\n\n<p>\u201cMais do que anunciar Gustavo como coordenador-geral da nossa campanha, tamb\u00e9m eu fiz um convite muito especial a ele. Num gesto de humildade e amor por Aparecida, o Gustavo aceitou o nosso desafio de integrar nossa equipe de governo, ocupando fun\u00e7\u00f5es, para governarmos juntos, caso nosso projeto seja vitorioso\u201d, afirmou Leandro Vilela durante entrevista coletiva.<br><br><\/p>\n\n\n\n<p>\u201cCom Maguito e Gustavo Mendanha, Aparecida viveu um ciclo de muitas entregas e realiza\u00e7\u00f5es. \u00c9 neles que me inspiro. E ao lado deles, e tamb\u00e9m ao lado do nosso governador, Ronaldo Caiado, do nosso vice, Jo\u00e3o Campos e, principalmente, ao lado dos aparecidenses, vamos garantir que Aparecida seja a melhor cidade para se viver em Goi\u00e1s\u201d, destacou o candidato a prefeito.<br><br><\/p>\n\n\n\n<p>Gustavo Mendanha agradeceu o convite e enfatizou que tem responsabilidade de assegurar os avan\u00e7os conquistados nos \u00faltimos anos. \u201cEu n\u00e3o poderia, num momento t\u00e3o importante da hist\u00f3ria de Aparecida, me furtar de participar do processo eleitoral. Tive convites para coordenar campanha em outras cidades e at\u00e9 ser secret\u00e1rio em outros estados. Mas minha vida est\u00e1 em Aparecida. Meu amor \u00e9 por essa cidade. E o Leandro \u00e9 o \u00fanico candidato que est\u00e1 preparado para dar sequ\u00eancia ao projeto de desenvolvimento que implantamos em Aparecida\u201d, afirmou Mendanha.<br><br><\/p>\n\n\n\n<p>Sobre ter aceitado convite de participar da gest\u00e3o de Leandro Vilela, Mendanha acrescentou: \u201cEu n\u00e3o diria, Leandro, que meu gesto n\u00e3o \u00e9 nem de humildade, mas de gratid\u00e3o, de reconhecimento \u00e0 import\u00e2ncia que Aparecida tem na minha vida. Aceito o desafio com muita felicidade e entusiasmo com o que podemos construir juntos para nossa gente\u201d, complementou, acrescentando ainda que a parceria com o governador Caiado dar\u00e1 uma capacidade ainda maior de realiza\u00e7\u00e3o para a gest\u00e3o municipal.<\/p>\n","protected":false},"excerpt":{"rendered":"<p>Ex-prefeito destacou que aceita convite por amor a cidade de Aparecida O ex-prefeito Gustavo Mendanha (MDB) foi anunciado nesta quinta-feira (15) como coordenador-geral da campanha de Leandro Vilela (MDB) a prefeito de Aparecida de Goi\u00e2nia. O candidato destacou as qualidades de Mendanha como gestor e l\u00edder pol\u00edtico e revelou tamb\u00e9m que, se for eleito, o [&hellip;]<\/p>\n","protected":false},"author":2,"featured_media":14634,"comment_status":"open","ping_status":"open","sticky":false,"template":"","format":"standard","meta":{"om_disable_all_campaigns":false,"_monsterinsights_skip_tracking":false,"_monsterinsights_sitenote_active":false,"_monsterinsights_sitenote_note":"","_monsterinsights_sitenote_category":0,"footnotes":""},"categories":[1],"tags":[],"class_list":["post-14633","post","type-post","status-publish","format-standard","has-post-thumbnail","hentry","category-politica"],"yoast_head":"<!-- This site is optimized with the Yoast SEO plugin v27.2 - https:\/\/yoast.com\/product\/yoast-seo-wordpress\/ -->\n<title>Leandro Vilela anuncia Gustavo Mendanha como coordenador-geral da campanha e poss\u00edvel secret\u00e1rio - Jornal Ponto Mais<\/title>\n<meta name=\"robots\" content=\"index, follow, max-snippet:-1, max-image-preview:large, max-video-preview:-1\" \/>\n<link rel=\"canonical\" href=\"https:\/\/jornalpontomais.com\/site\/2024\/08\/15\/leandro-vilela-anuncia-gustavo-mendanha-como-coordenador-geral-da-campanha-e-possivel-secretario\/\" \/>\n<meta property=\"og:locale\" content=\"pt_BR\" \/>\n<meta property=\"og:type\" content=\"article\" \/>\n<meta property=\"og:title\" content=\"Leandro Vilela anuncia Gustavo Mendanha como coordenador-geral da campanha e poss\u00edvel secret\u00e1rio - Jornal Ponto Mais\" \/>\n<meta property=\"og:description\" content=\"Ex-prefeito destacou que aceita convite por amor a cidade de Aparecida O ex-prefeito Gustavo Mendanha (MDB) foi anunciado nesta quinta-feira (15) como coordenador-geral da campanha de Leandro Vilela (MDB) a prefeito de Aparecida de Goi\u00e2nia. O candidato destacou as qualidades de Mendanha como gestor e l\u00edder pol\u00edtico e revelou tamb\u00e9m que, se for eleito, o [&hellip;]\" \/>\n<meta property=\"og:url\" content=\"https:\/\/jornalpontomais.com\/site\/2024\/08\/15\/leandro-vilela-anuncia-gustavo-mendanha-como-coordenador-geral-da-campanha-e-possivel-secretario\/\" \/>\n<meta property=\"og:site_name\" content=\"Jornal Ponto Mais\" \/>\n<meta property=\"article:published_time\" content=\"2024-08-15T17:31:40+00:00\" \/>\n<meta property=\"article:modified_time\" content=\"2024-08-15T17:32:22+00:00\" \/>\n<meta property=\"og:image\" content=\"https:\/\/jornalpontomais.com\/site\/wp-content\/uploads\/2024\/08\/Leandro-vilela-coletiva-780x470-1.jpg\" \/>\n\t<meta property=\"og:image:width\" content=\"780\" \/>\n\t<meta property=\"og:image:height\" content=\"470\" \/>\n\t<meta property=\"og:image:type\" content=\"image\/jpeg\" \/>\n<meta name=\"author\" content=\"Jornal Ponto Mais\" \/>\n<meta name=\"twitter:card\" content=\"summary_large_image\" \/>\n<meta name=\"twitter:label1\" content=\"Escrito por\" \/>\n\t<meta name=\"twitter:data1\" content=\"Jornal Ponto Mais\" \/>\n\t<meta name=\"twitter:label2\" content=\"Est. tempo de leitura\" \/>\n\t<meta name=\"twitter:data2\" content=\"2 minutos\" \/>\n<script type=\"application\/ld+json\" class=\"yoast-schema-graph\">{\"@context\":\"https:\/\/schema.org\",\"@graph\":[{\"@type\":\"Article\",\"@id\":\"https:\/\/jornalpontomais.com\/site\/2024\/08\/15\/leandro-vilela-anuncia-gustavo-mendanha-como-coordenador-geral-da-campanha-e-possivel-secretario\/#article\",\"isPartOf\":{\"@id\":\"https:\/\/jornalpontomais.com\/site\/2024\/08\/15\/leandro-vilela-anuncia-gustavo-mendanha-como-coordenador-geral-da-campanha-e-possivel-secretario\/\"},\"author\":{\"name\":\"Jornal Ponto Mais\",\"@id\":\"https:\/\/jornalpontomais.com\/site\/#\/schema\/person\/18323f0b0f1355f2490721c48389fe9d\"},\"headline\":\"Leandro Vilela anuncia Gustavo Mendanha como coordenador-geral da campanha e poss\u00edvel secret\u00e1rio\",\"datePublished\":\"2024-08-15T17:31:40+00:00\",\"dateModified\":\"2024-08-15T17:32:22+00:00\",\"mainEntityOfPage\":{\"@id\":\"https:\/\/jornalpontomais.com\/site\/2024\/08\/15\/leandro-vilela-anuncia-gustavo-mendanha-como-coordenador-geral-da-campanha-e-possivel-secretario\/\"},\"wordCount\":374,\"commentCount\":0,\"publisher\":{\"@id\":\"https:\/\/jornalpontomais.com\/site\/#organization\"},\"image\":{\"@id\":\"https:\/\/jornalpontomais.com\/site\/2024\/08\/15\/leandro-vilela-anuncia-gustavo-mendanha-como-coordenador-geral-da-campanha-e-possivel-secretario\/#primaryimage\"},\"thumbnailUrl\":\"https:\/\/jornalpontomais.com\/site\/wp-content\/uploads\/2024\/08\/Leandro-vilela-coletiva-780x470-1.jpg\",\"articleSection\":[\"Pol\u00edtica\"],\"inLanguage\":\"pt-BR\",\"potentialAction\":[{\"@type\":\"CommentAction\",\"name\":\"Comment\",\"target\":[\"https:\/\/jornalpontomais.com\/site\/2024\/08\/15\/leandro-vilela-anuncia-gustavo-mendanha-como-coordenador-geral-da-campanha-e-possivel-secretario\/#respond\"]}]},{\"@type\":\"WebPage\",\"@id\":\"https:\/\/jornalpontomais.com\/site\/2024\/08\/15\/leandro-vilela-anuncia-gustavo-mendanha-como-coordenador-geral-da-campanha-e-possivel-secretario\/\",\"url\":\"https:\/\/jornalpontomais.com\/site\/2024\/08\/15\/leandro-vilela-anuncia-gustavo-mendanha-como-coordenador-geral-da-campanha-e-possivel-secretario\/\",\"name\":\"Leandro Vilela anuncia Gustavo Mendanha como coordenador-geral da campanha e poss\u00edvel secret\u00e1rio - Jornal Ponto Mais\",\"isPartOf\":{\"@id\":\"https:\/\/jornalpontomais.com\/site\/#website\"},\"primaryImageOfPage\":{\"@id\":\"https:\/\/jornalpontomais.com\/site\/2024\/08\/15\/leandro-vilela-anuncia-gustavo-mendanha-como-coordenador-geral-da-campanha-e-possivel-secretario\/#primaryimage\"},\"image\":{\"@id\":\"https:\/\/jornalpontomais.com\/site\/2024\/08\/15\/leandro-vilela-anuncia-gustavo-mendanha-como-coordenador-geral-da-campanha-e-possivel-secretario\/#primaryimage\"},\"thumbnailUrl\":\"https:\/\/jornalpontomais.com\/site\/wp-content\/uploads\/2024\/08\/Leandro-vilela-coletiva-780x470-1.jpg\",\"datePublished\":\"2024-08-15T17:31:40+00:00\",\"dateModified\":\"2024-08-15T17:32:22+00:00\",\"breadcrumb\":{\"@id\":\"https:\/\/jornalpontomais.com\/site\/2024\/08\/15\/leandro-vilela-anuncia-gustavo-mendanha-como-coordenador-geral-da-campanha-e-possivel-secretario\/#breadcrumb\"},\"inLanguage\":\"pt-BR\",\"potentialAction\":[{\"@type\":\"ReadAction\",\"target\":[\"https:\/\/jornalpontomais.com\/site\/2024\/08\/15\/leandro-vilela-anuncia-gustavo-mendanha-como-coordenador-geral-da-campanha-e-possivel-secretario\/\"]}]},{\"@type\":\"ImageObject\",\"inLanguage\":\"pt-BR\",\"@id\":\"https:\/\/jornalpontomais.com\/site\/2024\/08\/15\/leandro-vilela-anuncia-gustavo-mendanha-como-coordenador-geral-da-campanha-e-possivel-secretario\/#primaryimage\",\"url\":\"https:\/\/jornalpontomais.com\/site\/wp-content\/uploads\/2024\/08\/Leandro-vilela-coletiva-780x470-1.jpg\",\"contentUrl\":\"https:\/\/jornalpontomais.com\/site\/wp-content\/uploads\/2024\/08\/Leandro-vilela-coletiva-780x470-1.jpg\",\"width\":780,\"height\":470},{\"@type\":\"BreadcrumbList\",\"@id\":\"https:\/\/jornalpontomais.com\/site\/2024\/08\/15\/leandro-vilela-anuncia-gustavo-mendanha-como-coordenador-geral-da-campanha-e-possivel-secretario\/#breadcrumb\",\"itemListElement\":[{\"@type\":\"ListItem\",\"position\":1,\"name\":\"In\u00edcio\",\"item\":\"https:\/\/jornalpontomais.com\/site\/\"},{\"@type\":\"ListItem\",\"position\":2,\"name\":\"Leandro Vilela anuncia Gustavo Mendanha como coordenador-geral da campanha e poss\u00edvel secret\u00e1rio\"}]},{\"@type\":\"WebSite\",\"@id\":\"https:\/\/jornalpontomais.com\/site\/#website\",\"url\":\"https:\/\/jornalpontomais.com\/site\/\",\"name\":\"Jornal Ponto Mais\",\"description\":\"As principais not\u00edcias do Brasil e do mundo. Confira!\",\"publisher\":{\"@id\":\"https:\/\/jornalpontomais.com\/site\/#organization\"},\"potentialAction\":[{\"@type\":\"SearchAction\",\"target\":{\"@type\":\"EntryPoint\",\"urlTemplate\":\"https:\/\/jornalpontomais.com\/site\/?s={search_term_string}\"},\"query-input\":{\"@type\":\"PropertyValueSpecification\",\"valueRequired\":true,\"valueName\":\"search_term_string\"}}],\"inLanguage\":\"pt-BR\"},{\"@type\":\"Organization\",\"@id\":\"https:\/\/jornalpontomais.com\/site\/#organization\",\"name\":\"Jornal Ponto+\",\"url\":\"https:\/\/jornalpontomais.com\/site\/\",\"logo\":{\"@type\":\"ImageObject\",\"inLanguage\":\"pt-BR\",\"@id\":\"https:\/\/jornalpontomais.com\/site\/#\/schema\/logo\/image\/\",\"url\":\"https:\/\/jornalpontomais.com\/site\/wp-content\/uploads\/2022\/01\/marca.png\",\"contentUrl\":\"https:\/\/jornalpontomais.com\/site\/wp-content\/uploads\/2022\/01\/marca.png\",\"width\":582,\"height\":148,\"caption\":\"Jornal Ponto+\"},\"image\":{\"@id\":\"https:\/\/jornalpontomais.com\/site\/#\/schema\/logo\/image\/\"}},{\"@type\":\"Person\",\"@id\":\"https:\/\/jornalpontomais.com\/site\/#\/schema\/person\/18323f0b0f1355f2490721c48389fe9d\",\"name\":\"Jornal Ponto Mais\",\"image\":{\"@type\":\"ImageObject\",\"inLanguage\":\"pt-BR\",\"@id\":\"https:\/\/secure.gravatar.com\/avatar\/2ee0a9b7fe10fe32bdec8bc086e871e41eb5f4f6ecbcb7b4f2fe0d92d831405f?s=96&d=mm&r=g\",\"url\":\"https:\/\/secure.gravatar.com\/avatar\/2ee0a9b7fe10fe32bdec8bc086e871e41eb5f4f6ecbcb7b4f2fe0d92d831405f?s=96&d=mm&r=g\",\"contentUrl\":\"https:\/\/secure.gravatar.com\/avatar\/2ee0a9b7fe10fe32bdec8bc086e871e41eb5f4f6ecbcb7b4f2fe0d92d831405f?s=96&d=mm&r=g\",\"caption\":\"Jornal Ponto Mais\"},\"sameAs\":[\"https:\/\/jornalpontomais.com\/site\",\"jornalpontomais\"],\"url\":\"https:\/\/jornalpontomais.com\/site\/author\/jornalpontomais\/\"}]}<\/script>\n<!-- \/ Yoast SEO plugin. -->","yoast_head_json":{"title":"Leandro Vilela anuncia Gustavo Mendanha como coordenador-geral da campanha e poss\u00edvel secret\u00e1rio - Jornal Ponto Mais","robots":{"index":"index","follow":"follow","max-snippet":"max-snippet:-1","max-image-preview":"max-image-preview:large","max-video-preview":"max-video-preview:-1"},"canonical":"https:\/\/jornalpontomais.com\/site\/2024\/08\/15\/leandro-vilela-anuncia-gustavo-mendanha-como-coordenador-geral-da-campanha-e-possivel-secretario\/","og_locale":"pt_BR","og_type":"article","og_title":"Leandro Vilela anuncia Gustavo Mendanha como coordenador-geral da campanha e poss\u00edvel secret\u00e1rio - Jornal Ponto Mais","og_description":"Ex-prefeito destacou que aceita convite por amor a cidade de Aparecida O ex-prefeito Gustavo Mendanha (MDB) foi anunciado nesta quinta-feira (15) como coordenador-geral da campanha de Leandro Vilela (MDB) a prefeito de Aparecida de Goi\u00e2nia. O candidato destacou as qualidades de Mendanha como gestor e l\u00edder pol\u00edtico e revelou tamb\u00e9m que, se for eleito, o [&hellip;]","og_url":"https:\/\/jornalpontomais.com\/site\/2024\/08\/15\/leandro-vilela-anuncia-gustavo-mendanha-como-coordenador-geral-da-campanha-e-possivel-secretario\/","og_site_name":"Jornal Ponto Mais","article_published_time":"2024-08-15T17:31:40+00:00","article_modified_time":"2024-08-15T17:32:22+00:00","og_image":[{"width":780,"height":470,"url":"https:\/\/jornalpontomais.com\/site\/wp-content\/uploads\/2024\/08\/Leandro-vilela-coletiva-780x470-1.jpg","type":"image\/jpeg"}],"author":"Jornal Ponto Mais","twitter_card":"summary_large_image","twitter_misc":{"Escrito por":"Jornal Ponto Mais","Est. tempo de leitura":"2 minutos"},"schema":{"@context":"https:\/\/schema.org","@graph":[{"@type":"Article","@id":"https:\/\/jornalpontomais.com\/site\/2024\/08\/15\/leandro-vilela-anuncia-gustavo-mendanha-como-coordenador-geral-da-campanha-e-possivel-secretario\/#article","isPartOf":{"@id":"https:\/\/jornalpontomais.com\/site\/2024\/08\/15\/leandro-vilela-anuncia-gustavo-mendanha-como-coordenador-geral-da-campanha-e-possivel-secretario\/"},"author":{"name":"Jornal Ponto Mais","@id":"https:\/\/jornalpontomais.com\/site\/#\/schema\/person\/18323f0b0f1355f2490721c48389fe9d"},"headline":"Leandro Vilela anuncia Gustavo Mendanha como coordenador-geral da campanha e poss\u00edvel secret\u00e1rio","datePublished":"2024-08-15T17:31:40+00:00","dateModified":"2024-08-15T17:32:22+00:00","mainEntityOfPage":{"@id":"https:\/\/jornalpontomais.com\/site\/2024\/08\/15\/leandro-vilela-anuncia-gustavo-mendanha-como-coordenador-geral-da-campanha-e-possivel-secretario\/"},"wordCount":374,"commentCount":0,"publisher":{"@id":"https:\/\/jornalpontomais.com\/site\/#organization"},"image":{"@id":"https:\/\/jornalpontomais.com\/site\/2024\/08\/15\/leandro-vilela-anuncia-gustavo-mendanha-como-coordenador-geral-da-campanha-e-possivel-secretario\/#primaryimage"},"thumbnailUrl":"https:\/\/jornalpontomais.com\/site\/wp-content\/uploads\/2024\/08\/Leandro-vilela-coletiva-780x470-1.jpg","articleSection":["Pol\u00edtica"],"inLanguage":"pt-BR","potentialAction":[{"@type":"CommentAction","name":"Comment","target":["https:\/\/jornalpontomais.com\/site\/2024\/08\/15\/leandro-vilela-anuncia-gustavo-mendanha-como-coordenador-geral-da-campanha-e-possivel-secretario\/#respond"]}]},{"@type":"WebPage","@id":"https:\/\/jornalpontomais.com\/site\/2024\/08\/15\/leandro-vilela-anuncia-gustavo-mendanha-como-coordenador-geral-da-campanha-e-possivel-secretario\/","url":"https:\/\/jornalpontomais.com\/site\/2024\/08\/15\/leandro-vilela-anuncia-gustavo-mendanha-como-coordenador-geral-da-campanha-e-possivel-secretario\/","name":"Leandro Vilela anuncia Gustavo Mendanha como coordenador-geral da campanha e poss\u00edvel secret\u00e1rio - Jornal Ponto Mais","isPartOf":{"@id":"https:\/\/jornalpontomais.com\/site\/#website"},"primaryImageOfPage":{"@id":"https:\/\/jornalpontomais.com\/site\/2024\/08\/15\/leandro-vilela-anuncia-gustavo-mendanha-como-coordenador-geral-da-campanha-e-possivel-secretario\/#primaryimage"},"image":{"@id":"https:\/\/jornalpontomais.com\/site\/2024\/08\/15\/leandro-vilela-anuncia-gustavo-mendanha-como-coordenador-geral-da-campanha-e-possivel-secretario\/#primaryimage"},"thumbnailUrl":"https:\/\/jornalpontomais.com\/site\/wp-content\/uploads\/2024\/08\/Leandro-vilela-coletiva-780x470-1.jpg","datePublished":"2024-08-15T17:31:40+00:00","dateModified":"2024-08-15T17:32:22+00:00","breadcrumb":{"@id":"https:\/\/jornalpontomais.com\/site\/2024\/08\/15\/leandro-vilela-anuncia-gustavo-mendanha-como-coordenador-geral-da-campanha-e-possivel-secretario\/#breadcrumb"},"inLanguage":"pt-BR","potentialAction":[{"@type":"ReadAction","target":["https:\/\/jornalpontomais.com\/site\/2024\/08\/15\/leandro-vilela-anuncia-gustavo-mendanha-como-coordenador-geral-da-campanha-e-possivel-secretario\/"]}]},{"@type":"ImageObject","inLanguage":"pt-BR","@id":"https:\/\/jornalpontomais.com\/site\/2024\/08\/15\/leandro-vilela-anuncia-gustavo-mendanha-como-coordenador-geral-da-campanha-e-possivel-secretario\/#primaryimage","url":"https:\/\/jornalpontomais.com\/site\/wp-content\/uploads\/2024\/08\/Leandro-vilela-coletiva-780x470-1.jpg","contentUrl":"https:\/\/jornalpontomais.com\/site\/wp-content\/uploads\/2024\/08\/Leandro-vilela-coletiva-780x470-1.jpg","width":780,"height":470},{"@type":"BreadcrumbList","@id":"https:\/\/jornalpontomais.com\/site\/2024\/08\/15\/leandro-vilela-anuncia-gustavo-mendanha-como-coordenador-geral-da-campanha-e-possivel-secretario\/#breadcrumb","itemListElement":[{"@type":"ListItem","position":1,"name":"In\u00edcio","item":"https:\/\/jornalpontomais.com\/site\/"},{"@type":"ListItem","position":2,"name":"Leandro Vilela anuncia Gustavo Mendanha como coordenador-geral da campanha e poss\u00edvel secret\u00e1rio"}]},{"@type":"WebSite","@id":"https:\/\/jornalpontomais.com\/site\/#website","url":"https:\/\/jornalpontomais.com\/site\/","name":"Jornal Ponto Mais","description":"As principais not\u00edcias do Brasil e do mundo. Confira!","publisher":{"@id":"https:\/\/jornalpontomais.com\/site\/#organization"},"potentialAction":[{"@type":"SearchAction","target":{"@type":"EntryPoint","urlTemplate":"https:\/\/jornalpontomais.com\/site\/?s={search_term_string}"},"query-input":{"@type":"PropertyValueSpecification","valueRequired":true,"valueName":"search_term_string"}}],"inLanguage":"pt-BR"},{"@type":"Organization","@id":"https:\/\/jornalpontomais.com\/site\/#organization","name":"Jornal Ponto+","url":"https:\/\/jornalpontomais.com\/site\/","logo":{"@type":"ImageObject","inLanguage":"pt-BR","@id":"https:\/\/jornalpontomais.com\/site\/#\/schema\/logo\/image\/","url":"https:\/\/jornalpontomais.com\/site\/wp-content\/uploads\/2022\/01\/marca.png","contentUrl":"https:\/\/jornalpontomais.com\/site\/wp-content\/uploads\/2022\/01\/marca.png","width":582,"height":148,"caption":"Jornal Ponto+"},"image":{"@id":"https:\/\/jornalpontomais.com\/site\/#\/schema\/logo\/image\/"}},{"@type":"Person","@id":"https:\/\/jornalpontomais.com\/site\/#\/schema\/person\/18323f0b0f1355f2490721c48389fe9d","name":"Jornal Ponto Mais","image":{"@type":"ImageObject","inLanguage":"pt-BR","@id":"https:\/\/secure.gravatar.com\/avatar\/2ee0a9b7fe10fe32bdec8bc086e871e41eb5f4f6ecbcb7b4f2fe0d92d831405f?s=96&d=mm&r=g","url":"https:\/\/secure.gravatar.com\/avatar\/2ee0a9b7fe10fe32bdec8bc086e871e41eb5f4f6ecbcb7b4f2fe0d92d831405f?s=96&d=mm&r=g","contentUrl":"https:\/\/secure.gravatar.com\/avatar\/2ee0a9b7fe10fe32bdec8bc086e871e41eb5f4f6ecbcb7b4f2fe0d92d831405f?s=96&d=mm&r=g","caption":"Jornal Ponto Mais"},"sameAs":["https:\/\/jornalpontomais.com\/site","jornalpontomais"],"url":"https:\/\/jornalpontomais.com\/site\/author\/jornalpontomais\/"}]}},"_links":{"self":[{"href":"https:\/\/jornalpontomais.com\/site\/wp-json\/wp\/v2\/posts\/14633","targetHints":{"allow":["GET"]}}],"collection":[{"href":"https:\/\/jornalpontomais.com\/site\/wp-json\/wp\/v2\/posts"}],"about":[{"href":"https:\/\/jornalpontomais.com\/site\/wp-json\/wp\/v2\/types\/post"}],"author":[{"embeddable":true,"href":"https:\/\/jornalpontomais.com\/site\/wp-json\/wp\/v2\/users\/2"}],"replies":[{"embeddable":true,"href":"https:\/\/jornalpontomais.com\/site\/wp-json\/wp\/v2\/comments?post=14633"}],"version-history":[{"count":2,"href":"https:\/\/jornalpontomais.com\/site\/wp-json\/wp\/v2\/posts\/14633\/revisions"}],"predecessor-version":[{"id":14636,"href":"https:\/\/jornalpontomais.com\/site\/wp-json\/wp\/v2\/posts\/14633\/revisions\/14636"}],"wp:featuredmedia":[{"embeddable":true,"href":"https:\/\/jornalpontomais.com\/site\/wp-json\/wp\/v2\/media\/14634"}],"wp:attachment":[{"href":"https:\/\/jornalpontomais.com\/site\/wp-json\/wp\/v2\/media?parent=14633"}],"wp:term":[{"taxonomy":"category","embeddable":true,"href":"https:\/\/jornalpontomais.com\/site\/wp-json\/wp\/v2\/categories?post=14633"},{"taxonomy":"post_tag","embeddable":true,"href":"https:\/\/jornalpontomais.com\/site\/wp-json\/wp\/v2\/tags?post=14633"}],"curies":[{"name":"wp","href":"https:\/\/api.w.org\/{rel}","templated":true}]}}