{"id":14080,"date":"2024-07-12T08:52:02","date_gmt":"2024-07-12T11:52:02","guid":{"rendered":"https:\/\/jornalpontomais.com\/site\/?p=14080"},"modified":"2024-07-12T08:52:02","modified_gmt":"2024-07-12T11:52:02","slug":"comercio-goiano-cresce-pelo-6o-mes-seguido","status":"publish","type":"post","link":"https:\/\/jornalpontomais.com\/site\/2024\/07\/12\/comercio-goiano-cresce-pelo-6o-mes-seguido\/","title":{"rendered":"Com\u00e9rcio goiano cresce pelo 6\u00ba m\u00eas seguido"},"content":{"rendered":"\n<p>O setor de com\u00e9rcio varejista goiano cresceu pelo sexto m\u00eas seguido, na varia\u00e7\u00e3o interanual, ap\u00f3s alta de 9% no m\u00eas de maio, na compara\u00e7\u00e3o com o mesmo m\u00eas de 2023. Os dados foram apurados pelo\u00a0Instituto Mauro Borges (IMB), a partir da Pesquisa Mensal do Com\u00e9rcio (PMC), publicada pelo Instituto Brasileiro de Geografia e Estat\u00edstica (IBGE).<br><br><\/p>\n\n\n\n<p>Para o governador Ronaldo Caiado, o desempenho do setor reflete o bom momento da economia goiana como um todo. \u201cGoi\u00e1s cresce acima da m\u00e9dia nacional porque aqui existe um ambiente prop\u00edcio para investir, produzir e consumir: tem seguran\u00e7a, tem cr\u00e9dito, tem est\u00edmulo ao desenvolvimento, tem programa de capacita\u00e7\u00e3o, tem incentivo \u00e0 inova\u00e7\u00e3o\u201d, enumera ele.<br><br><\/p>\n\n\n\n<p>O avan\u00e7o de 9% na varia\u00e7\u00e3o interanual \u00e9 o melhor para este indicador desde mar\u00e7o de 2022. Na varia\u00e7\u00e3o acumulada no ano, o com\u00e9rcio goiano tamb\u00e9m apresentou crescimento de 6%, o maior registrado desde maio de 2014. J\u00e1 na varia\u00e7\u00e3o acumulada em 12 meses, o aumento foi de 3,1%.<br><br><\/p>\n\n\n\n<p>A alta no m\u00eas de maio foi puxada, principalmente, pelas vendas de artigos farmac\u00eauticos, m\u00e9dicos, ortop\u00e9dicos, de perfumaria e cosm\u00e9ticos, seguida pela venda de outros artigos de uso pessoal e dom\u00e9stico e hipermercados e supermercados.<br><br><\/p>\n\n\n\n<p>No com\u00e9rcio varejista ampliado, Goi\u00e1s obteve crescimento de 20% na varia\u00e7\u00e3o interanual, na compara\u00e7\u00e3o entre maio deste ano contra maio de 2023. Este foi o segundo melhor resultado entre os estados pesquisados. A alta foi puxada pela venda de ve\u00edculos, motocicletas, partes e pe\u00e7as.<br><br><\/p>\n\n\n\n<p>\u201cO com\u00e9rcio goiano segue apresentando crescimentos not\u00e1veis. Pelo sexto m\u00eas seguido registramos aumentos que s\u00e3o extremamente importantes para o desenvolvimento da nossa economia\u201d, pontua o secret\u00e1rio-Geral de Governo, Adriano da Rocha Lima.<br><br><\/p>\n\n\n\n<p><strong>Sobre a pesquisa<\/strong><\/p>\n\n\n\n<p>A Pesquisa Mensal de Com\u00e9rcio (PMC) produz indicadores que permitem acompanhar o comportamento conjuntural do com\u00e9rcio varejista no pa\u00eds, investigando a receita bruta de revenda nas empresas formalmente constitu\u00eddas, com 20 ou mais pessoas ocupadas, e cuja atividade principal \u00e9 o com\u00e9rcio varejista.<\/p>\n","protected":false},"excerpt":{"rendered":"<p>O setor de com\u00e9rcio varejista goiano cresceu pelo sexto m\u00eas seguido, na varia\u00e7\u00e3o interanual, ap\u00f3s alta de 9% no m\u00eas de maio, na compara\u00e7\u00e3o com o mesmo m\u00eas de 2023. Os dados foram apurados pelo\u00a0Instituto Mauro Borges (IMB), a partir da Pesquisa Mensal do Com\u00e9rcio (PMC), publicada pelo Instituto Brasileiro de Geografia e Estat\u00edstica (IBGE). [&hellip;]<\/p>\n","protected":false},"author":2,"featured_media":14081,"comment_status":"open","ping_status":"open","sticky":true,"template":"","format":"standard","meta":{"om_disable_all_campaigns":false,"_monsterinsights_skip_tracking":false,"_monsterinsights_sitenote_active":false,"_monsterinsights_sitenote_note":"","_monsterinsights_sitenote_category":0,"footnotes":""},"categories":[37],"tags":[],"class_list":["post-14080","post","type-post","status-publish","format-standard","has-post-thumbnail","hentry","category-economia"],"yoast_head":"<!-- This site is optimized with the Yoast SEO plugin v27.2 - https:\/\/yoast.com\/product\/yoast-seo-wordpress\/ -->\n<title>Com\u00e9rcio goiano cresce pelo 6\u00ba m\u00eas seguido - Jornal Ponto Mais<\/title>\n<meta name=\"robots\" content=\"index, follow, max-snippet:-1, max-image-preview:large, max-video-preview:-1\" \/>\n<link rel=\"canonical\" href=\"https:\/\/jornalpontomais.com\/site\/2024\/07\/12\/comercio-goiano-cresce-pelo-6o-mes-seguido\/\" \/>\n<meta property=\"og:locale\" content=\"pt_BR\" \/>\n<meta property=\"og:type\" content=\"article\" \/>\n<meta property=\"og:title\" content=\"Com\u00e9rcio goiano cresce pelo 6\u00ba m\u00eas seguido - Jornal Ponto Mais\" \/>\n<meta property=\"og:description\" content=\"O setor de com\u00e9rcio varejista goiano cresceu pelo sexto m\u00eas seguido, na varia\u00e7\u00e3o interanual, ap\u00f3s alta de 9% no m\u00eas de maio, na compara\u00e7\u00e3o com o mesmo m\u00eas de 2023. Os dados foram apurados pelo\u00a0Instituto Mauro Borges (IMB), a partir da Pesquisa Mensal do Com\u00e9rcio (PMC), publicada pelo Instituto Brasileiro de Geografia e Estat\u00edstica (IBGE). [&hellip;]\" \/>\n<meta property=\"og:url\" content=\"https:\/\/jornalpontomais.com\/site\/2024\/07\/12\/comercio-goiano-cresce-pelo-6o-mes-seguido\/\" \/>\n<meta property=\"og:site_name\" content=\"Jornal Ponto Mais\" \/>\n<meta property=\"article:published_time\" content=\"2024-07-12T11:52:02+00:00\" \/>\n<meta property=\"og:image\" content=\"https:\/\/jornalpontomais.com\/site\/wp-content\/uploads\/2024\/07\/SGG-COMERCIO-GOIANO-CRESCE-PELO-SEXTO-MES-SEGUIDO.jpeg.webp\" \/>\n\t<meta property=\"og:image:width\" content=\"875\" \/>\n\t<meta property=\"og:image:height\" content=\"485\" \/>\n\t<meta property=\"og:image:type\" content=\"image\/webp\" \/>\n<meta name=\"author\" content=\"Jornal Ponto Mais\" \/>\n<meta name=\"twitter:card\" content=\"summary_large_image\" \/>\n<meta name=\"twitter:label1\" content=\"Escrito por\" \/>\n\t<meta name=\"twitter:data1\" content=\"Jornal Ponto Mais\" \/>\n\t<meta name=\"twitter:label2\" content=\"Est. tempo de leitura\" \/>\n\t<meta name=\"twitter:data2\" content=\"2 minutos\" \/>\n<script type=\"application\/ld+json\" class=\"yoast-schema-graph\">{\"@context\":\"https:\/\/schema.org\",\"@graph\":[{\"@type\":\"Article\",\"@id\":\"https:\/\/jornalpontomais.com\/site\/2024\/07\/12\/comercio-goiano-cresce-pelo-6o-mes-seguido\/#article\",\"isPartOf\":{\"@id\":\"https:\/\/jornalpontomais.com\/site\/2024\/07\/12\/comercio-goiano-cresce-pelo-6o-mes-seguido\/\"},\"author\":{\"name\":\"Jornal Ponto Mais\",\"@id\":\"https:\/\/jornalpontomais.com\/site\/#\/schema\/person\/18323f0b0f1355f2490721c48389fe9d\"},\"headline\":\"Com\u00e9rcio goiano cresce pelo 6\u00ba m\u00eas seguido\",\"datePublished\":\"2024-07-12T11:52:02+00:00\",\"mainEntityOfPage\":{\"@id\":\"https:\/\/jornalpontomais.com\/site\/2024\/07\/12\/comercio-goiano-cresce-pelo-6o-mes-seguido\/\"},\"wordCount\":356,\"commentCount\":0,\"publisher\":{\"@id\":\"https:\/\/jornalpontomais.com\/site\/#organization\"},\"image\":{\"@id\":\"https:\/\/jornalpontomais.com\/site\/2024\/07\/12\/comercio-goiano-cresce-pelo-6o-mes-seguido\/#primaryimage\"},\"thumbnailUrl\":\"https:\/\/jornalpontomais.com\/site\/wp-content\/uploads\/2024\/07\/SGG-COMERCIO-GOIANO-CRESCE-PELO-SEXTO-MES-SEGUIDO.jpeg.webp\",\"articleSection\":[\"Economia\"],\"inLanguage\":\"pt-BR\",\"potentialAction\":[{\"@type\":\"CommentAction\",\"name\":\"Comment\",\"target\":[\"https:\/\/jornalpontomais.com\/site\/2024\/07\/12\/comercio-goiano-cresce-pelo-6o-mes-seguido\/#respond\"]}]},{\"@type\":\"WebPage\",\"@id\":\"https:\/\/jornalpontomais.com\/site\/2024\/07\/12\/comercio-goiano-cresce-pelo-6o-mes-seguido\/\",\"url\":\"https:\/\/jornalpontomais.com\/site\/2024\/07\/12\/comercio-goiano-cresce-pelo-6o-mes-seguido\/\",\"name\":\"Com\u00e9rcio goiano cresce pelo 6\u00ba m\u00eas seguido - Jornal Ponto Mais\",\"isPartOf\":{\"@id\":\"https:\/\/jornalpontomais.com\/site\/#website\"},\"primaryImageOfPage\":{\"@id\":\"https:\/\/jornalpontomais.com\/site\/2024\/07\/12\/comercio-goiano-cresce-pelo-6o-mes-seguido\/#primaryimage\"},\"image\":{\"@id\":\"https:\/\/jornalpontomais.com\/site\/2024\/07\/12\/comercio-goiano-cresce-pelo-6o-mes-seguido\/#primaryimage\"},\"thumbnailUrl\":\"https:\/\/jornalpontomais.com\/site\/wp-content\/uploads\/2024\/07\/SGG-COMERCIO-GOIANO-CRESCE-PELO-SEXTO-MES-SEGUIDO.jpeg.webp\",\"datePublished\":\"2024-07-12T11:52:02+00:00\",\"breadcrumb\":{\"@id\":\"https:\/\/jornalpontomais.com\/site\/2024\/07\/12\/comercio-goiano-cresce-pelo-6o-mes-seguido\/#breadcrumb\"},\"inLanguage\":\"pt-BR\",\"potentialAction\":[{\"@type\":\"ReadAction\",\"target\":[\"https:\/\/jornalpontomais.com\/site\/2024\/07\/12\/comercio-goiano-cresce-pelo-6o-mes-seguido\/\"]}]},{\"@type\":\"ImageObject\",\"inLanguage\":\"pt-BR\",\"@id\":\"https:\/\/jornalpontomais.com\/site\/2024\/07\/12\/comercio-goiano-cresce-pelo-6o-mes-seguido\/#primaryimage\",\"url\":\"https:\/\/jornalpontomais.com\/site\/wp-content\/uploads\/2024\/07\/SGG-COMERCIO-GOIANO-CRESCE-PELO-SEXTO-MES-SEGUIDO.jpeg.webp\",\"contentUrl\":\"https:\/\/jornalpontomais.com\/site\/wp-content\/uploads\/2024\/07\/SGG-COMERCIO-GOIANO-CRESCE-PELO-SEXTO-MES-SEGUIDO.jpeg.webp\",\"width\":875,\"height\":485},{\"@type\":\"BreadcrumbList\",\"@id\":\"https:\/\/jornalpontomais.com\/site\/2024\/07\/12\/comercio-goiano-cresce-pelo-6o-mes-seguido\/#breadcrumb\",\"itemListElement\":[{\"@type\":\"ListItem\",\"position\":1,\"name\":\"In\u00edcio\",\"item\":\"https:\/\/jornalpontomais.com\/site\/\"},{\"@type\":\"ListItem\",\"position\":2,\"name\":\"Com\u00e9rcio goiano cresce pelo 6\u00ba m\u00eas seguido\"}]},{\"@type\":\"WebSite\",\"@id\":\"https:\/\/jornalpontomais.com\/site\/#website\",\"url\":\"https:\/\/jornalpontomais.com\/site\/\",\"name\":\"Jornal Ponto Mais\",\"description\":\"As principais not\u00edcias do Brasil e do mundo. Confira!\",\"publisher\":{\"@id\":\"https:\/\/jornalpontomais.com\/site\/#organization\"},\"potentialAction\":[{\"@type\":\"SearchAction\",\"target\":{\"@type\":\"EntryPoint\",\"urlTemplate\":\"https:\/\/jornalpontomais.com\/site\/?s={search_term_string}\"},\"query-input\":{\"@type\":\"PropertyValueSpecification\",\"valueRequired\":true,\"valueName\":\"search_term_string\"}}],\"inLanguage\":\"pt-BR\"},{\"@type\":\"Organization\",\"@id\":\"https:\/\/jornalpontomais.com\/site\/#organization\",\"name\":\"Jornal Ponto+\",\"url\":\"https:\/\/jornalpontomais.com\/site\/\",\"logo\":{\"@type\":\"ImageObject\",\"inLanguage\":\"pt-BR\",\"@id\":\"https:\/\/jornalpontomais.com\/site\/#\/schema\/logo\/image\/\",\"url\":\"https:\/\/jornalpontomais.com\/site\/wp-content\/uploads\/2022\/01\/marca.png\",\"contentUrl\":\"https:\/\/jornalpontomais.com\/site\/wp-content\/uploads\/2022\/01\/marca.png\",\"width\":582,\"height\":148,\"caption\":\"Jornal Ponto+\"},\"image\":{\"@id\":\"https:\/\/jornalpontomais.com\/site\/#\/schema\/logo\/image\/\"}},{\"@type\":\"Person\",\"@id\":\"https:\/\/jornalpontomais.com\/site\/#\/schema\/person\/18323f0b0f1355f2490721c48389fe9d\",\"name\":\"Jornal Ponto Mais\",\"image\":{\"@type\":\"ImageObject\",\"inLanguage\":\"pt-BR\",\"@id\":\"https:\/\/secure.gravatar.com\/avatar\/2ee0a9b7fe10fe32bdec8bc086e871e41eb5f4f6ecbcb7b4f2fe0d92d831405f?s=96&d=mm&r=g\",\"url\":\"https:\/\/secure.gravatar.com\/avatar\/2ee0a9b7fe10fe32bdec8bc086e871e41eb5f4f6ecbcb7b4f2fe0d92d831405f?s=96&d=mm&r=g\",\"contentUrl\":\"https:\/\/secure.gravatar.com\/avatar\/2ee0a9b7fe10fe32bdec8bc086e871e41eb5f4f6ecbcb7b4f2fe0d92d831405f?s=96&d=mm&r=g\",\"caption\":\"Jornal Ponto Mais\"},\"sameAs\":[\"https:\/\/jornalpontomais.com\/site\",\"jornalpontomais\"],\"url\":\"https:\/\/jornalpontomais.com\/site\/author\/jornalpontomais\/\"}]}<\/script>\n<!-- \/ Yoast SEO plugin. -->","yoast_head_json":{"title":"Com\u00e9rcio goiano cresce pelo 6\u00ba m\u00eas seguido - Jornal Ponto Mais","robots":{"index":"index","follow":"follow","max-snippet":"max-snippet:-1","max-image-preview":"max-image-preview:large","max-video-preview":"max-video-preview:-1"},"canonical":"https:\/\/jornalpontomais.com\/site\/2024\/07\/12\/comercio-goiano-cresce-pelo-6o-mes-seguido\/","og_locale":"pt_BR","og_type":"article","og_title":"Com\u00e9rcio goiano cresce pelo 6\u00ba m\u00eas seguido - Jornal Ponto Mais","og_description":"O setor de com\u00e9rcio varejista goiano cresceu pelo sexto m\u00eas seguido, na varia\u00e7\u00e3o interanual, ap\u00f3s alta de 9% no m\u00eas de maio, na compara\u00e7\u00e3o com o mesmo m\u00eas de 2023. Os dados foram apurados pelo\u00a0Instituto Mauro Borges (IMB), a partir da Pesquisa Mensal do Com\u00e9rcio (PMC), publicada pelo Instituto Brasileiro de Geografia e Estat\u00edstica (IBGE). [&hellip;]","og_url":"https:\/\/jornalpontomais.com\/site\/2024\/07\/12\/comercio-goiano-cresce-pelo-6o-mes-seguido\/","og_site_name":"Jornal Ponto Mais","article_published_time":"2024-07-12T11:52:02+00:00","og_image":[{"width":875,"height":485,"url":"https:\/\/jornalpontomais.com\/site\/wp-content\/uploads\/2024\/07\/SGG-COMERCIO-GOIANO-CRESCE-PELO-SEXTO-MES-SEGUIDO.jpeg.webp","type":"image\/webp"}],"author":"Jornal Ponto Mais","twitter_card":"summary_large_image","twitter_misc":{"Escrito por":"Jornal Ponto Mais","Est. tempo de leitura":"2 minutos"},"schema":{"@context":"https:\/\/schema.org","@graph":[{"@type":"Article","@id":"https:\/\/jornalpontomais.com\/site\/2024\/07\/12\/comercio-goiano-cresce-pelo-6o-mes-seguido\/#article","isPartOf":{"@id":"https:\/\/jornalpontomais.com\/site\/2024\/07\/12\/comercio-goiano-cresce-pelo-6o-mes-seguido\/"},"author":{"name":"Jornal Ponto Mais","@id":"https:\/\/jornalpontomais.com\/site\/#\/schema\/person\/18323f0b0f1355f2490721c48389fe9d"},"headline":"Com\u00e9rcio goiano cresce pelo 6\u00ba m\u00eas seguido","datePublished":"2024-07-12T11:52:02+00:00","mainEntityOfPage":{"@id":"https:\/\/jornalpontomais.com\/site\/2024\/07\/12\/comercio-goiano-cresce-pelo-6o-mes-seguido\/"},"wordCount":356,"commentCount":0,"publisher":{"@id":"https:\/\/jornalpontomais.com\/site\/#organization"},"image":{"@id":"https:\/\/jornalpontomais.com\/site\/2024\/07\/12\/comercio-goiano-cresce-pelo-6o-mes-seguido\/#primaryimage"},"thumbnailUrl":"https:\/\/jornalpontomais.com\/site\/wp-content\/uploads\/2024\/07\/SGG-COMERCIO-GOIANO-CRESCE-PELO-SEXTO-MES-SEGUIDO.jpeg.webp","articleSection":["Economia"],"inLanguage":"pt-BR","potentialAction":[{"@type":"CommentAction","name":"Comment","target":["https:\/\/jornalpontomais.com\/site\/2024\/07\/12\/comercio-goiano-cresce-pelo-6o-mes-seguido\/#respond"]}]},{"@type":"WebPage","@id":"https:\/\/jornalpontomais.com\/site\/2024\/07\/12\/comercio-goiano-cresce-pelo-6o-mes-seguido\/","url":"https:\/\/jornalpontomais.com\/site\/2024\/07\/12\/comercio-goiano-cresce-pelo-6o-mes-seguido\/","name":"Com\u00e9rcio goiano cresce pelo 6\u00ba m\u00eas seguido - Jornal Ponto Mais","isPartOf":{"@id":"https:\/\/jornalpontomais.com\/site\/#website"},"primaryImageOfPage":{"@id":"https:\/\/jornalpontomais.com\/site\/2024\/07\/12\/comercio-goiano-cresce-pelo-6o-mes-seguido\/#primaryimage"},"image":{"@id":"https:\/\/jornalpontomais.com\/site\/2024\/07\/12\/comercio-goiano-cresce-pelo-6o-mes-seguido\/#primaryimage"},"thumbnailUrl":"https:\/\/jornalpontomais.com\/site\/wp-content\/uploads\/2024\/07\/SGG-COMERCIO-GOIANO-CRESCE-PELO-SEXTO-MES-SEGUIDO.jpeg.webp","datePublished":"2024-07-12T11:52:02+00:00","breadcrumb":{"@id":"https:\/\/jornalpontomais.com\/site\/2024\/07\/12\/comercio-goiano-cresce-pelo-6o-mes-seguido\/#breadcrumb"},"inLanguage":"pt-BR","potentialAction":[{"@type":"ReadAction","target":["https:\/\/jornalpontomais.com\/site\/2024\/07\/12\/comercio-goiano-cresce-pelo-6o-mes-seguido\/"]}]},{"@type":"ImageObject","inLanguage":"pt-BR","@id":"https:\/\/jornalpontomais.com\/site\/2024\/07\/12\/comercio-goiano-cresce-pelo-6o-mes-seguido\/#primaryimage","url":"https:\/\/jornalpontomais.com\/site\/wp-content\/uploads\/2024\/07\/SGG-COMERCIO-GOIANO-CRESCE-PELO-SEXTO-MES-SEGUIDO.jpeg.webp","contentUrl":"https:\/\/jornalpontomais.com\/site\/wp-content\/uploads\/2024\/07\/SGG-COMERCIO-GOIANO-CRESCE-PELO-SEXTO-MES-SEGUIDO.jpeg.webp","width":875,"height":485},{"@type":"BreadcrumbList","@id":"https:\/\/jornalpontomais.com\/site\/2024\/07\/12\/comercio-goiano-cresce-pelo-6o-mes-seguido\/#breadcrumb","itemListElement":[{"@type":"ListItem","position":1,"name":"In\u00edcio","item":"https:\/\/jornalpontomais.com\/site\/"},{"@type":"ListItem","position":2,"name":"Com\u00e9rcio goiano cresce pelo 6\u00ba m\u00eas seguido"}]},{"@type":"WebSite","@id":"https:\/\/jornalpontomais.com\/site\/#website","url":"https:\/\/jornalpontomais.com\/site\/","name":"Jornal Ponto Mais","description":"As principais not\u00edcias do Brasil e do mundo. Confira!","publisher":{"@id":"https:\/\/jornalpontomais.com\/site\/#organization"},"potentialAction":[{"@type":"SearchAction","target":{"@type":"EntryPoint","urlTemplate":"https:\/\/jornalpontomais.com\/site\/?s={search_term_string}"},"query-input":{"@type":"PropertyValueSpecification","valueRequired":true,"valueName":"search_term_string"}}],"inLanguage":"pt-BR"},{"@type":"Organization","@id":"https:\/\/jornalpontomais.com\/site\/#organization","name":"Jornal Ponto+","url":"https:\/\/jornalpontomais.com\/site\/","logo":{"@type":"ImageObject","inLanguage":"pt-BR","@id":"https:\/\/jornalpontomais.com\/site\/#\/schema\/logo\/image\/","url":"https:\/\/jornalpontomais.com\/site\/wp-content\/uploads\/2022\/01\/marca.png","contentUrl":"https:\/\/jornalpontomais.com\/site\/wp-content\/uploads\/2022\/01\/marca.png","width":582,"height":148,"caption":"Jornal Ponto+"},"image":{"@id":"https:\/\/jornalpontomais.com\/site\/#\/schema\/logo\/image\/"}},{"@type":"Person","@id":"https:\/\/jornalpontomais.com\/site\/#\/schema\/person\/18323f0b0f1355f2490721c48389fe9d","name":"Jornal Ponto Mais","image":{"@type":"ImageObject","inLanguage":"pt-BR","@id":"https:\/\/secure.gravatar.com\/avatar\/2ee0a9b7fe10fe32bdec8bc086e871e41eb5f4f6ecbcb7b4f2fe0d92d831405f?s=96&d=mm&r=g","url":"https:\/\/secure.gravatar.com\/avatar\/2ee0a9b7fe10fe32bdec8bc086e871e41eb5f4f6ecbcb7b4f2fe0d92d831405f?s=96&d=mm&r=g","contentUrl":"https:\/\/secure.gravatar.com\/avatar\/2ee0a9b7fe10fe32bdec8bc086e871e41eb5f4f6ecbcb7b4f2fe0d92d831405f?s=96&d=mm&r=g","caption":"Jornal Ponto Mais"},"sameAs":["https:\/\/jornalpontomais.com\/site","jornalpontomais"],"url":"https:\/\/jornalpontomais.com\/site\/author\/jornalpontomais\/"}]}},"_links":{"self":[{"href":"https:\/\/jornalpontomais.com\/site\/wp-json\/wp\/v2\/posts\/14080","targetHints":{"allow":["GET"]}}],"collection":[{"href":"https:\/\/jornalpontomais.com\/site\/wp-json\/wp\/v2\/posts"}],"about":[{"href":"https:\/\/jornalpontomais.com\/site\/wp-json\/wp\/v2\/types\/post"}],"author":[{"embeddable":true,"href":"https:\/\/jornalpontomais.com\/site\/wp-json\/wp\/v2\/users\/2"}],"replies":[{"embeddable":true,"href":"https:\/\/jornalpontomais.com\/site\/wp-json\/wp\/v2\/comments?post=14080"}],"version-history":[{"count":1,"href":"https:\/\/jornalpontomais.com\/site\/wp-json\/wp\/v2\/posts\/14080\/revisions"}],"predecessor-version":[{"id":14082,"href":"https:\/\/jornalpontomais.com\/site\/wp-json\/wp\/v2\/posts\/14080\/revisions\/14082"}],"wp:featuredmedia":[{"embeddable":true,"href":"https:\/\/jornalpontomais.com\/site\/wp-json\/wp\/v2\/media\/14081"}],"wp:attachment":[{"href":"https:\/\/jornalpontomais.com\/site\/wp-json\/wp\/v2\/media?parent=14080"}],"wp:term":[{"taxonomy":"category","embeddable":true,"href":"https:\/\/jornalpontomais.com\/site\/wp-json\/wp\/v2\/categories?post=14080"},{"taxonomy":"post_tag","embeddable":true,"href":"https:\/\/jornalpontomais.com\/site\/wp-json\/wp\/v2\/tags?post=14080"}],"curies":[{"name":"wp","href":"https:\/\/api.w.org\/{rel}","templated":true}]}}