{"id":13946,"date":"2024-07-04T09:21:18","date_gmt":"2024-07-04T12:21:18","guid":{"rendered":"https:\/\/jornalpontomais.com\/site\/?p=13946"},"modified":"2024-07-04T14:51:49","modified_gmt":"2024-07-04T17:51:49","slug":"goias-defende-ajustes-em-projetos-que-regulamentam-reforma-tributaria","status":"publish","type":"post","link":"https:\/\/jornalpontomais.com\/site\/2024\/07\/04\/goias-defende-ajustes-em-projetos-que-regulamentam-reforma-tributaria\/","title":{"rendered":"Goi\u00e1s defende ajustes em projetos que regulamentam Reforma Tribut\u00e1ria"},"content":{"rendered":"\n<p>O secret\u00e1rio da Economia, S\u00e9rvulo Nogueira, representou o governador Ronaldo Caiado nesta ter\u00e7a-feira (2\/07) em audi\u00eancia p\u00fablica na C\u00e2mara dos Deputados sobre os projetos de leis complementares da Reforma Tribut\u00e1ria. As propostas tratam da institui\u00e7\u00e3o do Imposto sobre Bens e Servi\u00e7os (IBS), seu comit\u00ea gestor e a distribui\u00e7\u00e3o de receitas.<br><br><\/p>\n\n\n\n<p>Ele destacou as preocupa\u00e7\u00f5es dos estados discutidas no \u00e2mbito do Comit\u00ea Nacional de Secret\u00e1rios de Fazenda, Finan\u00e7as, Receita ou Tributa\u00e7\u00e3o dos Estados e do Distrito Federal (Comsefaz).<br><br><\/p>\n\n\n\n<p><strong>Reforma tribut\u00e1ria<\/strong><\/p>\n\n\n\n<p>O secret\u00e1rio enfatizou a necessidade de uma metodologia justa para financiar o comit\u00ea gestor. Criticou a atual proposta, que prev\u00ea o ressarcimento das despesas dos estados com base na Selic, e sugeriu que o reajuste seja feito pelo IPCA. \u201cA atualiza\u00e7\u00e3o deve ser equ\u00e2nime e condizente com aquilo que os estados devem arrecadar\u201d, afirmou.<br><br><\/p>\n\n\n\n<p>O secret\u00e1rio tamb\u00e9m abordou a fixa\u00e7\u00e3o das al\u00edquotas de combust\u00edveis, propondo que a refer\u00eancia seja os \u00faltimos 12 meses, em contraste com os 36 meses sugeridos no projeto. Ele argumentou que um per\u00edodo mais curto refletiria melhor as pr\u00e1ticas fiscais dos estados.<br><br><\/p>\n\n\n\n<p>Al\u00e9m disso, S\u00e9rvulo sugeriu a ado\u00e7\u00e3o da substitui\u00e7\u00e3o tribut\u00e1ria, para que a arrecada\u00e7\u00e3o do IBS n\u00e3o recaia completamente sobre o consumidor final.<br><br><\/p>\n\n\n\n<p>Por fim, o secret\u00e1rio destacou a import\u00e2ncia de respeitar as arrecada\u00e7\u00f5es dos fundos estaduais de combate \u00e0 pobreza. S\u00e9rvulo solicitou que cada estado mantivesse a al\u00edquota atual, citando como exemplo Goi\u00e1s, onde a taxa \u00e9 de 2,5%.<br><br><\/p>\n\n\n\n<p>\u201cEsses s\u00e3o os principais pontos que identificamos como propostas de altera\u00e7\u00e3o no texto geral\u201d, concluiu. O titular da\u00a0Economia\u00a0foi acompanhado na audi\u00eancia pelo\u00a0gerente de Representa\u00e7\u00e3o no Confaz e de Rela\u00e7\u00f5es Federativas da Secretaria, Elder Souto Pinto.<\/p>\n","protected":false},"excerpt":{"rendered":"<p>O secret\u00e1rio da Economia, S\u00e9rvulo Nogueira, representou o governador Ronaldo Caiado nesta ter\u00e7a-feira (2\/07) em audi\u00eancia p\u00fablica na C\u00e2mara dos Deputados sobre os projetos de leis complementares da Reforma Tribut\u00e1ria. As propostas tratam da institui\u00e7\u00e3o do Imposto sobre Bens e Servi\u00e7os (IBS), seu comit\u00ea gestor e a distribui\u00e7\u00e3o de receitas. Ele destacou as preocupa\u00e7\u00f5es dos [&hellip;]<\/p>\n","protected":false},"author":2,"featured_media":13947,"comment_status":"open","ping_status":"open","sticky":true,"template":"","format":"standard","meta":{"om_disable_all_campaigns":false,"_monsterinsights_skip_tracking":false,"_monsterinsights_sitenote_active":false,"_monsterinsights_sitenote_note":"","_monsterinsights_sitenote_category":0,"footnotes":""},"categories":[37],"tags":[],"class_list":["post-13946","post","type-post","status-publish","format-standard","has-post-thumbnail","hentry","category-economia"],"yoast_head":"<!-- This site is optimized with the Yoast SEO plugin v27.2 - https:\/\/yoast.com\/product\/yoast-seo-wordpress\/ -->\n<title>Goi\u00e1s defende ajustes em projetos que regulamentam Reforma Tribut\u00e1ria - Jornal Ponto Mais<\/title>\n<meta name=\"robots\" content=\"index, follow, max-snippet:-1, max-image-preview:large, max-video-preview:-1\" \/>\n<link rel=\"canonical\" href=\"https:\/\/jornalpontomais.com\/site\/2024\/07\/04\/goias-defende-ajustes-em-projetos-que-regulamentam-reforma-tributaria\/\" \/>\n<meta property=\"og:locale\" content=\"pt_BR\" \/>\n<meta property=\"og:type\" content=\"article\" \/>\n<meta property=\"og:title\" content=\"Goi\u00e1s defende ajustes em projetos que regulamentam Reforma Tribut\u00e1ria - Jornal Ponto Mais\" \/>\n<meta property=\"og:description\" content=\"O secret\u00e1rio da Economia, S\u00e9rvulo Nogueira, representou o governador Ronaldo Caiado nesta ter\u00e7a-feira (2\/07) em audi\u00eancia p\u00fablica na C\u00e2mara dos Deputados sobre os projetos de leis complementares da Reforma Tribut\u00e1ria. As propostas tratam da institui\u00e7\u00e3o do Imposto sobre Bens e Servi\u00e7os (IBS), seu comit\u00ea gestor e a distribui\u00e7\u00e3o de receitas. Ele destacou as preocupa\u00e7\u00f5es dos [&hellip;]\" \/>\n<meta property=\"og:url\" content=\"https:\/\/jornalpontomais.com\/site\/2024\/07\/04\/goias-defende-ajustes-em-projetos-que-regulamentam-reforma-tributaria\/\" \/>\n<meta property=\"og:site_name\" content=\"Jornal Ponto Mais\" \/>\n<meta property=\"article:published_time\" content=\"2024-07-04T12:21:18+00:00\" \/>\n<meta property=\"article:modified_time\" content=\"2024-07-04T17:51:49+00:00\" \/>\n<meta property=\"og:image\" content=\"https:\/\/jornalpontomais.com\/site\/wp-content\/uploads\/2024\/07\/Secretario-da-Economia-Servulo-Nogueira-1215x610.jpeg.webp\" \/>\n\t<meta property=\"og:image:width\" content=\"1215\" \/>\n\t<meta property=\"og:image:height\" content=\"610\" \/>\n\t<meta property=\"og:image:type\" content=\"image\/webp\" \/>\n<meta name=\"author\" content=\"Jornal Ponto Mais\" \/>\n<meta name=\"twitter:card\" content=\"summary_large_image\" \/>\n<meta name=\"twitter:label1\" content=\"Escrito por\" \/>\n\t<meta name=\"twitter:data1\" content=\"Jornal Ponto Mais\" \/>\n\t<meta name=\"twitter:label2\" content=\"Est. tempo de leitura\" \/>\n\t<meta name=\"twitter:data2\" content=\"2 minutos\" \/>\n<script type=\"application\/ld+json\" class=\"yoast-schema-graph\">{\"@context\":\"https:\/\/schema.org\",\"@graph\":[{\"@type\":\"Article\",\"@id\":\"https:\/\/jornalpontomais.com\/site\/2024\/07\/04\/goias-defende-ajustes-em-projetos-que-regulamentam-reforma-tributaria\/#article\",\"isPartOf\":{\"@id\":\"https:\/\/jornalpontomais.com\/site\/2024\/07\/04\/goias-defende-ajustes-em-projetos-que-regulamentam-reforma-tributaria\/\"},\"author\":{\"name\":\"Jornal Ponto Mais\",\"@id\":\"https:\/\/jornalpontomais.com\/site\/#\/schema\/person\/18323f0b0f1355f2490721c48389fe9d\"},\"headline\":\"Goi\u00e1s defende ajustes em projetos que regulamentam Reforma Tribut\u00e1ria\",\"datePublished\":\"2024-07-04T12:21:18+00:00\",\"dateModified\":\"2024-07-04T17:51:49+00:00\",\"mainEntityOfPage\":{\"@id\":\"https:\/\/jornalpontomais.com\/site\/2024\/07\/04\/goias-defende-ajustes-em-projetos-que-regulamentam-reforma-tributaria\/\"},\"wordCount\":321,\"commentCount\":0,\"publisher\":{\"@id\":\"https:\/\/jornalpontomais.com\/site\/#organization\"},\"image\":{\"@id\":\"https:\/\/jornalpontomais.com\/site\/2024\/07\/04\/goias-defende-ajustes-em-projetos-que-regulamentam-reforma-tributaria\/#primaryimage\"},\"thumbnailUrl\":\"https:\/\/jornalpontomais.com\/site\/wp-content\/uploads\/2024\/07\/Secretario-da-Economia-Servulo-Nogueira-1215x610.jpeg.webp\",\"articleSection\":[\"Economia\"],\"inLanguage\":\"pt-BR\",\"potentialAction\":[{\"@type\":\"CommentAction\",\"name\":\"Comment\",\"target\":[\"https:\/\/jornalpontomais.com\/site\/2024\/07\/04\/goias-defende-ajustes-em-projetos-que-regulamentam-reforma-tributaria\/#respond\"]}]},{\"@type\":\"WebPage\",\"@id\":\"https:\/\/jornalpontomais.com\/site\/2024\/07\/04\/goias-defende-ajustes-em-projetos-que-regulamentam-reforma-tributaria\/\",\"url\":\"https:\/\/jornalpontomais.com\/site\/2024\/07\/04\/goias-defende-ajustes-em-projetos-que-regulamentam-reforma-tributaria\/\",\"name\":\"Goi\u00e1s defende ajustes em projetos que regulamentam Reforma Tribut\u00e1ria - Jornal Ponto Mais\",\"isPartOf\":{\"@id\":\"https:\/\/jornalpontomais.com\/site\/#website\"},\"primaryImageOfPage\":{\"@id\":\"https:\/\/jornalpontomais.com\/site\/2024\/07\/04\/goias-defende-ajustes-em-projetos-que-regulamentam-reforma-tributaria\/#primaryimage\"},\"image\":{\"@id\":\"https:\/\/jornalpontomais.com\/site\/2024\/07\/04\/goias-defende-ajustes-em-projetos-que-regulamentam-reforma-tributaria\/#primaryimage\"},\"thumbnailUrl\":\"https:\/\/jornalpontomais.com\/site\/wp-content\/uploads\/2024\/07\/Secretario-da-Economia-Servulo-Nogueira-1215x610.jpeg.webp\",\"datePublished\":\"2024-07-04T12:21:18+00:00\",\"dateModified\":\"2024-07-04T17:51:49+00:00\",\"breadcrumb\":{\"@id\":\"https:\/\/jornalpontomais.com\/site\/2024\/07\/04\/goias-defende-ajustes-em-projetos-que-regulamentam-reforma-tributaria\/#breadcrumb\"},\"inLanguage\":\"pt-BR\",\"potentialAction\":[{\"@type\":\"ReadAction\",\"target\":[\"https:\/\/jornalpontomais.com\/site\/2024\/07\/04\/goias-defende-ajustes-em-projetos-que-regulamentam-reforma-tributaria\/\"]}]},{\"@type\":\"ImageObject\",\"inLanguage\":\"pt-BR\",\"@id\":\"https:\/\/jornalpontomais.com\/site\/2024\/07\/04\/goias-defende-ajustes-em-projetos-que-regulamentam-reforma-tributaria\/#primaryimage\",\"url\":\"https:\/\/jornalpontomais.com\/site\/wp-content\/uploads\/2024\/07\/Secretario-da-Economia-Servulo-Nogueira-1215x610.jpeg.webp\",\"contentUrl\":\"https:\/\/jornalpontomais.com\/site\/wp-content\/uploads\/2024\/07\/Secretario-da-Economia-Servulo-Nogueira-1215x610.jpeg.webp\",\"width\":1215,\"height\":610},{\"@type\":\"BreadcrumbList\",\"@id\":\"https:\/\/jornalpontomais.com\/site\/2024\/07\/04\/goias-defende-ajustes-em-projetos-que-regulamentam-reforma-tributaria\/#breadcrumb\",\"itemListElement\":[{\"@type\":\"ListItem\",\"position\":1,\"name\":\"In\u00edcio\",\"item\":\"https:\/\/jornalpontomais.com\/site\/\"},{\"@type\":\"ListItem\",\"position\":2,\"name\":\"Goi\u00e1s defende ajustes em projetos que regulamentam Reforma Tribut\u00e1ria\"}]},{\"@type\":\"WebSite\",\"@id\":\"https:\/\/jornalpontomais.com\/site\/#website\",\"url\":\"https:\/\/jornalpontomais.com\/site\/\",\"name\":\"Jornal Ponto Mais\",\"description\":\"As principais not\u00edcias do Brasil e do mundo. Confira!\",\"publisher\":{\"@id\":\"https:\/\/jornalpontomais.com\/site\/#organization\"},\"potentialAction\":[{\"@type\":\"SearchAction\",\"target\":{\"@type\":\"EntryPoint\",\"urlTemplate\":\"https:\/\/jornalpontomais.com\/site\/?s={search_term_string}\"},\"query-input\":{\"@type\":\"PropertyValueSpecification\",\"valueRequired\":true,\"valueName\":\"search_term_string\"}}],\"inLanguage\":\"pt-BR\"},{\"@type\":\"Organization\",\"@id\":\"https:\/\/jornalpontomais.com\/site\/#organization\",\"name\":\"Jornal Ponto+\",\"url\":\"https:\/\/jornalpontomais.com\/site\/\",\"logo\":{\"@type\":\"ImageObject\",\"inLanguage\":\"pt-BR\",\"@id\":\"https:\/\/jornalpontomais.com\/site\/#\/schema\/logo\/image\/\",\"url\":\"https:\/\/jornalpontomais.com\/site\/wp-content\/uploads\/2022\/01\/marca.png\",\"contentUrl\":\"https:\/\/jornalpontomais.com\/site\/wp-content\/uploads\/2022\/01\/marca.png\",\"width\":582,\"height\":148,\"caption\":\"Jornal Ponto+\"},\"image\":{\"@id\":\"https:\/\/jornalpontomais.com\/site\/#\/schema\/logo\/image\/\"}},{\"@type\":\"Person\",\"@id\":\"https:\/\/jornalpontomais.com\/site\/#\/schema\/person\/18323f0b0f1355f2490721c48389fe9d\",\"name\":\"Jornal Ponto Mais\",\"image\":{\"@type\":\"ImageObject\",\"inLanguage\":\"pt-BR\",\"@id\":\"https:\/\/secure.gravatar.com\/avatar\/2ee0a9b7fe10fe32bdec8bc086e871e41eb5f4f6ecbcb7b4f2fe0d92d831405f?s=96&d=mm&r=g\",\"url\":\"https:\/\/secure.gravatar.com\/avatar\/2ee0a9b7fe10fe32bdec8bc086e871e41eb5f4f6ecbcb7b4f2fe0d92d831405f?s=96&d=mm&r=g\",\"contentUrl\":\"https:\/\/secure.gravatar.com\/avatar\/2ee0a9b7fe10fe32bdec8bc086e871e41eb5f4f6ecbcb7b4f2fe0d92d831405f?s=96&d=mm&r=g\",\"caption\":\"Jornal Ponto Mais\"},\"sameAs\":[\"https:\/\/jornalpontomais.com\/site\",\"jornalpontomais\"],\"url\":\"https:\/\/jornalpontomais.com\/site\/author\/jornalpontomais\/\"}]}<\/script>\n<!-- \/ Yoast SEO plugin. -->","yoast_head_json":{"title":"Goi\u00e1s defende ajustes em projetos que regulamentam Reforma Tribut\u00e1ria - Jornal Ponto Mais","robots":{"index":"index","follow":"follow","max-snippet":"max-snippet:-1","max-image-preview":"max-image-preview:large","max-video-preview":"max-video-preview:-1"},"canonical":"https:\/\/jornalpontomais.com\/site\/2024\/07\/04\/goias-defende-ajustes-em-projetos-que-regulamentam-reforma-tributaria\/","og_locale":"pt_BR","og_type":"article","og_title":"Goi\u00e1s defende ajustes em projetos que regulamentam Reforma Tribut\u00e1ria - Jornal Ponto Mais","og_description":"O secret\u00e1rio da Economia, S\u00e9rvulo Nogueira, representou o governador Ronaldo Caiado nesta ter\u00e7a-feira (2\/07) em audi\u00eancia p\u00fablica na C\u00e2mara dos Deputados sobre os projetos de leis complementares da Reforma Tribut\u00e1ria. As propostas tratam da institui\u00e7\u00e3o do Imposto sobre Bens e Servi\u00e7os (IBS), seu comit\u00ea gestor e a distribui\u00e7\u00e3o de receitas. Ele destacou as preocupa\u00e7\u00f5es dos [&hellip;]","og_url":"https:\/\/jornalpontomais.com\/site\/2024\/07\/04\/goias-defende-ajustes-em-projetos-que-regulamentam-reforma-tributaria\/","og_site_name":"Jornal Ponto Mais","article_published_time":"2024-07-04T12:21:18+00:00","article_modified_time":"2024-07-04T17:51:49+00:00","og_image":[{"width":1215,"height":610,"url":"https:\/\/jornalpontomais.com\/site\/wp-content\/uploads\/2024\/07\/Secretario-da-Economia-Servulo-Nogueira-1215x610.jpeg.webp","type":"image\/webp"}],"author":"Jornal Ponto Mais","twitter_card":"summary_large_image","twitter_misc":{"Escrito por":"Jornal Ponto Mais","Est. tempo de leitura":"2 minutos"},"schema":{"@context":"https:\/\/schema.org","@graph":[{"@type":"Article","@id":"https:\/\/jornalpontomais.com\/site\/2024\/07\/04\/goias-defende-ajustes-em-projetos-que-regulamentam-reforma-tributaria\/#article","isPartOf":{"@id":"https:\/\/jornalpontomais.com\/site\/2024\/07\/04\/goias-defende-ajustes-em-projetos-que-regulamentam-reforma-tributaria\/"},"author":{"name":"Jornal Ponto Mais","@id":"https:\/\/jornalpontomais.com\/site\/#\/schema\/person\/18323f0b0f1355f2490721c48389fe9d"},"headline":"Goi\u00e1s defende ajustes em projetos que regulamentam Reforma Tribut\u00e1ria","datePublished":"2024-07-04T12:21:18+00:00","dateModified":"2024-07-04T17:51:49+00:00","mainEntityOfPage":{"@id":"https:\/\/jornalpontomais.com\/site\/2024\/07\/04\/goias-defende-ajustes-em-projetos-que-regulamentam-reforma-tributaria\/"},"wordCount":321,"commentCount":0,"publisher":{"@id":"https:\/\/jornalpontomais.com\/site\/#organization"},"image":{"@id":"https:\/\/jornalpontomais.com\/site\/2024\/07\/04\/goias-defende-ajustes-em-projetos-que-regulamentam-reforma-tributaria\/#primaryimage"},"thumbnailUrl":"https:\/\/jornalpontomais.com\/site\/wp-content\/uploads\/2024\/07\/Secretario-da-Economia-Servulo-Nogueira-1215x610.jpeg.webp","articleSection":["Economia"],"inLanguage":"pt-BR","potentialAction":[{"@type":"CommentAction","name":"Comment","target":["https:\/\/jornalpontomais.com\/site\/2024\/07\/04\/goias-defende-ajustes-em-projetos-que-regulamentam-reforma-tributaria\/#respond"]}]},{"@type":"WebPage","@id":"https:\/\/jornalpontomais.com\/site\/2024\/07\/04\/goias-defende-ajustes-em-projetos-que-regulamentam-reforma-tributaria\/","url":"https:\/\/jornalpontomais.com\/site\/2024\/07\/04\/goias-defende-ajustes-em-projetos-que-regulamentam-reforma-tributaria\/","name":"Goi\u00e1s defende ajustes em projetos que regulamentam Reforma Tribut\u00e1ria - Jornal Ponto Mais","isPartOf":{"@id":"https:\/\/jornalpontomais.com\/site\/#website"},"primaryImageOfPage":{"@id":"https:\/\/jornalpontomais.com\/site\/2024\/07\/04\/goias-defende-ajustes-em-projetos-que-regulamentam-reforma-tributaria\/#primaryimage"},"image":{"@id":"https:\/\/jornalpontomais.com\/site\/2024\/07\/04\/goias-defende-ajustes-em-projetos-que-regulamentam-reforma-tributaria\/#primaryimage"},"thumbnailUrl":"https:\/\/jornalpontomais.com\/site\/wp-content\/uploads\/2024\/07\/Secretario-da-Economia-Servulo-Nogueira-1215x610.jpeg.webp","datePublished":"2024-07-04T12:21:18+00:00","dateModified":"2024-07-04T17:51:49+00:00","breadcrumb":{"@id":"https:\/\/jornalpontomais.com\/site\/2024\/07\/04\/goias-defende-ajustes-em-projetos-que-regulamentam-reforma-tributaria\/#breadcrumb"},"inLanguage":"pt-BR","potentialAction":[{"@type":"ReadAction","target":["https:\/\/jornalpontomais.com\/site\/2024\/07\/04\/goias-defende-ajustes-em-projetos-que-regulamentam-reforma-tributaria\/"]}]},{"@type":"ImageObject","inLanguage":"pt-BR","@id":"https:\/\/jornalpontomais.com\/site\/2024\/07\/04\/goias-defende-ajustes-em-projetos-que-regulamentam-reforma-tributaria\/#primaryimage","url":"https:\/\/jornalpontomais.com\/site\/wp-content\/uploads\/2024\/07\/Secretario-da-Economia-Servulo-Nogueira-1215x610.jpeg.webp","contentUrl":"https:\/\/jornalpontomais.com\/site\/wp-content\/uploads\/2024\/07\/Secretario-da-Economia-Servulo-Nogueira-1215x610.jpeg.webp","width":1215,"height":610},{"@type":"BreadcrumbList","@id":"https:\/\/jornalpontomais.com\/site\/2024\/07\/04\/goias-defende-ajustes-em-projetos-que-regulamentam-reforma-tributaria\/#breadcrumb","itemListElement":[{"@type":"ListItem","position":1,"name":"In\u00edcio","item":"https:\/\/jornalpontomais.com\/site\/"},{"@type":"ListItem","position":2,"name":"Goi\u00e1s defende ajustes em projetos que regulamentam Reforma Tribut\u00e1ria"}]},{"@type":"WebSite","@id":"https:\/\/jornalpontomais.com\/site\/#website","url":"https:\/\/jornalpontomais.com\/site\/","name":"Jornal Ponto Mais","description":"As principais not\u00edcias do Brasil e do mundo. Confira!","publisher":{"@id":"https:\/\/jornalpontomais.com\/site\/#organization"},"potentialAction":[{"@type":"SearchAction","target":{"@type":"EntryPoint","urlTemplate":"https:\/\/jornalpontomais.com\/site\/?s={search_term_string}"},"query-input":{"@type":"PropertyValueSpecification","valueRequired":true,"valueName":"search_term_string"}}],"inLanguage":"pt-BR"},{"@type":"Organization","@id":"https:\/\/jornalpontomais.com\/site\/#organization","name":"Jornal Ponto+","url":"https:\/\/jornalpontomais.com\/site\/","logo":{"@type":"ImageObject","inLanguage":"pt-BR","@id":"https:\/\/jornalpontomais.com\/site\/#\/schema\/logo\/image\/","url":"https:\/\/jornalpontomais.com\/site\/wp-content\/uploads\/2022\/01\/marca.png","contentUrl":"https:\/\/jornalpontomais.com\/site\/wp-content\/uploads\/2022\/01\/marca.png","width":582,"height":148,"caption":"Jornal Ponto+"},"image":{"@id":"https:\/\/jornalpontomais.com\/site\/#\/schema\/logo\/image\/"}},{"@type":"Person","@id":"https:\/\/jornalpontomais.com\/site\/#\/schema\/person\/18323f0b0f1355f2490721c48389fe9d","name":"Jornal Ponto Mais","image":{"@type":"ImageObject","inLanguage":"pt-BR","@id":"https:\/\/secure.gravatar.com\/avatar\/2ee0a9b7fe10fe32bdec8bc086e871e41eb5f4f6ecbcb7b4f2fe0d92d831405f?s=96&d=mm&r=g","url":"https:\/\/secure.gravatar.com\/avatar\/2ee0a9b7fe10fe32bdec8bc086e871e41eb5f4f6ecbcb7b4f2fe0d92d831405f?s=96&d=mm&r=g","contentUrl":"https:\/\/secure.gravatar.com\/avatar\/2ee0a9b7fe10fe32bdec8bc086e871e41eb5f4f6ecbcb7b4f2fe0d92d831405f?s=96&d=mm&r=g","caption":"Jornal Ponto Mais"},"sameAs":["https:\/\/jornalpontomais.com\/site","jornalpontomais"],"url":"https:\/\/jornalpontomais.com\/site\/author\/jornalpontomais\/"}]}},"_links":{"self":[{"href":"https:\/\/jornalpontomais.com\/site\/wp-json\/wp\/v2\/posts\/13946","targetHints":{"allow":["GET"]}}],"collection":[{"href":"https:\/\/jornalpontomais.com\/site\/wp-json\/wp\/v2\/posts"}],"about":[{"href":"https:\/\/jornalpontomais.com\/site\/wp-json\/wp\/v2\/types\/post"}],"author":[{"embeddable":true,"href":"https:\/\/jornalpontomais.com\/site\/wp-json\/wp\/v2\/users\/2"}],"replies":[{"embeddable":true,"href":"https:\/\/jornalpontomais.com\/site\/wp-json\/wp\/v2\/comments?post=13946"}],"version-history":[{"count":1,"href":"https:\/\/jornalpontomais.com\/site\/wp-json\/wp\/v2\/posts\/13946\/revisions"}],"predecessor-version":[{"id":13948,"href":"https:\/\/jornalpontomais.com\/site\/wp-json\/wp\/v2\/posts\/13946\/revisions\/13948"}],"wp:featuredmedia":[{"embeddable":true,"href":"https:\/\/jornalpontomais.com\/site\/wp-json\/wp\/v2\/media\/13947"}],"wp:attachment":[{"href":"https:\/\/jornalpontomais.com\/site\/wp-json\/wp\/v2\/media?parent=13946"}],"wp:term":[{"taxonomy":"category","embeddable":true,"href":"https:\/\/jornalpontomais.com\/site\/wp-json\/wp\/v2\/categories?post=13946"},{"taxonomy":"post_tag","embeddable":true,"href":"https:\/\/jornalpontomais.com\/site\/wp-json\/wp\/v2\/tags?post=13946"}],"curies":[{"name":"wp","href":"https:\/\/api.w.org\/{rel}","templated":true}]}}