{"id":13885,"date":"2024-07-01T09:44:01","date_gmt":"2024-07-01T12:44:01","guid":{"rendered":"https:\/\/jornalpontomais.com\/site\/?p=13885"},"modified":"2024-07-01T09:44:02","modified_gmt":"2024-07-01T12:44:02","slug":"portabilidade-do-saldo-devedor-do-cartao-de-credito-comeca-hoje","status":"publish","type":"post","link":"https:\/\/jornalpontomais.com\/site\/2024\/07\/01\/portabilidade-do-saldo-devedor-do-cartao-de-credito-comeca-hoje\/","title":{"rendered":"Portabilidade do saldo devedor do cart\u00e3o de cr\u00e9dito come\u00e7a hoje"},"content":{"rendered":"\n<p>A partir desta segunda-feira (1\u00ba), os donos de cart\u00e3o de cr\u00e9dito poder\u00e3o transferir o saldo devedor da fatura para uma institui\u00e7\u00e3o financeira que oferecer melhores condi\u00e7\u00f5es de renegocia\u00e7\u00e3o. \u00c9 que entra em vigor uma resolu\u00e7\u00e3o do Conselho Monet\u00e1rio Nacional (CMN) &#8211; aprovada em dezembro do ano passado &#8211; que busca diminuir o endividamento e melhorar a capacidade de o consumidor se planejar.<br><br><\/p>\n\n\n\n<p>A resolu\u00e7\u00e3o \u00e9 a mesma que, desde janeiro, limitou os juros do rotativo do cart\u00e3o de cr\u00e9dito a 100% da d\u00edvida. N\u00e3o estava prevista na lei do programa Desenrola a portabilidade do saldo devedor da fatura que foi aprovada na \u00faltima reuni\u00e3o do CMN do ano passado.<br><br><\/p>\n\n\n\n<p><strong>Opera\u00e7\u00e3o de cr\u00e9dito<\/strong><\/p>\n\n\n\n<p>A medida tamb\u00e9m vale para os demais instrumentos de pagamento p\u00f3s-pagos, modalidades nas quais os recursos s\u00e3o depositados para pagamento de d\u00e9bitos j\u00e1 assumidos. A proposta da institui\u00e7\u00e3o financeira deve ser realizada por meio de uma opera\u00e7\u00e3o de cr\u00e9dito consolidada (que reestruture a d\u00edvida acumulada). Al\u00e9m disso, a portabilidade ter\u00e1 de ser feita de forma gratuita.<br><br><\/p>\n\n\n\n<p>Caso a institui\u00e7\u00e3o credora original fa\u00e7a uma contraproposta ao devedor, a opera\u00e7\u00e3o de cr\u00e9dito consolidada dever\u00e1 ter o mesmo prazo do refinanciamento da institui\u00e7\u00e3o proponente. Segundo o Banco Central (BC), a igualdade de prazos permitir\u00e1 a compara\u00e7\u00e3o dos custos.<br><br><\/p>\n\n\n\n<p><strong>Transpar\u00eancia<\/strong><\/p>\n\n\n\n<p>O CMN tamb\u00e9m aumentou a transpar\u00eancia nas faturas do cart\u00e3o de cr\u00e9dito. Tamb\u00e9m a partir de hoje, as faturas dever\u00e3o trazer uma \u00e1rea de destaque, com as informa\u00e7\u00f5es essenciais, como valor total da fatura, data de vencimento da fatura do per\u00edodo vigente e limite total de cr\u00e9dito.<br><br><\/p>\n\n\n\n<p>As faturas tamb\u00e9m dever\u00e3o ter uma \u00e1rea em que sejam oferecidas op\u00e7\u00f5es de pagamento. Nessa \u00e1rea dever\u00e3o estar especificadas apenas as seguintes informa\u00e7\u00f5es: valor do pagamento m\u00ednimo obrigat\u00f3rio; valor dos encargos a serem cobrados no per\u00edodo seguinte no caso de pagamento m\u00ednimo; op\u00e7\u00f5es de financiamento do saldo devedor da fatura, apresentadas na ordem do menor para o maior valor total a pagar; taxas efetivas de juros mensal e anual; e Custo Efetivo Total (CET) das opera\u00e7\u00f5es de cr\u00e9dito.<br><br><\/p>\n\n\n\n<p>O CMN tamb\u00e9m obrigou as institui\u00e7\u00f5es financeiras a enviar ao titular do cart\u00e3o a data de vencimento da fatura por e-mail ou mensagem em algum canal de atendimento. O aviso ter\u00e1 de ser remetido com pelo menos dois dias de anteced\u00eancia.<br><br><\/p>\n\n\n\n<p>Por fim, as faturas ter\u00e3o uma \u00e1rea com informa\u00e7\u00f5es complementares. Nesse campo, devem estar informa\u00e7\u00f5es como lan\u00e7amentos na conta de pagamento; identifica\u00e7\u00e3o das opera\u00e7\u00f5es de cr\u00e9dito contratadas; juros e encargos cobrados no per\u00edodo vigente; valor total de juros e encargos financeiros cobrados referentes \u00e0s opera\u00e7\u00f5es de cr\u00e9dito contratadas; identifica\u00e7\u00e3o das tarifas cobradas; e limites individuais para cada tipo de opera\u00e7\u00e3o, entre outros dados.<\/p>\n","protected":false},"excerpt":{"rendered":"<p>A partir desta segunda-feira (1\u00ba), os donos de cart\u00e3o de cr\u00e9dito poder\u00e3o transferir o saldo devedor da fatura para uma institui\u00e7\u00e3o financeira que oferecer melhores condi\u00e7\u00f5es de renegocia\u00e7\u00e3o. \u00c9 que entra em vigor uma resolu\u00e7\u00e3o do Conselho Monet\u00e1rio Nacional (CMN) &#8211; aprovada em dezembro do ano passado &#8211; que busca diminuir o endividamento e melhorar [&hellip;]<\/p>\n","protected":false},"author":2,"featured_media":7078,"comment_status":"open","ping_status":"open","sticky":true,"template":"","format":"standard","meta":{"om_disable_all_campaigns":false,"_monsterinsights_skip_tracking":false,"_monsterinsights_sitenote_active":false,"_monsterinsights_sitenote_note":"","_monsterinsights_sitenote_category":0,"footnotes":""},"categories":[37],"tags":[],"class_list":["post-13885","post","type-post","status-publish","format-standard","has-post-thumbnail","hentry","category-economia"],"yoast_head":"<!-- This site is optimized with the Yoast SEO plugin v27.2 - https:\/\/yoast.com\/product\/yoast-seo-wordpress\/ -->\n<title>Portabilidade do saldo devedor do cart\u00e3o de cr\u00e9dito come\u00e7a hoje - Jornal Ponto Mais<\/title>\n<meta name=\"robots\" content=\"index, follow, max-snippet:-1, max-image-preview:large, max-video-preview:-1\" \/>\n<link rel=\"canonical\" href=\"https:\/\/jornalpontomais.com\/site\/2024\/07\/01\/portabilidade-do-saldo-devedor-do-cartao-de-credito-comeca-hoje\/\" \/>\n<meta property=\"og:locale\" content=\"pt_BR\" \/>\n<meta property=\"og:type\" content=\"article\" \/>\n<meta property=\"og:title\" content=\"Portabilidade do saldo devedor do cart\u00e3o de cr\u00e9dito come\u00e7a hoje - Jornal Ponto Mais\" \/>\n<meta property=\"og:description\" content=\"A partir desta segunda-feira (1\u00ba), os donos de cart\u00e3o de cr\u00e9dito poder\u00e3o transferir o saldo devedor da fatura para uma institui\u00e7\u00e3o financeira que oferecer melhores condi\u00e7\u00f5es de renegocia\u00e7\u00e3o. \u00c9 que entra em vigor uma resolu\u00e7\u00e3o do Conselho Monet\u00e1rio Nacional (CMN) &#8211; aprovada em dezembro do ano passado &#8211; que busca diminuir o endividamento e melhorar [&hellip;]\" \/>\n<meta property=\"og:url\" content=\"https:\/\/jornalpontomais.com\/site\/2024\/07\/01\/portabilidade-do-saldo-devedor-do-cartao-de-credito-comeca-hoje\/\" \/>\n<meta property=\"og:site_name\" content=\"Jornal Ponto Mais\" \/>\n<meta property=\"article:published_time\" content=\"2024-07-01T12:44:01+00:00\" \/>\n<meta property=\"article:modified_time\" content=\"2024-07-01T12:44:02+00:00\" \/>\n<meta property=\"og:image\" content=\"https:\/\/jornalpontomais.com\/site\/wp-content\/uploads\/2023\/04\/cataoes_credito.jpeg\" \/>\n\t<meta property=\"og:image:width\" content=\"1170\" \/>\n\t<meta property=\"og:image:height\" content=\"700\" \/>\n\t<meta property=\"og:image:type\" content=\"image\/jpeg\" \/>\n<meta name=\"author\" content=\"Jornal Ponto Mais\" \/>\n<meta name=\"twitter:card\" content=\"summary_large_image\" \/>\n<meta name=\"twitter:label1\" content=\"Escrito por\" \/>\n\t<meta name=\"twitter:data1\" content=\"Jornal Ponto Mais\" \/>\n\t<meta name=\"twitter:label2\" content=\"Est. tempo de leitura\" \/>\n\t<meta name=\"twitter:data2\" content=\"3 minutos\" \/>\n<script type=\"application\/ld+json\" class=\"yoast-schema-graph\">{\"@context\":\"https:\/\/schema.org\",\"@graph\":[{\"@type\":\"Article\",\"@id\":\"https:\/\/jornalpontomais.com\/site\/2024\/07\/01\/portabilidade-do-saldo-devedor-do-cartao-de-credito-comeca-hoje\/#article\",\"isPartOf\":{\"@id\":\"https:\/\/jornalpontomais.com\/site\/2024\/07\/01\/portabilidade-do-saldo-devedor-do-cartao-de-credito-comeca-hoje\/\"},\"author\":{\"name\":\"Jornal Ponto Mais\",\"@id\":\"https:\/\/jornalpontomais.com\/site\/#\/schema\/person\/18323f0b0f1355f2490721c48389fe9d\"},\"headline\":\"Portabilidade do saldo devedor do cart\u00e3o de cr\u00e9dito come\u00e7a hoje\",\"datePublished\":\"2024-07-01T12:44:01+00:00\",\"dateModified\":\"2024-07-01T12:44:02+00:00\",\"mainEntityOfPage\":{\"@id\":\"https:\/\/jornalpontomais.com\/site\/2024\/07\/01\/portabilidade-do-saldo-devedor-do-cartao-de-credito-comeca-hoje\/\"},\"wordCount\":515,\"commentCount\":0,\"publisher\":{\"@id\":\"https:\/\/jornalpontomais.com\/site\/#organization\"},\"image\":{\"@id\":\"https:\/\/jornalpontomais.com\/site\/2024\/07\/01\/portabilidade-do-saldo-devedor-do-cartao-de-credito-comeca-hoje\/#primaryimage\"},\"thumbnailUrl\":\"https:\/\/jornalpontomais.com\/site\/wp-content\/uploads\/2023\/04\/cataoes_credito.jpeg\",\"articleSection\":[\"Economia\"],\"inLanguage\":\"pt-BR\",\"potentialAction\":[{\"@type\":\"CommentAction\",\"name\":\"Comment\",\"target\":[\"https:\/\/jornalpontomais.com\/site\/2024\/07\/01\/portabilidade-do-saldo-devedor-do-cartao-de-credito-comeca-hoje\/#respond\"]}]},{\"@type\":\"WebPage\",\"@id\":\"https:\/\/jornalpontomais.com\/site\/2024\/07\/01\/portabilidade-do-saldo-devedor-do-cartao-de-credito-comeca-hoje\/\",\"url\":\"https:\/\/jornalpontomais.com\/site\/2024\/07\/01\/portabilidade-do-saldo-devedor-do-cartao-de-credito-comeca-hoje\/\",\"name\":\"Portabilidade do saldo devedor do cart\u00e3o de cr\u00e9dito come\u00e7a hoje - Jornal Ponto Mais\",\"isPartOf\":{\"@id\":\"https:\/\/jornalpontomais.com\/site\/#website\"},\"primaryImageOfPage\":{\"@id\":\"https:\/\/jornalpontomais.com\/site\/2024\/07\/01\/portabilidade-do-saldo-devedor-do-cartao-de-credito-comeca-hoje\/#primaryimage\"},\"image\":{\"@id\":\"https:\/\/jornalpontomais.com\/site\/2024\/07\/01\/portabilidade-do-saldo-devedor-do-cartao-de-credito-comeca-hoje\/#primaryimage\"},\"thumbnailUrl\":\"https:\/\/jornalpontomais.com\/site\/wp-content\/uploads\/2023\/04\/cataoes_credito.jpeg\",\"datePublished\":\"2024-07-01T12:44:01+00:00\",\"dateModified\":\"2024-07-01T12:44:02+00:00\",\"breadcrumb\":{\"@id\":\"https:\/\/jornalpontomais.com\/site\/2024\/07\/01\/portabilidade-do-saldo-devedor-do-cartao-de-credito-comeca-hoje\/#breadcrumb\"},\"inLanguage\":\"pt-BR\",\"potentialAction\":[{\"@type\":\"ReadAction\",\"target\":[\"https:\/\/jornalpontomais.com\/site\/2024\/07\/01\/portabilidade-do-saldo-devedor-do-cartao-de-credito-comeca-hoje\/\"]}]},{\"@type\":\"ImageObject\",\"inLanguage\":\"pt-BR\",\"@id\":\"https:\/\/jornalpontomais.com\/site\/2024\/07\/01\/portabilidade-do-saldo-devedor-do-cartao-de-credito-comeca-hoje\/#primaryimage\",\"url\":\"https:\/\/jornalpontomais.com\/site\/wp-content\/uploads\/2023\/04\/cataoes_credito.jpeg\",\"contentUrl\":\"https:\/\/jornalpontomais.com\/site\/wp-content\/uploads\/2023\/04\/cataoes_credito.jpeg\",\"width\":1170,\"height\":700,\"caption\":\"Cart\u00f5es de cr\u00e9dito\"},{\"@type\":\"BreadcrumbList\",\"@id\":\"https:\/\/jornalpontomais.com\/site\/2024\/07\/01\/portabilidade-do-saldo-devedor-do-cartao-de-credito-comeca-hoje\/#breadcrumb\",\"itemListElement\":[{\"@type\":\"ListItem\",\"position\":1,\"name\":\"In\u00edcio\",\"item\":\"https:\/\/jornalpontomais.com\/site\/\"},{\"@type\":\"ListItem\",\"position\":2,\"name\":\"Portabilidade do saldo devedor do cart\u00e3o de cr\u00e9dito come\u00e7a hoje\"}]},{\"@type\":\"WebSite\",\"@id\":\"https:\/\/jornalpontomais.com\/site\/#website\",\"url\":\"https:\/\/jornalpontomais.com\/site\/\",\"name\":\"Jornal Ponto Mais\",\"description\":\"As principais not\u00edcias do Brasil e do mundo. Confira!\",\"publisher\":{\"@id\":\"https:\/\/jornalpontomais.com\/site\/#organization\"},\"potentialAction\":[{\"@type\":\"SearchAction\",\"target\":{\"@type\":\"EntryPoint\",\"urlTemplate\":\"https:\/\/jornalpontomais.com\/site\/?s={search_term_string}\"},\"query-input\":{\"@type\":\"PropertyValueSpecification\",\"valueRequired\":true,\"valueName\":\"search_term_string\"}}],\"inLanguage\":\"pt-BR\"},{\"@type\":\"Organization\",\"@id\":\"https:\/\/jornalpontomais.com\/site\/#organization\",\"name\":\"Jornal Ponto+\",\"url\":\"https:\/\/jornalpontomais.com\/site\/\",\"logo\":{\"@type\":\"ImageObject\",\"inLanguage\":\"pt-BR\",\"@id\":\"https:\/\/jornalpontomais.com\/site\/#\/schema\/logo\/image\/\",\"url\":\"https:\/\/jornalpontomais.com\/site\/wp-content\/uploads\/2022\/01\/marca.png\",\"contentUrl\":\"https:\/\/jornalpontomais.com\/site\/wp-content\/uploads\/2022\/01\/marca.png\",\"width\":582,\"height\":148,\"caption\":\"Jornal Ponto+\"},\"image\":{\"@id\":\"https:\/\/jornalpontomais.com\/site\/#\/schema\/logo\/image\/\"}},{\"@type\":\"Person\",\"@id\":\"https:\/\/jornalpontomais.com\/site\/#\/schema\/person\/18323f0b0f1355f2490721c48389fe9d\",\"name\":\"Jornal Ponto Mais\",\"image\":{\"@type\":\"ImageObject\",\"inLanguage\":\"pt-BR\",\"@id\":\"https:\/\/secure.gravatar.com\/avatar\/2ee0a9b7fe10fe32bdec8bc086e871e41eb5f4f6ecbcb7b4f2fe0d92d831405f?s=96&d=mm&r=g\",\"url\":\"https:\/\/secure.gravatar.com\/avatar\/2ee0a9b7fe10fe32bdec8bc086e871e41eb5f4f6ecbcb7b4f2fe0d92d831405f?s=96&d=mm&r=g\",\"contentUrl\":\"https:\/\/secure.gravatar.com\/avatar\/2ee0a9b7fe10fe32bdec8bc086e871e41eb5f4f6ecbcb7b4f2fe0d92d831405f?s=96&d=mm&r=g\",\"caption\":\"Jornal Ponto Mais\"},\"sameAs\":[\"https:\/\/jornalpontomais.com\/site\",\"jornalpontomais\"],\"url\":\"https:\/\/jornalpontomais.com\/site\/author\/jornalpontomais\/\"}]}<\/script>\n<!-- \/ Yoast SEO plugin. -->","yoast_head_json":{"title":"Portabilidade do saldo devedor do cart\u00e3o de cr\u00e9dito come\u00e7a hoje - Jornal Ponto Mais","robots":{"index":"index","follow":"follow","max-snippet":"max-snippet:-1","max-image-preview":"max-image-preview:large","max-video-preview":"max-video-preview:-1"},"canonical":"https:\/\/jornalpontomais.com\/site\/2024\/07\/01\/portabilidade-do-saldo-devedor-do-cartao-de-credito-comeca-hoje\/","og_locale":"pt_BR","og_type":"article","og_title":"Portabilidade do saldo devedor do cart\u00e3o de cr\u00e9dito come\u00e7a hoje - Jornal Ponto Mais","og_description":"A partir desta segunda-feira (1\u00ba), os donos de cart\u00e3o de cr\u00e9dito poder\u00e3o transferir o saldo devedor da fatura para uma institui\u00e7\u00e3o financeira que oferecer melhores condi\u00e7\u00f5es de renegocia\u00e7\u00e3o. \u00c9 que entra em vigor uma resolu\u00e7\u00e3o do Conselho Monet\u00e1rio Nacional (CMN) &#8211; aprovada em dezembro do ano passado &#8211; que busca diminuir o endividamento e melhorar [&hellip;]","og_url":"https:\/\/jornalpontomais.com\/site\/2024\/07\/01\/portabilidade-do-saldo-devedor-do-cartao-de-credito-comeca-hoje\/","og_site_name":"Jornal Ponto Mais","article_published_time":"2024-07-01T12:44:01+00:00","article_modified_time":"2024-07-01T12:44:02+00:00","og_image":[{"width":1170,"height":700,"url":"https:\/\/jornalpontomais.com\/site\/wp-content\/uploads\/2023\/04\/cataoes_credito.jpeg","type":"image\/jpeg"}],"author":"Jornal Ponto Mais","twitter_card":"summary_large_image","twitter_misc":{"Escrito por":"Jornal Ponto Mais","Est. tempo de leitura":"3 minutos"},"schema":{"@context":"https:\/\/schema.org","@graph":[{"@type":"Article","@id":"https:\/\/jornalpontomais.com\/site\/2024\/07\/01\/portabilidade-do-saldo-devedor-do-cartao-de-credito-comeca-hoje\/#article","isPartOf":{"@id":"https:\/\/jornalpontomais.com\/site\/2024\/07\/01\/portabilidade-do-saldo-devedor-do-cartao-de-credito-comeca-hoje\/"},"author":{"name":"Jornal Ponto Mais","@id":"https:\/\/jornalpontomais.com\/site\/#\/schema\/person\/18323f0b0f1355f2490721c48389fe9d"},"headline":"Portabilidade do saldo devedor do cart\u00e3o de cr\u00e9dito come\u00e7a hoje","datePublished":"2024-07-01T12:44:01+00:00","dateModified":"2024-07-01T12:44:02+00:00","mainEntityOfPage":{"@id":"https:\/\/jornalpontomais.com\/site\/2024\/07\/01\/portabilidade-do-saldo-devedor-do-cartao-de-credito-comeca-hoje\/"},"wordCount":515,"commentCount":0,"publisher":{"@id":"https:\/\/jornalpontomais.com\/site\/#organization"},"image":{"@id":"https:\/\/jornalpontomais.com\/site\/2024\/07\/01\/portabilidade-do-saldo-devedor-do-cartao-de-credito-comeca-hoje\/#primaryimage"},"thumbnailUrl":"https:\/\/jornalpontomais.com\/site\/wp-content\/uploads\/2023\/04\/cataoes_credito.jpeg","articleSection":["Economia"],"inLanguage":"pt-BR","potentialAction":[{"@type":"CommentAction","name":"Comment","target":["https:\/\/jornalpontomais.com\/site\/2024\/07\/01\/portabilidade-do-saldo-devedor-do-cartao-de-credito-comeca-hoje\/#respond"]}]},{"@type":"WebPage","@id":"https:\/\/jornalpontomais.com\/site\/2024\/07\/01\/portabilidade-do-saldo-devedor-do-cartao-de-credito-comeca-hoje\/","url":"https:\/\/jornalpontomais.com\/site\/2024\/07\/01\/portabilidade-do-saldo-devedor-do-cartao-de-credito-comeca-hoje\/","name":"Portabilidade do saldo devedor do cart\u00e3o de cr\u00e9dito come\u00e7a hoje - Jornal Ponto Mais","isPartOf":{"@id":"https:\/\/jornalpontomais.com\/site\/#website"},"primaryImageOfPage":{"@id":"https:\/\/jornalpontomais.com\/site\/2024\/07\/01\/portabilidade-do-saldo-devedor-do-cartao-de-credito-comeca-hoje\/#primaryimage"},"image":{"@id":"https:\/\/jornalpontomais.com\/site\/2024\/07\/01\/portabilidade-do-saldo-devedor-do-cartao-de-credito-comeca-hoje\/#primaryimage"},"thumbnailUrl":"https:\/\/jornalpontomais.com\/site\/wp-content\/uploads\/2023\/04\/cataoes_credito.jpeg","datePublished":"2024-07-01T12:44:01+00:00","dateModified":"2024-07-01T12:44:02+00:00","breadcrumb":{"@id":"https:\/\/jornalpontomais.com\/site\/2024\/07\/01\/portabilidade-do-saldo-devedor-do-cartao-de-credito-comeca-hoje\/#breadcrumb"},"inLanguage":"pt-BR","potentialAction":[{"@type":"ReadAction","target":["https:\/\/jornalpontomais.com\/site\/2024\/07\/01\/portabilidade-do-saldo-devedor-do-cartao-de-credito-comeca-hoje\/"]}]},{"@type":"ImageObject","inLanguage":"pt-BR","@id":"https:\/\/jornalpontomais.com\/site\/2024\/07\/01\/portabilidade-do-saldo-devedor-do-cartao-de-credito-comeca-hoje\/#primaryimage","url":"https:\/\/jornalpontomais.com\/site\/wp-content\/uploads\/2023\/04\/cataoes_credito.jpeg","contentUrl":"https:\/\/jornalpontomais.com\/site\/wp-content\/uploads\/2023\/04\/cataoes_credito.jpeg","width":1170,"height":700,"caption":"Cart\u00f5es de cr\u00e9dito"},{"@type":"BreadcrumbList","@id":"https:\/\/jornalpontomais.com\/site\/2024\/07\/01\/portabilidade-do-saldo-devedor-do-cartao-de-credito-comeca-hoje\/#breadcrumb","itemListElement":[{"@type":"ListItem","position":1,"name":"In\u00edcio","item":"https:\/\/jornalpontomais.com\/site\/"},{"@type":"ListItem","position":2,"name":"Portabilidade do saldo devedor do cart\u00e3o de cr\u00e9dito come\u00e7a hoje"}]},{"@type":"WebSite","@id":"https:\/\/jornalpontomais.com\/site\/#website","url":"https:\/\/jornalpontomais.com\/site\/","name":"Jornal Ponto Mais","description":"As principais not\u00edcias do Brasil e do mundo. Confira!","publisher":{"@id":"https:\/\/jornalpontomais.com\/site\/#organization"},"potentialAction":[{"@type":"SearchAction","target":{"@type":"EntryPoint","urlTemplate":"https:\/\/jornalpontomais.com\/site\/?s={search_term_string}"},"query-input":{"@type":"PropertyValueSpecification","valueRequired":true,"valueName":"search_term_string"}}],"inLanguage":"pt-BR"},{"@type":"Organization","@id":"https:\/\/jornalpontomais.com\/site\/#organization","name":"Jornal Ponto+","url":"https:\/\/jornalpontomais.com\/site\/","logo":{"@type":"ImageObject","inLanguage":"pt-BR","@id":"https:\/\/jornalpontomais.com\/site\/#\/schema\/logo\/image\/","url":"https:\/\/jornalpontomais.com\/site\/wp-content\/uploads\/2022\/01\/marca.png","contentUrl":"https:\/\/jornalpontomais.com\/site\/wp-content\/uploads\/2022\/01\/marca.png","width":582,"height":148,"caption":"Jornal Ponto+"},"image":{"@id":"https:\/\/jornalpontomais.com\/site\/#\/schema\/logo\/image\/"}},{"@type":"Person","@id":"https:\/\/jornalpontomais.com\/site\/#\/schema\/person\/18323f0b0f1355f2490721c48389fe9d","name":"Jornal Ponto Mais","image":{"@type":"ImageObject","inLanguage":"pt-BR","@id":"https:\/\/secure.gravatar.com\/avatar\/2ee0a9b7fe10fe32bdec8bc086e871e41eb5f4f6ecbcb7b4f2fe0d92d831405f?s=96&d=mm&r=g","url":"https:\/\/secure.gravatar.com\/avatar\/2ee0a9b7fe10fe32bdec8bc086e871e41eb5f4f6ecbcb7b4f2fe0d92d831405f?s=96&d=mm&r=g","contentUrl":"https:\/\/secure.gravatar.com\/avatar\/2ee0a9b7fe10fe32bdec8bc086e871e41eb5f4f6ecbcb7b4f2fe0d92d831405f?s=96&d=mm&r=g","caption":"Jornal Ponto Mais"},"sameAs":["https:\/\/jornalpontomais.com\/site","jornalpontomais"],"url":"https:\/\/jornalpontomais.com\/site\/author\/jornalpontomais\/"}]}},"_links":{"self":[{"href":"https:\/\/jornalpontomais.com\/site\/wp-json\/wp\/v2\/posts\/13885","targetHints":{"allow":["GET"]}}],"collection":[{"href":"https:\/\/jornalpontomais.com\/site\/wp-json\/wp\/v2\/posts"}],"about":[{"href":"https:\/\/jornalpontomais.com\/site\/wp-json\/wp\/v2\/types\/post"}],"author":[{"embeddable":true,"href":"https:\/\/jornalpontomais.com\/site\/wp-json\/wp\/v2\/users\/2"}],"replies":[{"embeddable":true,"href":"https:\/\/jornalpontomais.com\/site\/wp-json\/wp\/v2\/comments?post=13885"}],"version-history":[{"count":1,"href":"https:\/\/jornalpontomais.com\/site\/wp-json\/wp\/v2\/posts\/13885\/revisions"}],"predecessor-version":[{"id":13886,"href":"https:\/\/jornalpontomais.com\/site\/wp-json\/wp\/v2\/posts\/13885\/revisions\/13886"}],"wp:featuredmedia":[{"embeddable":true,"href":"https:\/\/jornalpontomais.com\/site\/wp-json\/wp\/v2\/media\/7078"}],"wp:attachment":[{"href":"https:\/\/jornalpontomais.com\/site\/wp-json\/wp\/v2\/media?parent=13885"}],"wp:term":[{"taxonomy":"category","embeddable":true,"href":"https:\/\/jornalpontomais.com\/site\/wp-json\/wp\/v2\/categories?post=13885"},{"taxonomy":"post_tag","embeddable":true,"href":"https:\/\/jornalpontomais.com\/site\/wp-json\/wp\/v2\/tags?post=13885"}],"curies":[{"name":"wp","href":"https:\/\/api.w.org\/{rel}","templated":true}]}}