{"id":13854,"date":"2024-06-27T09:48:54","date_gmt":"2024-06-27T12:48:54","guid":{"rendered":"https:\/\/jornalpontomais.com\/site\/?p=13854"},"modified":"2024-06-27T09:48:55","modified_gmt":"2024-06-27T12:48:55","slug":"mes-76-nao-possuem-nenhum-sistema-para-a-gestao-dos-negocios","status":"publish","type":"post","link":"https:\/\/jornalpontomais.com\/site\/2024\/06\/27\/mes-76-nao-possuem-nenhum-sistema-para-a-gestao-dos-negocios\/","title":{"rendered":"MEs: 76% n\u00e3o possuem nenhum sistema para a gest\u00e3o dos neg\u00f3cios"},"content":{"rendered":"\n<p>Um estudo divulgado pelo Sebrae, com base em dados da empresa do Gartner Group, revelou que 76% das pequenas e m\u00e9dias empresas (PMEs) ainda n\u00e3o utilizam nenhum sistema espec\u00edfico para a gest\u00e3o de seus neg\u00f3cios.<br><br><\/p>\n\n\n\n<p>De acordo com a pesquisa, 15% dos profissionais ainda mant\u00eam seus controles em papel, enquanto 61% dos que se dizem informatizados utilizam planilhas e outras solu\u00e7\u00f5es n\u00e3o integradas, como XLS, G-Drive e OpenCalc.<br><br><\/p>\n\n\n\n<p>Apesar disso, 90% dos entrevistados que ainda dependem de planilhas ou cadernos de anota\u00e7\u00f5es t\u00eam planos de investir em uma solu\u00e7\u00e3o de gest\u00e3o. Esse movimento indica uma tend\u00eancia de moderniza\u00e7\u00e3o iminente entre as PMEs brasileiras.<br><br><\/p>\n\n\n\n<p><strong>Benef\u00edcios dos sistemas de gest\u00e3o para a competitividade das empresas<\/strong><\/p>\n\n\n\n<p>A ado\u00e7\u00e3o de um sistema de gest\u00e3o integrado traz diversas vantagens que podem ser cruciais para a competitividade e sustentabilidade dos neg\u00f3cios:<\/p>\n\n\n\n<ol class=\"wp-block-list\">\n<li>Automatiza\u00e7\u00e3o de processos: Os sistemas automatizam tarefas rotineiras como controle de estoque, emiss\u00e3o de notas fiscais, gerenciamento financeiro e gest\u00e3o de contratos, reduzindo significativamente o tempo gasto em atividades operacionais e permitindo que os empreendedores concentrem-se em estrat\u00e9gias de crescimento e inova\u00e7\u00e3o.<br><br><\/li>\n\n\n\n<li>Precis\u00e3o e redu\u00e7\u00e3o de erros: Planilhas manuais e anota\u00e7\u00f5es em papel est\u00e3o sujeitas a erros humanos, que podem resultar em perdas financeiras e retrabalho. Sistemas de gest\u00e3o minimizam essas falhas, garantindo maior precis\u00e3o nos dados e relat\u00f3rios.<br><br><\/li>\n\n\n\n<li>Tomada de decis\u00e3o informada: Com um sistema de gest\u00e3o, as empresas t\u00eam acesso a dados em tempo real e relat\u00f3rios detalhados sobre diversos aspectos do neg\u00f3cio, facilitando a an\u00e1lise de desempenho e a identifica\u00e7\u00e3o de \u00e1reas que precisam de melhorias, al\u00e9m de apoiar decis\u00f5es estrat\u00e9gicas baseadas em informa\u00e7\u00f5es concretas.<br><br><\/li>\n\n\n\n<li>Melhoria no atendimento ao cliente: Sistemas de gest\u00e3o permitem um controle mais eficiente do relacionamento com o cliente, desde o hist\u00f3rico de compras at\u00e9 o atendimento p\u00f3s-venda, resultando em uma melhor experi\u00eancia para o cliente, aumento da fideliza\u00e7\u00e3o e satisfa\u00e7\u00e3o.<br><br><\/li>\n\n\n\n<li>Efici\u00eancia operacional: A integra\u00e7\u00e3o de diferentes \u00e1reas da empresa em um \u00fanico sistema melhora a comunica\u00e7\u00e3o interna e a coordena\u00e7\u00e3o entre departamentos, aumentando a efici\u00eancia operacional e a produtividade da equipe.<br><br><\/li>\n\n\n\n<li>Escalabilidade: Sistemas de gest\u00e3o s\u00e3o escal\u00e1veis, ou seja, podem crescer junto com a empresa. \u00c0 medida que o neg\u00f3cio se expande, o sistema pode ser ajustado para atender \u00e0s novas demandas, sem a necessidade de uma reestrutura\u00e7\u00e3o completa.<br><br><\/li>\n<\/ol>\n\n\n\n<p>A ado\u00e7\u00e3o de sistemas de gest\u00e3o por PMEs \u00e9 um passo crucial para melhorar a efici\u00eancia, reduzir erros e tomar decis\u00f5es mais assertivas. Com a crescente inten\u00e7\u00e3o de investimento em tecnologia de gest\u00e3o, as pequenas e m\u00e9dias empresas brasileiras est\u00e3o no caminho certo para modernizar suas opera\u00e7\u00f5es e aumentar sua competitividade no mercado.<\/p>\n\n\n\n<p><em>Fonte: Portal Cont\u00e1beis<\/em><\/p>\n","protected":false},"excerpt":{"rendered":"<p>Um estudo divulgado pelo Sebrae, com base em dados da empresa do Gartner Group, revelou que 76% das pequenas e m\u00e9dias empresas (PMEs) ainda n\u00e3o utilizam nenhum sistema espec\u00edfico para a gest\u00e3o de seus neg\u00f3cios. De acordo com a pesquisa, 15% dos profissionais ainda mant\u00eam seus controles em papel, enquanto 61% dos que se dizem [&hellip;]<\/p>\n","protected":false},"author":2,"featured_media":13855,"comment_status":"open","ping_status":"open","sticky":true,"template":"","format":"standard","meta":{"om_disable_all_campaigns":false,"_monsterinsights_skip_tracking":false,"_monsterinsights_sitenote_active":false,"_monsterinsights_sitenote_note":"","_monsterinsights_sitenote_category":0,"footnotes":""},"categories":[37],"tags":[],"class_list":["post-13854","post","type-post","status-publish","format-standard","has-post-thumbnail","hentry","category-economia"],"yoast_head":"<!-- This site is optimized with the Yoast SEO plugin v27.2 - https:\/\/yoast.com\/product\/yoast-seo-wordpress\/ -->\n<title>MEs: 76% n\u00e3o possuem nenhum sistema para a gest\u00e3o dos neg\u00f3cios - Jornal Ponto Mais<\/title>\n<meta name=\"robots\" content=\"index, follow, max-snippet:-1, max-image-preview:large, max-video-preview:-1\" \/>\n<link rel=\"canonical\" href=\"https:\/\/jornalpontomais.com\/site\/2024\/06\/27\/mes-76-nao-possuem-nenhum-sistema-para-a-gestao-dos-negocios\/\" \/>\n<meta property=\"og:locale\" content=\"pt_BR\" \/>\n<meta property=\"og:type\" content=\"article\" \/>\n<meta property=\"og:title\" content=\"MEs: 76% n\u00e3o possuem nenhum sistema para a gest\u00e3o dos neg\u00f3cios - Jornal Ponto Mais\" \/>\n<meta property=\"og:description\" content=\"Um estudo divulgado pelo Sebrae, com base em dados da empresa do Gartner Group, revelou que 76% das pequenas e m\u00e9dias empresas (PMEs) ainda n\u00e3o utilizam nenhum sistema espec\u00edfico para a gest\u00e3o de seus neg\u00f3cios. De acordo com a pesquisa, 15% dos profissionais ainda mant\u00eam seus controles em papel, enquanto 61% dos que se dizem [&hellip;]\" \/>\n<meta property=\"og:url\" content=\"https:\/\/jornalpontomais.com\/site\/2024\/06\/27\/mes-76-nao-possuem-nenhum-sistema-para-a-gestao-dos-negocios\/\" \/>\n<meta property=\"og:site_name\" content=\"Jornal Ponto Mais\" \/>\n<meta property=\"article:published_time\" content=\"2024-06-27T12:48:54+00:00\" \/>\n<meta property=\"article:modified_time\" content=\"2024-06-27T12:48:55+00:00\" \/>\n<meta property=\"og:image\" content=\"https:\/\/jornalpontomais.com\/site\/wp-content\/uploads\/2024\/06\/pmes-76-nao-possuem-nenhum-sistema-para-a-gestao-dos-negocios.webp\" \/>\n\t<meta property=\"og:image:width\" content=\"870\" \/>\n\t<meta property=\"og:image:height\" content=\"449\" \/>\n\t<meta property=\"og:image:type\" content=\"image\/webp\" \/>\n<meta name=\"author\" content=\"Jornal Ponto Mais\" \/>\n<meta name=\"twitter:card\" content=\"summary_large_image\" \/>\n<meta name=\"twitter:label1\" content=\"Escrito por\" \/>\n\t<meta name=\"twitter:data1\" content=\"Jornal Ponto Mais\" \/>\n\t<meta name=\"twitter:label2\" content=\"Est. tempo de leitura\" \/>\n\t<meta name=\"twitter:data2\" content=\"2 minutos\" \/>\n<script type=\"application\/ld+json\" class=\"yoast-schema-graph\">{\"@context\":\"https:\/\/schema.org\",\"@graph\":[{\"@type\":\"Article\",\"@id\":\"https:\/\/jornalpontomais.com\/site\/2024\/06\/27\/mes-76-nao-possuem-nenhum-sistema-para-a-gestao-dos-negocios\/#article\",\"isPartOf\":{\"@id\":\"https:\/\/jornalpontomais.com\/site\/2024\/06\/27\/mes-76-nao-possuem-nenhum-sistema-para-a-gestao-dos-negocios\/\"},\"author\":{\"name\":\"Jornal Ponto Mais\",\"@id\":\"https:\/\/jornalpontomais.com\/site\/#\/schema\/person\/18323f0b0f1355f2490721c48389fe9d\"},\"headline\":\"MEs: 76% n\u00e3o possuem nenhum sistema para a gest\u00e3o dos neg\u00f3cios\",\"datePublished\":\"2024-06-27T12:48:54+00:00\",\"dateModified\":\"2024-06-27T12:48:55+00:00\",\"mainEntityOfPage\":{\"@id\":\"https:\/\/jornalpontomais.com\/site\/2024\/06\/27\/mes-76-nao-possuem-nenhum-sistema-para-a-gestao-dos-negocios\/\"},\"wordCount\":503,\"commentCount\":0,\"publisher\":{\"@id\":\"https:\/\/jornalpontomais.com\/site\/#organization\"},\"image\":{\"@id\":\"https:\/\/jornalpontomais.com\/site\/2024\/06\/27\/mes-76-nao-possuem-nenhum-sistema-para-a-gestao-dos-negocios\/#primaryimage\"},\"thumbnailUrl\":\"https:\/\/jornalpontomais.com\/site\/wp-content\/uploads\/2024\/06\/pmes-76-nao-possuem-nenhum-sistema-para-a-gestao-dos-negocios.webp\",\"articleSection\":[\"Economia\"],\"inLanguage\":\"pt-BR\",\"potentialAction\":[{\"@type\":\"CommentAction\",\"name\":\"Comment\",\"target\":[\"https:\/\/jornalpontomais.com\/site\/2024\/06\/27\/mes-76-nao-possuem-nenhum-sistema-para-a-gestao-dos-negocios\/#respond\"]}]},{\"@type\":\"WebPage\",\"@id\":\"https:\/\/jornalpontomais.com\/site\/2024\/06\/27\/mes-76-nao-possuem-nenhum-sistema-para-a-gestao-dos-negocios\/\",\"url\":\"https:\/\/jornalpontomais.com\/site\/2024\/06\/27\/mes-76-nao-possuem-nenhum-sistema-para-a-gestao-dos-negocios\/\",\"name\":\"MEs: 76% n\u00e3o possuem nenhum sistema para a gest\u00e3o dos neg\u00f3cios - Jornal Ponto Mais\",\"isPartOf\":{\"@id\":\"https:\/\/jornalpontomais.com\/site\/#website\"},\"primaryImageOfPage\":{\"@id\":\"https:\/\/jornalpontomais.com\/site\/2024\/06\/27\/mes-76-nao-possuem-nenhum-sistema-para-a-gestao-dos-negocios\/#primaryimage\"},\"image\":{\"@id\":\"https:\/\/jornalpontomais.com\/site\/2024\/06\/27\/mes-76-nao-possuem-nenhum-sistema-para-a-gestao-dos-negocios\/#primaryimage\"},\"thumbnailUrl\":\"https:\/\/jornalpontomais.com\/site\/wp-content\/uploads\/2024\/06\/pmes-76-nao-possuem-nenhum-sistema-para-a-gestao-dos-negocios.webp\",\"datePublished\":\"2024-06-27T12:48:54+00:00\",\"dateModified\":\"2024-06-27T12:48:55+00:00\",\"breadcrumb\":{\"@id\":\"https:\/\/jornalpontomais.com\/site\/2024\/06\/27\/mes-76-nao-possuem-nenhum-sistema-para-a-gestao-dos-negocios\/#breadcrumb\"},\"inLanguage\":\"pt-BR\",\"potentialAction\":[{\"@type\":\"ReadAction\",\"target\":[\"https:\/\/jornalpontomais.com\/site\/2024\/06\/27\/mes-76-nao-possuem-nenhum-sistema-para-a-gestao-dos-negocios\/\"]}]},{\"@type\":\"ImageObject\",\"inLanguage\":\"pt-BR\",\"@id\":\"https:\/\/jornalpontomais.com\/site\/2024\/06\/27\/mes-76-nao-possuem-nenhum-sistema-para-a-gestao-dos-negocios\/#primaryimage\",\"url\":\"https:\/\/jornalpontomais.com\/site\/wp-content\/uploads\/2024\/06\/pmes-76-nao-possuem-nenhum-sistema-para-a-gestao-dos-negocios.webp\",\"contentUrl\":\"https:\/\/jornalpontomais.com\/site\/wp-content\/uploads\/2024\/06\/pmes-76-nao-possuem-nenhum-sistema-para-a-gestao-dos-negocios.webp\",\"width\":870,\"height\":449},{\"@type\":\"BreadcrumbList\",\"@id\":\"https:\/\/jornalpontomais.com\/site\/2024\/06\/27\/mes-76-nao-possuem-nenhum-sistema-para-a-gestao-dos-negocios\/#breadcrumb\",\"itemListElement\":[{\"@type\":\"ListItem\",\"position\":1,\"name\":\"In\u00edcio\",\"item\":\"https:\/\/jornalpontomais.com\/site\/\"},{\"@type\":\"ListItem\",\"position\":2,\"name\":\"MEs: 76% n\u00e3o possuem nenhum sistema para a gest\u00e3o dos neg\u00f3cios\"}]},{\"@type\":\"WebSite\",\"@id\":\"https:\/\/jornalpontomais.com\/site\/#website\",\"url\":\"https:\/\/jornalpontomais.com\/site\/\",\"name\":\"Jornal Ponto Mais\",\"description\":\"As principais not\u00edcias do Brasil e do mundo. Confira!\",\"publisher\":{\"@id\":\"https:\/\/jornalpontomais.com\/site\/#organization\"},\"potentialAction\":[{\"@type\":\"SearchAction\",\"target\":{\"@type\":\"EntryPoint\",\"urlTemplate\":\"https:\/\/jornalpontomais.com\/site\/?s={search_term_string}\"},\"query-input\":{\"@type\":\"PropertyValueSpecification\",\"valueRequired\":true,\"valueName\":\"search_term_string\"}}],\"inLanguage\":\"pt-BR\"},{\"@type\":\"Organization\",\"@id\":\"https:\/\/jornalpontomais.com\/site\/#organization\",\"name\":\"Jornal Ponto+\",\"url\":\"https:\/\/jornalpontomais.com\/site\/\",\"logo\":{\"@type\":\"ImageObject\",\"inLanguage\":\"pt-BR\",\"@id\":\"https:\/\/jornalpontomais.com\/site\/#\/schema\/logo\/image\/\",\"url\":\"https:\/\/jornalpontomais.com\/site\/wp-content\/uploads\/2022\/01\/marca.png\",\"contentUrl\":\"https:\/\/jornalpontomais.com\/site\/wp-content\/uploads\/2022\/01\/marca.png\",\"width\":582,\"height\":148,\"caption\":\"Jornal Ponto+\"},\"image\":{\"@id\":\"https:\/\/jornalpontomais.com\/site\/#\/schema\/logo\/image\/\"}},{\"@type\":\"Person\",\"@id\":\"https:\/\/jornalpontomais.com\/site\/#\/schema\/person\/18323f0b0f1355f2490721c48389fe9d\",\"name\":\"Jornal Ponto Mais\",\"image\":{\"@type\":\"ImageObject\",\"inLanguage\":\"pt-BR\",\"@id\":\"https:\/\/secure.gravatar.com\/avatar\/2ee0a9b7fe10fe32bdec8bc086e871e41eb5f4f6ecbcb7b4f2fe0d92d831405f?s=96&d=mm&r=g\",\"url\":\"https:\/\/secure.gravatar.com\/avatar\/2ee0a9b7fe10fe32bdec8bc086e871e41eb5f4f6ecbcb7b4f2fe0d92d831405f?s=96&d=mm&r=g\",\"contentUrl\":\"https:\/\/secure.gravatar.com\/avatar\/2ee0a9b7fe10fe32bdec8bc086e871e41eb5f4f6ecbcb7b4f2fe0d92d831405f?s=96&d=mm&r=g\",\"caption\":\"Jornal Ponto Mais\"},\"sameAs\":[\"https:\/\/jornalpontomais.com\/site\",\"jornalpontomais\"],\"url\":\"https:\/\/jornalpontomais.com\/site\/author\/jornalpontomais\/\"}]}<\/script>\n<!-- \/ Yoast SEO plugin. -->","yoast_head_json":{"title":"MEs: 76% n\u00e3o possuem nenhum sistema para a gest\u00e3o dos neg\u00f3cios - Jornal Ponto Mais","robots":{"index":"index","follow":"follow","max-snippet":"max-snippet:-1","max-image-preview":"max-image-preview:large","max-video-preview":"max-video-preview:-1"},"canonical":"https:\/\/jornalpontomais.com\/site\/2024\/06\/27\/mes-76-nao-possuem-nenhum-sistema-para-a-gestao-dos-negocios\/","og_locale":"pt_BR","og_type":"article","og_title":"MEs: 76% n\u00e3o possuem nenhum sistema para a gest\u00e3o dos neg\u00f3cios - Jornal Ponto Mais","og_description":"Um estudo divulgado pelo Sebrae, com base em dados da empresa do Gartner Group, revelou que 76% das pequenas e m\u00e9dias empresas (PMEs) ainda n\u00e3o utilizam nenhum sistema espec\u00edfico para a gest\u00e3o de seus neg\u00f3cios. De acordo com a pesquisa, 15% dos profissionais ainda mant\u00eam seus controles em papel, enquanto 61% dos que se dizem [&hellip;]","og_url":"https:\/\/jornalpontomais.com\/site\/2024\/06\/27\/mes-76-nao-possuem-nenhum-sistema-para-a-gestao-dos-negocios\/","og_site_name":"Jornal Ponto Mais","article_published_time":"2024-06-27T12:48:54+00:00","article_modified_time":"2024-06-27T12:48:55+00:00","og_image":[{"width":870,"height":449,"url":"https:\/\/jornalpontomais.com\/site\/wp-content\/uploads\/2024\/06\/pmes-76-nao-possuem-nenhum-sistema-para-a-gestao-dos-negocios.webp","type":"image\/webp"}],"author":"Jornal Ponto Mais","twitter_card":"summary_large_image","twitter_misc":{"Escrito por":"Jornal Ponto Mais","Est. tempo de leitura":"2 minutos"},"schema":{"@context":"https:\/\/schema.org","@graph":[{"@type":"Article","@id":"https:\/\/jornalpontomais.com\/site\/2024\/06\/27\/mes-76-nao-possuem-nenhum-sistema-para-a-gestao-dos-negocios\/#article","isPartOf":{"@id":"https:\/\/jornalpontomais.com\/site\/2024\/06\/27\/mes-76-nao-possuem-nenhum-sistema-para-a-gestao-dos-negocios\/"},"author":{"name":"Jornal Ponto Mais","@id":"https:\/\/jornalpontomais.com\/site\/#\/schema\/person\/18323f0b0f1355f2490721c48389fe9d"},"headline":"MEs: 76% n\u00e3o possuem nenhum sistema para a gest\u00e3o dos neg\u00f3cios","datePublished":"2024-06-27T12:48:54+00:00","dateModified":"2024-06-27T12:48:55+00:00","mainEntityOfPage":{"@id":"https:\/\/jornalpontomais.com\/site\/2024\/06\/27\/mes-76-nao-possuem-nenhum-sistema-para-a-gestao-dos-negocios\/"},"wordCount":503,"commentCount":0,"publisher":{"@id":"https:\/\/jornalpontomais.com\/site\/#organization"},"image":{"@id":"https:\/\/jornalpontomais.com\/site\/2024\/06\/27\/mes-76-nao-possuem-nenhum-sistema-para-a-gestao-dos-negocios\/#primaryimage"},"thumbnailUrl":"https:\/\/jornalpontomais.com\/site\/wp-content\/uploads\/2024\/06\/pmes-76-nao-possuem-nenhum-sistema-para-a-gestao-dos-negocios.webp","articleSection":["Economia"],"inLanguage":"pt-BR","potentialAction":[{"@type":"CommentAction","name":"Comment","target":["https:\/\/jornalpontomais.com\/site\/2024\/06\/27\/mes-76-nao-possuem-nenhum-sistema-para-a-gestao-dos-negocios\/#respond"]}]},{"@type":"WebPage","@id":"https:\/\/jornalpontomais.com\/site\/2024\/06\/27\/mes-76-nao-possuem-nenhum-sistema-para-a-gestao-dos-negocios\/","url":"https:\/\/jornalpontomais.com\/site\/2024\/06\/27\/mes-76-nao-possuem-nenhum-sistema-para-a-gestao-dos-negocios\/","name":"MEs: 76% n\u00e3o possuem nenhum sistema para a gest\u00e3o dos neg\u00f3cios - Jornal Ponto Mais","isPartOf":{"@id":"https:\/\/jornalpontomais.com\/site\/#website"},"primaryImageOfPage":{"@id":"https:\/\/jornalpontomais.com\/site\/2024\/06\/27\/mes-76-nao-possuem-nenhum-sistema-para-a-gestao-dos-negocios\/#primaryimage"},"image":{"@id":"https:\/\/jornalpontomais.com\/site\/2024\/06\/27\/mes-76-nao-possuem-nenhum-sistema-para-a-gestao-dos-negocios\/#primaryimage"},"thumbnailUrl":"https:\/\/jornalpontomais.com\/site\/wp-content\/uploads\/2024\/06\/pmes-76-nao-possuem-nenhum-sistema-para-a-gestao-dos-negocios.webp","datePublished":"2024-06-27T12:48:54+00:00","dateModified":"2024-06-27T12:48:55+00:00","breadcrumb":{"@id":"https:\/\/jornalpontomais.com\/site\/2024\/06\/27\/mes-76-nao-possuem-nenhum-sistema-para-a-gestao-dos-negocios\/#breadcrumb"},"inLanguage":"pt-BR","potentialAction":[{"@type":"ReadAction","target":["https:\/\/jornalpontomais.com\/site\/2024\/06\/27\/mes-76-nao-possuem-nenhum-sistema-para-a-gestao-dos-negocios\/"]}]},{"@type":"ImageObject","inLanguage":"pt-BR","@id":"https:\/\/jornalpontomais.com\/site\/2024\/06\/27\/mes-76-nao-possuem-nenhum-sistema-para-a-gestao-dos-negocios\/#primaryimage","url":"https:\/\/jornalpontomais.com\/site\/wp-content\/uploads\/2024\/06\/pmes-76-nao-possuem-nenhum-sistema-para-a-gestao-dos-negocios.webp","contentUrl":"https:\/\/jornalpontomais.com\/site\/wp-content\/uploads\/2024\/06\/pmes-76-nao-possuem-nenhum-sistema-para-a-gestao-dos-negocios.webp","width":870,"height":449},{"@type":"BreadcrumbList","@id":"https:\/\/jornalpontomais.com\/site\/2024\/06\/27\/mes-76-nao-possuem-nenhum-sistema-para-a-gestao-dos-negocios\/#breadcrumb","itemListElement":[{"@type":"ListItem","position":1,"name":"In\u00edcio","item":"https:\/\/jornalpontomais.com\/site\/"},{"@type":"ListItem","position":2,"name":"MEs: 76% n\u00e3o possuem nenhum sistema para a gest\u00e3o dos neg\u00f3cios"}]},{"@type":"WebSite","@id":"https:\/\/jornalpontomais.com\/site\/#website","url":"https:\/\/jornalpontomais.com\/site\/","name":"Jornal Ponto Mais","description":"As principais not\u00edcias do Brasil e do mundo. Confira!","publisher":{"@id":"https:\/\/jornalpontomais.com\/site\/#organization"},"potentialAction":[{"@type":"SearchAction","target":{"@type":"EntryPoint","urlTemplate":"https:\/\/jornalpontomais.com\/site\/?s={search_term_string}"},"query-input":{"@type":"PropertyValueSpecification","valueRequired":true,"valueName":"search_term_string"}}],"inLanguage":"pt-BR"},{"@type":"Organization","@id":"https:\/\/jornalpontomais.com\/site\/#organization","name":"Jornal Ponto+","url":"https:\/\/jornalpontomais.com\/site\/","logo":{"@type":"ImageObject","inLanguage":"pt-BR","@id":"https:\/\/jornalpontomais.com\/site\/#\/schema\/logo\/image\/","url":"https:\/\/jornalpontomais.com\/site\/wp-content\/uploads\/2022\/01\/marca.png","contentUrl":"https:\/\/jornalpontomais.com\/site\/wp-content\/uploads\/2022\/01\/marca.png","width":582,"height":148,"caption":"Jornal Ponto+"},"image":{"@id":"https:\/\/jornalpontomais.com\/site\/#\/schema\/logo\/image\/"}},{"@type":"Person","@id":"https:\/\/jornalpontomais.com\/site\/#\/schema\/person\/18323f0b0f1355f2490721c48389fe9d","name":"Jornal Ponto Mais","image":{"@type":"ImageObject","inLanguage":"pt-BR","@id":"https:\/\/secure.gravatar.com\/avatar\/2ee0a9b7fe10fe32bdec8bc086e871e41eb5f4f6ecbcb7b4f2fe0d92d831405f?s=96&d=mm&r=g","url":"https:\/\/secure.gravatar.com\/avatar\/2ee0a9b7fe10fe32bdec8bc086e871e41eb5f4f6ecbcb7b4f2fe0d92d831405f?s=96&d=mm&r=g","contentUrl":"https:\/\/secure.gravatar.com\/avatar\/2ee0a9b7fe10fe32bdec8bc086e871e41eb5f4f6ecbcb7b4f2fe0d92d831405f?s=96&d=mm&r=g","caption":"Jornal Ponto Mais"},"sameAs":["https:\/\/jornalpontomais.com\/site","jornalpontomais"],"url":"https:\/\/jornalpontomais.com\/site\/author\/jornalpontomais\/"}]}},"_links":{"self":[{"href":"https:\/\/jornalpontomais.com\/site\/wp-json\/wp\/v2\/posts\/13854","targetHints":{"allow":["GET"]}}],"collection":[{"href":"https:\/\/jornalpontomais.com\/site\/wp-json\/wp\/v2\/posts"}],"about":[{"href":"https:\/\/jornalpontomais.com\/site\/wp-json\/wp\/v2\/types\/post"}],"author":[{"embeddable":true,"href":"https:\/\/jornalpontomais.com\/site\/wp-json\/wp\/v2\/users\/2"}],"replies":[{"embeddable":true,"href":"https:\/\/jornalpontomais.com\/site\/wp-json\/wp\/v2\/comments?post=13854"}],"version-history":[{"count":1,"href":"https:\/\/jornalpontomais.com\/site\/wp-json\/wp\/v2\/posts\/13854\/revisions"}],"predecessor-version":[{"id":13856,"href":"https:\/\/jornalpontomais.com\/site\/wp-json\/wp\/v2\/posts\/13854\/revisions\/13856"}],"wp:featuredmedia":[{"embeddable":true,"href":"https:\/\/jornalpontomais.com\/site\/wp-json\/wp\/v2\/media\/13855"}],"wp:attachment":[{"href":"https:\/\/jornalpontomais.com\/site\/wp-json\/wp\/v2\/media?parent=13854"}],"wp:term":[{"taxonomy":"category","embeddable":true,"href":"https:\/\/jornalpontomais.com\/site\/wp-json\/wp\/v2\/categories?post=13854"},{"taxonomy":"post_tag","embeddable":true,"href":"https:\/\/jornalpontomais.com\/site\/wp-json\/wp\/v2\/tags?post=13854"}],"curies":[{"name":"wp","href":"https:\/\/api.w.org\/{rel}","templated":true}]}}