{"id":13848,"date":"2024-06-27T09:05:24","date_gmt":"2024-06-27T12:05:24","guid":{"rendered":"https:\/\/jornalpontomais.com\/site\/?p=13848"},"modified":"2024-06-27T09:05:25","modified_gmt":"2024-06-27T12:05:25","slug":"brasileiro-juventude-derrota-lider-flamengo-no-alfredo-jaconi","status":"publish","type":"post","link":"https:\/\/jornalpontomais.com\/site\/2024\/06\/27\/brasileiro-juventude-derrota-lider-flamengo-no-alfredo-jaconi\/","title":{"rendered":"Brasileiro: Juventude derrota l\u00edder Flamengo no Alfredo Jaconi"},"content":{"rendered":"\n<p>O Juventude aproveitou o fator casa para derrotar o Flamengo por 2 a 1 de virada, na noite desta quarta-feira (26) no est\u00e1dio Alfredo Jaconi, localizado em Caxias do Sul, em partida v\u00e1lida pela 12\u00aa rodada do Campeonato Brasileiro.<\/p>\n\n\n\n<figure class=\"wp-block-embed is-type-rich is-provider-twitter wp-block-embed-twitter\"><div class=\"wp-block-embed__wrapper\">\n<blockquote class=\"twitter-tweet\" data-width=\"550\" data-dnt=\"true\"><p lang=\"pt\" dir=\"ltr\">COM A FOR\u00c7A DO ALFREDO JACONI, JUVENTUDE DERROTA O L\u00cdDER DO CAMPEONATO BRASILEIRO \ud83c\uddf3\ud83c\uddec<br><br>Com atua\u00e7\u00e3o de luxo na casa da Papada, o Juz\u00e3o fez 2 a 1 no Flamengo e sobe na tabela de classifica\u00e7\u00e3o. Lucas Barbosa e Mandaca marcaram os gols da equipe alviverde. <br><br>\ud83d\udcf7 Fernando Alves\/ECJ <a href=\"https:\/\/t.co\/Pn4cHbv5Sr\">pic.twitter.com\/Pn4cHbv5Sr<\/a><\/p>&mdash; E.C. Juventude (@ECJuventude) <a href=\"https:\/\/twitter.com\/ECJuventude\/status\/1806128909668204662?ref_src=twsrc%5Etfw\">June 27, 2024<\/a><\/blockquote><script async src=\"https:\/\/platform.twitter.com\/widgets.js\" charset=\"utf-8\"><\/script>\n<\/div><\/figure>\n\n\n\n<p>Por\u00e9m, mesmo com este rev\u00e9s o Rubro-Negro permaneceu na ponta da classifica\u00e7\u00e3o da competi\u00e7\u00e3o nacional com 24 pontos conquistados, pois o Palmeiras, que iniciou a rodada na vice-lideran\u00e7a com 23 pontos, acabou sendo superado pelo Fortaleza por 3 a 0.<br><br><\/p>\n\n\n\n<p>A primeira etapa da partida disputada no Alfredo Jaconi foi marcada pelo equil\u00edbrio. A equipe comandada pelo t\u00e9cnico Tite abriu o placar aos 18 minutos com o centroavante Pedro, que finalizou de peito bola levantada na \u00e1rea por Luiz Ara\u00fajo. Por\u00e9m, sete minutos depois o Juventude deixou tudo igual gra\u00e7as a cabe\u00e7ada perfeita do atacante Lucas Barbosa. O placar permaneceu inalterado at\u00e9 os 41 minutos do segundo tempo, quando Luis Mandaca marcou o gol da vit\u00f3ria.<br><br><\/p>\n\n\n\n<p><strong>Trope\u00e7o do Palmeiras<\/strong><\/p>\n\n\n\n<p>Com o trope\u00e7o do Flamengo, o Palmeiras enfrentou o Fortaleza no Castel\u00e3o com a possibilidade de assumir a ponta da classifica\u00e7\u00e3o caso somasse tr\u00eas pontos fora de casa. Por\u00e9m, a equipe comandada pelo t\u00e9cnico portugu\u00eas Abel Ferreira foi superada por 3 a 0 pelo Tricolor, que marcou uma vez com Bruno Pacheco e duas com Lucero. Ap\u00f3s este resultado o Verd\u00e3o caiu para a 4\u00aa posi\u00e7\u00e3o. J\u00e1 o time de Juan Pablo Vojvoda chegou aos 17 pontos, na 9\u00aa coloca\u00e7\u00e3o.<\/p>\n\n\n\n<figure class=\"wp-block-embed is-type-rich is-provider-twitter wp-block-embed-twitter\"><div class=\"wp-block-embed__wrapper\">\n<blockquote class=\"twitter-tweet\" data-width=\"550\" data-dnt=\"true\"><p lang=\"pt\" dir=\"ltr\">FIIIIIIIIIIIIIM DE JOGOOOO NA ARENA CASTEL\u00c3OOOOO! EM UMA NOITE SENSACIONAL, O FORTALEZA VENCE O PALMEIRAS POR 3&#215;0 E SOMA MAIS TR\u00caS PONTOS FUNDAMENTAIS NA TABELA DO BRASILEIR\u00c3O! PR\u00d3XIMO DOMINGO TE ESPERAMOS DE NOVO EM NOSSA CASA!<br><br>VAMOOOOOOOOOOOOOOOOOOOS! \ud83e\udd81<br><br>\u26bd\u26bd Lucero<br>\u26bd Bruno\u2026 <a href=\"https:\/\/t.co\/FmCe4X5hxk\">pic.twitter.com\/FmCe4X5hxk<\/a><\/p>&mdash; Fortaleza Esporte Clube \ud83e\udd81 (@FortalezaEC) <a href=\"https:\/\/twitter.com\/FortalezaEC\/status\/1806151967531532645?ref_src=twsrc%5Etfw\">June 27, 2024<\/a><\/blockquote><script async src=\"https:\/\/platform.twitter.com\/widgets.js\" charset=\"utf-8\"><\/script>\n<\/div><\/figure>\n","protected":false},"excerpt":{"rendered":"<p>O Juventude aproveitou o fator casa para derrotar o Flamengo por 2 a 1 de virada, na noite desta quarta-feira (26) no est\u00e1dio Alfredo Jaconi, localizado em Caxias do Sul, em partida v\u00e1lida pela 12\u00aa rodada do Campeonato Brasileiro. Por\u00e9m, mesmo com este rev\u00e9s o Rubro-Negro permaneceu na ponta da classifica\u00e7\u00e3o da competi\u00e7\u00e3o nacional com [&hellip;]<\/p>\n","protected":false},"author":2,"featured_media":13849,"comment_status":"open","ping_status":"open","sticky":true,"template":"","format":"standard","meta":{"om_disable_all_campaigns":false,"_monsterinsights_skip_tracking":false,"_monsterinsights_sitenote_active":false,"_monsterinsights_sitenote_note":"","_monsterinsights_sitenote_category":0,"footnotes":""},"categories":[4],"tags":[],"class_list":["post-13848","post","type-post","status-publish","format-standard","has-post-thumbnail","hentry","category-esporte"],"yoast_head":"<!-- This site is optimized with the Yoast SEO plugin v27.2 - https:\/\/yoast.com\/product\/yoast-seo-wordpress\/ -->\n<title>Brasileiro: Juventude derrota l\u00edder Flamengo no Alfredo Jaconi - Jornal Ponto Mais<\/title>\n<meta name=\"robots\" content=\"index, follow, max-snippet:-1, max-image-preview:large, max-video-preview:-1\" \/>\n<link rel=\"canonical\" href=\"https:\/\/jornalpontomais.com\/site\/2024\/06\/27\/brasileiro-juventude-derrota-lider-flamengo-no-alfredo-jaconi\/\" \/>\n<meta property=\"og:locale\" content=\"pt_BR\" \/>\n<meta property=\"og:type\" content=\"article\" \/>\n<meta property=\"og:title\" content=\"Brasileiro: Juventude derrota l\u00edder Flamengo no Alfredo Jaconi - Jornal Ponto Mais\" \/>\n<meta property=\"og:description\" content=\"O Juventude aproveitou o fator casa para derrotar o Flamengo por 2 a 1 de virada, na noite desta quarta-feira (26) no est\u00e1dio Alfredo Jaconi, localizado em Caxias do Sul, em partida v\u00e1lida pela 12\u00aa rodada do Campeonato Brasileiro. Por\u00e9m, mesmo com este rev\u00e9s o Rubro-Negro permaneceu na ponta da classifica\u00e7\u00e3o da competi\u00e7\u00e3o nacional com [&hellip;]\" \/>\n<meta property=\"og:url\" content=\"https:\/\/jornalpontomais.com\/site\/2024\/06\/27\/brasileiro-juventude-derrota-lider-flamengo-no-alfredo-jaconi\/\" \/>\n<meta property=\"og:site_name\" content=\"Jornal Ponto Mais\" \/>\n<meta property=\"article:published_time\" content=\"2024-06-27T12:05:24+00:00\" \/>\n<meta property=\"article:modified_time\" content=\"2024-06-27T12:05:25+00:00\" \/>\n<meta property=\"og:image\" content=\"https:\/\/jornalpontomais.com\/site\/wp-content\/uploads\/2024\/06\/grcqfavwsaay5d1.webp\" \/>\n\t<meta property=\"og:image:width\" content=\"1170\" \/>\n\t<meta property=\"og:image:height\" content=\"700\" \/>\n\t<meta property=\"og:image:type\" content=\"image\/webp\" \/>\n<meta name=\"author\" content=\"Jornal Ponto Mais\" \/>\n<meta name=\"twitter:card\" content=\"summary_large_image\" \/>\n<meta name=\"twitter:label1\" content=\"Escrito por\" \/>\n\t<meta name=\"twitter:data1\" content=\"Jornal Ponto Mais\" \/>\n\t<meta name=\"twitter:label2\" content=\"Est. tempo de leitura\" \/>\n\t<meta name=\"twitter:data2\" content=\"1 minuto\" \/>\n<script type=\"application\/ld+json\" class=\"yoast-schema-graph\">{\"@context\":\"https:\/\/schema.org\",\"@graph\":[{\"@type\":\"Article\",\"@id\":\"https:\/\/jornalpontomais.com\/site\/2024\/06\/27\/brasileiro-juventude-derrota-lider-flamengo-no-alfredo-jaconi\/#article\",\"isPartOf\":{\"@id\":\"https:\/\/jornalpontomais.com\/site\/2024\/06\/27\/brasileiro-juventude-derrota-lider-flamengo-no-alfredo-jaconi\/\"},\"author\":{\"name\":\"Jornal Ponto Mais\",\"@id\":\"https:\/\/jornalpontomais.com\/site\/#\/schema\/person\/18323f0b0f1355f2490721c48389fe9d\"},\"headline\":\"Brasileiro: Juventude derrota l\u00edder Flamengo no Alfredo Jaconi\",\"datePublished\":\"2024-06-27T12:05:24+00:00\",\"dateModified\":\"2024-06-27T12:05:25+00:00\",\"mainEntityOfPage\":{\"@id\":\"https:\/\/jornalpontomais.com\/site\/2024\/06\/27\/brasileiro-juventude-derrota-lider-flamengo-no-alfredo-jaconi\/\"},\"wordCount\":268,\"commentCount\":0,\"publisher\":{\"@id\":\"https:\/\/jornalpontomais.com\/site\/#organization\"},\"image\":{\"@id\":\"https:\/\/jornalpontomais.com\/site\/2024\/06\/27\/brasileiro-juventude-derrota-lider-flamengo-no-alfredo-jaconi\/#primaryimage\"},\"thumbnailUrl\":\"https:\/\/jornalpontomais.com\/site\/wp-content\/uploads\/2024\/06\/grcqfavwsaay5d1.webp\",\"articleSection\":[\"Esporte\"],\"inLanguage\":\"pt-BR\",\"potentialAction\":[{\"@type\":\"CommentAction\",\"name\":\"Comment\",\"target\":[\"https:\/\/jornalpontomais.com\/site\/2024\/06\/27\/brasileiro-juventude-derrota-lider-flamengo-no-alfredo-jaconi\/#respond\"]}]},{\"@type\":\"WebPage\",\"@id\":\"https:\/\/jornalpontomais.com\/site\/2024\/06\/27\/brasileiro-juventude-derrota-lider-flamengo-no-alfredo-jaconi\/\",\"url\":\"https:\/\/jornalpontomais.com\/site\/2024\/06\/27\/brasileiro-juventude-derrota-lider-flamengo-no-alfredo-jaconi\/\",\"name\":\"Brasileiro: Juventude derrota l\u00edder Flamengo no Alfredo Jaconi - Jornal Ponto Mais\",\"isPartOf\":{\"@id\":\"https:\/\/jornalpontomais.com\/site\/#website\"},\"primaryImageOfPage\":{\"@id\":\"https:\/\/jornalpontomais.com\/site\/2024\/06\/27\/brasileiro-juventude-derrota-lider-flamengo-no-alfredo-jaconi\/#primaryimage\"},\"image\":{\"@id\":\"https:\/\/jornalpontomais.com\/site\/2024\/06\/27\/brasileiro-juventude-derrota-lider-flamengo-no-alfredo-jaconi\/#primaryimage\"},\"thumbnailUrl\":\"https:\/\/jornalpontomais.com\/site\/wp-content\/uploads\/2024\/06\/grcqfavwsaay5d1.webp\",\"datePublished\":\"2024-06-27T12:05:24+00:00\",\"dateModified\":\"2024-06-27T12:05:25+00:00\",\"breadcrumb\":{\"@id\":\"https:\/\/jornalpontomais.com\/site\/2024\/06\/27\/brasileiro-juventude-derrota-lider-flamengo-no-alfredo-jaconi\/#breadcrumb\"},\"inLanguage\":\"pt-BR\",\"potentialAction\":[{\"@type\":\"ReadAction\",\"target\":[\"https:\/\/jornalpontomais.com\/site\/2024\/06\/27\/brasileiro-juventude-derrota-lider-flamengo-no-alfredo-jaconi\/\"]}]},{\"@type\":\"ImageObject\",\"inLanguage\":\"pt-BR\",\"@id\":\"https:\/\/jornalpontomais.com\/site\/2024\/06\/27\/brasileiro-juventude-derrota-lider-flamengo-no-alfredo-jaconi\/#primaryimage\",\"url\":\"https:\/\/jornalpontomais.com\/site\/wp-content\/uploads\/2024\/06\/grcqfavwsaay5d1.webp\",\"contentUrl\":\"https:\/\/jornalpontomais.com\/site\/wp-content\/uploads\/2024\/06\/grcqfavwsaay5d1.webp\",\"width\":1170,\"height\":700},{\"@type\":\"BreadcrumbList\",\"@id\":\"https:\/\/jornalpontomais.com\/site\/2024\/06\/27\/brasileiro-juventude-derrota-lider-flamengo-no-alfredo-jaconi\/#breadcrumb\",\"itemListElement\":[{\"@type\":\"ListItem\",\"position\":1,\"name\":\"In\u00edcio\",\"item\":\"https:\/\/jornalpontomais.com\/site\/\"},{\"@type\":\"ListItem\",\"position\":2,\"name\":\"Brasileiro: Juventude derrota l\u00edder Flamengo no Alfredo Jaconi\"}]},{\"@type\":\"WebSite\",\"@id\":\"https:\/\/jornalpontomais.com\/site\/#website\",\"url\":\"https:\/\/jornalpontomais.com\/site\/\",\"name\":\"Jornal Ponto Mais\",\"description\":\"As principais not\u00edcias do Brasil e do mundo. Confira!\",\"publisher\":{\"@id\":\"https:\/\/jornalpontomais.com\/site\/#organization\"},\"potentialAction\":[{\"@type\":\"SearchAction\",\"target\":{\"@type\":\"EntryPoint\",\"urlTemplate\":\"https:\/\/jornalpontomais.com\/site\/?s={search_term_string}\"},\"query-input\":{\"@type\":\"PropertyValueSpecification\",\"valueRequired\":true,\"valueName\":\"search_term_string\"}}],\"inLanguage\":\"pt-BR\"},{\"@type\":\"Organization\",\"@id\":\"https:\/\/jornalpontomais.com\/site\/#organization\",\"name\":\"Jornal Ponto+\",\"url\":\"https:\/\/jornalpontomais.com\/site\/\",\"logo\":{\"@type\":\"ImageObject\",\"inLanguage\":\"pt-BR\",\"@id\":\"https:\/\/jornalpontomais.com\/site\/#\/schema\/logo\/image\/\",\"url\":\"https:\/\/jornalpontomais.com\/site\/wp-content\/uploads\/2022\/01\/marca.png\",\"contentUrl\":\"https:\/\/jornalpontomais.com\/site\/wp-content\/uploads\/2022\/01\/marca.png\",\"width\":582,\"height\":148,\"caption\":\"Jornal Ponto+\"},\"image\":{\"@id\":\"https:\/\/jornalpontomais.com\/site\/#\/schema\/logo\/image\/\"}},{\"@type\":\"Person\",\"@id\":\"https:\/\/jornalpontomais.com\/site\/#\/schema\/person\/18323f0b0f1355f2490721c48389fe9d\",\"name\":\"Jornal Ponto Mais\",\"image\":{\"@type\":\"ImageObject\",\"inLanguage\":\"pt-BR\",\"@id\":\"https:\/\/secure.gravatar.com\/avatar\/2ee0a9b7fe10fe32bdec8bc086e871e41eb5f4f6ecbcb7b4f2fe0d92d831405f?s=96&d=mm&r=g\",\"url\":\"https:\/\/secure.gravatar.com\/avatar\/2ee0a9b7fe10fe32bdec8bc086e871e41eb5f4f6ecbcb7b4f2fe0d92d831405f?s=96&d=mm&r=g\",\"contentUrl\":\"https:\/\/secure.gravatar.com\/avatar\/2ee0a9b7fe10fe32bdec8bc086e871e41eb5f4f6ecbcb7b4f2fe0d92d831405f?s=96&d=mm&r=g\",\"caption\":\"Jornal Ponto Mais\"},\"sameAs\":[\"https:\/\/jornalpontomais.com\/site\",\"jornalpontomais\"],\"url\":\"https:\/\/jornalpontomais.com\/site\/author\/jornalpontomais\/\"}]}<\/script>\n<!-- \/ Yoast SEO plugin. -->","yoast_head_json":{"title":"Brasileiro: Juventude derrota l\u00edder Flamengo no Alfredo Jaconi - Jornal Ponto Mais","robots":{"index":"index","follow":"follow","max-snippet":"max-snippet:-1","max-image-preview":"max-image-preview:large","max-video-preview":"max-video-preview:-1"},"canonical":"https:\/\/jornalpontomais.com\/site\/2024\/06\/27\/brasileiro-juventude-derrota-lider-flamengo-no-alfredo-jaconi\/","og_locale":"pt_BR","og_type":"article","og_title":"Brasileiro: Juventude derrota l\u00edder Flamengo no Alfredo Jaconi - Jornal Ponto Mais","og_description":"O Juventude aproveitou o fator casa para derrotar o Flamengo por 2 a 1 de virada, na noite desta quarta-feira (26) no est\u00e1dio Alfredo Jaconi, localizado em Caxias do Sul, em partida v\u00e1lida pela 12\u00aa rodada do Campeonato Brasileiro. Por\u00e9m, mesmo com este rev\u00e9s o Rubro-Negro permaneceu na ponta da classifica\u00e7\u00e3o da competi\u00e7\u00e3o nacional com [&hellip;]","og_url":"https:\/\/jornalpontomais.com\/site\/2024\/06\/27\/brasileiro-juventude-derrota-lider-flamengo-no-alfredo-jaconi\/","og_site_name":"Jornal Ponto Mais","article_published_time":"2024-06-27T12:05:24+00:00","article_modified_time":"2024-06-27T12:05:25+00:00","og_image":[{"width":1170,"height":700,"url":"https:\/\/jornalpontomais.com\/site\/wp-content\/uploads\/2024\/06\/grcqfavwsaay5d1.webp","type":"image\/webp"}],"author":"Jornal Ponto Mais","twitter_card":"summary_large_image","twitter_misc":{"Escrito por":"Jornal Ponto Mais","Est. tempo de leitura":"1 minuto"},"schema":{"@context":"https:\/\/schema.org","@graph":[{"@type":"Article","@id":"https:\/\/jornalpontomais.com\/site\/2024\/06\/27\/brasileiro-juventude-derrota-lider-flamengo-no-alfredo-jaconi\/#article","isPartOf":{"@id":"https:\/\/jornalpontomais.com\/site\/2024\/06\/27\/brasileiro-juventude-derrota-lider-flamengo-no-alfredo-jaconi\/"},"author":{"name":"Jornal Ponto Mais","@id":"https:\/\/jornalpontomais.com\/site\/#\/schema\/person\/18323f0b0f1355f2490721c48389fe9d"},"headline":"Brasileiro: Juventude derrota l\u00edder Flamengo no Alfredo Jaconi","datePublished":"2024-06-27T12:05:24+00:00","dateModified":"2024-06-27T12:05:25+00:00","mainEntityOfPage":{"@id":"https:\/\/jornalpontomais.com\/site\/2024\/06\/27\/brasileiro-juventude-derrota-lider-flamengo-no-alfredo-jaconi\/"},"wordCount":268,"commentCount":0,"publisher":{"@id":"https:\/\/jornalpontomais.com\/site\/#organization"},"image":{"@id":"https:\/\/jornalpontomais.com\/site\/2024\/06\/27\/brasileiro-juventude-derrota-lider-flamengo-no-alfredo-jaconi\/#primaryimage"},"thumbnailUrl":"https:\/\/jornalpontomais.com\/site\/wp-content\/uploads\/2024\/06\/grcqfavwsaay5d1.webp","articleSection":["Esporte"],"inLanguage":"pt-BR","potentialAction":[{"@type":"CommentAction","name":"Comment","target":["https:\/\/jornalpontomais.com\/site\/2024\/06\/27\/brasileiro-juventude-derrota-lider-flamengo-no-alfredo-jaconi\/#respond"]}]},{"@type":"WebPage","@id":"https:\/\/jornalpontomais.com\/site\/2024\/06\/27\/brasileiro-juventude-derrota-lider-flamengo-no-alfredo-jaconi\/","url":"https:\/\/jornalpontomais.com\/site\/2024\/06\/27\/brasileiro-juventude-derrota-lider-flamengo-no-alfredo-jaconi\/","name":"Brasileiro: Juventude derrota l\u00edder Flamengo no Alfredo Jaconi - Jornal Ponto Mais","isPartOf":{"@id":"https:\/\/jornalpontomais.com\/site\/#website"},"primaryImageOfPage":{"@id":"https:\/\/jornalpontomais.com\/site\/2024\/06\/27\/brasileiro-juventude-derrota-lider-flamengo-no-alfredo-jaconi\/#primaryimage"},"image":{"@id":"https:\/\/jornalpontomais.com\/site\/2024\/06\/27\/brasileiro-juventude-derrota-lider-flamengo-no-alfredo-jaconi\/#primaryimage"},"thumbnailUrl":"https:\/\/jornalpontomais.com\/site\/wp-content\/uploads\/2024\/06\/grcqfavwsaay5d1.webp","datePublished":"2024-06-27T12:05:24+00:00","dateModified":"2024-06-27T12:05:25+00:00","breadcrumb":{"@id":"https:\/\/jornalpontomais.com\/site\/2024\/06\/27\/brasileiro-juventude-derrota-lider-flamengo-no-alfredo-jaconi\/#breadcrumb"},"inLanguage":"pt-BR","potentialAction":[{"@type":"ReadAction","target":["https:\/\/jornalpontomais.com\/site\/2024\/06\/27\/brasileiro-juventude-derrota-lider-flamengo-no-alfredo-jaconi\/"]}]},{"@type":"ImageObject","inLanguage":"pt-BR","@id":"https:\/\/jornalpontomais.com\/site\/2024\/06\/27\/brasileiro-juventude-derrota-lider-flamengo-no-alfredo-jaconi\/#primaryimage","url":"https:\/\/jornalpontomais.com\/site\/wp-content\/uploads\/2024\/06\/grcqfavwsaay5d1.webp","contentUrl":"https:\/\/jornalpontomais.com\/site\/wp-content\/uploads\/2024\/06\/grcqfavwsaay5d1.webp","width":1170,"height":700},{"@type":"BreadcrumbList","@id":"https:\/\/jornalpontomais.com\/site\/2024\/06\/27\/brasileiro-juventude-derrota-lider-flamengo-no-alfredo-jaconi\/#breadcrumb","itemListElement":[{"@type":"ListItem","position":1,"name":"In\u00edcio","item":"https:\/\/jornalpontomais.com\/site\/"},{"@type":"ListItem","position":2,"name":"Brasileiro: Juventude derrota l\u00edder Flamengo no Alfredo Jaconi"}]},{"@type":"WebSite","@id":"https:\/\/jornalpontomais.com\/site\/#website","url":"https:\/\/jornalpontomais.com\/site\/","name":"Jornal Ponto Mais","description":"As principais not\u00edcias do Brasil e do mundo. Confira!","publisher":{"@id":"https:\/\/jornalpontomais.com\/site\/#organization"},"potentialAction":[{"@type":"SearchAction","target":{"@type":"EntryPoint","urlTemplate":"https:\/\/jornalpontomais.com\/site\/?s={search_term_string}"},"query-input":{"@type":"PropertyValueSpecification","valueRequired":true,"valueName":"search_term_string"}}],"inLanguage":"pt-BR"},{"@type":"Organization","@id":"https:\/\/jornalpontomais.com\/site\/#organization","name":"Jornal Ponto+","url":"https:\/\/jornalpontomais.com\/site\/","logo":{"@type":"ImageObject","inLanguage":"pt-BR","@id":"https:\/\/jornalpontomais.com\/site\/#\/schema\/logo\/image\/","url":"https:\/\/jornalpontomais.com\/site\/wp-content\/uploads\/2022\/01\/marca.png","contentUrl":"https:\/\/jornalpontomais.com\/site\/wp-content\/uploads\/2022\/01\/marca.png","width":582,"height":148,"caption":"Jornal Ponto+"},"image":{"@id":"https:\/\/jornalpontomais.com\/site\/#\/schema\/logo\/image\/"}},{"@type":"Person","@id":"https:\/\/jornalpontomais.com\/site\/#\/schema\/person\/18323f0b0f1355f2490721c48389fe9d","name":"Jornal Ponto Mais","image":{"@type":"ImageObject","inLanguage":"pt-BR","@id":"https:\/\/secure.gravatar.com\/avatar\/2ee0a9b7fe10fe32bdec8bc086e871e41eb5f4f6ecbcb7b4f2fe0d92d831405f?s=96&d=mm&r=g","url":"https:\/\/secure.gravatar.com\/avatar\/2ee0a9b7fe10fe32bdec8bc086e871e41eb5f4f6ecbcb7b4f2fe0d92d831405f?s=96&d=mm&r=g","contentUrl":"https:\/\/secure.gravatar.com\/avatar\/2ee0a9b7fe10fe32bdec8bc086e871e41eb5f4f6ecbcb7b4f2fe0d92d831405f?s=96&d=mm&r=g","caption":"Jornal Ponto Mais"},"sameAs":["https:\/\/jornalpontomais.com\/site","jornalpontomais"],"url":"https:\/\/jornalpontomais.com\/site\/author\/jornalpontomais\/"}]}},"_links":{"self":[{"href":"https:\/\/jornalpontomais.com\/site\/wp-json\/wp\/v2\/posts\/13848","targetHints":{"allow":["GET"]}}],"collection":[{"href":"https:\/\/jornalpontomais.com\/site\/wp-json\/wp\/v2\/posts"}],"about":[{"href":"https:\/\/jornalpontomais.com\/site\/wp-json\/wp\/v2\/types\/post"}],"author":[{"embeddable":true,"href":"https:\/\/jornalpontomais.com\/site\/wp-json\/wp\/v2\/users\/2"}],"replies":[{"embeddable":true,"href":"https:\/\/jornalpontomais.com\/site\/wp-json\/wp\/v2\/comments?post=13848"}],"version-history":[{"count":1,"href":"https:\/\/jornalpontomais.com\/site\/wp-json\/wp\/v2\/posts\/13848\/revisions"}],"predecessor-version":[{"id":13850,"href":"https:\/\/jornalpontomais.com\/site\/wp-json\/wp\/v2\/posts\/13848\/revisions\/13850"}],"wp:featuredmedia":[{"embeddable":true,"href":"https:\/\/jornalpontomais.com\/site\/wp-json\/wp\/v2\/media\/13849"}],"wp:attachment":[{"href":"https:\/\/jornalpontomais.com\/site\/wp-json\/wp\/v2\/media?parent=13848"}],"wp:term":[{"taxonomy":"category","embeddable":true,"href":"https:\/\/jornalpontomais.com\/site\/wp-json\/wp\/v2\/categories?post=13848"},{"taxonomy":"post_tag","embeddable":true,"href":"https:\/\/jornalpontomais.com\/site\/wp-json\/wp\/v2\/tags?post=13848"}],"curies":[{"name":"wp","href":"https:\/\/api.w.org\/{rel}","templated":true}]}}