{"id":13842,"date":"2024-06-26T14:19:20","date_gmt":"2024-06-26T17:19:20","guid":{"rendered":"https:\/\/jornalpontomais.com\/site\/?p=13842"},"modified":"2024-06-26T14:19:21","modified_gmt":"2024-06-26T17:19:21","slug":"portabilidade-do-saldo-devedor-de-cartao-de-credito-entra-em-vigor-em-julho","status":"publish","type":"post","link":"https:\/\/jornalpontomais.com\/site\/2024\/06\/26\/portabilidade-do-saldo-devedor-de-cartao-de-credito-entra-em-vigor-em-julho\/","title":{"rendered":"Portabilidade do saldo devedor de cart\u00e3o de cr\u00e9dito entra em vigor em julho"},"content":{"rendered":"\n<p>A partir do dia 1\u00ba de julho, os consumidores que t\u00eam cart\u00e3o de cr\u00e9dito poder\u00e3o transferir o saldo devedor da fatura para uma institui\u00e7\u00e3o financeira que oferece melhores considera\u00e7\u00f5es de renegocia\u00e7\u00e3o. A medida tem como objetivo buscar diminuir o endividamento dos consumidores, bem como melhorar a capacidade de planejamento.<br><br><\/p>\n\n\n\n<p>Vale destacar que essa medida \u00e9 a mesma que, desde o m\u00eas de janeiro, limitou os\u00a0juros\u00a0do rotativo do cart\u00e3o de cr\u00e9dito a 100% da d\u00edvida. Os consumidores tamb\u00e9m devem estar informados de que a medida tamb\u00e9m vale para instrumentos p\u00f3s-pagos, em que os recursos s\u00e3o depositados para pagamentos de d\u00e9bitos j\u00e1 assumidos.<br><br><\/p>\n\n\n\n<p>Na pr\u00e1tica, a institui\u00e7\u00e3o financeira deve fazer uma proposta por meio de uma opera\u00e7\u00e3o de cr\u00e9dito consolidada e, se a credora original fizer uma contraposta ao devedor, a opera\u00e7\u00e3o dever\u00e1 ter o mesmo prazo de refinanciamento da proponente. Um ponto a ser destacado \u00e9 que a portabilidade ter\u00e1 de ser feita gratuitamente para o consumidor.\u00a0O Banco Central (BC) informa que a igualdade de prazo ir\u00e1 permitir a compara\u00e7\u00e3o dos custos<br><br><\/p>\n\n\n\n<p>O Conselho Monet\u00e1rio Nacional (CMN), tamb\u00e9m elevou a transpar\u00eancia nas faturas do cart\u00e3o de cr\u00e9dito e a partir do dia 1\u00ba as faturas devem trazer uma \u00e1rea de destaque contendo:<\/p>\n\n\n\n<p>&#8211; Informa\u00e7\u00f5es essenciais;<\/p>\n\n\n\n<p>&#8211; Valor total da fatura;<\/p>\n\n\n\n<p>&#8211; Data de vencimentos da fatura do per\u00edodo vigente;<\/p>\n\n\n\n<p>&#8211; Limite total de cr\u00e9dito.<\/p>\n\n\n\n<p><br><br>Uma outra novidade \u00e9 que as faturas tamb\u00e9m apresentar\u00e1 uma \u00e1rea com as op\u00e7\u00f5es de pagamento, devendo ter especifica\u00e7\u00f5es como:<\/p>\n\n\n\n<p>&#8211; Valor do pagamento m\u00ednimo obrigat\u00f3rio;<\/p>\n\n\n\n<p>&#8211; Valor dos encargos a serem cobrados no per\u00edodo seguinte quando houver pagamentos m\u00ednimos;<\/p>\n\n\n\n<p>&#8211; Op\u00e7\u00f5es de financiamento do saldo devedor da fatura;<\/p>\n\n\n\n<p>&#8211; Taxas efetivas de juros mensal e anual;<\/p>\n\n\n\n<p>&#8211; Custo Efetivo Total (CET) das opera\u00e7\u00f5es de cr\u00e9dito.<\/p>\n\n\n\n<p><br><br>As faturas tamb\u00e9m ter\u00e3o uma \u00e1rea com informa\u00e7\u00f5es complementares, apresentando:<\/p>\n\n\n\n<p>&#8211; Lan\u00e7amentos na conta de pagamento;<\/p>\n\n\n\n<p>&#8211; Identifica\u00e7\u00e3o das opera\u00e7\u00f5es de cr\u00e9dito contratadas;<\/p>\n\n\n\n<p>&#8211; Juros e encargos cobrados no per\u00edodo vigente;<\/p>\n\n\n\n<p>&#8211; Valor total de juros e encargos financeiros cobrados com rela\u00e7\u00e3o \u00e0s opera\u00e7\u00f5es de cr\u00e9dito contratadas;<\/p>\n\n\n\n<p>&#8211; Identifica\u00e7\u00e3o de tarifas cobradas;<\/p>\n\n\n\n<p>&#8211; Limites individuais para cada tipo de opera\u00e7\u00e3o.<br><br><\/p>\n\n\n\n<p>Uma outra obriga\u00e7\u00e3o a ser cumprida pelas institui\u00e7\u00f5es financeiras \u00e9 o envio de uma data de vencimento da fatura via e-mail ou mensagem com, pelo menos, dois dias de anteced\u00eancia, ao titular do cart\u00e3o.<\/p>\n","protected":false},"excerpt":{"rendered":"<p>A partir do dia 1\u00ba de julho, os consumidores que t\u00eam cart\u00e3o de cr\u00e9dito poder\u00e3o transferir o saldo devedor da fatura para uma institui\u00e7\u00e3o financeira que oferece melhores considera\u00e7\u00f5es de renegocia\u00e7\u00e3o. A medida tem como objetivo buscar diminuir o endividamento dos consumidores, bem como melhorar a capacidade de planejamento. Vale destacar que essa medida \u00e9 [&hellip;]<\/p>\n","protected":false},"author":2,"featured_media":11253,"comment_status":"open","ping_status":"open","sticky":true,"template":"","format":"standard","meta":{"om_disable_all_campaigns":false,"_monsterinsights_skip_tracking":false,"_monsterinsights_sitenote_active":false,"_monsterinsights_sitenote_note":"","_monsterinsights_sitenote_category":0,"footnotes":""},"categories":[37],"tags":[],"class_list":["post-13842","post","type-post","status-publish","format-standard","has-post-thumbnail","hentry","category-economia"],"yoast_head":"<!-- This site is optimized with the Yoast SEO plugin v27.2 - https:\/\/yoast.com\/product\/yoast-seo-wordpress\/ -->\n<title>Portabilidade do saldo devedor de cart\u00e3o de cr\u00e9dito entra em vigor em julho - Jornal Ponto Mais<\/title>\n<meta name=\"robots\" content=\"index, follow, max-snippet:-1, max-image-preview:large, max-video-preview:-1\" \/>\n<link rel=\"canonical\" href=\"https:\/\/jornalpontomais.com\/site\/2024\/06\/26\/portabilidade-do-saldo-devedor-de-cartao-de-credito-entra-em-vigor-em-julho\/\" \/>\n<meta property=\"og:locale\" content=\"pt_BR\" \/>\n<meta property=\"og:type\" content=\"article\" \/>\n<meta property=\"og:title\" content=\"Portabilidade do saldo devedor de cart\u00e3o de cr\u00e9dito entra em vigor em julho - Jornal Ponto Mais\" \/>\n<meta property=\"og:description\" content=\"A partir do dia 1\u00ba de julho, os consumidores que t\u00eam cart\u00e3o de cr\u00e9dito poder\u00e3o transferir o saldo devedor da fatura para uma institui\u00e7\u00e3o financeira que oferece melhores considera\u00e7\u00f5es de renegocia\u00e7\u00e3o. A medida tem como objetivo buscar diminuir o endividamento dos consumidores, bem como melhorar a capacidade de planejamento. Vale destacar que essa medida \u00e9 [&hellip;]\" \/>\n<meta property=\"og:url\" content=\"https:\/\/jornalpontomais.com\/site\/2024\/06\/26\/portabilidade-do-saldo-devedor-de-cartao-de-credito-entra-em-vigor-em-julho\/\" \/>\n<meta property=\"og:site_name\" content=\"Jornal Ponto Mais\" \/>\n<meta property=\"article:published_time\" content=\"2024-06-26T17:19:20+00:00\" \/>\n<meta property=\"article:modified_time\" content=\"2024-06-26T17:19:21+00:00\" \/>\n<meta property=\"og:image\" content=\"https:\/\/jornalpontomais.com\/site\/wp-content\/uploads\/2024\/01\/cartoes-cartao-de-credito-bancos-divida-endividamento-faturam-financas-1538700589910_v2_1920x1280.jpg\" \/>\n\t<meta property=\"og:image:width\" content=\"1920\" \/>\n\t<meta property=\"og:image:height\" content=\"1280\" \/>\n\t<meta property=\"og:image:type\" content=\"image\/jpeg\" \/>\n<meta name=\"author\" content=\"Jornal Ponto Mais\" \/>\n<meta name=\"twitter:card\" content=\"summary_large_image\" \/>\n<meta name=\"twitter:label1\" content=\"Escrito por\" \/>\n\t<meta name=\"twitter:data1\" content=\"Jornal Ponto Mais\" \/>\n\t<meta name=\"twitter:label2\" content=\"Est. tempo de leitura\" \/>\n\t<meta name=\"twitter:data2\" content=\"2 minutos\" \/>\n<script type=\"application\/ld+json\" class=\"yoast-schema-graph\">{\"@context\":\"https:\/\/schema.org\",\"@graph\":[{\"@type\":\"Article\",\"@id\":\"https:\/\/jornalpontomais.com\/site\/2024\/06\/26\/portabilidade-do-saldo-devedor-de-cartao-de-credito-entra-em-vigor-em-julho\/#article\",\"isPartOf\":{\"@id\":\"https:\/\/jornalpontomais.com\/site\/2024\/06\/26\/portabilidade-do-saldo-devedor-de-cartao-de-credito-entra-em-vigor-em-julho\/\"},\"author\":{\"name\":\"Jornal Ponto Mais\",\"@id\":\"https:\/\/jornalpontomais.com\/site\/#\/schema\/person\/18323f0b0f1355f2490721c48389fe9d\"},\"headline\":\"Portabilidade do saldo devedor de cart\u00e3o de cr\u00e9dito entra em vigor em julho\",\"datePublished\":\"2024-06-26T17:19:20+00:00\",\"dateModified\":\"2024-06-26T17:19:21+00:00\",\"mainEntityOfPage\":{\"@id\":\"https:\/\/jornalpontomais.com\/site\/2024\/06\/26\/portabilidade-do-saldo-devedor-de-cartao-de-credito-entra-em-vigor-em-julho\/\"},\"wordCount\":451,\"commentCount\":0,\"publisher\":{\"@id\":\"https:\/\/jornalpontomais.com\/site\/#organization\"},\"image\":{\"@id\":\"https:\/\/jornalpontomais.com\/site\/2024\/06\/26\/portabilidade-do-saldo-devedor-de-cartao-de-credito-entra-em-vigor-em-julho\/#primaryimage\"},\"thumbnailUrl\":\"https:\/\/jornalpontomais.com\/site\/wp-content\/uploads\/2024\/01\/cartoes-cartao-de-credito-bancos-divida-endividamento-faturam-financas-1538700589910_v2_1920x1280.jpg\",\"articleSection\":[\"Economia\"],\"inLanguage\":\"pt-BR\",\"potentialAction\":[{\"@type\":\"CommentAction\",\"name\":\"Comment\",\"target\":[\"https:\/\/jornalpontomais.com\/site\/2024\/06\/26\/portabilidade-do-saldo-devedor-de-cartao-de-credito-entra-em-vigor-em-julho\/#respond\"]}]},{\"@type\":\"WebPage\",\"@id\":\"https:\/\/jornalpontomais.com\/site\/2024\/06\/26\/portabilidade-do-saldo-devedor-de-cartao-de-credito-entra-em-vigor-em-julho\/\",\"url\":\"https:\/\/jornalpontomais.com\/site\/2024\/06\/26\/portabilidade-do-saldo-devedor-de-cartao-de-credito-entra-em-vigor-em-julho\/\",\"name\":\"Portabilidade do saldo devedor de cart\u00e3o de cr\u00e9dito entra em vigor em julho - Jornal Ponto Mais\",\"isPartOf\":{\"@id\":\"https:\/\/jornalpontomais.com\/site\/#website\"},\"primaryImageOfPage\":{\"@id\":\"https:\/\/jornalpontomais.com\/site\/2024\/06\/26\/portabilidade-do-saldo-devedor-de-cartao-de-credito-entra-em-vigor-em-julho\/#primaryimage\"},\"image\":{\"@id\":\"https:\/\/jornalpontomais.com\/site\/2024\/06\/26\/portabilidade-do-saldo-devedor-de-cartao-de-credito-entra-em-vigor-em-julho\/#primaryimage\"},\"thumbnailUrl\":\"https:\/\/jornalpontomais.com\/site\/wp-content\/uploads\/2024\/01\/cartoes-cartao-de-credito-bancos-divida-endividamento-faturam-financas-1538700589910_v2_1920x1280.jpg\",\"datePublished\":\"2024-06-26T17:19:20+00:00\",\"dateModified\":\"2024-06-26T17:19:21+00:00\",\"breadcrumb\":{\"@id\":\"https:\/\/jornalpontomais.com\/site\/2024\/06\/26\/portabilidade-do-saldo-devedor-de-cartao-de-credito-entra-em-vigor-em-julho\/#breadcrumb\"},\"inLanguage\":\"pt-BR\",\"potentialAction\":[{\"@type\":\"ReadAction\",\"target\":[\"https:\/\/jornalpontomais.com\/site\/2024\/06\/26\/portabilidade-do-saldo-devedor-de-cartao-de-credito-entra-em-vigor-em-julho\/\"]}]},{\"@type\":\"ImageObject\",\"inLanguage\":\"pt-BR\",\"@id\":\"https:\/\/jornalpontomais.com\/site\/2024\/06\/26\/portabilidade-do-saldo-devedor-de-cartao-de-credito-entra-em-vigor-em-julho\/#primaryimage\",\"url\":\"https:\/\/jornalpontomais.com\/site\/wp-content\/uploads\/2024\/01\/cartoes-cartao-de-credito-bancos-divida-endividamento-faturam-financas-1538700589910_v2_1920x1280.jpg\",\"contentUrl\":\"https:\/\/jornalpontomais.com\/site\/wp-content\/uploads\/2024\/01\/cartoes-cartao-de-credito-bancos-divida-endividamento-faturam-financas-1538700589910_v2_1920x1280.jpg\",\"width\":1920,\"height\":1280},{\"@type\":\"BreadcrumbList\",\"@id\":\"https:\/\/jornalpontomais.com\/site\/2024\/06\/26\/portabilidade-do-saldo-devedor-de-cartao-de-credito-entra-em-vigor-em-julho\/#breadcrumb\",\"itemListElement\":[{\"@type\":\"ListItem\",\"position\":1,\"name\":\"In\u00edcio\",\"item\":\"https:\/\/jornalpontomais.com\/site\/\"},{\"@type\":\"ListItem\",\"position\":2,\"name\":\"Portabilidade do saldo devedor de cart\u00e3o de cr\u00e9dito entra em vigor em julho\"}]},{\"@type\":\"WebSite\",\"@id\":\"https:\/\/jornalpontomais.com\/site\/#website\",\"url\":\"https:\/\/jornalpontomais.com\/site\/\",\"name\":\"Jornal Ponto Mais\",\"description\":\"As principais not\u00edcias do Brasil e do mundo. Confira!\",\"publisher\":{\"@id\":\"https:\/\/jornalpontomais.com\/site\/#organization\"},\"potentialAction\":[{\"@type\":\"SearchAction\",\"target\":{\"@type\":\"EntryPoint\",\"urlTemplate\":\"https:\/\/jornalpontomais.com\/site\/?s={search_term_string}\"},\"query-input\":{\"@type\":\"PropertyValueSpecification\",\"valueRequired\":true,\"valueName\":\"search_term_string\"}}],\"inLanguage\":\"pt-BR\"},{\"@type\":\"Organization\",\"@id\":\"https:\/\/jornalpontomais.com\/site\/#organization\",\"name\":\"Jornal Ponto+\",\"url\":\"https:\/\/jornalpontomais.com\/site\/\",\"logo\":{\"@type\":\"ImageObject\",\"inLanguage\":\"pt-BR\",\"@id\":\"https:\/\/jornalpontomais.com\/site\/#\/schema\/logo\/image\/\",\"url\":\"https:\/\/jornalpontomais.com\/site\/wp-content\/uploads\/2022\/01\/marca.png\",\"contentUrl\":\"https:\/\/jornalpontomais.com\/site\/wp-content\/uploads\/2022\/01\/marca.png\",\"width\":582,\"height\":148,\"caption\":\"Jornal Ponto+\"},\"image\":{\"@id\":\"https:\/\/jornalpontomais.com\/site\/#\/schema\/logo\/image\/\"}},{\"@type\":\"Person\",\"@id\":\"https:\/\/jornalpontomais.com\/site\/#\/schema\/person\/18323f0b0f1355f2490721c48389fe9d\",\"name\":\"Jornal Ponto Mais\",\"image\":{\"@type\":\"ImageObject\",\"inLanguage\":\"pt-BR\",\"@id\":\"https:\/\/secure.gravatar.com\/avatar\/2ee0a9b7fe10fe32bdec8bc086e871e41eb5f4f6ecbcb7b4f2fe0d92d831405f?s=96&d=mm&r=g\",\"url\":\"https:\/\/secure.gravatar.com\/avatar\/2ee0a9b7fe10fe32bdec8bc086e871e41eb5f4f6ecbcb7b4f2fe0d92d831405f?s=96&d=mm&r=g\",\"contentUrl\":\"https:\/\/secure.gravatar.com\/avatar\/2ee0a9b7fe10fe32bdec8bc086e871e41eb5f4f6ecbcb7b4f2fe0d92d831405f?s=96&d=mm&r=g\",\"caption\":\"Jornal Ponto Mais\"},\"sameAs\":[\"https:\/\/jornalpontomais.com\/site\",\"jornalpontomais\"],\"url\":\"https:\/\/jornalpontomais.com\/site\/author\/jornalpontomais\/\"}]}<\/script>\n<!-- \/ Yoast SEO plugin. -->","yoast_head_json":{"title":"Portabilidade do saldo devedor de cart\u00e3o de cr\u00e9dito entra em vigor em julho - Jornal Ponto Mais","robots":{"index":"index","follow":"follow","max-snippet":"max-snippet:-1","max-image-preview":"max-image-preview:large","max-video-preview":"max-video-preview:-1"},"canonical":"https:\/\/jornalpontomais.com\/site\/2024\/06\/26\/portabilidade-do-saldo-devedor-de-cartao-de-credito-entra-em-vigor-em-julho\/","og_locale":"pt_BR","og_type":"article","og_title":"Portabilidade do saldo devedor de cart\u00e3o de cr\u00e9dito entra em vigor em julho - Jornal Ponto Mais","og_description":"A partir do dia 1\u00ba de julho, os consumidores que t\u00eam cart\u00e3o de cr\u00e9dito poder\u00e3o transferir o saldo devedor da fatura para uma institui\u00e7\u00e3o financeira que oferece melhores considera\u00e7\u00f5es de renegocia\u00e7\u00e3o. A medida tem como objetivo buscar diminuir o endividamento dos consumidores, bem como melhorar a capacidade de planejamento. Vale destacar que essa medida \u00e9 [&hellip;]","og_url":"https:\/\/jornalpontomais.com\/site\/2024\/06\/26\/portabilidade-do-saldo-devedor-de-cartao-de-credito-entra-em-vigor-em-julho\/","og_site_name":"Jornal Ponto Mais","article_published_time":"2024-06-26T17:19:20+00:00","article_modified_time":"2024-06-26T17:19:21+00:00","og_image":[{"width":1920,"height":1280,"url":"https:\/\/jornalpontomais.com\/site\/wp-content\/uploads\/2024\/01\/cartoes-cartao-de-credito-bancos-divida-endividamento-faturam-financas-1538700589910_v2_1920x1280.jpg","type":"image\/jpeg"}],"author":"Jornal Ponto Mais","twitter_card":"summary_large_image","twitter_misc":{"Escrito por":"Jornal Ponto Mais","Est. tempo de leitura":"2 minutos"},"schema":{"@context":"https:\/\/schema.org","@graph":[{"@type":"Article","@id":"https:\/\/jornalpontomais.com\/site\/2024\/06\/26\/portabilidade-do-saldo-devedor-de-cartao-de-credito-entra-em-vigor-em-julho\/#article","isPartOf":{"@id":"https:\/\/jornalpontomais.com\/site\/2024\/06\/26\/portabilidade-do-saldo-devedor-de-cartao-de-credito-entra-em-vigor-em-julho\/"},"author":{"name":"Jornal Ponto Mais","@id":"https:\/\/jornalpontomais.com\/site\/#\/schema\/person\/18323f0b0f1355f2490721c48389fe9d"},"headline":"Portabilidade do saldo devedor de cart\u00e3o de cr\u00e9dito entra em vigor em julho","datePublished":"2024-06-26T17:19:20+00:00","dateModified":"2024-06-26T17:19:21+00:00","mainEntityOfPage":{"@id":"https:\/\/jornalpontomais.com\/site\/2024\/06\/26\/portabilidade-do-saldo-devedor-de-cartao-de-credito-entra-em-vigor-em-julho\/"},"wordCount":451,"commentCount":0,"publisher":{"@id":"https:\/\/jornalpontomais.com\/site\/#organization"},"image":{"@id":"https:\/\/jornalpontomais.com\/site\/2024\/06\/26\/portabilidade-do-saldo-devedor-de-cartao-de-credito-entra-em-vigor-em-julho\/#primaryimage"},"thumbnailUrl":"https:\/\/jornalpontomais.com\/site\/wp-content\/uploads\/2024\/01\/cartoes-cartao-de-credito-bancos-divida-endividamento-faturam-financas-1538700589910_v2_1920x1280.jpg","articleSection":["Economia"],"inLanguage":"pt-BR","potentialAction":[{"@type":"CommentAction","name":"Comment","target":["https:\/\/jornalpontomais.com\/site\/2024\/06\/26\/portabilidade-do-saldo-devedor-de-cartao-de-credito-entra-em-vigor-em-julho\/#respond"]}]},{"@type":"WebPage","@id":"https:\/\/jornalpontomais.com\/site\/2024\/06\/26\/portabilidade-do-saldo-devedor-de-cartao-de-credito-entra-em-vigor-em-julho\/","url":"https:\/\/jornalpontomais.com\/site\/2024\/06\/26\/portabilidade-do-saldo-devedor-de-cartao-de-credito-entra-em-vigor-em-julho\/","name":"Portabilidade do saldo devedor de cart\u00e3o de cr\u00e9dito entra em vigor em julho - Jornal Ponto Mais","isPartOf":{"@id":"https:\/\/jornalpontomais.com\/site\/#website"},"primaryImageOfPage":{"@id":"https:\/\/jornalpontomais.com\/site\/2024\/06\/26\/portabilidade-do-saldo-devedor-de-cartao-de-credito-entra-em-vigor-em-julho\/#primaryimage"},"image":{"@id":"https:\/\/jornalpontomais.com\/site\/2024\/06\/26\/portabilidade-do-saldo-devedor-de-cartao-de-credito-entra-em-vigor-em-julho\/#primaryimage"},"thumbnailUrl":"https:\/\/jornalpontomais.com\/site\/wp-content\/uploads\/2024\/01\/cartoes-cartao-de-credito-bancos-divida-endividamento-faturam-financas-1538700589910_v2_1920x1280.jpg","datePublished":"2024-06-26T17:19:20+00:00","dateModified":"2024-06-26T17:19:21+00:00","breadcrumb":{"@id":"https:\/\/jornalpontomais.com\/site\/2024\/06\/26\/portabilidade-do-saldo-devedor-de-cartao-de-credito-entra-em-vigor-em-julho\/#breadcrumb"},"inLanguage":"pt-BR","potentialAction":[{"@type":"ReadAction","target":["https:\/\/jornalpontomais.com\/site\/2024\/06\/26\/portabilidade-do-saldo-devedor-de-cartao-de-credito-entra-em-vigor-em-julho\/"]}]},{"@type":"ImageObject","inLanguage":"pt-BR","@id":"https:\/\/jornalpontomais.com\/site\/2024\/06\/26\/portabilidade-do-saldo-devedor-de-cartao-de-credito-entra-em-vigor-em-julho\/#primaryimage","url":"https:\/\/jornalpontomais.com\/site\/wp-content\/uploads\/2024\/01\/cartoes-cartao-de-credito-bancos-divida-endividamento-faturam-financas-1538700589910_v2_1920x1280.jpg","contentUrl":"https:\/\/jornalpontomais.com\/site\/wp-content\/uploads\/2024\/01\/cartoes-cartao-de-credito-bancos-divida-endividamento-faturam-financas-1538700589910_v2_1920x1280.jpg","width":1920,"height":1280},{"@type":"BreadcrumbList","@id":"https:\/\/jornalpontomais.com\/site\/2024\/06\/26\/portabilidade-do-saldo-devedor-de-cartao-de-credito-entra-em-vigor-em-julho\/#breadcrumb","itemListElement":[{"@type":"ListItem","position":1,"name":"In\u00edcio","item":"https:\/\/jornalpontomais.com\/site\/"},{"@type":"ListItem","position":2,"name":"Portabilidade do saldo devedor de cart\u00e3o de cr\u00e9dito entra em vigor em julho"}]},{"@type":"WebSite","@id":"https:\/\/jornalpontomais.com\/site\/#website","url":"https:\/\/jornalpontomais.com\/site\/","name":"Jornal Ponto Mais","description":"As principais not\u00edcias do Brasil e do mundo. Confira!","publisher":{"@id":"https:\/\/jornalpontomais.com\/site\/#organization"},"potentialAction":[{"@type":"SearchAction","target":{"@type":"EntryPoint","urlTemplate":"https:\/\/jornalpontomais.com\/site\/?s={search_term_string}"},"query-input":{"@type":"PropertyValueSpecification","valueRequired":true,"valueName":"search_term_string"}}],"inLanguage":"pt-BR"},{"@type":"Organization","@id":"https:\/\/jornalpontomais.com\/site\/#organization","name":"Jornal Ponto+","url":"https:\/\/jornalpontomais.com\/site\/","logo":{"@type":"ImageObject","inLanguage":"pt-BR","@id":"https:\/\/jornalpontomais.com\/site\/#\/schema\/logo\/image\/","url":"https:\/\/jornalpontomais.com\/site\/wp-content\/uploads\/2022\/01\/marca.png","contentUrl":"https:\/\/jornalpontomais.com\/site\/wp-content\/uploads\/2022\/01\/marca.png","width":582,"height":148,"caption":"Jornal Ponto+"},"image":{"@id":"https:\/\/jornalpontomais.com\/site\/#\/schema\/logo\/image\/"}},{"@type":"Person","@id":"https:\/\/jornalpontomais.com\/site\/#\/schema\/person\/18323f0b0f1355f2490721c48389fe9d","name":"Jornal Ponto Mais","image":{"@type":"ImageObject","inLanguage":"pt-BR","@id":"https:\/\/secure.gravatar.com\/avatar\/2ee0a9b7fe10fe32bdec8bc086e871e41eb5f4f6ecbcb7b4f2fe0d92d831405f?s=96&d=mm&r=g","url":"https:\/\/secure.gravatar.com\/avatar\/2ee0a9b7fe10fe32bdec8bc086e871e41eb5f4f6ecbcb7b4f2fe0d92d831405f?s=96&d=mm&r=g","contentUrl":"https:\/\/secure.gravatar.com\/avatar\/2ee0a9b7fe10fe32bdec8bc086e871e41eb5f4f6ecbcb7b4f2fe0d92d831405f?s=96&d=mm&r=g","caption":"Jornal Ponto Mais"},"sameAs":["https:\/\/jornalpontomais.com\/site","jornalpontomais"],"url":"https:\/\/jornalpontomais.com\/site\/author\/jornalpontomais\/"}]}},"_links":{"self":[{"href":"https:\/\/jornalpontomais.com\/site\/wp-json\/wp\/v2\/posts\/13842","targetHints":{"allow":["GET"]}}],"collection":[{"href":"https:\/\/jornalpontomais.com\/site\/wp-json\/wp\/v2\/posts"}],"about":[{"href":"https:\/\/jornalpontomais.com\/site\/wp-json\/wp\/v2\/types\/post"}],"author":[{"embeddable":true,"href":"https:\/\/jornalpontomais.com\/site\/wp-json\/wp\/v2\/users\/2"}],"replies":[{"embeddable":true,"href":"https:\/\/jornalpontomais.com\/site\/wp-json\/wp\/v2\/comments?post=13842"}],"version-history":[{"count":1,"href":"https:\/\/jornalpontomais.com\/site\/wp-json\/wp\/v2\/posts\/13842\/revisions"}],"predecessor-version":[{"id":13843,"href":"https:\/\/jornalpontomais.com\/site\/wp-json\/wp\/v2\/posts\/13842\/revisions\/13843"}],"wp:featuredmedia":[{"embeddable":true,"href":"https:\/\/jornalpontomais.com\/site\/wp-json\/wp\/v2\/media\/11253"}],"wp:attachment":[{"href":"https:\/\/jornalpontomais.com\/site\/wp-json\/wp\/v2\/media?parent=13842"}],"wp:term":[{"taxonomy":"category","embeddable":true,"href":"https:\/\/jornalpontomais.com\/site\/wp-json\/wp\/v2\/categories?post=13842"},{"taxonomy":"post_tag","embeddable":true,"href":"https:\/\/jornalpontomais.com\/site\/wp-json\/wp\/v2\/tags?post=13842"}],"curies":[{"name":"wp","href":"https:\/\/api.w.org\/{rel}","templated":true}]}}