{"id":13763,"date":"2024-06-21T10:23:48","date_gmt":"2024-06-21T13:23:48","guid":{"rendered":"https:\/\/jornalpontomais.com\/site\/?p=13763"},"modified":"2024-06-21T10:23:49","modified_gmt":"2024-06-21T13:23:49","slug":"vazio-sanitario-da-soja-comeca-dia-27-de-junho-em-goias","status":"publish","type":"post","link":"https:\/\/jornalpontomais.com\/site\/2024\/06\/21\/vazio-sanitario-da-soja-comeca-dia-27-de-junho-em-goias\/","title":{"rendered":"Vazio sanit\u00e1rio da soja come\u00e7a dia 27 de junho em Goi\u00e1s"},"content":{"rendered":"\n<p>A Ag\u00eancia Goiana de Defesa Agropecu\u00e1ria (<a href=\"https:\/\/goias.gov.br\/agrodefesa\/\">Agrodefesa<\/a>) alerta que o vazio sanit\u00e1rio da soja come\u00e7a no pr\u00f3ximo dia 27 em Goi\u00e1s. At\u00e9 24 de setembro, no per\u00edodo de 90 dias, n\u00e3o ser\u00e1 permitido plantar ou manter plantas vivas de soja em qualquer fase de desenvolvimento em lavouras, nem mesmo as tigueras, que s\u00e3o plantas de soja que germinam no campo logo ap\u00f3s a colheita.<br><br><\/p>\n\n\n\n<p>Um dos objetivos da medida fitossanit\u00e1ria \u00e9 contribuir para a minimiza\u00e7\u00e3o de custos na preven\u00e7\u00e3o e no controle da ferrugem asi\u00e1tica, assim como evitar a dissemina\u00e7\u00e3o da doen\u00e7a no estado.<br><br><\/p>\n\n\n\n<p>De acordo com o calend\u00e1rio previsto na Instru\u00e7\u00e3o Normativa (IN) n\u00ba 02\/2021, da Agrodefesa, a partir do dia 25 de setembro, o produtor poder\u00e1 iniciar o plantio na safra 2024\/2025 em solo goiano, estendendo o prazo at\u00e9 o dia 2 de janeiro de 2025.<br><br><\/p>\n\n\n\n<p>Ainda segundo a IN, o cadastro de lavoura tamb\u00e9m deve ser feito junto ao Sistema de Defesa Agropecu\u00e1ria (Sidago) at\u00e9 15 dias ap\u00f3s o t\u00e9rmino da semeadura da soja.<br><br><\/p>\n\n\n\n<p><strong>Soja<\/strong><\/p>\n\n\n\n<p>Com mais de 17,7 milh\u00f5es de toneladas cultivadas na safra 2022\/2023, Goi\u00e1s \u00e9 atualmente o terceiro maior produtor de soja no Pa\u00eds, atr\u00e1s apenas de Mato Grosso e Paran\u00e1, segundo dados consolidados pela Companhia Nacional de Abastecimento (Conab). O presidente da Agrodefesa, Jos\u00e9 Ricardo Caixeta Ramos, ressalta que esse resultado s\u00f3 \u00e9 poss\u00edvel porque h\u00e1 o cumprimento de importantes medidas legislativas, como os per\u00edodos do vazio sanit\u00e1rio e de semeadura.<br><br><\/p>\n\n\n\n<p>\u201cO produtor rural goiano sabe que \u00e9 necess\u00e1rio seguir o calend\u00e1rio fitossanit\u00e1rio e sempre busca cumprir os prazos. \u00c9 um grande parceiro da defesa agropecu\u00e1ria. Mas \u00e9 papel da Agrodefesa orientar e refor\u00e7ar a import\u00e2ncia de adotar as medidas fitossanit\u00e1rias para ajudar a reduzir o \u00edndice populacional da ferrugem asi\u00e1tica no campo, assegurando assim a sanidade vegetal no Estado e, por consequ\u00eancia, os bons n\u00fameros da agricultura goiana\u201d, enfatiza.<br><br><\/p>\n\n\n\n<p><strong>Na pr\u00e1tica<\/strong><\/p>\n\n\n\n<p>O vazio sanit\u00e1rio da soja \u00e9 uma medida preventiva adotada em Goi\u00e1s desde 2004. A gerente de Sanidade Vegetal da Agrodefesa, Daniela R\u00e9zio, informa que \u00e9 uma a\u00e7\u00e3o eficaz e aprovada pela pesquisa cient\u00edfica. \u201cSempre orientamos que \u00e9 uma estrat\u00e9gia adicional ao manejo, que j\u00e1 \u00e9 realizado pelos produtores no campo. Ent\u00e3o, a jun\u00e7\u00e3o dessas medidas traz reflexos positivos no controle \u00e0 ferrugem asi\u00e1tica, porque a aus\u00eancia total de plantas de soja, no per\u00edodo determinado de 90 dias, inclusive as tigueras, contribui para prevenir e controlar a doen\u00e7a nas lavouras\u201d.<br><br><\/p>\n\n\n\n<p>Daniela ressalta ainda que o cadastramento de lavoura, que deve ser feito at\u00e9 15 dias ap\u00f3s o fim da semeadura, \u00e9 necess\u00e1rio para que a Agrodefesa possa identificar e orientar a import\u00e2ncia do cumprimento dos calend\u00e1rios. \u201cIsso para evitar preju\u00edzo e queda de produtividade dos gr\u00e3os e a produ\u00e7\u00e3o de sementes de soja, que ali\u00e1s, na safra passada fomos os maior produtor de sementes do Pa\u00eds\u201d, relata.<br><br><\/p>\n\n\n\n<p><strong>Orienta\u00e7\u00f5es<\/strong><\/p>\n\n\n\n<p>\u00c9 importante destacar que a prorroga\u00e7\u00e3o do calend\u00e1rio da soja que ocorreu na safra 2023\/2024, se estendeu em car\u00e1ter excepcional at\u00e9 12 de janeiro em virtude das condi\u00e7\u00f5es clim\u00e1ticas desfavor\u00e1veis, mediante solicita\u00e7\u00e3o da Agrodefesa e autoriza\u00e7\u00e3o concedida pelo Minist\u00e9rio da Agricultura e Pecu\u00e1ria (Mapa).<br><br><\/p>\n\n\n\n<p>\u201cA irregularidade no per\u00edodo das chuvas e as elevadas temperaturas comprometeram o desenvolvimento de lavouras em v\u00e1rias regi\u00f5es goianas. Por isso, buscamos atender ao pedido do setor produtivo e conseguimos junto ao Mapa a prorroga\u00e7\u00e3o do prazo de semeadura, porque era realmente necess\u00e1rio naquela situa\u00e7\u00e3o, motivada pela forte influ\u00eancia do fen\u00f4meno El Ni\u00f1o no Estado. Mas precisamos refor\u00e7ar que essa altera\u00e7\u00e3o n\u00e3o vai mudar o calend\u00e1rio do vazio sanit\u00e1rio ou da semeadura na safra 2024\/2025\u201d, orienta Daniela R\u00e9zio.<\/p>\n","protected":false},"excerpt":{"rendered":"<p>A Ag\u00eancia Goiana de Defesa Agropecu\u00e1ria (Agrodefesa) alerta que o vazio sanit\u00e1rio da soja come\u00e7a no pr\u00f3ximo dia 27 em Goi\u00e1s. At\u00e9 24 de setembro, no per\u00edodo de 90 dias, n\u00e3o ser\u00e1 permitido plantar ou manter plantas vivas de soja em qualquer fase de desenvolvimento em lavouras, nem mesmo as tigueras, que s\u00e3o plantas de [&hellip;]<\/p>\n","protected":false},"author":2,"featured_media":13764,"comment_status":"open","ping_status":"open","sticky":true,"template":"","format":"standard","meta":{"om_disable_all_campaigns":false,"_monsterinsights_skip_tracking":false,"_monsterinsights_sitenote_active":false,"_monsterinsights_sitenote_note":"","_monsterinsights_sitenote_category":0,"footnotes":""},"categories":[37],"tags":[],"class_list":["post-13763","post","type-post","status-publish","format-standard","has-post-thumbnail","hentry","category-economia"],"yoast_head":"<!-- This site is optimized with the Yoast SEO plugin v27.2 - https:\/\/yoast.com\/product\/yoast-seo-wordpress\/ -->\n<title>Vazio sanit\u00e1rio da soja come\u00e7a dia 27 de junho em Goi\u00e1s - Jornal Ponto Mais<\/title>\n<meta name=\"robots\" content=\"index, follow, max-snippet:-1, max-image-preview:large, max-video-preview:-1\" \/>\n<link rel=\"canonical\" href=\"https:\/\/jornalpontomais.com\/site\/2024\/06\/21\/vazio-sanitario-da-soja-comeca-dia-27-de-junho-em-goias\/\" \/>\n<meta property=\"og:locale\" content=\"pt_BR\" \/>\n<meta property=\"og:type\" content=\"article\" \/>\n<meta property=\"og:title\" content=\"Vazio sanit\u00e1rio da soja come\u00e7a dia 27 de junho em Goi\u00e1s - Jornal Ponto Mais\" \/>\n<meta property=\"og:description\" content=\"A Ag\u00eancia Goiana de Defesa Agropecu\u00e1ria (Agrodefesa) alerta que o vazio sanit\u00e1rio da soja come\u00e7a no pr\u00f3ximo dia 27 em Goi\u00e1s. At\u00e9 24 de setembro, no per\u00edodo de 90 dias, n\u00e3o ser\u00e1 permitido plantar ou manter plantas vivas de soja em qualquer fase de desenvolvimento em lavouras, nem mesmo as tigueras, que s\u00e3o plantas de [&hellip;]\" \/>\n<meta property=\"og:url\" content=\"https:\/\/jornalpontomais.com\/site\/2024\/06\/21\/vazio-sanitario-da-soja-comeca-dia-27-de-junho-em-goias\/\" \/>\n<meta property=\"og:site_name\" content=\"Jornal Ponto Mais\" \/>\n<meta property=\"article:published_time\" content=\"2024-06-21T13:23:48+00:00\" \/>\n<meta property=\"article:modified_time\" content=\"2024-06-21T13:23:49+00:00\" \/>\n<meta property=\"og:image\" content=\"https:\/\/jornalpontomais.com\/site\/wp-content\/uploads\/2024\/06\/2023_01_18_soja-1215x807.jpeg.webp\" \/>\n\t<meta property=\"og:image:width\" content=\"1215\" \/>\n\t<meta property=\"og:image:height\" content=\"807\" \/>\n\t<meta property=\"og:image:type\" content=\"image\/webp\" \/>\n<meta name=\"author\" content=\"Jornal Ponto Mais\" \/>\n<meta name=\"twitter:card\" content=\"summary_large_image\" \/>\n<meta name=\"twitter:label1\" content=\"Escrito por\" \/>\n\t<meta name=\"twitter:data1\" content=\"Jornal Ponto Mais\" \/>\n\t<meta name=\"twitter:label2\" content=\"Est. tempo de leitura\" \/>\n\t<meta name=\"twitter:data2\" content=\"3 minutos\" \/>\n<script type=\"application\/ld+json\" class=\"yoast-schema-graph\">{\"@context\":\"https:\/\/schema.org\",\"@graph\":[{\"@type\":\"Article\",\"@id\":\"https:\/\/jornalpontomais.com\/site\/2024\/06\/21\/vazio-sanitario-da-soja-comeca-dia-27-de-junho-em-goias\/#article\",\"isPartOf\":{\"@id\":\"https:\/\/jornalpontomais.com\/site\/2024\/06\/21\/vazio-sanitario-da-soja-comeca-dia-27-de-junho-em-goias\/\"},\"author\":{\"name\":\"Jornal Ponto Mais\",\"@id\":\"https:\/\/jornalpontomais.com\/site\/#\/schema\/person\/18323f0b0f1355f2490721c48389fe9d\"},\"headline\":\"Vazio sanit\u00e1rio da soja come\u00e7a dia 27 de junho em Goi\u00e1s\",\"datePublished\":\"2024-06-21T13:23:48+00:00\",\"dateModified\":\"2024-06-21T13:23:49+00:00\",\"mainEntityOfPage\":{\"@id\":\"https:\/\/jornalpontomais.com\/site\/2024\/06\/21\/vazio-sanitario-da-soja-comeca-dia-27-de-junho-em-goias\/\"},\"wordCount\":659,\"commentCount\":0,\"publisher\":{\"@id\":\"https:\/\/jornalpontomais.com\/site\/#organization\"},\"image\":{\"@id\":\"https:\/\/jornalpontomais.com\/site\/2024\/06\/21\/vazio-sanitario-da-soja-comeca-dia-27-de-junho-em-goias\/#primaryimage\"},\"thumbnailUrl\":\"https:\/\/jornalpontomais.com\/site\/wp-content\/uploads\/2024\/06\/2023_01_18_soja-1215x807.jpeg.webp\",\"articleSection\":[\"Economia\"],\"inLanguage\":\"pt-BR\",\"potentialAction\":[{\"@type\":\"CommentAction\",\"name\":\"Comment\",\"target\":[\"https:\/\/jornalpontomais.com\/site\/2024\/06\/21\/vazio-sanitario-da-soja-comeca-dia-27-de-junho-em-goias\/#respond\"]}]},{\"@type\":\"WebPage\",\"@id\":\"https:\/\/jornalpontomais.com\/site\/2024\/06\/21\/vazio-sanitario-da-soja-comeca-dia-27-de-junho-em-goias\/\",\"url\":\"https:\/\/jornalpontomais.com\/site\/2024\/06\/21\/vazio-sanitario-da-soja-comeca-dia-27-de-junho-em-goias\/\",\"name\":\"Vazio sanit\u00e1rio da soja come\u00e7a dia 27 de junho em Goi\u00e1s - Jornal Ponto Mais\",\"isPartOf\":{\"@id\":\"https:\/\/jornalpontomais.com\/site\/#website\"},\"primaryImageOfPage\":{\"@id\":\"https:\/\/jornalpontomais.com\/site\/2024\/06\/21\/vazio-sanitario-da-soja-comeca-dia-27-de-junho-em-goias\/#primaryimage\"},\"image\":{\"@id\":\"https:\/\/jornalpontomais.com\/site\/2024\/06\/21\/vazio-sanitario-da-soja-comeca-dia-27-de-junho-em-goias\/#primaryimage\"},\"thumbnailUrl\":\"https:\/\/jornalpontomais.com\/site\/wp-content\/uploads\/2024\/06\/2023_01_18_soja-1215x807.jpeg.webp\",\"datePublished\":\"2024-06-21T13:23:48+00:00\",\"dateModified\":\"2024-06-21T13:23:49+00:00\",\"breadcrumb\":{\"@id\":\"https:\/\/jornalpontomais.com\/site\/2024\/06\/21\/vazio-sanitario-da-soja-comeca-dia-27-de-junho-em-goias\/#breadcrumb\"},\"inLanguage\":\"pt-BR\",\"potentialAction\":[{\"@type\":\"ReadAction\",\"target\":[\"https:\/\/jornalpontomais.com\/site\/2024\/06\/21\/vazio-sanitario-da-soja-comeca-dia-27-de-junho-em-goias\/\"]}]},{\"@type\":\"ImageObject\",\"inLanguage\":\"pt-BR\",\"@id\":\"https:\/\/jornalpontomais.com\/site\/2024\/06\/21\/vazio-sanitario-da-soja-comeca-dia-27-de-junho-em-goias\/#primaryimage\",\"url\":\"https:\/\/jornalpontomais.com\/site\/wp-content\/uploads\/2024\/06\/2023_01_18_soja-1215x807.jpeg.webp\",\"contentUrl\":\"https:\/\/jornalpontomais.com\/site\/wp-content\/uploads\/2024\/06\/2023_01_18_soja-1215x807.jpeg.webp\",\"width\":1215,\"height\":807},{\"@type\":\"BreadcrumbList\",\"@id\":\"https:\/\/jornalpontomais.com\/site\/2024\/06\/21\/vazio-sanitario-da-soja-comeca-dia-27-de-junho-em-goias\/#breadcrumb\",\"itemListElement\":[{\"@type\":\"ListItem\",\"position\":1,\"name\":\"In\u00edcio\",\"item\":\"https:\/\/jornalpontomais.com\/site\/\"},{\"@type\":\"ListItem\",\"position\":2,\"name\":\"Vazio sanit\u00e1rio da soja come\u00e7a dia 27 de junho em Goi\u00e1s\"}]},{\"@type\":\"WebSite\",\"@id\":\"https:\/\/jornalpontomais.com\/site\/#website\",\"url\":\"https:\/\/jornalpontomais.com\/site\/\",\"name\":\"Jornal Ponto Mais\",\"description\":\"As principais not\u00edcias do Brasil e do mundo. Confira!\",\"publisher\":{\"@id\":\"https:\/\/jornalpontomais.com\/site\/#organization\"},\"potentialAction\":[{\"@type\":\"SearchAction\",\"target\":{\"@type\":\"EntryPoint\",\"urlTemplate\":\"https:\/\/jornalpontomais.com\/site\/?s={search_term_string}\"},\"query-input\":{\"@type\":\"PropertyValueSpecification\",\"valueRequired\":true,\"valueName\":\"search_term_string\"}}],\"inLanguage\":\"pt-BR\"},{\"@type\":\"Organization\",\"@id\":\"https:\/\/jornalpontomais.com\/site\/#organization\",\"name\":\"Jornal Ponto+\",\"url\":\"https:\/\/jornalpontomais.com\/site\/\",\"logo\":{\"@type\":\"ImageObject\",\"inLanguage\":\"pt-BR\",\"@id\":\"https:\/\/jornalpontomais.com\/site\/#\/schema\/logo\/image\/\",\"url\":\"https:\/\/jornalpontomais.com\/site\/wp-content\/uploads\/2022\/01\/marca.png\",\"contentUrl\":\"https:\/\/jornalpontomais.com\/site\/wp-content\/uploads\/2022\/01\/marca.png\",\"width\":582,\"height\":148,\"caption\":\"Jornal Ponto+\"},\"image\":{\"@id\":\"https:\/\/jornalpontomais.com\/site\/#\/schema\/logo\/image\/\"}},{\"@type\":\"Person\",\"@id\":\"https:\/\/jornalpontomais.com\/site\/#\/schema\/person\/18323f0b0f1355f2490721c48389fe9d\",\"name\":\"Jornal Ponto Mais\",\"image\":{\"@type\":\"ImageObject\",\"inLanguage\":\"pt-BR\",\"@id\":\"https:\/\/secure.gravatar.com\/avatar\/2ee0a9b7fe10fe32bdec8bc086e871e41eb5f4f6ecbcb7b4f2fe0d92d831405f?s=96&d=mm&r=g\",\"url\":\"https:\/\/secure.gravatar.com\/avatar\/2ee0a9b7fe10fe32bdec8bc086e871e41eb5f4f6ecbcb7b4f2fe0d92d831405f?s=96&d=mm&r=g\",\"contentUrl\":\"https:\/\/secure.gravatar.com\/avatar\/2ee0a9b7fe10fe32bdec8bc086e871e41eb5f4f6ecbcb7b4f2fe0d92d831405f?s=96&d=mm&r=g\",\"caption\":\"Jornal Ponto Mais\"},\"sameAs\":[\"https:\/\/jornalpontomais.com\/site\",\"jornalpontomais\"],\"url\":\"https:\/\/jornalpontomais.com\/site\/author\/jornalpontomais\/\"}]}<\/script>\n<!-- \/ Yoast SEO plugin. -->","yoast_head_json":{"title":"Vazio sanit\u00e1rio da soja come\u00e7a dia 27 de junho em Goi\u00e1s - Jornal Ponto Mais","robots":{"index":"index","follow":"follow","max-snippet":"max-snippet:-1","max-image-preview":"max-image-preview:large","max-video-preview":"max-video-preview:-1"},"canonical":"https:\/\/jornalpontomais.com\/site\/2024\/06\/21\/vazio-sanitario-da-soja-comeca-dia-27-de-junho-em-goias\/","og_locale":"pt_BR","og_type":"article","og_title":"Vazio sanit\u00e1rio da soja come\u00e7a dia 27 de junho em Goi\u00e1s - Jornal Ponto Mais","og_description":"A Ag\u00eancia Goiana de Defesa Agropecu\u00e1ria (Agrodefesa) alerta que o vazio sanit\u00e1rio da soja come\u00e7a no pr\u00f3ximo dia 27 em Goi\u00e1s. At\u00e9 24 de setembro, no per\u00edodo de 90 dias, n\u00e3o ser\u00e1 permitido plantar ou manter plantas vivas de soja em qualquer fase de desenvolvimento em lavouras, nem mesmo as tigueras, que s\u00e3o plantas de [&hellip;]","og_url":"https:\/\/jornalpontomais.com\/site\/2024\/06\/21\/vazio-sanitario-da-soja-comeca-dia-27-de-junho-em-goias\/","og_site_name":"Jornal Ponto Mais","article_published_time":"2024-06-21T13:23:48+00:00","article_modified_time":"2024-06-21T13:23:49+00:00","og_image":[{"width":1215,"height":807,"url":"https:\/\/jornalpontomais.com\/site\/wp-content\/uploads\/2024\/06\/2023_01_18_soja-1215x807.jpeg.webp","type":"image\/webp"}],"author":"Jornal Ponto Mais","twitter_card":"summary_large_image","twitter_misc":{"Escrito por":"Jornal Ponto Mais","Est. tempo de leitura":"3 minutos"},"schema":{"@context":"https:\/\/schema.org","@graph":[{"@type":"Article","@id":"https:\/\/jornalpontomais.com\/site\/2024\/06\/21\/vazio-sanitario-da-soja-comeca-dia-27-de-junho-em-goias\/#article","isPartOf":{"@id":"https:\/\/jornalpontomais.com\/site\/2024\/06\/21\/vazio-sanitario-da-soja-comeca-dia-27-de-junho-em-goias\/"},"author":{"name":"Jornal Ponto Mais","@id":"https:\/\/jornalpontomais.com\/site\/#\/schema\/person\/18323f0b0f1355f2490721c48389fe9d"},"headline":"Vazio sanit\u00e1rio da soja come\u00e7a dia 27 de junho em Goi\u00e1s","datePublished":"2024-06-21T13:23:48+00:00","dateModified":"2024-06-21T13:23:49+00:00","mainEntityOfPage":{"@id":"https:\/\/jornalpontomais.com\/site\/2024\/06\/21\/vazio-sanitario-da-soja-comeca-dia-27-de-junho-em-goias\/"},"wordCount":659,"commentCount":0,"publisher":{"@id":"https:\/\/jornalpontomais.com\/site\/#organization"},"image":{"@id":"https:\/\/jornalpontomais.com\/site\/2024\/06\/21\/vazio-sanitario-da-soja-comeca-dia-27-de-junho-em-goias\/#primaryimage"},"thumbnailUrl":"https:\/\/jornalpontomais.com\/site\/wp-content\/uploads\/2024\/06\/2023_01_18_soja-1215x807.jpeg.webp","articleSection":["Economia"],"inLanguage":"pt-BR","potentialAction":[{"@type":"CommentAction","name":"Comment","target":["https:\/\/jornalpontomais.com\/site\/2024\/06\/21\/vazio-sanitario-da-soja-comeca-dia-27-de-junho-em-goias\/#respond"]}]},{"@type":"WebPage","@id":"https:\/\/jornalpontomais.com\/site\/2024\/06\/21\/vazio-sanitario-da-soja-comeca-dia-27-de-junho-em-goias\/","url":"https:\/\/jornalpontomais.com\/site\/2024\/06\/21\/vazio-sanitario-da-soja-comeca-dia-27-de-junho-em-goias\/","name":"Vazio sanit\u00e1rio da soja come\u00e7a dia 27 de junho em Goi\u00e1s - Jornal Ponto Mais","isPartOf":{"@id":"https:\/\/jornalpontomais.com\/site\/#website"},"primaryImageOfPage":{"@id":"https:\/\/jornalpontomais.com\/site\/2024\/06\/21\/vazio-sanitario-da-soja-comeca-dia-27-de-junho-em-goias\/#primaryimage"},"image":{"@id":"https:\/\/jornalpontomais.com\/site\/2024\/06\/21\/vazio-sanitario-da-soja-comeca-dia-27-de-junho-em-goias\/#primaryimage"},"thumbnailUrl":"https:\/\/jornalpontomais.com\/site\/wp-content\/uploads\/2024\/06\/2023_01_18_soja-1215x807.jpeg.webp","datePublished":"2024-06-21T13:23:48+00:00","dateModified":"2024-06-21T13:23:49+00:00","breadcrumb":{"@id":"https:\/\/jornalpontomais.com\/site\/2024\/06\/21\/vazio-sanitario-da-soja-comeca-dia-27-de-junho-em-goias\/#breadcrumb"},"inLanguage":"pt-BR","potentialAction":[{"@type":"ReadAction","target":["https:\/\/jornalpontomais.com\/site\/2024\/06\/21\/vazio-sanitario-da-soja-comeca-dia-27-de-junho-em-goias\/"]}]},{"@type":"ImageObject","inLanguage":"pt-BR","@id":"https:\/\/jornalpontomais.com\/site\/2024\/06\/21\/vazio-sanitario-da-soja-comeca-dia-27-de-junho-em-goias\/#primaryimage","url":"https:\/\/jornalpontomais.com\/site\/wp-content\/uploads\/2024\/06\/2023_01_18_soja-1215x807.jpeg.webp","contentUrl":"https:\/\/jornalpontomais.com\/site\/wp-content\/uploads\/2024\/06\/2023_01_18_soja-1215x807.jpeg.webp","width":1215,"height":807},{"@type":"BreadcrumbList","@id":"https:\/\/jornalpontomais.com\/site\/2024\/06\/21\/vazio-sanitario-da-soja-comeca-dia-27-de-junho-em-goias\/#breadcrumb","itemListElement":[{"@type":"ListItem","position":1,"name":"In\u00edcio","item":"https:\/\/jornalpontomais.com\/site\/"},{"@type":"ListItem","position":2,"name":"Vazio sanit\u00e1rio da soja come\u00e7a dia 27 de junho em Goi\u00e1s"}]},{"@type":"WebSite","@id":"https:\/\/jornalpontomais.com\/site\/#website","url":"https:\/\/jornalpontomais.com\/site\/","name":"Jornal Ponto Mais","description":"As principais not\u00edcias do Brasil e do mundo. Confira!","publisher":{"@id":"https:\/\/jornalpontomais.com\/site\/#organization"},"potentialAction":[{"@type":"SearchAction","target":{"@type":"EntryPoint","urlTemplate":"https:\/\/jornalpontomais.com\/site\/?s={search_term_string}"},"query-input":{"@type":"PropertyValueSpecification","valueRequired":true,"valueName":"search_term_string"}}],"inLanguage":"pt-BR"},{"@type":"Organization","@id":"https:\/\/jornalpontomais.com\/site\/#organization","name":"Jornal Ponto+","url":"https:\/\/jornalpontomais.com\/site\/","logo":{"@type":"ImageObject","inLanguage":"pt-BR","@id":"https:\/\/jornalpontomais.com\/site\/#\/schema\/logo\/image\/","url":"https:\/\/jornalpontomais.com\/site\/wp-content\/uploads\/2022\/01\/marca.png","contentUrl":"https:\/\/jornalpontomais.com\/site\/wp-content\/uploads\/2022\/01\/marca.png","width":582,"height":148,"caption":"Jornal Ponto+"},"image":{"@id":"https:\/\/jornalpontomais.com\/site\/#\/schema\/logo\/image\/"}},{"@type":"Person","@id":"https:\/\/jornalpontomais.com\/site\/#\/schema\/person\/18323f0b0f1355f2490721c48389fe9d","name":"Jornal Ponto Mais","image":{"@type":"ImageObject","inLanguage":"pt-BR","@id":"https:\/\/secure.gravatar.com\/avatar\/2ee0a9b7fe10fe32bdec8bc086e871e41eb5f4f6ecbcb7b4f2fe0d92d831405f?s=96&d=mm&r=g","url":"https:\/\/secure.gravatar.com\/avatar\/2ee0a9b7fe10fe32bdec8bc086e871e41eb5f4f6ecbcb7b4f2fe0d92d831405f?s=96&d=mm&r=g","contentUrl":"https:\/\/secure.gravatar.com\/avatar\/2ee0a9b7fe10fe32bdec8bc086e871e41eb5f4f6ecbcb7b4f2fe0d92d831405f?s=96&d=mm&r=g","caption":"Jornal Ponto Mais"},"sameAs":["https:\/\/jornalpontomais.com\/site","jornalpontomais"],"url":"https:\/\/jornalpontomais.com\/site\/author\/jornalpontomais\/"}]}},"_links":{"self":[{"href":"https:\/\/jornalpontomais.com\/site\/wp-json\/wp\/v2\/posts\/13763","targetHints":{"allow":["GET"]}}],"collection":[{"href":"https:\/\/jornalpontomais.com\/site\/wp-json\/wp\/v2\/posts"}],"about":[{"href":"https:\/\/jornalpontomais.com\/site\/wp-json\/wp\/v2\/types\/post"}],"author":[{"embeddable":true,"href":"https:\/\/jornalpontomais.com\/site\/wp-json\/wp\/v2\/users\/2"}],"replies":[{"embeddable":true,"href":"https:\/\/jornalpontomais.com\/site\/wp-json\/wp\/v2\/comments?post=13763"}],"version-history":[{"count":1,"href":"https:\/\/jornalpontomais.com\/site\/wp-json\/wp\/v2\/posts\/13763\/revisions"}],"predecessor-version":[{"id":13765,"href":"https:\/\/jornalpontomais.com\/site\/wp-json\/wp\/v2\/posts\/13763\/revisions\/13765"}],"wp:featuredmedia":[{"embeddable":true,"href":"https:\/\/jornalpontomais.com\/site\/wp-json\/wp\/v2\/media\/13764"}],"wp:attachment":[{"href":"https:\/\/jornalpontomais.com\/site\/wp-json\/wp\/v2\/media?parent=13763"}],"wp:term":[{"taxonomy":"category","embeddable":true,"href":"https:\/\/jornalpontomais.com\/site\/wp-json\/wp\/v2\/categories?post=13763"},{"taxonomy":"post_tag","embeddable":true,"href":"https:\/\/jornalpontomais.com\/site\/wp-json\/wp\/v2\/tags?post=13763"}],"curies":[{"name":"wp","href":"https:\/\/api.w.org\/{rel}","templated":true}]}}