{"id":13751,"date":"2024-06-20T11:53:26","date_gmt":"2024-06-20T14:53:26","guid":{"rendered":"https:\/\/jornalpontomais.com\/site\/?p=13751"},"modified":"2024-06-20T11:55:29","modified_gmt":"2024-06-20T14:55:29","slug":"ultraprocessados-estao-associados-a-32-doencas-diferentes","status":"publish","type":"post","link":"https:\/\/jornalpontomais.com\/site\/2024\/06\/20\/ultraprocessados-estao-associados-a-32-doencas-diferentes\/","title":{"rendered":"Ultraprocessados est\u00e3o associados a 32 doen\u00e7as diferentes"},"content":{"rendered":"\n<p>Alimentos ultraprocessados podem causar uma s\u00e9rie de problemas de sa\u00fade em consumidores frequentes. Pesquisadores da Deaken University, na Austr\u00e1lia, associaram dietas ricas em alimentos ultraprocessados a um risco aumentado de 32 doen\u00e7as diferentes. Esses alimentos est\u00e3o fortemente ligados ao risco de morte precoce, doen\u00e7as card\u00edacas, c\u00e2ncer, dist\u00farbios de sa\u00fade mental, excesso de peso e obesidade, e diabetes tipo 2.<br><br><\/p>\n\n\n\n<p>Para esta an\u00e1lise, os pesquisadores revisaram dados agrupados de 14 artigos publicados nos \u00faltimos tr\u00eas anos, envolvendo quase 10 milh\u00f5es de participantes. Nenhum dos estudos foi financiado por empresas que produzem alimentos ultraprocessados.<br><br><\/p>\n\n\n\n<p>As evid\u00eancias tamb\u00e9m mostraram que o consumo de alimentos ultraprocessados est\u00e1 associado a um risco 21% maior de morte por qualquer causa, 55% maior de obesidade, 40% maior de diabetes tipo 2, 41% maior de problemas de sono e 22% maior de depress\u00e3o.<br><br><\/p>\n\n\n\n<p>Os pesquisadores destacaram que esses efeitos prejudiciais \u00e0 sa\u00fade n\u00e3o s\u00e3o totalmente explicados pela falta de nutrientes e altas calorias desses produtos. Altera\u00e7\u00f5es feitas durante a fabrica\u00e7\u00e3o podem afetar a digest\u00e3o, a absor\u00e7\u00e3o de nutrientes e a sensa\u00e7\u00e3o de saciedade.<br><br><\/p>\n\n\n\n<p>Alguns aditivos usados nesses alimentos, como ado\u00e7antes, emulsificantes, corantes e nitratos, podem levar a problemas de sa\u00fade. O processamento industrial intensivo de alimentos tamb\u00e9m pode produzir subst\u00e2ncias nocivas que contribuem para a inflama\u00e7\u00e3o cr\u00f4nica, e at\u00e9 mesmo os materiais de embalagem podem conter contaminantes.<br><br><\/p>\n\n\n\n<p>Devido a isso, os pesquisadores recomendam que reguladores e legisladores tomem medidas para controlar esses alimentos, incluindo etiquetas nutricionais; a proibi\u00e7\u00e3o de vendas perto de escolas e hospitais; e a promo\u00e7\u00e3o de alimentos frescos, n\u00e3o processados ou minimamente processados.<\/p>\n\n\n\n<p><em>Fonte: BMJ. DOI: 10.1136\/bmj-2023-077310.<\/em><\/p>\n","protected":false},"excerpt":{"rendered":"<p>Alimentos ultraprocessados podem causar uma s\u00e9rie de problemas de sa\u00fade em consumidores frequentes. Pesquisadores da Deaken University, na Austr\u00e1lia, associaram dietas ricas em alimentos ultraprocessados a um risco aumentado de 32 doen\u00e7as diferentes. Esses alimentos est\u00e3o fortemente ligados ao risco de morte precoce, doen\u00e7as card\u00edacas, c\u00e2ncer, dist\u00farbios de sa\u00fade mental, excesso de peso e obesidade, [&hellip;]<\/p>\n","protected":false},"author":2,"featured_media":13755,"comment_status":"open","ping_status":"open","sticky":true,"template":"","format":"standard","meta":{"om_disable_all_campaigns":false,"_monsterinsights_skip_tracking":false,"_monsterinsights_sitenote_active":false,"_monsterinsights_sitenote_note":"","_monsterinsights_sitenote_category":0,"footnotes":""},"categories":[3],"tags":[],"class_list":["post-13751","post","type-post","status-publish","format-standard","has-post-thumbnail","hentry","category-saude"],"yoast_head":"<!-- This site is optimized with the Yoast SEO plugin v27.2 - https:\/\/yoast.com\/product\/yoast-seo-wordpress\/ -->\n<title>Ultraprocessados est\u00e3o associados a 32 doen\u00e7as diferentes - Jornal Ponto Mais<\/title>\n<meta name=\"robots\" content=\"index, follow, max-snippet:-1, max-image-preview:large, max-video-preview:-1\" \/>\n<link rel=\"canonical\" href=\"https:\/\/jornalpontomais.com\/site\/2024\/06\/20\/ultraprocessados-estao-associados-a-32-doencas-diferentes\/\" \/>\n<meta property=\"og:locale\" content=\"pt_BR\" \/>\n<meta property=\"og:type\" content=\"article\" \/>\n<meta property=\"og:title\" content=\"Ultraprocessados est\u00e3o associados a 32 doen\u00e7as diferentes - Jornal Ponto Mais\" \/>\n<meta property=\"og:description\" content=\"Alimentos ultraprocessados podem causar uma s\u00e9rie de problemas de sa\u00fade em consumidores frequentes. Pesquisadores da Deaken University, na Austr\u00e1lia, associaram dietas ricas em alimentos ultraprocessados a um risco aumentado de 32 doen\u00e7as diferentes. Esses alimentos est\u00e3o fortemente ligados ao risco de morte precoce, doen\u00e7as card\u00edacas, c\u00e2ncer, dist\u00farbios de sa\u00fade mental, excesso de peso e obesidade, [&hellip;]\" \/>\n<meta property=\"og:url\" content=\"https:\/\/jornalpontomais.com\/site\/2024\/06\/20\/ultraprocessados-estao-associados-a-32-doencas-diferentes\/\" \/>\n<meta property=\"og:site_name\" content=\"Jornal Ponto Mais\" \/>\n<meta property=\"article:published_time\" content=\"2024-06-20T14:53:26+00:00\" \/>\n<meta property=\"article:modified_time\" content=\"2024-06-20T14:55:29+00:00\" \/>\n<meta property=\"og:image\" content=\"https:\/\/jornalpontomais.com\/site\/wp-content\/uploads\/2024\/06\/processados-e-ultraprocessados.jpeg\" \/>\n\t<meta property=\"og:image:width\" content=\"1600\" \/>\n\t<meta property=\"og:image:height\" content=\"990\" \/>\n\t<meta property=\"og:image:type\" content=\"image\/jpeg\" \/>\n<meta name=\"author\" content=\"Jornal Ponto Mais\" \/>\n<meta name=\"twitter:card\" content=\"summary_large_image\" \/>\n<meta name=\"twitter:label1\" content=\"Escrito por\" \/>\n\t<meta name=\"twitter:data1\" content=\"Jornal Ponto Mais\" \/>\n\t<meta name=\"twitter:label2\" content=\"Est. tempo de leitura\" \/>\n\t<meta name=\"twitter:data2\" content=\"1 minuto\" \/>\n<script type=\"application\/ld+json\" class=\"yoast-schema-graph\">{\"@context\":\"https:\/\/schema.org\",\"@graph\":[{\"@type\":\"Article\",\"@id\":\"https:\/\/jornalpontomais.com\/site\/2024\/06\/20\/ultraprocessados-estao-associados-a-32-doencas-diferentes\/#article\",\"isPartOf\":{\"@id\":\"https:\/\/jornalpontomais.com\/site\/2024\/06\/20\/ultraprocessados-estao-associados-a-32-doencas-diferentes\/\"},\"author\":{\"name\":\"Jornal Ponto Mais\",\"@id\":\"https:\/\/jornalpontomais.com\/site\/#\/schema\/person\/18323f0b0f1355f2490721c48389fe9d\"},\"headline\":\"Ultraprocessados est\u00e3o associados a 32 doen\u00e7as diferentes\",\"datePublished\":\"2024-06-20T14:53:26+00:00\",\"dateModified\":\"2024-06-20T14:55:29+00:00\",\"mainEntityOfPage\":{\"@id\":\"https:\/\/jornalpontomais.com\/site\/2024\/06\/20\/ultraprocessados-estao-associados-a-32-doencas-diferentes\/\"},\"wordCount\":293,\"commentCount\":0,\"publisher\":{\"@id\":\"https:\/\/jornalpontomais.com\/site\/#organization\"},\"image\":{\"@id\":\"https:\/\/jornalpontomais.com\/site\/2024\/06\/20\/ultraprocessados-estao-associados-a-32-doencas-diferentes\/#primaryimage\"},\"thumbnailUrl\":\"https:\/\/jornalpontomais.com\/site\/wp-content\/uploads\/2024\/06\/processados-e-ultraprocessados.jpeg\",\"articleSection\":[\"Sa\u00fade\"],\"inLanguage\":\"pt-BR\",\"potentialAction\":[{\"@type\":\"CommentAction\",\"name\":\"Comment\",\"target\":[\"https:\/\/jornalpontomais.com\/site\/2024\/06\/20\/ultraprocessados-estao-associados-a-32-doencas-diferentes\/#respond\"]}]},{\"@type\":\"WebPage\",\"@id\":\"https:\/\/jornalpontomais.com\/site\/2024\/06\/20\/ultraprocessados-estao-associados-a-32-doencas-diferentes\/\",\"url\":\"https:\/\/jornalpontomais.com\/site\/2024\/06\/20\/ultraprocessados-estao-associados-a-32-doencas-diferentes\/\",\"name\":\"Ultraprocessados est\u00e3o associados a 32 doen\u00e7as diferentes - Jornal Ponto Mais\",\"isPartOf\":{\"@id\":\"https:\/\/jornalpontomais.com\/site\/#website\"},\"primaryImageOfPage\":{\"@id\":\"https:\/\/jornalpontomais.com\/site\/2024\/06\/20\/ultraprocessados-estao-associados-a-32-doencas-diferentes\/#primaryimage\"},\"image\":{\"@id\":\"https:\/\/jornalpontomais.com\/site\/2024\/06\/20\/ultraprocessados-estao-associados-a-32-doencas-diferentes\/#primaryimage\"},\"thumbnailUrl\":\"https:\/\/jornalpontomais.com\/site\/wp-content\/uploads\/2024\/06\/processados-e-ultraprocessados.jpeg\",\"datePublished\":\"2024-06-20T14:53:26+00:00\",\"dateModified\":\"2024-06-20T14:55:29+00:00\",\"breadcrumb\":{\"@id\":\"https:\/\/jornalpontomais.com\/site\/2024\/06\/20\/ultraprocessados-estao-associados-a-32-doencas-diferentes\/#breadcrumb\"},\"inLanguage\":\"pt-BR\",\"potentialAction\":[{\"@type\":\"ReadAction\",\"target\":[\"https:\/\/jornalpontomais.com\/site\/2024\/06\/20\/ultraprocessados-estao-associados-a-32-doencas-diferentes\/\"]}]},{\"@type\":\"ImageObject\",\"inLanguage\":\"pt-BR\",\"@id\":\"https:\/\/jornalpontomais.com\/site\/2024\/06\/20\/ultraprocessados-estao-associados-a-32-doencas-diferentes\/#primaryimage\",\"url\":\"https:\/\/jornalpontomais.com\/site\/wp-content\/uploads\/2024\/06\/processados-e-ultraprocessados.jpeg\",\"contentUrl\":\"https:\/\/jornalpontomais.com\/site\/wp-content\/uploads\/2024\/06\/processados-e-ultraprocessados.jpeg\",\"width\":1600,\"height\":990},{\"@type\":\"BreadcrumbList\",\"@id\":\"https:\/\/jornalpontomais.com\/site\/2024\/06\/20\/ultraprocessados-estao-associados-a-32-doencas-diferentes\/#breadcrumb\",\"itemListElement\":[{\"@type\":\"ListItem\",\"position\":1,\"name\":\"In\u00edcio\",\"item\":\"https:\/\/jornalpontomais.com\/site\/\"},{\"@type\":\"ListItem\",\"position\":2,\"name\":\"Ultraprocessados est\u00e3o associados a 32 doen\u00e7as diferentes\"}]},{\"@type\":\"WebSite\",\"@id\":\"https:\/\/jornalpontomais.com\/site\/#website\",\"url\":\"https:\/\/jornalpontomais.com\/site\/\",\"name\":\"Jornal Ponto Mais\",\"description\":\"As principais not\u00edcias do Brasil e do mundo. Confira!\",\"publisher\":{\"@id\":\"https:\/\/jornalpontomais.com\/site\/#organization\"},\"potentialAction\":[{\"@type\":\"SearchAction\",\"target\":{\"@type\":\"EntryPoint\",\"urlTemplate\":\"https:\/\/jornalpontomais.com\/site\/?s={search_term_string}\"},\"query-input\":{\"@type\":\"PropertyValueSpecification\",\"valueRequired\":true,\"valueName\":\"search_term_string\"}}],\"inLanguage\":\"pt-BR\"},{\"@type\":\"Organization\",\"@id\":\"https:\/\/jornalpontomais.com\/site\/#organization\",\"name\":\"Jornal Ponto+\",\"url\":\"https:\/\/jornalpontomais.com\/site\/\",\"logo\":{\"@type\":\"ImageObject\",\"inLanguage\":\"pt-BR\",\"@id\":\"https:\/\/jornalpontomais.com\/site\/#\/schema\/logo\/image\/\",\"url\":\"https:\/\/jornalpontomais.com\/site\/wp-content\/uploads\/2022\/01\/marca.png\",\"contentUrl\":\"https:\/\/jornalpontomais.com\/site\/wp-content\/uploads\/2022\/01\/marca.png\",\"width\":582,\"height\":148,\"caption\":\"Jornal Ponto+\"},\"image\":{\"@id\":\"https:\/\/jornalpontomais.com\/site\/#\/schema\/logo\/image\/\"}},{\"@type\":\"Person\",\"@id\":\"https:\/\/jornalpontomais.com\/site\/#\/schema\/person\/18323f0b0f1355f2490721c48389fe9d\",\"name\":\"Jornal Ponto Mais\",\"image\":{\"@type\":\"ImageObject\",\"inLanguage\":\"pt-BR\",\"@id\":\"https:\/\/secure.gravatar.com\/avatar\/2ee0a9b7fe10fe32bdec8bc086e871e41eb5f4f6ecbcb7b4f2fe0d92d831405f?s=96&d=mm&r=g\",\"url\":\"https:\/\/secure.gravatar.com\/avatar\/2ee0a9b7fe10fe32bdec8bc086e871e41eb5f4f6ecbcb7b4f2fe0d92d831405f?s=96&d=mm&r=g\",\"contentUrl\":\"https:\/\/secure.gravatar.com\/avatar\/2ee0a9b7fe10fe32bdec8bc086e871e41eb5f4f6ecbcb7b4f2fe0d92d831405f?s=96&d=mm&r=g\",\"caption\":\"Jornal Ponto Mais\"},\"sameAs\":[\"https:\/\/jornalpontomais.com\/site\",\"jornalpontomais\"],\"url\":\"https:\/\/jornalpontomais.com\/site\/author\/jornalpontomais\/\"}]}<\/script>\n<!-- \/ Yoast SEO plugin. -->","yoast_head_json":{"title":"Ultraprocessados est\u00e3o associados a 32 doen\u00e7as diferentes - Jornal Ponto Mais","robots":{"index":"index","follow":"follow","max-snippet":"max-snippet:-1","max-image-preview":"max-image-preview:large","max-video-preview":"max-video-preview:-1"},"canonical":"https:\/\/jornalpontomais.com\/site\/2024\/06\/20\/ultraprocessados-estao-associados-a-32-doencas-diferentes\/","og_locale":"pt_BR","og_type":"article","og_title":"Ultraprocessados est\u00e3o associados a 32 doen\u00e7as diferentes - Jornal Ponto Mais","og_description":"Alimentos ultraprocessados podem causar uma s\u00e9rie de problemas de sa\u00fade em consumidores frequentes. Pesquisadores da Deaken University, na Austr\u00e1lia, associaram dietas ricas em alimentos ultraprocessados a um risco aumentado de 32 doen\u00e7as diferentes. Esses alimentos est\u00e3o fortemente ligados ao risco de morte precoce, doen\u00e7as card\u00edacas, c\u00e2ncer, dist\u00farbios de sa\u00fade mental, excesso de peso e obesidade, [&hellip;]","og_url":"https:\/\/jornalpontomais.com\/site\/2024\/06\/20\/ultraprocessados-estao-associados-a-32-doencas-diferentes\/","og_site_name":"Jornal Ponto Mais","article_published_time":"2024-06-20T14:53:26+00:00","article_modified_time":"2024-06-20T14:55:29+00:00","og_image":[{"width":1600,"height":990,"url":"https:\/\/jornalpontomais.com\/site\/wp-content\/uploads\/2024\/06\/processados-e-ultraprocessados.jpeg","type":"image\/jpeg"}],"author":"Jornal Ponto Mais","twitter_card":"summary_large_image","twitter_misc":{"Escrito por":"Jornal Ponto Mais","Est. tempo de leitura":"1 minuto"},"schema":{"@context":"https:\/\/schema.org","@graph":[{"@type":"Article","@id":"https:\/\/jornalpontomais.com\/site\/2024\/06\/20\/ultraprocessados-estao-associados-a-32-doencas-diferentes\/#article","isPartOf":{"@id":"https:\/\/jornalpontomais.com\/site\/2024\/06\/20\/ultraprocessados-estao-associados-a-32-doencas-diferentes\/"},"author":{"name":"Jornal Ponto Mais","@id":"https:\/\/jornalpontomais.com\/site\/#\/schema\/person\/18323f0b0f1355f2490721c48389fe9d"},"headline":"Ultraprocessados est\u00e3o associados a 32 doen\u00e7as diferentes","datePublished":"2024-06-20T14:53:26+00:00","dateModified":"2024-06-20T14:55:29+00:00","mainEntityOfPage":{"@id":"https:\/\/jornalpontomais.com\/site\/2024\/06\/20\/ultraprocessados-estao-associados-a-32-doencas-diferentes\/"},"wordCount":293,"commentCount":0,"publisher":{"@id":"https:\/\/jornalpontomais.com\/site\/#organization"},"image":{"@id":"https:\/\/jornalpontomais.com\/site\/2024\/06\/20\/ultraprocessados-estao-associados-a-32-doencas-diferentes\/#primaryimage"},"thumbnailUrl":"https:\/\/jornalpontomais.com\/site\/wp-content\/uploads\/2024\/06\/processados-e-ultraprocessados.jpeg","articleSection":["Sa\u00fade"],"inLanguage":"pt-BR","potentialAction":[{"@type":"CommentAction","name":"Comment","target":["https:\/\/jornalpontomais.com\/site\/2024\/06\/20\/ultraprocessados-estao-associados-a-32-doencas-diferentes\/#respond"]}]},{"@type":"WebPage","@id":"https:\/\/jornalpontomais.com\/site\/2024\/06\/20\/ultraprocessados-estao-associados-a-32-doencas-diferentes\/","url":"https:\/\/jornalpontomais.com\/site\/2024\/06\/20\/ultraprocessados-estao-associados-a-32-doencas-diferentes\/","name":"Ultraprocessados est\u00e3o associados a 32 doen\u00e7as diferentes - Jornal Ponto Mais","isPartOf":{"@id":"https:\/\/jornalpontomais.com\/site\/#website"},"primaryImageOfPage":{"@id":"https:\/\/jornalpontomais.com\/site\/2024\/06\/20\/ultraprocessados-estao-associados-a-32-doencas-diferentes\/#primaryimage"},"image":{"@id":"https:\/\/jornalpontomais.com\/site\/2024\/06\/20\/ultraprocessados-estao-associados-a-32-doencas-diferentes\/#primaryimage"},"thumbnailUrl":"https:\/\/jornalpontomais.com\/site\/wp-content\/uploads\/2024\/06\/processados-e-ultraprocessados.jpeg","datePublished":"2024-06-20T14:53:26+00:00","dateModified":"2024-06-20T14:55:29+00:00","breadcrumb":{"@id":"https:\/\/jornalpontomais.com\/site\/2024\/06\/20\/ultraprocessados-estao-associados-a-32-doencas-diferentes\/#breadcrumb"},"inLanguage":"pt-BR","potentialAction":[{"@type":"ReadAction","target":["https:\/\/jornalpontomais.com\/site\/2024\/06\/20\/ultraprocessados-estao-associados-a-32-doencas-diferentes\/"]}]},{"@type":"ImageObject","inLanguage":"pt-BR","@id":"https:\/\/jornalpontomais.com\/site\/2024\/06\/20\/ultraprocessados-estao-associados-a-32-doencas-diferentes\/#primaryimage","url":"https:\/\/jornalpontomais.com\/site\/wp-content\/uploads\/2024\/06\/processados-e-ultraprocessados.jpeg","contentUrl":"https:\/\/jornalpontomais.com\/site\/wp-content\/uploads\/2024\/06\/processados-e-ultraprocessados.jpeg","width":1600,"height":990},{"@type":"BreadcrumbList","@id":"https:\/\/jornalpontomais.com\/site\/2024\/06\/20\/ultraprocessados-estao-associados-a-32-doencas-diferentes\/#breadcrumb","itemListElement":[{"@type":"ListItem","position":1,"name":"In\u00edcio","item":"https:\/\/jornalpontomais.com\/site\/"},{"@type":"ListItem","position":2,"name":"Ultraprocessados est\u00e3o associados a 32 doen\u00e7as diferentes"}]},{"@type":"WebSite","@id":"https:\/\/jornalpontomais.com\/site\/#website","url":"https:\/\/jornalpontomais.com\/site\/","name":"Jornal Ponto Mais","description":"As principais not\u00edcias do Brasil e do mundo. Confira!","publisher":{"@id":"https:\/\/jornalpontomais.com\/site\/#organization"},"potentialAction":[{"@type":"SearchAction","target":{"@type":"EntryPoint","urlTemplate":"https:\/\/jornalpontomais.com\/site\/?s={search_term_string}"},"query-input":{"@type":"PropertyValueSpecification","valueRequired":true,"valueName":"search_term_string"}}],"inLanguage":"pt-BR"},{"@type":"Organization","@id":"https:\/\/jornalpontomais.com\/site\/#organization","name":"Jornal Ponto+","url":"https:\/\/jornalpontomais.com\/site\/","logo":{"@type":"ImageObject","inLanguage":"pt-BR","@id":"https:\/\/jornalpontomais.com\/site\/#\/schema\/logo\/image\/","url":"https:\/\/jornalpontomais.com\/site\/wp-content\/uploads\/2022\/01\/marca.png","contentUrl":"https:\/\/jornalpontomais.com\/site\/wp-content\/uploads\/2022\/01\/marca.png","width":582,"height":148,"caption":"Jornal Ponto+"},"image":{"@id":"https:\/\/jornalpontomais.com\/site\/#\/schema\/logo\/image\/"}},{"@type":"Person","@id":"https:\/\/jornalpontomais.com\/site\/#\/schema\/person\/18323f0b0f1355f2490721c48389fe9d","name":"Jornal Ponto Mais","image":{"@type":"ImageObject","inLanguage":"pt-BR","@id":"https:\/\/secure.gravatar.com\/avatar\/2ee0a9b7fe10fe32bdec8bc086e871e41eb5f4f6ecbcb7b4f2fe0d92d831405f?s=96&d=mm&r=g","url":"https:\/\/secure.gravatar.com\/avatar\/2ee0a9b7fe10fe32bdec8bc086e871e41eb5f4f6ecbcb7b4f2fe0d92d831405f?s=96&d=mm&r=g","contentUrl":"https:\/\/secure.gravatar.com\/avatar\/2ee0a9b7fe10fe32bdec8bc086e871e41eb5f4f6ecbcb7b4f2fe0d92d831405f?s=96&d=mm&r=g","caption":"Jornal Ponto Mais"},"sameAs":["https:\/\/jornalpontomais.com\/site","jornalpontomais"],"url":"https:\/\/jornalpontomais.com\/site\/author\/jornalpontomais\/"}]}},"_links":{"self":[{"href":"https:\/\/jornalpontomais.com\/site\/wp-json\/wp\/v2\/posts\/13751","targetHints":{"allow":["GET"]}}],"collection":[{"href":"https:\/\/jornalpontomais.com\/site\/wp-json\/wp\/v2\/posts"}],"about":[{"href":"https:\/\/jornalpontomais.com\/site\/wp-json\/wp\/v2\/types\/post"}],"author":[{"embeddable":true,"href":"https:\/\/jornalpontomais.com\/site\/wp-json\/wp\/v2\/users\/2"}],"replies":[{"embeddable":true,"href":"https:\/\/jornalpontomais.com\/site\/wp-json\/wp\/v2\/comments?post=13751"}],"version-history":[{"count":1,"href":"https:\/\/jornalpontomais.com\/site\/wp-json\/wp\/v2\/posts\/13751\/revisions"}],"predecessor-version":[{"id":13753,"href":"https:\/\/jornalpontomais.com\/site\/wp-json\/wp\/v2\/posts\/13751\/revisions\/13753"}],"wp:featuredmedia":[{"embeddable":true,"href":"https:\/\/jornalpontomais.com\/site\/wp-json\/wp\/v2\/media\/13755"}],"wp:attachment":[{"href":"https:\/\/jornalpontomais.com\/site\/wp-json\/wp\/v2\/media?parent=13751"}],"wp:term":[{"taxonomy":"category","embeddable":true,"href":"https:\/\/jornalpontomais.com\/site\/wp-json\/wp\/v2\/categories?post=13751"},{"taxonomy":"post_tag","embeddable":true,"href":"https:\/\/jornalpontomais.com\/site\/wp-json\/wp\/v2\/tags?post=13751"}],"curies":[{"name":"wp","href":"https:\/\/api.w.org\/{rel}","templated":true}]}}