{"id":13745,"date":"2024-06-20T10:26:39","date_gmt":"2024-06-20T13:26:39","guid":{"rendered":"https:\/\/jornalpontomais.com\/site\/?p=13745"},"modified":"2024-06-20T10:26:40","modified_gmt":"2024-06-20T13:26:40","slug":"itens-de-festa-junina-tem-diferenca-nos-precos-de-ate-213","status":"publish","type":"post","link":"https:\/\/jornalpontomais.com\/site\/2024\/06\/20\/itens-de-festa-junina-tem-diferenca-nos-precos-de-ate-213\/","title":{"rendered":"Itens de festa junina t\u00eam diferen\u00e7a nos pre\u00e7os de at\u00e9 213%"},"content":{"rendered":"\n<p>Levantamento do Procon Goi\u00e1s divulgado nesta ter\u00e7a-feira (18\/06) e dispon\u00edvel na internet revela varia\u00e7\u00e3o de at\u00e9 213% nos pre\u00e7os de produtos de festa junina. Este foi o \u00edndice encontrado no pacote de canjica amarela da marca Sinh\u00e1 (500g), que pode custar de R$ 2,39 a R$ 7,49. O triplo do pre\u00e7o.<br><br><\/p>\n\n\n\n<p>Os valores de outros 85 itens, como fub\u00e1 de milho, pipoca, amendoim e pa\u00e7oca, tamb\u00e9m foram pesquisados em 22 estabelecimentos de Goi\u00e2nia.<br><br><\/p>\n\n\n\n<p><strong>Festa Junina<\/strong><\/p>\n\n\n\n<p>Em segundo lugar est\u00e1 o coco ralado da marca Mais Coco (100g), com 167% de diferen\u00e7a, sendo comercializado de R$ 2,79 a R$ 7,45. J\u00e1 o leite de coco da marca Sococo apresentou 166% de varia\u00e7\u00e3o, com o menor valor de R$ 3,59 e o maior de R$ 9,55.<br><br><\/p>\n\n\n\n<p>O tradicional chap\u00e9u de palha natural apresentou 82% de oscila\u00e7\u00e3o, comercializado de R$ 8,48 a R$ 15,49. O aluguel de vestidos juninos infantis varia de R$ 120 at\u00e9 R$ 220.<br><br><\/p>\n\n\n\n<p>O relat\u00f3rio da pesquisa feita pelo \u00f3rg\u00e3o tamb\u00e9m compara os pre\u00e7os deste ano com os verificados em 2023. O leite de coco, por exemplo, apresentou alta de 36%, saindo de um pre\u00e7o m\u00e9dio de R$ 4,59, em 2023, para R$ 6,27 neste ano.<br><br><\/p>\n\n\n\n<p>Em contrapartida, o kit com 11 unidades de bandeirolas apresentou queda de 34%, apresentando pre\u00e7o m\u00e9dio de R$23,61, em 2023, e R$15,56 em 2024.<br><br><\/p>\n\n\n\n<p><strong>Orienta\u00e7\u00f5es<\/strong><\/p>\n\n\n\n<p>O Procon Goi\u00e1s afirma que a pesquisa de pre\u00e7os \u00e9 a principal aliada dos consumidores antes das compras. Outro cuidado \u00e9 observar os alimentos pr\u00e9-embalados ou industrializados, que devem conter na embalagem a identifica\u00e7\u00e3o do fabricante ou importador, ingredientes, peso e origem.<br><br><\/p>\n\n\n\n<p>Na compra de produtos naturais ou a granel, verifique o peso e a apar\u00eancia. Caso haja irregularidades, o fornecedor imediato (feirante, supermercadista) \u00e9 o respons\u00e1vel.<br><br><\/p>\n\n\n\n<p>Antes de consumir alimentos em quermesses, o consumidor deve se atentar \u00e0 higiene do local e do que est\u00e1 sendo vendido, considerando que a manipula\u00e7\u00e3o dos alimentos deve ser feita por pessoas com avental, luvas e cabelos protegidos.<br><br><\/p>\n\n\n\n<p>A pesquisa completa est\u00e1 dispon\u00edvel no&nbsp;<a href=\"https:\/\/goias.gov.br\/procon\/\">site<\/a>&nbsp;do Procon Goi\u00e1s. Den\u00fancias podem ser feitas pelo telefone&nbsp;<strong>151<\/strong>.<\/p>\n","protected":false},"excerpt":{"rendered":"<p>Levantamento do Procon Goi\u00e1s divulgado nesta ter\u00e7a-feira (18\/06) e dispon\u00edvel na internet revela varia\u00e7\u00e3o de at\u00e9 213% nos pre\u00e7os de produtos de festa junina. Este foi o \u00edndice encontrado no pacote de canjica amarela da marca Sinh\u00e1 (500g), que pode custar de R$ 2,39 a R$ 7,49. O triplo do pre\u00e7o. Os valores de outros [&hellip;]<\/p>\n","protected":false},"author":2,"featured_media":13746,"comment_status":"open","ping_status":"open","sticky":true,"template":"","format":"standard","meta":{"om_disable_all_campaigns":false,"_monsterinsights_skip_tracking":false,"_monsterinsights_sitenote_active":false,"_monsterinsights_sitenote_note":"","_monsterinsights_sitenote_category":0,"footnotes":""},"categories":[37],"tags":[],"class_list":["post-13745","post","type-post","status-publish","format-standard","has-post-thumbnail","hentry","category-economia"],"yoast_head":"<!-- This site is optimized with the Yoast SEO plugin v27.2 - https:\/\/yoast.com\/product\/yoast-seo-wordpress\/ -->\n<title>Itens de festa junina t\u00eam diferen\u00e7a nos pre\u00e7os de at\u00e9 213% - Jornal Ponto Mais<\/title>\n<meta name=\"robots\" content=\"index, follow, max-snippet:-1, max-image-preview:large, max-video-preview:-1\" \/>\n<link rel=\"canonical\" href=\"https:\/\/jornalpontomais.com\/site\/2024\/06\/20\/itens-de-festa-junina-tem-diferenca-nos-precos-de-ate-213\/\" \/>\n<meta property=\"og:locale\" content=\"pt_BR\" \/>\n<meta property=\"og:type\" content=\"article\" \/>\n<meta property=\"og:title\" content=\"Itens de festa junina t\u00eam diferen\u00e7a nos pre\u00e7os de at\u00e9 213% - Jornal Ponto Mais\" \/>\n<meta property=\"og:description\" content=\"Levantamento do Procon Goi\u00e1s divulgado nesta ter\u00e7a-feira (18\/06) e dispon\u00edvel na internet revela varia\u00e7\u00e3o de at\u00e9 213% nos pre\u00e7os de produtos de festa junina. Este foi o \u00edndice encontrado no pacote de canjica amarela da marca Sinh\u00e1 (500g), que pode custar de R$ 2,39 a R$ 7,49. O triplo do pre\u00e7o. Os valores de outros [&hellip;]\" \/>\n<meta property=\"og:url\" content=\"https:\/\/jornalpontomais.com\/site\/2024\/06\/20\/itens-de-festa-junina-tem-diferenca-nos-precos-de-ate-213\/\" \/>\n<meta property=\"og:site_name\" content=\"Jornal Ponto Mais\" \/>\n<meta property=\"article:published_time\" content=\"2024-06-20T13:26:39+00:00\" \/>\n<meta property=\"article:modified_time\" content=\"2024-06-20T13:26:40+00:00\" \/>\n<meta property=\"og:image\" content=\"https:\/\/jornalpontomais.com\/site\/wp-content\/uploads\/2024\/06\/Festa-junina-pesquisa-1215x1530.jpg.webp\" \/>\n\t<meta property=\"og:image:width\" content=\"1215\" \/>\n\t<meta property=\"og:image:height\" content=\"1530\" \/>\n\t<meta property=\"og:image:type\" content=\"image\/webp\" \/>\n<meta name=\"author\" content=\"Jornal Ponto Mais\" \/>\n<meta name=\"twitter:card\" content=\"summary_large_image\" \/>\n<meta name=\"twitter:label1\" content=\"Escrito por\" \/>\n\t<meta name=\"twitter:data1\" content=\"Jornal Ponto Mais\" \/>\n\t<meta name=\"twitter:label2\" content=\"Est. tempo de leitura\" \/>\n\t<meta name=\"twitter:data2\" content=\"2 minutos\" \/>\n<script type=\"application\/ld+json\" class=\"yoast-schema-graph\">{\"@context\":\"https:\/\/schema.org\",\"@graph\":[{\"@type\":\"Article\",\"@id\":\"https:\/\/jornalpontomais.com\/site\/2024\/06\/20\/itens-de-festa-junina-tem-diferenca-nos-precos-de-ate-213\/#article\",\"isPartOf\":{\"@id\":\"https:\/\/jornalpontomais.com\/site\/2024\/06\/20\/itens-de-festa-junina-tem-diferenca-nos-precos-de-ate-213\/\"},\"author\":{\"name\":\"Jornal Ponto Mais\",\"@id\":\"https:\/\/jornalpontomais.com\/site\/#\/schema\/person\/18323f0b0f1355f2490721c48389fe9d\"},\"headline\":\"Itens de festa junina t\u00eam diferen\u00e7a nos pre\u00e7os de at\u00e9 213%\",\"datePublished\":\"2024-06-20T13:26:39+00:00\",\"dateModified\":\"2024-06-20T13:26:40+00:00\",\"mainEntityOfPage\":{\"@id\":\"https:\/\/jornalpontomais.com\/site\/2024\/06\/20\/itens-de-festa-junina-tem-diferenca-nos-precos-de-ate-213\/\"},\"wordCount\":361,\"commentCount\":0,\"publisher\":{\"@id\":\"https:\/\/jornalpontomais.com\/site\/#organization\"},\"image\":{\"@id\":\"https:\/\/jornalpontomais.com\/site\/2024\/06\/20\/itens-de-festa-junina-tem-diferenca-nos-precos-de-ate-213\/#primaryimage\"},\"thumbnailUrl\":\"https:\/\/jornalpontomais.com\/site\/wp-content\/uploads\/2024\/06\/Festa-junina-pesquisa-1215x1530.jpg.webp\",\"articleSection\":[\"Economia\"],\"inLanguage\":\"pt-BR\",\"potentialAction\":[{\"@type\":\"CommentAction\",\"name\":\"Comment\",\"target\":[\"https:\/\/jornalpontomais.com\/site\/2024\/06\/20\/itens-de-festa-junina-tem-diferenca-nos-precos-de-ate-213\/#respond\"]}]},{\"@type\":\"WebPage\",\"@id\":\"https:\/\/jornalpontomais.com\/site\/2024\/06\/20\/itens-de-festa-junina-tem-diferenca-nos-precos-de-ate-213\/\",\"url\":\"https:\/\/jornalpontomais.com\/site\/2024\/06\/20\/itens-de-festa-junina-tem-diferenca-nos-precos-de-ate-213\/\",\"name\":\"Itens de festa junina t\u00eam diferen\u00e7a nos pre\u00e7os de at\u00e9 213% - Jornal Ponto Mais\",\"isPartOf\":{\"@id\":\"https:\/\/jornalpontomais.com\/site\/#website\"},\"primaryImageOfPage\":{\"@id\":\"https:\/\/jornalpontomais.com\/site\/2024\/06\/20\/itens-de-festa-junina-tem-diferenca-nos-precos-de-ate-213\/#primaryimage\"},\"image\":{\"@id\":\"https:\/\/jornalpontomais.com\/site\/2024\/06\/20\/itens-de-festa-junina-tem-diferenca-nos-precos-de-ate-213\/#primaryimage\"},\"thumbnailUrl\":\"https:\/\/jornalpontomais.com\/site\/wp-content\/uploads\/2024\/06\/Festa-junina-pesquisa-1215x1530.jpg.webp\",\"datePublished\":\"2024-06-20T13:26:39+00:00\",\"dateModified\":\"2024-06-20T13:26:40+00:00\",\"breadcrumb\":{\"@id\":\"https:\/\/jornalpontomais.com\/site\/2024\/06\/20\/itens-de-festa-junina-tem-diferenca-nos-precos-de-ate-213\/#breadcrumb\"},\"inLanguage\":\"pt-BR\",\"potentialAction\":[{\"@type\":\"ReadAction\",\"target\":[\"https:\/\/jornalpontomais.com\/site\/2024\/06\/20\/itens-de-festa-junina-tem-diferenca-nos-precos-de-ate-213\/\"]}]},{\"@type\":\"ImageObject\",\"inLanguage\":\"pt-BR\",\"@id\":\"https:\/\/jornalpontomais.com\/site\/2024\/06\/20\/itens-de-festa-junina-tem-diferenca-nos-precos-de-ate-213\/#primaryimage\",\"url\":\"https:\/\/jornalpontomais.com\/site\/wp-content\/uploads\/2024\/06\/Festa-junina-pesquisa-1215x1530.jpg.webp\",\"contentUrl\":\"https:\/\/jornalpontomais.com\/site\/wp-content\/uploads\/2024\/06\/Festa-junina-pesquisa-1215x1530.jpg.webp\",\"width\":1215,\"height\":1530},{\"@type\":\"BreadcrumbList\",\"@id\":\"https:\/\/jornalpontomais.com\/site\/2024\/06\/20\/itens-de-festa-junina-tem-diferenca-nos-precos-de-ate-213\/#breadcrumb\",\"itemListElement\":[{\"@type\":\"ListItem\",\"position\":1,\"name\":\"In\u00edcio\",\"item\":\"https:\/\/jornalpontomais.com\/site\/\"},{\"@type\":\"ListItem\",\"position\":2,\"name\":\"Itens de festa junina t\u00eam diferen\u00e7a nos pre\u00e7os de at\u00e9 213%\"}]},{\"@type\":\"WebSite\",\"@id\":\"https:\/\/jornalpontomais.com\/site\/#website\",\"url\":\"https:\/\/jornalpontomais.com\/site\/\",\"name\":\"Jornal Ponto Mais\",\"description\":\"As principais not\u00edcias do Brasil e do mundo. Confira!\",\"publisher\":{\"@id\":\"https:\/\/jornalpontomais.com\/site\/#organization\"},\"potentialAction\":[{\"@type\":\"SearchAction\",\"target\":{\"@type\":\"EntryPoint\",\"urlTemplate\":\"https:\/\/jornalpontomais.com\/site\/?s={search_term_string}\"},\"query-input\":{\"@type\":\"PropertyValueSpecification\",\"valueRequired\":true,\"valueName\":\"search_term_string\"}}],\"inLanguage\":\"pt-BR\"},{\"@type\":\"Organization\",\"@id\":\"https:\/\/jornalpontomais.com\/site\/#organization\",\"name\":\"Jornal Ponto+\",\"url\":\"https:\/\/jornalpontomais.com\/site\/\",\"logo\":{\"@type\":\"ImageObject\",\"inLanguage\":\"pt-BR\",\"@id\":\"https:\/\/jornalpontomais.com\/site\/#\/schema\/logo\/image\/\",\"url\":\"https:\/\/jornalpontomais.com\/site\/wp-content\/uploads\/2022\/01\/marca.png\",\"contentUrl\":\"https:\/\/jornalpontomais.com\/site\/wp-content\/uploads\/2022\/01\/marca.png\",\"width\":582,\"height\":148,\"caption\":\"Jornal Ponto+\"},\"image\":{\"@id\":\"https:\/\/jornalpontomais.com\/site\/#\/schema\/logo\/image\/\"}},{\"@type\":\"Person\",\"@id\":\"https:\/\/jornalpontomais.com\/site\/#\/schema\/person\/18323f0b0f1355f2490721c48389fe9d\",\"name\":\"Jornal Ponto Mais\",\"image\":{\"@type\":\"ImageObject\",\"inLanguage\":\"pt-BR\",\"@id\":\"https:\/\/secure.gravatar.com\/avatar\/2ee0a9b7fe10fe32bdec8bc086e871e41eb5f4f6ecbcb7b4f2fe0d92d831405f?s=96&d=mm&r=g\",\"url\":\"https:\/\/secure.gravatar.com\/avatar\/2ee0a9b7fe10fe32bdec8bc086e871e41eb5f4f6ecbcb7b4f2fe0d92d831405f?s=96&d=mm&r=g\",\"contentUrl\":\"https:\/\/secure.gravatar.com\/avatar\/2ee0a9b7fe10fe32bdec8bc086e871e41eb5f4f6ecbcb7b4f2fe0d92d831405f?s=96&d=mm&r=g\",\"caption\":\"Jornal Ponto Mais\"},\"sameAs\":[\"https:\/\/jornalpontomais.com\/site\",\"jornalpontomais\"],\"url\":\"https:\/\/jornalpontomais.com\/site\/author\/jornalpontomais\/\"}]}<\/script>\n<!-- \/ Yoast SEO plugin. -->","yoast_head_json":{"title":"Itens de festa junina t\u00eam diferen\u00e7a nos pre\u00e7os de at\u00e9 213% - Jornal Ponto Mais","robots":{"index":"index","follow":"follow","max-snippet":"max-snippet:-1","max-image-preview":"max-image-preview:large","max-video-preview":"max-video-preview:-1"},"canonical":"https:\/\/jornalpontomais.com\/site\/2024\/06\/20\/itens-de-festa-junina-tem-diferenca-nos-precos-de-ate-213\/","og_locale":"pt_BR","og_type":"article","og_title":"Itens de festa junina t\u00eam diferen\u00e7a nos pre\u00e7os de at\u00e9 213% - Jornal Ponto Mais","og_description":"Levantamento do Procon Goi\u00e1s divulgado nesta ter\u00e7a-feira (18\/06) e dispon\u00edvel na internet revela varia\u00e7\u00e3o de at\u00e9 213% nos pre\u00e7os de produtos de festa junina. Este foi o \u00edndice encontrado no pacote de canjica amarela da marca Sinh\u00e1 (500g), que pode custar de R$ 2,39 a R$ 7,49. O triplo do pre\u00e7o. Os valores de outros [&hellip;]","og_url":"https:\/\/jornalpontomais.com\/site\/2024\/06\/20\/itens-de-festa-junina-tem-diferenca-nos-precos-de-ate-213\/","og_site_name":"Jornal Ponto Mais","article_published_time":"2024-06-20T13:26:39+00:00","article_modified_time":"2024-06-20T13:26:40+00:00","og_image":[{"width":1215,"height":1530,"url":"https:\/\/jornalpontomais.com\/site\/wp-content\/uploads\/2024\/06\/Festa-junina-pesquisa-1215x1530.jpg.webp","type":"image\/webp"}],"author":"Jornal Ponto Mais","twitter_card":"summary_large_image","twitter_misc":{"Escrito por":"Jornal Ponto Mais","Est. tempo de leitura":"2 minutos"},"schema":{"@context":"https:\/\/schema.org","@graph":[{"@type":"Article","@id":"https:\/\/jornalpontomais.com\/site\/2024\/06\/20\/itens-de-festa-junina-tem-diferenca-nos-precos-de-ate-213\/#article","isPartOf":{"@id":"https:\/\/jornalpontomais.com\/site\/2024\/06\/20\/itens-de-festa-junina-tem-diferenca-nos-precos-de-ate-213\/"},"author":{"name":"Jornal Ponto Mais","@id":"https:\/\/jornalpontomais.com\/site\/#\/schema\/person\/18323f0b0f1355f2490721c48389fe9d"},"headline":"Itens de festa junina t\u00eam diferen\u00e7a nos pre\u00e7os de at\u00e9 213%","datePublished":"2024-06-20T13:26:39+00:00","dateModified":"2024-06-20T13:26:40+00:00","mainEntityOfPage":{"@id":"https:\/\/jornalpontomais.com\/site\/2024\/06\/20\/itens-de-festa-junina-tem-diferenca-nos-precos-de-ate-213\/"},"wordCount":361,"commentCount":0,"publisher":{"@id":"https:\/\/jornalpontomais.com\/site\/#organization"},"image":{"@id":"https:\/\/jornalpontomais.com\/site\/2024\/06\/20\/itens-de-festa-junina-tem-diferenca-nos-precos-de-ate-213\/#primaryimage"},"thumbnailUrl":"https:\/\/jornalpontomais.com\/site\/wp-content\/uploads\/2024\/06\/Festa-junina-pesquisa-1215x1530.jpg.webp","articleSection":["Economia"],"inLanguage":"pt-BR","potentialAction":[{"@type":"CommentAction","name":"Comment","target":["https:\/\/jornalpontomais.com\/site\/2024\/06\/20\/itens-de-festa-junina-tem-diferenca-nos-precos-de-ate-213\/#respond"]}]},{"@type":"WebPage","@id":"https:\/\/jornalpontomais.com\/site\/2024\/06\/20\/itens-de-festa-junina-tem-diferenca-nos-precos-de-ate-213\/","url":"https:\/\/jornalpontomais.com\/site\/2024\/06\/20\/itens-de-festa-junina-tem-diferenca-nos-precos-de-ate-213\/","name":"Itens de festa junina t\u00eam diferen\u00e7a nos pre\u00e7os de at\u00e9 213% - Jornal Ponto Mais","isPartOf":{"@id":"https:\/\/jornalpontomais.com\/site\/#website"},"primaryImageOfPage":{"@id":"https:\/\/jornalpontomais.com\/site\/2024\/06\/20\/itens-de-festa-junina-tem-diferenca-nos-precos-de-ate-213\/#primaryimage"},"image":{"@id":"https:\/\/jornalpontomais.com\/site\/2024\/06\/20\/itens-de-festa-junina-tem-diferenca-nos-precos-de-ate-213\/#primaryimage"},"thumbnailUrl":"https:\/\/jornalpontomais.com\/site\/wp-content\/uploads\/2024\/06\/Festa-junina-pesquisa-1215x1530.jpg.webp","datePublished":"2024-06-20T13:26:39+00:00","dateModified":"2024-06-20T13:26:40+00:00","breadcrumb":{"@id":"https:\/\/jornalpontomais.com\/site\/2024\/06\/20\/itens-de-festa-junina-tem-diferenca-nos-precos-de-ate-213\/#breadcrumb"},"inLanguage":"pt-BR","potentialAction":[{"@type":"ReadAction","target":["https:\/\/jornalpontomais.com\/site\/2024\/06\/20\/itens-de-festa-junina-tem-diferenca-nos-precos-de-ate-213\/"]}]},{"@type":"ImageObject","inLanguage":"pt-BR","@id":"https:\/\/jornalpontomais.com\/site\/2024\/06\/20\/itens-de-festa-junina-tem-diferenca-nos-precos-de-ate-213\/#primaryimage","url":"https:\/\/jornalpontomais.com\/site\/wp-content\/uploads\/2024\/06\/Festa-junina-pesquisa-1215x1530.jpg.webp","contentUrl":"https:\/\/jornalpontomais.com\/site\/wp-content\/uploads\/2024\/06\/Festa-junina-pesquisa-1215x1530.jpg.webp","width":1215,"height":1530},{"@type":"BreadcrumbList","@id":"https:\/\/jornalpontomais.com\/site\/2024\/06\/20\/itens-de-festa-junina-tem-diferenca-nos-precos-de-ate-213\/#breadcrumb","itemListElement":[{"@type":"ListItem","position":1,"name":"In\u00edcio","item":"https:\/\/jornalpontomais.com\/site\/"},{"@type":"ListItem","position":2,"name":"Itens de festa junina t\u00eam diferen\u00e7a nos pre\u00e7os de at\u00e9 213%"}]},{"@type":"WebSite","@id":"https:\/\/jornalpontomais.com\/site\/#website","url":"https:\/\/jornalpontomais.com\/site\/","name":"Jornal Ponto Mais","description":"As principais not\u00edcias do Brasil e do mundo. Confira!","publisher":{"@id":"https:\/\/jornalpontomais.com\/site\/#organization"},"potentialAction":[{"@type":"SearchAction","target":{"@type":"EntryPoint","urlTemplate":"https:\/\/jornalpontomais.com\/site\/?s={search_term_string}"},"query-input":{"@type":"PropertyValueSpecification","valueRequired":true,"valueName":"search_term_string"}}],"inLanguage":"pt-BR"},{"@type":"Organization","@id":"https:\/\/jornalpontomais.com\/site\/#organization","name":"Jornal Ponto+","url":"https:\/\/jornalpontomais.com\/site\/","logo":{"@type":"ImageObject","inLanguage":"pt-BR","@id":"https:\/\/jornalpontomais.com\/site\/#\/schema\/logo\/image\/","url":"https:\/\/jornalpontomais.com\/site\/wp-content\/uploads\/2022\/01\/marca.png","contentUrl":"https:\/\/jornalpontomais.com\/site\/wp-content\/uploads\/2022\/01\/marca.png","width":582,"height":148,"caption":"Jornal Ponto+"},"image":{"@id":"https:\/\/jornalpontomais.com\/site\/#\/schema\/logo\/image\/"}},{"@type":"Person","@id":"https:\/\/jornalpontomais.com\/site\/#\/schema\/person\/18323f0b0f1355f2490721c48389fe9d","name":"Jornal Ponto Mais","image":{"@type":"ImageObject","inLanguage":"pt-BR","@id":"https:\/\/secure.gravatar.com\/avatar\/2ee0a9b7fe10fe32bdec8bc086e871e41eb5f4f6ecbcb7b4f2fe0d92d831405f?s=96&d=mm&r=g","url":"https:\/\/secure.gravatar.com\/avatar\/2ee0a9b7fe10fe32bdec8bc086e871e41eb5f4f6ecbcb7b4f2fe0d92d831405f?s=96&d=mm&r=g","contentUrl":"https:\/\/secure.gravatar.com\/avatar\/2ee0a9b7fe10fe32bdec8bc086e871e41eb5f4f6ecbcb7b4f2fe0d92d831405f?s=96&d=mm&r=g","caption":"Jornal Ponto Mais"},"sameAs":["https:\/\/jornalpontomais.com\/site","jornalpontomais"],"url":"https:\/\/jornalpontomais.com\/site\/author\/jornalpontomais\/"}]}},"_links":{"self":[{"href":"https:\/\/jornalpontomais.com\/site\/wp-json\/wp\/v2\/posts\/13745","targetHints":{"allow":["GET"]}}],"collection":[{"href":"https:\/\/jornalpontomais.com\/site\/wp-json\/wp\/v2\/posts"}],"about":[{"href":"https:\/\/jornalpontomais.com\/site\/wp-json\/wp\/v2\/types\/post"}],"author":[{"embeddable":true,"href":"https:\/\/jornalpontomais.com\/site\/wp-json\/wp\/v2\/users\/2"}],"replies":[{"embeddable":true,"href":"https:\/\/jornalpontomais.com\/site\/wp-json\/wp\/v2\/comments?post=13745"}],"version-history":[{"count":1,"href":"https:\/\/jornalpontomais.com\/site\/wp-json\/wp\/v2\/posts\/13745\/revisions"}],"predecessor-version":[{"id":13747,"href":"https:\/\/jornalpontomais.com\/site\/wp-json\/wp\/v2\/posts\/13745\/revisions\/13747"}],"wp:featuredmedia":[{"embeddable":true,"href":"https:\/\/jornalpontomais.com\/site\/wp-json\/wp\/v2\/media\/13746"}],"wp:attachment":[{"href":"https:\/\/jornalpontomais.com\/site\/wp-json\/wp\/v2\/media?parent=13745"}],"wp:term":[{"taxonomy":"category","embeddable":true,"href":"https:\/\/jornalpontomais.com\/site\/wp-json\/wp\/v2\/categories?post=13745"},{"taxonomy":"post_tag","embeddable":true,"href":"https:\/\/jornalpontomais.com\/site\/wp-json\/wp\/v2\/tags?post=13745"}],"curies":[{"name":"wp","href":"https:\/\/api.w.org\/{rel}","templated":true}]}}