{"id":13732,"date":"2024-06-19T08:57:37","date_gmt":"2024-06-19T11:57:37","guid":{"rendered":"https:\/\/jornalpontomais.com\/site\/?p=13732"},"modified":"2024-06-19T11:14:31","modified_gmt":"2024-06-19T14:14:31","slug":"selecao-de-volei-sentado-e-bronze-em-torneio-preparatorio-para-paris","status":"publish","type":"post","link":"https:\/\/jornalpontomais.com\/site\/2024\/06\/19\/selecao-de-volei-sentado-e-bronze-em-torneio-preparatorio-para-paris\/","title":{"rendered":"Sele\u00e7\u00e3o de v\u00f4lei sentado \u00e9 bronze em torneio preparat\u00f3rio para Paris"},"content":{"rendered":"\n<p>A sele\u00e7\u00e3o feminina de v\u00f4lei sentado conquistou a medalha de bronze no World Super Six, \u00faltimo evento de prepara\u00e7\u00e3o da modalidade para a pr\u00f3xima edi\u00e7\u00e3o dos Jogos Paral\u00edmpicos. No torneio disputado\u00a0em Nancy (Fran\u00e7a) no \u00faltimo final de semana, a sele\u00e7\u00e3o brasileira garantiu um lugar no p\u00f3dio ap\u00f3s derrotar a It\u00e1lia por 3 sets a 0 (parciais de 25\/13, 25\/23 e 25\/22) no domingo (16).<\/p>\n\n\n\n<figure class=\"wp-block-embed is-type-rich is-provider-twitter wp-block-embed-twitter\"><div class=\"wp-block-embed__wrapper\">\n<blockquote class=\"twitter-tweet\" data-width=\"550\" data-dnt=\"true\"><p lang=\"pt\" dir=\"ltr\">\u00c9 BROOONZE! \ud83e\udd49<br><br>Brasil conquista bronze no World Super Six de v\u00f4lei sentado feminino na Fran\u00e7a. \ud83c\udfd0<br><br>Saiba mais: <a href=\"https:\/\/t.co\/Ba9YZK4W5Y\">https:\/\/t.co\/Ba9YZK4W5Y<\/a><a href=\"https:\/\/twitter.com\/hashtag\/LoteriasCaixa?src=hash&amp;ref_src=twsrc%5Etfw\">#LoteriasCaixa<\/a><\/p>&mdash; Comit\u00ea Paral\u00edmpico Brasileiro (@BraParalimpico) <a href=\"https:\/\/twitter.com\/BraParalimpico\/status\/1803147248806535394?ref_src=twsrc%5Etfw\">June 18, 2024<\/a><\/blockquote><script async src=\"https:\/\/platform.twitter.com\/widgets.js\" charset=\"utf-8\"><\/script>\n<\/div><\/figure>\n\n\n\n<p>O torneio, que reuniu as melhores equipes do mundo (Brasil, Fran\u00e7a, Estados Unidos, Canad\u00e1, It\u00e1lia e China), foi vencido pelos Estados Unidos, que superaram a China na grande decis\u00e3o.<\/p>\n\n\n\n<p>A sele\u00e7\u00e3o brasileira de v\u00f4lei sentado&nbsp;j\u00e1 tem vaga garantida na pr\u00f3xima edi\u00e7\u00e3o dos Jogos Paral\u00edmpicos, que ser\u00e3o realizados entre os dias 28 de agosto e 8 de setembro, em Paris (Fran\u00e7a). A classifica\u00e7\u00e3o foi conquistada com o t\u00edtulo mundial da modalidade, em 2022 na B\u00f3snia.<\/p>\n","protected":false},"excerpt":{"rendered":"<p>A sele\u00e7\u00e3o feminina de v\u00f4lei sentado conquistou a medalha de bronze no World Super Six, \u00faltimo evento de prepara\u00e7\u00e3o da modalidade para a pr\u00f3xima edi\u00e7\u00e3o dos Jogos Paral\u00edmpicos. No torneio disputado\u00a0em Nancy (Fran\u00e7a) no \u00faltimo final de semana, a sele\u00e7\u00e3o brasileira garantiu um lugar no p\u00f3dio ap\u00f3s derrotar a It\u00e1lia por 3 sets a 0 [&hellip;]<\/p>\n","protected":false},"author":2,"featured_media":13733,"comment_status":"open","ping_status":"open","sticky":true,"template":"","format":"standard","meta":{"om_disable_all_campaigns":false,"_monsterinsights_skip_tracking":false,"_monsterinsights_sitenote_active":false,"_monsterinsights_sitenote_note":"","_monsterinsights_sitenote_category":0,"footnotes":""},"categories":[4],"tags":[],"class_list":["post-13732","post","type-post","status-publish","format-standard","has-post-thumbnail","hentry","category-esporte"],"yoast_head":"<!-- This site is optimized with the Yoast SEO plugin v27.2 - https:\/\/yoast.com\/product\/yoast-seo-wordpress\/ -->\n<title>Sele\u00e7\u00e3o de v\u00f4lei sentado \u00e9 bronze em torneio preparat\u00f3rio para Paris - Jornal Ponto Mais<\/title>\n<meta name=\"robots\" content=\"index, follow, max-snippet:-1, max-image-preview:large, max-video-preview:-1\" \/>\n<link rel=\"canonical\" href=\"https:\/\/jornalpontomais.com\/site\/2024\/06\/19\/selecao-de-volei-sentado-e-bronze-em-torneio-preparatorio-para-paris\/\" \/>\n<meta property=\"og:locale\" content=\"pt_BR\" \/>\n<meta property=\"og:type\" content=\"article\" \/>\n<meta property=\"og:title\" content=\"Sele\u00e7\u00e3o de v\u00f4lei sentado \u00e9 bronze em torneio preparat\u00f3rio para Paris - Jornal Ponto Mais\" \/>\n<meta property=\"og:description\" content=\"A sele\u00e7\u00e3o feminina de v\u00f4lei sentado conquistou a medalha de bronze no World Super Six, \u00faltimo evento de prepara\u00e7\u00e3o da modalidade para a pr\u00f3xima edi\u00e7\u00e3o dos Jogos Paral\u00edmpicos. No torneio disputado\u00a0em Nancy (Fran\u00e7a) no \u00faltimo final de semana, a sele\u00e7\u00e3o brasileira garantiu um lugar no p\u00f3dio ap\u00f3s derrotar a It\u00e1lia por 3 sets a 0 [&hellip;]\" \/>\n<meta property=\"og:url\" content=\"https:\/\/jornalpontomais.com\/site\/2024\/06\/19\/selecao-de-volei-sentado-e-bronze-em-torneio-preparatorio-para-paris\/\" \/>\n<meta property=\"og:site_name\" content=\"Jornal Ponto Mais\" \/>\n<meta property=\"article:published_time\" content=\"2024-06-19T11:57:37+00:00\" \/>\n<meta property=\"article:modified_time\" content=\"2024-06-19T14:14:31+00:00\" \/>\n<meta property=\"og:image\" content=\"https:\/\/jornalpontomais.com\/site\/wp-content\/uploads\/2024\/06\/53793658887_160976b1c2_k-1536x1024-1.webp\" \/>\n\t<meta property=\"og:image:width\" content=\"1170\" \/>\n\t<meta property=\"og:image:height\" content=\"700\" \/>\n\t<meta property=\"og:image:type\" content=\"image\/webp\" \/>\n<meta name=\"author\" content=\"Jornal Ponto Mais\" \/>\n<meta name=\"twitter:card\" content=\"summary_large_image\" \/>\n<meta name=\"twitter:label1\" content=\"Escrito por\" \/>\n\t<meta name=\"twitter:data1\" content=\"Jornal Ponto Mais\" \/>\n\t<meta name=\"twitter:label2\" content=\"Est. tempo de leitura\" \/>\n\t<meta name=\"twitter:data2\" content=\"1 minuto\" \/>\n<script type=\"application\/ld+json\" class=\"yoast-schema-graph\">{\"@context\":\"https:\/\/schema.org\",\"@graph\":[{\"@type\":\"Article\",\"@id\":\"https:\/\/jornalpontomais.com\/site\/2024\/06\/19\/selecao-de-volei-sentado-e-bronze-em-torneio-preparatorio-para-paris\/#article\",\"isPartOf\":{\"@id\":\"https:\/\/jornalpontomais.com\/site\/2024\/06\/19\/selecao-de-volei-sentado-e-bronze-em-torneio-preparatorio-para-paris\/\"},\"author\":{\"name\":\"Jornal Ponto Mais\",\"@id\":\"https:\/\/jornalpontomais.com\/site\/#\/schema\/person\/18323f0b0f1355f2490721c48389fe9d\"},\"headline\":\"Sele\u00e7\u00e3o de v\u00f4lei sentado \u00e9 bronze em torneio preparat\u00f3rio para Paris\",\"datePublished\":\"2024-06-19T11:57:37+00:00\",\"dateModified\":\"2024-06-19T14:14:31+00:00\",\"mainEntityOfPage\":{\"@id\":\"https:\/\/jornalpontomais.com\/site\/2024\/06\/19\/selecao-de-volei-sentado-e-bronze-em-torneio-preparatorio-para-paris\/\"},\"wordCount\":174,\"commentCount\":0,\"publisher\":{\"@id\":\"https:\/\/jornalpontomais.com\/site\/#organization\"},\"image\":{\"@id\":\"https:\/\/jornalpontomais.com\/site\/2024\/06\/19\/selecao-de-volei-sentado-e-bronze-em-torneio-preparatorio-para-paris\/#primaryimage\"},\"thumbnailUrl\":\"https:\/\/jornalpontomais.com\/site\/wp-content\/uploads\/2024\/06\/53793658887_160976b1c2_k-1536x1024-1.webp\",\"articleSection\":[\"Esporte\"],\"inLanguage\":\"pt-BR\",\"potentialAction\":[{\"@type\":\"CommentAction\",\"name\":\"Comment\",\"target\":[\"https:\/\/jornalpontomais.com\/site\/2024\/06\/19\/selecao-de-volei-sentado-e-bronze-em-torneio-preparatorio-para-paris\/#respond\"]}]},{\"@type\":\"WebPage\",\"@id\":\"https:\/\/jornalpontomais.com\/site\/2024\/06\/19\/selecao-de-volei-sentado-e-bronze-em-torneio-preparatorio-para-paris\/\",\"url\":\"https:\/\/jornalpontomais.com\/site\/2024\/06\/19\/selecao-de-volei-sentado-e-bronze-em-torneio-preparatorio-para-paris\/\",\"name\":\"Sele\u00e7\u00e3o de v\u00f4lei sentado \u00e9 bronze em torneio preparat\u00f3rio para Paris - Jornal Ponto Mais\",\"isPartOf\":{\"@id\":\"https:\/\/jornalpontomais.com\/site\/#website\"},\"primaryImageOfPage\":{\"@id\":\"https:\/\/jornalpontomais.com\/site\/2024\/06\/19\/selecao-de-volei-sentado-e-bronze-em-torneio-preparatorio-para-paris\/#primaryimage\"},\"image\":{\"@id\":\"https:\/\/jornalpontomais.com\/site\/2024\/06\/19\/selecao-de-volei-sentado-e-bronze-em-torneio-preparatorio-para-paris\/#primaryimage\"},\"thumbnailUrl\":\"https:\/\/jornalpontomais.com\/site\/wp-content\/uploads\/2024\/06\/53793658887_160976b1c2_k-1536x1024-1.webp\",\"datePublished\":\"2024-06-19T11:57:37+00:00\",\"dateModified\":\"2024-06-19T14:14:31+00:00\",\"breadcrumb\":{\"@id\":\"https:\/\/jornalpontomais.com\/site\/2024\/06\/19\/selecao-de-volei-sentado-e-bronze-em-torneio-preparatorio-para-paris\/#breadcrumb\"},\"inLanguage\":\"pt-BR\",\"potentialAction\":[{\"@type\":\"ReadAction\",\"target\":[\"https:\/\/jornalpontomais.com\/site\/2024\/06\/19\/selecao-de-volei-sentado-e-bronze-em-torneio-preparatorio-para-paris\/\"]}]},{\"@type\":\"ImageObject\",\"inLanguage\":\"pt-BR\",\"@id\":\"https:\/\/jornalpontomais.com\/site\/2024\/06\/19\/selecao-de-volei-sentado-e-bronze-em-torneio-preparatorio-para-paris\/#primaryimage\",\"url\":\"https:\/\/jornalpontomais.com\/site\/wp-content\/uploads\/2024\/06\/53793658887_160976b1c2_k-1536x1024-1.webp\",\"contentUrl\":\"https:\/\/jornalpontomais.com\/site\/wp-content\/uploads\/2024\/06\/53793658887_160976b1c2_k-1536x1024-1.webp\",\"width\":1170,\"height\":700},{\"@type\":\"BreadcrumbList\",\"@id\":\"https:\/\/jornalpontomais.com\/site\/2024\/06\/19\/selecao-de-volei-sentado-e-bronze-em-torneio-preparatorio-para-paris\/#breadcrumb\",\"itemListElement\":[{\"@type\":\"ListItem\",\"position\":1,\"name\":\"In\u00edcio\",\"item\":\"https:\/\/jornalpontomais.com\/site\/\"},{\"@type\":\"ListItem\",\"position\":2,\"name\":\"Sele\u00e7\u00e3o de v\u00f4lei sentado \u00e9 bronze em torneio preparat\u00f3rio para Paris\"}]},{\"@type\":\"WebSite\",\"@id\":\"https:\/\/jornalpontomais.com\/site\/#website\",\"url\":\"https:\/\/jornalpontomais.com\/site\/\",\"name\":\"Jornal Ponto Mais\",\"description\":\"As principais not\u00edcias do Brasil e do mundo. Confira!\",\"publisher\":{\"@id\":\"https:\/\/jornalpontomais.com\/site\/#organization\"},\"potentialAction\":[{\"@type\":\"SearchAction\",\"target\":{\"@type\":\"EntryPoint\",\"urlTemplate\":\"https:\/\/jornalpontomais.com\/site\/?s={search_term_string}\"},\"query-input\":{\"@type\":\"PropertyValueSpecification\",\"valueRequired\":true,\"valueName\":\"search_term_string\"}}],\"inLanguage\":\"pt-BR\"},{\"@type\":\"Organization\",\"@id\":\"https:\/\/jornalpontomais.com\/site\/#organization\",\"name\":\"Jornal Ponto+\",\"url\":\"https:\/\/jornalpontomais.com\/site\/\",\"logo\":{\"@type\":\"ImageObject\",\"inLanguage\":\"pt-BR\",\"@id\":\"https:\/\/jornalpontomais.com\/site\/#\/schema\/logo\/image\/\",\"url\":\"https:\/\/jornalpontomais.com\/site\/wp-content\/uploads\/2022\/01\/marca.png\",\"contentUrl\":\"https:\/\/jornalpontomais.com\/site\/wp-content\/uploads\/2022\/01\/marca.png\",\"width\":582,\"height\":148,\"caption\":\"Jornal Ponto+\"},\"image\":{\"@id\":\"https:\/\/jornalpontomais.com\/site\/#\/schema\/logo\/image\/\"}},{\"@type\":\"Person\",\"@id\":\"https:\/\/jornalpontomais.com\/site\/#\/schema\/person\/18323f0b0f1355f2490721c48389fe9d\",\"name\":\"Jornal Ponto Mais\",\"image\":{\"@type\":\"ImageObject\",\"inLanguage\":\"pt-BR\",\"@id\":\"https:\/\/secure.gravatar.com\/avatar\/2ee0a9b7fe10fe32bdec8bc086e871e41eb5f4f6ecbcb7b4f2fe0d92d831405f?s=96&d=mm&r=g\",\"url\":\"https:\/\/secure.gravatar.com\/avatar\/2ee0a9b7fe10fe32bdec8bc086e871e41eb5f4f6ecbcb7b4f2fe0d92d831405f?s=96&d=mm&r=g\",\"contentUrl\":\"https:\/\/secure.gravatar.com\/avatar\/2ee0a9b7fe10fe32bdec8bc086e871e41eb5f4f6ecbcb7b4f2fe0d92d831405f?s=96&d=mm&r=g\",\"caption\":\"Jornal Ponto Mais\"},\"sameAs\":[\"https:\/\/jornalpontomais.com\/site\",\"jornalpontomais\"],\"url\":\"https:\/\/jornalpontomais.com\/site\/author\/jornalpontomais\/\"}]}<\/script>\n<!-- \/ Yoast SEO plugin. -->","yoast_head_json":{"title":"Sele\u00e7\u00e3o de v\u00f4lei sentado \u00e9 bronze em torneio preparat\u00f3rio para Paris - Jornal Ponto Mais","robots":{"index":"index","follow":"follow","max-snippet":"max-snippet:-1","max-image-preview":"max-image-preview:large","max-video-preview":"max-video-preview:-1"},"canonical":"https:\/\/jornalpontomais.com\/site\/2024\/06\/19\/selecao-de-volei-sentado-e-bronze-em-torneio-preparatorio-para-paris\/","og_locale":"pt_BR","og_type":"article","og_title":"Sele\u00e7\u00e3o de v\u00f4lei sentado \u00e9 bronze em torneio preparat\u00f3rio para Paris - Jornal Ponto Mais","og_description":"A sele\u00e7\u00e3o feminina de v\u00f4lei sentado conquistou a medalha de bronze no World Super Six, \u00faltimo evento de prepara\u00e7\u00e3o da modalidade para a pr\u00f3xima edi\u00e7\u00e3o dos Jogos Paral\u00edmpicos. No torneio disputado\u00a0em Nancy (Fran\u00e7a) no \u00faltimo final de semana, a sele\u00e7\u00e3o brasileira garantiu um lugar no p\u00f3dio ap\u00f3s derrotar a It\u00e1lia por 3 sets a 0 [&hellip;]","og_url":"https:\/\/jornalpontomais.com\/site\/2024\/06\/19\/selecao-de-volei-sentado-e-bronze-em-torneio-preparatorio-para-paris\/","og_site_name":"Jornal Ponto Mais","article_published_time":"2024-06-19T11:57:37+00:00","article_modified_time":"2024-06-19T14:14:31+00:00","og_image":[{"width":1170,"height":700,"url":"https:\/\/jornalpontomais.com\/site\/wp-content\/uploads\/2024\/06\/53793658887_160976b1c2_k-1536x1024-1.webp","type":"image\/webp"}],"author":"Jornal Ponto Mais","twitter_card":"summary_large_image","twitter_misc":{"Escrito por":"Jornal Ponto Mais","Est. tempo de leitura":"1 minuto"},"schema":{"@context":"https:\/\/schema.org","@graph":[{"@type":"Article","@id":"https:\/\/jornalpontomais.com\/site\/2024\/06\/19\/selecao-de-volei-sentado-e-bronze-em-torneio-preparatorio-para-paris\/#article","isPartOf":{"@id":"https:\/\/jornalpontomais.com\/site\/2024\/06\/19\/selecao-de-volei-sentado-e-bronze-em-torneio-preparatorio-para-paris\/"},"author":{"name":"Jornal Ponto Mais","@id":"https:\/\/jornalpontomais.com\/site\/#\/schema\/person\/18323f0b0f1355f2490721c48389fe9d"},"headline":"Sele\u00e7\u00e3o de v\u00f4lei sentado \u00e9 bronze em torneio preparat\u00f3rio para Paris","datePublished":"2024-06-19T11:57:37+00:00","dateModified":"2024-06-19T14:14:31+00:00","mainEntityOfPage":{"@id":"https:\/\/jornalpontomais.com\/site\/2024\/06\/19\/selecao-de-volei-sentado-e-bronze-em-torneio-preparatorio-para-paris\/"},"wordCount":174,"commentCount":0,"publisher":{"@id":"https:\/\/jornalpontomais.com\/site\/#organization"},"image":{"@id":"https:\/\/jornalpontomais.com\/site\/2024\/06\/19\/selecao-de-volei-sentado-e-bronze-em-torneio-preparatorio-para-paris\/#primaryimage"},"thumbnailUrl":"https:\/\/jornalpontomais.com\/site\/wp-content\/uploads\/2024\/06\/53793658887_160976b1c2_k-1536x1024-1.webp","articleSection":["Esporte"],"inLanguage":"pt-BR","potentialAction":[{"@type":"CommentAction","name":"Comment","target":["https:\/\/jornalpontomais.com\/site\/2024\/06\/19\/selecao-de-volei-sentado-e-bronze-em-torneio-preparatorio-para-paris\/#respond"]}]},{"@type":"WebPage","@id":"https:\/\/jornalpontomais.com\/site\/2024\/06\/19\/selecao-de-volei-sentado-e-bronze-em-torneio-preparatorio-para-paris\/","url":"https:\/\/jornalpontomais.com\/site\/2024\/06\/19\/selecao-de-volei-sentado-e-bronze-em-torneio-preparatorio-para-paris\/","name":"Sele\u00e7\u00e3o de v\u00f4lei sentado \u00e9 bronze em torneio preparat\u00f3rio para Paris - Jornal Ponto Mais","isPartOf":{"@id":"https:\/\/jornalpontomais.com\/site\/#website"},"primaryImageOfPage":{"@id":"https:\/\/jornalpontomais.com\/site\/2024\/06\/19\/selecao-de-volei-sentado-e-bronze-em-torneio-preparatorio-para-paris\/#primaryimage"},"image":{"@id":"https:\/\/jornalpontomais.com\/site\/2024\/06\/19\/selecao-de-volei-sentado-e-bronze-em-torneio-preparatorio-para-paris\/#primaryimage"},"thumbnailUrl":"https:\/\/jornalpontomais.com\/site\/wp-content\/uploads\/2024\/06\/53793658887_160976b1c2_k-1536x1024-1.webp","datePublished":"2024-06-19T11:57:37+00:00","dateModified":"2024-06-19T14:14:31+00:00","breadcrumb":{"@id":"https:\/\/jornalpontomais.com\/site\/2024\/06\/19\/selecao-de-volei-sentado-e-bronze-em-torneio-preparatorio-para-paris\/#breadcrumb"},"inLanguage":"pt-BR","potentialAction":[{"@type":"ReadAction","target":["https:\/\/jornalpontomais.com\/site\/2024\/06\/19\/selecao-de-volei-sentado-e-bronze-em-torneio-preparatorio-para-paris\/"]}]},{"@type":"ImageObject","inLanguage":"pt-BR","@id":"https:\/\/jornalpontomais.com\/site\/2024\/06\/19\/selecao-de-volei-sentado-e-bronze-em-torneio-preparatorio-para-paris\/#primaryimage","url":"https:\/\/jornalpontomais.com\/site\/wp-content\/uploads\/2024\/06\/53793658887_160976b1c2_k-1536x1024-1.webp","contentUrl":"https:\/\/jornalpontomais.com\/site\/wp-content\/uploads\/2024\/06\/53793658887_160976b1c2_k-1536x1024-1.webp","width":1170,"height":700},{"@type":"BreadcrumbList","@id":"https:\/\/jornalpontomais.com\/site\/2024\/06\/19\/selecao-de-volei-sentado-e-bronze-em-torneio-preparatorio-para-paris\/#breadcrumb","itemListElement":[{"@type":"ListItem","position":1,"name":"In\u00edcio","item":"https:\/\/jornalpontomais.com\/site\/"},{"@type":"ListItem","position":2,"name":"Sele\u00e7\u00e3o de v\u00f4lei sentado \u00e9 bronze em torneio preparat\u00f3rio para Paris"}]},{"@type":"WebSite","@id":"https:\/\/jornalpontomais.com\/site\/#website","url":"https:\/\/jornalpontomais.com\/site\/","name":"Jornal Ponto Mais","description":"As principais not\u00edcias do Brasil e do mundo. Confira!","publisher":{"@id":"https:\/\/jornalpontomais.com\/site\/#organization"},"potentialAction":[{"@type":"SearchAction","target":{"@type":"EntryPoint","urlTemplate":"https:\/\/jornalpontomais.com\/site\/?s={search_term_string}"},"query-input":{"@type":"PropertyValueSpecification","valueRequired":true,"valueName":"search_term_string"}}],"inLanguage":"pt-BR"},{"@type":"Organization","@id":"https:\/\/jornalpontomais.com\/site\/#organization","name":"Jornal Ponto+","url":"https:\/\/jornalpontomais.com\/site\/","logo":{"@type":"ImageObject","inLanguage":"pt-BR","@id":"https:\/\/jornalpontomais.com\/site\/#\/schema\/logo\/image\/","url":"https:\/\/jornalpontomais.com\/site\/wp-content\/uploads\/2022\/01\/marca.png","contentUrl":"https:\/\/jornalpontomais.com\/site\/wp-content\/uploads\/2022\/01\/marca.png","width":582,"height":148,"caption":"Jornal Ponto+"},"image":{"@id":"https:\/\/jornalpontomais.com\/site\/#\/schema\/logo\/image\/"}},{"@type":"Person","@id":"https:\/\/jornalpontomais.com\/site\/#\/schema\/person\/18323f0b0f1355f2490721c48389fe9d","name":"Jornal Ponto Mais","image":{"@type":"ImageObject","inLanguage":"pt-BR","@id":"https:\/\/secure.gravatar.com\/avatar\/2ee0a9b7fe10fe32bdec8bc086e871e41eb5f4f6ecbcb7b4f2fe0d92d831405f?s=96&d=mm&r=g","url":"https:\/\/secure.gravatar.com\/avatar\/2ee0a9b7fe10fe32bdec8bc086e871e41eb5f4f6ecbcb7b4f2fe0d92d831405f?s=96&d=mm&r=g","contentUrl":"https:\/\/secure.gravatar.com\/avatar\/2ee0a9b7fe10fe32bdec8bc086e871e41eb5f4f6ecbcb7b4f2fe0d92d831405f?s=96&d=mm&r=g","caption":"Jornal Ponto Mais"},"sameAs":["https:\/\/jornalpontomais.com\/site","jornalpontomais"],"url":"https:\/\/jornalpontomais.com\/site\/author\/jornalpontomais\/"}]}},"_links":{"self":[{"href":"https:\/\/jornalpontomais.com\/site\/wp-json\/wp\/v2\/posts\/13732","targetHints":{"allow":["GET"]}}],"collection":[{"href":"https:\/\/jornalpontomais.com\/site\/wp-json\/wp\/v2\/posts"}],"about":[{"href":"https:\/\/jornalpontomais.com\/site\/wp-json\/wp\/v2\/types\/post"}],"author":[{"embeddable":true,"href":"https:\/\/jornalpontomais.com\/site\/wp-json\/wp\/v2\/users\/2"}],"replies":[{"embeddable":true,"href":"https:\/\/jornalpontomais.com\/site\/wp-json\/wp\/v2\/comments?post=13732"}],"version-history":[{"count":1,"href":"https:\/\/jornalpontomais.com\/site\/wp-json\/wp\/v2\/posts\/13732\/revisions"}],"predecessor-version":[{"id":13734,"href":"https:\/\/jornalpontomais.com\/site\/wp-json\/wp\/v2\/posts\/13732\/revisions\/13734"}],"wp:featuredmedia":[{"embeddable":true,"href":"https:\/\/jornalpontomais.com\/site\/wp-json\/wp\/v2\/media\/13733"}],"wp:attachment":[{"href":"https:\/\/jornalpontomais.com\/site\/wp-json\/wp\/v2\/media?parent=13732"}],"wp:term":[{"taxonomy":"category","embeddable":true,"href":"https:\/\/jornalpontomais.com\/site\/wp-json\/wp\/v2\/categories?post=13732"},{"taxonomy":"post_tag","embeddable":true,"href":"https:\/\/jornalpontomais.com\/site\/wp-json\/wp\/v2\/tags?post=13732"}],"curies":[{"name":"wp","href":"https:\/\/api.w.org\/{rel}","templated":true}]}}