{"id":13694,"date":"2024-06-17T09:43:29","date_gmt":"2024-06-17T12:43:29","guid":{"rendered":"https:\/\/jornalpontomais.com\/site\/?p=13694"},"modified":"2024-06-17T09:43:30","modified_gmt":"2024-06-17T12:43:30","slug":"flamengo-sofre-com-desfalques-e-perde-lideranca-do-brasileirao","status":"publish","type":"post","link":"https:\/\/jornalpontomais.com\/site\/2024\/06\/17\/flamengo-sofre-com-desfalques-e-perde-lideranca-do-brasileirao\/","title":{"rendered":"Flamengo sofre com desfalques e perde lideran\u00e7a do Brasileir\u00e3o"},"content":{"rendered":"\n<p>O Flamengo empatou em 1 a 1 com o Athletico-PR na Ligga Arena, pela nona rodada do Campeonato Brasileiro. O Mais Querido conquistou um ponto fora de casa, mas perdeu Fabr\u00edcio Bruno, que recebeu o terceiro cart\u00e3o amarelo e est\u00e1 fora do pr\u00f3ximo jogo contra o Bahia. Assim, o Rubro-Negro pode ter at\u00e9 12 desfalques na quinta-feira (20).<br><br><\/p>\n\n\n\n<p>Al\u00e9m de Fabr\u00edcio Bruno, o zagueiro L\u00e9o Ortiz tamb\u00e9m pode desfalcar o Fla. Ele sentiu dores no segundo tempo do jogo contra o Athletico e, apesar de tentar continuar em campo, deixou o gramado aos 38 minutos do segundo tempo. Everton Ara\u00fajo, que substituiu Ortiz, marcou o gol de empate para o Flamengo.<br><br><\/p>\n\n\n\n<p>Com esses problemas, o Flamengo pode ter mais de um time de desfalques. Arrascaeta, Vi\u00f1a, De La Cruz, Varela e Pulgar foram convocados para a Copa Am\u00e9rica. Al\u00e9m disso, Allan, Ayrton Lucas, Carlinhos, Cebolinha e Igor Jesus est\u00e3o no departamento m\u00e9dico.<br><br><\/p>\n\n\n\n<p>Antes do confronto contra o Athletico, o vice-presidente de futebol do Flamengo, Marcos Braz, expressou sua insatisfa\u00e7\u00e3o com a forma como a CBF conduz as competi\u00e7\u00f5es durante as Datas FIFA. Ele destacou que, em cerca de 40 pa\u00edses pesquisados, apenas no Brasil as competi\u00e7\u00f5es continuam durante essas paradas, especialmente durante a Copa Am\u00e9rica e a Eurocopa. Braz afirmou que a liga brasileira \u00e9 uma das poucas que n\u00e3o interrompe suas atividades durante essas competi\u00e7\u00f5es internacionais.<br><br><\/p>\n\n\n\n<p>Braz argumentou que a m\u00e1 administra\u00e7\u00e3o das datas pela CBF prejudica diretamente o desempenho de sua equipe. \u00c9 importante lembrar que o Flamengo \u00e9 a equipe mais afetada pelas convoca\u00e7\u00f5es para a Copa Am\u00e9rica.<br><br><\/p>\n\n\n\n<p>A expectativa \u00e9 que os jogadores convocados pelas sele\u00e7\u00f5es estejam dispon\u00edveis a partir de 14 de julho, data da final da Copa Am\u00e9rica. At\u00e9 l\u00e1, o Rubro-Negro ter\u00e1 mais sete jogos, todos pelo Campeonato Brasileiro.<br><br><\/p>\n\n\n\n<p>O Flamengo pode enfrentar um &#8220;super Bahia&#8221; com muitos jogadores no departamento m\u00e9dico. Durante a semana, o departamento de recupera\u00e7\u00e3o de jogadores trabalhar\u00e1 intensamente na reabilita\u00e7\u00e3o dos atletas.<\/p>\n","protected":false},"excerpt":{"rendered":"<p>O Flamengo empatou em 1 a 1 com o Athletico-PR na Ligga Arena, pela nona rodada do Campeonato Brasileiro. O Mais Querido conquistou um ponto fora de casa, mas perdeu Fabr\u00edcio Bruno, que recebeu o terceiro cart\u00e3o amarelo e est\u00e1 fora do pr\u00f3ximo jogo contra o Bahia. Assim, o Rubro-Negro pode ter at\u00e9 12 desfalques [&hellip;]<\/p>\n","protected":false},"author":2,"featured_media":13695,"comment_status":"open","ping_status":"open","sticky":true,"template":"","format":"standard","meta":{"om_disable_all_campaigns":false,"_monsterinsights_skip_tracking":false,"_monsterinsights_sitenote_active":false,"_monsterinsights_sitenote_note":"","_monsterinsights_sitenote_category":0,"footnotes":""},"categories":[4],"tags":[],"class_list":["post-13694","post","type-post","status-publish","format-standard","has-post-thumbnail","hentry","category-esporte"],"yoast_head":"<!-- This site is optimized with the Yoast SEO plugin v27.2 - https:\/\/yoast.com\/product\/yoast-seo-wordpress\/ -->\n<title>Flamengo sofre com desfalques e perde lideran\u00e7a do Brasileir\u00e3o - Jornal Ponto Mais<\/title>\n<meta name=\"robots\" content=\"index, follow, max-snippet:-1, max-image-preview:large, max-video-preview:-1\" \/>\n<link rel=\"canonical\" href=\"https:\/\/jornalpontomais.com\/site\/2024\/06\/17\/flamengo-sofre-com-desfalques-e-perde-lideranca-do-brasileirao\/\" \/>\n<meta property=\"og:locale\" content=\"pt_BR\" \/>\n<meta property=\"og:type\" content=\"article\" \/>\n<meta property=\"og:title\" content=\"Flamengo sofre com desfalques e perde lideran\u00e7a do Brasileir\u00e3o - Jornal Ponto Mais\" \/>\n<meta property=\"og:description\" content=\"O Flamengo empatou em 1 a 1 com o Athletico-PR na Ligga Arena, pela nona rodada do Campeonato Brasileiro. O Mais Querido conquistou um ponto fora de casa, mas perdeu Fabr\u00edcio Bruno, que recebeu o terceiro cart\u00e3o amarelo e est\u00e1 fora do pr\u00f3ximo jogo contra o Bahia. Assim, o Rubro-Negro pode ter at\u00e9 12 desfalques [&hellip;]\" \/>\n<meta property=\"og:url\" content=\"https:\/\/jornalpontomais.com\/site\/2024\/06\/17\/flamengo-sofre-com-desfalques-e-perde-lideranca-do-brasileirao\/\" \/>\n<meta property=\"og:site_name\" content=\"Jornal Ponto Mais\" \/>\n<meta property=\"article:published_time\" content=\"2024-06-17T12:43:29+00:00\" \/>\n<meta property=\"article:modified_time\" content=\"2024-06-17T12:43:30+00:00\" \/>\n<meta property=\"og:image\" content=\"https:\/\/jornalpontomais.com\/site\/wp-content\/uploads\/2024\/06\/Flamengo-x-Sao-Paulo-aspect-ratio-512-320.webp\" \/>\n\t<meta property=\"og:image:width\" content=\"1600\" \/>\n\t<meta property=\"og:image:height\" content=\"1000\" \/>\n\t<meta property=\"og:image:type\" content=\"image\/webp\" \/>\n<meta name=\"author\" content=\"Jornal Ponto Mais\" \/>\n<meta name=\"twitter:card\" content=\"summary_large_image\" \/>\n<meta name=\"twitter:label1\" content=\"Escrito por\" \/>\n\t<meta name=\"twitter:data1\" content=\"Jornal Ponto Mais\" \/>\n\t<meta name=\"twitter:label2\" content=\"Est. tempo de leitura\" \/>\n\t<meta name=\"twitter:data2\" content=\"2 minutos\" \/>\n<script type=\"application\/ld+json\" class=\"yoast-schema-graph\">{\"@context\":\"https:\/\/schema.org\",\"@graph\":[{\"@type\":\"Article\",\"@id\":\"https:\/\/jornalpontomais.com\/site\/2024\/06\/17\/flamengo-sofre-com-desfalques-e-perde-lideranca-do-brasileirao\/#article\",\"isPartOf\":{\"@id\":\"https:\/\/jornalpontomais.com\/site\/2024\/06\/17\/flamengo-sofre-com-desfalques-e-perde-lideranca-do-brasileirao\/\"},\"author\":{\"name\":\"Jornal Ponto Mais\",\"@id\":\"https:\/\/jornalpontomais.com\/site\/#\/schema\/person\/18323f0b0f1355f2490721c48389fe9d\"},\"headline\":\"Flamengo sofre com desfalques e perde lideran\u00e7a do Brasileir\u00e3o\",\"datePublished\":\"2024-06-17T12:43:29+00:00\",\"dateModified\":\"2024-06-17T12:43:30+00:00\",\"mainEntityOfPage\":{\"@id\":\"https:\/\/jornalpontomais.com\/site\/2024\/06\/17\/flamengo-sofre-com-desfalques-e-perde-lideranca-do-brasileirao\/\"},\"wordCount\":353,\"commentCount\":0,\"publisher\":{\"@id\":\"https:\/\/jornalpontomais.com\/site\/#organization\"},\"image\":{\"@id\":\"https:\/\/jornalpontomais.com\/site\/2024\/06\/17\/flamengo-sofre-com-desfalques-e-perde-lideranca-do-brasileirao\/#primaryimage\"},\"thumbnailUrl\":\"https:\/\/jornalpontomais.com\/site\/wp-content\/uploads\/2024\/06\/Flamengo-x-Sao-Paulo-aspect-ratio-512-320.webp\",\"articleSection\":[\"Esporte\"],\"inLanguage\":\"pt-BR\",\"potentialAction\":[{\"@type\":\"CommentAction\",\"name\":\"Comment\",\"target\":[\"https:\/\/jornalpontomais.com\/site\/2024\/06\/17\/flamengo-sofre-com-desfalques-e-perde-lideranca-do-brasileirao\/#respond\"]}]},{\"@type\":\"WebPage\",\"@id\":\"https:\/\/jornalpontomais.com\/site\/2024\/06\/17\/flamengo-sofre-com-desfalques-e-perde-lideranca-do-brasileirao\/\",\"url\":\"https:\/\/jornalpontomais.com\/site\/2024\/06\/17\/flamengo-sofre-com-desfalques-e-perde-lideranca-do-brasileirao\/\",\"name\":\"Flamengo sofre com desfalques e perde lideran\u00e7a do Brasileir\u00e3o - Jornal Ponto Mais\",\"isPartOf\":{\"@id\":\"https:\/\/jornalpontomais.com\/site\/#website\"},\"primaryImageOfPage\":{\"@id\":\"https:\/\/jornalpontomais.com\/site\/2024\/06\/17\/flamengo-sofre-com-desfalques-e-perde-lideranca-do-brasileirao\/#primaryimage\"},\"image\":{\"@id\":\"https:\/\/jornalpontomais.com\/site\/2024\/06\/17\/flamengo-sofre-com-desfalques-e-perde-lideranca-do-brasileirao\/#primaryimage\"},\"thumbnailUrl\":\"https:\/\/jornalpontomais.com\/site\/wp-content\/uploads\/2024\/06\/Flamengo-x-Sao-Paulo-aspect-ratio-512-320.webp\",\"datePublished\":\"2024-06-17T12:43:29+00:00\",\"dateModified\":\"2024-06-17T12:43:30+00:00\",\"breadcrumb\":{\"@id\":\"https:\/\/jornalpontomais.com\/site\/2024\/06\/17\/flamengo-sofre-com-desfalques-e-perde-lideranca-do-brasileirao\/#breadcrumb\"},\"inLanguage\":\"pt-BR\",\"potentialAction\":[{\"@type\":\"ReadAction\",\"target\":[\"https:\/\/jornalpontomais.com\/site\/2024\/06\/17\/flamengo-sofre-com-desfalques-e-perde-lideranca-do-brasileirao\/\"]}]},{\"@type\":\"ImageObject\",\"inLanguage\":\"pt-BR\",\"@id\":\"https:\/\/jornalpontomais.com\/site\/2024\/06\/17\/flamengo-sofre-com-desfalques-e-perde-lideranca-do-brasileirao\/#primaryimage\",\"url\":\"https:\/\/jornalpontomais.com\/site\/wp-content\/uploads\/2024\/06\/Flamengo-x-Sao-Paulo-aspect-ratio-512-320.webp\",\"contentUrl\":\"https:\/\/jornalpontomais.com\/site\/wp-content\/uploads\/2024\/06\/Flamengo-x-Sao-Paulo-aspect-ratio-512-320.webp\",\"width\":1600,\"height\":1000},{\"@type\":\"BreadcrumbList\",\"@id\":\"https:\/\/jornalpontomais.com\/site\/2024\/06\/17\/flamengo-sofre-com-desfalques-e-perde-lideranca-do-brasileirao\/#breadcrumb\",\"itemListElement\":[{\"@type\":\"ListItem\",\"position\":1,\"name\":\"In\u00edcio\",\"item\":\"https:\/\/jornalpontomais.com\/site\/\"},{\"@type\":\"ListItem\",\"position\":2,\"name\":\"Flamengo sofre com desfalques e perde lideran\u00e7a do Brasileir\u00e3o\"}]},{\"@type\":\"WebSite\",\"@id\":\"https:\/\/jornalpontomais.com\/site\/#website\",\"url\":\"https:\/\/jornalpontomais.com\/site\/\",\"name\":\"Jornal Ponto Mais\",\"description\":\"As principais not\u00edcias do Brasil e do mundo. Confira!\",\"publisher\":{\"@id\":\"https:\/\/jornalpontomais.com\/site\/#organization\"},\"potentialAction\":[{\"@type\":\"SearchAction\",\"target\":{\"@type\":\"EntryPoint\",\"urlTemplate\":\"https:\/\/jornalpontomais.com\/site\/?s={search_term_string}\"},\"query-input\":{\"@type\":\"PropertyValueSpecification\",\"valueRequired\":true,\"valueName\":\"search_term_string\"}}],\"inLanguage\":\"pt-BR\"},{\"@type\":\"Organization\",\"@id\":\"https:\/\/jornalpontomais.com\/site\/#organization\",\"name\":\"Jornal Ponto+\",\"url\":\"https:\/\/jornalpontomais.com\/site\/\",\"logo\":{\"@type\":\"ImageObject\",\"inLanguage\":\"pt-BR\",\"@id\":\"https:\/\/jornalpontomais.com\/site\/#\/schema\/logo\/image\/\",\"url\":\"https:\/\/jornalpontomais.com\/site\/wp-content\/uploads\/2022\/01\/marca.png\",\"contentUrl\":\"https:\/\/jornalpontomais.com\/site\/wp-content\/uploads\/2022\/01\/marca.png\",\"width\":582,\"height\":148,\"caption\":\"Jornal Ponto+\"},\"image\":{\"@id\":\"https:\/\/jornalpontomais.com\/site\/#\/schema\/logo\/image\/\"}},{\"@type\":\"Person\",\"@id\":\"https:\/\/jornalpontomais.com\/site\/#\/schema\/person\/18323f0b0f1355f2490721c48389fe9d\",\"name\":\"Jornal Ponto Mais\",\"image\":{\"@type\":\"ImageObject\",\"inLanguage\":\"pt-BR\",\"@id\":\"https:\/\/secure.gravatar.com\/avatar\/2ee0a9b7fe10fe32bdec8bc086e871e41eb5f4f6ecbcb7b4f2fe0d92d831405f?s=96&d=mm&r=g\",\"url\":\"https:\/\/secure.gravatar.com\/avatar\/2ee0a9b7fe10fe32bdec8bc086e871e41eb5f4f6ecbcb7b4f2fe0d92d831405f?s=96&d=mm&r=g\",\"contentUrl\":\"https:\/\/secure.gravatar.com\/avatar\/2ee0a9b7fe10fe32bdec8bc086e871e41eb5f4f6ecbcb7b4f2fe0d92d831405f?s=96&d=mm&r=g\",\"caption\":\"Jornal Ponto Mais\"},\"sameAs\":[\"https:\/\/jornalpontomais.com\/site\",\"jornalpontomais\"],\"url\":\"https:\/\/jornalpontomais.com\/site\/author\/jornalpontomais\/\"}]}<\/script>\n<!-- \/ Yoast SEO plugin. -->","yoast_head_json":{"title":"Flamengo sofre com desfalques e perde lideran\u00e7a do Brasileir\u00e3o - Jornal Ponto Mais","robots":{"index":"index","follow":"follow","max-snippet":"max-snippet:-1","max-image-preview":"max-image-preview:large","max-video-preview":"max-video-preview:-1"},"canonical":"https:\/\/jornalpontomais.com\/site\/2024\/06\/17\/flamengo-sofre-com-desfalques-e-perde-lideranca-do-brasileirao\/","og_locale":"pt_BR","og_type":"article","og_title":"Flamengo sofre com desfalques e perde lideran\u00e7a do Brasileir\u00e3o - Jornal Ponto Mais","og_description":"O Flamengo empatou em 1 a 1 com o Athletico-PR na Ligga Arena, pela nona rodada do Campeonato Brasileiro. O Mais Querido conquistou um ponto fora de casa, mas perdeu Fabr\u00edcio Bruno, que recebeu o terceiro cart\u00e3o amarelo e est\u00e1 fora do pr\u00f3ximo jogo contra o Bahia. Assim, o Rubro-Negro pode ter at\u00e9 12 desfalques [&hellip;]","og_url":"https:\/\/jornalpontomais.com\/site\/2024\/06\/17\/flamengo-sofre-com-desfalques-e-perde-lideranca-do-brasileirao\/","og_site_name":"Jornal Ponto Mais","article_published_time":"2024-06-17T12:43:29+00:00","article_modified_time":"2024-06-17T12:43:30+00:00","og_image":[{"width":1600,"height":1000,"url":"https:\/\/jornalpontomais.com\/site\/wp-content\/uploads\/2024\/06\/Flamengo-x-Sao-Paulo-aspect-ratio-512-320.webp","type":"image\/webp"}],"author":"Jornal Ponto Mais","twitter_card":"summary_large_image","twitter_misc":{"Escrito por":"Jornal Ponto Mais","Est. tempo de leitura":"2 minutos"},"schema":{"@context":"https:\/\/schema.org","@graph":[{"@type":"Article","@id":"https:\/\/jornalpontomais.com\/site\/2024\/06\/17\/flamengo-sofre-com-desfalques-e-perde-lideranca-do-brasileirao\/#article","isPartOf":{"@id":"https:\/\/jornalpontomais.com\/site\/2024\/06\/17\/flamengo-sofre-com-desfalques-e-perde-lideranca-do-brasileirao\/"},"author":{"name":"Jornal Ponto Mais","@id":"https:\/\/jornalpontomais.com\/site\/#\/schema\/person\/18323f0b0f1355f2490721c48389fe9d"},"headline":"Flamengo sofre com desfalques e perde lideran\u00e7a do Brasileir\u00e3o","datePublished":"2024-06-17T12:43:29+00:00","dateModified":"2024-06-17T12:43:30+00:00","mainEntityOfPage":{"@id":"https:\/\/jornalpontomais.com\/site\/2024\/06\/17\/flamengo-sofre-com-desfalques-e-perde-lideranca-do-brasileirao\/"},"wordCount":353,"commentCount":0,"publisher":{"@id":"https:\/\/jornalpontomais.com\/site\/#organization"},"image":{"@id":"https:\/\/jornalpontomais.com\/site\/2024\/06\/17\/flamengo-sofre-com-desfalques-e-perde-lideranca-do-brasileirao\/#primaryimage"},"thumbnailUrl":"https:\/\/jornalpontomais.com\/site\/wp-content\/uploads\/2024\/06\/Flamengo-x-Sao-Paulo-aspect-ratio-512-320.webp","articleSection":["Esporte"],"inLanguage":"pt-BR","potentialAction":[{"@type":"CommentAction","name":"Comment","target":["https:\/\/jornalpontomais.com\/site\/2024\/06\/17\/flamengo-sofre-com-desfalques-e-perde-lideranca-do-brasileirao\/#respond"]}]},{"@type":"WebPage","@id":"https:\/\/jornalpontomais.com\/site\/2024\/06\/17\/flamengo-sofre-com-desfalques-e-perde-lideranca-do-brasileirao\/","url":"https:\/\/jornalpontomais.com\/site\/2024\/06\/17\/flamengo-sofre-com-desfalques-e-perde-lideranca-do-brasileirao\/","name":"Flamengo sofre com desfalques e perde lideran\u00e7a do Brasileir\u00e3o - Jornal Ponto Mais","isPartOf":{"@id":"https:\/\/jornalpontomais.com\/site\/#website"},"primaryImageOfPage":{"@id":"https:\/\/jornalpontomais.com\/site\/2024\/06\/17\/flamengo-sofre-com-desfalques-e-perde-lideranca-do-brasileirao\/#primaryimage"},"image":{"@id":"https:\/\/jornalpontomais.com\/site\/2024\/06\/17\/flamengo-sofre-com-desfalques-e-perde-lideranca-do-brasileirao\/#primaryimage"},"thumbnailUrl":"https:\/\/jornalpontomais.com\/site\/wp-content\/uploads\/2024\/06\/Flamengo-x-Sao-Paulo-aspect-ratio-512-320.webp","datePublished":"2024-06-17T12:43:29+00:00","dateModified":"2024-06-17T12:43:30+00:00","breadcrumb":{"@id":"https:\/\/jornalpontomais.com\/site\/2024\/06\/17\/flamengo-sofre-com-desfalques-e-perde-lideranca-do-brasileirao\/#breadcrumb"},"inLanguage":"pt-BR","potentialAction":[{"@type":"ReadAction","target":["https:\/\/jornalpontomais.com\/site\/2024\/06\/17\/flamengo-sofre-com-desfalques-e-perde-lideranca-do-brasileirao\/"]}]},{"@type":"ImageObject","inLanguage":"pt-BR","@id":"https:\/\/jornalpontomais.com\/site\/2024\/06\/17\/flamengo-sofre-com-desfalques-e-perde-lideranca-do-brasileirao\/#primaryimage","url":"https:\/\/jornalpontomais.com\/site\/wp-content\/uploads\/2024\/06\/Flamengo-x-Sao-Paulo-aspect-ratio-512-320.webp","contentUrl":"https:\/\/jornalpontomais.com\/site\/wp-content\/uploads\/2024\/06\/Flamengo-x-Sao-Paulo-aspect-ratio-512-320.webp","width":1600,"height":1000},{"@type":"BreadcrumbList","@id":"https:\/\/jornalpontomais.com\/site\/2024\/06\/17\/flamengo-sofre-com-desfalques-e-perde-lideranca-do-brasileirao\/#breadcrumb","itemListElement":[{"@type":"ListItem","position":1,"name":"In\u00edcio","item":"https:\/\/jornalpontomais.com\/site\/"},{"@type":"ListItem","position":2,"name":"Flamengo sofre com desfalques e perde lideran\u00e7a do Brasileir\u00e3o"}]},{"@type":"WebSite","@id":"https:\/\/jornalpontomais.com\/site\/#website","url":"https:\/\/jornalpontomais.com\/site\/","name":"Jornal Ponto Mais","description":"As principais not\u00edcias do Brasil e do mundo. Confira!","publisher":{"@id":"https:\/\/jornalpontomais.com\/site\/#organization"},"potentialAction":[{"@type":"SearchAction","target":{"@type":"EntryPoint","urlTemplate":"https:\/\/jornalpontomais.com\/site\/?s={search_term_string}"},"query-input":{"@type":"PropertyValueSpecification","valueRequired":true,"valueName":"search_term_string"}}],"inLanguage":"pt-BR"},{"@type":"Organization","@id":"https:\/\/jornalpontomais.com\/site\/#organization","name":"Jornal Ponto+","url":"https:\/\/jornalpontomais.com\/site\/","logo":{"@type":"ImageObject","inLanguage":"pt-BR","@id":"https:\/\/jornalpontomais.com\/site\/#\/schema\/logo\/image\/","url":"https:\/\/jornalpontomais.com\/site\/wp-content\/uploads\/2022\/01\/marca.png","contentUrl":"https:\/\/jornalpontomais.com\/site\/wp-content\/uploads\/2022\/01\/marca.png","width":582,"height":148,"caption":"Jornal Ponto+"},"image":{"@id":"https:\/\/jornalpontomais.com\/site\/#\/schema\/logo\/image\/"}},{"@type":"Person","@id":"https:\/\/jornalpontomais.com\/site\/#\/schema\/person\/18323f0b0f1355f2490721c48389fe9d","name":"Jornal Ponto Mais","image":{"@type":"ImageObject","inLanguage":"pt-BR","@id":"https:\/\/secure.gravatar.com\/avatar\/2ee0a9b7fe10fe32bdec8bc086e871e41eb5f4f6ecbcb7b4f2fe0d92d831405f?s=96&d=mm&r=g","url":"https:\/\/secure.gravatar.com\/avatar\/2ee0a9b7fe10fe32bdec8bc086e871e41eb5f4f6ecbcb7b4f2fe0d92d831405f?s=96&d=mm&r=g","contentUrl":"https:\/\/secure.gravatar.com\/avatar\/2ee0a9b7fe10fe32bdec8bc086e871e41eb5f4f6ecbcb7b4f2fe0d92d831405f?s=96&d=mm&r=g","caption":"Jornal Ponto Mais"},"sameAs":["https:\/\/jornalpontomais.com\/site","jornalpontomais"],"url":"https:\/\/jornalpontomais.com\/site\/author\/jornalpontomais\/"}]}},"_links":{"self":[{"href":"https:\/\/jornalpontomais.com\/site\/wp-json\/wp\/v2\/posts\/13694","targetHints":{"allow":["GET"]}}],"collection":[{"href":"https:\/\/jornalpontomais.com\/site\/wp-json\/wp\/v2\/posts"}],"about":[{"href":"https:\/\/jornalpontomais.com\/site\/wp-json\/wp\/v2\/types\/post"}],"author":[{"embeddable":true,"href":"https:\/\/jornalpontomais.com\/site\/wp-json\/wp\/v2\/users\/2"}],"replies":[{"embeddable":true,"href":"https:\/\/jornalpontomais.com\/site\/wp-json\/wp\/v2\/comments?post=13694"}],"version-history":[{"count":1,"href":"https:\/\/jornalpontomais.com\/site\/wp-json\/wp\/v2\/posts\/13694\/revisions"}],"predecessor-version":[{"id":13696,"href":"https:\/\/jornalpontomais.com\/site\/wp-json\/wp\/v2\/posts\/13694\/revisions\/13696"}],"wp:featuredmedia":[{"embeddable":true,"href":"https:\/\/jornalpontomais.com\/site\/wp-json\/wp\/v2\/media\/13695"}],"wp:attachment":[{"href":"https:\/\/jornalpontomais.com\/site\/wp-json\/wp\/v2\/media?parent=13694"}],"wp:term":[{"taxonomy":"category","embeddable":true,"href":"https:\/\/jornalpontomais.com\/site\/wp-json\/wp\/v2\/categories?post=13694"},{"taxonomy":"post_tag","embeddable":true,"href":"https:\/\/jornalpontomais.com\/site\/wp-json\/wp\/v2\/tags?post=13694"}],"curies":[{"name":"wp","href":"https:\/\/api.w.org\/{rel}","templated":true}]}}