{"id":13666,"date":"2024-06-14T10:49:20","date_gmt":"2024-06-14T13:49:20","guid":{"rendered":"https:\/\/jornalpontomais.com\/site\/?p=13666"},"modified":"2024-06-14T10:49:21","modified_gmt":"2024-06-14T13:49:21","slug":"brasil-bate-alemanha-e-chega-a-10a-vitoria-na-liga-das-nacoes-de-volei","status":"publish","type":"post","link":"https:\/\/jornalpontomais.com\/site\/2024\/06\/14\/brasil-bate-alemanha-e-chega-a-10a-vitoria-na-liga-das-nacoes-de-volei\/","title":{"rendered":"Brasil bate Alemanha e chega \u00e0 10\u00aa vit\u00f3ria na Liga das Na\u00e7\u00f5es de V\u00f4lei"},"content":{"rendered":"\n<p>Atual l\u00edder da Liga das Na\u00e7\u00f5es de V\u00f4lei (LNV), a sele\u00e7\u00e3o brasileira feminina emplacou a 10\u00aa vit\u00f3ria seguida na competi\u00e7\u00e3o nesta quinta-feira (13), ao bater a Alemanha por 3 sets a 1 (25-20,&nbsp;25-22,&nbsp;21-25,&nbsp;26-24), em Hong Kong (China). J\u00e1 classificado \u00e0s quartas de final, o Brasil volta \u00e0 quadra contra a Bulg\u00e1ria, \u00e0s 2h30 (hor\u00e1rio de Bras\u00edlia) desta sexta-feira (14), para o pen\u00faltimo confronto da fase classificat\u00f3ria.<br><br><\/p>\n\n\n\n<p>As brasileiras, comandadas pelo t\u00e9cnico Jos\u00e9 Roberto Guimar\u00e3es,&nbsp;seguem invictas na LNV, no topo da tabela de classifica\u00e7\u00e3o, com 28 pontos. Em segundo lugar est\u00e1 a Pol\u00f4nia e em terceiro a&nbsp;Turquia, ambas com 24 pontos. J\u00e1 a Alemanha est\u00e1 em 13\u00ba lugar, com apenas seis pontos. &nbsp;<\/p>\n\n\n\n<figure class=\"wp-block-embed is-type-rich is-provider-twitter wp-block-embed-twitter\"><div class=\"wp-block-embed__wrapper\">\n<blockquote class=\"twitter-tweet\" data-width=\"550\" data-dnt=\"true\"><p lang=\"en\" dir=\"ltr\">GABI \ud83c\udde7\ud83c\uddf7!<br><br>One of the best players in the world, Miss Everything was decisive in the 3-1 win over Germany \ud83c\udde9\ud83c\uddea.<br><br>\ud83d\udcfa Matches on <a href=\"https:\/\/t.co\/dg4UbB7IlN\">https:\/\/t.co\/dg4UbB7IlN<\/a>.<br><br>\ud83d\udcf1<a href=\"https:\/\/twitter.com\/hashtag\/VNLFantasy?src=hash&amp;ref_src=twsrc%5Etfw\">#VNLFantasy<\/a> Game: <a href=\"https:\/\/t.co\/ucmroGXrQH\">https:\/\/t.co\/ucmroGXrQH<\/a><br><br>\ud83d\udecd\ufe0f Shop for VNL Merch: <a href=\"https:\/\/t.co\/EPLyV1C3tj\">https:\/\/t.co\/EPLyV1C3tj<\/a>.<br><br>\ud83c\udfd0 <a href=\"https:\/\/twitter.com\/hashtag\/Volleyball?src=hash&amp;ref_src=twsrc%5Etfw\">#Volleyball<\/a> <a href=\"https:\/\/twitter.com\/hashtag\/Volei?src=hash&amp;ref_src=twsrc%5Etfw\">#Volei<\/a> <a href=\"https:\/\/twitter.com\/hashtag\/VNLHongKong?src=hash&amp;ref_src=twsrc%5Etfw\">#VNLHongKong<\/a> <a href=\"https:\/\/t.co\/qtGvvTMGal\">pic.twitter.com\/qtGvvTMGal<\/a><\/p>&mdash; Volleyball World (@volleyballworld) <a href=\"https:\/\/twitter.com\/volleyballworld\/status\/1801241248977555563?ref_src=twsrc%5Etfw\">June 13, 2024<\/a><\/blockquote><script async src=\"https:\/\/platform.twitter.com\/widgets.js\" charset=\"utf-8\"><\/script>\n<\/div><\/figure>\n\n\n\n<p>Nesta quinta (13), a ponteira e capit\u00e3 Gabi Guimar\u00e3es teve mais uma atua\u00e7\u00e3o arrebatadora ao marcar 28 pontos, quatro a mais do total obtido por ela contra a Pol\u00f4nia, no jogo de quarta (12).<br><br><\/p>\n\n\n\n<p>\u201cA gente teve muitos momentos dif\u00edceis, o jogo poderia ter ido para o tie-break, mas a gente se manteve junta com nossa energia. Agora \u00e9 ter a cabe\u00e7a focada, entender o que a gente pode melhorar porque amanh\u00e3 tem um jog\u00e3o contra a Bulg\u00e1ria, a gente precisa ir com tudo\u201d, projetou Gabi, em declara\u00e7\u00e3o \u00e0 Confedera\u00e7\u00e3o Brasileira de V\u00f4lei (CBV).<br><br><\/p>\n\n\n\n<p>Uma vit\u00f3ria contra a Bulg\u00e1ria, lanterna na tabela, valer\u00e1 pontos preciosos para o Brasil no\u00a0<a href=\"https:\/\/en.volleyballworld.com\/volleyball\/world-ranking\/women\"><strong>ranking mundial da Federa\u00e7\u00e3o Internacional de Voleibol (FIVB,<\/strong><\/a>\u00a0na sigla em franc\u00eas), que serve de par\u00e2metro para a defini\u00e7\u00e3o de cabe\u00e7as de chave na divis\u00e3o de grupos da Olimp\u00edada de Paris. A lista da FIVB ser\u00e1 fechada na pr\u00f3xima segunda (17), ap\u00f3s o t\u00e9rmino da terceira\u00a0semana classificat\u00f3ria da LNV.<br><br><\/p>\n\n\n\n<p>O pa\u00eds l\u00edder no ranking mundial ser\u00e1 cabe\u00e7a de chave no Grupo B, enquanto o vice-l\u00edder ocupar\u00e1 a primeira posi\u00e7\u00e3o do Grupo C. Atualmente, quem lidera o ranking \u00e9 a Turquia, com 392,17 pontos, seguida do Brasil (389,13) em segundo lugar e Pol\u00f4nia (366,17) em terceiro.<br><br><\/p>\n\n\n\n<p>O \u00faltimo embate da sele\u00e7\u00e3o brasileira, encerrando a fase classificat\u00f3ria,&nbsp;ser\u00e1 exatamente contra a Turquia, atua campe\u00e3 da LNV e l\u00edder do ranking. O duelo com cara de final ser\u00e1 \u00e0s 6h de domingo (16). A fase final da competi\u00e7\u00e3o ocorrer na Tail\u00e2ndia, de 20 a 23 de junho.<\/p>\n","protected":false},"excerpt":{"rendered":"<p>Atual l\u00edder da Liga das Na\u00e7\u00f5es de V\u00f4lei (LNV), a sele\u00e7\u00e3o brasileira feminina emplacou a 10\u00aa vit\u00f3ria seguida na competi\u00e7\u00e3o nesta quinta-feira (13), ao bater a Alemanha por 3 sets a 1 (25-20,&nbsp;25-22,&nbsp;21-25,&nbsp;26-24), em Hong Kong (China). J\u00e1 classificado \u00e0s quartas de final, o Brasil volta \u00e0 quadra contra a Bulg\u00e1ria, \u00e0s 2h30 (hor\u00e1rio de [&hellip;]<\/p>\n","protected":false},"author":2,"featured_media":13671,"comment_status":"open","ping_status":"open","sticky":true,"template":"","format":"standard","meta":{"om_disable_all_campaigns":false,"_monsterinsights_skip_tracking":false,"_monsterinsights_sitenote_active":false,"_monsterinsights_sitenote_note":"","_monsterinsights_sitenote_category":0,"footnotes":""},"categories":[4],"tags":[],"class_list":["post-13666","post","type-post","status-publish","format-standard","has-post-thumbnail","hentry","category-esporte"],"yoast_head":"<!-- This site is optimized with the Yoast SEO plugin v27.2 - https:\/\/yoast.com\/product\/yoast-seo-wordpress\/ -->\n<title>Brasil bate Alemanha e chega \u00e0 10\u00aa vit\u00f3ria na Liga das Na\u00e7\u00f5es de V\u00f4lei - Jornal Ponto Mais<\/title>\n<meta name=\"robots\" content=\"index, follow, max-snippet:-1, max-image-preview:large, max-video-preview:-1\" \/>\n<link rel=\"canonical\" href=\"https:\/\/jornalpontomais.com\/site\/2024\/06\/14\/brasil-bate-alemanha-e-chega-a-10a-vitoria-na-liga-das-nacoes-de-volei\/\" \/>\n<meta property=\"og:locale\" content=\"pt_BR\" \/>\n<meta property=\"og:type\" content=\"article\" \/>\n<meta property=\"og:title\" content=\"Brasil bate Alemanha e chega \u00e0 10\u00aa vit\u00f3ria na Liga das Na\u00e7\u00f5es de V\u00f4lei - Jornal Ponto Mais\" \/>\n<meta property=\"og:description\" content=\"Atual l\u00edder da Liga das Na\u00e7\u00f5es de V\u00f4lei (LNV), a sele\u00e7\u00e3o brasileira feminina emplacou a 10\u00aa vit\u00f3ria seguida na competi\u00e7\u00e3o nesta quinta-feira (13), ao bater a Alemanha por 3 sets a 1 (25-20,&nbsp;25-22,&nbsp;21-25,&nbsp;26-24), em Hong Kong (China). J\u00e1 classificado \u00e0s quartas de final, o Brasil volta \u00e0 quadra contra a Bulg\u00e1ria, \u00e0s 2h30 (hor\u00e1rio de [&hellip;]\" \/>\n<meta property=\"og:url\" content=\"https:\/\/jornalpontomais.com\/site\/2024\/06\/14\/brasil-bate-alemanha-e-chega-a-10a-vitoria-na-liga-das-nacoes-de-volei\/\" \/>\n<meta property=\"og:site_name\" content=\"Jornal Ponto Mais\" \/>\n<meta property=\"article:published_time\" content=\"2024-06-14T13:49:20+00:00\" \/>\n<meta property=\"article:modified_time\" content=\"2024-06-14T13:49:21+00:00\" \/>\n<meta property=\"og:image\" content=\"https:\/\/jornalpontomais.com\/site\/wp-content\/uploads\/2024\/06\/gabi_volei_fem_lnv_2024.webp\" \/>\n\t<meta property=\"og:image:width\" content=\"1170\" \/>\n\t<meta property=\"og:image:height\" content=\"700\" \/>\n\t<meta property=\"og:image:type\" content=\"image\/webp\" \/>\n<meta name=\"author\" content=\"Jornal Ponto Mais\" \/>\n<meta name=\"twitter:card\" content=\"summary_large_image\" \/>\n<meta name=\"twitter:label1\" content=\"Escrito por\" \/>\n\t<meta name=\"twitter:data1\" content=\"Jornal Ponto Mais\" \/>\n\t<meta name=\"twitter:label2\" content=\"Est. tempo de leitura\" \/>\n\t<meta name=\"twitter:data2\" content=\"2 minutos\" \/>\n<script type=\"application\/ld+json\" class=\"yoast-schema-graph\">{\"@context\":\"https:\/\/schema.org\",\"@graph\":[{\"@type\":\"Article\",\"@id\":\"https:\/\/jornalpontomais.com\/site\/2024\/06\/14\/brasil-bate-alemanha-e-chega-a-10a-vitoria-na-liga-das-nacoes-de-volei\/#article\",\"isPartOf\":{\"@id\":\"https:\/\/jornalpontomais.com\/site\/2024\/06\/14\/brasil-bate-alemanha-e-chega-a-10a-vitoria-na-liga-das-nacoes-de-volei\/\"},\"author\":{\"name\":\"Jornal Ponto Mais\",\"@id\":\"https:\/\/jornalpontomais.com\/site\/#\/schema\/person\/18323f0b0f1355f2490721c48389fe9d\"},\"headline\":\"Brasil bate Alemanha e chega \u00e0 10\u00aa vit\u00f3ria na Liga das Na\u00e7\u00f5es de V\u00f4lei\",\"datePublished\":\"2024-06-14T13:49:20+00:00\",\"dateModified\":\"2024-06-14T13:49:21+00:00\",\"mainEntityOfPage\":{\"@id\":\"https:\/\/jornalpontomais.com\/site\/2024\/06\/14\/brasil-bate-alemanha-e-chega-a-10a-vitoria-na-liga-das-nacoes-de-volei\/\"},\"wordCount\":424,\"commentCount\":0,\"publisher\":{\"@id\":\"https:\/\/jornalpontomais.com\/site\/#organization\"},\"image\":{\"@id\":\"https:\/\/jornalpontomais.com\/site\/2024\/06\/14\/brasil-bate-alemanha-e-chega-a-10a-vitoria-na-liga-das-nacoes-de-volei\/#primaryimage\"},\"thumbnailUrl\":\"https:\/\/jornalpontomais.com\/site\/wp-content\/uploads\/2024\/06\/gabi_volei_fem_lnv_2024.webp\",\"articleSection\":[\"Esporte\"],\"inLanguage\":\"pt-BR\",\"potentialAction\":[{\"@type\":\"CommentAction\",\"name\":\"Comment\",\"target\":[\"https:\/\/jornalpontomais.com\/site\/2024\/06\/14\/brasil-bate-alemanha-e-chega-a-10a-vitoria-na-liga-das-nacoes-de-volei\/#respond\"]}]},{\"@type\":\"WebPage\",\"@id\":\"https:\/\/jornalpontomais.com\/site\/2024\/06\/14\/brasil-bate-alemanha-e-chega-a-10a-vitoria-na-liga-das-nacoes-de-volei\/\",\"url\":\"https:\/\/jornalpontomais.com\/site\/2024\/06\/14\/brasil-bate-alemanha-e-chega-a-10a-vitoria-na-liga-das-nacoes-de-volei\/\",\"name\":\"Brasil bate Alemanha e chega \u00e0 10\u00aa vit\u00f3ria na Liga das Na\u00e7\u00f5es de V\u00f4lei - Jornal Ponto Mais\",\"isPartOf\":{\"@id\":\"https:\/\/jornalpontomais.com\/site\/#website\"},\"primaryImageOfPage\":{\"@id\":\"https:\/\/jornalpontomais.com\/site\/2024\/06\/14\/brasil-bate-alemanha-e-chega-a-10a-vitoria-na-liga-das-nacoes-de-volei\/#primaryimage\"},\"image\":{\"@id\":\"https:\/\/jornalpontomais.com\/site\/2024\/06\/14\/brasil-bate-alemanha-e-chega-a-10a-vitoria-na-liga-das-nacoes-de-volei\/#primaryimage\"},\"thumbnailUrl\":\"https:\/\/jornalpontomais.com\/site\/wp-content\/uploads\/2024\/06\/gabi_volei_fem_lnv_2024.webp\",\"datePublished\":\"2024-06-14T13:49:20+00:00\",\"dateModified\":\"2024-06-14T13:49:21+00:00\",\"breadcrumb\":{\"@id\":\"https:\/\/jornalpontomais.com\/site\/2024\/06\/14\/brasil-bate-alemanha-e-chega-a-10a-vitoria-na-liga-das-nacoes-de-volei\/#breadcrumb\"},\"inLanguage\":\"pt-BR\",\"potentialAction\":[{\"@type\":\"ReadAction\",\"target\":[\"https:\/\/jornalpontomais.com\/site\/2024\/06\/14\/brasil-bate-alemanha-e-chega-a-10a-vitoria-na-liga-das-nacoes-de-volei\/\"]}]},{\"@type\":\"ImageObject\",\"inLanguage\":\"pt-BR\",\"@id\":\"https:\/\/jornalpontomais.com\/site\/2024\/06\/14\/brasil-bate-alemanha-e-chega-a-10a-vitoria-na-liga-das-nacoes-de-volei\/#primaryimage\",\"url\":\"https:\/\/jornalpontomais.com\/site\/wp-content\/uploads\/2024\/06\/gabi_volei_fem_lnv_2024.webp\",\"contentUrl\":\"https:\/\/jornalpontomais.com\/site\/wp-content\/uploads\/2024\/06\/gabi_volei_fem_lnv_2024.webp\",\"width\":1170,\"height\":700},{\"@type\":\"BreadcrumbList\",\"@id\":\"https:\/\/jornalpontomais.com\/site\/2024\/06\/14\/brasil-bate-alemanha-e-chega-a-10a-vitoria-na-liga-das-nacoes-de-volei\/#breadcrumb\",\"itemListElement\":[{\"@type\":\"ListItem\",\"position\":1,\"name\":\"In\u00edcio\",\"item\":\"https:\/\/jornalpontomais.com\/site\/\"},{\"@type\":\"ListItem\",\"position\":2,\"name\":\"Brasil bate Alemanha e chega \u00e0 10\u00aa vit\u00f3ria na Liga das Na\u00e7\u00f5es de V\u00f4lei\"}]},{\"@type\":\"WebSite\",\"@id\":\"https:\/\/jornalpontomais.com\/site\/#website\",\"url\":\"https:\/\/jornalpontomais.com\/site\/\",\"name\":\"Jornal Ponto Mais\",\"description\":\"As principais not\u00edcias do Brasil e do mundo. Confira!\",\"publisher\":{\"@id\":\"https:\/\/jornalpontomais.com\/site\/#organization\"},\"potentialAction\":[{\"@type\":\"SearchAction\",\"target\":{\"@type\":\"EntryPoint\",\"urlTemplate\":\"https:\/\/jornalpontomais.com\/site\/?s={search_term_string}\"},\"query-input\":{\"@type\":\"PropertyValueSpecification\",\"valueRequired\":true,\"valueName\":\"search_term_string\"}}],\"inLanguage\":\"pt-BR\"},{\"@type\":\"Organization\",\"@id\":\"https:\/\/jornalpontomais.com\/site\/#organization\",\"name\":\"Jornal Ponto+\",\"url\":\"https:\/\/jornalpontomais.com\/site\/\",\"logo\":{\"@type\":\"ImageObject\",\"inLanguage\":\"pt-BR\",\"@id\":\"https:\/\/jornalpontomais.com\/site\/#\/schema\/logo\/image\/\",\"url\":\"https:\/\/jornalpontomais.com\/site\/wp-content\/uploads\/2022\/01\/marca.png\",\"contentUrl\":\"https:\/\/jornalpontomais.com\/site\/wp-content\/uploads\/2022\/01\/marca.png\",\"width\":582,\"height\":148,\"caption\":\"Jornal Ponto+\"},\"image\":{\"@id\":\"https:\/\/jornalpontomais.com\/site\/#\/schema\/logo\/image\/\"}},{\"@type\":\"Person\",\"@id\":\"https:\/\/jornalpontomais.com\/site\/#\/schema\/person\/18323f0b0f1355f2490721c48389fe9d\",\"name\":\"Jornal Ponto Mais\",\"image\":{\"@type\":\"ImageObject\",\"inLanguage\":\"pt-BR\",\"@id\":\"https:\/\/secure.gravatar.com\/avatar\/2ee0a9b7fe10fe32bdec8bc086e871e41eb5f4f6ecbcb7b4f2fe0d92d831405f?s=96&d=mm&r=g\",\"url\":\"https:\/\/secure.gravatar.com\/avatar\/2ee0a9b7fe10fe32bdec8bc086e871e41eb5f4f6ecbcb7b4f2fe0d92d831405f?s=96&d=mm&r=g\",\"contentUrl\":\"https:\/\/secure.gravatar.com\/avatar\/2ee0a9b7fe10fe32bdec8bc086e871e41eb5f4f6ecbcb7b4f2fe0d92d831405f?s=96&d=mm&r=g\",\"caption\":\"Jornal Ponto Mais\"},\"sameAs\":[\"https:\/\/jornalpontomais.com\/site\",\"jornalpontomais\"],\"url\":\"https:\/\/jornalpontomais.com\/site\/author\/jornalpontomais\/\"}]}<\/script>\n<!-- \/ Yoast SEO plugin. -->","yoast_head_json":{"title":"Brasil bate Alemanha e chega \u00e0 10\u00aa vit\u00f3ria na Liga das Na\u00e7\u00f5es de V\u00f4lei - Jornal Ponto Mais","robots":{"index":"index","follow":"follow","max-snippet":"max-snippet:-1","max-image-preview":"max-image-preview:large","max-video-preview":"max-video-preview:-1"},"canonical":"https:\/\/jornalpontomais.com\/site\/2024\/06\/14\/brasil-bate-alemanha-e-chega-a-10a-vitoria-na-liga-das-nacoes-de-volei\/","og_locale":"pt_BR","og_type":"article","og_title":"Brasil bate Alemanha e chega \u00e0 10\u00aa vit\u00f3ria na Liga das Na\u00e7\u00f5es de V\u00f4lei - Jornal Ponto Mais","og_description":"Atual l\u00edder da Liga das Na\u00e7\u00f5es de V\u00f4lei (LNV), a sele\u00e7\u00e3o brasileira feminina emplacou a 10\u00aa vit\u00f3ria seguida na competi\u00e7\u00e3o nesta quinta-feira (13), ao bater a Alemanha por 3 sets a 1 (25-20,&nbsp;25-22,&nbsp;21-25,&nbsp;26-24), em Hong Kong (China). J\u00e1 classificado \u00e0s quartas de final, o Brasil volta \u00e0 quadra contra a Bulg\u00e1ria, \u00e0s 2h30 (hor\u00e1rio de [&hellip;]","og_url":"https:\/\/jornalpontomais.com\/site\/2024\/06\/14\/brasil-bate-alemanha-e-chega-a-10a-vitoria-na-liga-das-nacoes-de-volei\/","og_site_name":"Jornal Ponto Mais","article_published_time":"2024-06-14T13:49:20+00:00","article_modified_time":"2024-06-14T13:49:21+00:00","og_image":[{"width":1170,"height":700,"url":"https:\/\/jornalpontomais.com\/site\/wp-content\/uploads\/2024\/06\/gabi_volei_fem_lnv_2024.webp","type":"image\/webp"}],"author":"Jornal Ponto Mais","twitter_card":"summary_large_image","twitter_misc":{"Escrito por":"Jornal Ponto Mais","Est. tempo de leitura":"2 minutos"},"schema":{"@context":"https:\/\/schema.org","@graph":[{"@type":"Article","@id":"https:\/\/jornalpontomais.com\/site\/2024\/06\/14\/brasil-bate-alemanha-e-chega-a-10a-vitoria-na-liga-das-nacoes-de-volei\/#article","isPartOf":{"@id":"https:\/\/jornalpontomais.com\/site\/2024\/06\/14\/brasil-bate-alemanha-e-chega-a-10a-vitoria-na-liga-das-nacoes-de-volei\/"},"author":{"name":"Jornal Ponto Mais","@id":"https:\/\/jornalpontomais.com\/site\/#\/schema\/person\/18323f0b0f1355f2490721c48389fe9d"},"headline":"Brasil bate Alemanha e chega \u00e0 10\u00aa vit\u00f3ria na Liga das Na\u00e7\u00f5es de V\u00f4lei","datePublished":"2024-06-14T13:49:20+00:00","dateModified":"2024-06-14T13:49:21+00:00","mainEntityOfPage":{"@id":"https:\/\/jornalpontomais.com\/site\/2024\/06\/14\/brasil-bate-alemanha-e-chega-a-10a-vitoria-na-liga-das-nacoes-de-volei\/"},"wordCount":424,"commentCount":0,"publisher":{"@id":"https:\/\/jornalpontomais.com\/site\/#organization"},"image":{"@id":"https:\/\/jornalpontomais.com\/site\/2024\/06\/14\/brasil-bate-alemanha-e-chega-a-10a-vitoria-na-liga-das-nacoes-de-volei\/#primaryimage"},"thumbnailUrl":"https:\/\/jornalpontomais.com\/site\/wp-content\/uploads\/2024\/06\/gabi_volei_fem_lnv_2024.webp","articleSection":["Esporte"],"inLanguage":"pt-BR","potentialAction":[{"@type":"CommentAction","name":"Comment","target":["https:\/\/jornalpontomais.com\/site\/2024\/06\/14\/brasil-bate-alemanha-e-chega-a-10a-vitoria-na-liga-das-nacoes-de-volei\/#respond"]}]},{"@type":"WebPage","@id":"https:\/\/jornalpontomais.com\/site\/2024\/06\/14\/brasil-bate-alemanha-e-chega-a-10a-vitoria-na-liga-das-nacoes-de-volei\/","url":"https:\/\/jornalpontomais.com\/site\/2024\/06\/14\/brasil-bate-alemanha-e-chega-a-10a-vitoria-na-liga-das-nacoes-de-volei\/","name":"Brasil bate Alemanha e chega \u00e0 10\u00aa vit\u00f3ria na Liga das Na\u00e7\u00f5es de V\u00f4lei - Jornal Ponto Mais","isPartOf":{"@id":"https:\/\/jornalpontomais.com\/site\/#website"},"primaryImageOfPage":{"@id":"https:\/\/jornalpontomais.com\/site\/2024\/06\/14\/brasil-bate-alemanha-e-chega-a-10a-vitoria-na-liga-das-nacoes-de-volei\/#primaryimage"},"image":{"@id":"https:\/\/jornalpontomais.com\/site\/2024\/06\/14\/brasil-bate-alemanha-e-chega-a-10a-vitoria-na-liga-das-nacoes-de-volei\/#primaryimage"},"thumbnailUrl":"https:\/\/jornalpontomais.com\/site\/wp-content\/uploads\/2024\/06\/gabi_volei_fem_lnv_2024.webp","datePublished":"2024-06-14T13:49:20+00:00","dateModified":"2024-06-14T13:49:21+00:00","breadcrumb":{"@id":"https:\/\/jornalpontomais.com\/site\/2024\/06\/14\/brasil-bate-alemanha-e-chega-a-10a-vitoria-na-liga-das-nacoes-de-volei\/#breadcrumb"},"inLanguage":"pt-BR","potentialAction":[{"@type":"ReadAction","target":["https:\/\/jornalpontomais.com\/site\/2024\/06\/14\/brasil-bate-alemanha-e-chega-a-10a-vitoria-na-liga-das-nacoes-de-volei\/"]}]},{"@type":"ImageObject","inLanguage":"pt-BR","@id":"https:\/\/jornalpontomais.com\/site\/2024\/06\/14\/brasil-bate-alemanha-e-chega-a-10a-vitoria-na-liga-das-nacoes-de-volei\/#primaryimage","url":"https:\/\/jornalpontomais.com\/site\/wp-content\/uploads\/2024\/06\/gabi_volei_fem_lnv_2024.webp","contentUrl":"https:\/\/jornalpontomais.com\/site\/wp-content\/uploads\/2024\/06\/gabi_volei_fem_lnv_2024.webp","width":1170,"height":700},{"@type":"BreadcrumbList","@id":"https:\/\/jornalpontomais.com\/site\/2024\/06\/14\/brasil-bate-alemanha-e-chega-a-10a-vitoria-na-liga-das-nacoes-de-volei\/#breadcrumb","itemListElement":[{"@type":"ListItem","position":1,"name":"In\u00edcio","item":"https:\/\/jornalpontomais.com\/site\/"},{"@type":"ListItem","position":2,"name":"Brasil bate Alemanha e chega \u00e0 10\u00aa vit\u00f3ria na Liga das Na\u00e7\u00f5es de V\u00f4lei"}]},{"@type":"WebSite","@id":"https:\/\/jornalpontomais.com\/site\/#website","url":"https:\/\/jornalpontomais.com\/site\/","name":"Jornal Ponto Mais","description":"As principais not\u00edcias do Brasil e do mundo. Confira!","publisher":{"@id":"https:\/\/jornalpontomais.com\/site\/#organization"},"potentialAction":[{"@type":"SearchAction","target":{"@type":"EntryPoint","urlTemplate":"https:\/\/jornalpontomais.com\/site\/?s={search_term_string}"},"query-input":{"@type":"PropertyValueSpecification","valueRequired":true,"valueName":"search_term_string"}}],"inLanguage":"pt-BR"},{"@type":"Organization","@id":"https:\/\/jornalpontomais.com\/site\/#organization","name":"Jornal Ponto+","url":"https:\/\/jornalpontomais.com\/site\/","logo":{"@type":"ImageObject","inLanguage":"pt-BR","@id":"https:\/\/jornalpontomais.com\/site\/#\/schema\/logo\/image\/","url":"https:\/\/jornalpontomais.com\/site\/wp-content\/uploads\/2022\/01\/marca.png","contentUrl":"https:\/\/jornalpontomais.com\/site\/wp-content\/uploads\/2022\/01\/marca.png","width":582,"height":148,"caption":"Jornal Ponto+"},"image":{"@id":"https:\/\/jornalpontomais.com\/site\/#\/schema\/logo\/image\/"}},{"@type":"Person","@id":"https:\/\/jornalpontomais.com\/site\/#\/schema\/person\/18323f0b0f1355f2490721c48389fe9d","name":"Jornal Ponto Mais","image":{"@type":"ImageObject","inLanguage":"pt-BR","@id":"https:\/\/secure.gravatar.com\/avatar\/2ee0a9b7fe10fe32bdec8bc086e871e41eb5f4f6ecbcb7b4f2fe0d92d831405f?s=96&d=mm&r=g","url":"https:\/\/secure.gravatar.com\/avatar\/2ee0a9b7fe10fe32bdec8bc086e871e41eb5f4f6ecbcb7b4f2fe0d92d831405f?s=96&d=mm&r=g","contentUrl":"https:\/\/secure.gravatar.com\/avatar\/2ee0a9b7fe10fe32bdec8bc086e871e41eb5f4f6ecbcb7b4f2fe0d92d831405f?s=96&d=mm&r=g","caption":"Jornal Ponto Mais"},"sameAs":["https:\/\/jornalpontomais.com\/site","jornalpontomais"],"url":"https:\/\/jornalpontomais.com\/site\/author\/jornalpontomais\/"}]}},"_links":{"self":[{"href":"https:\/\/jornalpontomais.com\/site\/wp-json\/wp\/v2\/posts\/13666","targetHints":{"allow":["GET"]}}],"collection":[{"href":"https:\/\/jornalpontomais.com\/site\/wp-json\/wp\/v2\/posts"}],"about":[{"href":"https:\/\/jornalpontomais.com\/site\/wp-json\/wp\/v2\/types\/post"}],"author":[{"embeddable":true,"href":"https:\/\/jornalpontomais.com\/site\/wp-json\/wp\/v2\/users\/2"}],"replies":[{"embeddable":true,"href":"https:\/\/jornalpontomais.com\/site\/wp-json\/wp\/v2\/comments?post=13666"}],"version-history":[{"count":1,"href":"https:\/\/jornalpontomais.com\/site\/wp-json\/wp\/v2\/posts\/13666\/revisions"}],"predecessor-version":[{"id":13672,"href":"https:\/\/jornalpontomais.com\/site\/wp-json\/wp\/v2\/posts\/13666\/revisions\/13672"}],"wp:featuredmedia":[{"embeddable":true,"href":"https:\/\/jornalpontomais.com\/site\/wp-json\/wp\/v2\/media\/13671"}],"wp:attachment":[{"href":"https:\/\/jornalpontomais.com\/site\/wp-json\/wp\/v2\/media?parent=13666"}],"wp:term":[{"taxonomy":"category","embeddable":true,"href":"https:\/\/jornalpontomais.com\/site\/wp-json\/wp\/v2\/categories?post=13666"},{"taxonomy":"post_tag","embeddable":true,"href":"https:\/\/jornalpontomais.com\/site\/wp-json\/wp\/v2\/tags?post=13666"}],"curies":[{"name":"wp","href":"https:\/\/api.w.org\/{rel}","templated":true}]}}