{"id":13592,"date":"2024-06-10T10:48:28","date_gmt":"2024-06-10T13:48:28","guid":{"rendered":"https:\/\/jornalpontomais.com\/site\/?p=13592"},"modified":"2024-06-10T10:48:29","modified_gmt":"2024-06-10T13:48:29","slug":"mei-micro-e-pequenas-empresas-tem-ate-30-de-setembro-para-se-cadastrar-no-domicilio-judicial-eletronico","status":"publish","type":"post","link":"https:\/\/jornalpontomais.com\/site\/2024\/06\/10\/mei-micro-e-pequenas-empresas-tem-ate-30-de-setembro-para-se-cadastrar-no-domicilio-judicial-eletronico\/","title":{"rendered":"MEI, micro e pequenas empresas t\u00eam at\u00e9 30 de setembro para se cadastrar no Domic\u00edlio Judicial Eletr\u00f4nico"},"content":{"rendered":"\n<p>Microempresas, empresas de pequeno porte e microempreendedores individuais (MEIs) que n\u00e3o est\u00e3o cadastrados no sistema integrado da Rede Nacional para a Simplifica\u00e7\u00e3o do Registro e da Legaliza\u00e7\u00e3o de Empresas e Neg\u00f3cios (Redesim) ter\u00e3o at\u00e9 30 de setembro de 2024 para efetuarem seu cadastro no Domic\u00edlio Judicial Eletr\u00f4nico, alerta o Conselho Nacional de Justi\u00e7a (CNJ).<br><br><\/p>\n\n\n\n<p>A plataforma, que centraliza as comunica\u00e7\u00f5es processuais dos tribunais brasileiros, como cita\u00e7\u00f5es e intima\u00e7\u00f5es, j\u00e1 \u00e9 obrigat\u00f3ria para empresas de m\u00e9dio e grande porte desde o dia 30 de maio.<br><br><\/p>\n\n\n\n<p>Ainda segundo o CNJ, as empresas que j\u00e1 est\u00e3o cadastradas na Redesim ter\u00e3o o cadastro feito de forma autom\u00e1tica, por meio de integra\u00e7\u00e3o de sistemas, em prazo a ser informado em breve.\u00a0\u00a0<br><br><\/p>\n\n\n\n<p><strong>Prazo para ades\u00e3o das MPEs ao Domic\u00edlio Judicial Eletr\u00f4nico \u00e9 diferenciado<\/strong><\/p>\n\n\n\n<p>O prazo para ades\u00e3o das MPEs foi estabelecido pela portaria da Presid\u00eancia n\u00ba. 178, de 23 de maio de 2024, e atende a um pedido de esclarecimento do Servi\u00e7o Brasileiro de Apoio \u00e0s Micro e Pequenas Empresas (Sebrae) sobre a obrigatoriedade ou n\u00e3o de registro dessas empresas, conforme previsto na Resolu\u00e7\u00e3o n\u00ba 455\/2022.\u00a0<br><br><\/p>\n\n\n\n<p>\u201cO cadastro para essas empresas ser\u00e1 simplificado para garantir a facilidade e rapidez no processo\u201d, explica o juiz auxiliar da Presid\u00eancia do CNJ e mentor do projeto, Adriano da Silva Ara\u00fajo. \u201cO Conselho promover\u00e1 campanhas de orienta\u00e7\u00e3o espec\u00edficas para assegurar que todas as microempresas, empresas de pequeno porte e microempreendedores individuais estejam cientes das suas obriga\u00e7\u00f5es e procedimentos necess\u00e1rios para o cadastramento\u201d, afirma Ara\u00fajo.\u00a0<br><br><\/p>\n\n\n\n<p><strong>Prorroga\u00e7\u00e3o do prazo para empresas ga\u00fachas<\/strong><\/p>\n\n\n\n<p>Em decorr\u00eancia do estado de calamidade p\u00fablica enfrentado, as empresas situadas no Rio Grande do Sul tamb\u00e9m ter\u00e3o at\u00e9 30 de setembro de 2024 para efetuarem seu cadastro. Cerca de 14 mil empresas no estado j\u00e1 se cadastraram.\u00a0\u00a0<br><br><\/p>\n\n\n\n<p>A medida vale apenas para m\u00e9dias e grandes empresas sediadas no Rio Grande do Sul. Para os demais estados, o prazo de cadastro das grandes e m\u00e9dias empresas se encerrou no dia 30 de maio, de acordo com o calend\u00e1rio estabelecido na Portaria CNJ n. 46.<br><br><\/p>\n\n\n\n<p><strong>Novo cronograma&nbsp;&nbsp;<\/strong><\/p>\n\n\n\n<p>No caso das institui\u00e7\u00f5es p\u00fablicas, foi estabelecido um novo cronograma de implanta\u00e7\u00e3o, que ir\u00e1 iniciar em 1\u00ba de julho de 2024, com a realiza\u00e7\u00e3o de um projeto-piloto de tr\u00eas meses pela Advocacia-Geral da Uni\u00e3o (AGU) e pela Procuradoria-Geral da Fazenda Nacional (PGFN) e previs\u00e3o de encerramento em 30 de setembro. Ap\u00f3s o fim do piloto, os demais entes p\u00fablicos dever\u00e3o se cadastrar entre 1\u00ba de outubro e 19 de dezembro de 2024. J\u00e1 as pessoas f\u00edsicas poder\u00e3o se cadastrar a partir de 1\u00ba de outubro de 2024.\u00a0\u00a0<br><br><\/p>\n\n\n\n<p><strong>Domic\u00edlio Judicial Eletr\u00f4nico<\/strong><\/p>\n\n\n\n<p>Em 2022, a Resolu\u00e7\u00e3o CNJ n\u00ba 455 determinou que as comunica\u00e7\u00f5es processuais fossem realizadas exclusivamente pelo Domic\u00edlio, regulamentando o previsto no art. 246 da Lei n\u00ba 13.105\/2015 (C\u00f3digo de Processo Civil). Segundo o normativo, o cadastro passou a ser obrigat\u00f3rio para Uni\u00e3o, Estados, Distrito Federal, Munic\u00edpios, entidades da administra\u00e7\u00e3o indireta e empresas p\u00fablicas e privadas. A ades\u00e3o tem ocorrido por etapas, segundo cronograma definido pelo CNJ.\u00a0\u00a0\u00a0<br><br><\/p>\n\n\n\n<p>Em 2023, mais de 9 mil bancos e institui\u00e7\u00f5es financeiras se registraram no sistema e passaram a receber comunica\u00e7\u00f5es processuais de forma centralizada. A fase atual mira o cadastro de empresas privadas de todo o pa\u00eds, com um p\u00fablico estimado em 20 milh\u00f5es de empresas ativas, sendo 350 mil de grande e m\u00e9dio portes, de acordo com dados do Painel de Registro de Empresas, do governo federal.\u00a0<br><br><\/p>\n\n\n\n<p>Desenvolvido pelo Programa Justi\u00e7a 4.0 e fruto de parceria entre o CNJ e o Programa das Na\u00e7\u00f5es Unidas para o Desenvolvimento (PNUD), o Domic\u00edlio \u00e9 uma solu\u00e7\u00e3o 100% digital e gratuita que facilita e agiliza as consultas para quem recebe e acompanha cita\u00e7\u00f5es, intima\u00e7\u00f5es e demais comunica\u00e7\u00f5es enviadas pelos tribunais. O sistema substitui o envio de cartas e oficiais de justi\u00e7a e integra os esfor\u00e7os de transforma\u00e7\u00e3o digital do Poder Judici\u00e1rio, garantindo uma presta\u00e7\u00e3o de servi\u00e7os mais c\u00e9lere, eficiente e acess\u00edvel a todas as pessoas.\u00a0<br><br><\/p>\n\n\n\n<p>Para as pessoas que desejam mais informa\u00e7\u00f5es sobre a ferramenta, o CNJ disponibiliza a p\u00e1gina do Domic\u00edlio Judicial Eletr\u00f4nico. Nela, os usu\u00e1rios encontram o manual de uso do sistema, uma s\u00e9rie de v\u00eddeos tutoriais, perguntas e respostas e o cronograma de ades\u00e3o e podem, inclusive, acompanhar a implementa\u00e7\u00e3o do sistema pelos tribunais brasileiros.<\/p>\n","protected":false},"excerpt":{"rendered":"<p>Microempresas, empresas de pequeno porte e microempreendedores individuais (MEIs) que n\u00e3o est\u00e3o cadastrados no sistema integrado da Rede Nacional para a Simplifica\u00e7\u00e3o do Registro e da Legaliza\u00e7\u00e3o de Empresas e Neg\u00f3cios (Redesim) ter\u00e3o at\u00e9 30 de setembro de 2024 para efetuarem seu cadastro no Domic\u00edlio Judicial Eletr\u00f4nico, alerta o Conselho Nacional de Justi\u00e7a (CNJ). A [&hellip;]<\/p>\n","protected":false},"author":2,"featured_media":13593,"comment_status":"open","ping_status":"open","sticky":true,"template":"","format":"standard","meta":{"om_disable_all_campaigns":false,"_monsterinsights_skip_tracking":false,"_monsterinsights_sitenote_active":false,"_monsterinsights_sitenote_note":"","_monsterinsights_sitenote_category":0,"footnotes":""},"categories":[37],"tags":[],"class_list":["post-13592","post","type-post","status-publish","format-standard","has-post-thumbnail","hentry","category-economia"],"yoast_head":"<!-- This site is optimized with the Yoast SEO plugin v27.2 - https:\/\/yoast.com\/product\/yoast-seo-wordpress\/ -->\n<title>MEI, micro e pequenas empresas t\u00eam at\u00e9 30 de setembro para se cadastrar no Domic\u00edlio Judicial Eletr\u00f4nico - Jornal Ponto Mais<\/title>\n<meta name=\"robots\" content=\"index, follow, max-snippet:-1, max-image-preview:large, max-video-preview:-1\" \/>\n<link rel=\"canonical\" href=\"https:\/\/jornalpontomais.com\/site\/2024\/06\/10\/mei-micro-e-pequenas-empresas-tem-ate-30-de-setembro-para-se-cadastrar-no-domicilio-judicial-eletronico\/\" \/>\n<meta property=\"og:locale\" content=\"pt_BR\" \/>\n<meta property=\"og:type\" content=\"article\" \/>\n<meta property=\"og:title\" content=\"MEI, micro e pequenas empresas t\u00eam at\u00e9 30 de setembro para se cadastrar no Domic\u00edlio Judicial Eletr\u00f4nico - Jornal Ponto Mais\" \/>\n<meta property=\"og:description\" content=\"Microempresas, empresas de pequeno porte e microempreendedores individuais (MEIs) que n\u00e3o est\u00e3o cadastrados no sistema integrado da Rede Nacional para a Simplifica\u00e7\u00e3o do Registro e da Legaliza\u00e7\u00e3o de Empresas e Neg\u00f3cios (Redesim) ter\u00e3o at\u00e9 30 de setembro de 2024 para efetuarem seu cadastro no Domic\u00edlio Judicial Eletr\u00f4nico, alerta o Conselho Nacional de Justi\u00e7a (CNJ). A [&hellip;]\" \/>\n<meta property=\"og:url\" content=\"https:\/\/jornalpontomais.com\/site\/2024\/06\/10\/mei-micro-e-pequenas-empresas-tem-ate-30-de-setembro-para-se-cadastrar-no-domicilio-judicial-eletronico\/\" \/>\n<meta property=\"og:site_name\" content=\"Jornal Ponto Mais\" \/>\n<meta property=\"article:published_time\" content=\"2024-06-10T13:48:28+00:00\" \/>\n<meta property=\"article:modified_time\" content=\"2024-06-10T13:48:29+00:00\" \/>\n<meta property=\"og:image\" content=\"https:\/\/jornalpontomais.com\/site\/wp-content\/uploads\/2024\/06\/domicilio-judicial-eletronico-mpes-terao-ate-30-de-setembro-para-cadastro.webp\" \/>\n\t<meta property=\"og:image:width\" content=\"870\" \/>\n\t<meta property=\"og:image:height\" content=\"449\" \/>\n\t<meta property=\"og:image:type\" content=\"image\/webp\" \/>\n<meta name=\"author\" content=\"Jornal Ponto Mais\" \/>\n<meta name=\"twitter:card\" content=\"summary_large_image\" \/>\n<meta name=\"twitter:label1\" content=\"Escrito por\" \/>\n\t<meta name=\"twitter:data1\" content=\"Jornal Ponto Mais\" \/>\n\t<meta name=\"twitter:label2\" content=\"Est. tempo de leitura\" \/>\n\t<meta name=\"twitter:data2\" content=\"4 minutos\" \/>\n<script type=\"application\/ld+json\" class=\"yoast-schema-graph\">{\"@context\":\"https:\/\/schema.org\",\"@graph\":[{\"@type\":\"Article\",\"@id\":\"https:\/\/jornalpontomais.com\/site\/2024\/06\/10\/mei-micro-e-pequenas-empresas-tem-ate-30-de-setembro-para-se-cadastrar-no-domicilio-judicial-eletronico\/#article\",\"isPartOf\":{\"@id\":\"https:\/\/jornalpontomais.com\/site\/2024\/06\/10\/mei-micro-e-pequenas-empresas-tem-ate-30-de-setembro-para-se-cadastrar-no-domicilio-judicial-eletronico\/\"},\"author\":{\"name\":\"Jornal Ponto Mais\",\"@id\":\"https:\/\/jornalpontomais.com\/site\/#\/schema\/person\/18323f0b0f1355f2490721c48389fe9d\"},\"headline\":\"MEI, micro e pequenas empresas t\u00eam at\u00e9 30 de setembro para se cadastrar no Domic\u00edlio Judicial Eletr\u00f4nico\",\"datePublished\":\"2024-06-10T13:48:28+00:00\",\"dateModified\":\"2024-06-10T13:48:29+00:00\",\"mainEntityOfPage\":{\"@id\":\"https:\/\/jornalpontomais.com\/site\/2024\/06\/10\/mei-micro-e-pequenas-empresas-tem-ate-30-de-setembro-para-se-cadastrar-no-domicilio-judicial-eletronico\/\"},\"wordCount\":781,\"commentCount\":0,\"publisher\":{\"@id\":\"https:\/\/jornalpontomais.com\/site\/#organization\"},\"image\":{\"@id\":\"https:\/\/jornalpontomais.com\/site\/2024\/06\/10\/mei-micro-e-pequenas-empresas-tem-ate-30-de-setembro-para-se-cadastrar-no-domicilio-judicial-eletronico\/#primaryimage\"},\"thumbnailUrl\":\"https:\/\/jornalpontomais.com\/site\/wp-content\/uploads\/2024\/06\/domicilio-judicial-eletronico-mpes-terao-ate-30-de-setembro-para-cadastro.webp\",\"articleSection\":[\"Economia\"],\"inLanguage\":\"pt-BR\",\"potentialAction\":[{\"@type\":\"CommentAction\",\"name\":\"Comment\",\"target\":[\"https:\/\/jornalpontomais.com\/site\/2024\/06\/10\/mei-micro-e-pequenas-empresas-tem-ate-30-de-setembro-para-se-cadastrar-no-domicilio-judicial-eletronico\/#respond\"]}]},{\"@type\":\"WebPage\",\"@id\":\"https:\/\/jornalpontomais.com\/site\/2024\/06\/10\/mei-micro-e-pequenas-empresas-tem-ate-30-de-setembro-para-se-cadastrar-no-domicilio-judicial-eletronico\/\",\"url\":\"https:\/\/jornalpontomais.com\/site\/2024\/06\/10\/mei-micro-e-pequenas-empresas-tem-ate-30-de-setembro-para-se-cadastrar-no-domicilio-judicial-eletronico\/\",\"name\":\"MEI, micro e pequenas empresas t\u00eam at\u00e9 30 de setembro para se cadastrar no Domic\u00edlio Judicial Eletr\u00f4nico - Jornal Ponto Mais\",\"isPartOf\":{\"@id\":\"https:\/\/jornalpontomais.com\/site\/#website\"},\"primaryImageOfPage\":{\"@id\":\"https:\/\/jornalpontomais.com\/site\/2024\/06\/10\/mei-micro-e-pequenas-empresas-tem-ate-30-de-setembro-para-se-cadastrar-no-domicilio-judicial-eletronico\/#primaryimage\"},\"image\":{\"@id\":\"https:\/\/jornalpontomais.com\/site\/2024\/06\/10\/mei-micro-e-pequenas-empresas-tem-ate-30-de-setembro-para-se-cadastrar-no-domicilio-judicial-eletronico\/#primaryimage\"},\"thumbnailUrl\":\"https:\/\/jornalpontomais.com\/site\/wp-content\/uploads\/2024\/06\/domicilio-judicial-eletronico-mpes-terao-ate-30-de-setembro-para-cadastro.webp\",\"datePublished\":\"2024-06-10T13:48:28+00:00\",\"dateModified\":\"2024-06-10T13:48:29+00:00\",\"breadcrumb\":{\"@id\":\"https:\/\/jornalpontomais.com\/site\/2024\/06\/10\/mei-micro-e-pequenas-empresas-tem-ate-30-de-setembro-para-se-cadastrar-no-domicilio-judicial-eletronico\/#breadcrumb\"},\"inLanguage\":\"pt-BR\",\"potentialAction\":[{\"@type\":\"ReadAction\",\"target\":[\"https:\/\/jornalpontomais.com\/site\/2024\/06\/10\/mei-micro-e-pequenas-empresas-tem-ate-30-de-setembro-para-se-cadastrar-no-domicilio-judicial-eletronico\/\"]}]},{\"@type\":\"ImageObject\",\"inLanguage\":\"pt-BR\",\"@id\":\"https:\/\/jornalpontomais.com\/site\/2024\/06\/10\/mei-micro-e-pequenas-empresas-tem-ate-30-de-setembro-para-se-cadastrar-no-domicilio-judicial-eletronico\/#primaryimage\",\"url\":\"https:\/\/jornalpontomais.com\/site\/wp-content\/uploads\/2024\/06\/domicilio-judicial-eletronico-mpes-terao-ate-30-de-setembro-para-cadastro.webp\",\"contentUrl\":\"https:\/\/jornalpontomais.com\/site\/wp-content\/uploads\/2024\/06\/domicilio-judicial-eletronico-mpes-terao-ate-30-de-setembro-para-cadastro.webp\",\"width\":870,\"height\":449},{\"@type\":\"BreadcrumbList\",\"@id\":\"https:\/\/jornalpontomais.com\/site\/2024\/06\/10\/mei-micro-e-pequenas-empresas-tem-ate-30-de-setembro-para-se-cadastrar-no-domicilio-judicial-eletronico\/#breadcrumb\",\"itemListElement\":[{\"@type\":\"ListItem\",\"position\":1,\"name\":\"In\u00edcio\",\"item\":\"https:\/\/jornalpontomais.com\/site\/\"},{\"@type\":\"ListItem\",\"position\":2,\"name\":\"MEI, micro e pequenas empresas t\u00eam at\u00e9 30 de setembro para se cadastrar no Domic\u00edlio Judicial Eletr\u00f4nico\"}]},{\"@type\":\"WebSite\",\"@id\":\"https:\/\/jornalpontomais.com\/site\/#website\",\"url\":\"https:\/\/jornalpontomais.com\/site\/\",\"name\":\"Jornal Ponto Mais\",\"description\":\"As principais not\u00edcias do Brasil e do mundo. Confira!\",\"publisher\":{\"@id\":\"https:\/\/jornalpontomais.com\/site\/#organization\"},\"potentialAction\":[{\"@type\":\"SearchAction\",\"target\":{\"@type\":\"EntryPoint\",\"urlTemplate\":\"https:\/\/jornalpontomais.com\/site\/?s={search_term_string}\"},\"query-input\":{\"@type\":\"PropertyValueSpecification\",\"valueRequired\":true,\"valueName\":\"search_term_string\"}}],\"inLanguage\":\"pt-BR\"},{\"@type\":\"Organization\",\"@id\":\"https:\/\/jornalpontomais.com\/site\/#organization\",\"name\":\"Jornal Ponto+\",\"url\":\"https:\/\/jornalpontomais.com\/site\/\",\"logo\":{\"@type\":\"ImageObject\",\"inLanguage\":\"pt-BR\",\"@id\":\"https:\/\/jornalpontomais.com\/site\/#\/schema\/logo\/image\/\",\"url\":\"https:\/\/jornalpontomais.com\/site\/wp-content\/uploads\/2022\/01\/marca.png\",\"contentUrl\":\"https:\/\/jornalpontomais.com\/site\/wp-content\/uploads\/2022\/01\/marca.png\",\"width\":582,\"height\":148,\"caption\":\"Jornal Ponto+\"},\"image\":{\"@id\":\"https:\/\/jornalpontomais.com\/site\/#\/schema\/logo\/image\/\"}},{\"@type\":\"Person\",\"@id\":\"https:\/\/jornalpontomais.com\/site\/#\/schema\/person\/18323f0b0f1355f2490721c48389fe9d\",\"name\":\"Jornal Ponto Mais\",\"image\":{\"@type\":\"ImageObject\",\"inLanguage\":\"pt-BR\",\"@id\":\"https:\/\/secure.gravatar.com\/avatar\/2ee0a9b7fe10fe32bdec8bc086e871e41eb5f4f6ecbcb7b4f2fe0d92d831405f?s=96&d=mm&r=g\",\"url\":\"https:\/\/secure.gravatar.com\/avatar\/2ee0a9b7fe10fe32bdec8bc086e871e41eb5f4f6ecbcb7b4f2fe0d92d831405f?s=96&d=mm&r=g\",\"contentUrl\":\"https:\/\/secure.gravatar.com\/avatar\/2ee0a9b7fe10fe32bdec8bc086e871e41eb5f4f6ecbcb7b4f2fe0d92d831405f?s=96&d=mm&r=g\",\"caption\":\"Jornal Ponto Mais\"},\"sameAs\":[\"https:\/\/jornalpontomais.com\/site\",\"jornalpontomais\"],\"url\":\"https:\/\/jornalpontomais.com\/site\/author\/jornalpontomais\/\"}]}<\/script>\n<!-- \/ Yoast SEO plugin. -->","yoast_head_json":{"title":"MEI, micro e pequenas empresas t\u00eam at\u00e9 30 de setembro para se cadastrar no Domic\u00edlio Judicial Eletr\u00f4nico - Jornal Ponto Mais","robots":{"index":"index","follow":"follow","max-snippet":"max-snippet:-1","max-image-preview":"max-image-preview:large","max-video-preview":"max-video-preview:-1"},"canonical":"https:\/\/jornalpontomais.com\/site\/2024\/06\/10\/mei-micro-e-pequenas-empresas-tem-ate-30-de-setembro-para-se-cadastrar-no-domicilio-judicial-eletronico\/","og_locale":"pt_BR","og_type":"article","og_title":"MEI, micro e pequenas empresas t\u00eam at\u00e9 30 de setembro para se cadastrar no Domic\u00edlio Judicial Eletr\u00f4nico - Jornal Ponto Mais","og_description":"Microempresas, empresas de pequeno porte e microempreendedores individuais (MEIs) que n\u00e3o est\u00e3o cadastrados no sistema integrado da Rede Nacional para a Simplifica\u00e7\u00e3o do Registro e da Legaliza\u00e7\u00e3o de Empresas e Neg\u00f3cios (Redesim) ter\u00e3o at\u00e9 30 de setembro de 2024 para efetuarem seu cadastro no Domic\u00edlio Judicial Eletr\u00f4nico, alerta o Conselho Nacional de Justi\u00e7a (CNJ). A [&hellip;]","og_url":"https:\/\/jornalpontomais.com\/site\/2024\/06\/10\/mei-micro-e-pequenas-empresas-tem-ate-30-de-setembro-para-se-cadastrar-no-domicilio-judicial-eletronico\/","og_site_name":"Jornal Ponto Mais","article_published_time":"2024-06-10T13:48:28+00:00","article_modified_time":"2024-06-10T13:48:29+00:00","og_image":[{"width":870,"height":449,"url":"https:\/\/jornalpontomais.com\/site\/wp-content\/uploads\/2024\/06\/domicilio-judicial-eletronico-mpes-terao-ate-30-de-setembro-para-cadastro.webp","type":"image\/webp"}],"author":"Jornal Ponto Mais","twitter_card":"summary_large_image","twitter_misc":{"Escrito por":"Jornal Ponto Mais","Est. tempo de leitura":"4 minutos"},"schema":{"@context":"https:\/\/schema.org","@graph":[{"@type":"Article","@id":"https:\/\/jornalpontomais.com\/site\/2024\/06\/10\/mei-micro-e-pequenas-empresas-tem-ate-30-de-setembro-para-se-cadastrar-no-domicilio-judicial-eletronico\/#article","isPartOf":{"@id":"https:\/\/jornalpontomais.com\/site\/2024\/06\/10\/mei-micro-e-pequenas-empresas-tem-ate-30-de-setembro-para-se-cadastrar-no-domicilio-judicial-eletronico\/"},"author":{"name":"Jornal Ponto Mais","@id":"https:\/\/jornalpontomais.com\/site\/#\/schema\/person\/18323f0b0f1355f2490721c48389fe9d"},"headline":"MEI, micro e pequenas empresas t\u00eam at\u00e9 30 de setembro para se cadastrar no Domic\u00edlio Judicial Eletr\u00f4nico","datePublished":"2024-06-10T13:48:28+00:00","dateModified":"2024-06-10T13:48:29+00:00","mainEntityOfPage":{"@id":"https:\/\/jornalpontomais.com\/site\/2024\/06\/10\/mei-micro-e-pequenas-empresas-tem-ate-30-de-setembro-para-se-cadastrar-no-domicilio-judicial-eletronico\/"},"wordCount":781,"commentCount":0,"publisher":{"@id":"https:\/\/jornalpontomais.com\/site\/#organization"},"image":{"@id":"https:\/\/jornalpontomais.com\/site\/2024\/06\/10\/mei-micro-e-pequenas-empresas-tem-ate-30-de-setembro-para-se-cadastrar-no-domicilio-judicial-eletronico\/#primaryimage"},"thumbnailUrl":"https:\/\/jornalpontomais.com\/site\/wp-content\/uploads\/2024\/06\/domicilio-judicial-eletronico-mpes-terao-ate-30-de-setembro-para-cadastro.webp","articleSection":["Economia"],"inLanguage":"pt-BR","potentialAction":[{"@type":"CommentAction","name":"Comment","target":["https:\/\/jornalpontomais.com\/site\/2024\/06\/10\/mei-micro-e-pequenas-empresas-tem-ate-30-de-setembro-para-se-cadastrar-no-domicilio-judicial-eletronico\/#respond"]}]},{"@type":"WebPage","@id":"https:\/\/jornalpontomais.com\/site\/2024\/06\/10\/mei-micro-e-pequenas-empresas-tem-ate-30-de-setembro-para-se-cadastrar-no-domicilio-judicial-eletronico\/","url":"https:\/\/jornalpontomais.com\/site\/2024\/06\/10\/mei-micro-e-pequenas-empresas-tem-ate-30-de-setembro-para-se-cadastrar-no-domicilio-judicial-eletronico\/","name":"MEI, micro e pequenas empresas t\u00eam at\u00e9 30 de setembro para se cadastrar no Domic\u00edlio Judicial Eletr\u00f4nico - Jornal Ponto Mais","isPartOf":{"@id":"https:\/\/jornalpontomais.com\/site\/#website"},"primaryImageOfPage":{"@id":"https:\/\/jornalpontomais.com\/site\/2024\/06\/10\/mei-micro-e-pequenas-empresas-tem-ate-30-de-setembro-para-se-cadastrar-no-domicilio-judicial-eletronico\/#primaryimage"},"image":{"@id":"https:\/\/jornalpontomais.com\/site\/2024\/06\/10\/mei-micro-e-pequenas-empresas-tem-ate-30-de-setembro-para-se-cadastrar-no-domicilio-judicial-eletronico\/#primaryimage"},"thumbnailUrl":"https:\/\/jornalpontomais.com\/site\/wp-content\/uploads\/2024\/06\/domicilio-judicial-eletronico-mpes-terao-ate-30-de-setembro-para-cadastro.webp","datePublished":"2024-06-10T13:48:28+00:00","dateModified":"2024-06-10T13:48:29+00:00","breadcrumb":{"@id":"https:\/\/jornalpontomais.com\/site\/2024\/06\/10\/mei-micro-e-pequenas-empresas-tem-ate-30-de-setembro-para-se-cadastrar-no-domicilio-judicial-eletronico\/#breadcrumb"},"inLanguage":"pt-BR","potentialAction":[{"@type":"ReadAction","target":["https:\/\/jornalpontomais.com\/site\/2024\/06\/10\/mei-micro-e-pequenas-empresas-tem-ate-30-de-setembro-para-se-cadastrar-no-domicilio-judicial-eletronico\/"]}]},{"@type":"ImageObject","inLanguage":"pt-BR","@id":"https:\/\/jornalpontomais.com\/site\/2024\/06\/10\/mei-micro-e-pequenas-empresas-tem-ate-30-de-setembro-para-se-cadastrar-no-domicilio-judicial-eletronico\/#primaryimage","url":"https:\/\/jornalpontomais.com\/site\/wp-content\/uploads\/2024\/06\/domicilio-judicial-eletronico-mpes-terao-ate-30-de-setembro-para-cadastro.webp","contentUrl":"https:\/\/jornalpontomais.com\/site\/wp-content\/uploads\/2024\/06\/domicilio-judicial-eletronico-mpes-terao-ate-30-de-setembro-para-cadastro.webp","width":870,"height":449},{"@type":"BreadcrumbList","@id":"https:\/\/jornalpontomais.com\/site\/2024\/06\/10\/mei-micro-e-pequenas-empresas-tem-ate-30-de-setembro-para-se-cadastrar-no-domicilio-judicial-eletronico\/#breadcrumb","itemListElement":[{"@type":"ListItem","position":1,"name":"In\u00edcio","item":"https:\/\/jornalpontomais.com\/site\/"},{"@type":"ListItem","position":2,"name":"MEI, micro e pequenas empresas t\u00eam at\u00e9 30 de setembro para se cadastrar no Domic\u00edlio Judicial Eletr\u00f4nico"}]},{"@type":"WebSite","@id":"https:\/\/jornalpontomais.com\/site\/#website","url":"https:\/\/jornalpontomais.com\/site\/","name":"Jornal Ponto Mais","description":"As principais not\u00edcias do Brasil e do mundo. Confira!","publisher":{"@id":"https:\/\/jornalpontomais.com\/site\/#organization"},"potentialAction":[{"@type":"SearchAction","target":{"@type":"EntryPoint","urlTemplate":"https:\/\/jornalpontomais.com\/site\/?s={search_term_string}"},"query-input":{"@type":"PropertyValueSpecification","valueRequired":true,"valueName":"search_term_string"}}],"inLanguage":"pt-BR"},{"@type":"Organization","@id":"https:\/\/jornalpontomais.com\/site\/#organization","name":"Jornal Ponto+","url":"https:\/\/jornalpontomais.com\/site\/","logo":{"@type":"ImageObject","inLanguage":"pt-BR","@id":"https:\/\/jornalpontomais.com\/site\/#\/schema\/logo\/image\/","url":"https:\/\/jornalpontomais.com\/site\/wp-content\/uploads\/2022\/01\/marca.png","contentUrl":"https:\/\/jornalpontomais.com\/site\/wp-content\/uploads\/2022\/01\/marca.png","width":582,"height":148,"caption":"Jornal Ponto+"},"image":{"@id":"https:\/\/jornalpontomais.com\/site\/#\/schema\/logo\/image\/"}},{"@type":"Person","@id":"https:\/\/jornalpontomais.com\/site\/#\/schema\/person\/18323f0b0f1355f2490721c48389fe9d","name":"Jornal Ponto Mais","image":{"@type":"ImageObject","inLanguage":"pt-BR","@id":"https:\/\/secure.gravatar.com\/avatar\/2ee0a9b7fe10fe32bdec8bc086e871e41eb5f4f6ecbcb7b4f2fe0d92d831405f?s=96&d=mm&r=g","url":"https:\/\/secure.gravatar.com\/avatar\/2ee0a9b7fe10fe32bdec8bc086e871e41eb5f4f6ecbcb7b4f2fe0d92d831405f?s=96&d=mm&r=g","contentUrl":"https:\/\/secure.gravatar.com\/avatar\/2ee0a9b7fe10fe32bdec8bc086e871e41eb5f4f6ecbcb7b4f2fe0d92d831405f?s=96&d=mm&r=g","caption":"Jornal Ponto Mais"},"sameAs":["https:\/\/jornalpontomais.com\/site","jornalpontomais"],"url":"https:\/\/jornalpontomais.com\/site\/author\/jornalpontomais\/"}]}},"_links":{"self":[{"href":"https:\/\/jornalpontomais.com\/site\/wp-json\/wp\/v2\/posts\/13592","targetHints":{"allow":["GET"]}}],"collection":[{"href":"https:\/\/jornalpontomais.com\/site\/wp-json\/wp\/v2\/posts"}],"about":[{"href":"https:\/\/jornalpontomais.com\/site\/wp-json\/wp\/v2\/types\/post"}],"author":[{"embeddable":true,"href":"https:\/\/jornalpontomais.com\/site\/wp-json\/wp\/v2\/users\/2"}],"replies":[{"embeddable":true,"href":"https:\/\/jornalpontomais.com\/site\/wp-json\/wp\/v2\/comments?post=13592"}],"version-history":[{"count":1,"href":"https:\/\/jornalpontomais.com\/site\/wp-json\/wp\/v2\/posts\/13592\/revisions"}],"predecessor-version":[{"id":13594,"href":"https:\/\/jornalpontomais.com\/site\/wp-json\/wp\/v2\/posts\/13592\/revisions\/13594"}],"wp:featuredmedia":[{"embeddable":true,"href":"https:\/\/jornalpontomais.com\/site\/wp-json\/wp\/v2\/media\/13593"}],"wp:attachment":[{"href":"https:\/\/jornalpontomais.com\/site\/wp-json\/wp\/v2\/media?parent=13592"}],"wp:term":[{"taxonomy":"category","embeddable":true,"href":"https:\/\/jornalpontomais.com\/site\/wp-json\/wp\/v2\/categories?post=13592"},{"taxonomy":"post_tag","embeddable":true,"href":"https:\/\/jornalpontomais.com\/site\/wp-json\/wp\/v2\/tags?post=13592"}],"curies":[{"name":"wp","href":"https:\/\/api.w.org\/{rel}","templated":true}]}}