{"id":13586,"date":"2024-06-10T09:41:10","date_gmt":"2024-06-10T12:41:10","guid":{"rendered":"https:\/\/jornalpontomais.com\/site\/?p=13586"},"modified":"2024-06-10T09:41:11","modified_gmt":"2024-06-10T12:41:11","slug":"fones-de-ouvido-estao-associados-a-danos-auditivos-em-criancas","status":"publish","type":"post","link":"https:\/\/jornalpontomais.com\/site\/2024\/06\/10\/fones-de-ouvido-estao-associados-a-danos-auditivos-em-criancas\/","title":{"rendered":"Fones de ouvido est\u00e3o associados a danos auditivos em crian\u00e7as"},"content":{"rendered":"\n<p>Crian\u00e7as podem estar prejudicando permanentemente a audi\u00e7\u00e3o ao ouvir m\u00fasica alta em seus fones de ouvido, aponta um relat\u00f3rio desenvolvido pela Universidade de Michigan, nos Estados Unidos.<br><br><\/p>\n\n\n\n<p>De acordo com os dados, dois em cada tr\u00eas pais relatam que seus filhos, entre 5 e 12 anos, usam regularmente dispositivos de escuta. Isso inclui metade das crian\u00e7as de 5 a 8 anos, uma idade preocupantemente precoce para exposi\u00e7\u00e3o prolongada a ru\u00eddos altos.<br><br><\/p>\n\n\n\n<p>Os pesquisadores explicam que crian\u00e7as pequenas s\u00e3o mais vulner\u00e1veis a danos auditivos porque seus sistemas auditivos ainda est\u00e3o em desenvolvimento e seus canais auditivos s\u00e3o menores que os dos adultos, o que amplifica os n\u00edveis sonoros percebidos.<br><br><\/p>\n\n\n\n<p>Metade dos pais de crian\u00e7as que usam fones de ouvido dizem que seus filhos os utilizam por pelo menos uma hora por dia, enquanto um em cada seis afirma que o uso t\u00edpico \u00e9 de pelo menos duas horas di\u00e1rias.<br><br><\/p>\n\n\n\n<p>As crian\u00e7as tendem a usar os dispositivos em casa, na escola ou durante viagens de carro. Um quarto dos pais afirma que seus filhos os usam ocasionalmente no avi\u00e3o e menos de 10% dizem que as crian\u00e7as os utilizam no \u00f4nibus, ao ar livre ou na cama. Metade dos pais concorda que os fones de ouvido ajudam a manter as crian\u00e7as entretidas.<br><br><\/p>\n\n\n\n<p>Apenas metade dos pais tenta limitar o uso de dispositivos de audi\u00e7\u00e3o pelos filhos, pedindo-lhes que fa\u00e7am pausas, estabelecendo hor\u00e1rios espec\u00edficos de uso ou usando um cron\u00f4metro. Pais de crian\u00e7as que usam fones de ouvido por mais de duas horas por dia s\u00e3o menos propensos a estabelecer limites de tempo ou volume, em compara\u00e7\u00e3o com aqueles que relatam menos uso.<br><br><\/p>\n\n\n\n<p>Os pesquisadores alertam que a exposi\u00e7\u00e3o prolongada ou extrema a volumes elevados pode causar perda auditiva ou zumbido. Al\u00e9m disso, a exposi\u00e7\u00e3o ao ru\u00eddo pode afetar o sono, a aprendizagem acad\u00eamica, os n\u00edveis de estresse e at\u00e9 a press\u00e3o arterial.<\/p>\n\n\n\n<p><em>Fonte: University of Michigan Health C.S. Mott Children&#8217;s Hospital National Poll on Children&#8217;s Health.<\/em><\/p>\n","protected":false},"excerpt":{"rendered":"<p>Crian\u00e7as podem estar prejudicando permanentemente a audi\u00e7\u00e3o ao ouvir m\u00fasica alta em seus fones de ouvido, aponta um relat\u00f3rio desenvolvido pela Universidade de Michigan, nos Estados Unidos. De acordo com os dados, dois em cada tr\u00eas pais relatam que seus filhos, entre 5 e 12 anos, usam regularmente dispositivos de escuta. Isso inclui metade das [&hellip;]<\/p>\n","protected":false},"author":2,"featured_media":13587,"comment_status":"open","ping_status":"open","sticky":true,"template":"","format":"standard","meta":{"om_disable_all_campaigns":false,"_monsterinsights_skip_tracking":false,"_monsterinsights_sitenote_active":false,"_monsterinsights_sitenote_note":"","_monsterinsights_sitenote_category":0,"footnotes":""},"categories":[3],"tags":[],"class_list":["post-13586","post","type-post","status-publish","format-standard","has-post-thumbnail","hentry","category-saude"],"yoast_head":"<!-- This site is optimized with the Yoast SEO plugin v27.2 - https:\/\/yoast.com\/product\/yoast-seo-wordpress\/ -->\n<title>Fones de ouvido est\u00e3o associados a danos auditivos em crian\u00e7as - Jornal Ponto Mais<\/title>\n<meta name=\"robots\" content=\"index, follow, max-snippet:-1, max-image-preview:large, max-video-preview:-1\" \/>\n<link rel=\"canonical\" href=\"https:\/\/jornalpontomais.com\/site\/2024\/06\/10\/fones-de-ouvido-estao-associados-a-danos-auditivos-em-criancas\/\" \/>\n<meta property=\"og:locale\" content=\"pt_BR\" \/>\n<meta property=\"og:type\" content=\"article\" \/>\n<meta property=\"og:title\" content=\"Fones de ouvido est\u00e3o associados a danos auditivos em crian\u00e7as - Jornal Ponto Mais\" \/>\n<meta property=\"og:description\" content=\"Crian\u00e7as podem estar prejudicando permanentemente a audi\u00e7\u00e3o ao ouvir m\u00fasica alta em seus fones de ouvido, aponta um relat\u00f3rio desenvolvido pela Universidade de Michigan, nos Estados Unidos. De acordo com os dados, dois em cada tr\u00eas pais relatam que seus filhos, entre 5 e 12 anos, usam regularmente dispositivos de escuta. Isso inclui metade das [&hellip;]\" \/>\n<meta property=\"og:url\" content=\"https:\/\/jornalpontomais.com\/site\/2024\/06\/10\/fones-de-ouvido-estao-associados-a-danos-auditivos-em-criancas\/\" \/>\n<meta property=\"og:site_name\" content=\"Jornal Ponto Mais\" \/>\n<meta property=\"article:published_time\" content=\"2024-06-10T12:41:10+00:00\" \/>\n<meta property=\"article:modified_time\" content=\"2024-06-10T12:41:11+00:00\" \/>\n<meta property=\"og:image\" content=\"https:\/\/jornalpontomais.com\/site\/wp-content\/uploads\/2024\/06\/cuidado-com-o-volume.jpg\" \/>\n\t<meta property=\"og:image:width\" content=\"1080\" \/>\n\t<meta property=\"og:image:height\" content=\"608\" \/>\n\t<meta property=\"og:image:type\" content=\"image\/jpeg\" \/>\n<meta name=\"author\" content=\"Jornal Ponto Mais\" \/>\n<meta name=\"twitter:card\" content=\"summary_large_image\" \/>\n<meta name=\"twitter:label1\" content=\"Escrito por\" \/>\n\t<meta name=\"twitter:data1\" content=\"Jornal Ponto Mais\" \/>\n\t<meta name=\"twitter:label2\" content=\"Est. tempo de leitura\" \/>\n\t<meta name=\"twitter:data2\" content=\"2 minutos\" \/>\n<script type=\"application\/ld+json\" class=\"yoast-schema-graph\">{\"@context\":\"https:\/\/schema.org\",\"@graph\":[{\"@type\":\"Article\",\"@id\":\"https:\/\/jornalpontomais.com\/site\/2024\/06\/10\/fones-de-ouvido-estao-associados-a-danos-auditivos-em-criancas\/#article\",\"isPartOf\":{\"@id\":\"https:\/\/jornalpontomais.com\/site\/2024\/06\/10\/fones-de-ouvido-estao-associados-a-danos-auditivos-em-criancas\/\"},\"author\":{\"name\":\"Jornal Ponto Mais\",\"@id\":\"https:\/\/jornalpontomais.com\/site\/#\/schema\/person\/18323f0b0f1355f2490721c48389fe9d\"},\"headline\":\"Fones de ouvido est\u00e3o associados a danos auditivos em crian\u00e7as\",\"datePublished\":\"2024-06-10T12:41:10+00:00\",\"dateModified\":\"2024-06-10T12:41:11+00:00\",\"mainEntityOfPage\":{\"@id\":\"https:\/\/jornalpontomais.com\/site\/2024\/06\/10\/fones-de-ouvido-estao-associados-a-danos-auditivos-em-criancas\/\"},\"wordCount\":367,\"commentCount\":0,\"publisher\":{\"@id\":\"https:\/\/jornalpontomais.com\/site\/#organization\"},\"image\":{\"@id\":\"https:\/\/jornalpontomais.com\/site\/2024\/06\/10\/fones-de-ouvido-estao-associados-a-danos-auditivos-em-criancas\/#primaryimage\"},\"thumbnailUrl\":\"https:\/\/jornalpontomais.com\/site\/wp-content\/uploads\/2024\/06\/cuidado-com-o-volume.jpg\",\"articleSection\":[\"Sa\u00fade\"],\"inLanguage\":\"pt-BR\",\"potentialAction\":[{\"@type\":\"CommentAction\",\"name\":\"Comment\",\"target\":[\"https:\/\/jornalpontomais.com\/site\/2024\/06\/10\/fones-de-ouvido-estao-associados-a-danos-auditivos-em-criancas\/#respond\"]}]},{\"@type\":\"WebPage\",\"@id\":\"https:\/\/jornalpontomais.com\/site\/2024\/06\/10\/fones-de-ouvido-estao-associados-a-danos-auditivos-em-criancas\/\",\"url\":\"https:\/\/jornalpontomais.com\/site\/2024\/06\/10\/fones-de-ouvido-estao-associados-a-danos-auditivos-em-criancas\/\",\"name\":\"Fones de ouvido est\u00e3o associados a danos auditivos em crian\u00e7as - Jornal Ponto Mais\",\"isPartOf\":{\"@id\":\"https:\/\/jornalpontomais.com\/site\/#website\"},\"primaryImageOfPage\":{\"@id\":\"https:\/\/jornalpontomais.com\/site\/2024\/06\/10\/fones-de-ouvido-estao-associados-a-danos-auditivos-em-criancas\/#primaryimage\"},\"image\":{\"@id\":\"https:\/\/jornalpontomais.com\/site\/2024\/06\/10\/fones-de-ouvido-estao-associados-a-danos-auditivos-em-criancas\/#primaryimage\"},\"thumbnailUrl\":\"https:\/\/jornalpontomais.com\/site\/wp-content\/uploads\/2024\/06\/cuidado-com-o-volume.jpg\",\"datePublished\":\"2024-06-10T12:41:10+00:00\",\"dateModified\":\"2024-06-10T12:41:11+00:00\",\"breadcrumb\":{\"@id\":\"https:\/\/jornalpontomais.com\/site\/2024\/06\/10\/fones-de-ouvido-estao-associados-a-danos-auditivos-em-criancas\/#breadcrumb\"},\"inLanguage\":\"pt-BR\",\"potentialAction\":[{\"@type\":\"ReadAction\",\"target\":[\"https:\/\/jornalpontomais.com\/site\/2024\/06\/10\/fones-de-ouvido-estao-associados-a-danos-auditivos-em-criancas\/\"]}]},{\"@type\":\"ImageObject\",\"inLanguage\":\"pt-BR\",\"@id\":\"https:\/\/jornalpontomais.com\/site\/2024\/06\/10\/fones-de-ouvido-estao-associados-a-danos-auditivos-em-criancas\/#primaryimage\",\"url\":\"https:\/\/jornalpontomais.com\/site\/wp-content\/uploads\/2024\/06\/cuidado-com-o-volume.jpg\",\"contentUrl\":\"https:\/\/jornalpontomais.com\/site\/wp-content\/uploads\/2024\/06\/cuidado-com-o-volume.jpg\",\"width\":1080,\"height\":608},{\"@type\":\"BreadcrumbList\",\"@id\":\"https:\/\/jornalpontomais.com\/site\/2024\/06\/10\/fones-de-ouvido-estao-associados-a-danos-auditivos-em-criancas\/#breadcrumb\",\"itemListElement\":[{\"@type\":\"ListItem\",\"position\":1,\"name\":\"In\u00edcio\",\"item\":\"https:\/\/jornalpontomais.com\/site\/\"},{\"@type\":\"ListItem\",\"position\":2,\"name\":\"Fones de ouvido est\u00e3o associados a danos auditivos em crian\u00e7as\"}]},{\"@type\":\"WebSite\",\"@id\":\"https:\/\/jornalpontomais.com\/site\/#website\",\"url\":\"https:\/\/jornalpontomais.com\/site\/\",\"name\":\"Jornal Ponto Mais\",\"description\":\"As principais not\u00edcias do Brasil e do mundo. Confira!\",\"publisher\":{\"@id\":\"https:\/\/jornalpontomais.com\/site\/#organization\"},\"potentialAction\":[{\"@type\":\"SearchAction\",\"target\":{\"@type\":\"EntryPoint\",\"urlTemplate\":\"https:\/\/jornalpontomais.com\/site\/?s={search_term_string}\"},\"query-input\":{\"@type\":\"PropertyValueSpecification\",\"valueRequired\":true,\"valueName\":\"search_term_string\"}}],\"inLanguage\":\"pt-BR\"},{\"@type\":\"Organization\",\"@id\":\"https:\/\/jornalpontomais.com\/site\/#organization\",\"name\":\"Jornal Ponto+\",\"url\":\"https:\/\/jornalpontomais.com\/site\/\",\"logo\":{\"@type\":\"ImageObject\",\"inLanguage\":\"pt-BR\",\"@id\":\"https:\/\/jornalpontomais.com\/site\/#\/schema\/logo\/image\/\",\"url\":\"https:\/\/jornalpontomais.com\/site\/wp-content\/uploads\/2022\/01\/marca.png\",\"contentUrl\":\"https:\/\/jornalpontomais.com\/site\/wp-content\/uploads\/2022\/01\/marca.png\",\"width\":582,\"height\":148,\"caption\":\"Jornal Ponto+\"},\"image\":{\"@id\":\"https:\/\/jornalpontomais.com\/site\/#\/schema\/logo\/image\/\"}},{\"@type\":\"Person\",\"@id\":\"https:\/\/jornalpontomais.com\/site\/#\/schema\/person\/18323f0b0f1355f2490721c48389fe9d\",\"name\":\"Jornal Ponto Mais\",\"image\":{\"@type\":\"ImageObject\",\"inLanguage\":\"pt-BR\",\"@id\":\"https:\/\/secure.gravatar.com\/avatar\/2ee0a9b7fe10fe32bdec8bc086e871e41eb5f4f6ecbcb7b4f2fe0d92d831405f?s=96&d=mm&r=g\",\"url\":\"https:\/\/secure.gravatar.com\/avatar\/2ee0a9b7fe10fe32bdec8bc086e871e41eb5f4f6ecbcb7b4f2fe0d92d831405f?s=96&d=mm&r=g\",\"contentUrl\":\"https:\/\/secure.gravatar.com\/avatar\/2ee0a9b7fe10fe32bdec8bc086e871e41eb5f4f6ecbcb7b4f2fe0d92d831405f?s=96&d=mm&r=g\",\"caption\":\"Jornal Ponto Mais\"},\"sameAs\":[\"https:\/\/jornalpontomais.com\/site\",\"jornalpontomais\"],\"url\":\"https:\/\/jornalpontomais.com\/site\/author\/jornalpontomais\/\"}]}<\/script>\n<!-- \/ Yoast SEO plugin. -->","yoast_head_json":{"title":"Fones de ouvido est\u00e3o associados a danos auditivos em crian\u00e7as - Jornal Ponto Mais","robots":{"index":"index","follow":"follow","max-snippet":"max-snippet:-1","max-image-preview":"max-image-preview:large","max-video-preview":"max-video-preview:-1"},"canonical":"https:\/\/jornalpontomais.com\/site\/2024\/06\/10\/fones-de-ouvido-estao-associados-a-danos-auditivos-em-criancas\/","og_locale":"pt_BR","og_type":"article","og_title":"Fones de ouvido est\u00e3o associados a danos auditivos em crian\u00e7as - Jornal Ponto Mais","og_description":"Crian\u00e7as podem estar prejudicando permanentemente a audi\u00e7\u00e3o ao ouvir m\u00fasica alta em seus fones de ouvido, aponta um relat\u00f3rio desenvolvido pela Universidade de Michigan, nos Estados Unidos. De acordo com os dados, dois em cada tr\u00eas pais relatam que seus filhos, entre 5 e 12 anos, usam regularmente dispositivos de escuta. Isso inclui metade das [&hellip;]","og_url":"https:\/\/jornalpontomais.com\/site\/2024\/06\/10\/fones-de-ouvido-estao-associados-a-danos-auditivos-em-criancas\/","og_site_name":"Jornal Ponto Mais","article_published_time":"2024-06-10T12:41:10+00:00","article_modified_time":"2024-06-10T12:41:11+00:00","og_image":[{"width":1080,"height":608,"url":"https:\/\/jornalpontomais.com\/site\/wp-content\/uploads\/2024\/06\/cuidado-com-o-volume.jpg","type":"image\/jpeg"}],"author":"Jornal Ponto Mais","twitter_card":"summary_large_image","twitter_misc":{"Escrito por":"Jornal Ponto Mais","Est. tempo de leitura":"2 minutos"},"schema":{"@context":"https:\/\/schema.org","@graph":[{"@type":"Article","@id":"https:\/\/jornalpontomais.com\/site\/2024\/06\/10\/fones-de-ouvido-estao-associados-a-danos-auditivos-em-criancas\/#article","isPartOf":{"@id":"https:\/\/jornalpontomais.com\/site\/2024\/06\/10\/fones-de-ouvido-estao-associados-a-danos-auditivos-em-criancas\/"},"author":{"name":"Jornal Ponto Mais","@id":"https:\/\/jornalpontomais.com\/site\/#\/schema\/person\/18323f0b0f1355f2490721c48389fe9d"},"headline":"Fones de ouvido est\u00e3o associados a danos auditivos em crian\u00e7as","datePublished":"2024-06-10T12:41:10+00:00","dateModified":"2024-06-10T12:41:11+00:00","mainEntityOfPage":{"@id":"https:\/\/jornalpontomais.com\/site\/2024\/06\/10\/fones-de-ouvido-estao-associados-a-danos-auditivos-em-criancas\/"},"wordCount":367,"commentCount":0,"publisher":{"@id":"https:\/\/jornalpontomais.com\/site\/#organization"},"image":{"@id":"https:\/\/jornalpontomais.com\/site\/2024\/06\/10\/fones-de-ouvido-estao-associados-a-danos-auditivos-em-criancas\/#primaryimage"},"thumbnailUrl":"https:\/\/jornalpontomais.com\/site\/wp-content\/uploads\/2024\/06\/cuidado-com-o-volume.jpg","articleSection":["Sa\u00fade"],"inLanguage":"pt-BR","potentialAction":[{"@type":"CommentAction","name":"Comment","target":["https:\/\/jornalpontomais.com\/site\/2024\/06\/10\/fones-de-ouvido-estao-associados-a-danos-auditivos-em-criancas\/#respond"]}]},{"@type":"WebPage","@id":"https:\/\/jornalpontomais.com\/site\/2024\/06\/10\/fones-de-ouvido-estao-associados-a-danos-auditivos-em-criancas\/","url":"https:\/\/jornalpontomais.com\/site\/2024\/06\/10\/fones-de-ouvido-estao-associados-a-danos-auditivos-em-criancas\/","name":"Fones de ouvido est\u00e3o associados a danos auditivos em crian\u00e7as - Jornal Ponto Mais","isPartOf":{"@id":"https:\/\/jornalpontomais.com\/site\/#website"},"primaryImageOfPage":{"@id":"https:\/\/jornalpontomais.com\/site\/2024\/06\/10\/fones-de-ouvido-estao-associados-a-danos-auditivos-em-criancas\/#primaryimage"},"image":{"@id":"https:\/\/jornalpontomais.com\/site\/2024\/06\/10\/fones-de-ouvido-estao-associados-a-danos-auditivos-em-criancas\/#primaryimage"},"thumbnailUrl":"https:\/\/jornalpontomais.com\/site\/wp-content\/uploads\/2024\/06\/cuidado-com-o-volume.jpg","datePublished":"2024-06-10T12:41:10+00:00","dateModified":"2024-06-10T12:41:11+00:00","breadcrumb":{"@id":"https:\/\/jornalpontomais.com\/site\/2024\/06\/10\/fones-de-ouvido-estao-associados-a-danos-auditivos-em-criancas\/#breadcrumb"},"inLanguage":"pt-BR","potentialAction":[{"@type":"ReadAction","target":["https:\/\/jornalpontomais.com\/site\/2024\/06\/10\/fones-de-ouvido-estao-associados-a-danos-auditivos-em-criancas\/"]}]},{"@type":"ImageObject","inLanguage":"pt-BR","@id":"https:\/\/jornalpontomais.com\/site\/2024\/06\/10\/fones-de-ouvido-estao-associados-a-danos-auditivos-em-criancas\/#primaryimage","url":"https:\/\/jornalpontomais.com\/site\/wp-content\/uploads\/2024\/06\/cuidado-com-o-volume.jpg","contentUrl":"https:\/\/jornalpontomais.com\/site\/wp-content\/uploads\/2024\/06\/cuidado-com-o-volume.jpg","width":1080,"height":608},{"@type":"BreadcrumbList","@id":"https:\/\/jornalpontomais.com\/site\/2024\/06\/10\/fones-de-ouvido-estao-associados-a-danos-auditivos-em-criancas\/#breadcrumb","itemListElement":[{"@type":"ListItem","position":1,"name":"In\u00edcio","item":"https:\/\/jornalpontomais.com\/site\/"},{"@type":"ListItem","position":2,"name":"Fones de ouvido est\u00e3o associados a danos auditivos em crian\u00e7as"}]},{"@type":"WebSite","@id":"https:\/\/jornalpontomais.com\/site\/#website","url":"https:\/\/jornalpontomais.com\/site\/","name":"Jornal Ponto Mais","description":"As principais not\u00edcias do Brasil e do mundo. Confira!","publisher":{"@id":"https:\/\/jornalpontomais.com\/site\/#organization"},"potentialAction":[{"@type":"SearchAction","target":{"@type":"EntryPoint","urlTemplate":"https:\/\/jornalpontomais.com\/site\/?s={search_term_string}"},"query-input":{"@type":"PropertyValueSpecification","valueRequired":true,"valueName":"search_term_string"}}],"inLanguage":"pt-BR"},{"@type":"Organization","@id":"https:\/\/jornalpontomais.com\/site\/#organization","name":"Jornal Ponto+","url":"https:\/\/jornalpontomais.com\/site\/","logo":{"@type":"ImageObject","inLanguage":"pt-BR","@id":"https:\/\/jornalpontomais.com\/site\/#\/schema\/logo\/image\/","url":"https:\/\/jornalpontomais.com\/site\/wp-content\/uploads\/2022\/01\/marca.png","contentUrl":"https:\/\/jornalpontomais.com\/site\/wp-content\/uploads\/2022\/01\/marca.png","width":582,"height":148,"caption":"Jornal Ponto+"},"image":{"@id":"https:\/\/jornalpontomais.com\/site\/#\/schema\/logo\/image\/"}},{"@type":"Person","@id":"https:\/\/jornalpontomais.com\/site\/#\/schema\/person\/18323f0b0f1355f2490721c48389fe9d","name":"Jornal Ponto Mais","image":{"@type":"ImageObject","inLanguage":"pt-BR","@id":"https:\/\/secure.gravatar.com\/avatar\/2ee0a9b7fe10fe32bdec8bc086e871e41eb5f4f6ecbcb7b4f2fe0d92d831405f?s=96&d=mm&r=g","url":"https:\/\/secure.gravatar.com\/avatar\/2ee0a9b7fe10fe32bdec8bc086e871e41eb5f4f6ecbcb7b4f2fe0d92d831405f?s=96&d=mm&r=g","contentUrl":"https:\/\/secure.gravatar.com\/avatar\/2ee0a9b7fe10fe32bdec8bc086e871e41eb5f4f6ecbcb7b4f2fe0d92d831405f?s=96&d=mm&r=g","caption":"Jornal Ponto Mais"},"sameAs":["https:\/\/jornalpontomais.com\/site","jornalpontomais"],"url":"https:\/\/jornalpontomais.com\/site\/author\/jornalpontomais\/"}]}},"_links":{"self":[{"href":"https:\/\/jornalpontomais.com\/site\/wp-json\/wp\/v2\/posts\/13586","targetHints":{"allow":["GET"]}}],"collection":[{"href":"https:\/\/jornalpontomais.com\/site\/wp-json\/wp\/v2\/posts"}],"about":[{"href":"https:\/\/jornalpontomais.com\/site\/wp-json\/wp\/v2\/types\/post"}],"author":[{"embeddable":true,"href":"https:\/\/jornalpontomais.com\/site\/wp-json\/wp\/v2\/users\/2"}],"replies":[{"embeddable":true,"href":"https:\/\/jornalpontomais.com\/site\/wp-json\/wp\/v2\/comments?post=13586"}],"version-history":[{"count":1,"href":"https:\/\/jornalpontomais.com\/site\/wp-json\/wp\/v2\/posts\/13586\/revisions"}],"predecessor-version":[{"id":13588,"href":"https:\/\/jornalpontomais.com\/site\/wp-json\/wp\/v2\/posts\/13586\/revisions\/13588"}],"wp:featuredmedia":[{"embeddable":true,"href":"https:\/\/jornalpontomais.com\/site\/wp-json\/wp\/v2\/media\/13587"}],"wp:attachment":[{"href":"https:\/\/jornalpontomais.com\/site\/wp-json\/wp\/v2\/media?parent=13586"}],"wp:term":[{"taxonomy":"category","embeddable":true,"href":"https:\/\/jornalpontomais.com\/site\/wp-json\/wp\/v2\/categories?post=13586"},{"taxonomy":"post_tag","embeddable":true,"href":"https:\/\/jornalpontomais.com\/site\/wp-json\/wp\/v2\/tags?post=13586"}],"curies":[{"name":"wp","href":"https:\/\/api.w.org\/{rel}","templated":true}]}}