{"id":13563,"date":"2024-06-08T10:17:54","date_gmt":"2024-06-08T13:17:54","guid":{"rendered":"https:\/\/jornalpontomais.com\/site\/?p=13563"},"modified":"2024-06-08T10:17:55","modified_gmt":"2024-06-08T13:17:55","slug":"sabado-e-dia-d-de-vacinacao-contra-polio-para-menores-de-5-anos","status":"publish","type":"post","link":"https:\/\/jornalpontomais.com\/site\/2024\/06\/08\/sabado-e-dia-d-de-vacinacao-contra-polio-para-menores-de-5-anos\/","title":{"rendered":"S\u00e1bado \u00e9 Dia D de vacina\u00e7\u00e3o contra p\u00f3lio para menores de 5 anos"},"content":{"rendered":"\n<p>Crian\u00e7as menores de 5 anos devem comparecer aos postos de sa\u00fade de todo o pa\u00eds neste s\u00e1bado (8) para o Dia D de vacina\u00e7\u00e3o contra a poliomielite, popularmente conhecida como paralisia infantil. A campanha, organizada pelo Minist\u00e9rio da Sa\u00fade com o apoio de secretarias estaduais e municipais de sa\u00fade, come\u00e7ou no \u00faltimo dia 27 e segue at\u00e9 o dia 14 de junho.<br><br><\/p>\n\n\n\n<p>A pasta refor\u00e7a que a vacina\u00e7\u00e3o \u00e9 a \u00fanica forma de preven\u00e7\u00e3o da poliomielite e que todas as crian\u00e7as menores de 5 anos devem ser imunizadas conforme esquema de vacina\u00e7\u00e3o de rotina e tamb\u00e9m nas campanhas nacionais anuais, como a que est\u00e1 em andamento.<br><br><\/p>\n\n\n\n<p>Desde 2016, o esquema vacinal contra a doen\u00e7a passou a ser composto por tr\u00eas doses da vacina injet\u00e1vel (VIP) aos 2, 4 e 6 meses de vida, al\u00e9m de duas doses de refor\u00e7o com a vacina oral bivalente (VOP), conhecida popularmente como gotinha. A mudan\u00e7a segue orienta\u00e7\u00e3o da Organiza\u00e7\u00e3o Mundial da Sa\u00fade (OMS) para a erradica\u00e7\u00e3o mundial da p\u00f3lio.<br><br><\/p>\n\n\n\n<p><strong>Doen\u00e7a<\/strong><\/p>\n\n\n\n<p>O minist\u00e9rio classifica a poliomielite como uma doen\u00e7a contagiosa aguda causada por v\u00edrus que pode infectar crian\u00e7as e adultos por meio do contato direto com fezes ou secre\u00e7\u00f5es eliminadas pela boca de pessoas doentes. Em casos graves, quando acontecem as paralisias musculares, os membros inferiores s\u00e3o os mais atingidos.<br><br><\/p>\n\n\n\n<p>Falta de saneamento, m\u00e1s condi\u00e7\u00f5es habitacionais e higiene pessoal prec\u00e1ria s\u00e3o fatores que favorecem a transmiss\u00e3o do poliov\u00edrus, causador da p\u00f3lio. As sequelas est\u00e3o relacionadas com a infec\u00e7\u00e3o da medula e do c\u00e9rebro pelo poliov\u00edrus, normalmente s\u00e3o de ordem motora e n\u00e3o t\u00eam cura.<br><br><\/p>\n\n\n\n<p>Atualmente, a doen\u00e7a permanece end\u00eamica em dois pa\u00edses: Afeganist\u00e3o e Paquist\u00e3o, com registro de pelo menos cinco casos em 2021. O Brasil n\u00e3o tem circula\u00e7\u00e3o do poliov\u00edrus selvagem desde 1990. A cobertura vacinal contra a doen\u00e7a, entretanto, apresenta resultados abaixo da meta de 95% desde 2016.<\/p>\n","protected":false},"excerpt":{"rendered":"<p>Crian\u00e7as menores de 5 anos devem comparecer aos postos de sa\u00fade de todo o pa\u00eds neste s\u00e1bado (8) para o Dia D de vacina\u00e7\u00e3o contra a poliomielite, popularmente conhecida como paralisia infantil. A campanha, organizada pelo Minist\u00e9rio da Sa\u00fade com o apoio de secretarias estaduais e municipais de sa\u00fade, come\u00e7ou no \u00faltimo dia 27 e [&hellip;]<\/p>\n","protected":false},"author":2,"featured_media":13564,"comment_status":"open","ping_status":"open","sticky":true,"template":"","format":"standard","meta":{"om_disable_all_campaigns":false,"_monsterinsights_skip_tracking":false,"_monsterinsights_sitenote_active":false,"_monsterinsights_sitenote_note":"","_monsterinsights_sitenote_category":0,"footnotes":""},"categories":[3],"tags":[],"class_list":["post-13563","post","type-post","status-publish","format-standard","has-post-thumbnail","hentry","category-saude"],"yoast_head":"<!-- This site is optimized with the Yoast SEO plugin v27.2 - https:\/\/yoast.com\/product\/yoast-seo-wordpress\/ -->\n<title>S\u00e1bado \u00e9 Dia D de vacina\u00e7\u00e3o contra p\u00f3lio para menores de 5 anos - Jornal Ponto Mais<\/title>\n<meta name=\"robots\" content=\"index, follow, max-snippet:-1, max-image-preview:large, max-video-preview:-1\" \/>\n<link rel=\"canonical\" href=\"https:\/\/jornalpontomais.com\/site\/2024\/06\/08\/sabado-e-dia-d-de-vacinacao-contra-polio-para-menores-de-5-anos\/\" \/>\n<meta property=\"og:locale\" content=\"pt_BR\" \/>\n<meta property=\"og:type\" content=\"article\" \/>\n<meta property=\"og:title\" content=\"S\u00e1bado \u00e9 Dia D de vacina\u00e7\u00e3o contra p\u00f3lio para menores de 5 anos - Jornal Ponto Mais\" \/>\n<meta property=\"og:description\" content=\"Crian\u00e7as menores de 5 anos devem comparecer aos postos de sa\u00fade de todo o pa\u00eds neste s\u00e1bado (8) para o Dia D de vacina\u00e7\u00e3o contra a poliomielite, popularmente conhecida como paralisia infantil. A campanha, organizada pelo Minist\u00e9rio da Sa\u00fade com o apoio de secretarias estaduais e municipais de sa\u00fade, come\u00e7ou no \u00faltimo dia 27 e [&hellip;]\" \/>\n<meta property=\"og:url\" content=\"https:\/\/jornalpontomais.com\/site\/2024\/06\/08\/sabado-e-dia-d-de-vacinacao-contra-polio-para-menores-de-5-anos\/\" \/>\n<meta property=\"og:site_name\" content=\"Jornal Ponto Mais\" \/>\n<meta property=\"article:published_time\" content=\"2024-06-08T13:17:54+00:00\" \/>\n<meta property=\"article:modified_time\" content=\"2024-06-08T13:17:55+00:00\" \/>\n<meta property=\"og:image\" content=\"https:\/\/jornalpontomais.com\/site\/wp-content\/uploads\/2024\/06\/tmazs_abr_0608182715df.webp\" \/>\n\t<meta property=\"og:image:width\" content=\"1170\" \/>\n\t<meta property=\"og:image:height\" content=\"700\" \/>\n\t<meta property=\"og:image:type\" content=\"image\/webp\" \/>\n<meta name=\"author\" content=\"Jornal Ponto Mais\" \/>\n<meta name=\"twitter:card\" content=\"summary_large_image\" \/>\n<meta name=\"twitter:label1\" content=\"Escrito por\" \/>\n\t<meta name=\"twitter:data1\" content=\"Jornal Ponto Mais\" \/>\n\t<meta name=\"twitter:label2\" content=\"Est. tempo de leitura\" \/>\n\t<meta name=\"twitter:data2\" content=\"2 minutos\" \/>\n<script type=\"application\/ld+json\" class=\"yoast-schema-graph\">{\"@context\":\"https:\/\/schema.org\",\"@graph\":[{\"@type\":\"Article\",\"@id\":\"https:\/\/jornalpontomais.com\/site\/2024\/06\/08\/sabado-e-dia-d-de-vacinacao-contra-polio-para-menores-de-5-anos\/#article\",\"isPartOf\":{\"@id\":\"https:\/\/jornalpontomais.com\/site\/2024\/06\/08\/sabado-e-dia-d-de-vacinacao-contra-polio-para-menores-de-5-anos\/\"},\"author\":{\"name\":\"Jornal Ponto Mais\",\"@id\":\"https:\/\/jornalpontomais.com\/site\/#\/schema\/person\/18323f0b0f1355f2490721c48389fe9d\"},\"headline\":\"S\u00e1bado \u00e9 Dia D de vacina\u00e7\u00e3o contra p\u00f3lio para menores de 5 anos\",\"datePublished\":\"2024-06-08T13:17:54+00:00\",\"dateModified\":\"2024-06-08T13:17:55+00:00\",\"mainEntityOfPage\":{\"@id\":\"https:\/\/jornalpontomais.com\/site\/2024\/06\/08\/sabado-e-dia-d-de-vacinacao-contra-polio-para-menores-de-5-anos\/\"},\"wordCount\":361,\"commentCount\":0,\"publisher\":{\"@id\":\"https:\/\/jornalpontomais.com\/site\/#organization\"},\"image\":{\"@id\":\"https:\/\/jornalpontomais.com\/site\/2024\/06\/08\/sabado-e-dia-d-de-vacinacao-contra-polio-para-menores-de-5-anos\/#primaryimage\"},\"thumbnailUrl\":\"https:\/\/jornalpontomais.com\/site\/wp-content\/uploads\/2024\/06\/tmazs_abr_0608182715df.webp\",\"articleSection\":[\"Sa\u00fade\"],\"inLanguage\":\"pt-BR\",\"potentialAction\":[{\"@type\":\"CommentAction\",\"name\":\"Comment\",\"target\":[\"https:\/\/jornalpontomais.com\/site\/2024\/06\/08\/sabado-e-dia-d-de-vacinacao-contra-polio-para-menores-de-5-anos\/#respond\"]}]},{\"@type\":\"WebPage\",\"@id\":\"https:\/\/jornalpontomais.com\/site\/2024\/06\/08\/sabado-e-dia-d-de-vacinacao-contra-polio-para-menores-de-5-anos\/\",\"url\":\"https:\/\/jornalpontomais.com\/site\/2024\/06\/08\/sabado-e-dia-d-de-vacinacao-contra-polio-para-menores-de-5-anos\/\",\"name\":\"S\u00e1bado \u00e9 Dia D de vacina\u00e7\u00e3o contra p\u00f3lio para menores de 5 anos - Jornal Ponto Mais\",\"isPartOf\":{\"@id\":\"https:\/\/jornalpontomais.com\/site\/#website\"},\"primaryImageOfPage\":{\"@id\":\"https:\/\/jornalpontomais.com\/site\/2024\/06\/08\/sabado-e-dia-d-de-vacinacao-contra-polio-para-menores-de-5-anos\/#primaryimage\"},\"image\":{\"@id\":\"https:\/\/jornalpontomais.com\/site\/2024\/06\/08\/sabado-e-dia-d-de-vacinacao-contra-polio-para-menores-de-5-anos\/#primaryimage\"},\"thumbnailUrl\":\"https:\/\/jornalpontomais.com\/site\/wp-content\/uploads\/2024\/06\/tmazs_abr_0608182715df.webp\",\"datePublished\":\"2024-06-08T13:17:54+00:00\",\"dateModified\":\"2024-06-08T13:17:55+00:00\",\"breadcrumb\":{\"@id\":\"https:\/\/jornalpontomais.com\/site\/2024\/06\/08\/sabado-e-dia-d-de-vacinacao-contra-polio-para-menores-de-5-anos\/#breadcrumb\"},\"inLanguage\":\"pt-BR\",\"potentialAction\":[{\"@type\":\"ReadAction\",\"target\":[\"https:\/\/jornalpontomais.com\/site\/2024\/06\/08\/sabado-e-dia-d-de-vacinacao-contra-polio-para-menores-de-5-anos\/\"]}]},{\"@type\":\"ImageObject\",\"inLanguage\":\"pt-BR\",\"@id\":\"https:\/\/jornalpontomais.com\/site\/2024\/06\/08\/sabado-e-dia-d-de-vacinacao-contra-polio-para-menores-de-5-anos\/#primaryimage\",\"url\":\"https:\/\/jornalpontomais.com\/site\/wp-content\/uploads\/2024\/06\/tmazs_abr_0608182715df.webp\",\"contentUrl\":\"https:\/\/jornalpontomais.com\/site\/wp-content\/uploads\/2024\/06\/tmazs_abr_0608182715df.webp\",\"width\":1170,\"height\":700},{\"@type\":\"BreadcrumbList\",\"@id\":\"https:\/\/jornalpontomais.com\/site\/2024\/06\/08\/sabado-e-dia-d-de-vacinacao-contra-polio-para-menores-de-5-anos\/#breadcrumb\",\"itemListElement\":[{\"@type\":\"ListItem\",\"position\":1,\"name\":\"In\u00edcio\",\"item\":\"https:\/\/jornalpontomais.com\/site\/\"},{\"@type\":\"ListItem\",\"position\":2,\"name\":\"S\u00e1bado \u00e9 Dia D de vacina\u00e7\u00e3o contra p\u00f3lio para menores de 5 anos\"}]},{\"@type\":\"WebSite\",\"@id\":\"https:\/\/jornalpontomais.com\/site\/#website\",\"url\":\"https:\/\/jornalpontomais.com\/site\/\",\"name\":\"Jornal Ponto Mais\",\"description\":\"As principais not\u00edcias do Brasil e do mundo. Confira!\",\"publisher\":{\"@id\":\"https:\/\/jornalpontomais.com\/site\/#organization\"},\"potentialAction\":[{\"@type\":\"SearchAction\",\"target\":{\"@type\":\"EntryPoint\",\"urlTemplate\":\"https:\/\/jornalpontomais.com\/site\/?s={search_term_string}\"},\"query-input\":{\"@type\":\"PropertyValueSpecification\",\"valueRequired\":true,\"valueName\":\"search_term_string\"}}],\"inLanguage\":\"pt-BR\"},{\"@type\":\"Organization\",\"@id\":\"https:\/\/jornalpontomais.com\/site\/#organization\",\"name\":\"Jornal Ponto+\",\"url\":\"https:\/\/jornalpontomais.com\/site\/\",\"logo\":{\"@type\":\"ImageObject\",\"inLanguage\":\"pt-BR\",\"@id\":\"https:\/\/jornalpontomais.com\/site\/#\/schema\/logo\/image\/\",\"url\":\"https:\/\/jornalpontomais.com\/site\/wp-content\/uploads\/2022\/01\/marca.png\",\"contentUrl\":\"https:\/\/jornalpontomais.com\/site\/wp-content\/uploads\/2022\/01\/marca.png\",\"width\":582,\"height\":148,\"caption\":\"Jornal Ponto+\"},\"image\":{\"@id\":\"https:\/\/jornalpontomais.com\/site\/#\/schema\/logo\/image\/\"}},{\"@type\":\"Person\",\"@id\":\"https:\/\/jornalpontomais.com\/site\/#\/schema\/person\/18323f0b0f1355f2490721c48389fe9d\",\"name\":\"Jornal Ponto Mais\",\"image\":{\"@type\":\"ImageObject\",\"inLanguage\":\"pt-BR\",\"@id\":\"https:\/\/secure.gravatar.com\/avatar\/2ee0a9b7fe10fe32bdec8bc086e871e41eb5f4f6ecbcb7b4f2fe0d92d831405f?s=96&d=mm&r=g\",\"url\":\"https:\/\/secure.gravatar.com\/avatar\/2ee0a9b7fe10fe32bdec8bc086e871e41eb5f4f6ecbcb7b4f2fe0d92d831405f?s=96&d=mm&r=g\",\"contentUrl\":\"https:\/\/secure.gravatar.com\/avatar\/2ee0a9b7fe10fe32bdec8bc086e871e41eb5f4f6ecbcb7b4f2fe0d92d831405f?s=96&d=mm&r=g\",\"caption\":\"Jornal Ponto Mais\"},\"sameAs\":[\"https:\/\/jornalpontomais.com\/site\",\"jornalpontomais\"],\"url\":\"https:\/\/jornalpontomais.com\/site\/author\/jornalpontomais\/\"}]}<\/script>\n<!-- \/ Yoast SEO plugin. -->","yoast_head_json":{"title":"S\u00e1bado \u00e9 Dia D de vacina\u00e7\u00e3o contra p\u00f3lio para menores de 5 anos - Jornal Ponto Mais","robots":{"index":"index","follow":"follow","max-snippet":"max-snippet:-1","max-image-preview":"max-image-preview:large","max-video-preview":"max-video-preview:-1"},"canonical":"https:\/\/jornalpontomais.com\/site\/2024\/06\/08\/sabado-e-dia-d-de-vacinacao-contra-polio-para-menores-de-5-anos\/","og_locale":"pt_BR","og_type":"article","og_title":"S\u00e1bado \u00e9 Dia D de vacina\u00e7\u00e3o contra p\u00f3lio para menores de 5 anos - Jornal Ponto Mais","og_description":"Crian\u00e7as menores de 5 anos devem comparecer aos postos de sa\u00fade de todo o pa\u00eds neste s\u00e1bado (8) para o Dia D de vacina\u00e7\u00e3o contra a poliomielite, popularmente conhecida como paralisia infantil. A campanha, organizada pelo Minist\u00e9rio da Sa\u00fade com o apoio de secretarias estaduais e municipais de sa\u00fade, come\u00e7ou no \u00faltimo dia 27 e [&hellip;]","og_url":"https:\/\/jornalpontomais.com\/site\/2024\/06\/08\/sabado-e-dia-d-de-vacinacao-contra-polio-para-menores-de-5-anos\/","og_site_name":"Jornal Ponto Mais","article_published_time":"2024-06-08T13:17:54+00:00","article_modified_time":"2024-06-08T13:17:55+00:00","og_image":[{"width":1170,"height":700,"url":"https:\/\/jornalpontomais.com\/site\/wp-content\/uploads\/2024\/06\/tmazs_abr_0608182715df.webp","type":"image\/webp"}],"author":"Jornal Ponto Mais","twitter_card":"summary_large_image","twitter_misc":{"Escrito por":"Jornal Ponto Mais","Est. tempo de leitura":"2 minutos"},"schema":{"@context":"https:\/\/schema.org","@graph":[{"@type":"Article","@id":"https:\/\/jornalpontomais.com\/site\/2024\/06\/08\/sabado-e-dia-d-de-vacinacao-contra-polio-para-menores-de-5-anos\/#article","isPartOf":{"@id":"https:\/\/jornalpontomais.com\/site\/2024\/06\/08\/sabado-e-dia-d-de-vacinacao-contra-polio-para-menores-de-5-anos\/"},"author":{"name":"Jornal Ponto Mais","@id":"https:\/\/jornalpontomais.com\/site\/#\/schema\/person\/18323f0b0f1355f2490721c48389fe9d"},"headline":"S\u00e1bado \u00e9 Dia D de vacina\u00e7\u00e3o contra p\u00f3lio para menores de 5 anos","datePublished":"2024-06-08T13:17:54+00:00","dateModified":"2024-06-08T13:17:55+00:00","mainEntityOfPage":{"@id":"https:\/\/jornalpontomais.com\/site\/2024\/06\/08\/sabado-e-dia-d-de-vacinacao-contra-polio-para-menores-de-5-anos\/"},"wordCount":361,"commentCount":0,"publisher":{"@id":"https:\/\/jornalpontomais.com\/site\/#organization"},"image":{"@id":"https:\/\/jornalpontomais.com\/site\/2024\/06\/08\/sabado-e-dia-d-de-vacinacao-contra-polio-para-menores-de-5-anos\/#primaryimage"},"thumbnailUrl":"https:\/\/jornalpontomais.com\/site\/wp-content\/uploads\/2024\/06\/tmazs_abr_0608182715df.webp","articleSection":["Sa\u00fade"],"inLanguage":"pt-BR","potentialAction":[{"@type":"CommentAction","name":"Comment","target":["https:\/\/jornalpontomais.com\/site\/2024\/06\/08\/sabado-e-dia-d-de-vacinacao-contra-polio-para-menores-de-5-anos\/#respond"]}]},{"@type":"WebPage","@id":"https:\/\/jornalpontomais.com\/site\/2024\/06\/08\/sabado-e-dia-d-de-vacinacao-contra-polio-para-menores-de-5-anos\/","url":"https:\/\/jornalpontomais.com\/site\/2024\/06\/08\/sabado-e-dia-d-de-vacinacao-contra-polio-para-menores-de-5-anos\/","name":"S\u00e1bado \u00e9 Dia D de vacina\u00e7\u00e3o contra p\u00f3lio para menores de 5 anos - Jornal Ponto Mais","isPartOf":{"@id":"https:\/\/jornalpontomais.com\/site\/#website"},"primaryImageOfPage":{"@id":"https:\/\/jornalpontomais.com\/site\/2024\/06\/08\/sabado-e-dia-d-de-vacinacao-contra-polio-para-menores-de-5-anos\/#primaryimage"},"image":{"@id":"https:\/\/jornalpontomais.com\/site\/2024\/06\/08\/sabado-e-dia-d-de-vacinacao-contra-polio-para-menores-de-5-anos\/#primaryimage"},"thumbnailUrl":"https:\/\/jornalpontomais.com\/site\/wp-content\/uploads\/2024\/06\/tmazs_abr_0608182715df.webp","datePublished":"2024-06-08T13:17:54+00:00","dateModified":"2024-06-08T13:17:55+00:00","breadcrumb":{"@id":"https:\/\/jornalpontomais.com\/site\/2024\/06\/08\/sabado-e-dia-d-de-vacinacao-contra-polio-para-menores-de-5-anos\/#breadcrumb"},"inLanguage":"pt-BR","potentialAction":[{"@type":"ReadAction","target":["https:\/\/jornalpontomais.com\/site\/2024\/06\/08\/sabado-e-dia-d-de-vacinacao-contra-polio-para-menores-de-5-anos\/"]}]},{"@type":"ImageObject","inLanguage":"pt-BR","@id":"https:\/\/jornalpontomais.com\/site\/2024\/06\/08\/sabado-e-dia-d-de-vacinacao-contra-polio-para-menores-de-5-anos\/#primaryimage","url":"https:\/\/jornalpontomais.com\/site\/wp-content\/uploads\/2024\/06\/tmazs_abr_0608182715df.webp","contentUrl":"https:\/\/jornalpontomais.com\/site\/wp-content\/uploads\/2024\/06\/tmazs_abr_0608182715df.webp","width":1170,"height":700},{"@type":"BreadcrumbList","@id":"https:\/\/jornalpontomais.com\/site\/2024\/06\/08\/sabado-e-dia-d-de-vacinacao-contra-polio-para-menores-de-5-anos\/#breadcrumb","itemListElement":[{"@type":"ListItem","position":1,"name":"In\u00edcio","item":"https:\/\/jornalpontomais.com\/site\/"},{"@type":"ListItem","position":2,"name":"S\u00e1bado \u00e9 Dia D de vacina\u00e7\u00e3o contra p\u00f3lio para menores de 5 anos"}]},{"@type":"WebSite","@id":"https:\/\/jornalpontomais.com\/site\/#website","url":"https:\/\/jornalpontomais.com\/site\/","name":"Jornal Ponto Mais","description":"As principais not\u00edcias do Brasil e do mundo. Confira!","publisher":{"@id":"https:\/\/jornalpontomais.com\/site\/#organization"},"potentialAction":[{"@type":"SearchAction","target":{"@type":"EntryPoint","urlTemplate":"https:\/\/jornalpontomais.com\/site\/?s={search_term_string}"},"query-input":{"@type":"PropertyValueSpecification","valueRequired":true,"valueName":"search_term_string"}}],"inLanguage":"pt-BR"},{"@type":"Organization","@id":"https:\/\/jornalpontomais.com\/site\/#organization","name":"Jornal Ponto+","url":"https:\/\/jornalpontomais.com\/site\/","logo":{"@type":"ImageObject","inLanguage":"pt-BR","@id":"https:\/\/jornalpontomais.com\/site\/#\/schema\/logo\/image\/","url":"https:\/\/jornalpontomais.com\/site\/wp-content\/uploads\/2022\/01\/marca.png","contentUrl":"https:\/\/jornalpontomais.com\/site\/wp-content\/uploads\/2022\/01\/marca.png","width":582,"height":148,"caption":"Jornal Ponto+"},"image":{"@id":"https:\/\/jornalpontomais.com\/site\/#\/schema\/logo\/image\/"}},{"@type":"Person","@id":"https:\/\/jornalpontomais.com\/site\/#\/schema\/person\/18323f0b0f1355f2490721c48389fe9d","name":"Jornal Ponto Mais","image":{"@type":"ImageObject","inLanguage":"pt-BR","@id":"https:\/\/secure.gravatar.com\/avatar\/2ee0a9b7fe10fe32bdec8bc086e871e41eb5f4f6ecbcb7b4f2fe0d92d831405f?s=96&d=mm&r=g","url":"https:\/\/secure.gravatar.com\/avatar\/2ee0a9b7fe10fe32bdec8bc086e871e41eb5f4f6ecbcb7b4f2fe0d92d831405f?s=96&d=mm&r=g","contentUrl":"https:\/\/secure.gravatar.com\/avatar\/2ee0a9b7fe10fe32bdec8bc086e871e41eb5f4f6ecbcb7b4f2fe0d92d831405f?s=96&d=mm&r=g","caption":"Jornal Ponto Mais"},"sameAs":["https:\/\/jornalpontomais.com\/site","jornalpontomais"],"url":"https:\/\/jornalpontomais.com\/site\/author\/jornalpontomais\/"}]}},"_links":{"self":[{"href":"https:\/\/jornalpontomais.com\/site\/wp-json\/wp\/v2\/posts\/13563","targetHints":{"allow":["GET"]}}],"collection":[{"href":"https:\/\/jornalpontomais.com\/site\/wp-json\/wp\/v2\/posts"}],"about":[{"href":"https:\/\/jornalpontomais.com\/site\/wp-json\/wp\/v2\/types\/post"}],"author":[{"embeddable":true,"href":"https:\/\/jornalpontomais.com\/site\/wp-json\/wp\/v2\/users\/2"}],"replies":[{"embeddable":true,"href":"https:\/\/jornalpontomais.com\/site\/wp-json\/wp\/v2\/comments?post=13563"}],"version-history":[{"count":1,"href":"https:\/\/jornalpontomais.com\/site\/wp-json\/wp\/v2\/posts\/13563\/revisions"}],"predecessor-version":[{"id":13565,"href":"https:\/\/jornalpontomais.com\/site\/wp-json\/wp\/v2\/posts\/13563\/revisions\/13565"}],"wp:featuredmedia":[{"embeddable":true,"href":"https:\/\/jornalpontomais.com\/site\/wp-json\/wp\/v2\/media\/13564"}],"wp:attachment":[{"href":"https:\/\/jornalpontomais.com\/site\/wp-json\/wp\/v2\/media?parent=13563"}],"wp:term":[{"taxonomy":"category","embeddable":true,"href":"https:\/\/jornalpontomais.com\/site\/wp-json\/wp\/v2\/categories?post=13563"},{"taxonomy":"post_tag","embeddable":true,"href":"https:\/\/jornalpontomais.com\/site\/wp-json\/wp\/v2\/tags?post=13563"}],"curies":[{"name":"wp","href":"https:\/\/api.w.org\/{rel}","templated":true}]}}