{"id":13543,"date":"2024-06-07T09:08:03","date_gmt":"2024-06-07T12:08:03","guid":{"rendered":"https:\/\/jornalpontomais.com\/site\/?p=13543"},"modified":"2024-06-07T09:08:04","modified_gmt":"2024-06-07T12:08:04","slug":"abate-de-bovinos-chega-a-1-milhao-de-cabecas-em-goias","status":"publish","type":"post","link":"https:\/\/jornalpontomais.com\/site\/2024\/06\/07\/abate-de-bovinos-chega-a-1-milhao-de-cabecas-em-goias\/","title":{"rendered":"Abate de bovinos chega a 1 milh\u00e3o de cabe\u00e7as em Goi\u00e1s"},"content":{"rendered":"\n<p>Goi\u00e1s alcan\u00e7a marco hist\u00f3rico no setor pecu\u00e1rio ao registrar o abate de 1 milh\u00e3o de cabe\u00e7as de bovinos no primeiro trimestre do ano, representando o maior volume j\u00e1 registrado na s\u00e9rie hist\u00f3rica. Os dados constam na Pesquisa Trimestral da Pecu\u00e1ria, divulgada nesta quinta-feira (06\/06) pelo Instituto Brasileiro de Geografia e Estat\u00edstica (IBGE).<br><br><\/p>\n\n\n\n<p>O resultado expressivo demonstra um crescimento de 8,6% em rela\u00e7\u00e3o ao trimestre anterior (923,7 mil cabe\u00e7as) e um aumento ainda mais significativo de 35,6% em compara\u00e7\u00e3o ao mesmo per\u00edodo de 2023 (739,5 mil cabe\u00e7as).<br><br><\/p>\n\n\n\n<p><strong>Bovinos<\/strong><\/p>\n\n\n\n<p>\u201cEste recorde no abate de bovinos \u00e9 um reflexo direto do trabalho conjunto entre o Governo de Goi\u00e1s e os produtores rurais. As pol\u00edticas p\u00fablicas de incentivo \u00e0 pecu\u00e1ria, como investimentos em infraestrutura, sanidade animal e assist\u00eancia t\u00e9cnica t\u00eam sido fundamentais para fortalecer a cadeia produtiva e impulsionar o crescimento do setor em nosso estado\u201d, afirma o secret\u00e1rio de Agricultura, Pecu\u00e1ria e Abastecimento, Pedro Leonardo Rezende.<br><br><\/p>\n\n\n\n<p>\u201cA pecu\u00e1ria \u00e9 um dos principais motores do desenvolvimento econ\u00f4mico de Goi\u00e1s, gerando empregos, renda e impulsionando diversos setores da economia. O recorde no abate de bovinos refor\u00e7a a import\u00e2ncia do setor para o estado e destaca o potencial de crescimento da cadeia produtiva\u201d, complementa Rezende.<br><br><\/p>\n\n\n\n<p>O cen\u00e1rio positivo se estende a n\u00edvel nacional, com o abate de bovinos atingindo a marca de 9,30 milh\u00f5es de cabe\u00e7as no primeiro trimestre de 2024, um aumento de 24,6% em rela\u00e7\u00e3o ao mesmo per\u00edodo do ano passado e 1,6% superior ao quarto trimestre de 2023. Esse n\u00famero representa o maior da s\u00e9rie hist\u00f3rica, iniciada em 1997.<br><br><\/p>\n\n\n\n<p>Em rela\u00e7\u00e3o ao mesmo per\u00edodo de 2023, foram 1,84 milh\u00e3o de cabe\u00e7as de bovinos a mais no 1\u00ba trimestre de 2024, com aumentos em 23 das 27 unidades da federa\u00e7\u00e3o. Os incrementos mais significativos ocorreram em: Mato Grosso (+420,07 mil cabe\u00e7as), Goi\u00e1s (+263,41 mil cabe\u00e7as) e S\u00e3o Paulo (+219,41 mil cabe\u00e7as).<br><br><\/p>\n\n\n\n<p><strong>Outros crescimentos<\/strong><\/p>\n\n\n\n<p>O crescimento do abate de bovinos tamb\u00e9m impulsionou a aquisi\u00e7\u00e3o de couro, que registrou um aumento de 47,1% no primeiro trimestre de 2024 em rela\u00e7\u00e3o ao mesmo per\u00edodo do ano anterior, totalizando 1,4 milh\u00e3o de pe\u00e7as. Goi\u00e1s se destaca como o segundo maior receptor de couro cru para processamento no pa\u00eds, com uma participa\u00e7\u00e3o de 15,5%.<br><br><\/p>\n\n\n\n<p>A produ\u00e7\u00e3o goiana de ovos de galinha tamb\u00e9m apresentou resultados positivos, alcan\u00e7ando 58,6 milh\u00f5es de d\u00fazias no primeiro trimestre de 2024. O volume representa um crescimento de 1,4% em rela\u00e7\u00e3o ao mesmo per\u00edodo de 2023 e 0,5% em rela\u00e7\u00e3o ao \u00faltimo trimestre do ano anterior. Com esse resultado, o estado se aproxima do recorde hist\u00f3rico de produ\u00e7\u00e3o, registrado no terceiro trimestre de 2023.<br><br><\/p>\n\n\n\n<p><strong>Sobre a pesquisa<\/strong><\/p>\n\n\n\n<p>A pesquisa do IBGE fornece informa\u00e7\u00f5es sobre o total de cabe\u00e7as abatidas e o peso total das carca\u00e7as para as esp\u00e9cies de bovinos (bois, vacas, novilhos e novilhas), su\u00ednos e frangos. A coleta de dados ocorre trimestralmente em estabelecimentos de abate sob fiscaliza\u00e7\u00e3o sanit\u00e1ria federal, estadual ou municipal, com discrimina\u00e7\u00e3o mensal dos resultados.<\/p>\n","protected":false},"excerpt":{"rendered":"<p>Goi\u00e1s alcan\u00e7a marco hist\u00f3rico no setor pecu\u00e1rio ao registrar o abate de 1 milh\u00e3o de cabe\u00e7as de bovinos no primeiro trimestre do ano, representando o maior volume j\u00e1 registrado na s\u00e9rie hist\u00f3rica. Os dados constam na Pesquisa Trimestral da Pecu\u00e1ria, divulgada nesta quinta-feira (06\/06) pelo Instituto Brasileiro de Geografia e Estat\u00edstica (IBGE). O resultado expressivo [&hellip;]<\/p>\n","protected":false},"author":2,"featured_media":13544,"comment_status":"open","ping_status":"open","sticky":true,"template":"","format":"standard","meta":{"om_disable_all_campaigns":false,"_monsterinsights_skip_tracking":false,"_monsterinsights_sitenote_active":false,"_monsterinsights_sitenote_note":"","_monsterinsights_sitenote_category":0,"footnotes":""},"categories":[37],"tags":[],"class_list":["post-13543","post","type-post","status-publish","format-standard","has-post-thumbnail","hentry","category-economia"],"yoast_head":"<!-- This site is optimized with the Yoast SEO plugin v27.2 - https:\/\/yoast.com\/product\/yoast-seo-wordpress\/ -->\n<title>Abate de bovinos chega a 1 milh\u00e3o de cabe\u00e7as em Goi\u00e1s - Jornal Ponto Mais<\/title>\n<meta name=\"robots\" content=\"index, follow, max-snippet:-1, max-image-preview:large, max-video-preview:-1\" \/>\n<link rel=\"canonical\" href=\"https:\/\/jornalpontomais.com\/site\/2024\/06\/07\/abate-de-bovinos-chega-a-1-milhao-de-cabecas-em-goias\/\" \/>\n<meta property=\"og:locale\" content=\"pt_BR\" \/>\n<meta property=\"og:type\" content=\"article\" \/>\n<meta property=\"og:title\" content=\"Abate de bovinos chega a 1 milh\u00e3o de cabe\u00e7as em Goi\u00e1s - Jornal Ponto Mais\" \/>\n<meta property=\"og:description\" content=\"Goi\u00e1s alcan\u00e7a marco hist\u00f3rico no setor pecu\u00e1rio ao registrar o abate de 1 milh\u00e3o de cabe\u00e7as de bovinos no primeiro trimestre do ano, representando o maior volume j\u00e1 registrado na s\u00e9rie hist\u00f3rica. Os dados constam na Pesquisa Trimestral da Pecu\u00e1ria, divulgada nesta quinta-feira (06\/06) pelo Instituto Brasileiro de Geografia e Estat\u00edstica (IBGE). O resultado expressivo [&hellip;]\" \/>\n<meta property=\"og:url\" content=\"https:\/\/jornalpontomais.com\/site\/2024\/06\/07\/abate-de-bovinos-chega-a-1-milhao-de-cabecas-em-goias\/\" \/>\n<meta property=\"og:site_name\" content=\"Jornal Ponto Mais\" \/>\n<meta property=\"article:published_time\" content=\"2024-06-07T12:08:03+00:00\" \/>\n<meta property=\"article:modified_time\" content=\"2024-06-07T12:08:04+00:00\" \/>\n<meta property=\"og:image\" content=\"https:\/\/jornalpontomais.com\/site\/wp-content\/uploads\/2024\/06\/Abate-de-bovinos-chega-a-1-milhao-de-cabecas-em-Goias-1215x809.jpg.webp\" \/>\n\t<meta property=\"og:image:width\" content=\"1215\" \/>\n\t<meta property=\"og:image:height\" content=\"809\" \/>\n\t<meta property=\"og:image:type\" content=\"image\/webp\" \/>\n<meta name=\"author\" content=\"Jornal Ponto Mais\" \/>\n<meta name=\"twitter:card\" content=\"summary_large_image\" \/>\n<meta name=\"twitter:label1\" content=\"Escrito por\" \/>\n\t<meta name=\"twitter:data1\" content=\"Jornal Ponto Mais\" \/>\n\t<meta name=\"twitter:label2\" content=\"Est. tempo de leitura\" \/>\n\t<meta name=\"twitter:data2\" content=\"3 minutos\" \/>\n<script type=\"application\/ld+json\" class=\"yoast-schema-graph\">{\"@context\":\"https:\/\/schema.org\",\"@graph\":[{\"@type\":\"Article\",\"@id\":\"https:\/\/jornalpontomais.com\/site\/2024\/06\/07\/abate-de-bovinos-chega-a-1-milhao-de-cabecas-em-goias\/#article\",\"isPartOf\":{\"@id\":\"https:\/\/jornalpontomais.com\/site\/2024\/06\/07\/abate-de-bovinos-chega-a-1-milhao-de-cabecas-em-goias\/\"},\"author\":{\"name\":\"Jornal Ponto Mais\",\"@id\":\"https:\/\/jornalpontomais.com\/site\/#\/schema\/person\/18323f0b0f1355f2490721c48389fe9d\"},\"headline\":\"Abate de bovinos chega a 1 milh\u00e3o de cabe\u00e7as em Goi\u00e1s\",\"datePublished\":\"2024-06-07T12:08:03+00:00\",\"dateModified\":\"2024-06-07T12:08:04+00:00\",\"mainEntityOfPage\":{\"@id\":\"https:\/\/jornalpontomais.com\/site\/2024\/06\/07\/abate-de-bovinos-chega-a-1-milhao-de-cabecas-em-goias\/\"},\"wordCount\":537,\"commentCount\":0,\"publisher\":{\"@id\":\"https:\/\/jornalpontomais.com\/site\/#organization\"},\"image\":{\"@id\":\"https:\/\/jornalpontomais.com\/site\/2024\/06\/07\/abate-de-bovinos-chega-a-1-milhao-de-cabecas-em-goias\/#primaryimage\"},\"thumbnailUrl\":\"https:\/\/jornalpontomais.com\/site\/wp-content\/uploads\/2024\/06\/Abate-de-bovinos-chega-a-1-milhao-de-cabecas-em-Goias-1215x809.jpg.webp\",\"articleSection\":[\"Economia\"],\"inLanguage\":\"pt-BR\",\"potentialAction\":[{\"@type\":\"CommentAction\",\"name\":\"Comment\",\"target\":[\"https:\/\/jornalpontomais.com\/site\/2024\/06\/07\/abate-de-bovinos-chega-a-1-milhao-de-cabecas-em-goias\/#respond\"]}]},{\"@type\":\"WebPage\",\"@id\":\"https:\/\/jornalpontomais.com\/site\/2024\/06\/07\/abate-de-bovinos-chega-a-1-milhao-de-cabecas-em-goias\/\",\"url\":\"https:\/\/jornalpontomais.com\/site\/2024\/06\/07\/abate-de-bovinos-chega-a-1-milhao-de-cabecas-em-goias\/\",\"name\":\"Abate de bovinos chega a 1 milh\u00e3o de cabe\u00e7as em Goi\u00e1s - Jornal Ponto Mais\",\"isPartOf\":{\"@id\":\"https:\/\/jornalpontomais.com\/site\/#website\"},\"primaryImageOfPage\":{\"@id\":\"https:\/\/jornalpontomais.com\/site\/2024\/06\/07\/abate-de-bovinos-chega-a-1-milhao-de-cabecas-em-goias\/#primaryimage\"},\"image\":{\"@id\":\"https:\/\/jornalpontomais.com\/site\/2024\/06\/07\/abate-de-bovinos-chega-a-1-milhao-de-cabecas-em-goias\/#primaryimage\"},\"thumbnailUrl\":\"https:\/\/jornalpontomais.com\/site\/wp-content\/uploads\/2024\/06\/Abate-de-bovinos-chega-a-1-milhao-de-cabecas-em-Goias-1215x809.jpg.webp\",\"datePublished\":\"2024-06-07T12:08:03+00:00\",\"dateModified\":\"2024-06-07T12:08:04+00:00\",\"breadcrumb\":{\"@id\":\"https:\/\/jornalpontomais.com\/site\/2024\/06\/07\/abate-de-bovinos-chega-a-1-milhao-de-cabecas-em-goias\/#breadcrumb\"},\"inLanguage\":\"pt-BR\",\"potentialAction\":[{\"@type\":\"ReadAction\",\"target\":[\"https:\/\/jornalpontomais.com\/site\/2024\/06\/07\/abate-de-bovinos-chega-a-1-milhao-de-cabecas-em-goias\/\"]}]},{\"@type\":\"ImageObject\",\"inLanguage\":\"pt-BR\",\"@id\":\"https:\/\/jornalpontomais.com\/site\/2024\/06\/07\/abate-de-bovinos-chega-a-1-milhao-de-cabecas-em-goias\/#primaryimage\",\"url\":\"https:\/\/jornalpontomais.com\/site\/wp-content\/uploads\/2024\/06\/Abate-de-bovinos-chega-a-1-milhao-de-cabecas-em-Goias-1215x809.jpg.webp\",\"contentUrl\":\"https:\/\/jornalpontomais.com\/site\/wp-content\/uploads\/2024\/06\/Abate-de-bovinos-chega-a-1-milhao-de-cabecas-em-Goias-1215x809.jpg.webp\",\"width\":1215,\"height\":809},{\"@type\":\"BreadcrumbList\",\"@id\":\"https:\/\/jornalpontomais.com\/site\/2024\/06\/07\/abate-de-bovinos-chega-a-1-milhao-de-cabecas-em-goias\/#breadcrumb\",\"itemListElement\":[{\"@type\":\"ListItem\",\"position\":1,\"name\":\"In\u00edcio\",\"item\":\"https:\/\/jornalpontomais.com\/site\/\"},{\"@type\":\"ListItem\",\"position\":2,\"name\":\"Abate de bovinos chega a 1 milh\u00e3o de cabe\u00e7as em Goi\u00e1s\"}]},{\"@type\":\"WebSite\",\"@id\":\"https:\/\/jornalpontomais.com\/site\/#website\",\"url\":\"https:\/\/jornalpontomais.com\/site\/\",\"name\":\"Jornal Ponto Mais\",\"description\":\"As principais not\u00edcias do Brasil e do mundo. Confira!\",\"publisher\":{\"@id\":\"https:\/\/jornalpontomais.com\/site\/#organization\"},\"potentialAction\":[{\"@type\":\"SearchAction\",\"target\":{\"@type\":\"EntryPoint\",\"urlTemplate\":\"https:\/\/jornalpontomais.com\/site\/?s={search_term_string}\"},\"query-input\":{\"@type\":\"PropertyValueSpecification\",\"valueRequired\":true,\"valueName\":\"search_term_string\"}}],\"inLanguage\":\"pt-BR\"},{\"@type\":\"Organization\",\"@id\":\"https:\/\/jornalpontomais.com\/site\/#organization\",\"name\":\"Jornal Ponto+\",\"url\":\"https:\/\/jornalpontomais.com\/site\/\",\"logo\":{\"@type\":\"ImageObject\",\"inLanguage\":\"pt-BR\",\"@id\":\"https:\/\/jornalpontomais.com\/site\/#\/schema\/logo\/image\/\",\"url\":\"https:\/\/jornalpontomais.com\/site\/wp-content\/uploads\/2022\/01\/marca.png\",\"contentUrl\":\"https:\/\/jornalpontomais.com\/site\/wp-content\/uploads\/2022\/01\/marca.png\",\"width\":582,\"height\":148,\"caption\":\"Jornal Ponto+\"},\"image\":{\"@id\":\"https:\/\/jornalpontomais.com\/site\/#\/schema\/logo\/image\/\"}},{\"@type\":\"Person\",\"@id\":\"https:\/\/jornalpontomais.com\/site\/#\/schema\/person\/18323f0b0f1355f2490721c48389fe9d\",\"name\":\"Jornal Ponto Mais\",\"image\":{\"@type\":\"ImageObject\",\"inLanguage\":\"pt-BR\",\"@id\":\"https:\/\/secure.gravatar.com\/avatar\/2ee0a9b7fe10fe32bdec8bc086e871e41eb5f4f6ecbcb7b4f2fe0d92d831405f?s=96&d=mm&r=g\",\"url\":\"https:\/\/secure.gravatar.com\/avatar\/2ee0a9b7fe10fe32bdec8bc086e871e41eb5f4f6ecbcb7b4f2fe0d92d831405f?s=96&d=mm&r=g\",\"contentUrl\":\"https:\/\/secure.gravatar.com\/avatar\/2ee0a9b7fe10fe32bdec8bc086e871e41eb5f4f6ecbcb7b4f2fe0d92d831405f?s=96&d=mm&r=g\",\"caption\":\"Jornal Ponto Mais\"},\"sameAs\":[\"https:\/\/jornalpontomais.com\/site\",\"jornalpontomais\"],\"url\":\"https:\/\/jornalpontomais.com\/site\/author\/jornalpontomais\/\"}]}<\/script>\n<!-- \/ Yoast SEO plugin. -->","yoast_head_json":{"title":"Abate de bovinos chega a 1 milh\u00e3o de cabe\u00e7as em Goi\u00e1s - Jornal Ponto Mais","robots":{"index":"index","follow":"follow","max-snippet":"max-snippet:-1","max-image-preview":"max-image-preview:large","max-video-preview":"max-video-preview:-1"},"canonical":"https:\/\/jornalpontomais.com\/site\/2024\/06\/07\/abate-de-bovinos-chega-a-1-milhao-de-cabecas-em-goias\/","og_locale":"pt_BR","og_type":"article","og_title":"Abate de bovinos chega a 1 milh\u00e3o de cabe\u00e7as em Goi\u00e1s - Jornal Ponto Mais","og_description":"Goi\u00e1s alcan\u00e7a marco hist\u00f3rico no setor pecu\u00e1rio ao registrar o abate de 1 milh\u00e3o de cabe\u00e7as de bovinos no primeiro trimestre do ano, representando o maior volume j\u00e1 registrado na s\u00e9rie hist\u00f3rica. Os dados constam na Pesquisa Trimestral da Pecu\u00e1ria, divulgada nesta quinta-feira (06\/06) pelo Instituto Brasileiro de Geografia e Estat\u00edstica (IBGE). O resultado expressivo [&hellip;]","og_url":"https:\/\/jornalpontomais.com\/site\/2024\/06\/07\/abate-de-bovinos-chega-a-1-milhao-de-cabecas-em-goias\/","og_site_name":"Jornal Ponto Mais","article_published_time":"2024-06-07T12:08:03+00:00","article_modified_time":"2024-06-07T12:08:04+00:00","og_image":[{"width":1215,"height":809,"url":"https:\/\/jornalpontomais.com\/site\/wp-content\/uploads\/2024\/06\/Abate-de-bovinos-chega-a-1-milhao-de-cabecas-em-Goias-1215x809.jpg.webp","type":"image\/webp"}],"author":"Jornal Ponto Mais","twitter_card":"summary_large_image","twitter_misc":{"Escrito por":"Jornal Ponto Mais","Est. tempo de leitura":"3 minutos"},"schema":{"@context":"https:\/\/schema.org","@graph":[{"@type":"Article","@id":"https:\/\/jornalpontomais.com\/site\/2024\/06\/07\/abate-de-bovinos-chega-a-1-milhao-de-cabecas-em-goias\/#article","isPartOf":{"@id":"https:\/\/jornalpontomais.com\/site\/2024\/06\/07\/abate-de-bovinos-chega-a-1-milhao-de-cabecas-em-goias\/"},"author":{"name":"Jornal Ponto Mais","@id":"https:\/\/jornalpontomais.com\/site\/#\/schema\/person\/18323f0b0f1355f2490721c48389fe9d"},"headline":"Abate de bovinos chega a 1 milh\u00e3o de cabe\u00e7as em Goi\u00e1s","datePublished":"2024-06-07T12:08:03+00:00","dateModified":"2024-06-07T12:08:04+00:00","mainEntityOfPage":{"@id":"https:\/\/jornalpontomais.com\/site\/2024\/06\/07\/abate-de-bovinos-chega-a-1-milhao-de-cabecas-em-goias\/"},"wordCount":537,"commentCount":0,"publisher":{"@id":"https:\/\/jornalpontomais.com\/site\/#organization"},"image":{"@id":"https:\/\/jornalpontomais.com\/site\/2024\/06\/07\/abate-de-bovinos-chega-a-1-milhao-de-cabecas-em-goias\/#primaryimage"},"thumbnailUrl":"https:\/\/jornalpontomais.com\/site\/wp-content\/uploads\/2024\/06\/Abate-de-bovinos-chega-a-1-milhao-de-cabecas-em-Goias-1215x809.jpg.webp","articleSection":["Economia"],"inLanguage":"pt-BR","potentialAction":[{"@type":"CommentAction","name":"Comment","target":["https:\/\/jornalpontomais.com\/site\/2024\/06\/07\/abate-de-bovinos-chega-a-1-milhao-de-cabecas-em-goias\/#respond"]}]},{"@type":"WebPage","@id":"https:\/\/jornalpontomais.com\/site\/2024\/06\/07\/abate-de-bovinos-chega-a-1-milhao-de-cabecas-em-goias\/","url":"https:\/\/jornalpontomais.com\/site\/2024\/06\/07\/abate-de-bovinos-chega-a-1-milhao-de-cabecas-em-goias\/","name":"Abate de bovinos chega a 1 milh\u00e3o de cabe\u00e7as em Goi\u00e1s - Jornal Ponto Mais","isPartOf":{"@id":"https:\/\/jornalpontomais.com\/site\/#website"},"primaryImageOfPage":{"@id":"https:\/\/jornalpontomais.com\/site\/2024\/06\/07\/abate-de-bovinos-chega-a-1-milhao-de-cabecas-em-goias\/#primaryimage"},"image":{"@id":"https:\/\/jornalpontomais.com\/site\/2024\/06\/07\/abate-de-bovinos-chega-a-1-milhao-de-cabecas-em-goias\/#primaryimage"},"thumbnailUrl":"https:\/\/jornalpontomais.com\/site\/wp-content\/uploads\/2024\/06\/Abate-de-bovinos-chega-a-1-milhao-de-cabecas-em-Goias-1215x809.jpg.webp","datePublished":"2024-06-07T12:08:03+00:00","dateModified":"2024-06-07T12:08:04+00:00","breadcrumb":{"@id":"https:\/\/jornalpontomais.com\/site\/2024\/06\/07\/abate-de-bovinos-chega-a-1-milhao-de-cabecas-em-goias\/#breadcrumb"},"inLanguage":"pt-BR","potentialAction":[{"@type":"ReadAction","target":["https:\/\/jornalpontomais.com\/site\/2024\/06\/07\/abate-de-bovinos-chega-a-1-milhao-de-cabecas-em-goias\/"]}]},{"@type":"ImageObject","inLanguage":"pt-BR","@id":"https:\/\/jornalpontomais.com\/site\/2024\/06\/07\/abate-de-bovinos-chega-a-1-milhao-de-cabecas-em-goias\/#primaryimage","url":"https:\/\/jornalpontomais.com\/site\/wp-content\/uploads\/2024\/06\/Abate-de-bovinos-chega-a-1-milhao-de-cabecas-em-Goias-1215x809.jpg.webp","contentUrl":"https:\/\/jornalpontomais.com\/site\/wp-content\/uploads\/2024\/06\/Abate-de-bovinos-chega-a-1-milhao-de-cabecas-em-Goias-1215x809.jpg.webp","width":1215,"height":809},{"@type":"BreadcrumbList","@id":"https:\/\/jornalpontomais.com\/site\/2024\/06\/07\/abate-de-bovinos-chega-a-1-milhao-de-cabecas-em-goias\/#breadcrumb","itemListElement":[{"@type":"ListItem","position":1,"name":"In\u00edcio","item":"https:\/\/jornalpontomais.com\/site\/"},{"@type":"ListItem","position":2,"name":"Abate de bovinos chega a 1 milh\u00e3o de cabe\u00e7as em Goi\u00e1s"}]},{"@type":"WebSite","@id":"https:\/\/jornalpontomais.com\/site\/#website","url":"https:\/\/jornalpontomais.com\/site\/","name":"Jornal Ponto Mais","description":"As principais not\u00edcias do Brasil e do mundo. Confira!","publisher":{"@id":"https:\/\/jornalpontomais.com\/site\/#organization"},"potentialAction":[{"@type":"SearchAction","target":{"@type":"EntryPoint","urlTemplate":"https:\/\/jornalpontomais.com\/site\/?s={search_term_string}"},"query-input":{"@type":"PropertyValueSpecification","valueRequired":true,"valueName":"search_term_string"}}],"inLanguage":"pt-BR"},{"@type":"Organization","@id":"https:\/\/jornalpontomais.com\/site\/#organization","name":"Jornal Ponto+","url":"https:\/\/jornalpontomais.com\/site\/","logo":{"@type":"ImageObject","inLanguage":"pt-BR","@id":"https:\/\/jornalpontomais.com\/site\/#\/schema\/logo\/image\/","url":"https:\/\/jornalpontomais.com\/site\/wp-content\/uploads\/2022\/01\/marca.png","contentUrl":"https:\/\/jornalpontomais.com\/site\/wp-content\/uploads\/2022\/01\/marca.png","width":582,"height":148,"caption":"Jornal Ponto+"},"image":{"@id":"https:\/\/jornalpontomais.com\/site\/#\/schema\/logo\/image\/"}},{"@type":"Person","@id":"https:\/\/jornalpontomais.com\/site\/#\/schema\/person\/18323f0b0f1355f2490721c48389fe9d","name":"Jornal Ponto Mais","image":{"@type":"ImageObject","inLanguage":"pt-BR","@id":"https:\/\/secure.gravatar.com\/avatar\/2ee0a9b7fe10fe32bdec8bc086e871e41eb5f4f6ecbcb7b4f2fe0d92d831405f?s=96&d=mm&r=g","url":"https:\/\/secure.gravatar.com\/avatar\/2ee0a9b7fe10fe32bdec8bc086e871e41eb5f4f6ecbcb7b4f2fe0d92d831405f?s=96&d=mm&r=g","contentUrl":"https:\/\/secure.gravatar.com\/avatar\/2ee0a9b7fe10fe32bdec8bc086e871e41eb5f4f6ecbcb7b4f2fe0d92d831405f?s=96&d=mm&r=g","caption":"Jornal Ponto Mais"},"sameAs":["https:\/\/jornalpontomais.com\/site","jornalpontomais"],"url":"https:\/\/jornalpontomais.com\/site\/author\/jornalpontomais\/"}]}},"_links":{"self":[{"href":"https:\/\/jornalpontomais.com\/site\/wp-json\/wp\/v2\/posts\/13543","targetHints":{"allow":["GET"]}}],"collection":[{"href":"https:\/\/jornalpontomais.com\/site\/wp-json\/wp\/v2\/posts"}],"about":[{"href":"https:\/\/jornalpontomais.com\/site\/wp-json\/wp\/v2\/types\/post"}],"author":[{"embeddable":true,"href":"https:\/\/jornalpontomais.com\/site\/wp-json\/wp\/v2\/users\/2"}],"replies":[{"embeddable":true,"href":"https:\/\/jornalpontomais.com\/site\/wp-json\/wp\/v2\/comments?post=13543"}],"version-history":[{"count":1,"href":"https:\/\/jornalpontomais.com\/site\/wp-json\/wp\/v2\/posts\/13543\/revisions"}],"predecessor-version":[{"id":13545,"href":"https:\/\/jornalpontomais.com\/site\/wp-json\/wp\/v2\/posts\/13543\/revisions\/13545"}],"wp:featuredmedia":[{"embeddable":true,"href":"https:\/\/jornalpontomais.com\/site\/wp-json\/wp\/v2\/media\/13544"}],"wp:attachment":[{"href":"https:\/\/jornalpontomais.com\/site\/wp-json\/wp\/v2\/media?parent=13543"}],"wp:term":[{"taxonomy":"category","embeddable":true,"href":"https:\/\/jornalpontomais.com\/site\/wp-json\/wp\/v2\/categories?post=13543"},{"taxonomy":"post_tag","embeddable":true,"href":"https:\/\/jornalpontomais.com\/site\/wp-json\/wp\/v2\/tags?post=13543"}],"curies":[{"name":"wp","href":"https:\/\/api.w.org\/{rel}","templated":true}]}}