{"id":13517,"date":"2024-06-05T14:48:42","date_gmt":"2024-06-05T17:48:42","guid":{"rendered":"https:\/\/jornalpontomais.com\/site\/?p=13517"},"modified":"2024-06-05T14:48:43","modified_gmt":"2024-06-05T17:48:43","slug":"industria-recua-05-em-abril-mas-acumula-alta-em-2024","status":"publish","type":"post","link":"https:\/\/jornalpontomais.com\/site\/2024\/06\/05\/industria-recua-05-em-abril-mas-acumula-alta-em-2024\/","title":{"rendered":"Ind\u00fastria recua 0,5% em abril, mas acumula alta em 2024"},"content":{"rendered":"\n<p>A produ\u00e7\u00e3o da ind\u00fastria brasileira recuou 0,5% em abril em compara\u00e7\u00e3o com mar\u00e7o, interrompendo dois meses de resultados positivos. Apesar da queda, o setor apresenta um crescimento de 3,5% no ano e de 1,5% nos \u00faltimos 12 meses. Em compara\u00e7\u00e3o com abril do ano passado, houve um aumento de 8,4%, influenciado pelo fato de abril de 2024 ter quatro dias \u00fateis a mais que o mesmo m\u00eas do ano anterior.<br><br><\/p>\n\n\n\n<p>Com esses resultados, a ind\u00fastria brasileira se encontra 0,1% abaixo do patamar pr\u00e9-pandemia (fevereiro de 2020) e 16,8% abaixo do n\u00edvel recorde, alcan\u00e7ado em maio de 2011. Os dados s\u00e3o da Pesquisa Industrial Mensal (PIM), divulgada nesta quarta-feira (5) pelo Instituto Brasileiro de Geografia e Estat\u00edstica (IBGE).<br><br><\/p>\n\n\n\n<p>Na compara\u00e7\u00e3o entre abril e mar\u00e7o de 2024, apesar da queda de 0,5%, a produ\u00e7\u00e3o industrial apresentou predomin\u00e2ncia de resultados positivos. Tr\u00eas das quatro grandes categorias tiveram expans\u00e3o, assim como 18 das 25 atividades pesquisadas.<br><br><\/p>\n\n\n\n<p>Entre os segmentos que mostraram recuo na produ\u00e7\u00e3o est\u00e3o setores importantes como o extrativo, que caiu 3,4% devido \u00e0 queda na produ\u00e7\u00e3o de min\u00e9rio de ferro e petr\u00f3leo, e o setor de alimentos, que teve uma queda de 0,6% em abril. \u201cEsses dois setores representam cerca de 30% da estrutura industrial\u201d, explica o gerente da pesquisa, Andr\u00e9 Macedo.<br><br><\/p>\n\n\n\n<p>\u201cH\u00e1 quedas em alguns produtos importantes, como carne bovina, mas \u00e9 um movimento espec\u00edfico para o m\u00eas de abril. No campo positivo, por exemplo, h\u00e1 crescimento em carnes de aves e su\u00ednos e no a\u00e7\u00facar\u201d, completa Macedo.<br><br><\/p>\n\n\n\n<p>Para o analista, o resultado negativo foi provocado por quest\u00f5es pontuais, e de maneira geral, os dados sobre o panorama industrial s\u00e3o positivos. Um dos fatores que apontam uma vis\u00e3o otimista \u00e9 o comportamento da ind\u00fastria de transforma\u00e7\u00e3o (segmento que transforma mat\u00e9ria-prima em produto final ou intermedi\u00e1rio para ser modificado por outra ind\u00fastria).<br><br><\/p>\n\n\n\n<p>&#8220;A ind\u00fastria de transforma\u00e7\u00e3o teve o quinto m\u00eas seguido de resultados positivos. Em abril, o crescimento foi de 0,3%. Em sete meses, a alta \u00e9 de 2,6%\u201d, detalha, acrescentando que esse ramo est\u00e1 no mesmo n\u00edvel pr\u00e9-pandemia.<br><br><\/p>\n\n\n\n<p><strong>Ind\u00fastria automobil\u00edstica<\/strong><\/p>\n\n\n\n<p>Um destaque da pesquisa em abril foi o comportamento da ind\u00fastria automobil\u00edstica. \u201cH\u00e1 uma melhora na produ\u00e7\u00e3o recente de autom\u00f3veis, caminh\u00f5es, autope\u00e7as e \u00f4nibus. Esse movimento est\u00e1 relacionado ao mercado dom\u00e9stico, influenciado pelo comportamento positivo do mercado de trabalho, com o aumento de pessoas ocupadas e da massa de rendimentos\u201d, explica o analista do IBGE.<br><br><\/p>\n\n\n\n<p>O setor espec\u00edfico de ve\u00edculos automotores, reboques e carrocerias expandiu 13,2% em compara\u00e7\u00e3o a mar\u00e7o. Entre os fatores que dinamizaram o setor automobil\u00edstico, Macedo acrescenta a redu\u00e7\u00e3o da taxa de juros e a queda da inadimpl\u00eancia. \u201cVale ressaltar que o setor ainda est\u00e1 abaixo do patamar pr\u00e9-pandemia\u201d, completa.<br><br><\/p>\n\n\n\n<p><strong>Resultados positivos<\/strong><\/p>\n\n\n\n<p>Apesar de a compara\u00e7\u00e3o entre abril de 2024 e abril de 2023 (alta de 8,4%) ter sido influenciada pelo maior n\u00famero de dias \u00fateis em 2024, Andr\u00e9 Macedo avalia que os resultados acumulados no primeiro quadrimestre de 2024 apontam uma expans\u00e3o generalizada, explicada por cen\u00e1rios macroecon\u00f4micos como o n\u00edvel de emprego e o aumento da renda dos trabalhadores.<br><br><\/p>\n\n\n\n<p>De janeiro a abril, a ind\u00fastria cresceu 3,5%, enquanto o \u00faltimo quadrimestre de 2023 registrou uma expans\u00e3o de 1%.<br><br><\/p>\n\n\n\n<p>\u201cO acumulado do ano, al\u00e9m de estar no campo positivo, mostra uma acelera\u00e7\u00e3o do crescimento de forma generalizada: bens de capital, associados a investimentos, crescendo; bens de consumo avan\u00e7ando; bens intermedi\u00e1rios, que concentram a mat\u00e9ria-prima, tamb\u00e9m mostrando taxas positivas. Comparando o \u00faltimo quadrimestre de 2023 com o primeiro de 2024, podemos verificar esse maior dinamismo da produ\u00e7\u00e3o industrial\u201d, conclui.<\/p>\n","protected":false},"excerpt":{"rendered":"<p>A produ\u00e7\u00e3o da ind\u00fastria brasileira recuou 0,5% em abril em compara\u00e7\u00e3o com mar\u00e7o, interrompendo dois meses de resultados positivos. Apesar da queda, o setor apresenta um crescimento de 3,5% no ano e de 1,5% nos \u00faltimos 12 meses. Em compara\u00e7\u00e3o com abril do ano passado, houve um aumento de 8,4%, influenciado pelo fato de abril [&hellip;]<\/p>\n","protected":false},"author":2,"featured_media":13518,"comment_status":"open","ping_status":"open","sticky":true,"template":"","format":"standard","meta":{"om_disable_all_campaigns":false,"_monsterinsights_skip_tracking":false,"_monsterinsights_sitenote_active":false,"_monsterinsights_sitenote_note":"","_monsterinsights_sitenote_category":0,"footnotes":""},"categories":[37],"tags":[],"class_list":["post-13517","post","type-post","status-publish","format-standard","has-post-thumbnail","hentry","category-economia"],"yoast_head":"<!-- This site is optimized with the Yoast SEO plugin v27.2 - https:\/\/yoast.com\/product\/yoast-seo-wordpress\/ -->\n<title>Ind\u00fastria recua 0,5% em abril, mas acumula alta em 2024 - Jornal Ponto Mais<\/title>\n<meta name=\"robots\" content=\"index, follow, max-snippet:-1, max-image-preview:large, max-video-preview:-1\" \/>\n<link rel=\"canonical\" href=\"https:\/\/jornalpontomais.com\/site\/2024\/06\/05\/industria-recua-05-em-abril-mas-acumula-alta-em-2024\/\" \/>\n<meta property=\"og:locale\" content=\"pt_BR\" \/>\n<meta property=\"og:type\" content=\"article\" \/>\n<meta property=\"og:title\" content=\"Ind\u00fastria recua 0,5% em abril, mas acumula alta em 2024 - Jornal Ponto Mais\" \/>\n<meta property=\"og:description\" content=\"A produ\u00e7\u00e3o da ind\u00fastria brasileira recuou 0,5% em abril em compara\u00e7\u00e3o com mar\u00e7o, interrompendo dois meses de resultados positivos. Apesar da queda, o setor apresenta um crescimento de 3,5% no ano e de 1,5% nos \u00faltimos 12 meses. Em compara\u00e7\u00e3o com abril do ano passado, houve um aumento de 8,4%, influenciado pelo fato de abril [&hellip;]\" \/>\n<meta property=\"og:url\" content=\"https:\/\/jornalpontomais.com\/site\/2024\/06\/05\/industria-recua-05-em-abril-mas-acumula-alta-em-2024\/\" \/>\n<meta property=\"og:site_name\" content=\"Jornal Ponto Mais\" \/>\n<meta property=\"article:published_time\" content=\"2024-06-05T17:48:42+00:00\" \/>\n<meta property=\"article:modified_time\" content=\"2024-06-05T17:48:43+00:00\" \/>\n<meta property=\"og:image\" content=\"https:\/\/jornalpontomais.com\/site\/wp-content\/uploads\/2024\/06\/industria_automobilisticaautomovel_fabrica.webp\" \/>\n\t<meta property=\"og:image:width\" content=\"1170\" \/>\n\t<meta property=\"og:image:height\" content=\"700\" \/>\n\t<meta property=\"og:image:type\" content=\"image\/webp\" \/>\n<meta name=\"author\" content=\"Jornal Ponto Mais\" \/>\n<meta name=\"twitter:card\" content=\"summary_large_image\" \/>\n<meta name=\"twitter:label1\" content=\"Escrito por\" \/>\n\t<meta name=\"twitter:data1\" content=\"Jornal Ponto Mais\" \/>\n\t<meta name=\"twitter:label2\" content=\"Est. tempo de leitura\" \/>\n\t<meta name=\"twitter:data2\" content=\"3 minutos\" \/>\n<script type=\"application\/ld+json\" class=\"yoast-schema-graph\">{\"@context\":\"https:\/\/schema.org\",\"@graph\":[{\"@type\":\"Article\",\"@id\":\"https:\/\/jornalpontomais.com\/site\/2024\/06\/05\/industria-recua-05-em-abril-mas-acumula-alta-em-2024\/#article\",\"isPartOf\":{\"@id\":\"https:\/\/jornalpontomais.com\/site\/2024\/06\/05\/industria-recua-05-em-abril-mas-acumula-alta-em-2024\/\"},\"author\":{\"name\":\"Jornal Ponto Mais\",\"@id\":\"https:\/\/jornalpontomais.com\/site\/#\/schema\/person\/18323f0b0f1355f2490721c48389fe9d\"},\"headline\":\"Ind\u00fastria recua 0,5% em abril, mas acumula alta em 2024\",\"datePublished\":\"2024-06-05T17:48:42+00:00\",\"dateModified\":\"2024-06-05T17:48:43+00:00\",\"mainEntityOfPage\":{\"@id\":\"https:\/\/jornalpontomais.com\/site\/2024\/06\/05\/industria-recua-05-em-abril-mas-acumula-alta-em-2024\/\"},\"wordCount\":626,\"commentCount\":0,\"publisher\":{\"@id\":\"https:\/\/jornalpontomais.com\/site\/#organization\"},\"image\":{\"@id\":\"https:\/\/jornalpontomais.com\/site\/2024\/06\/05\/industria-recua-05-em-abril-mas-acumula-alta-em-2024\/#primaryimage\"},\"thumbnailUrl\":\"https:\/\/jornalpontomais.com\/site\/wp-content\/uploads\/2024\/06\/industria_automobilisticaautomovel_fabrica.webp\",\"articleSection\":[\"Economia\"],\"inLanguage\":\"pt-BR\",\"potentialAction\":[{\"@type\":\"CommentAction\",\"name\":\"Comment\",\"target\":[\"https:\/\/jornalpontomais.com\/site\/2024\/06\/05\/industria-recua-05-em-abril-mas-acumula-alta-em-2024\/#respond\"]}]},{\"@type\":\"WebPage\",\"@id\":\"https:\/\/jornalpontomais.com\/site\/2024\/06\/05\/industria-recua-05-em-abril-mas-acumula-alta-em-2024\/\",\"url\":\"https:\/\/jornalpontomais.com\/site\/2024\/06\/05\/industria-recua-05-em-abril-mas-acumula-alta-em-2024\/\",\"name\":\"Ind\u00fastria recua 0,5% em abril, mas acumula alta em 2024 - Jornal Ponto Mais\",\"isPartOf\":{\"@id\":\"https:\/\/jornalpontomais.com\/site\/#website\"},\"primaryImageOfPage\":{\"@id\":\"https:\/\/jornalpontomais.com\/site\/2024\/06\/05\/industria-recua-05-em-abril-mas-acumula-alta-em-2024\/#primaryimage\"},\"image\":{\"@id\":\"https:\/\/jornalpontomais.com\/site\/2024\/06\/05\/industria-recua-05-em-abril-mas-acumula-alta-em-2024\/#primaryimage\"},\"thumbnailUrl\":\"https:\/\/jornalpontomais.com\/site\/wp-content\/uploads\/2024\/06\/industria_automobilisticaautomovel_fabrica.webp\",\"datePublished\":\"2024-06-05T17:48:42+00:00\",\"dateModified\":\"2024-06-05T17:48:43+00:00\",\"breadcrumb\":{\"@id\":\"https:\/\/jornalpontomais.com\/site\/2024\/06\/05\/industria-recua-05-em-abril-mas-acumula-alta-em-2024\/#breadcrumb\"},\"inLanguage\":\"pt-BR\",\"potentialAction\":[{\"@type\":\"ReadAction\",\"target\":[\"https:\/\/jornalpontomais.com\/site\/2024\/06\/05\/industria-recua-05-em-abril-mas-acumula-alta-em-2024\/\"]}]},{\"@type\":\"ImageObject\",\"inLanguage\":\"pt-BR\",\"@id\":\"https:\/\/jornalpontomais.com\/site\/2024\/06\/05\/industria-recua-05-em-abril-mas-acumula-alta-em-2024\/#primaryimage\",\"url\":\"https:\/\/jornalpontomais.com\/site\/wp-content\/uploads\/2024\/06\/industria_automobilisticaautomovel_fabrica.webp\",\"contentUrl\":\"https:\/\/jornalpontomais.com\/site\/wp-content\/uploads\/2024\/06\/industria_automobilisticaautomovel_fabrica.webp\",\"width\":1170,\"height\":700},{\"@type\":\"BreadcrumbList\",\"@id\":\"https:\/\/jornalpontomais.com\/site\/2024\/06\/05\/industria-recua-05-em-abril-mas-acumula-alta-em-2024\/#breadcrumb\",\"itemListElement\":[{\"@type\":\"ListItem\",\"position\":1,\"name\":\"In\u00edcio\",\"item\":\"https:\/\/jornalpontomais.com\/site\/\"},{\"@type\":\"ListItem\",\"position\":2,\"name\":\"Ind\u00fastria recua 0,5% em abril, mas acumula alta em 2024\"}]},{\"@type\":\"WebSite\",\"@id\":\"https:\/\/jornalpontomais.com\/site\/#website\",\"url\":\"https:\/\/jornalpontomais.com\/site\/\",\"name\":\"Jornal Ponto Mais\",\"description\":\"As principais not\u00edcias do Brasil e do mundo. Confira!\",\"publisher\":{\"@id\":\"https:\/\/jornalpontomais.com\/site\/#organization\"},\"potentialAction\":[{\"@type\":\"SearchAction\",\"target\":{\"@type\":\"EntryPoint\",\"urlTemplate\":\"https:\/\/jornalpontomais.com\/site\/?s={search_term_string}\"},\"query-input\":{\"@type\":\"PropertyValueSpecification\",\"valueRequired\":true,\"valueName\":\"search_term_string\"}}],\"inLanguage\":\"pt-BR\"},{\"@type\":\"Organization\",\"@id\":\"https:\/\/jornalpontomais.com\/site\/#organization\",\"name\":\"Jornal Ponto+\",\"url\":\"https:\/\/jornalpontomais.com\/site\/\",\"logo\":{\"@type\":\"ImageObject\",\"inLanguage\":\"pt-BR\",\"@id\":\"https:\/\/jornalpontomais.com\/site\/#\/schema\/logo\/image\/\",\"url\":\"https:\/\/jornalpontomais.com\/site\/wp-content\/uploads\/2022\/01\/marca.png\",\"contentUrl\":\"https:\/\/jornalpontomais.com\/site\/wp-content\/uploads\/2022\/01\/marca.png\",\"width\":582,\"height\":148,\"caption\":\"Jornal Ponto+\"},\"image\":{\"@id\":\"https:\/\/jornalpontomais.com\/site\/#\/schema\/logo\/image\/\"}},{\"@type\":\"Person\",\"@id\":\"https:\/\/jornalpontomais.com\/site\/#\/schema\/person\/18323f0b0f1355f2490721c48389fe9d\",\"name\":\"Jornal Ponto Mais\",\"image\":{\"@type\":\"ImageObject\",\"inLanguage\":\"pt-BR\",\"@id\":\"https:\/\/secure.gravatar.com\/avatar\/2ee0a9b7fe10fe32bdec8bc086e871e41eb5f4f6ecbcb7b4f2fe0d92d831405f?s=96&d=mm&r=g\",\"url\":\"https:\/\/secure.gravatar.com\/avatar\/2ee0a9b7fe10fe32bdec8bc086e871e41eb5f4f6ecbcb7b4f2fe0d92d831405f?s=96&d=mm&r=g\",\"contentUrl\":\"https:\/\/secure.gravatar.com\/avatar\/2ee0a9b7fe10fe32bdec8bc086e871e41eb5f4f6ecbcb7b4f2fe0d92d831405f?s=96&d=mm&r=g\",\"caption\":\"Jornal Ponto Mais\"},\"sameAs\":[\"https:\/\/jornalpontomais.com\/site\",\"jornalpontomais\"],\"url\":\"https:\/\/jornalpontomais.com\/site\/author\/jornalpontomais\/\"}]}<\/script>\n<!-- \/ Yoast SEO plugin. -->","yoast_head_json":{"title":"Ind\u00fastria recua 0,5% em abril, mas acumula alta em 2024 - Jornal Ponto Mais","robots":{"index":"index","follow":"follow","max-snippet":"max-snippet:-1","max-image-preview":"max-image-preview:large","max-video-preview":"max-video-preview:-1"},"canonical":"https:\/\/jornalpontomais.com\/site\/2024\/06\/05\/industria-recua-05-em-abril-mas-acumula-alta-em-2024\/","og_locale":"pt_BR","og_type":"article","og_title":"Ind\u00fastria recua 0,5% em abril, mas acumula alta em 2024 - Jornal Ponto Mais","og_description":"A produ\u00e7\u00e3o da ind\u00fastria brasileira recuou 0,5% em abril em compara\u00e7\u00e3o com mar\u00e7o, interrompendo dois meses de resultados positivos. Apesar da queda, o setor apresenta um crescimento de 3,5% no ano e de 1,5% nos \u00faltimos 12 meses. Em compara\u00e7\u00e3o com abril do ano passado, houve um aumento de 8,4%, influenciado pelo fato de abril [&hellip;]","og_url":"https:\/\/jornalpontomais.com\/site\/2024\/06\/05\/industria-recua-05-em-abril-mas-acumula-alta-em-2024\/","og_site_name":"Jornal Ponto Mais","article_published_time":"2024-06-05T17:48:42+00:00","article_modified_time":"2024-06-05T17:48:43+00:00","og_image":[{"width":1170,"height":700,"url":"https:\/\/jornalpontomais.com\/site\/wp-content\/uploads\/2024\/06\/industria_automobilisticaautomovel_fabrica.webp","type":"image\/webp"}],"author":"Jornal Ponto Mais","twitter_card":"summary_large_image","twitter_misc":{"Escrito por":"Jornal Ponto Mais","Est. tempo de leitura":"3 minutos"},"schema":{"@context":"https:\/\/schema.org","@graph":[{"@type":"Article","@id":"https:\/\/jornalpontomais.com\/site\/2024\/06\/05\/industria-recua-05-em-abril-mas-acumula-alta-em-2024\/#article","isPartOf":{"@id":"https:\/\/jornalpontomais.com\/site\/2024\/06\/05\/industria-recua-05-em-abril-mas-acumula-alta-em-2024\/"},"author":{"name":"Jornal Ponto Mais","@id":"https:\/\/jornalpontomais.com\/site\/#\/schema\/person\/18323f0b0f1355f2490721c48389fe9d"},"headline":"Ind\u00fastria recua 0,5% em abril, mas acumula alta em 2024","datePublished":"2024-06-05T17:48:42+00:00","dateModified":"2024-06-05T17:48:43+00:00","mainEntityOfPage":{"@id":"https:\/\/jornalpontomais.com\/site\/2024\/06\/05\/industria-recua-05-em-abril-mas-acumula-alta-em-2024\/"},"wordCount":626,"commentCount":0,"publisher":{"@id":"https:\/\/jornalpontomais.com\/site\/#organization"},"image":{"@id":"https:\/\/jornalpontomais.com\/site\/2024\/06\/05\/industria-recua-05-em-abril-mas-acumula-alta-em-2024\/#primaryimage"},"thumbnailUrl":"https:\/\/jornalpontomais.com\/site\/wp-content\/uploads\/2024\/06\/industria_automobilisticaautomovel_fabrica.webp","articleSection":["Economia"],"inLanguage":"pt-BR","potentialAction":[{"@type":"CommentAction","name":"Comment","target":["https:\/\/jornalpontomais.com\/site\/2024\/06\/05\/industria-recua-05-em-abril-mas-acumula-alta-em-2024\/#respond"]}]},{"@type":"WebPage","@id":"https:\/\/jornalpontomais.com\/site\/2024\/06\/05\/industria-recua-05-em-abril-mas-acumula-alta-em-2024\/","url":"https:\/\/jornalpontomais.com\/site\/2024\/06\/05\/industria-recua-05-em-abril-mas-acumula-alta-em-2024\/","name":"Ind\u00fastria recua 0,5% em abril, mas acumula alta em 2024 - Jornal Ponto Mais","isPartOf":{"@id":"https:\/\/jornalpontomais.com\/site\/#website"},"primaryImageOfPage":{"@id":"https:\/\/jornalpontomais.com\/site\/2024\/06\/05\/industria-recua-05-em-abril-mas-acumula-alta-em-2024\/#primaryimage"},"image":{"@id":"https:\/\/jornalpontomais.com\/site\/2024\/06\/05\/industria-recua-05-em-abril-mas-acumula-alta-em-2024\/#primaryimage"},"thumbnailUrl":"https:\/\/jornalpontomais.com\/site\/wp-content\/uploads\/2024\/06\/industria_automobilisticaautomovel_fabrica.webp","datePublished":"2024-06-05T17:48:42+00:00","dateModified":"2024-06-05T17:48:43+00:00","breadcrumb":{"@id":"https:\/\/jornalpontomais.com\/site\/2024\/06\/05\/industria-recua-05-em-abril-mas-acumula-alta-em-2024\/#breadcrumb"},"inLanguage":"pt-BR","potentialAction":[{"@type":"ReadAction","target":["https:\/\/jornalpontomais.com\/site\/2024\/06\/05\/industria-recua-05-em-abril-mas-acumula-alta-em-2024\/"]}]},{"@type":"ImageObject","inLanguage":"pt-BR","@id":"https:\/\/jornalpontomais.com\/site\/2024\/06\/05\/industria-recua-05-em-abril-mas-acumula-alta-em-2024\/#primaryimage","url":"https:\/\/jornalpontomais.com\/site\/wp-content\/uploads\/2024\/06\/industria_automobilisticaautomovel_fabrica.webp","contentUrl":"https:\/\/jornalpontomais.com\/site\/wp-content\/uploads\/2024\/06\/industria_automobilisticaautomovel_fabrica.webp","width":1170,"height":700},{"@type":"BreadcrumbList","@id":"https:\/\/jornalpontomais.com\/site\/2024\/06\/05\/industria-recua-05-em-abril-mas-acumula-alta-em-2024\/#breadcrumb","itemListElement":[{"@type":"ListItem","position":1,"name":"In\u00edcio","item":"https:\/\/jornalpontomais.com\/site\/"},{"@type":"ListItem","position":2,"name":"Ind\u00fastria recua 0,5% em abril, mas acumula alta em 2024"}]},{"@type":"WebSite","@id":"https:\/\/jornalpontomais.com\/site\/#website","url":"https:\/\/jornalpontomais.com\/site\/","name":"Jornal Ponto Mais","description":"As principais not\u00edcias do Brasil e do mundo. Confira!","publisher":{"@id":"https:\/\/jornalpontomais.com\/site\/#organization"},"potentialAction":[{"@type":"SearchAction","target":{"@type":"EntryPoint","urlTemplate":"https:\/\/jornalpontomais.com\/site\/?s={search_term_string}"},"query-input":{"@type":"PropertyValueSpecification","valueRequired":true,"valueName":"search_term_string"}}],"inLanguage":"pt-BR"},{"@type":"Organization","@id":"https:\/\/jornalpontomais.com\/site\/#organization","name":"Jornal Ponto+","url":"https:\/\/jornalpontomais.com\/site\/","logo":{"@type":"ImageObject","inLanguage":"pt-BR","@id":"https:\/\/jornalpontomais.com\/site\/#\/schema\/logo\/image\/","url":"https:\/\/jornalpontomais.com\/site\/wp-content\/uploads\/2022\/01\/marca.png","contentUrl":"https:\/\/jornalpontomais.com\/site\/wp-content\/uploads\/2022\/01\/marca.png","width":582,"height":148,"caption":"Jornal Ponto+"},"image":{"@id":"https:\/\/jornalpontomais.com\/site\/#\/schema\/logo\/image\/"}},{"@type":"Person","@id":"https:\/\/jornalpontomais.com\/site\/#\/schema\/person\/18323f0b0f1355f2490721c48389fe9d","name":"Jornal Ponto Mais","image":{"@type":"ImageObject","inLanguage":"pt-BR","@id":"https:\/\/secure.gravatar.com\/avatar\/2ee0a9b7fe10fe32bdec8bc086e871e41eb5f4f6ecbcb7b4f2fe0d92d831405f?s=96&d=mm&r=g","url":"https:\/\/secure.gravatar.com\/avatar\/2ee0a9b7fe10fe32bdec8bc086e871e41eb5f4f6ecbcb7b4f2fe0d92d831405f?s=96&d=mm&r=g","contentUrl":"https:\/\/secure.gravatar.com\/avatar\/2ee0a9b7fe10fe32bdec8bc086e871e41eb5f4f6ecbcb7b4f2fe0d92d831405f?s=96&d=mm&r=g","caption":"Jornal Ponto Mais"},"sameAs":["https:\/\/jornalpontomais.com\/site","jornalpontomais"],"url":"https:\/\/jornalpontomais.com\/site\/author\/jornalpontomais\/"}]}},"_links":{"self":[{"href":"https:\/\/jornalpontomais.com\/site\/wp-json\/wp\/v2\/posts\/13517","targetHints":{"allow":["GET"]}}],"collection":[{"href":"https:\/\/jornalpontomais.com\/site\/wp-json\/wp\/v2\/posts"}],"about":[{"href":"https:\/\/jornalpontomais.com\/site\/wp-json\/wp\/v2\/types\/post"}],"author":[{"embeddable":true,"href":"https:\/\/jornalpontomais.com\/site\/wp-json\/wp\/v2\/users\/2"}],"replies":[{"embeddable":true,"href":"https:\/\/jornalpontomais.com\/site\/wp-json\/wp\/v2\/comments?post=13517"}],"version-history":[{"count":1,"href":"https:\/\/jornalpontomais.com\/site\/wp-json\/wp\/v2\/posts\/13517\/revisions"}],"predecessor-version":[{"id":13519,"href":"https:\/\/jornalpontomais.com\/site\/wp-json\/wp\/v2\/posts\/13517\/revisions\/13519"}],"wp:featuredmedia":[{"embeddable":true,"href":"https:\/\/jornalpontomais.com\/site\/wp-json\/wp\/v2\/media\/13518"}],"wp:attachment":[{"href":"https:\/\/jornalpontomais.com\/site\/wp-json\/wp\/v2\/media?parent=13517"}],"wp:term":[{"taxonomy":"category","embeddable":true,"href":"https:\/\/jornalpontomais.com\/site\/wp-json\/wp\/v2\/categories?post=13517"},{"taxonomy":"post_tag","embeddable":true,"href":"https:\/\/jornalpontomais.com\/site\/wp-json\/wp\/v2\/tags?post=13517"}],"curies":[{"name":"wp","href":"https:\/\/api.w.org\/{rel}","templated":true}]}}