{"id":13403,"date":"2024-05-30T09:06:46","date_gmt":"2024-05-30T12:06:46","guid":{"rendered":"https:\/\/jornalpontomais.com\/site\/?p=13403"},"modified":"2024-05-30T09:06:46","modified_gmt":"2024-05-30T12:06:46","slug":"em-4-meses-mercado-de-trabalho-supera-contratacoes-de-2023","status":"publish","type":"post","link":"https:\/\/jornalpontomais.com\/site\/2024\/05\/30\/em-4-meses-mercado-de-trabalho-supera-contratacoes-de-2023\/","title":{"rendered":"Em 4 meses, mercado de trabalho supera contrata\u00e7\u00f5es de 2023"},"content":{"rendered":"\n<p>O mercado de trabalho em Goi\u00e1s gerou um saldo de 57.193 empregos formais nos primeiros quatro meses do ano de 2024, n\u00famero que supera todo o ano de 2023 quando foram registradas 49.275 novas vagas. O estado tamb\u00e9m apresentou o maior crescimento relativo do estoque de empregados formais do pa\u00eds (3,77%). Goi\u00e1s possui mais de 1,5 milh\u00e3o de pessoas no mercado de trabalho formal.<br><br><\/p>\n\n\n\n<p><strong>Mercado de trabalho<\/strong><\/p>\n\n\n\n<p>As informa\u00e7\u00f5es s\u00e3o do Novo Cadastro Geral de Empregados e Desempregados (Caged), divulgado pelo Minist\u00e9rio do Trabalho e Emprego (MTE), e corroborado pelo Instituto Mauro Borges (IMB). De acordo com o cadastro, em abril Goi\u00e1s registrou 13.584 novos postos de trabalho com carteira assinada \u2013 a quantidade de admiss\u00f5es (91.738) superou a quantidade de desligamentos (78.154).<br><br><\/p>\n\n\n\n<p>Para o governador Ronaldo Caiado, o resultado \u00e9 fruto de um investimento s\u00e9rio em profissionaliza\u00e7\u00e3o e qualifica\u00e7\u00e3o. \u201cGoi\u00e1s est\u00e1 crescendo, ofertando emprego e hoje aumenta a sua renda per capita acima da m\u00e9dia nacional. \u00c9 o estado que mais oferece oportunidades de emprego com carteira assinada e o que mais avan\u00e7a na diminui\u00e7\u00e3o de pessoas em estado de pobreza e de extrema pobreza no Brasil\u201d, afirma.<br><br><\/p>\n\n\n\n<p>\u201cAs pol\u00edticas p\u00fablicas implementadas pela gest\u00e3o, para capacita\u00e7\u00e3o e direcionamento dos goianos para melhores oportunidades de emprego t\u00eam demonstrado grande efic\u00e1cia. Os dados divulgados no Caged tamb\u00e9m refletem sobre o potencial econ\u00f4mico de Goi\u00e1s, que, cada vez mais, atrai e fortalece as pequenas e grandes empresas nos mais diversos setores\u201d, destaca o secret\u00e1rio-geral de Governo, Adriano da Rocha Lima.<br><br><\/p>\n\n\n\n<p>O secret\u00e1rio da Retomada, C\u00e9sar Moura, avalia que cerca de 90% dos empregos em Goi\u00e1s s\u00e3o gerados pelas micro e pequenas empresas. \u201cEstamos atentos ao mercado e trabalhando para manter o ritmo de crescimento das oportunidades para os goianos. Por isso lan\u00e7amos recentemente o Impulso GO Pequenas Empresas, com R$ 1,3 bilh\u00e3o para investir em capacita\u00e7\u00e3o, cr\u00e9dito e oportunidades para os empres\u00e1rios\u201d, pontua.<br><br><\/p>\n\n\n\n<p><strong>Admiss\u00f5es<\/strong><\/p>\n\n\n\n<p>Na compara\u00e7\u00e3o entre abril de 2024 e abril de 2023, quando o Estado registrou 11.586 novas admiss\u00f5es, a quantidade de empregados com carteira assinada em Goi\u00e1s registrou crescimento de 17,2%. O setor com o maior crescimento absoluto de empregos foi o de servi\u00e7os, com a cria\u00e7\u00e3o de 5.212 novos postos formais de trabalho, seguido pelo setor de constru\u00e7\u00e3o (3.648) e ind\u00fastria (3.507).<br><br><\/p>\n\n\n\n<p>Na varia\u00e7\u00e3o acumulada no ano, o saldo entre admiss\u00f5es (357.891) e desligamentos (300.698) foi de 57.193 novos postos de trabalho criados. O setor de servi\u00e7os se destacou novamente, com 22.119 mil novas vagas.<br><br><\/p>\n\n\n\n<p>A agropecu\u00e1ria registrou um crescimento de 10.855 empregados, enquanto constru\u00e7\u00e3o e ind\u00fastria registraram 9.909 e 9.318, respectivamente. O setor de com\u00e9rcio, por sua vez, foi o que menos gerou empregos em 2024, com a cria\u00e7\u00e3o de 4.994 novas oportunidades.<\/p>\n","protected":false},"excerpt":{"rendered":"<p>O mercado de trabalho em Goi\u00e1s gerou um saldo de 57.193 empregos formais nos primeiros quatro meses do ano de 2024, n\u00famero que supera todo o ano de 2023 quando foram registradas 49.275 novas vagas. O estado tamb\u00e9m apresentou o maior crescimento relativo do estoque de empregados formais do pa\u00eds (3,77%). Goi\u00e1s possui mais de [&hellip;]<\/p>\n","protected":false},"author":2,"featured_media":13404,"comment_status":"open","ping_status":"open","sticky":true,"template":"","format":"standard","meta":{"om_disable_all_campaigns":false,"_monsterinsights_skip_tracking":false,"_monsterinsights_sitenote_active":false,"_monsterinsights_sitenote_note":"","_monsterinsights_sitenote_category":0,"footnotes":""},"categories":[37],"tags":[],"class_list":["post-13403","post","type-post","status-publish","format-standard","has-post-thumbnail","hentry","category-economia"],"yoast_head":"<!-- This site is optimized with the Yoast SEO plugin v27.2 - https:\/\/yoast.com\/product\/yoast-seo-wordpress\/ -->\n<title>Em 4 meses, mercado de trabalho supera contrata\u00e7\u00f5es de 2023 - Jornal Ponto Mais<\/title>\n<meta name=\"robots\" content=\"index, follow, max-snippet:-1, max-image-preview:large, max-video-preview:-1\" \/>\n<link rel=\"canonical\" href=\"https:\/\/jornalpontomais.com\/site\/2024\/05\/30\/em-4-meses-mercado-de-trabalho-supera-contratacoes-de-2023\/\" \/>\n<meta property=\"og:locale\" content=\"pt_BR\" \/>\n<meta property=\"og:type\" content=\"article\" \/>\n<meta property=\"og:title\" content=\"Em 4 meses, mercado de trabalho supera contrata\u00e7\u00f5es de 2023 - Jornal Ponto Mais\" \/>\n<meta property=\"og:description\" content=\"O mercado de trabalho em Goi\u00e1s gerou um saldo de 57.193 empregos formais nos primeiros quatro meses do ano de 2024, n\u00famero que supera todo o ano de 2023 quando foram registradas 49.275 novas vagas. O estado tamb\u00e9m apresentou o maior crescimento relativo do estoque de empregados formais do pa\u00eds (3,77%). Goi\u00e1s possui mais de [&hellip;]\" \/>\n<meta property=\"og:url\" content=\"https:\/\/jornalpontomais.com\/site\/2024\/05\/30\/em-4-meses-mercado-de-trabalho-supera-contratacoes-de-2023\/\" \/>\n<meta property=\"og:site_name\" content=\"Jornal Ponto Mais\" \/>\n<meta property=\"article:published_time\" content=\"2024-05-30T12:06:46+00:00\" \/>\n<meta property=\"og:image\" content=\"https:\/\/jornalpontomais.com\/site\/wp-content\/uploads\/2024\/05\/Carteira-de-trabalho-B-1215x823.jpg.webp\" \/>\n\t<meta property=\"og:image:width\" content=\"1215\" \/>\n\t<meta property=\"og:image:height\" content=\"823\" \/>\n\t<meta property=\"og:image:type\" content=\"image\/webp\" \/>\n<meta name=\"author\" content=\"Jornal Ponto Mais\" \/>\n<meta name=\"twitter:card\" content=\"summary_large_image\" \/>\n<meta name=\"twitter:label1\" content=\"Escrito por\" \/>\n\t<meta name=\"twitter:data1\" content=\"Jornal Ponto Mais\" \/>\n\t<meta name=\"twitter:label2\" content=\"Est. tempo de leitura\" \/>\n\t<meta name=\"twitter:data2\" content=\"2 minutos\" \/>\n<script type=\"application\/ld+json\" class=\"yoast-schema-graph\">{\"@context\":\"https:\/\/schema.org\",\"@graph\":[{\"@type\":\"Article\",\"@id\":\"https:\/\/jornalpontomais.com\/site\/2024\/05\/30\/em-4-meses-mercado-de-trabalho-supera-contratacoes-de-2023\/#article\",\"isPartOf\":{\"@id\":\"https:\/\/jornalpontomais.com\/site\/2024\/05\/30\/em-4-meses-mercado-de-trabalho-supera-contratacoes-de-2023\/\"},\"author\":{\"name\":\"Jornal Ponto Mais\",\"@id\":\"https:\/\/jornalpontomais.com\/site\/#\/schema\/person\/18323f0b0f1355f2490721c48389fe9d\"},\"headline\":\"Em 4 meses, mercado de trabalho supera contrata\u00e7\u00f5es de 2023\",\"datePublished\":\"2024-05-30T12:06:46+00:00\",\"mainEntityOfPage\":{\"@id\":\"https:\/\/jornalpontomais.com\/site\/2024\/05\/30\/em-4-meses-mercado-de-trabalho-supera-contratacoes-de-2023\/\"},\"wordCount\":478,\"commentCount\":0,\"publisher\":{\"@id\":\"https:\/\/jornalpontomais.com\/site\/#organization\"},\"image\":{\"@id\":\"https:\/\/jornalpontomais.com\/site\/2024\/05\/30\/em-4-meses-mercado-de-trabalho-supera-contratacoes-de-2023\/#primaryimage\"},\"thumbnailUrl\":\"https:\/\/jornalpontomais.com\/site\/wp-content\/uploads\/2024\/05\/Carteira-de-trabalho-B-1215x823.jpg.webp\",\"articleSection\":[\"Economia\"],\"inLanguage\":\"pt-BR\",\"potentialAction\":[{\"@type\":\"CommentAction\",\"name\":\"Comment\",\"target\":[\"https:\/\/jornalpontomais.com\/site\/2024\/05\/30\/em-4-meses-mercado-de-trabalho-supera-contratacoes-de-2023\/#respond\"]}]},{\"@type\":\"WebPage\",\"@id\":\"https:\/\/jornalpontomais.com\/site\/2024\/05\/30\/em-4-meses-mercado-de-trabalho-supera-contratacoes-de-2023\/\",\"url\":\"https:\/\/jornalpontomais.com\/site\/2024\/05\/30\/em-4-meses-mercado-de-trabalho-supera-contratacoes-de-2023\/\",\"name\":\"Em 4 meses, mercado de trabalho supera contrata\u00e7\u00f5es de 2023 - Jornal Ponto Mais\",\"isPartOf\":{\"@id\":\"https:\/\/jornalpontomais.com\/site\/#website\"},\"primaryImageOfPage\":{\"@id\":\"https:\/\/jornalpontomais.com\/site\/2024\/05\/30\/em-4-meses-mercado-de-trabalho-supera-contratacoes-de-2023\/#primaryimage\"},\"image\":{\"@id\":\"https:\/\/jornalpontomais.com\/site\/2024\/05\/30\/em-4-meses-mercado-de-trabalho-supera-contratacoes-de-2023\/#primaryimage\"},\"thumbnailUrl\":\"https:\/\/jornalpontomais.com\/site\/wp-content\/uploads\/2024\/05\/Carteira-de-trabalho-B-1215x823.jpg.webp\",\"datePublished\":\"2024-05-30T12:06:46+00:00\",\"breadcrumb\":{\"@id\":\"https:\/\/jornalpontomais.com\/site\/2024\/05\/30\/em-4-meses-mercado-de-trabalho-supera-contratacoes-de-2023\/#breadcrumb\"},\"inLanguage\":\"pt-BR\",\"potentialAction\":[{\"@type\":\"ReadAction\",\"target\":[\"https:\/\/jornalpontomais.com\/site\/2024\/05\/30\/em-4-meses-mercado-de-trabalho-supera-contratacoes-de-2023\/\"]}]},{\"@type\":\"ImageObject\",\"inLanguage\":\"pt-BR\",\"@id\":\"https:\/\/jornalpontomais.com\/site\/2024\/05\/30\/em-4-meses-mercado-de-trabalho-supera-contratacoes-de-2023\/#primaryimage\",\"url\":\"https:\/\/jornalpontomais.com\/site\/wp-content\/uploads\/2024\/05\/Carteira-de-trabalho-B-1215x823.jpg.webp\",\"contentUrl\":\"https:\/\/jornalpontomais.com\/site\/wp-content\/uploads\/2024\/05\/Carteira-de-trabalho-B-1215x823.jpg.webp\",\"width\":1215,\"height\":823},{\"@type\":\"BreadcrumbList\",\"@id\":\"https:\/\/jornalpontomais.com\/site\/2024\/05\/30\/em-4-meses-mercado-de-trabalho-supera-contratacoes-de-2023\/#breadcrumb\",\"itemListElement\":[{\"@type\":\"ListItem\",\"position\":1,\"name\":\"In\u00edcio\",\"item\":\"https:\/\/jornalpontomais.com\/site\/\"},{\"@type\":\"ListItem\",\"position\":2,\"name\":\"Em 4 meses, mercado de trabalho supera contrata\u00e7\u00f5es de 2023\"}]},{\"@type\":\"WebSite\",\"@id\":\"https:\/\/jornalpontomais.com\/site\/#website\",\"url\":\"https:\/\/jornalpontomais.com\/site\/\",\"name\":\"Jornal Ponto Mais\",\"description\":\"As principais not\u00edcias do Brasil e do mundo. Confira!\",\"publisher\":{\"@id\":\"https:\/\/jornalpontomais.com\/site\/#organization\"},\"potentialAction\":[{\"@type\":\"SearchAction\",\"target\":{\"@type\":\"EntryPoint\",\"urlTemplate\":\"https:\/\/jornalpontomais.com\/site\/?s={search_term_string}\"},\"query-input\":{\"@type\":\"PropertyValueSpecification\",\"valueRequired\":true,\"valueName\":\"search_term_string\"}}],\"inLanguage\":\"pt-BR\"},{\"@type\":\"Organization\",\"@id\":\"https:\/\/jornalpontomais.com\/site\/#organization\",\"name\":\"Jornal Ponto+\",\"url\":\"https:\/\/jornalpontomais.com\/site\/\",\"logo\":{\"@type\":\"ImageObject\",\"inLanguage\":\"pt-BR\",\"@id\":\"https:\/\/jornalpontomais.com\/site\/#\/schema\/logo\/image\/\",\"url\":\"https:\/\/jornalpontomais.com\/site\/wp-content\/uploads\/2022\/01\/marca.png\",\"contentUrl\":\"https:\/\/jornalpontomais.com\/site\/wp-content\/uploads\/2022\/01\/marca.png\",\"width\":582,\"height\":148,\"caption\":\"Jornal Ponto+\"},\"image\":{\"@id\":\"https:\/\/jornalpontomais.com\/site\/#\/schema\/logo\/image\/\"}},{\"@type\":\"Person\",\"@id\":\"https:\/\/jornalpontomais.com\/site\/#\/schema\/person\/18323f0b0f1355f2490721c48389fe9d\",\"name\":\"Jornal Ponto Mais\",\"image\":{\"@type\":\"ImageObject\",\"inLanguage\":\"pt-BR\",\"@id\":\"https:\/\/secure.gravatar.com\/avatar\/2ee0a9b7fe10fe32bdec8bc086e871e41eb5f4f6ecbcb7b4f2fe0d92d831405f?s=96&d=mm&r=g\",\"url\":\"https:\/\/secure.gravatar.com\/avatar\/2ee0a9b7fe10fe32bdec8bc086e871e41eb5f4f6ecbcb7b4f2fe0d92d831405f?s=96&d=mm&r=g\",\"contentUrl\":\"https:\/\/secure.gravatar.com\/avatar\/2ee0a9b7fe10fe32bdec8bc086e871e41eb5f4f6ecbcb7b4f2fe0d92d831405f?s=96&d=mm&r=g\",\"caption\":\"Jornal Ponto Mais\"},\"sameAs\":[\"https:\/\/jornalpontomais.com\/site\",\"jornalpontomais\"],\"url\":\"https:\/\/jornalpontomais.com\/site\/author\/jornalpontomais\/\"}]}<\/script>\n<!-- \/ Yoast SEO plugin. -->","yoast_head_json":{"title":"Em 4 meses, mercado de trabalho supera contrata\u00e7\u00f5es de 2023 - Jornal Ponto Mais","robots":{"index":"index","follow":"follow","max-snippet":"max-snippet:-1","max-image-preview":"max-image-preview:large","max-video-preview":"max-video-preview:-1"},"canonical":"https:\/\/jornalpontomais.com\/site\/2024\/05\/30\/em-4-meses-mercado-de-trabalho-supera-contratacoes-de-2023\/","og_locale":"pt_BR","og_type":"article","og_title":"Em 4 meses, mercado de trabalho supera contrata\u00e7\u00f5es de 2023 - Jornal Ponto Mais","og_description":"O mercado de trabalho em Goi\u00e1s gerou um saldo de 57.193 empregos formais nos primeiros quatro meses do ano de 2024, n\u00famero que supera todo o ano de 2023 quando foram registradas 49.275 novas vagas. O estado tamb\u00e9m apresentou o maior crescimento relativo do estoque de empregados formais do pa\u00eds (3,77%). Goi\u00e1s possui mais de [&hellip;]","og_url":"https:\/\/jornalpontomais.com\/site\/2024\/05\/30\/em-4-meses-mercado-de-trabalho-supera-contratacoes-de-2023\/","og_site_name":"Jornal Ponto Mais","article_published_time":"2024-05-30T12:06:46+00:00","og_image":[{"width":1215,"height":823,"url":"https:\/\/jornalpontomais.com\/site\/wp-content\/uploads\/2024\/05\/Carteira-de-trabalho-B-1215x823.jpg.webp","type":"image\/webp"}],"author":"Jornal Ponto Mais","twitter_card":"summary_large_image","twitter_misc":{"Escrito por":"Jornal Ponto Mais","Est. tempo de leitura":"2 minutos"},"schema":{"@context":"https:\/\/schema.org","@graph":[{"@type":"Article","@id":"https:\/\/jornalpontomais.com\/site\/2024\/05\/30\/em-4-meses-mercado-de-trabalho-supera-contratacoes-de-2023\/#article","isPartOf":{"@id":"https:\/\/jornalpontomais.com\/site\/2024\/05\/30\/em-4-meses-mercado-de-trabalho-supera-contratacoes-de-2023\/"},"author":{"name":"Jornal Ponto Mais","@id":"https:\/\/jornalpontomais.com\/site\/#\/schema\/person\/18323f0b0f1355f2490721c48389fe9d"},"headline":"Em 4 meses, mercado de trabalho supera contrata\u00e7\u00f5es de 2023","datePublished":"2024-05-30T12:06:46+00:00","mainEntityOfPage":{"@id":"https:\/\/jornalpontomais.com\/site\/2024\/05\/30\/em-4-meses-mercado-de-trabalho-supera-contratacoes-de-2023\/"},"wordCount":478,"commentCount":0,"publisher":{"@id":"https:\/\/jornalpontomais.com\/site\/#organization"},"image":{"@id":"https:\/\/jornalpontomais.com\/site\/2024\/05\/30\/em-4-meses-mercado-de-trabalho-supera-contratacoes-de-2023\/#primaryimage"},"thumbnailUrl":"https:\/\/jornalpontomais.com\/site\/wp-content\/uploads\/2024\/05\/Carteira-de-trabalho-B-1215x823.jpg.webp","articleSection":["Economia"],"inLanguage":"pt-BR","potentialAction":[{"@type":"CommentAction","name":"Comment","target":["https:\/\/jornalpontomais.com\/site\/2024\/05\/30\/em-4-meses-mercado-de-trabalho-supera-contratacoes-de-2023\/#respond"]}]},{"@type":"WebPage","@id":"https:\/\/jornalpontomais.com\/site\/2024\/05\/30\/em-4-meses-mercado-de-trabalho-supera-contratacoes-de-2023\/","url":"https:\/\/jornalpontomais.com\/site\/2024\/05\/30\/em-4-meses-mercado-de-trabalho-supera-contratacoes-de-2023\/","name":"Em 4 meses, mercado de trabalho supera contrata\u00e7\u00f5es de 2023 - Jornal Ponto Mais","isPartOf":{"@id":"https:\/\/jornalpontomais.com\/site\/#website"},"primaryImageOfPage":{"@id":"https:\/\/jornalpontomais.com\/site\/2024\/05\/30\/em-4-meses-mercado-de-trabalho-supera-contratacoes-de-2023\/#primaryimage"},"image":{"@id":"https:\/\/jornalpontomais.com\/site\/2024\/05\/30\/em-4-meses-mercado-de-trabalho-supera-contratacoes-de-2023\/#primaryimage"},"thumbnailUrl":"https:\/\/jornalpontomais.com\/site\/wp-content\/uploads\/2024\/05\/Carteira-de-trabalho-B-1215x823.jpg.webp","datePublished":"2024-05-30T12:06:46+00:00","breadcrumb":{"@id":"https:\/\/jornalpontomais.com\/site\/2024\/05\/30\/em-4-meses-mercado-de-trabalho-supera-contratacoes-de-2023\/#breadcrumb"},"inLanguage":"pt-BR","potentialAction":[{"@type":"ReadAction","target":["https:\/\/jornalpontomais.com\/site\/2024\/05\/30\/em-4-meses-mercado-de-trabalho-supera-contratacoes-de-2023\/"]}]},{"@type":"ImageObject","inLanguage":"pt-BR","@id":"https:\/\/jornalpontomais.com\/site\/2024\/05\/30\/em-4-meses-mercado-de-trabalho-supera-contratacoes-de-2023\/#primaryimage","url":"https:\/\/jornalpontomais.com\/site\/wp-content\/uploads\/2024\/05\/Carteira-de-trabalho-B-1215x823.jpg.webp","contentUrl":"https:\/\/jornalpontomais.com\/site\/wp-content\/uploads\/2024\/05\/Carteira-de-trabalho-B-1215x823.jpg.webp","width":1215,"height":823},{"@type":"BreadcrumbList","@id":"https:\/\/jornalpontomais.com\/site\/2024\/05\/30\/em-4-meses-mercado-de-trabalho-supera-contratacoes-de-2023\/#breadcrumb","itemListElement":[{"@type":"ListItem","position":1,"name":"In\u00edcio","item":"https:\/\/jornalpontomais.com\/site\/"},{"@type":"ListItem","position":2,"name":"Em 4 meses, mercado de trabalho supera contrata\u00e7\u00f5es de 2023"}]},{"@type":"WebSite","@id":"https:\/\/jornalpontomais.com\/site\/#website","url":"https:\/\/jornalpontomais.com\/site\/","name":"Jornal Ponto Mais","description":"As principais not\u00edcias do Brasil e do mundo. Confira!","publisher":{"@id":"https:\/\/jornalpontomais.com\/site\/#organization"},"potentialAction":[{"@type":"SearchAction","target":{"@type":"EntryPoint","urlTemplate":"https:\/\/jornalpontomais.com\/site\/?s={search_term_string}"},"query-input":{"@type":"PropertyValueSpecification","valueRequired":true,"valueName":"search_term_string"}}],"inLanguage":"pt-BR"},{"@type":"Organization","@id":"https:\/\/jornalpontomais.com\/site\/#organization","name":"Jornal Ponto+","url":"https:\/\/jornalpontomais.com\/site\/","logo":{"@type":"ImageObject","inLanguage":"pt-BR","@id":"https:\/\/jornalpontomais.com\/site\/#\/schema\/logo\/image\/","url":"https:\/\/jornalpontomais.com\/site\/wp-content\/uploads\/2022\/01\/marca.png","contentUrl":"https:\/\/jornalpontomais.com\/site\/wp-content\/uploads\/2022\/01\/marca.png","width":582,"height":148,"caption":"Jornal Ponto+"},"image":{"@id":"https:\/\/jornalpontomais.com\/site\/#\/schema\/logo\/image\/"}},{"@type":"Person","@id":"https:\/\/jornalpontomais.com\/site\/#\/schema\/person\/18323f0b0f1355f2490721c48389fe9d","name":"Jornal Ponto Mais","image":{"@type":"ImageObject","inLanguage":"pt-BR","@id":"https:\/\/secure.gravatar.com\/avatar\/2ee0a9b7fe10fe32bdec8bc086e871e41eb5f4f6ecbcb7b4f2fe0d92d831405f?s=96&d=mm&r=g","url":"https:\/\/secure.gravatar.com\/avatar\/2ee0a9b7fe10fe32bdec8bc086e871e41eb5f4f6ecbcb7b4f2fe0d92d831405f?s=96&d=mm&r=g","contentUrl":"https:\/\/secure.gravatar.com\/avatar\/2ee0a9b7fe10fe32bdec8bc086e871e41eb5f4f6ecbcb7b4f2fe0d92d831405f?s=96&d=mm&r=g","caption":"Jornal Ponto Mais"},"sameAs":["https:\/\/jornalpontomais.com\/site","jornalpontomais"],"url":"https:\/\/jornalpontomais.com\/site\/author\/jornalpontomais\/"}]}},"_links":{"self":[{"href":"https:\/\/jornalpontomais.com\/site\/wp-json\/wp\/v2\/posts\/13403","targetHints":{"allow":["GET"]}}],"collection":[{"href":"https:\/\/jornalpontomais.com\/site\/wp-json\/wp\/v2\/posts"}],"about":[{"href":"https:\/\/jornalpontomais.com\/site\/wp-json\/wp\/v2\/types\/post"}],"author":[{"embeddable":true,"href":"https:\/\/jornalpontomais.com\/site\/wp-json\/wp\/v2\/users\/2"}],"replies":[{"embeddable":true,"href":"https:\/\/jornalpontomais.com\/site\/wp-json\/wp\/v2\/comments?post=13403"}],"version-history":[{"count":1,"href":"https:\/\/jornalpontomais.com\/site\/wp-json\/wp\/v2\/posts\/13403\/revisions"}],"predecessor-version":[{"id":13405,"href":"https:\/\/jornalpontomais.com\/site\/wp-json\/wp\/v2\/posts\/13403\/revisions\/13405"}],"wp:featuredmedia":[{"embeddable":true,"href":"https:\/\/jornalpontomais.com\/site\/wp-json\/wp\/v2\/media\/13404"}],"wp:attachment":[{"href":"https:\/\/jornalpontomais.com\/site\/wp-json\/wp\/v2\/media?parent=13403"}],"wp:term":[{"taxonomy":"category","embeddable":true,"href":"https:\/\/jornalpontomais.com\/site\/wp-json\/wp\/v2\/categories?post=13403"},{"taxonomy":"post_tag","embeddable":true,"href":"https:\/\/jornalpontomais.com\/site\/wp-json\/wp\/v2\/tags?post=13403"}],"curies":[{"name":"wp","href":"https:\/\/api.w.org\/{rel}","templated":true}]}}