{"id":13391,"date":"2024-05-29T09:10:57","date_gmt":"2024-05-29T12:10:57","guid":{"rendered":"https:\/\/jornalpontomais.com\/site\/?p=13391"},"modified":"2024-05-29T09:10:58","modified_gmt":"2024-05-29T12:10:58","slug":"fluminense-recebe-alianza-lima-no-maracana-pela-copa-libertadores","status":"publish","type":"post","link":"https:\/\/jornalpontomais.com\/site\/2024\/05\/29\/fluminense-recebe-alianza-lima-no-maracana-pela-copa-libertadores\/","title":{"rendered":"Fluminense recebe Alianza Lima no Maracan\u00e3 pela Copa Libertadores"},"content":{"rendered":"\n<p>J\u00e1 classificado para as oitavas de final da Copa Libertadores como l\u00edder do Grupo A, o Fluminense recebe o Alianza Lima (Peru), a partir das 21h30 (hor\u00e1rio de Bras\u00edlia) desta quarta-feira (29) no est\u00e1dio do Maracan\u00e3, para tentar encerrar a primeira fase da competi\u00e7\u00e3o na melhor posi\u00e7\u00e3o poss\u00edvel na classifica\u00e7\u00e3o geral. <br><br><\/p>\n\n\n\n<p>A equipe comandada pelo t\u00e9cnico Fernando Diniz ocupa a primeira op\u00e7\u00e3o de sua chave com 11 pontos conquistados. Cerro Porte\u00f1o (Paraguai) e Colo-Colo (Chile) aparecem na vice-lideran\u00e7a, com apenas cinco pontos, enquanto o time peruano \u00e9 o lanterna com quatro pontos.<\/p>\n\n\n\n<figure class=\"wp-block-embed is-type-rich is-provider-twitter wp-block-embed-twitter\"><div class=\"wp-block-embed__wrapper\">\n<blockquote class=\"twitter-tweet\" data-width=\"550\" data-dnt=\"true\"><p lang=\"pt\" dir=\"ltr\">Dia CONCLU\u00cdDO! Quarta tem <a href=\"https:\/\/twitter.com\/LibertadoresBR?ref_src=twsrc%5Etfw\">@LibertadoresBR<\/a>! <br><br>\ud83d\udcf8: Marcelo Gon\u00e7alves\/FFC <a href=\"https:\/\/t.co\/gQGOVNzRlH\">pic.twitter.com\/gQGOVNzRlH<\/a><\/p>&mdash; Fluminense F.C. (@FluminenseFC) <a href=\"https:\/\/twitter.com\/FluminenseFC\/status\/1795131600948138486?ref_src=twsrc%5Etfw\">May 27, 2024<\/a><\/blockquote><script async src=\"https:\/\/platform.twitter.com\/widgets.js\" charset=\"utf-8\"><\/script>\n<\/div><\/figure>\n\n\n\n<p>Para a partida a equipe das Laranjeiras conta com retornos importantes. O lateral Samuel Xavier, os zagueiros Manoel e Marlon e os atacantes Marquinhos e Douglas Costa se recuperaram de problemas m\u00e9dicos e podem aparecer na equipe titular.<br><br><\/p>\n\n\n\n<p>Considerando estes retornos e as \u00faltimas escala\u00e7\u00f5es do Fluminense, o t\u00e9cnico Fernando Diniz tende a optar pela seguinte escala\u00e7\u00e3o: F\u00e1bio; Guga (Marquinhos), Felipe Melo, Martinelli e Marcelo; Alexsander, Lima e Ganso; Arias, Keno (Marquinhos) e Cano.<br><br><\/p>\n\n\n\n<p>A equipe das Laranjeiras chega motivada ao confronto, pois vem de duas vit\u00f3rias consecutivas, de 2 a 0 sobre o Sampaio Corr\u00eaa (pela Copa do Brasil) e de 2 a 1 sobre o Cerro Porte\u00f1o (pela Libertadores).<br><br><\/p>\n\n\n\n<p>J\u00e1 o Alianza Lima tem a obriga\u00e7\u00e3o de vencer para continuar lutando pela classifica\u00e7\u00e3o. Por\u00e9m, a equipe peruana chega ap\u00f3s um resultado negativo pelo Campeonato Peruano, um rev\u00e9s de 3 a 0 para o Cusco.<\/p>\n\n\n\n<figure class=\"wp-block-embed is-type-rich is-provider-twitter wp-block-embed-twitter\"><div class=\"wp-block-embed__wrapper\">\n<blockquote class=\"twitter-tweet\" data-width=\"550\" data-dnt=\"true\"><p lang=\"pt\" dir=\"ltr\">\u00a1\ud835\udc36\ud835\udc5c\ud835\udc5a \ud835\udc61\ud835\udc62\ud835\udc51\ud835\udc5c, \ud835\udc52\ud835\udc5e\ud835\udc62\ud835\udc56\ud835\udc5d\ud835\udc52! \ud83d\udc4f\ud83c\udffe\ud83d\udcaa\ud83c\udffe\ud83d\udc99<a href=\"https:\/\/twitter.com\/hashtag\/ComprometidosConElALiento?src=hash&amp;ref_src=twsrc%5Etfw\">#ComprometidosConElALiento<\/a><a href=\"https:\/\/twitter.com\/hashtag\/ConAlianzaSiempre?src=hash&amp;ref_src=twsrc%5Etfw\">#ConAlianzaSiempre<\/a> <a href=\"https:\/\/t.co\/tyIrN8mnEF\">pic.twitter.com\/tyIrN8mnEF<\/a><\/p>&mdash; Club Alianza Lima (@ClubALoficial) <a href=\"https:\/\/twitter.com\/ClubALoficial\/status\/1795578320824017204?ref_src=twsrc%5Etfw\">May 28, 2024<\/a><\/blockquote><script async src=\"https:\/\/platform.twitter.com\/widgets.js\" charset=\"utf-8\"><\/script>\n<\/div><\/figure>\n","protected":false},"excerpt":{"rendered":"<p>J\u00e1 classificado para as oitavas de final da Copa Libertadores como l\u00edder do Grupo A, o Fluminense recebe o Alianza Lima (Peru), a partir das 21h30 (hor\u00e1rio de Bras\u00edlia) desta quarta-feira (29) no est\u00e1dio do Maracan\u00e3, para tentar encerrar a primeira fase da competi\u00e7\u00e3o na melhor posi\u00e7\u00e3o poss\u00edvel na classifica\u00e7\u00e3o geral. A equipe comandada pelo [&hellip;]<\/p>\n","protected":false},"author":2,"featured_media":13392,"comment_status":"open","ping_status":"open","sticky":true,"template":"","format":"standard","meta":{"om_disable_all_campaigns":false,"_monsterinsights_skip_tracking":false,"_monsterinsights_sitenote_active":false,"_monsterinsights_sitenote_note":"","_monsterinsights_sitenote_category":0,"footnotes":""},"categories":[4],"tags":[],"class_list":["post-13391","post","type-post","status-publish","format-standard","has-post-thumbnail","hentry","category-esporte"],"yoast_head":"<!-- This site is optimized with the Yoast SEO plugin v27.2 - https:\/\/yoast.com\/product\/yoast-seo-wordpress\/ -->\n<title>Fluminense recebe Alianza Lima no Maracan\u00e3 pela Copa Libertadores - Jornal Ponto Mais<\/title>\n<meta name=\"robots\" content=\"index, follow, max-snippet:-1, max-image-preview:large, max-video-preview:-1\" \/>\n<link rel=\"canonical\" href=\"https:\/\/jornalpontomais.com\/site\/2024\/05\/29\/fluminense-recebe-alianza-lima-no-maracana-pela-copa-libertadores\/\" \/>\n<meta property=\"og:locale\" content=\"pt_BR\" \/>\n<meta property=\"og:type\" content=\"article\" \/>\n<meta property=\"og:title\" content=\"Fluminense recebe Alianza Lima no Maracan\u00e3 pela Copa Libertadores - Jornal Ponto Mais\" \/>\n<meta property=\"og:description\" content=\"J\u00e1 classificado para as oitavas de final da Copa Libertadores como l\u00edder do Grupo A, o Fluminense recebe o Alianza Lima (Peru), a partir das 21h30 (hor\u00e1rio de Bras\u00edlia) desta quarta-feira (29) no est\u00e1dio do Maracan\u00e3, para tentar encerrar a primeira fase da competi\u00e7\u00e3o na melhor posi\u00e7\u00e3o poss\u00edvel na classifica\u00e7\u00e3o geral. A equipe comandada pelo [&hellip;]\" \/>\n<meta property=\"og:url\" content=\"https:\/\/jornalpontomais.com\/site\/2024\/05\/29\/fluminense-recebe-alianza-lima-no-maracana-pela-copa-libertadores\/\" \/>\n<meta property=\"og:site_name\" content=\"Jornal Ponto Mais\" \/>\n<meta property=\"article:published_time\" content=\"2024-05-29T12:10:57+00:00\" \/>\n<meta property=\"article:modified_time\" content=\"2024-05-29T12:10:58+00:00\" \/>\n<meta property=\"og:image\" content=\"https:\/\/jornalpontomais.com\/site\/wp-content\/uploads\/2024\/05\/53630683483_246191293d_o.webp\" \/>\n\t<meta property=\"og:image:width\" content=\"1170\" \/>\n\t<meta property=\"og:image:height\" content=\"700\" \/>\n\t<meta property=\"og:image:type\" content=\"image\/webp\" \/>\n<meta name=\"author\" content=\"Jornal Ponto Mais\" \/>\n<meta name=\"twitter:card\" content=\"summary_large_image\" \/>\n<meta name=\"twitter:label1\" content=\"Escrito por\" \/>\n\t<meta name=\"twitter:data1\" content=\"Jornal Ponto Mais\" \/>\n\t<meta name=\"twitter:label2\" content=\"Est. tempo de leitura\" \/>\n\t<meta name=\"twitter:data2\" content=\"1 minuto\" \/>\n<script type=\"application\/ld+json\" class=\"yoast-schema-graph\">{\"@context\":\"https:\/\/schema.org\",\"@graph\":[{\"@type\":\"Article\",\"@id\":\"https:\/\/jornalpontomais.com\/site\/2024\/05\/29\/fluminense-recebe-alianza-lima-no-maracana-pela-copa-libertadores\/#article\",\"isPartOf\":{\"@id\":\"https:\/\/jornalpontomais.com\/site\/2024\/05\/29\/fluminense-recebe-alianza-lima-no-maracana-pela-copa-libertadores\/\"},\"author\":{\"name\":\"Jornal Ponto Mais\",\"@id\":\"https:\/\/jornalpontomais.com\/site\/#\/schema\/person\/18323f0b0f1355f2490721c48389fe9d\"},\"headline\":\"Fluminense recebe Alianza Lima no Maracan\u00e3 pela Copa Libertadores\",\"datePublished\":\"2024-05-29T12:10:57+00:00\",\"dateModified\":\"2024-05-29T12:10:58+00:00\",\"mainEntityOfPage\":{\"@id\":\"https:\/\/jornalpontomais.com\/site\/2024\/05\/29\/fluminense-recebe-alianza-lima-no-maracana-pela-copa-libertadores\/\"},\"wordCount\":273,\"commentCount\":0,\"publisher\":{\"@id\":\"https:\/\/jornalpontomais.com\/site\/#organization\"},\"image\":{\"@id\":\"https:\/\/jornalpontomais.com\/site\/2024\/05\/29\/fluminense-recebe-alianza-lima-no-maracana-pela-copa-libertadores\/#primaryimage\"},\"thumbnailUrl\":\"https:\/\/jornalpontomais.com\/site\/wp-content\/uploads\/2024\/05\/53630683483_246191293d_o.webp\",\"articleSection\":[\"Esporte\"],\"inLanguage\":\"pt-BR\",\"potentialAction\":[{\"@type\":\"CommentAction\",\"name\":\"Comment\",\"target\":[\"https:\/\/jornalpontomais.com\/site\/2024\/05\/29\/fluminense-recebe-alianza-lima-no-maracana-pela-copa-libertadores\/#respond\"]}]},{\"@type\":\"WebPage\",\"@id\":\"https:\/\/jornalpontomais.com\/site\/2024\/05\/29\/fluminense-recebe-alianza-lima-no-maracana-pela-copa-libertadores\/\",\"url\":\"https:\/\/jornalpontomais.com\/site\/2024\/05\/29\/fluminense-recebe-alianza-lima-no-maracana-pela-copa-libertadores\/\",\"name\":\"Fluminense recebe Alianza Lima no Maracan\u00e3 pela Copa Libertadores - Jornal Ponto Mais\",\"isPartOf\":{\"@id\":\"https:\/\/jornalpontomais.com\/site\/#website\"},\"primaryImageOfPage\":{\"@id\":\"https:\/\/jornalpontomais.com\/site\/2024\/05\/29\/fluminense-recebe-alianza-lima-no-maracana-pela-copa-libertadores\/#primaryimage\"},\"image\":{\"@id\":\"https:\/\/jornalpontomais.com\/site\/2024\/05\/29\/fluminense-recebe-alianza-lima-no-maracana-pela-copa-libertadores\/#primaryimage\"},\"thumbnailUrl\":\"https:\/\/jornalpontomais.com\/site\/wp-content\/uploads\/2024\/05\/53630683483_246191293d_o.webp\",\"datePublished\":\"2024-05-29T12:10:57+00:00\",\"dateModified\":\"2024-05-29T12:10:58+00:00\",\"breadcrumb\":{\"@id\":\"https:\/\/jornalpontomais.com\/site\/2024\/05\/29\/fluminense-recebe-alianza-lima-no-maracana-pela-copa-libertadores\/#breadcrumb\"},\"inLanguage\":\"pt-BR\",\"potentialAction\":[{\"@type\":\"ReadAction\",\"target\":[\"https:\/\/jornalpontomais.com\/site\/2024\/05\/29\/fluminense-recebe-alianza-lima-no-maracana-pela-copa-libertadores\/\"]}]},{\"@type\":\"ImageObject\",\"inLanguage\":\"pt-BR\",\"@id\":\"https:\/\/jornalpontomais.com\/site\/2024\/05\/29\/fluminense-recebe-alianza-lima-no-maracana-pela-copa-libertadores\/#primaryimage\",\"url\":\"https:\/\/jornalpontomais.com\/site\/wp-content\/uploads\/2024\/05\/53630683483_246191293d_o.webp\",\"contentUrl\":\"https:\/\/jornalpontomais.com\/site\/wp-content\/uploads\/2024\/05\/53630683483_246191293d_o.webp\",\"width\":1170,\"height\":700},{\"@type\":\"BreadcrumbList\",\"@id\":\"https:\/\/jornalpontomais.com\/site\/2024\/05\/29\/fluminense-recebe-alianza-lima-no-maracana-pela-copa-libertadores\/#breadcrumb\",\"itemListElement\":[{\"@type\":\"ListItem\",\"position\":1,\"name\":\"In\u00edcio\",\"item\":\"https:\/\/jornalpontomais.com\/site\/\"},{\"@type\":\"ListItem\",\"position\":2,\"name\":\"Fluminense recebe Alianza Lima no Maracan\u00e3 pela Copa Libertadores\"}]},{\"@type\":\"WebSite\",\"@id\":\"https:\/\/jornalpontomais.com\/site\/#website\",\"url\":\"https:\/\/jornalpontomais.com\/site\/\",\"name\":\"Jornal Ponto Mais\",\"description\":\"As principais not\u00edcias do Brasil e do mundo. Confira!\",\"publisher\":{\"@id\":\"https:\/\/jornalpontomais.com\/site\/#organization\"},\"potentialAction\":[{\"@type\":\"SearchAction\",\"target\":{\"@type\":\"EntryPoint\",\"urlTemplate\":\"https:\/\/jornalpontomais.com\/site\/?s={search_term_string}\"},\"query-input\":{\"@type\":\"PropertyValueSpecification\",\"valueRequired\":true,\"valueName\":\"search_term_string\"}}],\"inLanguage\":\"pt-BR\"},{\"@type\":\"Organization\",\"@id\":\"https:\/\/jornalpontomais.com\/site\/#organization\",\"name\":\"Jornal Ponto+\",\"url\":\"https:\/\/jornalpontomais.com\/site\/\",\"logo\":{\"@type\":\"ImageObject\",\"inLanguage\":\"pt-BR\",\"@id\":\"https:\/\/jornalpontomais.com\/site\/#\/schema\/logo\/image\/\",\"url\":\"https:\/\/jornalpontomais.com\/site\/wp-content\/uploads\/2022\/01\/marca.png\",\"contentUrl\":\"https:\/\/jornalpontomais.com\/site\/wp-content\/uploads\/2022\/01\/marca.png\",\"width\":582,\"height\":148,\"caption\":\"Jornal Ponto+\"},\"image\":{\"@id\":\"https:\/\/jornalpontomais.com\/site\/#\/schema\/logo\/image\/\"}},{\"@type\":\"Person\",\"@id\":\"https:\/\/jornalpontomais.com\/site\/#\/schema\/person\/18323f0b0f1355f2490721c48389fe9d\",\"name\":\"Jornal Ponto Mais\",\"image\":{\"@type\":\"ImageObject\",\"inLanguage\":\"pt-BR\",\"@id\":\"https:\/\/secure.gravatar.com\/avatar\/2ee0a9b7fe10fe32bdec8bc086e871e41eb5f4f6ecbcb7b4f2fe0d92d831405f?s=96&d=mm&r=g\",\"url\":\"https:\/\/secure.gravatar.com\/avatar\/2ee0a9b7fe10fe32bdec8bc086e871e41eb5f4f6ecbcb7b4f2fe0d92d831405f?s=96&d=mm&r=g\",\"contentUrl\":\"https:\/\/secure.gravatar.com\/avatar\/2ee0a9b7fe10fe32bdec8bc086e871e41eb5f4f6ecbcb7b4f2fe0d92d831405f?s=96&d=mm&r=g\",\"caption\":\"Jornal Ponto Mais\"},\"sameAs\":[\"https:\/\/jornalpontomais.com\/site\",\"jornalpontomais\"],\"url\":\"https:\/\/jornalpontomais.com\/site\/author\/jornalpontomais\/\"}]}<\/script>\n<!-- \/ Yoast SEO plugin. -->","yoast_head_json":{"title":"Fluminense recebe Alianza Lima no Maracan\u00e3 pela Copa Libertadores - Jornal Ponto Mais","robots":{"index":"index","follow":"follow","max-snippet":"max-snippet:-1","max-image-preview":"max-image-preview:large","max-video-preview":"max-video-preview:-1"},"canonical":"https:\/\/jornalpontomais.com\/site\/2024\/05\/29\/fluminense-recebe-alianza-lima-no-maracana-pela-copa-libertadores\/","og_locale":"pt_BR","og_type":"article","og_title":"Fluminense recebe Alianza Lima no Maracan\u00e3 pela Copa Libertadores - Jornal Ponto Mais","og_description":"J\u00e1 classificado para as oitavas de final da Copa Libertadores como l\u00edder do Grupo A, o Fluminense recebe o Alianza Lima (Peru), a partir das 21h30 (hor\u00e1rio de Bras\u00edlia) desta quarta-feira (29) no est\u00e1dio do Maracan\u00e3, para tentar encerrar a primeira fase da competi\u00e7\u00e3o na melhor posi\u00e7\u00e3o poss\u00edvel na classifica\u00e7\u00e3o geral. A equipe comandada pelo [&hellip;]","og_url":"https:\/\/jornalpontomais.com\/site\/2024\/05\/29\/fluminense-recebe-alianza-lima-no-maracana-pela-copa-libertadores\/","og_site_name":"Jornal Ponto Mais","article_published_time":"2024-05-29T12:10:57+00:00","article_modified_time":"2024-05-29T12:10:58+00:00","og_image":[{"width":1170,"height":700,"url":"https:\/\/jornalpontomais.com\/site\/wp-content\/uploads\/2024\/05\/53630683483_246191293d_o.webp","type":"image\/webp"}],"author":"Jornal Ponto Mais","twitter_card":"summary_large_image","twitter_misc":{"Escrito por":"Jornal Ponto Mais","Est. tempo de leitura":"1 minuto"},"schema":{"@context":"https:\/\/schema.org","@graph":[{"@type":"Article","@id":"https:\/\/jornalpontomais.com\/site\/2024\/05\/29\/fluminense-recebe-alianza-lima-no-maracana-pela-copa-libertadores\/#article","isPartOf":{"@id":"https:\/\/jornalpontomais.com\/site\/2024\/05\/29\/fluminense-recebe-alianza-lima-no-maracana-pela-copa-libertadores\/"},"author":{"name":"Jornal Ponto Mais","@id":"https:\/\/jornalpontomais.com\/site\/#\/schema\/person\/18323f0b0f1355f2490721c48389fe9d"},"headline":"Fluminense recebe Alianza Lima no Maracan\u00e3 pela Copa Libertadores","datePublished":"2024-05-29T12:10:57+00:00","dateModified":"2024-05-29T12:10:58+00:00","mainEntityOfPage":{"@id":"https:\/\/jornalpontomais.com\/site\/2024\/05\/29\/fluminense-recebe-alianza-lima-no-maracana-pela-copa-libertadores\/"},"wordCount":273,"commentCount":0,"publisher":{"@id":"https:\/\/jornalpontomais.com\/site\/#organization"},"image":{"@id":"https:\/\/jornalpontomais.com\/site\/2024\/05\/29\/fluminense-recebe-alianza-lima-no-maracana-pela-copa-libertadores\/#primaryimage"},"thumbnailUrl":"https:\/\/jornalpontomais.com\/site\/wp-content\/uploads\/2024\/05\/53630683483_246191293d_o.webp","articleSection":["Esporte"],"inLanguage":"pt-BR","potentialAction":[{"@type":"CommentAction","name":"Comment","target":["https:\/\/jornalpontomais.com\/site\/2024\/05\/29\/fluminense-recebe-alianza-lima-no-maracana-pela-copa-libertadores\/#respond"]}]},{"@type":"WebPage","@id":"https:\/\/jornalpontomais.com\/site\/2024\/05\/29\/fluminense-recebe-alianza-lima-no-maracana-pela-copa-libertadores\/","url":"https:\/\/jornalpontomais.com\/site\/2024\/05\/29\/fluminense-recebe-alianza-lima-no-maracana-pela-copa-libertadores\/","name":"Fluminense recebe Alianza Lima no Maracan\u00e3 pela Copa Libertadores - Jornal Ponto Mais","isPartOf":{"@id":"https:\/\/jornalpontomais.com\/site\/#website"},"primaryImageOfPage":{"@id":"https:\/\/jornalpontomais.com\/site\/2024\/05\/29\/fluminense-recebe-alianza-lima-no-maracana-pela-copa-libertadores\/#primaryimage"},"image":{"@id":"https:\/\/jornalpontomais.com\/site\/2024\/05\/29\/fluminense-recebe-alianza-lima-no-maracana-pela-copa-libertadores\/#primaryimage"},"thumbnailUrl":"https:\/\/jornalpontomais.com\/site\/wp-content\/uploads\/2024\/05\/53630683483_246191293d_o.webp","datePublished":"2024-05-29T12:10:57+00:00","dateModified":"2024-05-29T12:10:58+00:00","breadcrumb":{"@id":"https:\/\/jornalpontomais.com\/site\/2024\/05\/29\/fluminense-recebe-alianza-lima-no-maracana-pela-copa-libertadores\/#breadcrumb"},"inLanguage":"pt-BR","potentialAction":[{"@type":"ReadAction","target":["https:\/\/jornalpontomais.com\/site\/2024\/05\/29\/fluminense-recebe-alianza-lima-no-maracana-pela-copa-libertadores\/"]}]},{"@type":"ImageObject","inLanguage":"pt-BR","@id":"https:\/\/jornalpontomais.com\/site\/2024\/05\/29\/fluminense-recebe-alianza-lima-no-maracana-pela-copa-libertadores\/#primaryimage","url":"https:\/\/jornalpontomais.com\/site\/wp-content\/uploads\/2024\/05\/53630683483_246191293d_o.webp","contentUrl":"https:\/\/jornalpontomais.com\/site\/wp-content\/uploads\/2024\/05\/53630683483_246191293d_o.webp","width":1170,"height":700},{"@type":"BreadcrumbList","@id":"https:\/\/jornalpontomais.com\/site\/2024\/05\/29\/fluminense-recebe-alianza-lima-no-maracana-pela-copa-libertadores\/#breadcrumb","itemListElement":[{"@type":"ListItem","position":1,"name":"In\u00edcio","item":"https:\/\/jornalpontomais.com\/site\/"},{"@type":"ListItem","position":2,"name":"Fluminense recebe Alianza Lima no Maracan\u00e3 pela Copa Libertadores"}]},{"@type":"WebSite","@id":"https:\/\/jornalpontomais.com\/site\/#website","url":"https:\/\/jornalpontomais.com\/site\/","name":"Jornal Ponto Mais","description":"As principais not\u00edcias do Brasil e do mundo. Confira!","publisher":{"@id":"https:\/\/jornalpontomais.com\/site\/#organization"},"potentialAction":[{"@type":"SearchAction","target":{"@type":"EntryPoint","urlTemplate":"https:\/\/jornalpontomais.com\/site\/?s={search_term_string}"},"query-input":{"@type":"PropertyValueSpecification","valueRequired":true,"valueName":"search_term_string"}}],"inLanguage":"pt-BR"},{"@type":"Organization","@id":"https:\/\/jornalpontomais.com\/site\/#organization","name":"Jornal Ponto+","url":"https:\/\/jornalpontomais.com\/site\/","logo":{"@type":"ImageObject","inLanguage":"pt-BR","@id":"https:\/\/jornalpontomais.com\/site\/#\/schema\/logo\/image\/","url":"https:\/\/jornalpontomais.com\/site\/wp-content\/uploads\/2022\/01\/marca.png","contentUrl":"https:\/\/jornalpontomais.com\/site\/wp-content\/uploads\/2022\/01\/marca.png","width":582,"height":148,"caption":"Jornal Ponto+"},"image":{"@id":"https:\/\/jornalpontomais.com\/site\/#\/schema\/logo\/image\/"}},{"@type":"Person","@id":"https:\/\/jornalpontomais.com\/site\/#\/schema\/person\/18323f0b0f1355f2490721c48389fe9d","name":"Jornal Ponto Mais","image":{"@type":"ImageObject","inLanguage":"pt-BR","@id":"https:\/\/secure.gravatar.com\/avatar\/2ee0a9b7fe10fe32bdec8bc086e871e41eb5f4f6ecbcb7b4f2fe0d92d831405f?s=96&d=mm&r=g","url":"https:\/\/secure.gravatar.com\/avatar\/2ee0a9b7fe10fe32bdec8bc086e871e41eb5f4f6ecbcb7b4f2fe0d92d831405f?s=96&d=mm&r=g","contentUrl":"https:\/\/secure.gravatar.com\/avatar\/2ee0a9b7fe10fe32bdec8bc086e871e41eb5f4f6ecbcb7b4f2fe0d92d831405f?s=96&d=mm&r=g","caption":"Jornal Ponto Mais"},"sameAs":["https:\/\/jornalpontomais.com\/site","jornalpontomais"],"url":"https:\/\/jornalpontomais.com\/site\/author\/jornalpontomais\/"}]}},"_links":{"self":[{"href":"https:\/\/jornalpontomais.com\/site\/wp-json\/wp\/v2\/posts\/13391","targetHints":{"allow":["GET"]}}],"collection":[{"href":"https:\/\/jornalpontomais.com\/site\/wp-json\/wp\/v2\/posts"}],"about":[{"href":"https:\/\/jornalpontomais.com\/site\/wp-json\/wp\/v2\/types\/post"}],"author":[{"embeddable":true,"href":"https:\/\/jornalpontomais.com\/site\/wp-json\/wp\/v2\/users\/2"}],"replies":[{"embeddable":true,"href":"https:\/\/jornalpontomais.com\/site\/wp-json\/wp\/v2\/comments?post=13391"}],"version-history":[{"count":1,"href":"https:\/\/jornalpontomais.com\/site\/wp-json\/wp\/v2\/posts\/13391\/revisions"}],"predecessor-version":[{"id":13393,"href":"https:\/\/jornalpontomais.com\/site\/wp-json\/wp\/v2\/posts\/13391\/revisions\/13393"}],"wp:featuredmedia":[{"embeddable":true,"href":"https:\/\/jornalpontomais.com\/site\/wp-json\/wp\/v2\/media\/13392"}],"wp:attachment":[{"href":"https:\/\/jornalpontomais.com\/site\/wp-json\/wp\/v2\/media?parent=13391"}],"wp:term":[{"taxonomy":"category","embeddable":true,"href":"https:\/\/jornalpontomais.com\/site\/wp-json\/wp\/v2\/categories?post=13391"},{"taxonomy":"post_tag","embeddable":true,"href":"https:\/\/jornalpontomais.com\/site\/wp-json\/wp\/v2\/tags?post=13391"}],"curies":[{"name":"wp","href":"https:\/\/api.w.org\/{rel}","templated":true}]}}