{"id":13378,"date":"2024-05-28T09:40:02","date_gmt":"2024-05-28T12:40:02","guid":{"rendered":"https:\/\/jornalpontomais.com\/site\/?p=13378"},"modified":"2024-05-28T09:40:03","modified_gmt":"2024-05-28T12:40:03","slug":"mais-de-10-milhoes-de-pessoas-ainda-nao-entregaram-declaracao-do-ir","status":"publish","type":"post","link":"https:\/\/jornalpontomais.com\/site\/2024\/05\/28\/mais-de-10-milhoes-de-pessoas-ainda-nao-entregaram-declaracao-do-ir\/","title":{"rendered":"Mais de 10 milh\u00f5es de pessoas ainda n\u00e3o entregaram declara\u00e7\u00e3o do IR"},"content":{"rendered":"\n<p>Faltando quatro dias para o t\u00e9rmino do prazo de entrega da declara\u00e7\u00e3o do Imposto de Renda Pessoa F\u00edsica, mais de 10 milh\u00f5es de brasileiros ainda n\u00e3o regularizaram sua situa\u00e7\u00e3o com o Le\u00e3o. At\u00e9 as 17h46 desta segunda-feira (27), a Receita Federal havia recebido 33.241.079 declara\u00e7\u00f5es, o que corresponde a 77,3% das 43 milh\u00f5es esperadas para este ano.<br> <br><\/p>\n\n\n\n<p>O prazo para a entrega das declara\u00e7\u00f5es come\u00e7ou \u00e0s 8h de 15 de mar\u00e7o e se estende at\u00e9 as 23h59min59s de 31 de maio. Segundo a Receita, a extens\u00e3o do prazo foi necess\u00e1ria para que todos os contribuintes tivessem acesso \u00e0 declara\u00e7\u00e3o pr\u00e9-preenchida, disponibilizada duas semanas ap\u00f3s a entrega dos informes de rendimentos pelos empregadores, planos de sa\u00fade e institui\u00e7\u00f5es financeiras.<br><br><\/p>\n\n\n\n<p>Conforme os dados da Receita Federal, 65,1% das declara\u00e7\u00f5es entregues at\u00e9 agora indicam que os contribuintes ter\u00e3o direito \u00e0 restitui\u00e7\u00e3o, 19% dever\u00e3o pagar Imposto de Renda e 15,8% n\u00e3o ter\u00e3o imposto a pagar nem a receber. A maioria das declara\u00e7\u00f5es foi preenchida usando o programa de computador (81,7%), enquanto 10,7% dos contribuintes optaram pelo preenchimento online, salvando o rascunho da declara\u00e7\u00e3o na nuvem da Receita, e 7,6% usaram o aplicativo Meu Imposto de Renda.<br><br><\/p>\n\n\n\n<p>Um total de 40,3% dos contribuintes que entregaram a declara\u00e7\u00e3o usaram a vers\u00e3o pr\u00e9-preenchida, onde o declarante baixa uma vers\u00e3o preliminar do documento e confirma ou corrige as informa\u00e7\u00f5es. A op\u00e7\u00e3o pelo desconto simplificado representa 57,1% das declara\u00e7\u00f5es enviadas.<br><br><\/p>\n\n\n\n<p>Os contribuintes que declararam mais cedo e est\u00e3o na lista de prioridades est\u00e3o prestes a receber o primeiro lote de restitui\u00e7\u00e3o. No pr\u00f3ximo dia 31, a Receita pagar\u00e1 R$ 9,5 bilh\u00f5es a 5.562.065 contribuintes. A consulta j\u00e1 pode ser feita desde as 10h da \u00faltima quinta-feira.<br><br><\/p>\n\n\n\n<p><strong>Novo prazo<\/strong><\/p>\n\n\n\n<p>At\u00e9 2019, o prazo de entrega da declara\u00e7\u00e3o ia do primeiro dia \u00fatil de mar\u00e7o at\u00e9 o \u00faltimo dia \u00fatil de abril. Desde a pandemia de covid-19, o prazo foi estendido at\u00e9 31 de maio. Em 2023, o in\u00edcio do prazo foi adiado para 15 de mar\u00e7o, permitindo mais tempo para os contribuintes prepararem suas declara\u00e7\u00f5es ap\u00f3s o recebimento dos informes de rendimentos no fim de fevereiro.<br><br><\/p>\n\n\n\n<p>A antecipa\u00e7\u00e3o do download do programa gerador da declara\u00e7\u00e3o tamb\u00e9m contribuiu para o recorde de entregas. Originalmente previsto para 15 de mar\u00e7o, o programa foi liberado no dia 12 daquele m\u00eas.<br><br><\/p>\n\n\n\n<p>A Receita Federal espera receber 43 milh\u00f5es de declara\u00e7\u00f5es este ano, superando o recorde do ano passado de 41.151.515 documentos. Quem enviar a declara\u00e7\u00e3o fora do prazo pagar\u00e1 uma multa de R$ 165,74 ou 20% do imposto devido, prevalecendo o maior valor.<br><br><\/p>\n\n\n\n<p><strong>Novidades<\/strong><\/p>\n\n\n\n<p>Este ano, a declara\u00e7\u00e3o traz algumas mudan\u00e7as, sendo a principal o aumento do limite de rendimentos que obriga o envio do documento devido \u00e0 nova faixa de isen\u00e7\u00e3o. O limite de rendimentos tribut\u00e1veis passou de R$ 28.559,70 para R$ 30.639,90.<br><br><\/p>\n\n\n\n<p>Em maio do ano passado, o governo elevou a faixa de isen\u00e7\u00e3o para R$ 2.640, equivalente a dois sal\u00e1rios m\u00ednimos na \u00e9poca. A mudan\u00e7a n\u00e3o corrigiu as outras faixas da tabela, apenas aumentou o limite at\u00e9 o qual o contribuinte \u00e9 isento.<br><br><\/p>\n\n\n\n<p>Embora as faixas superiores da tabela n\u00e3o tenham sido ajustadas, a mudan\u00e7a provocou uma s\u00e9rie de efeitos em cascata que impactar\u00e3o a obrigatoriedade da declara\u00e7\u00e3o e os valores de dedu\u00e7\u00e3o. Al\u00e9m disso, a Lei 14.663\/2023 aumentou o limite de rendimentos isentos e n\u00e3o tribut\u00e1veis e o patrim\u00f4nio m\u00ednimo para a declara\u00e7\u00e3o do Imposto de Renda.<\/p>\n","protected":false},"excerpt":{"rendered":"<p>Faltando quatro dias para o t\u00e9rmino do prazo de entrega da declara\u00e7\u00e3o do Imposto de Renda Pessoa F\u00edsica, mais de 10 milh\u00f5es de brasileiros ainda n\u00e3o regularizaram sua situa\u00e7\u00e3o com o Le\u00e3o. At\u00e9 as 17h46 desta segunda-feira (27), a Receita Federal havia recebido 33.241.079 declara\u00e7\u00f5es, o que corresponde a 77,3% das 43 milh\u00f5es esperadas para [&hellip;]<\/p>\n","protected":false},"author":2,"featured_media":13297,"comment_status":"open","ping_status":"open","sticky":true,"template":"","format":"standard","meta":{"om_disable_all_campaigns":false,"_monsterinsights_skip_tracking":false,"_monsterinsights_sitenote_active":false,"_monsterinsights_sitenote_note":"","_monsterinsights_sitenote_category":0,"footnotes":""},"categories":[37],"tags":[],"class_list":["post-13378","post","type-post","status-publish","format-standard","has-post-thumbnail","hentry","category-economia"],"yoast_head":"<!-- This site is optimized with the Yoast SEO plugin v27.2 - https:\/\/yoast.com\/product\/yoast-seo-wordpress\/ -->\n<title>Mais de 10 milh\u00f5es de pessoas ainda n\u00e3o entregaram declara\u00e7\u00e3o do IR - Jornal Ponto Mais<\/title>\n<meta name=\"robots\" content=\"index, follow, max-snippet:-1, max-image-preview:large, max-video-preview:-1\" \/>\n<link rel=\"canonical\" href=\"https:\/\/jornalpontomais.com\/site\/2024\/05\/28\/mais-de-10-milhoes-de-pessoas-ainda-nao-entregaram-declaracao-do-ir\/\" \/>\n<meta property=\"og:locale\" content=\"pt_BR\" \/>\n<meta property=\"og:type\" content=\"article\" \/>\n<meta property=\"og:title\" content=\"Mais de 10 milh\u00f5es de pessoas ainda n\u00e3o entregaram declara\u00e7\u00e3o do IR - Jornal Ponto Mais\" \/>\n<meta property=\"og:description\" content=\"Faltando quatro dias para o t\u00e9rmino do prazo de entrega da declara\u00e7\u00e3o do Imposto de Renda Pessoa F\u00edsica, mais de 10 milh\u00f5es de brasileiros ainda n\u00e3o regularizaram sua situa\u00e7\u00e3o com o Le\u00e3o. At\u00e9 as 17h46 desta segunda-feira (27), a Receita Federal havia recebido 33.241.079 declara\u00e7\u00f5es, o que corresponde a 77,3% das 43 milh\u00f5es esperadas para [&hellip;]\" \/>\n<meta property=\"og:url\" content=\"https:\/\/jornalpontomais.com\/site\/2024\/05\/28\/mais-de-10-milhoes-de-pessoas-ainda-nao-entregaram-declaracao-do-ir\/\" \/>\n<meta property=\"og:site_name\" content=\"Jornal Ponto Mais\" \/>\n<meta property=\"article:published_time\" content=\"2024-05-28T12:40:02+00:00\" \/>\n<meta property=\"article:modified_time\" content=\"2024-05-28T12:40:03+00:00\" \/>\n<meta property=\"og:image\" content=\"https:\/\/jornalpontomais.com\/site\/wp-content\/uploads\/2024\/05\/logo-receita-federal-imposto-de-renda.webp\" \/>\n\t<meta property=\"og:image:width\" content=\"396\" \/>\n\t<meta property=\"og:image:height\" content=\"264\" \/>\n\t<meta property=\"og:image:type\" content=\"image\/webp\" \/>\n<meta name=\"author\" content=\"Jornal Ponto Mais\" \/>\n<meta name=\"twitter:card\" content=\"summary_large_image\" \/>\n<meta name=\"twitter:label1\" content=\"Escrito por\" \/>\n\t<meta name=\"twitter:data1\" content=\"Jornal Ponto Mais\" \/>\n\t<meta name=\"twitter:label2\" content=\"Est. tempo de leitura\" \/>\n\t<meta name=\"twitter:data2\" content=\"3 minutos\" \/>\n<script type=\"application\/ld+json\" class=\"yoast-schema-graph\">{\"@context\":\"https:\/\/schema.org\",\"@graph\":[{\"@type\":\"Article\",\"@id\":\"https:\/\/jornalpontomais.com\/site\/2024\/05\/28\/mais-de-10-milhoes-de-pessoas-ainda-nao-entregaram-declaracao-do-ir\/#article\",\"isPartOf\":{\"@id\":\"https:\/\/jornalpontomais.com\/site\/2024\/05\/28\/mais-de-10-milhoes-de-pessoas-ainda-nao-entregaram-declaracao-do-ir\/\"},\"author\":{\"name\":\"Jornal Ponto Mais\",\"@id\":\"https:\/\/jornalpontomais.com\/site\/#\/schema\/person\/18323f0b0f1355f2490721c48389fe9d\"},\"headline\":\"Mais de 10 milh\u00f5es de pessoas ainda n\u00e3o entregaram declara\u00e7\u00e3o do IR\",\"datePublished\":\"2024-05-28T12:40:02+00:00\",\"dateModified\":\"2024-05-28T12:40:03+00:00\",\"mainEntityOfPage\":{\"@id\":\"https:\/\/jornalpontomais.com\/site\/2024\/05\/28\/mais-de-10-milhoes-de-pessoas-ainda-nao-entregaram-declaracao-do-ir\/\"},\"wordCount\":611,\"commentCount\":0,\"publisher\":{\"@id\":\"https:\/\/jornalpontomais.com\/site\/#organization\"},\"image\":{\"@id\":\"https:\/\/jornalpontomais.com\/site\/2024\/05\/28\/mais-de-10-milhoes-de-pessoas-ainda-nao-entregaram-declaracao-do-ir\/#primaryimage\"},\"thumbnailUrl\":\"https:\/\/jornalpontomais.com\/site\/wp-content\/uploads\/2024\/05\/logo-receita-federal-imposto-de-renda.webp\",\"articleSection\":[\"Economia\"],\"inLanguage\":\"pt-BR\",\"potentialAction\":[{\"@type\":\"CommentAction\",\"name\":\"Comment\",\"target\":[\"https:\/\/jornalpontomais.com\/site\/2024\/05\/28\/mais-de-10-milhoes-de-pessoas-ainda-nao-entregaram-declaracao-do-ir\/#respond\"]}]},{\"@type\":\"WebPage\",\"@id\":\"https:\/\/jornalpontomais.com\/site\/2024\/05\/28\/mais-de-10-milhoes-de-pessoas-ainda-nao-entregaram-declaracao-do-ir\/\",\"url\":\"https:\/\/jornalpontomais.com\/site\/2024\/05\/28\/mais-de-10-milhoes-de-pessoas-ainda-nao-entregaram-declaracao-do-ir\/\",\"name\":\"Mais de 10 milh\u00f5es de pessoas ainda n\u00e3o entregaram declara\u00e7\u00e3o do IR - Jornal Ponto Mais\",\"isPartOf\":{\"@id\":\"https:\/\/jornalpontomais.com\/site\/#website\"},\"primaryImageOfPage\":{\"@id\":\"https:\/\/jornalpontomais.com\/site\/2024\/05\/28\/mais-de-10-milhoes-de-pessoas-ainda-nao-entregaram-declaracao-do-ir\/#primaryimage\"},\"image\":{\"@id\":\"https:\/\/jornalpontomais.com\/site\/2024\/05\/28\/mais-de-10-milhoes-de-pessoas-ainda-nao-entregaram-declaracao-do-ir\/#primaryimage\"},\"thumbnailUrl\":\"https:\/\/jornalpontomais.com\/site\/wp-content\/uploads\/2024\/05\/logo-receita-federal-imposto-de-renda.webp\",\"datePublished\":\"2024-05-28T12:40:02+00:00\",\"dateModified\":\"2024-05-28T12:40:03+00:00\",\"breadcrumb\":{\"@id\":\"https:\/\/jornalpontomais.com\/site\/2024\/05\/28\/mais-de-10-milhoes-de-pessoas-ainda-nao-entregaram-declaracao-do-ir\/#breadcrumb\"},\"inLanguage\":\"pt-BR\",\"potentialAction\":[{\"@type\":\"ReadAction\",\"target\":[\"https:\/\/jornalpontomais.com\/site\/2024\/05\/28\/mais-de-10-milhoes-de-pessoas-ainda-nao-entregaram-declaracao-do-ir\/\"]}]},{\"@type\":\"ImageObject\",\"inLanguage\":\"pt-BR\",\"@id\":\"https:\/\/jornalpontomais.com\/site\/2024\/05\/28\/mais-de-10-milhoes-de-pessoas-ainda-nao-entregaram-declaracao-do-ir\/#primaryimage\",\"url\":\"https:\/\/jornalpontomais.com\/site\/wp-content\/uploads\/2024\/05\/logo-receita-federal-imposto-de-renda.webp\",\"contentUrl\":\"https:\/\/jornalpontomais.com\/site\/wp-content\/uploads\/2024\/05\/logo-receita-federal-imposto-de-renda.webp\",\"width\":396,\"height\":264},{\"@type\":\"BreadcrumbList\",\"@id\":\"https:\/\/jornalpontomais.com\/site\/2024\/05\/28\/mais-de-10-milhoes-de-pessoas-ainda-nao-entregaram-declaracao-do-ir\/#breadcrumb\",\"itemListElement\":[{\"@type\":\"ListItem\",\"position\":1,\"name\":\"In\u00edcio\",\"item\":\"https:\/\/jornalpontomais.com\/site\/\"},{\"@type\":\"ListItem\",\"position\":2,\"name\":\"Mais de 10 milh\u00f5es de pessoas ainda n\u00e3o entregaram declara\u00e7\u00e3o do IR\"}]},{\"@type\":\"WebSite\",\"@id\":\"https:\/\/jornalpontomais.com\/site\/#website\",\"url\":\"https:\/\/jornalpontomais.com\/site\/\",\"name\":\"Jornal Ponto Mais\",\"description\":\"As principais not\u00edcias do Brasil e do mundo. Confira!\",\"publisher\":{\"@id\":\"https:\/\/jornalpontomais.com\/site\/#organization\"},\"potentialAction\":[{\"@type\":\"SearchAction\",\"target\":{\"@type\":\"EntryPoint\",\"urlTemplate\":\"https:\/\/jornalpontomais.com\/site\/?s={search_term_string}\"},\"query-input\":{\"@type\":\"PropertyValueSpecification\",\"valueRequired\":true,\"valueName\":\"search_term_string\"}}],\"inLanguage\":\"pt-BR\"},{\"@type\":\"Organization\",\"@id\":\"https:\/\/jornalpontomais.com\/site\/#organization\",\"name\":\"Jornal Ponto+\",\"url\":\"https:\/\/jornalpontomais.com\/site\/\",\"logo\":{\"@type\":\"ImageObject\",\"inLanguage\":\"pt-BR\",\"@id\":\"https:\/\/jornalpontomais.com\/site\/#\/schema\/logo\/image\/\",\"url\":\"https:\/\/jornalpontomais.com\/site\/wp-content\/uploads\/2022\/01\/marca.png\",\"contentUrl\":\"https:\/\/jornalpontomais.com\/site\/wp-content\/uploads\/2022\/01\/marca.png\",\"width\":582,\"height\":148,\"caption\":\"Jornal Ponto+\"},\"image\":{\"@id\":\"https:\/\/jornalpontomais.com\/site\/#\/schema\/logo\/image\/\"}},{\"@type\":\"Person\",\"@id\":\"https:\/\/jornalpontomais.com\/site\/#\/schema\/person\/18323f0b0f1355f2490721c48389fe9d\",\"name\":\"Jornal Ponto Mais\",\"image\":{\"@type\":\"ImageObject\",\"inLanguage\":\"pt-BR\",\"@id\":\"https:\/\/secure.gravatar.com\/avatar\/2ee0a9b7fe10fe32bdec8bc086e871e41eb5f4f6ecbcb7b4f2fe0d92d831405f?s=96&d=mm&r=g\",\"url\":\"https:\/\/secure.gravatar.com\/avatar\/2ee0a9b7fe10fe32bdec8bc086e871e41eb5f4f6ecbcb7b4f2fe0d92d831405f?s=96&d=mm&r=g\",\"contentUrl\":\"https:\/\/secure.gravatar.com\/avatar\/2ee0a9b7fe10fe32bdec8bc086e871e41eb5f4f6ecbcb7b4f2fe0d92d831405f?s=96&d=mm&r=g\",\"caption\":\"Jornal Ponto Mais\"},\"sameAs\":[\"https:\/\/jornalpontomais.com\/site\",\"jornalpontomais\"],\"url\":\"https:\/\/jornalpontomais.com\/site\/author\/jornalpontomais\/\"}]}<\/script>\n<!-- \/ Yoast SEO plugin. -->","yoast_head_json":{"title":"Mais de 10 milh\u00f5es de pessoas ainda n\u00e3o entregaram declara\u00e7\u00e3o do IR - Jornal Ponto Mais","robots":{"index":"index","follow":"follow","max-snippet":"max-snippet:-1","max-image-preview":"max-image-preview:large","max-video-preview":"max-video-preview:-1"},"canonical":"https:\/\/jornalpontomais.com\/site\/2024\/05\/28\/mais-de-10-milhoes-de-pessoas-ainda-nao-entregaram-declaracao-do-ir\/","og_locale":"pt_BR","og_type":"article","og_title":"Mais de 10 milh\u00f5es de pessoas ainda n\u00e3o entregaram declara\u00e7\u00e3o do IR - Jornal Ponto Mais","og_description":"Faltando quatro dias para o t\u00e9rmino do prazo de entrega da declara\u00e7\u00e3o do Imposto de Renda Pessoa F\u00edsica, mais de 10 milh\u00f5es de brasileiros ainda n\u00e3o regularizaram sua situa\u00e7\u00e3o com o Le\u00e3o. At\u00e9 as 17h46 desta segunda-feira (27), a Receita Federal havia recebido 33.241.079 declara\u00e7\u00f5es, o que corresponde a 77,3% das 43 milh\u00f5es esperadas para [&hellip;]","og_url":"https:\/\/jornalpontomais.com\/site\/2024\/05\/28\/mais-de-10-milhoes-de-pessoas-ainda-nao-entregaram-declaracao-do-ir\/","og_site_name":"Jornal Ponto Mais","article_published_time":"2024-05-28T12:40:02+00:00","article_modified_time":"2024-05-28T12:40:03+00:00","og_image":[{"width":396,"height":264,"url":"https:\/\/jornalpontomais.com\/site\/wp-content\/uploads\/2024\/05\/logo-receita-federal-imposto-de-renda.webp","type":"image\/webp"}],"author":"Jornal Ponto Mais","twitter_card":"summary_large_image","twitter_misc":{"Escrito por":"Jornal Ponto Mais","Est. tempo de leitura":"3 minutos"},"schema":{"@context":"https:\/\/schema.org","@graph":[{"@type":"Article","@id":"https:\/\/jornalpontomais.com\/site\/2024\/05\/28\/mais-de-10-milhoes-de-pessoas-ainda-nao-entregaram-declaracao-do-ir\/#article","isPartOf":{"@id":"https:\/\/jornalpontomais.com\/site\/2024\/05\/28\/mais-de-10-milhoes-de-pessoas-ainda-nao-entregaram-declaracao-do-ir\/"},"author":{"name":"Jornal Ponto Mais","@id":"https:\/\/jornalpontomais.com\/site\/#\/schema\/person\/18323f0b0f1355f2490721c48389fe9d"},"headline":"Mais de 10 milh\u00f5es de pessoas ainda n\u00e3o entregaram declara\u00e7\u00e3o do IR","datePublished":"2024-05-28T12:40:02+00:00","dateModified":"2024-05-28T12:40:03+00:00","mainEntityOfPage":{"@id":"https:\/\/jornalpontomais.com\/site\/2024\/05\/28\/mais-de-10-milhoes-de-pessoas-ainda-nao-entregaram-declaracao-do-ir\/"},"wordCount":611,"commentCount":0,"publisher":{"@id":"https:\/\/jornalpontomais.com\/site\/#organization"},"image":{"@id":"https:\/\/jornalpontomais.com\/site\/2024\/05\/28\/mais-de-10-milhoes-de-pessoas-ainda-nao-entregaram-declaracao-do-ir\/#primaryimage"},"thumbnailUrl":"https:\/\/jornalpontomais.com\/site\/wp-content\/uploads\/2024\/05\/logo-receita-federal-imposto-de-renda.webp","articleSection":["Economia"],"inLanguage":"pt-BR","potentialAction":[{"@type":"CommentAction","name":"Comment","target":["https:\/\/jornalpontomais.com\/site\/2024\/05\/28\/mais-de-10-milhoes-de-pessoas-ainda-nao-entregaram-declaracao-do-ir\/#respond"]}]},{"@type":"WebPage","@id":"https:\/\/jornalpontomais.com\/site\/2024\/05\/28\/mais-de-10-milhoes-de-pessoas-ainda-nao-entregaram-declaracao-do-ir\/","url":"https:\/\/jornalpontomais.com\/site\/2024\/05\/28\/mais-de-10-milhoes-de-pessoas-ainda-nao-entregaram-declaracao-do-ir\/","name":"Mais de 10 milh\u00f5es de pessoas ainda n\u00e3o entregaram declara\u00e7\u00e3o do IR - Jornal Ponto Mais","isPartOf":{"@id":"https:\/\/jornalpontomais.com\/site\/#website"},"primaryImageOfPage":{"@id":"https:\/\/jornalpontomais.com\/site\/2024\/05\/28\/mais-de-10-milhoes-de-pessoas-ainda-nao-entregaram-declaracao-do-ir\/#primaryimage"},"image":{"@id":"https:\/\/jornalpontomais.com\/site\/2024\/05\/28\/mais-de-10-milhoes-de-pessoas-ainda-nao-entregaram-declaracao-do-ir\/#primaryimage"},"thumbnailUrl":"https:\/\/jornalpontomais.com\/site\/wp-content\/uploads\/2024\/05\/logo-receita-federal-imposto-de-renda.webp","datePublished":"2024-05-28T12:40:02+00:00","dateModified":"2024-05-28T12:40:03+00:00","breadcrumb":{"@id":"https:\/\/jornalpontomais.com\/site\/2024\/05\/28\/mais-de-10-milhoes-de-pessoas-ainda-nao-entregaram-declaracao-do-ir\/#breadcrumb"},"inLanguage":"pt-BR","potentialAction":[{"@type":"ReadAction","target":["https:\/\/jornalpontomais.com\/site\/2024\/05\/28\/mais-de-10-milhoes-de-pessoas-ainda-nao-entregaram-declaracao-do-ir\/"]}]},{"@type":"ImageObject","inLanguage":"pt-BR","@id":"https:\/\/jornalpontomais.com\/site\/2024\/05\/28\/mais-de-10-milhoes-de-pessoas-ainda-nao-entregaram-declaracao-do-ir\/#primaryimage","url":"https:\/\/jornalpontomais.com\/site\/wp-content\/uploads\/2024\/05\/logo-receita-federal-imposto-de-renda.webp","contentUrl":"https:\/\/jornalpontomais.com\/site\/wp-content\/uploads\/2024\/05\/logo-receita-federal-imposto-de-renda.webp","width":396,"height":264},{"@type":"BreadcrumbList","@id":"https:\/\/jornalpontomais.com\/site\/2024\/05\/28\/mais-de-10-milhoes-de-pessoas-ainda-nao-entregaram-declaracao-do-ir\/#breadcrumb","itemListElement":[{"@type":"ListItem","position":1,"name":"In\u00edcio","item":"https:\/\/jornalpontomais.com\/site\/"},{"@type":"ListItem","position":2,"name":"Mais de 10 milh\u00f5es de pessoas ainda n\u00e3o entregaram declara\u00e7\u00e3o do IR"}]},{"@type":"WebSite","@id":"https:\/\/jornalpontomais.com\/site\/#website","url":"https:\/\/jornalpontomais.com\/site\/","name":"Jornal Ponto Mais","description":"As principais not\u00edcias do Brasil e do mundo. Confira!","publisher":{"@id":"https:\/\/jornalpontomais.com\/site\/#organization"},"potentialAction":[{"@type":"SearchAction","target":{"@type":"EntryPoint","urlTemplate":"https:\/\/jornalpontomais.com\/site\/?s={search_term_string}"},"query-input":{"@type":"PropertyValueSpecification","valueRequired":true,"valueName":"search_term_string"}}],"inLanguage":"pt-BR"},{"@type":"Organization","@id":"https:\/\/jornalpontomais.com\/site\/#organization","name":"Jornal Ponto+","url":"https:\/\/jornalpontomais.com\/site\/","logo":{"@type":"ImageObject","inLanguage":"pt-BR","@id":"https:\/\/jornalpontomais.com\/site\/#\/schema\/logo\/image\/","url":"https:\/\/jornalpontomais.com\/site\/wp-content\/uploads\/2022\/01\/marca.png","contentUrl":"https:\/\/jornalpontomais.com\/site\/wp-content\/uploads\/2022\/01\/marca.png","width":582,"height":148,"caption":"Jornal Ponto+"},"image":{"@id":"https:\/\/jornalpontomais.com\/site\/#\/schema\/logo\/image\/"}},{"@type":"Person","@id":"https:\/\/jornalpontomais.com\/site\/#\/schema\/person\/18323f0b0f1355f2490721c48389fe9d","name":"Jornal Ponto Mais","image":{"@type":"ImageObject","inLanguage":"pt-BR","@id":"https:\/\/secure.gravatar.com\/avatar\/2ee0a9b7fe10fe32bdec8bc086e871e41eb5f4f6ecbcb7b4f2fe0d92d831405f?s=96&d=mm&r=g","url":"https:\/\/secure.gravatar.com\/avatar\/2ee0a9b7fe10fe32bdec8bc086e871e41eb5f4f6ecbcb7b4f2fe0d92d831405f?s=96&d=mm&r=g","contentUrl":"https:\/\/secure.gravatar.com\/avatar\/2ee0a9b7fe10fe32bdec8bc086e871e41eb5f4f6ecbcb7b4f2fe0d92d831405f?s=96&d=mm&r=g","caption":"Jornal Ponto Mais"},"sameAs":["https:\/\/jornalpontomais.com\/site","jornalpontomais"],"url":"https:\/\/jornalpontomais.com\/site\/author\/jornalpontomais\/"}]}},"_links":{"self":[{"href":"https:\/\/jornalpontomais.com\/site\/wp-json\/wp\/v2\/posts\/13378","targetHints":{"allow":["GET"]}}],"collection":[{"href":"https:\/\/jornalpontomais.com\/site\/wp-json\/wp\/v2\/posts"}],"about":[{"href":"https:\/\/jornalpontomais.com\/site\/wp-json\/wp\/v2\/types\/post"}],"author":[{"embeddable":true,"href":"https:\/\/jornalpontomais.com\/site\/wp-json\/wp\/v2\/users\/2"}],"replies":[{"embeddable":true,"href":"https:\/\/jornalpontomais.com\/site\/wp-json\/wp\/v2\/comments?post=13378"}],"version-history":[{"count":1,"href":"https:\/\/jornalpontomais.com\/site\/wp-json\/wp\/v2\/posts\/13378\/revisions"}],"predecessor-version":[{"id":13379,"href":"https:\/\/jornalpontomais.com\/site\/wp-json\/wp\/v2\/posts\/13378\/revisions\/13379"}],"wp:featuredmedia":[{"embeddable":true,"href":"https:\/\/jornalpontomais.com\/site\/wp-json\/wp\/v2\/media\/13297"}],"wp:attachment":[{"href":"https:\/\/jornalpontomais.com\/site\/wp-json\/wp\/v2\/media?parent=13378"}],"wp:term":[{"taxonomy":"category","embeddable":true,"href":"https:\/\/jornalpontomais.com\/site\/wp-json\/wp\/v2\/categories?post=13378"},{"taxonomy":"post_tag","embeddable":true,"href":"https:\/\/jornalpontomais.com\/site\/wp-json\/wp\/v2\/tags?post=13378"}],"curies":[{"name":"wp","href":"https:\/\/api.w.org\/{rel}","templated":true}]}}