{"id":13368,"date":"2024-05-27T11:04:00","date_gmt":"2024-05-27T14:04:00","guid":{"rendered":"https:\/\/jornalpontomais.com\/site\/?p=13368"},"modified":"2024-05-27T11:04:01","modified_gmt":"2024-05-27T14:04:01","slug":"restituicao-do-ir-comeca-a-ser-paga-nesta-sexta-31-veja-quem-deve-receber","status":"publish","type":"post","link":"https:\/\/jornalpontomais.com\/site\/2024\/05\/27\/restituicao-do-ir-comeca-a-ser-paga-nesta-sexta-31-veja-quem-deve-receber\/","title":{"rendered":"Restitui\u00e7\u00e3o do IR come\u00e7a a ser paga nesta sexta (31); veja quem deve receber"},"content":{"rendered":"\n<p>A Receita Federal come\u00e7a a pagar o primeiro lote de restitui\u00e7\u00f5es do\u00a0Imposto de Renda\u00a0Pessoa F\u00edsica\u00a0(IRPF)\u00a02024 nesta sexta-feira (31), coincidentemente, no \u00faltimo dia para a entrega da declara\u00e7\u00e3o. Este primeiro lote beneficia mais de 5,5 milh\u00f5es de contribuintes, com um valor total de R$ 9,5 bilh\u00f5es, o maior j\u00e1 registrado em um lote de restitui\u00e7\u00e3o do IRPF.<br><br><\/p>\n\n\n\n<p>Deste valor total de R$ 9,5 bilh\u00f5es, cerca de R$ 8,9 bilh\u00f5es s\u00e3o destinados a contribuintes considerados priorit\u00e1rios, que incluem:<\/p>\n\n\n\n<ul class=\"wp-block-list\">\n<li>258.877 idosos acima de 80 anos;<\/li>\n\n\n\n<li>2.595.933 contribuintes entre 60 e 79 anos;<\/li>\n\n\n\n<li>162.902 pessoas com defici\u00eancia f\u00edsica, mental ou com mol\u00e9stia grave;<\/li>\n\n\n\n<li>1.105.772 profissionais cuja maior fonte de renda seja o magist\u00e9rio;<\/li>\n\n\n\n<li>787.747 contribuintes que optaram pela declara\u00e7\u00e3o pr\u00e9-preenchida ou pelo recebimento da restitui\u00e7\u00e3o via\u00a0PIX.<br><br><\/li>\n<\/ul>\n\n\n\n<p><strong>Prioridade para contribuintes do Rio Grande do Sul<\/strong><\/p>\n\n\n\n<p>Devido ao estado de calamidade decretado no Rio Grande do Sul, os contribuintes do estado tamb\u00e9m receberam prioridade.\u00a0Ser\u00e3o restitu\u00eddas 886.260 declara\u00e7\u00f5es de residentes no RS, totalizando mais de R$ 1 bilh\u00e3o, incluindo exerc\u00edcios anteriores.\u00a0<br><br><\/p>\n\n\n\n<p>Esses contribuintes foram inseridos na faixa de prefer\u00eancia ap\u00f3s as prioridades legais e antes dos optantes pelos modelos de pagamento via PIX e pela declara\u00e7\u00e3o pr\u00e9-preenchida.<br><br><\/p>\n\n\n\n<p><strong>Restitui\u00e7\u00f5es IRPF 2024<\/strong><\/p>\n\n\n\n<p>As restitui\u00e7\u00f5es do IRPF 2024 ser\u00e3o feitas em cinco lotes:<\/p>\n\n\n\n<ul class=\"wp-block-list\">\n<li>1\u00ba lote: 31 de maio;<\/li>\n\n\n\n<li>2\u00ba lote: 28 de junho;<\/li>\n\n\n\n<li>3\u00ba lote: 31 de julho;<\/li>\n\n\n\n<li>4\u00ba lote: 30 de agosto;<\/li>\n\n\n\n<li>5\u00ba lote: 30 de setembro.<br><br><\/li>\n<\/ul>\n\n\n\n<p><strong>Como consultar a restitui\u00e7\u00e3o?<\/strong><\/p>\n\n\n\n<p>Para verificar se a restitui\u00e7\u00e3o est\u00e1 dispon\u00edvel, o contribuinte deve acessar a\u00a0<a href=\"https:\/\/www.gov.br\/receitafederal\/pt-br\">p\u00e1gina da Receita Federal<\/a>\u00a0na internet, clicar em &#8220;Meu Imposto de Renda&#8221; e em seguida &#8220;Consultar a Restitui\u00e7\u00e3o&#8221;.\u00a0A consulta pode ser simplificada ou completa, atrav\u00e9s do extrato de processamento acessado no\u00a0e-CAC.\u00a0Caso haja alguma pend\u00eancia na declara\u00e7\u00e3o, \u00e9 poss\u00edvel corrigi-la para regularizar a situa\u00e7\u00e3o.<br><br><\/p>\n\n\n\n<p>A Receita Federal tamb\u00e9m disponibiliza um aplicativo para tablets e smartphones, permitindo a consulta das informa\u00e7\u00f5es sobre a libera\u00e7\u00e3o das restitui\u00e7\u00f5es e a situa\u00e7\u00e3o cadastral do CPF diretamente nas bases da Receita.<\/p>\n","protected":false},"excerpt":{"rendered":"<p>A Receita Federal come\u00e7a a pagar o primeiro lote de restitui\u00e7\u00f5es do\u00a0Imposto de Renda\u00a0Pessoa F\u00edsica\u00a0(IRPF)\u00a02024 nesta sexta-feira (31), coincidentemente, no \u00faltimo dia para a entrega da declara\u00e7\u00e3o. Este primeiro lote beneficia mais de 5,5 milh\u00f5es de contribuintes, com um valor total de R$ 9,5 bilh\u00f5es, o maior j\u00e1 registrado em um lote de restitui\u00e7\u00e3o do [&hellip;]<\/p>\n","protected":false},"author":2,"featured_media":13369,"comment_status":"open","ping_status":"open","sticky":true,"template":"","format":"standard","meta":{"om_disable_all_campaigns":false,"_monsterinsights_skip_tracking":false,"_monsterinsights_sitenote_active":false,"_monsterinsights_sitenote_note":"","_monsterinsights_sitenote_category":0,"footnotes":""},"categories":[37],"tags":[],"class_list":["post-13368","post","type-post","status-publish","format-standard","has-post-thumbnail","hentry","category-economia"],"yoast_head":"<!-- This site is optimized with the Yoast SEO plugin v27.2 - https:\/\/yoast.com\/product\/yoast-seo-wordpress\/ -->\n<title>Restitui\u00e7\u00e3o do IR come\u00e7a a ser paga nesta sexta (31); veja quem deve receber - Jornal Ponto Mais<\/title>\n<meta name=\"robots\" content=\"index, follow, max-snippet:-1, max-image-preview:large, max-video-preview:-1\" \/>\n<link rel=\"canonical\" href=\"https:\/\/jornalpontomais.com\/site\/2024\/05\/27\/restituicao-do-ir-comeca-a-ser-paga-nesta-sexta-31-veja-quem-deve-receber\/\" \/>\n<meta property=\"og:locale\" content=\"pt_BR\" \/>\n<meta property=\"og:type\" content=\"article\" \/>\n<meta property=\"og:title\" content=\"Restitui\u00e7\u00e3o do IR come\u00e7a a ser paga nesta sexta (31); veja quem deve receber - Jornal Ponto Mais\" \/>\n<meta property=\"og:description\" content=\"A Receita Federal come\u00e7a a pagar o primeiro lote de restitui\u00e7\u00f5es do\u00a0Imposto de Renda\u00a0Pessoa F\u00edsica\u00a0(IRPF)\u00a02024 nesta sexta-feira (31), coincidentemente, no \u00faltimo dia para a entrega da declara\u00e7\u00e3o. Este primeiro lote beneficia mais de 5,5 milh\u00f5es de contribuintes, com um valor total de R$ 9,5 bilh\u00f5es, o maior j\u00e1 registrado em um lote de restitui\u00e7\u00e3o do [&hellip;]\" \/>\n<meta property=\"og:url\" content=\"https:\/\/jornalpontomais.com\/site\/2024\/05\/27\/restituicao-do-ir-comeca-a-ser-paga-nesta-sexta-31-veja-quem-deve-receber\/\" \/>\n<meta property=\"og:site_name\" content=\"Jornal Ponto Mais\" \/>\n<meta property=\"article:published_time\" content=\"2024-05-27T14:04:00+00:00\" \/>\n<meta property=\"article:modified_time\" content=\"2024-05-27T14:04:01+00:00\" \/>\n<meta property=\"og:image\" content=\"https:\/\/jornalpontomais.com\/site\/wp-content\/uploads\/2024\/05\/ir-imposto-de-renda-receita-federal-declaracao-1678888043968_v2_900x506.jpg\" \/>\n\t<meta property=\"og:image:width\" content=\"900\" \/>\n\t<meta property=\"og:image:height\" content=\"506\" \/>\n\t<meta property=\"og:image:type\" content=\"image\/jpeg\" \/>\n<meta name=\"author\" content=\"Jornal Ponto Mais\" \/>\n<meta name=\"twitter:card\" content=\"summary_large_image\" \/>\n<meta name=\"twitter:label1\" content=\"Escrito por\" \/>\n\t<meta name=\"twitter:data1\" content=\"Jornal Ponto Mais\" \/>\n\t<meta name=\"twitter:label2\" content=\"Est. tempo de leitura\" \/>\n\t<meta name=\"twitter:data2\" content=\"2 minutos\" \/>\n<script type=\"application\/ld+json\" class=\"yoast-schema-graph\">{\"@context\":\"https:\/\/schema.org\",\"@graph\":[{\"@type\":\"Article\",\"@id\":\"https:\/\/jornalpontomais.com\/site\/2024\/05\/27\/restituicao-do-ir-comeca-a-ser-paga-nesta-sexta-31-veja-quem-deve-receber\/#article\",\"isPartOf\":{\"@id\":\"https:\/\/jornalpontomais.com\/site\/2024\/05\/27\/restituicao-do-ir-comeca-a-ser-paga-nesta-sexta-31-veja-quem-deve-receber\/\"},\"author\":{\"name\":\"Jornal Ponto Mais\",\"@id\":\"https:\/\/jornalpontomais.com\/site\/#\/schema\/person\/18323f0b0f1355f2490721c48389fe9d\"},\"headline\":\"Restitui\u00e7\u00e3o do IR come\u00e7a a ser paga nesta sexta (31); veja quem deve receber\",\"datePublished\":\"2024-05-27T14:04:00+00:00\",\"dateModified\":\"2024-05-27T14:04:01+00:00\",\"mainEntityOfPage\":{\"@id\":\"https:\/\/jornalpontomais.com\/site\/2024\/05\/27\/restituicao-do-ir-comeca-a-ser-paga-nesta-sexta-31-veja-quem-deve-receber\/\"},\"wordCount\":360,\"commentCount\":0,\"publisher\":{\"@id\":\"https:\/\/jornalpontomais.com\/site\/#organization\"},\"image\":{\"@id\":\"https:\/\/jornalpontomais.com\/site\/2024\/05\/27\/restituicao-do-ir-comeca-a-ser-paga-nesta-sexta-31-veja-quem-deve-receber\/#primaryimage\"},\"thumbnailUrl\":\"https:\/\/jornalpontomais.com\/site\/wp-content\/uploads\/2024\/05\/ir-imposto-de-renda-receita-federal-declaracao-1678888043968_v2_900x506.jpg\",\"articleSection\":[\"Economia\"],\"inLanguage\":\"pt-BR\",\"potentialAction\":[{\"@type\":\"CommentAction\",\"name\":\"Comment\",\"target\":[\"https:\/\/jornalpontomais.com\/site\/2024\/05\/27\/restituicao-do-ir-comeca-a-ser-paga-nesta-sexta-31-veja-quem-deve-receber\/#respond\"]}]},{\"@type\":\"WebPage\",\"@id\":\"https:\/\/jornalpontomais.com\/site\/2024\/05\/27\/restituicao-do-ir-comeca-a-ser-paga-nesta-sexta-31-veja-quem-deve-receber\/\",\"url\":\"https:\/\/jornalpontomais.com\/site\/2024\/05\/27\/restituicao-do-ir-comeca-a-ser-paga-nesta-sexta-31-veja-quem-deve-receber\/\",\"name\":\"Restitui\u00e7\u00e3o do IR come\u00e7a a ser paga nesta sexta (31); veja quem deve receber - Jornal Ponto Mais\",\"isPartOf\":{\"@id\":\"https:\/\/jornalpontomais.com\/site\/#website\"},\"primaryImageOfPage\":{\"@id\":\"https:\/\/jornalpontomais.com\/site\/2024\/05\/27\/restituicao-do-ir-comeca-a-ser-paga-nesta-sexta-31-veja-quem-deve-receber\/#primaryimage\"},\"image\":{\"@id\":\"https:\/\/jornalpontomais.com\/site\/2024\/05\/27\/restituicao-do-ir-comeca-a-ser-paga-nesta-sexta-31-veja-quem-deve-receber\/#primaryimage\"},\"thumbnailUrl\":\"https:\/\/jornalpontomais.com\/site\/wp-content\/uploads\/2024\/05\/ir-imposto-de-renda-receita-federal-declaracao-1678888043968_v2_900x506.jpg\",\"datePublished\":\"2024-05-27T14:04:00+00:00\",\"dateModified\":\"2024-05-27T14:04:01+00:00\",\"breadcrumb\":{\"@id\":\"https:\/\/jornalpontomais.com\/site\/2024\/05\/27\/restituicao-do-ir-comeca-a-ser-paga-nesta-sexta-31-veja-quem-deve-receber\/#breadcrumb\"},\"inLanguage\":\"pt-BR\",\"potentialAction\":[{\"@type\":\"ReadAction\",\"target\":[\"https:\/\/jornalpontomais.com\/site\/2024\/05\/27\/restituicao-do-ir-comeca-a-ser-paga-nesta-sexta-31-veja-quem-deve-receber\/\"]}]},{\"@type\":\"ImageObject\",\"inLanguage\":\"pt-BR\",\"@id\":\"https:\/\/jornalpontomais.com\/site\/2024\/05\/27\/restituicao-do-ir-comeca-a-ser-paga-nesta-sexta-31-veja-quem-deve-receber\/#primaryimage\",\"url\":\"https:\/\/jornalpontomais.com\/site\/wp-content\/uploads\/2024\/05\/ir-imposto-de-renda-receita-federal-declaracao-1678888043968_v2_900x506.jpg\",\"contentUrl\":\"https:\/\/jornalpontomais.com\/site\/wp-content\/uploads\/2024\/05\/ir-imposto-de-renda-receita-federal-declaracao-1678888043968_v2_900x506.jpg\",\"width\":900,\"height\":506},{\"@type\":\"BreadcrumbList\",\"@id\":\"https:\/\/jornalpontomais.com\/site\/2024\/05\/27\/restituicao-do-ir-comeca-a-ser-paga-nesta-sexta-31-veja-quem-deve-receber\/#breadcrumb\",\"itemListElement\":[{\"@type\":\"ListItem\",\"position\":1,\"name\":\"In\u00edcio\",\"item\":\"https:\/\/jornalpontomais.com\/site\/\"},{\"@type\":\"ListItem\",\"position\":2,\"name\":\"Restitui\u00e7\u00e3o do IR come\u00e7a a ser paga nesta sexta (31); veja quem deve receber\"}]},{\"@type\":\"WebSite\",\"@id\":\"https:\/\/jornalpontomais.com\/site\/#website\",\"url\":\"https:\/\/jornalpontomais.com\/site\/\",\"name\":\"Jornal Ponto Mais\",\"description\":\"As principais not\u00edcias do Brasil e do mundo. Confira!\",\"publisher\":{\"@id\":\"https:\/\/jornalpontomais.com\/site\/#organization\"},\"potentialAction\":[{\"@type\":\"SearchAction\",\"target\":{\"@type\":\"EntryPoint\",\"urlTemplate\":\"https:\/\/jornalpontomais.com\/site\/?s={search_term_string}\"},\"query-input\":{\"@type\":\"PropertyValueSpecification\",\"valueRequired\":true,\"valueName\":\"search_term_string\"}}],\"inLanguage\":\"pt-BR\"},{\"@type\":\"Organization\",\"@id\":\"https:\/\/jornalpontomais.com\/site\/#organization\",\"name\":\"Jornal Ponto+\",\"url\":\"https:\/\/jornalpontomais.com\/site\/\",\"logo\":{\"@type\":\"ImageObject\",\"inLanguage\":\"pt-BR\",\"@id\":\"https:\/\/jornalpontomais.com\/site\/#\/schema\/logo\/image\/\",\"url\":\"https:\/\/jornalpontomais.com\/site\/wp-content\/uploads\/2022\/01\/marca.png\",\"contentUrl\":\"https:\/\/jornalpontomais.com\/site\/wp-content\/uploads\/2022\/01\/marca.png\",\"width\":582,\"height\":148,\"caption\":\"Jornal Ponto+\"},\"image\":{\"@id\":\"https:\/\/jornalpontomais.com\/site\/#\/schema\/logo\/image\/\"}},{\"@type\":\"Person\",\"@id\":\"https:\/\/jornalpontomais.com\/site\/#\/schema\/person\/18323f0b0f1355f2490721c48389fe9d\",\"name\":\"Jornal Ponto Mais\",\"image\":{\"@type\":\"ImageObject\",\"inLanguage\":\"pt-BR\",\"@id\":\"https:\/\/secure.gravatar.com\/avatar\/2ee0a9b7fe10fe32bdec8bc086e871e41eb5f4f6ecbcb7b4f2fe0d92d831405f?s=96&d=mm&r=g\",\"url\":\"https:\/\/secure.gravatar.com\/avatar\/2ee0a9b7fe10fe32bdec8bc086e871e41eb5f4f6ecbcb7b4f2fe0d92d831405f?s=96&d=mm&r=g\",\"contentUrl\":\"https:\/\/secure.gravatar.com\/avatar\/2ee0a9b7fe10fe32bdec8bc086e871e41eb5f4f6ecbcb7b4f2fe0d92d831405f?s=96&d=mm&r=g\",\"caption\":\"Jornal Ponto Mais\"},\"sameAs\":[\"https:\/\/jornalpontomais.com\/site\",\"jornalpontomais\"],\"url\":\"https:\/\/jornalpontomais.com\/site\/author\/jornalpontomais\/\"}]}<\/script>\n<!-- \/ Yoast SEO plugin. -->","yoast_head_json":{"title":"Restitui\u00e7\u00e3o do IR come\u00e7a a ser paga nesta sexta (31); veja quem deve receber - Jornal Ponto Mais","robots":{"index":"index","follow":"follow","max-snippet":"max-snippet:-1","max-image-preview":"max-image-preview:large","max-video-preview":"max-video-preview:-1"},"canonical":"https:\/\/jornalpontomais.com\/site\/2024\/05\/27\/restituicao-do-ir-comeca-a-ser-paga-nesta-sexta-31-veja-quem-deve-receber\/","og_locale":"pt_BR","og_type":"article","og_title":"Restitui\u00e7\u00e3o do IR come\u00e7a a ser paga nesta sexta (31); veja quem deve receber - Jornal Ponto Mais","og_description":"A Receita Federal come\u00e7a a pagar o primeiro lote de restitui\u00e7\u00f5es do\u00a0Imposto de Renda\u00a0Pessoa F\u00edsica\u00a0(IRPF)\u00a02024 nesta sexta-feira (31), coincidentemente, no \u00faltimo dia para a entrega da declara\u00e7\u00e3o. Este primeiro lote beneficia mais de 5,5 milh\u00f5es de contribuintes, com um valor total de R$ 9,5 bilh\u00f5es, o maior j\u00e1 registrado em um lote de restitui\u00e7\u00e3o do [&hellip;]","og_url":"https:\/\/jornalpontomais.com\/site\/2024\/05\/27\/restituicao-do-ir-comeca-a-ser-paga-nesta-sexta-31-veja-quem-deve-receber\/","og_site_name":"Jornal Ponto Mais","article_published_time":"2024-05-27T14:04:00+00:00","article_modified_time":"2024-05-27T14:04:01+00:00","og_image":[{"width":900,"height":506,"url":"https:\/\/jornalpontomais.com\/site\/wp-content\/uploads\/2024\/05\/ir-imposto-de-renda-receita-federal-declaracao-1678888043968_v2_900x506.jpg","type":"image\/jpeg"}],"author":"Jornal Ponto Mais","twitter_card":"summary_large_image","twitter_misc":{"Escrito por":"Jornal Ponto Mais","Est. tempo de leitura":"2 minutos"},"schema":{"@context":"https:\/\/schema.org","@graph":[{"@type":"Article","@id":"https:\/\/jornalpontomais.com\/site\/2024\/05\/27\/restituicao-do-ir-comeca-a-ser-paga-nesta-sexta-31-veja-quem-deve-receber\/#article","isPartOf":{"@id":"https:\/\/jornalpontomais.com\/site\/2024\/05\/27\/restituicao-do-ir-comeca-a-ser-paga-nesta-sexta-31-veja-quem-deve-receber\/"},"author":{"name":"Jornal Ponto Mais","@id":"https:\/\/jornalpontomais.com\/site\/#\/schema\/person\/18323f0b0f1355f2490721c48389fe9d"},"headline":"Restitui\u00e7\u00e3o do IR come\u00e7a a ser paga nesta sexta (31); veja quem deve receber","datePublished":"2024-05-27T14:04:00+00:00","dateModified":"2024-05-27T14:04:01+00:00","mainEntityOfPage":{"@id":"https:\/\/jornalpontomais.com\/site\/2024\/05\/27\/restituicao-do-ir-comeca-a-ser-paga-nesta-sexta-31-veja-quem-deve-receber\/"},"wordCount":360,"commentCount":0,"publisher":{"@id":"https:\/\/jornalpontomais.com\/site\/#organization"},"image":{"@id":"https:\/\/jornalpontomais.com\/site\/2024\/05\/27\/restituicao-do-ir-comeca-a-ser-paga-nesta-sexta-31-veja-quem-deve-receber\/#primaryimage"},"thumbnailUrl":"https:\/\/jornalpontomais.com\/site\/wp-content\/uploads\/2024\/05\/ir-imposto-de-renda-receita-federal-declaracao-1678888043968_v2_900x506.jpg","articleSection":["Economia"],"inLanguage":"pt-BR","potentialAction":[{"@type":"CommentAction","name":"Comment","target":["https:\/\/jornalpontomais.com\/site\/2024\/05\/27\/restituicao-do-ir-comeca-a-ser-paga-nesta-sexta-31-veja-quem-deve-receber\/#respond"]}]},{"@type":"WebPage","@id":"https:\/\/jornalpontomais.com\/site\/2024\/05\/27\/restituicao-do-ir-comeca-a-ser-paga-nesta-sexta-31-veja-quem-deve-receber\/","url":"https:\/\/jornalpontomais.com\/site\/2024\/05\/27\/restituicao-do-ir-comeca-a-ser-paga-nesta-sexta-31-veja-quem-deve-receber\/","name":"Restitui\u00e7\u00e3o do IR come\u00e7a a ser paga nesta sexta (31); veja quem deve receber - Jornal Ponto Mais","isPartOf":{"@id":"https:\/\/jornalpontomais.com\/site\/#website"},"primaryImageOfPage":{"@id":"https:\/\/jornalpontomais.com\/site\/2024\/05\/27\/restituicao-do-ir-comeca-a-ser-paga-nesta-sexta-31-veja-quem-deve-receber\/#primaryimage"},"image":{"@id":"https:\/\/jornalpontomais.com\/site\/2024\/05\/27\/restituicao-do-ir-comeca-a-ser-paga-nesta-sexta-31-veja-quem-deve-receber\/#primaryimage"},"thumbnailUrl":"https:\/\/jornalpontomais.com\/site\/wp-content\/uploads\/2024\/05\/ir-imposto-de-renda-receita-federal-declaracao-1678888043968_v2_900x506.jpg","datePublished":"2024-05-27T14:04:00+00:00","dateModified":"2024-05-27T14:04:01+00:00","breadcrumb":{"@id":"https:\/\/jornalpontomais.com\/site\/2024\/05\/27\/restituicao-do-ir-comeca-a-ser-paga-nesta-sexta-31-veja-quem-deve-receber\/#breadcrumb"},"inLanguage":"pt-BR","potentialAction":[{"@type":"ReadAction","target":["https:\/\/jornalpontomais.com\/site\/2024\/05\/27\/restituicao-do-ir-comeca-a-ser-paga-nesta-sexta-31-veja-quem-deve-receber\/"]}]},{"@type":"ImageObject","inLanguage":"pt-BR","@id":"https:\/\/jornalpontomais.com\/site\/2024\/05\/27\/restituicao-do-ir-comeca-a-ser-paga-nesta-sexta-31-veja-quem-deve-receber\/#primaryimage","url":"https:\/\/jornalpontomais.com\/site\/wp-content\/uploads\/2024\/05\/ir-imposto-de-renda-receita-federal-declaracao-1678888043968_v2_900x506.jpg","contentUrl":"https:\/\/jornalpontomais.com\/site\/wp-content\/uploads\/2024\/05\/ir-imposto-de-renda-receita-federal-declaracao-1678888043968_v2_900x506.jpg","width":900,"height":506},{"@type":"BreadcrumbList","@id":"https:\/\/jornalpontomais.com\/site\/2024\/05\/27\/restituicao-do-ir-comeca-a-ser-paga-nesta-sexta-31-veja-quem-deve-receber\/#breadcrumb","itemListElement":[{"@type":"ListItem","position":1,"name":"In\u00edcio","item":"https:\/\/jornalpontomais.com\/site\/"},{"@type":"ListItem","position":2,"name":"Restitui\u00e7\u00e3o do IR come\u00e7a a ser paga nesta sexta (31); veja quem deve receber"}]},{"@type":"WebSite","@id":"https:\/\/jornalpontomais.com\/site\/#website","url":"https:\/\/jornalpontomais.com\/site\/","name":"Jornal Ponto Mais","description":"As principais not\u00edcias do Brasil e do mundo. Confira!","publisher":{"@id":"https:\/\/jornalpontomais.com\/site\/#organization"},"potentialAction":[{"@type":"SearchAction","target":{"@type":"EntryPoint","urlTemplate":"https:\/\/jornalpontomais.com\/site\/?s={search_term_string}"},"query-input":{"@type":"PropertyValueSpecification","valueRequired":true,"valueName":"search_term_string"}}],"inLanguage":"pt-BR"},{"@type":"Organization","@id":"https:\/\/jornalpontomais.com\/site\/#organization","name":"Jornal Ponto+","url":"https:\/\/jornalpontomais.com\/site\/","logo":{"@type":"ImageObject","inLanguage":"pt-BR","@id":"https:\/\/jornalpontomais.com\/site\/#\/schema\/logo\/image\/","url":"https:\/\/jornalpontomais.com\/site\/wp-content\/uploads\/2022\/01\/marca.png","contentUrl":"https:\/\/jornalpontomais.com\/site\/wp-content\/uploads\/2022\/01\/marca.png","width":582,"height":148,"caption":"Jornal Ponto+"},"image":{"@id":"https:\/\/jornalpontomais.com\/site\/#\/schema\/logo\/image\/"}},{"@type":"Person","@id":"https:\/\/jornalpontomais.com\/site\/#\/schema\/person\/18323f0b0f1355f2490721c48389fe9d","name":"Jornal Ponto Mais","image":{"@type":"ImageObject","inLanguage":"pt-BR","@id":"https:\/\/secure.gravatar.com\/avatar\/2ee0a9b7fe10fe32bdec8bc086e871e41eb5f4f6ecbcb7b4f2fe0d92d831405f?s=96&d=mm&r=g","url":"https:\/\/secure.gravatar.com\/avatar\/2ee0a9b7fe10fe32bdec8bc086e871e41eb5f4f6ecbcb7b4f2fe0d92d831405f?s=96&d=mm&r=g","contentUrl":"https:\/\/secure.gravatar.com\/avatar\/2ee0a9b7fe10fe32bdec8bc086e871e41eb5f4f6ecbcb7b4f2fe0d92d831405f?s=96&d=mm&r=g","caption":"Jornal Ponto Mais"},"sameAs":["https:\/\/jornalpontomais.com\/site","jornalpontomais"],"url":"https:\/\/jornalpontomais.com\/site\/author\/jornalpontomais\/"}]}},"_links":{"self":[{"href":"https:\/\/jornalpontomais.com\/site\/wp-json\/wp\/v2\/posts\/13368","targetHints":{"allow":["GET"]}}],"collection":[{"href":"https:\/\/jornalpontomais.com\/site\/wp-json\/wp\/v2\/posts"}],"about":[{"href":"https:\/\/jornalpontomais.com\/site\/wp-json\/wp\/v2\/types\/post"}],"author":[{"embeddable":true,"href":"https:\/\/jornalpontomais.com\/site\/wp-json\/wp\/v2\/users\/2"}],"replies":[{"embeddable":true,"href":"https:\/\/jornalpontomais.com\/site\/wp-json\/wp\/v2\/comments?post=13368"}],"version-history":[{"count":1,"href":"https:\/\/jornalpontomais.com\/site\/wp-json\/wp\/v2\/posts\/13368\/revisions"}],"predecessor-version":[{"id":13370,"href":"https:\/\/jornalpontomais.com\/site\/wp-json\/wp\/v2\/posts\/13368\/revisions\/13370"}],"wp:featuredmedia":[{"embeddable":true,"href":"https:\/\/jornalpontomais.com\/site\/wp-json\/wp\/v2\/media\/13369"}],"wp:attachment":[{"href":"https:\/\/jornalpontomais.com\/site\/wp-json\/wp\/v2\/media?parent=13368"}],"wp:term":[{"taxonomy":"category","embeddable":true,"href":"https:\/\/jornalpontomais.com\/site\/wp-json\/wp\/v2\/categories?post=13368"},{"taxonomy":"post_tag","embeddable":true,"href":"https:\/\/jornalpontomais.com\/site\/wp-json\/wp\/v2\/tags?post=13368"}],"curies":[{"name":"wp","href":"https:\/\/api.w.org\/{rel}","templated":true}]}}