{"id":13325,"date":"2024-05-24T08:44:14","date_gmt":"2024-05-24T11:44:14","guid":{"rendered":"https:\/\/jornalpontomais.com\/site\/?p=13325"},"modified":"2024-05-24T08:53:12","modified_gmt":"2024-05-24T11:53:12","slug":"conab-preve-crescimento-de-306-na-producao-de-cafe-em-goias","status":"publish","type":"post","link":"https:\/\/jornalpontomais.com\/site\/2024\/05\/24\/conab-preve-crescimento-de-306-na-producao-de-cafe-em-goias\/","title":{"rendered":"Conab prev\u00ea crescimento de 30,6% na produ\u00e7\u00e3o de caf\u00e9 em Goi\u00e1s"},"content":{"rendered":"\n<p>A produ\u00e7\u00e3o de caf\u00e9 em Goi\u00e1s deve atingir a marca de 263,5 mil sacas na safra 2024 \u2013 um aumento de 30,6% em rela\u00e7\u00e3o ao ano anterior. A estimativa foi divulgada nesta quinta-feira (23\/5) pela Companhia Nacional de Abastecimento (Conab), no 2\u00ba Levantamento da Safra de Caf\u00e9 do ano.<br><br><\/p>\n\n\n\n<p>O crescimento expressivo se deve a dois fatores principais: o aumento de 10,3% na \u00e1rea de planta\u00e7\u00e3o e a bienalidade positiva, fen\u00f4meno natural que alterna anos de alta e baixa produ\u00e7\u00e3o. Al\u00e9m disso, a entrada em produ\u00e7\u00e3o de cafezais mais novos deve contribuir para uma produtividade de 44,5 sacas por hectare, 18,4% superior \u00e0 registrada em 2023.<br><br><\/p>\n\n\n\n<p><strong>Caf\u00e9<\/strong><\/p>\n\n\n\n<p>Apesar do cen\u00e1rio positivo, a safra atual enfrentou desafios clim\u00e1ticos. As lavouras se beneficiaram das chuvas de mar\u00e7o e abril, que evitaram o abortamento de frutos e facilitaram o manejo. No entanto, o per\u00edodo anterior de seca e calor intenso, coincidindo com o florescimento e frutifica\u00e7\u00e3o, impactou o potencial produtivo.<br><br><\/p>\n\n\n\n<p>Em rela\u00e7\u00e3o \u00e0 \u00e1rea em produ\u00e7\u00e3o, houve um aumento em compara\u00e7\u00e3o ao ano passado, impulsionado pela inclus\u00e3o de \u00e1reas que passaram por renova\u00e7\u00e3o e agora retomam a produ\u00e7\u00e3o em n\u00edveis significativos. \u201cEste resultado \u00e9 fruto do esfor\u00e7o cont\u00ednuo dos nossos produtores e do apoio constante do Governo de Goi\u00e1s, que segue investindo em pol\u00edticas p\u00fablicas e iniciativas para fortalecer o setor cafeeiro no estado\u201d, afirma o secret\u00e1rio em substitui\u00e7\u00e3o da\u00a0Secretaria de Agricultura, Pecu\u00e1ria e Abastecimento\u00a0(Seapa), Jo\u00e3o Asmar J\u00fanior.<br><br><\/p>\n\n\n\n<p>\u201cEnfrentamos desafios clim\u00e1ticos, mas a resili\u00eancia e a dedica\u00e7\u00e3o dos nossos agricultores, aliadas \u00e0s condi\u00e7\u00f5es favor\u00e1veis das chuvas recentes, foram fundamentais para alcan\u00e7ar esse expressivo aumento na produtividade. Continuaremos trabalhando juntos para garantir o desenvolvimento sustent\u00e1vel da cafeicultura goiana e contribuir para o crescimento do agroneg\u00f3cio brasileiro\u201d, completa.<br><br><\/p>\n\n\n\n<p><strong>Cen\u00e1rio<\/strong><\/p>\n\n\n\n<p>Em n\u00edvel nacional, a produ\u00e7\u00e3o brasileira de caf\u00e9 dever\u00e1 alcan\u00e7ar 58,8 milh\u00f5es de sacas beneficiadas, representando o terceiro ano consecutivo de crescimento. O volume previsto \u00e9 6,8% superior ao do ano passado e 15,5% maior que o de 2022, ano de bienalidade positiva, mas com baixas produtividades devido a condi\u00e7\u00f5es clim\u00e1ticas adversas.<br><br><\/p>\n\n\n\n<p>Para o caf\u00e9 ar\u00e1bica, principal variedade cultivada no pa\u00eds, a expectativa \u00e9 de uma safra de 42,1 milh\u00f5es de sacas, impulsionada pelo aumento da \u00e1rea em produ\u00e7\u00e3o e da produtividade. Minas Gerais, maior produtor de ar\u00e1bica, dever\u00e1 colher 29,8 milh\u00f5es de sacas.<\/p>\n","protected":false},"excerpt":{"rendered":"<p>A produ\u00e7\u00e3o de caf\u00e9 em Goi\u00e1s deve atingir a marca de 263,5 mil sacas na safra 2024 \u2013 um aumento de 30,6% em rela\u00e7\u00e3o ao ano anterior. A estimativa foi divulgada nesta quinta-feira (23\/5) pela Companhia Nacional de Abastecimento (Conab), no 2\u00ba Levantamento da Safra de Caf\u00e9 do ano. O crescimento expressivo se deve a [&hellip;]<\/p>\n","protected":false},"author":2,"featured_media":13326,"comment_status":"open","ping_status":"open","sticky":true,"template":"","format":"standard","meta":{"om_disable_all_campaigns":false,"_monsterinsights_skip_tracking":false,"_monsterinsights_sitenote_active":false,"_monsterinsights_sitenote_note":"","_monsterinsights_sitenote_category":0,"footnotes":""},"categories":[37],"tags":[],"class_list":["post-13325","post","type-post","status-publish","format-standard","has-post-thumbnail","hentry","category-economia"],"yoast_head":"<!-- This site is optimized with the Yoast SEO plugin v27.2 - https:\/\/yoast.com\/product\/yoast-seo-wordpress\/ -->\n<title>Conab prev\u00ea crescimento de 30,6% na produ\u00e7\u00e3o de caf\u00e9 em Goi\u00e1s - Jornal Ponto Mais<\/title>\n<meta name=\"robots\" content=\"index, follow, max-snippet:-1, max-image-preview:large, max-video-preview:-1\" \/>\n<link rel=\"canonical\" href=\"https:\/\/jornalpontomais.com\/site\/2024\/05\/24\/conab-preve-crescimento-de-306-na-producao-de-cafe-em-goias\/\" \/>\n<meta property=\"og:locale\" content=\"pt_BR\" \/>\n<meta property=\"og:type\" content=\"article\" \/>\n<meta property=\"og:title\" content=\"Conab prev\u00ea crescimento de 30,6% na produ\u00e7\u00e3o de caf\u00e9 em Goi\u00e1s - Jornal Ponto Mais\" \/>\n<meta property=\"og:description\" content=\"A produ\u00e7\u00e3o de caf\u00e9 em Goi\u00e1s deve atingir a marca de 263,5 mil sacas na safra 2024 \u2013 um aumento de 30,6% em rela\u00e7\u00e3o ao ano anterior. A estimativa foi divulgada nesta quinta-feira (23\/5) pela Companhia Nacional de Abastecimento (Conab), no 2\u00ba Levantamento da Safra de Caf\u00e9 do ano. O crescimento expressivo se deve a [&hellip;]\" \/>\n<meta property=\"og:url\" content=\"https:\/\/jornalpontomais.com\/site\/2024\/05\/24\/conab-preve-crescimento-de-306-na-producao-de-cafe-em-goias\/\" \/>\n<meta property=\"og:site_name\" content=\"Jornal Ponto Mais\" \/>\n<meta property=\"article:published_time\" content=\"2024-05-24T11:44:14+00:00\" \/>\n<meta property=\"article:modified_time\" content=\"2024-05-24T11:53:12+00:00\" \/>\n<meta property=\"og:image\" content=\"https:\/\/jornalpontomais.com\/site\/wp-content\/uploads\/2024\/05\/Cafe-safra-2024-1215x807.jpg.webp\" \/>\n\t<meta property=\"og:image:width\" content=\"1215\" \/>\n\t<meta property=\"og:image:height\" content=\"807\" \/>\n\t<meta property=\"og:image:type\" content=\"image\/webp\" \/>\n<meta name=\"author\" content=\"Jornal Ponto Mais\" \/>\n<meta name=\"twitter:card\" content=\"summary_large_image\" \/>\n<meta name=\"twitter:label1\" content=\"Escrito por\" \/>\n\t<meta name=\"twitter:data1\" content=\"Jornal Ponto Mais\" \/>\n\t<meta name=\"twitter:label2\" content=\"Est. tempo de leitura\" \/>\n\t<meta name=\"twitter:data2\" content=\"2 minutos\" \/>\n<script type=\"application\/ld+json\" class=\"yoast-schema-graph\">{\"@context\":\"https:\/\/schema.org\",\"@graph\":[{\"@type\":\"Article\",\"@id\":\"https:\/\/jornalpontomais.com\/site\/2024\/05\/24\/conab-preve-crescimento-de-306-na-producao-de-cafe-em-goias\/#article\",\"isPartOf\":{\"@id\":\"https:\/\/jornalpontomais.com\/site\/2024\/05\/24\/conab-preve-crescimento-de-306-na-producao-de-cafe-em-goias\/\"},\"author\":{\"name\":\"Jornal Ponto Mais\",\"@id\":\"https:\/\/jornalpontomais.com\/site\/#\/schema\/person\/18323f0b0f1355f2490721c48389fe9d\"},\"headline\":\"Conab prev\u00ea crescimento de 30,6% na produ\u00e7\u00e3o de caf\u00e9 em Goi\u00e1s\",\"datePublished\":\"2024-05-24T11:44:14+00:00\",\"dateModified\":\"2024-05-24T11:53:12+00:00\",\"mainEntityOfPage\":{\"@id\":\"https:\/\/jornalpontomais.com\/site\/2024\/05\/24\/conab-preve-crescimento-de-306-na-producao-de-cafe-em-goias\/\"},\"wordCount\":422,\"commentCount\":0,\"publisher\":{\"@id\":\"https:\/\/jornalpontomais.com\/site\/#organization\"},\"image\":{\"@id\":\"https:\/\/jornalpontomais.com\/site\/2024\/05\/24\/conab-preve-crescimento-de-306-na-producao-de-cafe-em-goias\/#primaryimage\"},\"thumbnailUrl\":\"https:\/\/jornalpontomais.com\/site\/wp-content\/uploads\/2024\/05\/Cafe-safra-2024-1215x807.jpg.webp\",\"articleSection\":[\"Economia\"],\"inLanguage\":\"pt-BR\",\"potentialAction\":[{\"@type\":\"CommentAction\",\"name\":\"Comment\",\"target\":[\"https:\/\/jornalpontomais.com\/site\/2024\/05\/24\/conab-preve-crescimento-de-306-na-producao-de-cafe-em-goias\/#respond\"]}]},{\"@type\":\"WebPage\",\"@id\":\"https:\/\/jornalpontomais.com\/site\/2024\/05\/24\/conab-preve-crescimento-de-306-na-producao-de-cafe-em-goias\/\",\"url\":\"https:\/\/jornalpontomais.com\/site\/2024\/05\/24\/conab-preve-crescimento-de-306-na-producao-de-cafe-em-goias\/\",\"name\":\"Conab prev\u00ea crescimento de 30,6% na produ\u00e7\u00e3o de caf\u00e9 em Goi\u00e1s - Jornal Ponto Mais\",\"isPartOf\":{\"@id\":\"https:\/\/jornalpontomais.com\/site\/#website\"},\"primaryImageOfPage\":{\"@id\":\"https:\/\/jornalpontomais.com\/site\/2024\/05\/24\/conab-preve-crescimento-de-306-na-producao-de-cafe-em-goias\/#primaryimage\"},\"image\":{\"@id\":\"https:\/\/jornalpontomais.com\/site\/2024\/05\/24\/conab-preve-crescimento-de-306-na-producao-de-cafe-em-goias\/#primaryimage\"},\"thumbnailUrl\":\"https:\/\/jornalpontomais.com\/site\/wp-content\/uploads\/2024\/05\/Cafe-safra-2024-1215x807.jpg.webp\",\"datePublished\":\"2024-05-24T11:44:14+00:00\",\"dateModified\":\"2024-05-24T11:53:12+00:00\",\"breadcrumb\":{\"@id\":\"https:\/\/jornalpontomais.com\/site\/2024\/05\/24\/conab-preve-crescimento-de-306-na-producao-de-cafe-em-goias\/#breadcrumb\"},\"inLanguage\":\"pt-BR\",\"potentialAction\":[{\"@type\":\"ReadAction\",\"target\":[\"https:\/\/jornalpontomais.com\/site\/2024\/05\/24\/conab-preve-crescimento-de-306-na-producao-de-cafe-em-goias\/\"]}]},{\"@type\":\"ImageObject\",\"inLanguage\":\"pt-BR\",\"@id\":\"https:\/\/jornalpontomais.com\/site\/2024\/05\/24\/conab-preve-crescimento-de-306-na-producao-de-cafe-em-goias\/#primaryimage\",\"url\":\"https:\/\/jornalpontomais.com\/site\/wp-content\/uploads\/2024\/05\/Cafe-safra-2024-1215x807.jpg.webp\",\"contentUrl\":\"https:\/\/jornalpontomais.com\/site\/wp-content\/uploads\/2024\/05\/Cafe-safra-2024-1215x807.jpg.webp\",\"width\":1215,\"height\":807},{\"@type\":\"BreadcrumbList\",\"@id\":\"https:\/\/jornalpontomais.com\/site\/2024\/05\/24\/conab-preve-crescimento-de-306-na-producao-de-cafe-em-goias\/#breadcrumb\",\"itemListElement\":[{\"@type\":\"ListItem\",\"position\":1,\"name\":\"In\u00edcio\",\"item\":\"https:\/\/jornalpontomais.com\/site\/\"},{\"@type\":\"ListItem\",\"position\":2,\"name\":\"Conab prev\u00ea crescimento de 30,6% na produ\u00e7\u00e3o de caf\u00e9 em Goi\u00e1s\"}]},{\"@type\":\"WebSite\",\"@id\":\"https:\/\/jornalpontomais.com\/site\/#website\",\"url\":\"https:\/\/jornalpontomais.com\/site\/\",\"name\":\"Jornal Ponto Mais\",\"description\":\"As principais not\u00edcias do Brasil e do mundo. Confira!\",\"publisher\":{\"@id\":\"https:\/\/jornalpontomais.com\/site\/#organization\"},\"potentialAction\":[{\"@type\":\"SearchAction\",\"target\":{\"@type\":\"EntryPoint\",\"urlTemplate\":\"https:\/\/jornalpontomais.com\/site\/?s={search_term_string}\"},\"query-input\":{\"@type\":\"PropertyValueSpecification\",\"valueRequired\":true,\"valueName\":\"search_term_string\"}}],\"inLanguage\":\"pt-BR\"},{\"@type\":\"Organization\",\"@id\":\"https:\/\/jornalpontomais.com\/site\/#organization\",\"name\":\"Jornal Ponto+\",\"url\":\"https:\/\/jornalpontomais.com\/site\/\",\"logo\":{\"@type\":\"ImageObject\",\"inLanguage\":\"pt-BR\",\"@id\":\"https:\/\/jornalpontomais.com\/site\/#\/schema\/logo\/image\/\",\"url\":\"https:\/\/jornalpontomais.com\/site\/wp-content\/uploads\/2022\/01\/marca.png\",\"contentUrl\":\"https:\/\/jornalpontomais.com\/site\/wp-content\/uploads\/2022\/01\/marca.png\",\"width\":582,\"height\":148,\"caption\":\"Jornal Ponto+\"},\"image\":{\"@id\":\"https:\/\/jornalpontomais.com\/site\/#\/schema\/logo\/image\/\"}},{\"@type\":\"Person\",\"@id\":\"https:\/\/jornalpontomais.com\/site\/#\/schema\/person\/18323f0b0f1355f2490721c48389fe9d\",\"name\":\"Jornal Ponto Mais\",\"image\":{\"@type\":\"ImageObject\",\"inLanguage\":\"pt-BR\",\"@id\":\"https:\/\/secure.gravatar.com\/avatar\/2ee0a9b7fe10fe32bdec8bc086e871e41eb5f4f6ecbcb7b4f2fe0d92d831405f?s=96&d=mm&r=g\",\"url\":\"https:\/\/secure.gravatar.com\/avatar\/2ee0a9b7fe10fe32bdec8bc086e871e41eb5f4f6ecbcb7b4f2fe0d92d831405f?s=96&d=mm&r=g\",\"contentUrl\":\"https:\/\/secure.gravatar.com\/avatar\/2ee0a9b7fe10fe32bdec8bc086e871e41eb5f4f6ecbcb7b4f2fe0d92d831405f?s=96&d=mm&r=g\",\"caption\":\"Jornal Ponto Mais\"},\"sameAs\":[\"https:\/\/jornalpontomais.com\/site\",\"jornalpontomais\"],\"url\":\"https:\/\/jornalpontomais.com\/site\/author\/jornalpontomais\/\"}]}<\/script>\n<!-- \/ Yoast SEO plugin. -->","yoast_head_json":{"title":"Conab prev\u00ea crescimento de 30,6% na produ\u00e7\u00e3o de caf\u00e9 em Goi\u00e1s - Jornal Ponto Mais","robots":{"index":"index","follow":"follow","max-snippet":"max-snippet:-1","max-image-preview":"max-image-preview:large","max-video-preview":"max-video-preview:-1"},"canonical":"https:\/\/jornalpontomais.com\/site\/2024\/05\/24\/conab-preve-crescimento-de-306-na-producao-de-cafe-em-goias\/","og_locale":"pt_BR","og_type":"article","og_title":"Conab prev\u00ea crescimento de 30,6% na produ\u00e7\u00e3o de caf\u00e9 em Goi\u00e1s - Jornal Ponto Mais","og_description":"A produ\u00e7\u00e3o de caf\u00e9 em Goi\u00e1s deve atingir a marca de 263,5 mil sacas na safra 2024 \u2013 um aumento de 30,6% em rela\u00e7\u00e3o ao ano anterior. A estimativa foi divulgada nesta quinta-feira (23\/5) pela Companhia Nacional de Abastecimento (Conab), no 2\u00ba Levantamento da Safra de Caf\u00e9 do ano. O crescimento expressivo se deve a [&hellip;]","og_url":"https:\/\/jornalpontomais.com\/site\/2024\/05\/24\/conab-preve-crescimento-de-306-na-producao-de-cafe-em-goias\/","og_site_name":"Jornal Ponto Mais","article_published_time":"2024-05-24T11:44:14+00:00","article_modified_time":"2024-05-24T11:53:12+00:00","og_image":[{"width":1215,"height":807,"url":"https:\/\/jornalpontomais.com\/site\/wp-content\/uploads\/2024\/05\/Cafe-safra-2024-1215x807.jpg.webp","type":"image\/webp"}],"author":"Jornal Ponto Mais","twitter_card":"summary_large_image","twitter_misc":{"Escrito por":"Jornal Ponto Mais","Est. tempo de leitura":"2 minutos"},"schema":{"@context":"https:\/\/schema.org","@graph":[{"@type":"Article","@id":"https:\/\/jornalpontomais.com\/site\/2024\/05\/24\/conab-preve-crescimento-de-306-na-producao-de-cafe-em-goias\/#article","isPartOf":{"@id":"https:\/\/jornalpontomais.com\/site\/2024\/05\/24\/conab-preve-crescimento-de-306-na-producao-de-cafe-em-goias\/"},"author":{"name":"Jornal Ponto Mais","@id":"https:\/\/jornalpontomais.com\/site\/#\/schema\/person\/18323f0b0f1355f2490721c48389fe9d"},"headline":"Conab prev\u00ea crescimento de 30,6% na produ\u00e7\u00e3o de caf\u00e9 em Goi\u00e1s","datePublished":"2024-05-24T11:44:14+00:00","dateModified":"2024-05-24T11:53:12+00:00","mainEntityOfPage":{"@id":"https:\/\/jornalpontomais.com\/site\/2024\/05\/24\/conab-preve-crescimento-de-306-na-producao-de-cafe-em-goias\/"},"wordCount":422,"commentCount":0,"publisher":{"@id":"https:\/\/jornalpontomais.com\/site\/#organization"},"image":{"@id":"https:\/\/jornalpontomais.com\/site\/2024\/05\/24\/conab-preve-crescimento-de-306-na-producao-de-cafe-em-goias\/#primaryimage"},"thumbnailUrl":"https:\/\/jornalpontomais.com\/site\/wp-content\/uploads\/2024\/05\/Cafe-safra-2024-1215x807.jpg.webp","articleSection":["Economia"],"inLanguage":"pt-BR","potentialAction":[{"@type":"CommentAction","name":"Comment","target":["https:\/\/jornalpontomais.com\/site\/2024\/05\/24\/conab-preve-crescimento-de-306-na-producao-de-cafe-em-goias\/#respond"]}]},{"@type":"WebPage","@id":"https:\/\/jornalpontomais.com\/site\/2024\/05\/24\/conab-preve-crescimento-de-306-na-producao-de-cafe-em-goias\/","url":"https:\/\/jornalpontomais.com\/site\/2024\/05\/24\/conab-preve-crescimento-de-306-na-producao-de-cafe-em-goias\/","name":"Conab prev\u00ea crescimento de 30,6% na produ\u00e7\u00e3o de caf\u00e9 em Goi\u00e1s - Jornal Ponto Mais","isPartOf":{"@id":"https:\/\/jornalpontomais.com\/site\/#website"},"primaryImageOfPage":{"@id":"https:\/\/jornalpontomais.com\/site\/2024\/05\/24\/conab-preve-crescimento-de-306-na-producao-de-cafe-em-goias\/#primaryimage"},"image":{"@id":"https:\/\/jornalpontomais.com\/site\/2024\/05\/24\/conab-preve-crescimento-de-306-na-producao-de-cafe-em-goias\/#primaryimage"},"thumbnailUrl":"https:\/\/jornalpontomais.com\/site\/wp-content\/uploads\/2024\/05\/Cafe-safra-2024-1215x807.jpg.webp","datePublished":"2024-05-24T11:44:14+00:00","dateModified":"2024-05-24T11:53:12+00:00","breadcrumb":{"@id":"https:\/\/jornalpontomais.com\/site\/2024\/05\/24\/conab-preve-crescimento-de-306-na-producao-de-cafe-em-goias\/#breadcrumb"},"inLanguage":"pt-BR","potentialAction":[{"@type":"ReadAction","target":["https:\/\/jornalpontomais.com\/site\/2024\/05\/24\/conab-preve-crescimento-de-306-na-producao-de-cafe-em-goias\/"]}]},{"@type":"ImageObject","inLanguage":"pt-BR","@id":"https:\/\/jornalpontomais.com\/site\/2024\/05\/24\/conab-preve-crescimento-de-306-na-producao-de-cafe-em-goias\/#primaryimage","url":"https:\/\/jornalpontomais.com\/site\/wp-content\/uploads\/2024\/05\/Cafe-safra-2024-1215x807.jpg.webp","contentUrl":"https:\/\/jornalpontomais.com\/site\/wp-content\/uploads\/2024\/05\/Cafe-safra-2024-1215x807.jpg.webp","width":1215,"height":807},{"@type":"BreadcrumbList","@id":"https:\/\/jornalpontomais.com\/site\/2024\/05\/24\/conab-preve-crescimento-de-306-na-producao-de-cafe-em-goias\/#breadcrumb","itemListElement":[{"@type":"ListItem","position":1,"name":"In\u00edcio","item":"https:\/\/jornalpontomais.com\/site\/"},{"@type":"ListItem","position":2,"name":"Conab prev\u00ea crescimento de 30,6% na produ\u00e7\u00e3o de caf\u00e9 em Goi\u00e1s"}]},{"@type":"WebSite","@id":"https:\/\/jornalpontomais.com\/site\/#website","url":"https:\/\/jornalpontomais.com\/site\/","name":"Jornal Ponto Mais","description":"As principais not\u00edcias do Brasil e do mundo. Confira!","publisher":{"@id":"https:\/\/jornalpontomais.com\/site\/#organization"},"potentialAction":[{"@type":"SearchAction","target":{"@type":"EntryPoint","urlTemplate":"https:\/\/jornalpontomais.com\/site\/?s={search_term_string}"},"query-input":{"@type":"PropertyValueSpecification","valueRequired":true,"valueName":"search_term_string"}}],"inLanguage":"pt-BR"},{"@type":"Organization","@id":"https:\/\/jornalpontomais.com\/site\/#organization","name":"Jornal Ponto+","url":"https:\/\/jornalpontomais.com\/site\/","logo":{"@type":"ImageObject","inLanguage":"pt-BR","@id":"https:\/\/jornalpontomais.com\/site\/#\/schema\/logo\/image\/","url":"https:\/\/jornalpontomais.com\/site\/wp-content\/uploads\/2022\/01\/marca.png","contentUrl":"https:\/\/jornalpontomais.com\/site\/wp-content\/uploads\/2022\/01\/marca.png","width":582,"height":148,"caption":"Jornal Ponto+"},"image":{"@id":"https:\/\/jornalpontomais.com\/site\/#\/schema\/logo\/image\/"}},{"@type":"Person","@id":"https:\/\/jornalpontomais.com\/site\/#\/schema\/person\/18323f0b0f1355f2490721c48389fe9d","name":"Jornal Ponto Mais","image":{"@type":"ImageObject","inLanguage":"pt-BR","@id":"https:\/\/secure.gravatar.com\/avatar\/2ee0a9b7fe10fe32bdec8bc086e871e41eb5f4f6ecbcb7b4f2fe0d92d831405f?s=96&d=mm&r=g","url":"https:\/\/secure.gravatar.com\/avatar\/2ee0a9b7fe10fe32bdec8bc086e871e41eb5f4f6ecbcb7b4f2fe0d92d831405f?s=96&d=mm&r=g","contentUrl":"https:\/\/secure.gravatar.com\/avatar\/2ee0a9b7fe10fe32bdec8bc086e871e41eb5f4f6ecbcb7b4f2fe0d92d831405f?s=96&d=mm&r=g","caption":"Jornal Ponto Mais"},"sameAs":["https:\/\/jornalpontomais.com\/site","jornalpontomais"],"url":"https:\/\/jornalpontomais.com\/site\/author\/jornalpontomais\/"}]}},"_links":{"self":[{"href":"https:\/\/jornalpontomais.com\/site\/wp-json\/wp\/v2\/posts\/13325","targetHints":{"allow":["GET"]}}],"collection":[{"href":"https:\/\/jornalpontomais.com\/site\/wp-json\/wp\/v2\/posts"}],"about":[{"href":"https:\/\/jornalpontomais.com\/site\/wp-json\/wp\/v2\/types\/post"}],"author":[{"embeddable":true,"href":"https:\/\/jornalpontomais.com\/site\/wp-json\/wp\/v2\/users\/2"}],"replies":[{"embeddable":true,"href":"https:\/\/jornalpontomais.com\/site\/wp-json\/wp\/v2\/comments?post=13325"}],"version-history":[{"count":2,"href":"https:\/\/jornalpontomais.com\/site\/wp-json\/wp\/v2\/posts\/13325\/revisions"}],"predecessor-version":[{"id":13329,"href":"https:\/\/jornalpontomais.com\/site\/wp-json\/wp\/v2\/posts\/13325\/revisions\/13329"}],"wp:featuredmedia":[{"embeddable":true,"href":"https:\/\/jornalpontomais.com\/site\/wp-json\/wp\/v2\/media\/13326"}],"wp:attachment":[{"href":"https:\/\/jornalpontomais.com\/site\/wp-json\/wp\/v2\/media?parent=13325"}],"wp:term":[{"taxonomy":"category","embeddable":true,"href":"https:\/\/jornalpontomais.com\/site\/wp-json\/wp\/v2\/categories?post=13325"},{"taxonomy":"post_tag","embeddable":true,"href":"https:\/\/jornalpontomais.com\/site\/wp-json\/wp\/v2\/tags?post=13325"}],"curies":[{"name":"wp","href":"https:\/\/api.w.org\/{rel}","templated":true}]}}