{"id":13278,"date":"2024-05-21T08:54:46","date_gmt":"2024-05-21T11:54:46","guid":{"rendered":"https:\/\/jornalpontomais.com\/site\/?p=13278"},"modified":"2024-05-21T08:54:47","modified_gmt":"2024-05-21T11:54:47","slug":"copa-do-brasil-vasco-e-fortaleza-duelam-por-vaga-nas-oitavas","status":"publish","type":"post","link":"https:\/\/jornalpontomais.com\/site\/2024\/05\/21\/copa-do-brasil-vasco-e-fortaleza-duelam-por-vaga-nas-oitavas\/","title":{"rendered":"Copa do Brasil: Vasco e Fortaleza duelam por vaga nas oitavas"},"content":{"rendered":"\n<p>O est\u00e1dio de S\u00e3o Janu\u00e1rio abre as portas para o confronto entre Vasco da Gama e Fortaleza pela Copa do Brasil. O jogo \u00e9 decisivo, pois apenas uma das duas equipes seguir\u00e1 para as oitavas de final. A partida ser\u00e1 transmitida ao vivo, a partir das 21h30 (hor\u00e1rio de Bras\u00edlia) desta ter\u00e7a-feira (21).<br><br><\/p>\n\n\n\n<p>Como o jogo de ida, disputado na Arena Castel\u00e3o, em Fortaleza, terminou com empate sem gols, ningu\u00e9m tem qualquer vantagem em S\u00e3o Janu\u00e1rio. Assim, em caso de nova igualdade, a vaga ser\u00e1 decidida nas penalidades m\u00e1ximas.<br><br><br><br>O Vasco vive um momento de anima\u00e7\u00e3o ap\u00f3s a chegada de seu novo treinador, o portugu\u00eas \u00c1lvaro Pacheco, que ainda n\u00e3o estreia mas que j\u00e1 ganhou um apelido da torcida cruzmaltina: Mister Boina. \u201cSimp\u00e1tico e animado, que ele e os auxiliares possam levar o Vasco de volta ao passado de t\u00edtulos\u201d, afirmou a sapateira Maria Jos\u00e9 de Souza.<\/p>\n\n\n\n<figure class=\"wp-block-embed is-type-rich is-provider-twitter wp-block-embed-twitter\"><div class=\"wp-block-embed__wrapper\">\n<blockquote class=\"twitter-tweet\" data-width=\"550\" data-dnt=\"true\"><p lang=\"pt\" dir=\"ltr\">\ud83d\udc4a\ud83d\udca2<br><br>\ud83d\udcf8: Leandro Amorim | <a href=\"https:\/\/twitter.com\/hashtag\/VascoDaGama?src=hash&amp;ref_src=twsrc%5Etfw\">#VascoDaGama<\/a> <a href=\"https:\/\/t.co\/Qynsd3KgBR\">pic.twitter.com\/Qynsd3KgBR<\/a><\/p>&mdash; Vasco da Gama (@VascodaGama) <a href=\"https:\/\/twitter.com\/VascodaGama\/status\/1791544214175781097?ref_src=twsrc%5Etfw\">May 17, 2024<\/a><\/blockquote><script async src=\"https:\/\/platform.twitter.com\/widgets.js\" charset=\"utf-8\"><\/script>\n<\/div><\/figure>\n\n\n\n<p>Como \u00c1lvaro Pacheco e seus auxiliares desembarcaram no \u00faltimo domingo (20) no Rio de Janeiro e ainda precisam resolver quest\u00f5es burocr\u00e1ticas para trabalhar no Brasil, quem comanda o Vasco \u00e0 beira do gramado \u00e9 Rafael Paiva. O treinador interino n\u00e3o relacionou o volante Hugo Moura para o jogo e deve manter o zagueiro Jo\u00e3o Victor improvisado na lateral direita.<br><br><\/p>\n\n\n\n<p>J\u00e1 o Fortaleza do treinador argentino Pablo Vojvoda tem cinco desfalques certos: Renato Kayzer, que j\u00e1 defendeu o Crici\u00fama na Copa do Brasil, al\u00e9m de Calebe, Lucas Sasha, Br\u00edtez e Pedro Rocha, atletas entregues ao departamento m\u00e9dico.<\/p>\n\n\n\n<figure class=\"wp-block-embed is-type-rich is-provider-twitter wp-block-embed-twitter\"><div class=\"wp-block-embed__wrapper\">\n<blockquote class=\"twitter-tweet\" data-width=\"550\" data-dnt=\"true\"><p lang=\"pt\" dir=\"ltr\">De volta aos trabalhos! \ud83d\udcaa\ud83e\udd81<br><br>\ud83d\udcf8 Leonardo Moreira\/FEC<a href=\"https:\/\/twitter.com\/hashtag\/FortalezaEC?src=hash&amp;ref_src=twsrc%5Etfw\">#FortalezaEC<\/a> <a href=\"https:\/\/t.co\/9K7TcDZIZU\">pic.twitter.com\/9K7TcDZIZU<\/a><\/p>&mdash; Fortaleza Esporte Clube \ud83e\udd81 (@FortalezaEC) <a href=\"https:\/\/twitter.com\/FortalezaEC\/status\/1791974121611415768?ref_src=twsrc%5Etfw\">May 18, 2024<\/a><\/blockquote><script async src=\"https:\/\/platform.twitter.com\/widgets.js\" charset=\"utf-8\"><\/script>\n<\/div><\/figure>\n\n\n\n<p>O Le\u00e3o do Pici vem de um empate heroico de 1 a 1 com o Boca Juniors (Argentina) em plena Bombonera pela Copa Sul-Americana.<\/p>\n","protected":false},"excerpt":{"rendered":"<p>O est\u00e1dio de S\u00e3o Janu\u00e1rio abre as portas para o confronto entre Vasco da Gama e Fortaleza pela Copa do Brasil. O jogo \u00e9 decisivo, pois apenas uma das duas equipes seguir\u00e1 para as oitavas de final. A partida ser\u00e1 transmitida ao vivo, a partir das 21h30 (hor\u00e1rio de Bras\u00edlia) desta ter\u00e7a-feira (21). Como o [&hellip;]<\/p>\n","protected":false},"author":2,"featured_media":13279,"comment_status":"open","ping_status":"open","sticky":true,"template":"","format":"standard","meta":{"om_disable_all_campaigns":false,"_monsterinsights_skip_tracking":false,"_monsterinsights_sitenote_active":false,"_monsterinsights_sitenote_note":"","_monsterinsights_sitenote_category":0,"footnotes":""},"categories":[4],"tags":[],"class_list":["post-13278","post","type-post","status-publish","format-standard","has-post-thumbnail","hentry","category-esporte"],"yoast_head":"<!-- This site is optimized with the Yoast SEO plugin v27.2 - https:\/\/yoast.com\/product\/yoast-seo-wordpress\/ -->\n<title>Copa do Brasil: Vasco e Fortaleza duelam por vaga nas oitavas - Jornal Ponto Mais<\/title>\n<meta name=\"robots\" content=\"index, follow, max-snippet:-1, max-image-preview:large, max-video-preview:-1\" \/>\n<link rel=\"canonical\" href=\"https:\/\/jornalpontomais.com\/site\/2024\/05\/21\/copa-do-brasil-vasco-e-fortaleza-duelam-por-vaga-nas-oitavas\/\" \/>\n<meta property=\"og:locale\" content=\"pt_BR\" \/>\n<meta property=\"og:type\" content=\"article\" \/>\n<meta property=\"og:title\" content=\"Copa do Brasil: Vasco e Fortaleza duelam por vaga nas oitavas - Jornal Ponto Mais\" \/>\n<meta property=\"og:description\" content=\"O est\u00e1dio de S\u00e3o Janu\u00e1rio abre as portas para o confronto entre Vasco da Gama e Fortaleza pela Copa do Brasil. O jogo \u00e9 decisivo, pois apenas uma das duas equipes seguir\u00e1 para as oitavas de final. A partida ser\u00e1 transmitida ao vivo, a partir das 21h30 (hor\u00e1rio de Bras\u00edlia) desta ter\u00e7a-feira (21). Como o [&hellip;]\" \/>\n<meta property=\"og:url\" content=\"https:\/\/jornalpontomais.com\/site\/2024\/05\/21\/copa-do-brasil-vasco-e-fortaleza-duelam-por-vaga-nas-oitavas\/\" \/>\n<meta property=\"og:site_name\" content=\"Jornal Ponto Mais\" \/>\n<meta property=\"article:published_time\" content=\"2024-05-21T11:54:46+00:00\" \/>\n<meta property=\"article:modified_time\" content=\"2024-05-21T11:54:47+00:00\" \/>\n<meta property=\"og:image\" content=\"https:\/\/jornalpontomais.com\/site\/wp-content\/uploads\/2024\/05\/53691858427_058de28c29_o.webp\" \/>\n\t<meta property=\"og:image:width\" content=\"1170\" \/>\n\t<meta property=\"og:image:height\" content=\"700\" \/>\n\t<meta property=\"og:image:type\" content=\"image\/webp\" \/>\n<meta name=\"author\" content=\"Jornal Ponto Mais\" \/>\n<meta name=\"twitter:card\" content=\"summary_large_image\" \/>\n<meta name=\"twitter:label1\" content=\"Escrito por\" \/>\n\t<meta name=\"twitter:data1\" content=\"Jornal Ponto Mais\" \/>\n\t<meta name=\"twitter:label2\" content=\"Est. tempo de leitura\" \/>\n\t<meta name=\"twitter:data2\" content=\"1 minuto\" \/>\n<script type=\"application\/ld+json\" class=\"yoast-schema-graph\">{\"@context\":\"https:\/\/schema.org\",\"@graph\":[{\"@type\":\"Article\",\"@id\":\"https:\/\/jornalpontomais.com\/site\/2024\/05\/21\/copa-do-brasil-vasco-e-fortaleza-duelam-por-vaga-nas-oitavas\/#article\",\"isPartOf\":{\"@id\":\"https:\/\/jornalpontomais.com\/site\/2024\/05\/21\/copa-do-brasil-vasco-e-fortaleza-duelam-por-vaga-nas-oitavas\/\"},\"author\":{\"name\":\"Jornal Ponto Mais\",\"@id\":\"https:\/\/jornalpontomais.com\/site\/#\/schema\/person\/18323f0b0f1355f2490721c48389fe9d\"},\"headline\":\"Copa do Brasil: Vasco e Fortaleza duelam por vaga nas oitavas\",\"datePublished\":\"2024-05-21T11:54:46+00:00\",\"dateModified\":\"2024-05-21T11:54:47+00:00\",\"mainEntityOfPage\":{\"@id\":\"https:\/\/jornalpontomais.com\/site\/2024\/05\/21\/copa-do-brasil-vasco-e-fortaleza-duelam-por-vaga-nas-oitavas\/\"},\"wordCount\":307,\"commentCount\":0,\"publisher\":{\"@id\":\"https:\/\/jornalpontomais.com\/site\/#organization\"},\"image\":{\"@id\":\"https:\/\/jornalpontomais.com\/site\/2024\/05\/21\/copa-do-brasil-vasco-e-fortaleza-duelam-por-vaga-nas-oitavas\/#primaryimage\"},\"thumbnailUrl\":\"https:\/\/jornalpontomais.com\/site\/wp-content\/uploads\/2024\/05\/53691858427_058de28c29_o.webp\",\"articleSection\":[\"Esporte\"],\"inLanguage\":\"pt-BR\",\"potentialAction\":[{\"@type\":\"CommentAction\",\"name\":\"Comment\",\"target\":[\"https:\/\/jornalpontomais.com\/site\/2024\/05\/21\/copa-do-brasil-vasco-e-fortaleza-duelam-por-vaga-nas-oitavas\/#respond\"]}]},{\"@type\":\"WebPage\",\"@id\":\"https:\/\/jornalpontomais.com\/site\/2024\/05\/21\/copa-do-brasil-vasco-e-fortaleza-duelam-por-vaga-nas-oitavas\/\",\"url\":\"https:\/\/jornalpontomais.com\/site\/2024\/05\/21\/copa-do-brasil-vasco-e-fortaleza-duelam-por-vaga-nas-oitavas\/\",\"name\":\"Copa do Brasil: Vasco e Fortaleza duelam por vaga nas oitavas - Jornal Ponto Mais\",\"isPartOf\":{\"@id\":\"https:\/\/jornalpontomais.com\/site\/#website\"},\"primaryImageOfPage\":{\"@id\":\"https:\/\/jornalpontomais.com\/site\/2024\/05\/21\/copa-do-brasil-vasco-e-fortaleza-duelam-por-vaga-nas-oitavas\/#primaryimage\"},\"image\":{\"@id\":\"https:\/\/jornalpontomais.com\/site\/2024\/05\/21\/copa-do-brasil-vasco-e-fortaleza-duelam-por-vaga-nas-oitavas\/#primaryimage\"},\"thumbnailUrl\":\"https:\/\/jornalpontomais.com\/site\/wp-content\/uploads\/2024\/05\/53691858427_058de28c29_o.webp\",\"datePublished\":\"2024-05-21T11:54:46+00:00\",\"dateModified\":\"2024-05-21T11:54:47+00:00\",\"breadcrumb\":{\"@id\":\"https:\/\/jornalpontomais.com\/site\/2024\/05\/21\/copa-do-brasil-vasco-e-fortaleza-duelam-por-vaga-nas-oitavas\/#breadcrumb\"},\"inLanguage\":\"pt-BR\",\"potentialAction\":[{\"@type\":\"ReadAction\",\"target\":[\"https:\/\/jornalpontomais.com\/site\/2024\/05\/21\/copa-do-brasil-vasco-e-fortaleza-duelam-por-vaga-nas-oitavas\/\"]}]},{\"@type\":\"ImageObject\",\"inLanguage\":\"pt-BR\",\"@id\":\"https:\/\/jornalpontomais.com\/site\/2024\/05\/21\/copa-do-brasil-vasco-e-fortaleza-duelam-por-vaga-nas-oitavas\/#primaryimage\",\"url\":\"https:\/\/jornalpontomais.com\/site\/wp-content\/uploads\/2024\/05\/53691858427_058de28c29_o.webp\",\"contentUrl\":\"https:\/\/jornalpontomais.com\/site\/wp-content\/uploads\/2024\/05\/53691858427_058de28c29_o.webp\",\"width\":1170,\"height\":700},{\"@type\":\"BreadcrumbList\",\"@id\":\"https:\/\/jornalpontomais.com\/site\/2024\/05\/21\/copa-do-brasil-vasco-e-fortaleza-duelam-por-vaga-nas-oitavas\/#breadcrumb\",\"itemListElement\":[{\"@type\":\"ListItem\",\"position\":1,\"name\":\"In\u00edcio\",\"item\":\"https:\/\/jornalpontomais.com\/site\/\"},{\"@type\":\"ListItem\",\"position\":2,\"name\":\"Copa do Brasil: Vasco e Fortaleza duelam por vaga nas oitavas\"}]},{\"@type\":\"WebSite\",\"@id\":\"https:\/\/jornalpontomais.com\/site\/#website\",\"url\":\"https:\/\/jornalpontomais.com\/site\/\",\"name\":\"Jornal Ponto Mais\",\"description\":\"As principais not\u00edcias do Brasil e do mundo. Confira!\",\"publisher\":{\"@id\":\"https:\/\/jornalpontomais.com\/site\/#organization\"},\"potentialAction\":[{\"@type\":\"SearchAction\",\"target\":{\"@type\":\"EntryPoint\",\"urlTemplate\":\"https:\/\/jornalpontomais.com\/site\/?s={search_term_string}\"},\"query-input\":{\"@type\":\"PropertyValueSpecification\",\"valueRequired\":true,\"valueName\":\"search_term_string\"}}],\"inLanguage\":\"pt-BR\"},{\"@type\":\"Organization\",\"@id\":\"https:\/\/jornalpontomais.com\/site\/#organization\",\"name\":\"Jornal Ponto+\",\"url\":\"https:\/\/jornalpontomais.com\/site\/\",\"logo\":{\"@type\":\"ImageObject\",\"inLanguage\":\"pt-BR\",\"@id\":\"https:\/\/jornalpontomais.com\/site\/#\/schema\/logo\/image\/\",\"url\":\"https:\/\/jornalpontomais.com\/site\/wp-content\/uploads\/2022\/01\/marca.png\",\"contentUrl\":\"https:\/\/jornalpontomais.com\/site\/wp-content\/uploads\/2022\/01\/marca.png\",\"width\":582,\"height\":148,\"caption\":\"Jornal Ponto+\"},\"image\":{\"@id\":\"https:\/\/jornalpontomais.com\/site\/#\/schema\/logo\/image\/\"}},{\"@type\":\"Person\",\"@id\":\"https:\/\/jornalpontomais.com\/site\/#\/schema\/person\/18323f0b0f1355f2490721c48389fe9d\",\"name\":\"Jornal Ponto Mais\",\"image\":{\"@type\":\"ImageObject\",\"inLanguage\":\"pt-BR\",\"@id\":\"https:\/\/secure.gravatar.com\/avatar\/2ee0a9b7fe10fe32bdec8bc086e871e41eb5f4f6ecbcb7b4f2fe0d92d831405f?s=96&d=mm&r=g\",\"url\":\"https:\/\/secure.gravatar.com\/avatar\/2ee0a9b7fe10fe32bdec8bc086e871e41eb5f4f6ecbcb7b4f2fe0d92d831405f?s=96&d=mm&r=g\",\"contentUrl\":\"https:\/\/secure.gravatar.com\/avatar\/2ee0a9b7fe10fe32bdec8bc086e871e41eb5f4f6ecbcb7b4f2fe0d92d831405f?s=96&d=mm&r=g\",\"caption\":\"Jornal Ponto Mais\"},\"sameAs\":[\"https:\/\/jornalpontomais.com\/site\",\"jornalpontomais\"],\"url\":\"https:\/\/jornalpontomais.com\/site\/author\/jornalpontomais\/\"}]}<\/script>\n<!-- \/ Yoast SEO plugin. -->","yoast_head_json":{"title":"Copa do Brasil: Vasco e Fortaleza duelam por vaga nas oitavas - Jornal Ponto Mais","robots":{"index":"index","follow":"follow","max-snippet":"max-snippet:-1","max-image-preview":"max-image-preview:large","max-video-preview":"max-video-preview:-1"},"canonical":"https:\/\/jornalpontomais.com\/site\/2024\/05\/21\/copa-do-brasil-vasco-e-fortaleza-duelam-por-vaga-nas-oitavas\/","og_locale":"pt_BR","og_type":"article","og_title":"Copa do Brasil: Vasco e Fortaleza duelam por vaga nas oitavas - Jornal Ponto Mais","og_description":"O est\u00e1dio de S\u00e3o Janu\u00e1rio abre as portas para o confronto entre Vasco da Gama e Fortaleza pela Copa do Brasil. O jogo \u00e9 decisivo, pois apenas uma das duas equipes seguir\u00e1 para as oitavas de final. A partida ser\u00e1 transmitida ao vivo, a partir das 21h30 (hor\u00e1rio de Bras\u00edlia) desta ter\u00e7a-feira (21). Como o [&hellip;]","og_url":"https:\/\/jornalpontomais.com\/site\/2024\/05\/21\/copa-do-brasil-vasco-e-fortaleza-duelam-por-vaga-nas-oitavas\/","og_site_name":"Jornal Ponto Mais","article_published_time":"2024-05-21T11:54:46+00:00","article_modified_time":"2024-05-21T11:54:47+00:00","og_image":[{"width":1170,"height":700,"url":"https:\/\/jornalpontomais.com\/site\/wp-content\/uploads\/2024\/05\/53691858427_058de28c29_o.webp","type":"image\/webp"}],"author":"Jornal Ponto Mais","twitter_card":"summary_large_image","twitter_misc":{"Escrito por":"Jornal Ponto Mais","Est. tempo de leitura":"1 minuto"},"schema":{"@context":"https:\/\/schema.org","@graph":[{"@type":"Article","@id":"https:\/\/jornalpontomais.com\/site\/2024\/05\/21\/copa-do-brasil-vasco-e-fortaleza-duelam-por-vaga-nas-oitavas\/#article","isPartOf":{"@id":"https:\/\/jornalpontomais.com\/site\/2024\/05\/21\/copa-do-brasil-vasco-e-fortaleza-duelam-por-vaga-nas-oitavas\/"},"author":{"name":"Jornal Ponto Mais","@id":"https:\/\/jornalpontomais.com\/site\/#\/schema\/person\/18323f0b0f1355f2490721c48389fe9d"},"headline":"Copa do Brasil: Vasco e Fortaleza duelam por vaga nas oitavas","datePublished":"2024-05-21T11:54:46+00:00","dateModified":"2024-05-21T11:54:47+00:00","mainEntityOfPage":{"@id":"https:\/\/jornalpontomais.com\/site\/2024\/05\/21\/copa-do-brasil-vasco-e-fortaleza-duelam-por-vaga-nas-oitavas\/"},"wordCount":307,"commentCount":0,"publisher":{"@id":"https:\/\/jornalpontomais.com\/site\/#organization"},"image":{"@id":"https:\/\/jornalpontomais.com\/site\/2024\/05\/21\/copa-do-brasil-vasco-e-fortaleza-duelam-por-vaga-nas-oitavas\/#primaryimage"},"thumbnailUrl":"https:\/\/jornalpontomais.com\/site\/wp-content\/uploads\/2024\/05\/53691858427_058de28c29_o.webp","articleSection":["Esporte"],"inLanguage":"pt-BR","potentialAction":[{"@type":"CommentAction","name":"Comment","target":["https:\/\/jornalpontomais.com\/site\/2024\/05\/21\/copa-do-brasil-vasco-e-fortaleza-duelam-por-vaga-nas-oitavas\/#respond"]}]},{"@type":"WebPage","@id":"https:\/\/jornalpontomais.com\/site\/2024\/05\/21\/copa-do-brasil-vasco-e-fortaleza-duelam-por-vaga-nas-oitavas\/","url":"https:\/\/jornalpontomais.com\/site\/2024\/05\/21\/copa-do-brasil-vasco-e-fortaleza-duelam-por-vaga-nas-oitavas\/","name":"Copa do Brasil: Vasco e Fortaleza duelam por vaga nas oitavas - Jornal Ponto Mais","isPartOf":{"@id":"https:\/\/jornalpontomais.com\/site\/#website"},"primaryImageOfPage":{"@id":"https:\/\/jornalpontomais.com\/site\/2024\/05\/21\/copa-do-brasil-vasco-e-fortaleza-duelam-por-vaga-nas-oitavas\/#primaryimage"},"image":{"@id":"https:\/\/jornalpontomais.com\/site\/2024\/05\/21\/copa-do-brasil-vasco-e-fortaleza-duelam-por-vaga-nas-oitavas\/#primaryimage"},"thumbnailUrl":"https:\/\/jornalpontomais.com\/site\/wp-content\/uploads\/2024\/05\/53691858427_058de28c29_o.webp","datePublished":"2024-05-21T11:54:46+00:00","dateModified":"2024-05-21T11:54:47+00:00","breadcrumb":{"@id":"https:\/\/jornalpontomais.com\/site\/2024\/05\/21\/copa-do-brasil-vasco-e-fortaleza-duelam-por-vaga-nas-oitavas\/#breadcrumb"},"inLanguage":"pt-BR","potentialAction":[{"@type":"ReadAction","target":["https:\/\/jornalpontomais.com\/site\/2024\/05\/21\/copa-do-brasil-vasco-e-fortaleza-duelam-por-vaga-nas-oitavas\/"]}]},{"@type":"ImageObject","inLanguage":"pt-BR","@id":"https:\/\/jornalpontomais.com\/site\/2024\/05\/21\/copa-do-brasil-vasco-e-fortaleza-duelam-por-vaga-nas-oitavas\/#primaryimage","url":"https:\/\/jornalpontomais.com\/site\/wp-content\/uploads\/2024\/05\/53691858427_058de28c29_o.webp","contentUrl":"https:\/\/jornalpontomais.com\/site\/wp-content\/uploads\/2024\/05\/53691858427_058de28c29_o.webp","width":1170,"height":700},{"@type":"BreadcrumbList","@id":"https:\/\/jornalpontomais.com\/site\/2024\/05\/21\/copa-do-brasil-vasco-e-fortaleza-duelam-por-vaga-nas-oitavas\/#breadcrumb","itemListElement":[{"@type":"ListItem","position":1,"name":"In\u00edcio","item":"https:\/\/jornalpontomais.com\/site\/"},{"@type":"ListItem","position":2,"name":"Copa do Brasil: Vasco e Fortaleza duelam por vaga nas oitavas"}]},{"@type":"WebSite","@id":"https:\/\/jornalpontomais.com\/site\/#website","url":"https:\/\/jornalpontomais.com\/site\/","name":"Jornal Ponto Mais","description":"As principais not\u00edcias do Brasil e do mundo. Confira!","publisher":{"@id":"https:\/\/jornalpontomais.com\/site\/#organization"},"potentialAction":[{"@type":"SearchAction","target":{"@type":"EntryPoint","urlTemplate":"https:\/\/jornalpontomais.com\/site\/?s={search_term_string}"},"query-input":{"@type":"PropertyValueSpecification","valueRequired":true,"valueName":"search_term_string"}}],"inLanguage":"pt-BR"},{"@type":"Organization","@id":"https:\/\/jornalpontomais.com\/site\/#organization","name":"Jornal Ponto+","url":"https:\/\/jornalpontomais.com\/site\/","logo":{"@type":"ImageObject","inLanguage":"pt-BR","@id":"https:\/\/jornalpontomais.com\/site\/#\/schema\/logo\/image\/","url":"https:\/\/jornalpontomais.com\/site\/wp-content\/uploads\/2022\/01\/marca.png","contentUrl":"https:\/\/jornalpontomais.com\/site\/wp-content\/uploads\/2022\/01\/marca.png","width":582,"height":148,"caption":"Jornal Ponto+"},"image":{"@id":"https:\/\/jornalpontomais.com\/site\/#\/schema\/logo\/image\/"}},{"@type":"Person","@id":"https:\/\/jornalpontomais.com\/site\/#\/schema\/person\/18323f0b0f1355f2490721c48389fe9d","name":"Jornal Ponto Mais","image":{"@type":"ImageObject","inLanguage":"pt-BR","@id":"https:\/\/secure.gravatar.com\/avatar\/2ee0a9b7fe10fe32bdec8bc086e871e41eb5f4f6ecbcb7b4f2fe0d92d831405f?s=96&d=mm&r=g","url":"https:\/\/secure.gravatar.com\/avatar\/2ee0a9b7fe10fe32bdec8bc086e871e41eb5f4f6ecbcb7b4f2fe0d92d831405f?s=96&d=mm&r=g","contentUrl":"https:\/\/secure.gravatar.com\/avatar\/2ee0a9b7fe10fe32bdec8bc086e871e41eb5f4f6ecbcb7b4f2fe0d92d831405f?s=96&d=mm&r=g","caption":"Jornal Ponto Mais"},"sameAs":["https:\/\/jornalpontomais.com\/site","jornalpontomais"],"url":"https:\/\/jornalpontomais.com\/site\/author\/jornalpontomais\/"}]}},"_links":{"self":[{"href":"https:\/\/jornalpontomais.com\/site\/wp-json\/wp\/v2\/posts\/13278","targetHints":{"allow":["GET"]}}],"collection":[{"href":"https:\/\/jornalpontomais.com\/site\/wp-json\/wp\/v2\/posts"}],"about":[{"href":"https:\/\/jornalpontomais.com\/site\/wp-json\/wp\/v2\/types\/post"}],"author":[{"embeddable":true,"href":"https:\/\/jornalpontomais.com\/site\/wp-json\/wp\/v2\/users\/2"}],"replies":[{"embeddable":true,"href":"https:\/\/jornalpontomais.com\/site\/wp-json\/wp\/v2\/comments?post=13278"}],"version-history":[{"count":1,"href":"https:\/\/jornalpontomais.com\/site\/wp-json\/wp\/v2\/posts\/13278\/revisions"}],"predecessor-version":[{"id":13280,"href":"https:\/\/jornalpontomais.com\/site\/wp-json\/wp\/v2\/posts\/13278\/revisions\/13280"}],"wp:featuredmedia":[{"embeddable":true,"href":"https:\/\/jornalpontomais.com\/site\/wp-json\/wp\/v2\/media\/13279"}],"wp:attachment":[{"href":"https:\/\/jornalpontomais.com\/site\/wp-json\/wp\/v2\/media?parent=13278"}],"wp:term":[{"taxonomy":"category","embeddable":true,"href":"https:\/\/jornalpontomais.com\/site\/wp-json\/wp\/v2\/categories?post=13278"},{"taxonomy":"post_tag","embeddable":true,"href":"https:\/\/jornalpontomais.com\/site\/wp-json\/wp\/v2\/tags?post=13278"}],"curies":[{"name":"wp","href":"https:\/\/api.w.org\/{rel}","templated":true}]}}