{"id":13248,"date":"2024-05-18T09:43:47","date_gmt":"2024-05-18T12:43:47","guid":{"rendered":"https:\/\/jornalpontomais.com\/site\/?p=13248"},"modified":"2024-05-18T09:43:48","modified_gmt":"2024-05-18T12:43:48","slug":"brasil-tem-estreia-arrebatadora-no-mundial-de-atletismo-paralimpico","status":"publish","type":"post","link":"https:\/\/jornalpontomais.com\/site\/2024\/05\/18\/brasil-tem-estreia-arrebatadora-no-mundial-de-atletismo-paralimpico\/","title":{"rendered":"Brasil tem estreia arrebatadora no Mundial de Atletismo Paral\u00edmpico"},"content":{"rendered":"\n<p>O atletismo brasileiro estreou com for\u00e7a total no Mundial Paral\u00edmpico em Kobe (Jap\u00e3o), a tr\u00eas meses da abertura da Paralimp\u00edada de Paris. S\u00f3 nesta sexta-feira (17), primeiro dia de competi\u00e7\u00f5es, foram quatro medalhas de ouro, tr\u00eas pratas e um bronze. Os vencedores foram o sul-mato-grossense Yeltsin Jacques \u2013 com quebra de recorde mundial nos 5.000 metros -, o paraibano Petr\u00facio Ferreira (tetracampe\u00e3o nos 100m), a amapaense Wanna Brito (lan\u00e7amento de club) e a paulista Zileide Cassiano (salto \u00e0 dist\u00e2ncia). O Mundial re\u00fane ao todo\u00a01.069 atletas de 102 pa\u00edses at\u00e9 25 de maio. A delega\u00e7\u00e3o brasileira est\u00e1 em Kobe com\u00a046 atletas e 10\u00a0atletas-guia.<\/p>\n\n\n\n<figure class=\"wp-block-embed is-type-rich is-provider-twitter wp-block-embed-twitter\"><div class=\"wp-block-embed__wrapper\">\n<blockquote class=\"twitter-tweet\" data-width=\"550\" data-dnt=\"true\"><p lang=\"pt\" dir=\"ltr\">O primeiro dia de Mundial de Atletismo Kobe 2024 \ud83c\uddef\ud83c\uddf5 terminou assim!<br><br>Esse \u00e9 o quadro de medalhas desta sexta-feira, 17 de maio, COM O BRASIL NA LIDERAN\u00c7A!!! \ud83c\udde7\ud83c\uddf7\ud83c\udde7\ud83c\uddf7\ud83c\udde7\ud83c\uddf7<br><br>Mais tarde tem mais! \ud83d\udc9b\ud83d\udc9a Confira todos os resultados: <a href=\"https:\/\/t.co\/2BIpGLCP40\">https:\/\/t.co\/2BIpGLCP40<\/a><a href=\"https:\/\/twitter.com\/hashtag\/Kobe2024?src=hash&amp;ref_src=twsrc%5Etfw\">#Kobe2024<\/a> <a href=\"https:\/\/twitter.com\/hashtag\/MundialAtletismo?src=hash&amp;ref_src=twsrc%5Etfw\">#MundialAtletismo<\/a> <a href=\"https:\/\/t.co\/wNWgd4hX8j\">pic.twitter.com\/wNWgd4hX8j<\/a><\/p>&mdash; Comit\u00ea Paral\u00edmpico Brasileiro (@BraParalimpico) <a href=\"https:\/\/twitter.com\/BraParalimpico\/status\/1791456684444909903?ref_src=twsrc%5Etfw\">May 17, 2024<\/a><\/blockquote><script async src=\"https:\/\/platform.twitter.com\/widgets.js\" charset=\"utf-8\"><\/script>\n<\/div><\/figure>\n\n\n\n<p>O primeiro p\u00f3dio do dia teve dobradinha brasileira. Yeltsin n\u00e3o s\u00f3 foi campe\u00e3o na prova dos 5.000m T11 (defici\u00eancia visual), como estabeleceu um novo recorde mundial ao concluir o percurso em 14min53s97, superando em dois segundos a marca que pertencia ao japon\u00eas Kenya\u00a0Karasawa (14min55s39). Em segundo lugar, com a prata, ficou o paulista J\u00falio Agripino (14min57s70).<br><br><\/p>\n\n\n\n<p>\u201cEstou muito feliz, foi uma prova muito forte, com v\u00e1rios atletas fazendo suas melhores marcas da vida. Mas a gente conseguiu se sair bem. Tivemos muito controle na prova, largando mais atr\u00e1s para depois impor um ritmo mais forte nos \u00faltimos 1.500 metros\u201d, comemorou Yeltsin, que competiu ao lado dos os guias Ant\u00f4nio Henrique Lima e Guilherme Santos.<\/p>\n\n\n\n<figure class=\"wp-block-embed is-type-rich is-provider-twitter wp-block-embed-twitter\"><div class=\"wp-block-embed__wrapper\">\n<blockquote class=\"twitter-tweet\" data-width=\"550\" data-dnt=\"true\"><p lang=\"en\" dir=\"ltr\">First gold \ud83e\udd1dfirst world record <br><br>Brazilian \ud83c\udde7\ud83c\uddf7 Yeltsin Jacques wins the men&#39;s 5000m T11 with a world record time (14:53.97) and grabs the first \ud83e\udd47 medal at <a href=\"https:\/\/twitter.com\/hashtag\/Kobe2024?src=hash&amp;ref_src=twsrc%5Etfw\">#Kobe2024<\/a>! <br><br>\ud83e\udd48Julio Agripino \ud83c\udde7\ud83c\uddf7 14:57.70<br>\ud83e\udd49Kenya Karasawa \ud83c\uddef\ud83c\uddf5 15:03.25<a href=\"https:\/\/twitter.com\/BraParalimpico?ref_src=twsrc%5Etfw\">@BraParalimpico<\/a> <a href=\"https:\/\/twitter.com\/Paralympics?ref_src=twsrc%5Etfw\">@Paralympics<\/a> <a href=\"https:\/\/twitter.com\/kobe2022wpac?ref_src=twsrc%5Etfw\">@kobe2022wpac<\/a> <a href=\"https:\/\/t.co\/wNGRprEwSr\">pic.twitter.com\/wNGRprEwSr<\/a><\/p>&mdash; #ParaAthletics (@ParaAthletics) <a href=\"https:\/\/twitter.com\/ParaAthletics\/status\/1791276522877403290?ref_src=twsrc%5Etfw\">May 17, 2024<\/a><\/blockquote><script async src=\"https:\/\/platform.twitter.com\/widgets.js\" charset=\"utf-8\"><\/script>\n<\/div><\/figure>\n\n\n\n<p>A outra dobradinha do dia foi no salto em dist\u00e2ncia da classe T20 (defici\u00eancia intelectual). Zileide Cassiano, que fora prata na \u00faltima edi\u00e7\u00e3o, \u00a0foi ouro hoje ao cravar 5,80 m no salto. A acreana D\u00e9bora Lima, estreante em Mundiais, assegurou a prata com a marca de 5,54m e, de quebra, carimbou o passaporte paral\u00edmpico, pois j\u00e1 assegurara vaga para o Brasil na \u00faltima edi\u00e7\u00e3o do Mundial ano passado, em Paris.<br><br><\/p>\n\n\n\n<p>\u201cN\u00e3o foi f\u00e1cil n\u00e3o, est\u00e1vamos um pouco nervosas. Mas uma apoiou a outra e conseguimos essa medalha e mais uma dobradinha para o Brasil\u201d, comemorou Zileide, que teve diagnosticada a defici\u00eancia intelectual aos seis anos de idade.<\/p>\n\n\n\n<figure class=\"wp-block-embed is-type-rich is-provider-twitter wp-block-embed-twitter\"><div class=\"wp-block-embed__wrapper\">\n<blockquote class=\"twitter-tweet\" data-width=\"550\" data-dnt=\"true\"><p lang=\"pt\" dir=\"ltr\">MAIS UMA DOBRADINHA DO BRASILLLLL! \ud83c\udde7\ud83c\uddf7<br><br>Zileide Cassiano \ud83e\udd47 e Debora Lima \ud83e\udd48 s\u00e3o as novas medalhistas mundiais no salto em dist\u00e2ncia T20.<br><br>S\u00f3 orgulho para o nosso pa\u00eds! \ud83e\udef6<a href=\"https:\/\/twitter.com\/hashtag\/Kobe2024?src=hash&amp;ref_src=twsrc%5Etfw\">#Kobe2024<\/a> <a href=\"https:\/\/twitter.com\/hashtag\/MundialAtletismo?src=hash&amp;ref_src=twsrc%5Etfw\">#MundialAtletismo<\/a> <a href=\"https:\/\/twitter.com\/hashtag\/BrasilParal%C3%ADmpico?src=hash&amp;ref_src=twsrc%5Etfw\">#BrasilParal\u00edmpico<\/a> <a href=\"https:\/\/t.co\/o9N9ysX66m\">pic.twitter.com\/o9N9ysX66m<\/a><\/p>&mdash; Comit\u00ea Paral\u00edmpico Brasileiro (@BraParalimpico) <a href=\"https:\/\/twitter.com\/BraParalimpico\/status\/1791315123862483270?ref_src=twsrc%5Etfw\">May 17, 2024<\/a><\/blockquote><script async src=\"https:\/\/platform.twitter.com\/widgets.js\" charset=\"utf-8\"><\/script>\n<\/div><\/figure>\n","protected":false},"excerpt":{"rendered":"<p>O atletismo brasileiro estreou com for\u00e7a total no Mundial Paral\u00edmpico em Kobe (Jap\u00e3o), a tr\u00eas meses da abertura da Paralimp\u00edada de Paris. S\u00f3 nesta sexta-feira (17), primeiro dia de competi\u00e7\u00f5es, foram quatro medalhas de ouro, tr\u00eas pratas e um bronze. Os vencedores foram o sul-mato-grossense Yeltsin Jacques \u2013 com quebra de recorde mundial nos 5.000 [&hellip;]<\/p>\n","protected":false},"author":2,"featured_media":13249,"comment_status":"open","ping_status":"open","sticky":true,"template":"","format":"standard","meta":{"om_disable_all_campaigns":false,"_monsterinsights_skip_tracking":false,"_monsterinsights_sitenote_active":false,"_monsterinsights_sitenote_note":"","_monsterinsights_sitenote_category":0,"footnotes":""},"categories":[4],"tags":[],"class_list":["post-13248","post","type-post","status-publish","format-standard","has-post-thumbnail","hentry","category-esporte"],"yoast_head":"<!-- This site is optimized with the Yoast SEO plugin v27.2 - https:\/\/yoast.com\/product\/yoast-seo-wordpress\/ -->\n<title>Brasil tem estreia arrebatadora no Mundial de Atletismo Paral\u00edmpico - Jornal Ponto Mais<\/title>\n<meta name=\"robots\" content=\"index, follow, max-snippet:-1, max-image-preview:large, max-video-preview:-1\" \/>\n<link rel=\"canonical\" href=\"https:\/\/jornalpontomais.com\/site\/2024\/05\/18\/brasil-tem-estreia-arrebatadora-no-mundial-de-atletismo-paralimpico\/\" \/>\n<meta property=\"og:locale\" content=\"pt_BR\" \/>\n<meta property=\"og:type\" content=\"article\" \/>\n<meta property=\"og:title\" content=\"Brasil tem estreia arrebatadora no Mundial de Atletismo Paral\u00edmpico - Jornal Ponto Mais\" \/>\n<meta property=\"og:description\" content=\"O atletismo brasileiro estreou com for\u00e7a total no Mundial Paral\u00edmpico em Kobe (Jap\u00e3o), a tr\u00eas meses da abertura da Paralimp\u00edada de Paris. S\u00f3 nesta sexta-feira (17), primeiro dia de competi\u00e7\u00f5es, foram quatro medalhas de ouro, tr\u00eas pratas e um bronze. Os vencedores foram o sul-mato-grossense Yeltsin Jacques \u2013 com quebra de recorde mundial nos 5.000 [&hellip;]\" \/>\n<meta property=\"og:url\" content=\"https:\/\/jornalpontomais.com\/site\/2024\/05\/18\/brasil-tem-estreia-arrebatadora-no-mundial-de-atletismo-paralimpico\/\" \/>\n<meta property=\"og:site_name\" content=\"Jornal Ponto Mais\" \/>\n<meta property=\"article:published_time\" content=\"2024-05-18T12:43:47+00:00\" \/>\n<meta property=\"article:modified_time\" content=\"2024-05-18T12:43:48+00:00\" \/>\n<meta property=\"og:image\" content=\"https:\/\/jornalpontomais.com\/site\/wp-content\/uploads\/2024\/05\/petrucio_ferreira_tetra_mundial_2024.webp\" \/>\n\t<meta property=\"og:image:width\" content=\"1170\" \/>\n\t<meta property=\"og:image:height\" content=\"700\" \/>\n\t<meta property=\"og:image:type\" content=\"image\/webp\" \/>\n<meta name=\"author\" content=\"Jornal Ponto Mais\" \/>\n<meta name=\"twitter:card\" content=\"summary_large_image\" \/>\n<meta name=\"twitter:label1\" content=\"Escrito por\" \/>\n\t<meta name=\"twitter:data1\" content=\"Jornal Ponto Mais\" \/>\n\t<meta name=\"twitter:label2\" content=\"Est. tempo de leitura\" \/>\n\t<meta name=\"twitter:data2\" content=\"2 minutos\" \/>\n<script type=\"application\/ld+json\" class=\"yoast-schema-graph\">{\"@context\":\"https:\/\/schema.org\",\"@graph\":[{\"@type\":\"Article\",\"@id\":\"https:\/\/jornalpontomais.com\/site\/2024\/05\/18\/brasil-tem-estreia-arrebatadora-no-mundial-de-atletismo-paralimpico\/#article\",\"isPartOf\":{\"@id\":\"https:\/\/jornalpontomais.com\/site\/2024\/05\/18\/brasil-tem-estreia-arrebatadora-no-mundial-de-atletismo-paralimpico\/\"},\"author\":{\"name\":\"Jornal Ponto Mais\",\"@id\":\"https:\/\/jornalpontomais.com\/site\/#\/schema\/person\/18323f0b0f1355f2490721c48389fe9d\"},\"headline\":\"Brasil tem estreia arrebatadora no Mundial de Atletismo Paral\u00edmpico\",\"datePublished\":\"2024-05-18T12:43:47+00:00\",\"dateModified\":\"2024-05-18T12:43:48+00:00\",\"mainEntityOfPage\":{\"@id\":\"https:\/\/jornalpontomais.com\/site\/2024\/05\/18\/brasil-tem-estreia-arrebatadora-no-mundial-de-atletismo-paralimpico\/\"},\"wordCount\":378,\"commentCount\":0,\"publisher\":{\"@id\":\"https:\/\/jornalpontomais.com\/site\/#organization\"},\"image\":{\"@id\":\"https:\/\/jornalpontomais.com\/site\/2024\/05\/18\/brasil-tem-estreia-arrebatadora-no-mundial-de-atletismo-paralimpico\/#primaryimage\"},\"thumbnailUrl\":\"https:\/\/jornalpontomais.com\/site\/wp-content\/uploads\/2024\/05\/petrucio_ferreira_tetra_mundial_2024.webp\",\"articleSection\":[\"Esporte\"],\"inLanguage\":\"pt-BR\",\"potentialAction\":[{\"@type\":\"CommentAction\",\"name\":\"Comment\",\"target\":[\"https:\/\/jornalpontomais.com\/site\/2024\/05\/18\/brasil-tem-estreia-arrebatadora-no-mundial-de-atletismo-paralimpico\/#respond\"]}]},{\"@type\":\"WebPage\",\"@id\":\"https:\/\/jornalpontomais.com\/site\/2024\/05\/18\/brasil-tem-estreia-arrebatadora-no-mundial-de-atletismo-paralimpico\/\",\"url\":\"https:\/\/jornalpontomais.com\/site\/2024\/05\/18\/brasil-tem-estreia-arrebatadora-no-mundial-de-atletismo-paralimpico\/\",\"name\":\"Brasil tem estreia arrebatadora no Mundial de Atletismo Paral\u00edmpico - Jornal Ponto Mais\",\"isPartOf\":{\"@id\":\"https:\/\/jornalpontomais.com\/site\/#website\"},\"primaryImageOfPage\":{\"@id\":\"https:\/\/jornalpontomais.com\/site\/2024\/05\/18\/brasil-tem-estreia-arrebatadora-no-mundial-de-atletismo-paralimpico\/#primaryimage\"},\"image\":{\"@id\":\"https:\/\/jornalpontomais.com\/site\/2024\/05\/18\/brasil-tem-estreia-arrebatadora-no-mundial-de-atletismo-paralimpico\/#primaryimage\"},\"thumbnailUrl\":\"https:\/\/jornalpontomais.com\/site\/wp-content\/uploads\/2024\/05\/petrucio_ferreira_tetra_mundial_2024.webp\",\"datePublished\":\"2024-05-18T12:43:47+00:00\",\"dateModified\":\"2024-05-18T12:43:48+00:00\",\"breadcrumb\":{\"@id\":\"https:\/\/jornalpontomais.com\/site\/2024\/05\/18\/brasil-tem-estreia-arrebatadora-no-mundial-de-atletismo-paralimpico\/#breadcrumb\"},\"inLanguage\":\"pt-BR\",\"potentialAction\":[{\"@type\":\"ReadAction\",\"target\":[\"https:\/\/jornalpontomais.com\/site\/2024\/05\/18\/brasil-tem-estreia-arrebatadora-no-mundial-de-atletismo-paralimpico\/\"]}]},{\"@type\":\"ImageObject\",\"inLanguage\":\"pt-BR\",\"@id\":\"https:\/\/jornalpontomais.com\/site\/2024\/05\/18\/brasil-tem-estreia-arrebatadora-no-mundial-de-atletismo-paralimpico\/#primaryimage\",\"url\":\"https:\/\/jornalpontomais.com\/site\/wp-content\/uploads\/2024\/05\/petrucio_ferreira_tetra_mundial_2024.webp\",\"contentUrl\":\"https:\/\/jornalpontomais.com\/site\/wp-content\/uploads\/2024\/05\/petrucio_ferreira_tetra_mundial_2024.webp\",\"width\":1170,\"height\":700},{\"@type\":\"BreadcrumbList\",\"@id\":\"https:\/\/jornalpontomais.com\/site\/2024\/05\/18\/brasil-tem-estreia-arrebatadora-no-mundial-de-atletismo-paralimpico\/#breadcrumb\",\"itemListElement\":[{\"@type\":\"ListItem\",\"position\":1,\"name\":\"In\u00edcio\",\"item\":\"https:\/\/jornalpontomais.com\/site\/\"},{\"@type\":\"ListItem\",\"position\":2,\"name\":\"Brasil tem estreia arrebatadora no Mundial de Atletismo Paral\u00edmpico\"}]},{\"@type\":\"WebSite\",\"@id\":\"https:\/\/jornalpontomais.com\/site\/#website\",\"url\":\"https:\/\/jornalpontomais.com\/site\/\",\"name\":\"Jornal Ponto Mais\",\"description\":\"As principais not\u00edcias do Brasil e do mundo. Confira!\",\"publisher\":{\"@id\":\"https:\/\/jornalpontomais.com\/site\/#organization\"},\"potentialAction\":[{\"@type\":\"SearchAction\",\"target\":{\"@type\":\"EntryPoint\",\"urlTemplate\":\"https:\/\/jornalpontomais.com\/site\/?s={search_term_string}\"},\"query-input\":{\"@type\":\"PropertyValueSpecification\",\"valueRequired\":true,\"valueName\":\"search_term_string\"}}],\"inLanguage\":\"pt-BR\"},{\"@type\":\"Organization\",\"@id\":\"https:\/\/jornalpontomais.com\/site\/#organization\",\"name\":\"Jornal Ponto+\",\"url\":\"https:\/\/jornalpontomais.com\/site\/\",\"logo\":{\"@type\":\"ImageObject\",\"inLanguage\":\"pt-BR\",\"@id\":\"https:\/\/jornalpontomais.com\/site\/#\/schema\/logo\/image\/\",\"url\":\"https:\/\/jornalpontomais.com\/site\/wp-content\/uploads\/2022\/01\/marca.png\",\"contentUrl\":\"https:\/\/jornalpontomais.com\/site\/wp-content\/uploads\/2022\/01\/marca.png\",\"width\":582,\"height\":148,\"caption\":\"Jornal Ponto+\"},\"image\":{\"@id\":\"https:\/\/jornalpontomais.com\/site\/#\/schema\/logo\/image\/\"}},{\"@type\":\"Person\",\"@id\":\"https:\/\/jornalpontomais.com\/site\/#\/schema\/person\/18323f0b0f1355f2490721c48389fe9d\",\"name\":\"Jornal Ponto Mais\",\"image\":{\"@type\":\"ImageObject\",\"inLanguage\":\"pt-BR\",\"@id\":\"https:\/\/secure.gravatar.com\/avatar\/2ee0a9b7fe10fe32bdec8bc086e871e41eb5f4f6ecbcb7b4f2fe0d92d831405f?s=96&d=mm&r=g\",\"url\":\"https:\/\/secure.gravatar.com\/avatar\/2ee0a9b7fe10fe32bdec8bc086e871e41eb5f4f6ecbcb7b4f2fe0d92d831405f?s=96&d=mm&r=g\",\"contentUrl\":\"https:\/\/secure.gravatar.com\/avatar\/2ee0a9b7fe10fe32bdec8bc086e871e41eb5f4f6ecbcb7b4f2fe0d92d831405f?s=96&d=mm&r=g\",\"caption\":\"Jornal Ponto Mais\"},\"sameAs\":[\"https:\/\/jornalpontomais.com\/site\",\"jornalpontomais\"],\"url\":\"https:\/\/jornalpontomais.com\/site\/author\/jornalpontomais\/\"}]}<\/script>\n<!-- \/ Yoast SEO plugin. -->","yoast_head_json":{"title":"Brasil tem estreia arrebatadora no Mundial de Atletismo Paral\u00edmpico - Jornal Ponto Mais","robots":{"index":"index","follow":"follow","max-snippet":"max-snippet:-1","max-image-preview":"max-image-preview:large","max-video-preview":"max-video-preview:-1"},"canonical":"https:\/\/jornalpontomais.com\/site\/2024\/05\/18\/brasil-tem-estreia-arrebatadora-no-mundial-de-atletismo-paralimpico\/","og_locale":"pt_BR","og_type":"article","og_title":"Brasil tem estreia arrebatadora no Mundial de Atletismo Paral\u00edmpico - Jornal Ponto Mais","og_description":"O atletismo brasileiro estreou com for\u00e7a total no Mundial Paral\u00edmpico em Kobe (Jap\u00e3o), a tr\u00eas meses da abertura da Paralimp\u00edada de Paris. S\u00f3 nesta sexta-feira (17), primeiro dia de competi\u00e7\u00f5es, foram quatro medalhas de ouro, tr\u00eas pratas e um bronze. Os vencedores foram o sul-mato-grossense Yeltsin Jacques \u2013 com quebra de recorde mundial nos 5.000 [&hellip;]","og_url":"https:\/\/jornalpontomais.com\/site\/2024\/05\/18\/brasil-tem-estreia-arrebatadora-no-mundial-de-atletismo-paralimpico\/","og_site_name":"Jornal Ponto Mais","article_published_time":"2024-05-18T12:43:47+00:00","article_modified_time":"2024-05-18T12:43:48+00:00","og_image":[{"width":1170,"height":700,"url":"https:\/\/jornalpontomais.com\/site\/wp-content\/uploads\/2024\/05\/petrucio_ferreira_tetra_mundial_2024.webp","type":"image\/webp"}],"author":"Jornal Ponto Mais","twitter_card":"summary_large_image","twitter_misc":{"Escrito por":"Jornal Ponto Mais","Est. tempo de leitura":"2 minutos"},"schema":{"@context":"https:\/\/schema.org","@graph":[{"@type":"Article","@id":"https:\/\/jornalpontomais.com\/site\/2024\/05\/18\/brasil-tem-estreia-arrebatadora-no-mundial-de-atletismo-paralimpico\/#article","isPartOf":{"@id":"https:\/\/jornalpontomais.com\/site\/2024\/05\/18\/brasil-tem-estreia-arrebatadora-no-mundial-de-atletismo-paralimpico\/"},"author":{"name":"Jornal Ponto Mais","@id":"https:\/\/jornalpontomais.com\/site\/#\/schema\/person\/18323f0b0f1355f2490721c48389fe9d"},"headline":"Brasil tem estreia arrebatadora no Mundial de Atletismo Paral\u00edmpico","datePublished":"2024-05-18T12:43:47+00:00","dateModified":"2024-05-18T12:43:48+00:00","mainEntityOfPage":{"@id":"https:\/\/jornalpontomais.com\/site\/2024\/05\/18\/brasil-tem-estreia-arrebatadora-no-mundial-de-atletismo-paralimpico\/"},"wordCount":378,"commentCount":0,"publisher":{"@id":"https:\/\/jornalpontomais.com\/site\/#organization"},"image":{"@id":"https:\/\/jornalpontomais.com\/site\/2024\/05\/18\/brasil-tem-estreia-arrebatadora-no-mundial-de-atletismo-paralimpico\/#primaryimage"},"thumbnailUrl":"https:\/\/jornalpontomais.com\/site\/wp-content\/uploads\/2024\/05\/petrucio_ferreira_tetra_mundial_2024.webp","articleSection":["Esporte"],"inLanguage":"pt-BR","potentialAction":[{"@type":"CommentAction","name":"Comment","target":["https:\/\/jornalpontomais.com\/site\/2024\/05\/18\/brasil-tem-estreia-arrebatadora-no-mundial-de-atletismo-paralimpico\/#respond"]}]},{"@type":"WebPage","@id":"https:\/\/jornalpontomais.com\/site\/2024\/05\/18\/brasil-tem-estreia-arrebatadora-no-mundial-de-atletismo-paralimpico\/","url":"https:\/\/jornalpontomais.com\/site\/2024\/05\/18\/brasil-tem-estreia-arrebatadora-no-mundial-de-atletismo-paralimpico\/","name":"Brasil tem estreia arrebatadora no Mundial de Atletismo Paral\u00edmpico - Jornal Ponto Mais","isPartOf":{"@id":"https:\/\/jornalpontomais.com\/site\/#website"},"primaryImageOfPage":{"@id":"https:\/\/jornalpontomais.com\/site\/2024\/05\/18\/brasil-tem-estreia-arrebatadora-no-mundial-de-atletismo-paralimpico\/#primaryimage"},"image":{"@id":"https:\/\/jornalpontomais.com\/site\/2024\/05\/18\/brasil-tem-estreia-arrebatadora-no-mundial-de-atletismo-paralimpico\/#primaryimage"},"thumbnailUrl":"https:\/\/jornalpontomais.com\/site\/wp-content\/uploads\/2024\/05\/petrucio_ferreira_tetra_mundial_2024.webp","datePublished":"2024-05-18T12:43:47+00:00","dateModified":"2024-05-18T12:43:48+00:00","breadcrumb":{"@id":"https:\/\/jornalpontomais.com\/site\/2024\/05\/18\/brasil-tem-estreia-arrebatadora-no-mundial-de-atletismo-paralimpico\/#breadcrumb"},"inLanguage":"pt-BR","potentialAction":[{"@type":"ReadAction","target":["https:\/\/jornalpontomais.com\/site\/2024\/05\/18\/brasil-tem-estreia-arrebatadora-no-mundial-de-atletismo-paralimpico\/"]}]},{"@type":"ImageObject","inLanguage":"pt-BR","@id":"https:\/\/jornalpontomais.com\/site\/2024\/05\/18\/brasil-tem-estreia-arrebatadora-no-mundial-de-atletismo-paralimpico\/#primaryimage","url":"https:\/\/jornalpontomais.com\/site\/wp-content\/uploads\/2024\/05\/petrucio_ferreira_tetra_mundial_2024.webp","contentUrl":"https:\/\/jornalpontomais.com\/site\/wp-content\/uploads\/2024\/05\/petrucio_ferreira_tetra_mundial_2024.webp","width":1170,"height":700},{"@type":"BreadcrumbList","@id":"https:\/\/jornalpontomais.com\/site\/2024\/05\/18\/brasil-tem-estreia-arrebatadora-no-mundial-de-atletismo-paralimpico\/#breadcrumb","itemListElement":[{"@type":"ListItem","position":1,"name":"In\u00edcio","item":"https:\/\/jornalpontomais.com\/site\/"},{"@type":"ListItem","position":2,"name":"Brasil tem estreia arrebatadora no Mundial de Atletismo Paral\u00edmpico"}]},{"@type":"WebSite","@id":"https:\/\/jornalpontomais.com\/site\/#website","url":"https:\/\/jornalpontomais.com\/site\/","name":"Jornal Ponto Mais","description":"As principais not\u00edcias do Brasil e do mundo. Confira!","publisher":{"@id":"https:\/\/jornalpontomais.com\/site\/#organization"},"potentialAction":[{"@type":"SearchAction","target":{"@type":"EntryPoint","urlTemplate":"https:\/\/jornalpontomais.com\/site\/?s={search_term_string}"},"query-input":{"@type":"PropertyValueSpecification","valueRequired":true,"valueName":"search_term_string"}}],"inLanguage":"pt-BR"},{"@type":"Organization","@id":"https:\/\/jornalpontomais.com\/site\/#organization","name":"Jornal Ponto+","url":"https:\/\/jornalpontomais.com\/site\/","logo":{"@type":"ImageObject","inLanguage":"pt-BR","@id":"https:\/\/jornalpontomais.com\/site\/#\/schema\/logo\/image\/","url":"https:\/\/jornalpontomais.com\/site\/wp-content\/uploads\/2022\/01\/marca.png","contentUrl":"https:\/\/jornalpontomais.com\/site\/wp-content\/uploads\/2022\/01\/marca.png","width":582,"height":148,"caption":"Jornal Ponto+"},"image":{"@id":"https:\/\/jornalpontomais.com\/site\/#\/schema\/logo\/image\/"}},{"@type":"Person","@id":"https:\/\/jornalpontomais.com\/site\/#\/schema\/person\/18323f0b0f1355f2490721c48389fe9d","name":"Jornal Ponto Mais","image":{"@type":"ImageObject","inLanguage":"pt-BR","@id":"https:\/\/secure.gravatar.com\/avatar\/2ee0a9b7fe10fe32bdec8bc086e871e41eb5f4f6ecbcb7b4f2fe0d92d831405f?s=96&d=mm&r=g","url":"https:\/\/secure.gravatar.com\/avatar\/2ee0a9b7fe10fe32bdec8bc086e871e41eb5f4f6ecbcb7b4f2fe0d92d831405f?s=96&d=mm&r=g","contentUrl":"https:\/\/secure.gravatar.com\/avatar\/2ee0a9b7fe10fe32bdec8bc086e871e41eb5f4f6ecbcb7b4f2fe0d92d831405f?s=96&d=mm&r=g","caption":"Jornal Ponto Mais"},"sameAs":["https:\/\/jornalpontomais.com\/site","jornalpontomais"],"url":"https:\/\/jornalpontomais.com\/site\/author\/jornalpontomais\/"}]}},"_links":{"self":[{"href":"https:\/\/jornalpontomais.com\/site\/wp-json\/wp\/v2\/posts\/13248","targetHints":{"allow":["GET"]}}],"collection":[{"href":"https:\/\/jornalpontomais.com\/site\/wp-json\/wp\/v2\/posts"}],"about":[{"href":"https:\/\/jornalpontomais.com\/site\/wp-json\/wp\/v2\/types\/post"}],"author":[{"embeddable":true,"href":"https:\/\/jornalpontomais.com\/site\/wp-json\/wp\/v2\/users\/2"}],"replies":[{"embeddable":true,"href":"https:\/\/jornalpontomais.com\/site\/wp-json\/wp\/v2\/comments?post=13248"}],"version-history":[{"count":1,"href":"https:\/\/jornalpontomais.com\/site\/wp-json\/wp\/v2\/posts\/13248\/revisions"}],"predecessor-version":[{"id":13250,"href":"https:\/\/jornalpontomais.com\/site\/wp-json\/wp\/v2\/posts\/13248\/revisions\/13250"}],"wp:featuredmedia":[{"embeddable":true,"href":"https:\/\/jornalpontomais.com\/site\/wp-json\/wp\/v2\/media\/13249"}],"wp:attachment":[{"href":"https:\/\/jornalpontomais.com\/site\/wp-json\/wp\/v2\/media?parent=13248"}],"wp:term":[{"taxonomy":"category","embeddable":true,"href":"https:\/\/jornalpontomais.com\/site\/wp-json\/wp\/v2\/categories?post=13248"},{"taxonomy":"post_tag","embeddable":true,"href":"https:\/\/jornalpontomais.com\/site\/wp-json\/wp\/v2\/tags?post=13248"}],"curies":[{"name":"wp","href":"https:\/\/api.w.org\/{rel}","templated":true}]}}