{"id":13245,"date":"2024-05-18T09:33:24","date_gmt":"2024-05-18T12:33:24","guid":{"rendered":"https:\/\/jornalpontomais.com\/site\/?p=13245"},"modified":"2024-05-18T09:33:25","modified_gmt":"2024-05-18T12:33:25","slug":"taxa-de-informalidade-em-goias-e-a-menor-da-serie-historica","status":"publish","type":"post","link":"https:\/\/jornalpontomais.com\/site\/2024\/05\/18\/taxa-de-informalidade-em-goias-e-a-menor-da-serie-historica\/","title":{"rendered":"Taxa de informalidade em Goi\u00e1s \u00e9 a menor da s\u00e9rie hist\u00f3rica"},"content":{"rendered":"\n<p>A taxa de informalidade em Goi\u00e1s alcan\u00e7ou o menor n\u00edvel da s\u00e9rie hist\u00f3rica da Pesquisa Nacional por Amostra de domic\u00edlios Cont\u00ednua (PNAD Cont\u00ednua), realizada pelo Instituto Brasileiro de Geografia e Estat\u00edstica (IBGE). No primeiro trimestre de 2024, o percentual chegou a 35,9%, o que representou a terceira maior redu\u00e7\u00e3o de informalidade do pa\u00eds (-1,3 p.p.), quando comparado com o trimestre anterior.<br><br><\/p>\n\n\n\n<p>Os dados foram divulgados nesta sexta-feira (17\/05) e validados pelo Instituto Mauro Borges (IMB), \u00f3rg\u00e3o ligado \u00e0 Secretaria-Geral de Governo (SGG).<br><br><\/p>\n\n\n\n<p>Para o governador Ronaldo Caiado, o resultado reflete a melhoria do ambiente econ\u00f4mico tanto para o trabalhador quanto para o empres\u00e1rio. \u201cTemos realizado v\u00e1rias a\u00e7\u00f5es para incentivar a formaliza\u00e7\u00e3o de neg\u00f3cios, a abertura de empresas e a cria\u00e7\u00e3o de novos postos de trabalho, e tamb\u00e9m oferecido cada vez mais oportunidades de capacita\u00e7\u00e3o para que o trabalhador possa ocupar essas vagas, por isso \u00e9 gratificante ver o mercado respondendo positivamente\u201d, destacou ele, ressaltando a parceria com o setor produtivo.<br><br><\/p>\n\n\n\n<p><strong>Taxa de informalidade<\/strong><\/p>\n\n\n\n<p>De acordo com o IBGE, a taxa de informalidade \u00e9 um indicador que abrange os empregados no setor privado sem carteira de trabalho assinada; empregados dom\u00e9sticos sem carteira de trabalho assinada; empregadores sem registro no CNPJ; trabalhadores por conta pr\u00f3pria sem registro no CNPJ; e trabalhadores familiares auxiliares.<br><br><\/p>\n\n\n\n<p><strong>Renda m\u00e9dia<\/strong><\/p>\n\n\n\n<p>No primeiro trimestre de 2024, a renda m\u00e9dia de todos os trabalhadores dos goianos (R$ 3.137) superou pelo quinto trimestre consecutivo a m\u00e9dia brasileira (R$ 3.123). Em compara\u00e7\u00e3o com o mesmo per\u00edodo do ano anterior, que atingiu o valor real de R$ 3.014, houve um crescimento de 4,1%.<br><br><\/p>\n\n\n\n<p>Goi\u00e1s tamb\u00e9m atingiu o maior patamar de pessoas na for\u00e7a de trabalho no primeiro trimestre de 2024, com 4,077 milh\u00f5es de goianos trabalhando ou dispon\u00edveis para trabalhar.<br><br><\/p>\n\n\n\n<p>O total de rendimentos nos domic\u00edlios goianos (massa salarial) ainda registrou o maior patamar da s\u00e9rie hist\u00f3rica, com uma m\u00e9dia mensal de R$ 11,9 bilh\u00f5es. Esse valor representa uma participa\u00e7\u00e3o de 3,9% de toda a massa salarial brasileira, a maior de toda a s\u00e9rie hist\u00f3rica.<br><br><\/p>\n\n\n\n<p>\u201cPelo quinto trimestre consecutivo, a renda m\u00e9dia do nosso trabalhador est\u00e1 superior \u00e0 m\u00e9dia brasileira. Ent\u00e3o, Goi\u00e1s est\u00e1 aliando a cria\u00e7\u00e3o de novos postos de trabalho com o aumento dos rendimentos, e os dados da PNAD mostram que essa combina\u00e7\u00e3o de emprego e renda impacta diretamente no bem-estar da popula\u00e7\u00e3o e impulsiona a economia local\u201d, comemora o secret\u00e1rio-geral de Governo, Adriano da Rocha Lima.<br><br><\/p>\n\n\n\n<p><strong>Sobre a pesquisa<\/strong><\/p>\n\n\n\n<p>A PNAD Cont\u00ednua avalia o comportamento e a evolu\u00e7\u00e3o de indicadores relacionados \u00e0 for\u00e7a de trabalho e outras informa\u00e7\u00f5es necess\u00e1rias para o estudo do desenvolvimento socioecon\u00f4mico do pa\u00eds, no curto, m\u00e9dio e longo prazos, tendo como unidade de investiga\u00e7\u00e3o o domic\u00edlio. A pesquisa foi implantada, experimentalmente, em outubro de 2011 e, a partir de janeiro de 2012, em car\u00e1ter definitivo, em todo o territ\u00f3rio nacional.<\/p>\n","protected":false},"excerpt":{"rendered":"<p>A taxa de informalidade em Goi\u00e1s alcan\u00e7ou o menor n\u00edvel da s\u00e9rie hist\u00f3rica da Pesquisa Nacional por Amostra de domic\u00edlios Cont\u00ednua (PNAD Cont\u00ednua), realizada pelo Instituto Brasileiro de Geografia e Estat\u00edstica (IBGE). No primeiro trimestre de 2024, o percentual chegou a 35,9%, o que representou a terceira maior redu\u00e7\u00e3o de informalidade do pa\u00eds (-1,3 p.p.), [&hellip;]<\/p>\n","protected":false},"author":2,"featured_media":13246,"comment_status":"open","ping_status":"open","sticky":true,"template":"","format":"standard","meta":{"om_disable_all_campaigns":false,"_monsterinsights_skip_tracking":false,"_monsterinsights_sitenote_active":false,"_monsterinsights_sitenote_note":"","_monsterinsights_sitenote_category":0,"footnotes":""},"categories":[37],"tags":[],"class_list":["post-13245","post","type-post","status-publish","format-standard","has-post-thumbnail","hentry","category-economia"],"yoast_head":"<!-- This site is optimized with the Yoast SEO plugin v27.2 - https:\/\/yoast.com\/product\/yoast-seo-wordpress\/ -->\n<title>Taxa de informalidade em Goi\u00e1s \u00e9 a menor da s\u00e9rie hist\u00f3rica - Jornal Ponto Mais<\/title>\n<meta name=\"robots\" content=\"index, follow, max-snippet:-1, max-image-preview:large, max-video-preview:-1\" \/>\n<link rel=\"canonical\" href=\"https:\/\/jornalpontomais.com\/site\/2024\/05\/18\/taxa-de-informalidade-em-goias-e-a-menor-da-serie-historica\/\" \/>\n<meta property=\"og:locale\" content=\"pt_BR\" \/>\n<meta property=\"og:type\" content=\"article\" \/>\n<meta property=\"og:title\" content=\"Taxa de informalidade em Goi\u00e1s \u00e9 a menor da s\u00e9rie hist\u00f3rica - Jornal Ponto Mais\" \/>\n<meta property=\"og:description\" content=\"A taxa de informalidade em Goi\u00e1s alcan\u00e7ou o menor n\u00edvel da s\u00e9rie hist\u00f3rica da Pesquisa Nacional por Amostra de domic\u00edlios Cont\u00ednua (PNAD Cont\u00ednua), realizada pelo Instituto Brasileiro de Geografia e Estat\u00edstica (IBGE). No primeiro trimestre de 2024, o percentual chegou a 35,9%, o que representou a terceira maior redu\u00e7\u00e3o de informalidade do pa\u00eds (-1,3 p.p.), [&hellip;]\" \/>\n<meta property=\"og:url\" content=\"https:\/\/jornalpontomais.com\/site\/2024\/05\/18\/taxa-de-informalidade-em-goias-e-a-menor-da-serie-historica\/\" \/>\n<meta property=\"og:site_name\" content=\"Jornal Ponto Mais\" \/>\n<meta property=\"article:published_time\" content=\"2024-05-18T12:33:24+00:00\" \/>\n<meta property=\"article:modified_time\" content=\"2024-05-18T12:33:25+00:00\" \/>\n<meta property=\"og:image\" content=\"https:\/\/jornalpontomais.com\/site\/wp-content\/uploads\/2024\/05\/Empregos-formais-1215x804-1.jpg\" \/>\n\t<meta property=\"og:image:width\" content=\"1215\" \/>\n\t<meta property=\"og:image:height\" content=\"804\" \/>\n\t<meta property=\"og:image:type\" content=\"image\/jpeg\" \/>\n<meta name=\"author\" content=\"Jornal Ponto Mais\" \/>\n<meta name=\"twitter:card\" content=\"summary_large_image\" \/>\n<meta name=\"twitter:label1\" content=\"Escrito por\" \/>\n\t<meta name=\"twitter:data1\" content=\"Jornal Ponto Mais\" \/>\n\t<meta name=\"twitter:label2\" content=\"Est. tempo de leitura\" \/>\n\t<meta name=\"twitter:data2\" content=\"3 minutos\" \/>\n<script type=\"application\/ld+json\" class=\"yoast-schema-graph\">{\"@context\":\"https:\/\/schema.org\",\"@graph\":[{\"@type\":\"Article\",\"@id\":\"https:\/\/jornalpontomais.com\/site\/2024\/05\/18\/taxa-de-informalidade-em-goias-e-a-menor-da-serie-historica\/#article\",\"isPartOf\":{\"@id\":\"https:\/\/jornalpontomais.com\/site\/2024\/05\/18\/taxa-de-informalidade-em-goias-e-a-menor-da-serie-historica\/\"},\"author\":{\"name\":\"Jornal Ponto Mais\",\"@id\":\"https:\/\/jornalpontomais.com\/site\/#\/schema\/person\/18323f0b0f1355f2490721c48389fe9d\"},\"headline\":\"Taxa de informalidade em Goi\u00e1s \u00e9 a menor da s\u00e9rie hist\u00f3rica\",\"datePublished\":\"2024-05-18T12:33:24+00:00\",\"dateModified\":\"2024-05-18T12:33:25+00:00\",\"mainEntityOfPage\":{\"@id\":\"https:\/\/jornalpontomais.com\/site\/2024\/05\/18\/taxa-de-informalidade-em-goias-e-a-menor-da-serie-historica\/\"},\"wordCount\":521,\"commentCount\":0,\"publisher\":{\"@id\":\"https:\/\/jornalpontomais.com\/site\/#organization\"},\"image\":{\"@id\":\"https:\/\/jornalpontomais.com\/site\/2024\/05\/18\/taxa-de-informalidade-em-goias-e-a-menor-da-serie-historica\/#primaryimage\"},\"thumbnailUrl\":\"https:\/\/jornalpontomais.com\/site\/wp-content\/uploads\/2024\/05\/Empregos-formais-1215x804-1.jpg\",\"articleSection\":[\"Economia\"],\"inLanguage\":\"pt-BR\",\"potentialAction\":[{\"@type\":\"CommentAction\",\"name\":\"Comment\",\"target\":[\"https:\/\/jornalpontomais.com\/site\/2024\/05\/18\/taxa-de-informalidade-em-goias-e-a-menor-da-serie-historica\/#respond\"]}]},{\"@type\":\"WebPage\",\"@id\":\"https:\/\/jornalpontomais.com\/site\/2024\/05\/18\/taxa-de-informalidade-em-goias-e-a-menor-da-serie-historica\/\",\"url\":\"https:\/\/jornalpontomais.com\/site\/2024\/05\/18\/taxa-de-informalidade-em-goias-e-a-menor-da-serie-historica\/\",\"name\":\"Taxa de informalidade em Goi\u00e1s \u00e9 a menor da s\u00e9rie hist\u00f3rica - Jornal Ponto Mais\",\"isPartOf\":{\"@id\":\"https:\/\/jornalpontomais.com\/site\/#website\"},\"primaryImageOfPage\":{\"@id\":\"https:\/\/jornalpontomais.com\/site\/2024\/05\/18\/taxa-de-informalidade-em-goias-e-a-menor-da-serie-historica\/#primaryimage\"},\"image\":{\"@id\":\"https:\/\/jornalpontomais.com\/site\/2024\/05\/18\/taxa-de-informalidade-em-goias-e-a-menor-da-serie-historica\/#primaryimage\"},\"thumbnailUrl\":\"https:\/\/jornalpontomais.com\/site\/wp-content\/uploads\/2024\/05\/Empregos-formais-1215x804-1.jpg\",\"datePublished\":\"2024-05-18T12:33:24+00:00\",\"dateModified\":\"2024-05-18T12:33:25+00:00\",\"breadcrumb\":{\"@id\":\"https:\/\/jornalpontomais.com\/site\/2024\/05\/18\/taxa-de-informalidade-em-goias-e-a-menor-da-serie-historica\/#breadcrumb\"},\"inLanguage\":\"pt-BR\",\"potentialAction\":[{\"@type\":\"ReadAction\",\"target\":[\"https:\/\/jornalpontomais.com\/site\/2024\/05\/18\/taxa-de-informalidade-em-goias-e-a-menor-da-serie-historica\/\"]}]},{\"@type\":\"ImageObject\",\"inLanguage\":\"pt-BR\",\"@id\":\"https:\/\/jornalpontomais.com\/site\/2024\/05\/18\/taxa-de-informalidade-em-goias-e-a-menor-da-serie-historica\/#primaryimage\",\"url\":\"https:\/\/jornalpontomais.com\/site\/wp-content\/uploads\/2024\/05\/Empregos-formais-1215x804-1.jpg\",\"contentUrl\":\"https:\/\/jornalpontomais.com\/site\/wp-content\/uploads\/2024\/05\/Empregos-formais-1215x804-1.jpg\",\"width\":1215,\"height\":804},{\"@type\":\"BreadcrumbList\",\"@id\":\"https:\/\/jornalpontomais.com\/site\/2024\/05\/18\/taxa-de-informalidade-em-goias-e-a-menor-da-serie-historica\/#breadcrumb\",\"itemListElement\":[{\"@type\":\"ListItem\",\"position\":1,\"name\":\"In\u00edcio\",\"item\":\"https:\/\/jornalpontomais.com\/site\/\"},{\"@type\":\"ListItem\",\"position\":2,\"name\":\"Taxa de informalidade em Goi\u00e1s \u00e9 a menor da s\u00e9rie hist\u00f3rica\"}]},{\"@type\":\"WebSite\",\"@id\":\"https:\/\/jornalpontomais.com\/site\/#website\",\"url\":\"https:\/\/jornalpontomais.com\/site\/\",\"name\":\"Jornal Ponto Mais\",\"description\":\"As principais not\u00edcias do Brasil e do mundo. Confira!\",\"publisher\":{\"@id\":\"https:\/\/jornalpontomais.com\/site\/#organization\"},\"potentialAction\":[{\"@type\":\"SearchAction\",\"target\":{\"@type\":\"EntryPoint\",\"urlTemplate\":\"https:\/\/jornalpontomais.com\/site\/?s={search_term_string}\"},\"query-input\":{\"@type\":\"PropertyValueSpecification\",\"valueRequired\":true,\"valueName\":\"search_term_string\"}}],\"inLanguage\":\"pt-BR\"},{\"@type\":\"Organization\",\"@id\":\"https:\/\/jornalpontomais.com\/site\/#organization\",\"name\":\"Jornal Ponto+\",\"url\":\"https:\/\/jornalpontomais.com\/site\/\",\"logo\":{\"@type\":\"ImageObject\",\"inLanguage\":\"pt-BR\",\"@id\":\"https:\/\/jornalpontomais.com\/site\/#\/schema\/logo\/image\/\",\"url\":\"https:\/\/jornalpontomais.com\/site\/wp-content\/uploads\/2022\/01\/marca.png\",\"contentUrl\":\"https:\/\/jornalpontomais.com\/site\/wp-content\/uploads\/2022\/01\/marca.png\",\"width\":582,\"height\":148,\"caption\":\"Jornal Ponto+\"},\"image\":{\"@id\":\"https:\/\/jornalpontomais.com\/site\/#\/schema\/logo\/image\/\"}},{\"@type\":\"Person\",\"@id\":\"https:\/\/jornalpontomais.com\/site\/#\/schema\/person\/18323f0b0f1355f2490721c48389fe9d\",\"name\":\"Jornal Ponto Mais\",\"image\":{\"@type\":\"ImageObject\",\"inLanguage\":\"pt-BR\",\"@id\":\"https:\/\/secure.gravatar.com\/avatar\/2ee0a9b7fe10fe32bdec8bc086e871e41eb5f4f6ecbcb7b4f2fe0d92d831405f?s=96&d=mm&r=g\",\"url\":\"https:\/\/secure.gravatar.com\/avatar\/2ee0a9b7fe10fe32bdec8bc086e871e41eb5f4f6ecbcb7b4f2fe0d92d831405f?s=96&d=mm&r=g\",\"contentUrl\":\"https:\/\/secure.gravatar.com\/avatar\/2ee0a9b7fe10fe32bdec8bc086e871e41eb5f4f6ecbcb7b4f2fe0d92d831405f?s=96&d=mm&r=g\",\"caption\":\"Jornal Ponto Mais\"},\"sameAs\":[\"https:\/\/jornalpontomais.com\/site\",\"jornalpontomais\"],\"url\":\"https:\/\/jornalpontomais.com\/site\/author\/jornalpontomais\/\"}]}<\/script>\n<!-- \/ Yoast SEO plugin. -->","yoast_head_json":{"title":"Taxa de informalidade em Goi\u00e1s \u00e9 a menor da s\u00e9rie hist\u00f3rica - Jornal Ponto Mais","robots":{"index":"index","follow":"follow","max-snippet":"max-snippet:-1","max-image-preview":"max-image-preview:large","max-video-preview":"max-video-preview:-1"},"canonical":"https:\/\/jornalpontomais.com\/site\/2024\/05\/18\/taxa-de-informalidade-em-goias-e-a-menor-da-serie-historica\/","og_locale":"pt_BR","og_type":"article","og_title":"Taxa de informalidade em Goi\u00e1s \u00e9 a menor da s\u00e9rie hist\u00f3rica - Jornal Ponto Mais","og_description":"A taxa de informalidade em Goi\u00e1s alcan\u00e7ou o menor n\u00edvel da s\u00e9rie hist\u00f3rica da Pesquisa Nacional por Amostra de domic\u00edlios Cont\u00ednua (PNAD Cont\u00ednua), realizada pelo Instituto Brasileiro de Geografia e Estat\u00edstica (IBGE). No primeiro trimestre de 2024, o percentual chegou a 35,9%, o que representou a terceira maior redu\u00e7\u00e3o de informalidade do pa\u00eds (-1,3 p.p.), [&hellip;]","og_url":"https:\/\/jornalpontomais.com\/site\/2024\/05\/18\/taxa-de-informalidade-em-goias-e-a-menor-da-serie-historica\/","og_site_name":"Jornal Ponto Mais","article_published_time":"2024-05-18T12:33:24+00:00","article_modified_time":"2024-05-18T12:33:25+00:00","og_image":[{"width":1215,"height":804,"url":"https:\/\/jornalpontomais.com\/site\/wp-content\/uploads\/2024\/05\/Empregos-formais-1215x804-1.jpg","type":"image\/jpeg"}],"author":"Jornal Ponto Mais","twitter_card":"summary_large_image","twitter_misc":{"Escrito por":"Jornal Ponto Mais","Est. tempo de leitura":"3 minutos"},"schema":{"@context":"https:\/\/schema.org","@graph":[{"@type":"Article","@id":"https:\/\/jornalpontomais.com\/site\/2024\/05\/18\/taxa-de-informalidade-em-goias-e-a-menor-da-serie-historica\/#article","isPartOf":{"@id":"https:\/\/jornalpontomais.com\/site\/2024\/05\/18\/taxa-de-informalidade-em-goias-e-a-menor-da-serie-historica\/"},"author":{"name":"Jornal Ponto Mais","@id":"https:\/\/jornalpontomais.com\/site\/#\/schema\/person\/18323f0b0f1355f2490721c48389fe9d"},"headline":"Taxa de informalidade em Goi\u00e1s \u00e9 a menor da s\u00e9rie hist\u00f3rica","datePublished":"2024-05-18T12:33:24+00:00","dateModified":"2024-05-18T12:33:25+00:00","mainEntityOfPage":{"@id":"https:\/\/jornalpontomais.com\/site\/2024\/05\/18\/taxa-de-informalidade-em-goias-e-a-menor-da-serie-historica\/"},"wordCount":521,"commentCount":0,"publisher":{"@id":"https:\/\/jornalpontomais.com\/site\/#organization"},"image":{"@id":"https:\/\/jornalpontomais.com\/site\/2024\/05\/18\/taxa-de-informalidade-em-goias-e-a-menor-da-serie-historica\/#primaryimage"},"thumbnailUrl":"https:\/\/jornalpontomais.com\/site\/wp-content\/uploads\/2024\/05\/Empregos-formais-1215x804-1.jpg","articleSection":["Economia"],"inLanguage":"pt-BR","potentialAction":[{"@type":"CommentAction","name":"Comment","target":["https:\/\/jornalpontomais.com\/site\/2024\/05\/18\/taxa-de-informalidade-em-goias-e-a-menor-da-serie-historica\/#respond"]}]},{"@type":"WebPage","@id":"https:\/\/jornalpontomais.com\/site\/2024\/05\/18\/taxa-de-informalidade-em-goias-e-a-menor-da-serie-historica\/","url":"https:\/\/jornalpontomais.com\/site\/2024\/05\/18\/taxa-de-informalidade-em-goias-e-a-menor-da-serie-historica\/","name":"Taxa de informalidade em Goi\u00e1s \u00e9 a menor da s\u00e9rie hist\u00f3rica - Jornal Ponto Mais","isPartOf":{"@id":"https:\/\/jornalpontomais.com\/site\/#website"},"primaryImageOfPage":{"@id":"https:\/\/jornalpontomais.com\/site\/2024\/05\/18\/taxa-de-informalidade-em-goias-e-a-menor-da-serie-historica\/#primaryimage"},"image":{"@id":"https:\/\/jornalpontomais.com\/site\/2024\/05\/18\/taxa-de-informalidade-em-goias-e-a-menor-da-serie-historica\/#primaryimage"},"thumbnailUrl":"https:\/\/jornalpontomais.com\/site\/wp-content\/uploads\/2024\/05\/Empregos-formais-1215x804-1.jpg","datePublished":"2024-05-18T12:33:24+00:00","dateModified":"2024-05-18T12:33:25+00:00","breadcrumb":{"@id":"https:\/\/jornalpontomais.com\/site\/2024\/05\/18\/taxa-de-informalidade-em-goias-e-a-menor-da-serie-historica\/#breadcrumb"},"inLanguage":"pt-BR","potentialAction":[{"@type":"ReadAction","target":["https:\/\/jornalpontomais.com\/site\/2024\/05\/18\/taxa-de-informalidade-em-goias-e-a-menor-da-serie-historica\/"]}]},{"@type":"ImageObject","inLanguage":"pt-BR","@id":"https:\/\/jornalpontomais.com\/site\/2024\/05\/18\/taxa-de-informalidade-em-goias-e-a-menor-da-serie-historica\/#primaryimage","url":"https:\/\/jornalpontomais.com\/site\/wp-content\/uploads\/2024\/05\/Empregos-formais-1215x804-1.jpg","contentUrl":"https:\/\/jornalpontomais.com\/site\/wp-content\/uploads\/2024\/05\/Empregos-formais-1215x804-1.jpg","width":1215,"height":804},{"@type":"BreadcrumbList","@id":"https:\/\/jornalpontomais.com\/site\/2024\/05\/18\/taxa-de-informalidade-em-goias-e-a-menor-da-serie-historica\/#breadcrumb","itemListElement":[{"@type":"ListItem","position":1,"name":"In\u00edcio","item":"https:\/\/jornalpontomais.com\/site\/"},{"@type":"ListItem","position":2,"name":"Taxa de informalidade em Goi\u00e1s \u00e9 a menor da s\u00e9rie hist\u00f3rica"}]},{"@type":"WebSite","@id":"https:\/\/jornalpontomais.com\/site\/#website","url":"https:\/\/jornalpontomais.com\/site\/","name":"Jornal Ponto Mais","description":"As principais not\u00edcias do Brasil e do mundo. Confira!","publisher":{"@id":"https:\/\/jornalpontomais.com\/site\/#organization"},"potentialAction":[{"@type":"SearchAction","target":{"@type":"EntryPoint","urlTemplate":"https:\/\/jornalpontomais.com\/site\/?s={search_term_string}"},"query-input":{"@type":"PropertyValueSpecification","valueRequired":true,"valueName":"search_term_string"}}],"inLanguage":"pt-BR"},{"@type":"Organization","@id":"https:\/\/jornalpontomais.com\/site\/#organization","name":"Jornal Ponto+","url":"https:\/\/jornalpontomais.com\/site\/","logo":{"@type":"ImageObject","inLanguage":"pt-BR","@id":"https:\/\/jornalpontomais.com\/site\/#\/schema\/logo\/image\/","url":"https:\/\/jornalpontomais.com\/site\/wp-content\/uploads\/2022\/01\/marca.png","contentUrl":"https:\/\/jornalpontomais.com\/site\/wp-content\/uploads\/2022\/01\/marca.png","width":582,"height":148,"caption":"Jornal Ponto+"},"image":{"@id":"https:\/\/jornalpontomais.com\/site\/#\/schema\/logo\/image\/"}},{"@type":"Person","@id":"https:\/\/jornalpontomais.com\/site\/#\/schema\/person\/18323f0b0f1355f2490721c48389fe9d","name":"Jornal Ponto Mais","image":{"@type":"ImageObject","inLanguage":"pt-BR","@id":"https:\/\/secure.gravatar.com\/avatar\/2ee0a9b7fe10fe32bdec8bc086e871e41eb5f4f6ecbcb7b4f2fe0d92d831405f?s=96&d=mm&r=g","url":"https:\/\/secure.gravatar.com\/avatar\/2ee0a9b7fe10fe32bdec8bc086e871e41eb5f4f6ecbcb7b4f2fe0d92d831405f?s=96&d=mm&r=g","contentUrl":"https:\/\/secure.gravatar.com\/avatar\/2ee0a9b7fe10fe32bdec8bc086e871e41eb5f4f6ecbcb7b4f2fe0d92d831405f?s=96&d=mm&r=g","caption":"Jornal Ponto Mais"},"sameAs":["https:\/\/jornalpontomais.com\/site","jornalpontomais"],"url":"https:\/\/jornalpontomais.com\/site\/author\/jornalpontomais\/"}]}},"_links":{"self":[{"href":"https:\/\/jornalpontomais.com\/site\/wp-json\/wp\/v2\/posts\/13245","targetHints":{"allow":["GET"]}}],"collection":[{"href":"https:\/\/jornalpontomais.com\/site\/wp-json\/wp\/v2\/posts"}],"about":[{"href":"https:\/\/jornalpontomais.com\/site\/wp-json\/wp\/v2\/types\/post"}],"author":[{"embeddable":true,"href":"https:\/\/jornalpontomais.com\/site\/wp-json\/wp\/v2\/users\/2"}],"replies":[{"embeddable":true,"href":"https:\/\/jornalpontomais.com\/site\/wp-json\/wp\/v2\/comments?post=13245"}],"version-history":[{"count":1,"href":"https:\/\/jornalpontomais.com\/site\/wp-json\/wp\/v2\/posts\/13245\/revisions"}],"predecessor-version":[{"id":13247,"href":"https:\/\/jornalpontomais.com\/site\/wp-json\/wp\/v2\/posts\/13245\/revisions\/13247"}],"wp:featuredmedia":[{"embeddable":true,"href":"https:\/\/jornalpontomais.com\/site\/wp-json\/wp\/v2\/media\/13246"}],"wp:attachment":[{"href":"https:\/\/jornalpontomais.com\/site\/wp-json\/wp\/v2\/media?parent=13245"}],"wp:term":[{"taxonomy":"category","embeddable":true,"href":"https:\/\/jornalpontomais.com\/site\/wp-json\/wp\/v2\/categories?post=13245"},{"taxonomy":"post_tag","embeddable":true,"href":"https:\/\/jornalpontomais.com\/site\/wp-json\/wp\/v2\/tags?post=13245"}],"curies":[{"name":"wp","href":"https:\/\/api.w.org\/{rel}","templated":true}]}}