{"id":13228,"date":"2024-05-17T09:41:05","date_gmt":"2024-05-17T12:41:05","guid":{"rendered":"https:\/\/jornalpontomais.com\/site\/?p=13228"},"modified":"2024-05-17T09:41:06","modified_gmt":"2024-05-17T12:41:06","slug":"oms-atualiza-lista-de-bacterias-que-mais-ameacam-a-saude-humana","status":"publish","type":"post","link":"https:\/\/jornalpontomais.com\/site\/2024\/05\/17\/oms-atualiza-lista-de-bacterias-que-mais-ameacam-a-saude-humana\/","title":{"rendered":"OMS atualiza lista de bact\u00e9rias que mais amea\u00e7am a sa\u00fade humana"},"content":{"rendered":"\n<p>A Organiza\u00e7\u00e3o Mundial da Sa\u00fade, OMS, divulgou nesta sexta-feira a lista atualizada de Pat\u00f3genos Bacterianos Priorit\u00e1rios, Bppl, de 2024. A atualiza\u00e7\u00e3o \u00e9 considerada fundamental para enfrentar a resist\u00eancia antimicrobiana, destacada pela ag\u00eancia como um dos maiores desafios de sa\u00fade global.\u00a0<br><br><\/p>\n\n\n\n<p>A resist\u00eancia antimicrobiana ocorre quando bact\u00e9rias, v\u00edrus, fungos e parasitas j\u00e1 n\u00e3o s\u00e3o contidos pelos medicamentos, aumentando o risco de propaga\u00e7\u00e3o de doen\u00e7as e mortes. O problema \u00e9 motivado, em grande parte, pelo uso indevido e excessivo de antimicrobianos.<br><br><\/p>\n\n\n\n<p><strong>Ganhos da medicina moderna sob risco<\/strong><\/p>\n\n\n\n<p>O documento lan\u00e7ado pela OMS cont\u00e9m 15 fam\u00edlias de bact\u00e9rias resistentes a antibi\u00f3ticos agrupadas em categorias de prioriza\u00e7\u00e3o cr\u00edtica, alta e m\u00e9dia. A lista serve de refer\u00eancia para o desenvolvimento de novos tratamentos.\u00a0<br><br><\/p>\n\n\n\n<p>A diretora-geral adjunta de Resist\u00eancia Antimicrobiana da OMS, Yukiko Nakatani, ressaltou a import\u00e2ncia de mapear a carga global de bact\u00e9rias resistentes aos medicamentos e avaliar o seu impacto na sa\u00fade p\u00fablica. Segundo ela, \u201cdesde que a primeira Lista de Pat\u00f3genos Bacterianos Priorit\u00e1rios foi lan\u00e7ada em 2017, a amea\u00e7a da resist\u00eancia antimicrobiana intensificou-se, minando a efic\u00e1cia de numerosos antibi\u00f3ticos e colocando em risco muitos dos ganhos da medicina moderna.\u201d<br><br><\/p>\n\n\n\n<p><strong>Pat\u00f3genos de prioridade cr\u00edtica e alta<\/strong><\/p>\n\n\n\n<p>Dentre os agentes patog\u00eanicos de prioridade cr\u00edtica est\u00e3o as bact\u00e9rias gram-negativas resistentes aos antibi\u00f3ticos de \u00faltimo recurso e o Mycobacterium tuberculosis, resistente ao antibi\u00f3tico rifampicina. Eles representam grandes amea\u00e7as globais devido \u00e0 sua elevada carga e \u00e0 capacidade de resistir ao tratamento e espalhar a resist\u00eancia a outras bact\u00e9rias.<br><br><\/p>\n\n\n\n<p>As bact\u00e9rias Gram-negativas t\u00eam capacidades incorporadas para encontrar novas formas de resistir ao tratamento e podem transmitir material gen\u00e9tico, fazendo com que outras bact\u00e9rias tamb\u00e9m se tornem resistentes aos medicamentos.<br><br><\/p>\n\n\n\n<p>Os agentes patog\u00eanicos de alta prioridade, como a Salmonella e a Shigella, representam um fardo particularmente elevado nos pa\u00edses de rendimentos baixo e m\u00e9dio, juntamente com a Pseudomonas aeruginosa e o Staphylococcus aureus, que representam desafios significativos nos ambientes de sa\u00fade. Outros agentes patog\u00eanicos de alta prioridade s\u00e3o a Neisseria gonorrhoeae e Enterococcus faecium. Eles trazem desafios de sa\u00fade p\u00fablica, incluindo infec\u00e7\u00f5es persistentes e resist\u00eancia a m\u00faltiplos antibi\u00f3ticos.<br><br><\/p>\n\n\n\n<p><strong>Coordena\u00e7\u00e3o internacional<\/strong><\/p>\n\n\n\n<p>Os agentes patog\u00eanicos de prioridade m\u00e9dia incluem os estreptococos dos grupos A e B, Streptococcus pneumoniae e Haemophilus influenzae, que apresentam uma elevada carga de doen\u00e7a. Estes agentes patog\u00eanicos requerem maior aten\u00e7\u00e3o, especialmente em popula\u00e7\u00f5es vulner\u00e1veis, incluindo grupos de crian\u00e7as e idosos, particularmente em locais com recursos limitados.<br><br><\/p>\n\n\n\n<p>O diretor-geral adjunto da OMS para a Cobertura Universal de Sa\u00fade, Doen\u00e7as Transmiss\u00edveis e N\u00e3o Transmiss\u00edveis, J\u00e9r\u00f4me Salomon disse que \u201ca resist\u00eancia antimicrobiana p\u00f5e em risco a nossa capacidade de tratar eficazmente infec\u00e7\u00f5es de alto impacto, como a tuberculose, levando a doen\u00e7as graves e ao aumento das taxas de mortalidade\u201d.\u00a0<br><br><\/p>\n\n\n\n<p>O Bppl atualizado incorpora novas evid\u00eancias e conhecimentos de especialistas para orientar a pesquisa e o desenvolvimento de novos antibi\u00f3ticos e promover a coordena\u00e7\u00e3o internacional para fomentar a inova\u00e7\u00e3o.<\/p>\n","protected":false},"excerpt":{"rendered":"<p>A Organiza\u00e7\u00e3o Mundial da Sa\u00fade, OMS, divulgou nesta sexta-feira a lista atualizada de Pat\u00f3genos Bacterianos Priorit\u00e1rios, Bppl, de 2024. A atualiza\u00e7\u00e3o \u00e9 considerada fundamental para enfrentar a resist\u00eancia antimicrobiana, destacada pela ag\u00eancia como um dos maiores desafios de sa\u00fade global.\u00a0 A resist\u00eancia antimicrobiana ocorre quando bact\u00e9rias, v\u00edrus, fungos e parasitas j\u00e1 n\u00e3o s\u00e3o contidos pelos [&hellip;]<\/p>\n","protected":false},"author":2,"featured_media":13230,"comment_status":"open","ping_status":"open","sticky":true,"template":"","format":"standard","meta":{"om_disable_all_campaigns":false,"_monsterinsights_skip_tracking":false,"_monsterinsights_sitenote_active":false,"_monsterinsights_sitenote_note":"","_monsterinsights_sitenote_category":0,"footnotes":""},"categories":[3],"tags":[],"class_list":["post-13228","post","type-post","status-publish","format-standard","has-post-thumbnail","hentry","category-saude"],"yoast_head":"<!-- This site is optimized with the Yoast SEO plugin v27.2 - https:\/\/yoast.com\/product\/yoast-seo-wordpress\/ -->\n<title>OMS atualiza lista de bact\u00e9rias que mais amea\u00e7am a sa\u00fade humana - Jornal Ponto Mais<\/title>\n<meta name=\"robots\" content=\"index, follow, max-snippet:-1, max-image-preview:large, max-video-preview:-1\" \/>\n<link rel=\"canonical\" href=\"https:\/\/jornalpontomais.com\/site\/2024\/05\/17\/oms-atualiza-lista-de-bacterias-que-mais-ameacam-a-saude-humana\/\" \/>\n<meta property=\"og:locale\" content=\"pt_BR\" \/>\n<meta property=\"og:type\" content=\"article\" \/>\n<meta property=\"og:title\" content=\"OMS atualiza lista de bact\u00e9rias que mais amea\u00e7am a sa\u00fade humana - Jornal Ponto Mais\" \/>\n<meta property=\"og:description\" content=\"A Organiza\u00e7\u00e3o Mundial da Sa\u00fade, OMS, divulgou nesta sexta-feira a lista atualizada de Pat\u00f3genos Bacterianos Priorit\u00e1rios, Bppl, de 2024. A atualiza\u00e7\u00e3o \u00e9 considerada fundamental para enfrentar a resist\u00eancia antimicrobiana, destacada pela ag\u00eancia como um dos maiores desafios de sa\u00fade global.\u00a0 A resist\u00eancia antimicrobiana ocorre quando bact\u00e9rias, v\u00edrus, fungos e parasitas j\u00e1 n\u00e3o s\u00e3o contidos pelos [&hellip;]\" \/>\n<meta property=\"og:url\" content=\"https:\/\/jornalpontomais.com\/site\/2024\/05\/17\/oms-atualiza-lista-de-bacterias-que-mais-ameacam-a-saude-humana\/\" \/>\n<meta property=\"og:site_name\" content=\"Jornal Ponto Mais\" \/>\n<meta property=\"article:published_time\" content=\"2024-05-17T12:41:05+00:00\" \/>\n<meta property=\"article:modified_time\" content=\"2024-05-17T12:41:06+00:00\" \/>\n<meta property=\"og:image\" content=\"https:\/\/jornalpontomais.com\/site\/wp-content\/uploads\/2024\/05\/image1170x530cropped-1.jpg\" \/>\n\t<meta property=\"og:image:width\" content=\"1170\" \/>\n\t<meta property=\"og:image:height\" content=\"530\" \/>\n\t<meta property=\"og:image:type\" content=\"image\/jpeg\" \/>\n<meta name=\"author\" content=\"Jornal Ponto Mais\" \/>\n<meta name=\"twitter:card\" content=\"summary_large_image\" \/>\n<meta name=\"twitter:label1\" content=\"Escrito por\" \/>\n\t<meta name=\"twitter:data1\" content=\"Jornal Ponto Mais\" \/>\n\t<meta name=\"twitter:label2\" content=\"Est. tempo de leitura\" \/>\n\t<meta name=\"twitter:data2\" content=\"3 minutos\" \/>\n<script type=\"application\/ld+json\" class=\"yoast-schema-graph\">{\"@context\":\"https:\/\/schema.org\",\"@graph\":[{\"@type\":\"Article\",\"@id\":\"https:\/\/jornalpontomais.com\/site\/2024\/05\/17\/oms-atualiza-lista-de-bacterias-que-mais-ameacam-a-saude-humana\/#article\",\"isPartOf\":{\"@id\":\"https:\/\/jornalpontomais.com\/site\/2024\/05\/17\/oms-atualiza-lista-de-bacterias-que-mais-ameacam-a-saude-humana\/\"},\"author\":{\"name\":\"Jornal Ponto Mais\",\"@id\":\"https:\/\/jornalpontomais.com\/site\/#\/schema\/person\/18323f0b0f1355f2490721c48389fe9d\"},\"headline\":\"OMS atualiza lista de bact\u00e9rias que mais amea\u00e7am a sa\u00fade humana\",\"datePublished\":\"2024-05-17T12:41:05+00:00\",\"dateModified\":\"2024-05-17T12:41:06+00:00\",\"mainEntityOfPage\":{\"@id\":\"https:\/\/jornalpontomais.com\/site\/2024\/05\/17\/oms-atualiza-lista-de-bacterias-que-mais-ameacam-a-saude-humana\/\"},\"wordCount\":563,\"commentCount\":0,\"publisher\":{\"@id\":\"https:\/\/jornalpontomais.com\/site\/#organization\"},\"image\":{\"@id\":\"https:\/\/jornalpontomais.com\/site\/2024\/05\/17\/oms-atualiza-lista-de-bacterias-que-mais-ameacam-a-saude-humana\/#primaryimage\"},\"thumbnailUrl\":\"https:\/\/jornalpontomais.com\/site\/wp-content\/uploads\/2024\/05\/image1170x530cropped-1.jpg\",\"articleSection\":[\"Sa\u00fade\"],\"inLanguage\":\"pt-BR\",\"potentialAction\":[{\"@type\":\"CommentAction\",\"name\":\"Comment\",\"target\":[\"https:\/\/jornalpontomais.com\/site\/2024\/05\/17\/oms-atualiza-lista-de-bacterias-que-mais-ameacam-a-saude-humana\/#respond\"]}]},{\"@type\":\"WebPage\",\"@id\":\"https:\/\/jornalpontomais.com\/site\/2024\/05\/17\/oms-atualiza-lista-de-bacterias-que-mais-ameacam-a-saude-humana\/\",\"url\":\"https:\/\/jornalpontomais.com\/site\/2024\/05\/17\/oms-atualiza-lista-de-bacterias-que-mais-ameacam-a-saude-humana\/\",\"name\":\"OMS atualiza lista de bact\u00e9rias que mais amea\u00e7am a sa\u00fade humana - Jornal Ponto Mais\",\"isPartOf\":{\"@id\":\"https:\/\/jornalpontomais.com\/site\/#website\"},\"primaryImageOfPage\":{\"@id\":\"https:\/\/jornalpontomais.com\/site\/2024\/05\/17\/oms-atualiza-lista-de-bacterias-que-mais-ameacam-a-saude-humana\/#primaryimage\"},\"image\":{\"@id\":\"https:\/\/jornalpontomais.com\/site\/2024\/05\/17\/oms-atualiza-lista-de-bacterias-que-mais-ameacam-a-saude-humana\/#primaryimage\"},\"thumbnailUrl\":\"https:\/\/jornalpontomais.com\/site\/wp-content\/uploads\/2024\/05\/image1170x530cropped-1.jpg\",\"datePublished\":\"2024-05-17T12:41:05+00:00\",\"dateModified\":\"2024-05-17T12:41:06+00:00\",\"breadcrumb\":{\"@id\":\"https:\/\/jornalpontomais.com\/site\/2024\/05\/17\/oms-atualiza-lista-de-bacterias-que-mais-ameacam-a-saude-humana\/#breadcrumb\"},\"inLanguage\":\"pt-BR\",\"potentialAction\":[{\"@type\":\"ReadAction\",\"target\":[\"https:\/\/jornalpontomais.com\/site\/2024\/05\/17\/oms-atualiza-lista-de-bacterias-que-mais-ameacam-a-saude-humana\/\"]}]},{\"@type\":\"ImageObject\",\"inLanguage\":\"pt-BR\",\"@id\":\"https:\/\/jornalpontomais.com\/site\/2024\/05\/17\/oms-atualiza-lista-de-bacterias-que-mais-ameacam-a-saude-humana\/#primaryimage\",\"url\":\"https:\/\/jornalpontomais.com\/site\/wp-content\/uploads\/2024\/05\/image1170x530cropped-1.jpg\",\"contentUrl\":\"https:\/\/jornalpontomais.com\/site\/wp-content\/uploads\/2024\/05\/image1170x530cropped-1.jpg\",\"width\":1170,\"height\":530},{\"@type\":\"BreadcrumbList\",\"@id\":\"https:\/\/jornalpontomais.com\/site\/2024\/05\/17\/oms-atualiza-lista-de-bacterias-que-mais-ameacam-a-saude-humana\/#breadcrumb\",\"itemListElement\":[{\"@type\":\"ListItem\",\"position\":1,\"name\":\"In\u00edcio\",\"item\":\"https:\/\/jornalpontomais.com\/site\/\"},{\"@type\":\"ListItem\",\"position\":2,\"name\":\"OMS atualiza lista de bact\u00e9rias que mais amea\u00e7am a sa\u00fade humana\"}]},{\"@type\":\"WebSite\",\"@id\":\"https:\/\/jornalpontomais.com\/site\/#website\",\"url\":\"https:\/\/jornalpontomais.com\/site\/\",\"name\":\"Jornal Ponto Mais\",\"description\":\"As principais not\u00edcias do Brasil e do mundo. Confira!\",\"publisher\":{\"@id\":\"https:\/\/jornalpontomais.com\/site\/#organization\"},\"potentialAction\":[{\"@type\":\"SearchAction\",\"target\":{\"@type\":\"EntryPoint\",\"urlTemplate\":\"https:\/\/jornalpontomais.com\/site\/?s={search_term_string}\"},\"query-input\":{\"@type\":\"PropertyValueSpecification\",\"valueRequired\":true,\"valueName\":\"search_term_string\"}}],\"inLanguage\":\"pt-BR\"},{\"@type\":\"Organization\",\"@id\":\"https:\/\/jornalpontomais.com\/site\/#organization\",\"name\":\"Jornal Ponto+\",\"url\":\"https:\/\/jornalpontomais.com\/site\/\",\"logo\":{\"@type\":\"ImageObject\",\"inLanguage\":\"pt-BR\",\"@id\":\"https:\/\/jornalpontomais.com\/site\/#\/schema\/logo\/image\/\",\"url\":\"https:\/\/jornalpontomais.com\/site\/wp-content\/uploads\/2022\/01\/marca.png\",\"contentUrl\":\"https:\/\/jornalpontomais.com\/site\/wp-content\/uploads\/2022\/01\/marca.png\",\"width\":582,\"height\":148,\"caption\":\"Jornal Ponto+\"},\"image\":{\"@id\":\"https:\/\/jornalpontomais.com\/site\/#\/schema\/logo\/image\/\"}},{\"@type\":\"Person\",\"@id\":\"https:\/\/jornalpontomais.com\/site\/#\/schema\/person\/18323f0b0f1355f2490721c48389fe9d\",\"name\":\"Jornal Ponto Mais\",\"image\":{\"@type\":\"ImageObject\",\"inLanguage\":\"pt-BR\",\"@id\":\"https:\/\/secure.gravatar.com\/avatar\/2ee0a9b7fe10fe32bdec8bc086e871e41eb5f4f6ecbcb7b4f2fe0d92d831405f?s=96&d=mm&r=g\",\"url\":\"https:\/\/secure.gravatar.com\/avatar\/2ee0a9b7fe10fe32bdec8bc086e871e41eb5f4f6ecbcb7b4f2fe0d92d831405f?s=96&d=mm&r=g\",\"contentUrl\":\"https:\/\/secure.gravatar.com\/avatar\/2ee0a9b7fe10fe32bdec8bc086e871e41eb5f4f6ecbcb7b4f2fe0d92d831405f?s=96&d=mm&r=g\",\"caption\":\"Jornal Ponto Mais\"},\"sameAs\":[\"https:\/\/jornalpontomais.com\/site\",\"jornalpontomais\"],\"url\":\"https:\/\/jornalpontomais.com\/site\/author\/jornalpontomais\/\"}]}<\/script>\n<!-- \/ Yoast SEO plugin. -->","yoast_head_json":{"title":"OMS atualiza lista de bact\u00e9rias que mais amea\u00e7am a sa\u00fade humana - Jornal Ponto Mais","robots":{"index":"index","follow":"follow","max-snippet":"max-snippet:-1","max-image-preview":"max-image-preview:large","max-video-preview":"max-video-preview:-1"},"canonical":"https:\/\/jornalpontomais.com\/site\/2024\/05\/17\/oms-atualiza-lista-de-bacterias-que-mais-ameacam-a-saude-humana\/","og_locale":"pt_BR","og_type":"article","og_title":"OMS atualiza lista de bact\u00e9rias que mais amea\u00e7am a sa\u00fade humana - Jornal Ponto Mais","og_description":"A Organiza\u00e7\u00e3o Mundial da Sa\u00fade, OMS, divulgou nesta sexta-feira a lista atualizada de Pat\u00f3genos Bacterianos Priorit\u00e1rios, Bppl, de 2024. A atualiza\u00e7\u00e3o \u00e9 considerada fundamental para enfrentar a resist\u00eancia antimicrobiana, destacada pela ag\u00eancia como um dos maiores desafios de sa\u00fade global.\u00a0 A resist\u00eancia antimicrobiana ocorre quando bact\u00e9rias, v\u00edrus, fungos e parasitas j\u00e1 n\u00e3o s\u00e3o contidos pelos [&hellip;]","og_url":"https:\/\/jornalpontomais.com\/site\/2024\/05\/17\/oms-atualiza-lista-de-bacterias-que-mais-ameacam-a-saude-humana\/","og_site_name":"Jornal Ponto Mais","article_published_time":"2024-05-17T12:41:05+00:00","article_modified_time":"2024-05-17T12:41:06+00:00","og_image":[{"width":1170,"height":530,"url":"https:\/\/jornalpontomais.com\/site\/wp-content\/uploads\/2024\/05\/image1170x530cropped-1.jpg","type":"image\/jpeg"}],"author":"Jornal Ponto Mais","twitter_card":"summary_large_image","twitter_misc":{"Escrito por":"Jornal Ponto Mais","Est. tempo de leitura":"3 minutos"},"schema":{"@context":"https:\/\/schema.org","@graph":[{"@type":"Article","@id":"https:\/\/jornalpontomais.com\/site\/2024\/05\/17\/oms-atualiza-lista-de-bacterias-que-mais-ameacam-a-saude-humana\/#article","isPartOf":{"@id":"https:\/\/jornalpontomais.com\/site\/2024\/05\/17\/oms-atualiza-lista-de-bacterias-que-mais-ameacam-a-saude-humana\/"},"author":{"name":"Jornal Ponto Mais","@id":"https:\/\/jornalpontomais.com\/site\/#\/schema\/person\/18323f0b0f1355f2490721c48389fe9d"},"headline":"OMS atualiza lista de bact\u00e9rias que mais amea\u00e7am a sa\u00fade humana","datePublished":"2024-05-17T12:41:05+00:00","dateModified":"2024-05-17T12:41:06+00:00","mainEntityOfPage":{"@id":"https:\/\/jornalpontomais.com\/site\/2024\/05\/17\/oms-atualiza-lista-de-bacterias-que-mais-ameacam-a-saude-humana\/"},"wordCount":563,"commentCount":0,"publisher":{"@id":"https:\/\/jornalpontomais.com\/site\/#organization"},"image":{"@id":"https:\/\/jornalpontomais.com\/site\/2024\/05\/17\/oms-atualiza-lista-de-bacterias-que-mais-ameacam-a-saude-humana\/#primaryimage"},"thumbnailUrl":"https:\/\/jornalpontomais.com\/site\/wp-content\/uploads\/2024\/05\/image1170x530cropped-1.jpg","articleSection":["Sa\u00fade"],"inLanguage":"pt-BR","potentialAction":[{"@type":"CommentAction","name":"Comment","target":["https:\/\/jornalpontomais.com\/site\/2024\/05\/17\/oms-atualiza-lista-de-bacterias-que-mais-ameacam-a-saude-humana\/#respond"]}]},{"@type":"WebPage","@id":"https:\/\/jornalpontomais.com\/site\/2024\/05\/17\/oms-atualiza-lista-de-bacterias-que-mais-ameacam-a-saude-humana\/","url":"https:\/\/jornalpontomais.com\/site\/2024\/05\/17\/oms-atualiza-lista-de-bacterias-que-mais-ameacam-a-saude-humana\/","name":"OMS atualiza lista de bact\u00e9rias que mais amea\u00e7am a sa\u00fade humana - Jornal Ponto Mais","isPartOf":{"@id":"https:\/\/jornalpontomais.com\/site\/#website"},"primaryImageOfPage":{"@id":"https:\/\/jornalpontomais.com\/site\/2024\/05\/17\/oms-atualiza-lista-de-bacterias-que-mais-ameacam-a-saude-humana\/#primaryimage"},"image":{"@id":"https:\/\/jornalpontomais.com\/site\/2024\/05\/17\/oms-atualiza-lista-de-bacterias-que-mais-ameacam-a-saude-humana\/#primaryimage"},"thumbnailUrl":"https:\/\/jornalpontomais.com\/site\/wp-content\/uploads\/2024\/05\/image1170x530cropped-1.jpg","datePublished":"2024-05-17T12:41:05+00:00","dateModified":"2024-05-17T12:41:06+00:00","breadcrumb":{"@id":"https:\/\/jornalpontomais.com\/site\/2024\/05\/17\/oms-atualiza-lista-de-bacterias-que-mais-ameacam-a-saude-humana\/#breadcrumb"},"inLanguage":"pt-BR","potentialAction":[{"@type":"ReadAction","target":["https:\/\/jornalpontomais.com\/site\/2024\/05\/17\/oms-atualiza-lista-de-bacterias-que-mais-ameacam-a-saude-humana\/"]}]},{"@type":"ImageObject","inLanguage":"pt-BR","@id":"https:\/\/jornalpontomais.com\/site\/2024\/05\/17\/oms-atualiza-lista-de-bacterias-que-mais-ameacam-a-saude-humana\/#primaryimage","url":"https:\/\/jornalpontomais.com\/site\/wp-content\/uploads\/2024\/05\/image1170x530cropped-1.jpg","contentUrl":"https:\/\/jornalpontomais.com\/site\/wp-content\/uploads\/2024\/05\/image1170x530cropped-1.jpg","width":1170,"height":530},{"@type":"BreadcrumbList","@id":"https:\/\/jornalpontomais.com\/site\/2024\/05\/17\/oms-atualiza-lista-de-bacterias-que-mais-ameacam-a-saude-humana\/#breadcrumb","itemListElement":[{"@type":"ListItem","position":1,"name":"In\u00edcio","item":"https:\/\/jornalpontomais.com\/site\/"},{"@type":"ListItem","position":2,"name":"OMS atualiza lista de bact\u00e9rias que mais amea\u00e7am a sa\u00fade humana"}]},{"@type":"WebSite","@id":"https:\/\/jornalpontomais.com\/site\/#website","url":"https:\/\/jornalpontomais.com\/site\/","name":"Jornal Ponto Mais","description":"As principais not\u00edcias do Brasil e do mundo. Confira!","publisher":{"@id":"https:\/\/jornalpontomais.com\/site\/#organization"},"potentialAction":[{"@type":"SearchAction","target":{"@type":"EntryPoint","urlTemplate":"https:\/\/jornalpontomais.com\/site\/?s={search_term_string}"},"query-input":{"@type":"PropertyValueSpecification","valueRequired":true,"valueName":"search_term_string"}}],"inLanguage":"pt-BR"},{"@type":"Organization","@id":"https:\/\/jornalpontomais.com\/site\/#organization","name":"Jornal Ponto+","url":"https:\/\/jornalpontomais.com\/site\/","logo":{"@type":"ImageObject","inLanguage":"pt-BR","@id":"https:\/\/jornalpontomais.com\/site\/#\/schema\/logo\/image\/","url":"https:\/\/jornalpontomais.com\/site\/wp-content\/uploads\/2022\/01\/marca.png","contentUrl":"https:\/\/jornalpontomais.com\/site\/wp-content\/uploads\/2022\/01\/marca.png","width":582,"height":148,"caption":"Jornal Ponto+"},"image":{"@id":"https:\/\/jornalpontomais.com\/site\/#\/schema\/logo\/image\/"}},{"@type":"Person","@id":"https:\/\/jornalpontomais.com\/site\/#\/schema\/person\/18323f0b0f1355f2490721c48389fe9d","name":"Jornal Ponto Mais","image":{"@type":"ImageObject","inLanguage":"pt-BR","@id":"https:\/\/secure.gravatar.com\/avatar\/2ee0a9b7fe10fe32bdec8bc086e871e41eb5f4f6ecbcb7b4f2fe0d92d831405f?s=96&d=mm&r=g","url":"https:\/\/secure.gravatar.com\/avatar\/2ee0a9b7fe10fe32bdec8bc086e871e41eb5f4f6ecbcb7b4f2fe0d92d831405f?s=96&d=mm&r=g","contentUrl":"https:\/\/secure.gravatar.com\/avatar\/2ee0a9b7fe10fe32bdec8bc086e871e41eb5f4f6ecbcb7b4f2fe0d92d831405f?s=96&d=mm&r=g","caption":"Jornal Ponto Mais"},"sameAs":["https:\/\/jornalpontomais.com\/site","jornalpontomais"],"url":"https:\/\/jornalpontomais.com\/site\/author\/jornalpontomais\/"}]}},"_links":{"self":[{"href":"https:\/\/jornalpontomais.com\/site\/wp-json\/wp\/v2\/posts\/13228","targetHints":{"allow":["GET"]}}],"collection":[{"href":"https:\/\/jornalpontomais.com\/site\/wp-json\/wp\/v2\/posts"}],"about":[{"href":"https:\/\/jornalpontomais.com\/site\/wp-json\/wp\/v2\/types\/post"}],"author":[{"embeddable":true,"href":"https:\/\/jornalpontomais.com\/site\/wp-json\/wp\/v2\/users\/2"}],"replies":[{"embeddable":true,"href":"https:\/\/jornalpontomais.com\/site\/wp-json\/wp\/v2\/comments?post=13228"}],"version-history":[{"count":1,"href":"https:\/\/jornalpontomais.com\/site\/wp-json\/wp\/v2\/posts\/13228\/revisions"}],"predecessor-version":[{"id":13229,"href":"https:\/\/jornalpontomais.com\/site\/wp-json\/wp\/v2\/posts\/13228\/revisions\/13229"}],"wp:featuredmedia":[{"embeddable":true,"href":"https:\/\/jornalpontomais.com\/site\/wp-json\/wp\/v2\/media\/13230"}],"wp:attachment":[{"href":"https:\/\/jornalpontomais.com\/site\/wp-json\/wp\/v2\/media?parent=13228"}],"wp:term":[{"taxonomy":"category","embeddable":true,"href":"https:\/\/jornalpontomais.com\/site\/wp-json\/wp\/v2\/categories?post=13228"},{"taxonomy":"post_tag","embeddable":true,"href":"https:\/\/jornalpontomais.com\/site\/wp-json\/wp\/v2\/tags?post=13228"}],"curies":[{"name":"wp","href":"https:\/\/api.w.org\/{rel}","templated":true}]}}