{"id":13221,"date":"2024-05-16T12:04:30","date_gmt":"2024-05-16T15:04:30","guid":{"rendered":"https:\/\/jornalpontomais.com\/site\/?p=13221"},"modified":"2024-05-16T12:04:31","modified_gmt":"2024-05-16T15:04:31","slug":"amanda-schott-confirma-vaga-no-levantamento-de-peso-em-paris-2024","status":"publish","type":"post","link":"https:\/\/jornalpontomais.com\/site\/2024\/05\/16\/amanda-schott-confirma-vaga-no-levantamento-de-peso-em-paris-2024\/","title":{"rendered":"Amanda Schott confirma vaga no levantamento de peso em Paris 2024"},"content":{"rendered":"\n<p>A\u00a0delega\u00e7\u00e3o brasileira nos Jogos de Paris totalizou 220 atletas\u00a0com a confirma\u00e7\u00e3o da vaga ol\u00edmpica da niteroiense Amanda Schott no levantamento de peso pela\u00a0federa\u00e7\u00e3o internacional (IWF,\u00a0na sigla em ingl\u00eas), nesta quarta-feira (15). Amanda, da categoria at\u00e9 71 quilos, ser\u00e1 a segunda representante do pa\u00eds na modalidade, que at\u00e9 o momento s\u00f3 conta com atletas mulheres. No m\u00eas passado, a carioca Laura Amaro (81 kg) j\u00e1 garantira presen\u00e7a nos Jogos.\u00a0\u00a0<\/p>\n\n\n\n<figure class=\"wp-block-embed is-type-rich is-provider-twitter wp-block-embed-twitter\"><div class=\"wp-block-embed__wrapper\">\n<blockquote class=\"twitter-tweet\" data-width=\"550\" data-dnt=\"true\"><p lang=\"pt\" dir=\"ltr\">Tem mais uma vaga confirmada em <a href=\"https:\/\/twitter.com\/hashtag\/Paris2024?src=hash&amp;ref_src=twsrc%5Etfw\">#Paris2024<\/a>! \ud83c\udde7\ud83c\uddf7<br><br>Amanda Schott representar\u00e1 o <a href=\"https:\/\/twitter.com\/hashtag\/TimeBrasil?src=hash&amp;ref_src=twsrc%5Etfw\">#TimeBrasil<\/a> na categoria at\u00e9 71kg do levantamento de peso. <br><br>Atual recordista brasileira da categoria, a atleta far\u00e1 sua estreia em Jogos Ol\u00edmpicos! \ud83c\udfcb\ufe0f\ud83d\udc4f <a href=\"https:\/\/t.co\/dHZPsqNUpN\">pic.twitter.com\/dHZPsqNUpN<\/a><\/p>&mdash; Time Brasil (@timebrasil) <a href=\"https:\/\/twitter.com\/timebrasil\/status\/1790849530788761627?ref_src=twsrc%5Etfw\">May 15, 2024<\/a><\/blockquote><script async src=\"https:\/\/platform.twitter.com\/widgets.js\" charset=\"utf-8\"><\/script>\n<\/div><\/figure>\n\n\n\n<p>Entre os resultados que contribu\u00edram para Amanda carimbar o passaporte ol\u00edmpico est\u00e1 a classifica\u00e7\u00e3o da atleta entre as 10 primeiras colocadas na Copa do Mundo, na Tail\u00e2ndia, no m\u00eas passado.\u00a0<br><br><\/p>\n\n\n\n<p>A atleta niteroiense, de 28 anos, foi bronze no Mundial de 2021, quando ainda competia nos 87 kg. Como houve redu\u00e7\u00e3o do n\u00famero de categorias para a Olimp\u00edada de Paris, a atleta optou por competir nos 71 kg, na qual faturou o bronze nos Jogos Sul-Americanos de 2022. Em fevereiro deste ano, Amanda foi bronze no arranco durante o Pan-Americano da modalidade em Caracas (Venezuela), mas se lesionou na prova do arremesso, e perdeu a chance de participar da Copa do Mundo<\/p>\n","protected":false},"excerpt":{"rendered":"<p>A\u00a0delega\u00e7\u00e3o brasileira nos Jogos de Paris totalizou 220 atletas\u00a0com a confirma\u00e7\u00e3o da vaga ol\u00edmpica da niteroiense Amanda Schott no levantamento de peso pela\u00a0federa\u00e7\u00e3o internacional (IWF,\u00a0na sigla em ingl\u00eas), nesta quarta-feira (15). Amanda, da categoria at\u00e9 71 quilos, ser\u00e1 a segunda representante do pa\u00eds na modalidade, que at\u00e9 o momento s\u00f3 conta com atletas mulheres. No [&hellip;]<\/p>\n","protected":false},"author":2,"featured_media":13222,"comment_status":"open","ping_status":"open","sticky":true,"template":"","format":"standard","meta":{"om_disable_all_campaigns":false,"_monsterinsights_skip_tracking":false,"_monsterinsights_sitenote_active":false,"_monsterinsights_sitenote_note":"","_monsterinsights_sitenote_category":0,"footnotes":""},"categories":[4],"tags":[],"class_list":["post-13221","post","type-post","status-publish","format-standard","has-post-thumbnail","hentry","category-esporte"],"yoast_head":"<!-- This site is optimized with the Yoast SEO plugin v27.2 - https:\/\/yoast.com\/product\/yoast-seo-wordpress\/ -->\n<title>Amanda Schott confirma vaga no levantamento de peso em Paris 2024 - Jornal Ponto Mais<\/title>\n<meta name=\"robots\" content=\"index, follow, max-snippet:-1, max-image-preview:large, max-video-preview:-1\" \/>\n<link rel=\"canonical\" href=\"https:\/\/jornalpontomais.com\/site\/2024\/05\/16\/amanda-schott-confirma-vaga-no-levantamento-de-peso-em-paris-2024\/\" \/>\n<meta property=\"og:locale\" content=\"pt_BR\" \/>\n<meta property=\"og:type\" content=\"article\" \/>\n<meta property=\"og:title\" content=\"Amanda Schott confirma vaga no levantamento de peso em Paris 2024 - Jornal Ponto Mais\" \/>\n<meta property=\"og:description\" content=\"A\u00a0delega\u00e7\u00e3o brasileira nos Jogos de Paris totalizou 220 atletas\u00a0com a confirma\u00e7\u00e3o da vaga ol\u00edmpica da niteroiense Amanda Schott no levantamento de peso pela\u00a0federa\u00e7\u00e3o internacional (IWF,\u00a0na sigla em ingl\u00eas), nesta quarta-feira (15). Amanda, da categoria at\u00e9 71 quilos, ser\u00e1 a segunda representante do pa\u00eds na modalidade, que at\u00e9 o momento s\u00f3 conta com atletas mulheres. No [&hellip;]\" \/>\n<meta property=\"og:url\" content=\"https:\/\/jornalpontomais.com\/site\/2024\/05\/16\/amanda-schott-confirma-vaga-no-levantamento-de-peso-em-paris-2024\/\" \/>\n<meta property=\"og:site_name\" content=\"Jornal Ponto Mais\" \/>\n<meta property=\"article:published_time\" content=\"2024-05-16T15:04:30+00:00\" \/>\n<meta property=\"article:modified_time\" content=\"2024-05-16T15:04:31+00:00\" \/>\n<meta property=\"og:image\" content=\"https:\/\/jornalpontomais.com\/site\/wp-content\/uploads\/2024\/05\/amanda-schott-pan_de_santiago.webp\" \/>\n\t<meta property=\"og:image:width\" content=\"1170\" \/>\n\t<meta property=\"og:image:height\" content=\"700\" \/>\n\t<meta property=\"og:image:type\" content=\"image\/webp\" \/>\n<meta name=\"author\" content=\"Jornal Ponto Mais\" \/>\n<meta name=\"twitter:card\" content=\"summary_large_image\" \/>\n<meta name=\"twitter:label1\" content=\"Escrito por\" \/>\n\t<meta name=\"twitter:data1\" content=\"Jornal Ponto Mais\" \/>\n\t<meta name=\"twitter:label2\" content=\"Est. tempo de leitura\" \/>\n\t<meta name=\"twitter:data2\" content=\"1 minuto\" \/>\n<script type=\"application\/ld+json\" class=\"yoast-schema-graph\">{\"@context\":\"https:\/\/schema.org\",\"@graph\":[{\"@type\":\"Article\",\"@id\":\"https:\/\/jornalpontomais.com\/site\/2024\/05\/16\/amanda-schott-confirma-vaga-no-levantamento-de-peso-em-paris-2024\/#article\",\"isPartOf\":{\"@id\":\"https:\/\/jornalpontomais.com\/site\/2024\/05\/16\/amanda-schott-confirma-vaga-no-levantamento-de-peso-em-paris-2024\/\"},\"author\":{\"name\":\"Jornal Ponto Mais\",\"@id\":\"https:\/\/jornalpontomais.com\/site\/#\/schema\/person\/18323f0b0f1355f2490721c48389fe9d\"},\"headline\":\"Amanda Schott confirma vaga no levantamento de peso em Paris 2024\",\"datePublished\":\"2024-05-16T15:04:30+00:00\",\"dateModified\":\"2024-05-16T15:04:31+00:00\",\"mainEntityOfPage\":{\"@id\":\"https:\/\/jornalpontomais.com\/site\/2024\/05\/16\/amanda-schott-confirma-vaga-no-levantamento-de-peso-em-paris-2024\/\"},\"wordCount\":205,\"commentCount\":0,\"publisher\":{\"@id\":\"https:\/\/jornalpontomais.com\/site\/#organization\"},\"image\":{\"@id\":\"https:\/\/jornalpontomais.com\/site\/2024\/05\/16\/amanda-schott-confirma-vaga-no-levantamento-de-peso-em-paris-2024\/#primaryimage\"},\"thumbnailUrl\":\"https:\/\/jornalpontomais.com\/site\/wp-content\/uploads\/2024\/05\/amanda-schott-pan_de_santiago.webp\",\"articleSection\":[\"Esporte\"],\"inLanguage\":\"pt-BR\",\"potentialAction\":[{\"@type\":\"CommentAction\",\"name\":\"Comment\",\"target\":[\"https:\/\/jornalpontomais.com\/site\/2024\/05\/16\/amanda-schott-confirma-vaga-no-levantamento-de-peso-em-paris-2024\/#respond\"]}]},{\"@type\":\"WebPage\",\"@id\":\"https:\/\/jornalpontomais.com\/site\/2024\/05\/16\/amanda-schott-confirma-vaga-no-levantamento-de-peso-em-paris-2024\/\",\"url\":\"https:\/\/jornalpontomais.com\/site\/2024\/05\/16\/amanda-schott-confirma-vaga-no-levantamento-de-peso-em-paris-2024\/\",\"name\":\"Amanda Schott confirma vaga no levantamento de peso em Paris 2024 - Jornal Ponto Mais\",\"isPartOf\":{\"@id\":\"https:\/\/jornalpontomais.com\/site\/#website\"},\"primaryImageOfPage\":{\"@id\":\"https:\/\/jornalpontomais.com\/site\/2024\/05\/16\/amanda-schott-confirma-vaga-no-levantamento-de-peso-em-paris-2024\/#primaryimage\"},\"image\":{\"@id\":\"https:\/\/jornalpontomais.com\/site\/2024\/05\/16\/amanda-schott-confirma-vaga-no-levantamento-de-peso-em-paris-2024\/#primaryimage\"},\"thumbnailUrl\":\"https:\/\/jornalpontomais.com\/site\/wp-content\/uploads\/2024\/05\/amanda-schott-pan_de_santiago.webp\",\"datePublished\":\"2024-05-16T15:04:30+00:00\",\"dateModified\":\"2024-05-16T15:04:31+00:00\",\"breadcrumb\":{\"@id\":\"https:\/\/jornalpontomais.com\/site\/2024\/05\/16\/amanda-schott-confirma-vaga-no-levantamento-de-peso-em-paris-2024\/#breadcrumb\"},\"inLanguage\":\"pt-BR\",\"potentialAction\":[{\"@type\":\"ReadAction\",\"target\":[\"https:\/\/jornalpontomais.com\/site\/2024\/05\/16\/amanda-schott-confirma-vaga-no-levantamento-de-peso-em-paris-2024\/\"]}]},{\"@type\":\"ImageObject\",\"inLanguage\":\"pt-BR\",\"@id\":\"https:\/\/jornalpontomais.com\/site\/2024\/05\/16\/amanda-schott-confirma-vaga-no-levantamento-de-peso-em-paris-2024\/#primaryimage\",\"url\":\"https:\/\/jornalpontomais.com\/site\/wp-content\/uploads\/2024\/05\/amanda-schott-pan_de_santiago.webp\",\"contentUrl\":\"https:\/\/jornalpontomais.com\/site\/wp-content\/uploads\/2024\/05\/amanda-schott-pan_de_santiago.webp\",\"width\":1170,\"height\":700},{\"@type\":\"BreadcrumbList\",\"@id\":\"https:\/\/jornalpontomais.com\/site\/2024\/05\/16\/amanda-schott-confirma-vaga-no-levantamento-de-peso-em-paris-2024\/#breadcrumb\",\"itemListElement\":[{\"@type\":\"ListItem\",\"position\":1,\"name\":\"In\u00edcio\",\"item\":\"https:\/\/jornalpontomais.com\/site\/\"},{\"@type\":\"ListItem\",\"position\":2,\"name\":\"Amanda Schott confirma vaga no levantamento de peso em Paris 2024\"}]},{\"@type\":\"WebSite\",\"@id\":\"https:\/\/jornalpontomais.com\/site\/#website\",\"url\":\"https:\/\/jornalpontomais.com\/site\/\",\"name\":\"Jornal Ponto Mais\",\"description\":\"As principais not\u00edcias do Brasil e do mundo. Confira!\",\"publisher\":{\"@id\":\"https:\/\/jornalpontomais.com\/site\/#organization\"},\"potentialAction\":[{\"@type\":\"SearchAction\",\"target\":{\"@type\":\"EntryPoint\",\"urlTemplate\":\"https:\/\/jornalpontomais.com\/site\/?s={search_term_string}\"},\"query-input\":{\"@type\":\"PropertyValueSpecification\",\"valueRequired\":true,\"valueName\":\"search_term_string\"}}],\"inLanguage\":\"pt-BR\"},{\"@type\":\"Organization\",\"@id\":\"https:\/\/jornalpontomais.com\/site\/#organization\",\"name\":\"Jornal Ponto+\",\"url\":\"https:\/\/jornalpontomais.com\/site\/\",\"logo\":{\"@type\":\"ImageObject\",\"inLanguage\":\"pt-BR\",\"@id\":\"https:\/\/jornalpontomais.com\/site\/#\/schema\/logo\/image\/\",\"url\":\"https:\/\/jornalpontomais.com\/site\/wp-content\/uploads\/2022\/01\/marca.png\",\"contentUrl\":\"https:\/\/jornalpontomais.com\/site\/wp-content\/uploads\/2022\/01\/marca.png\",\"width\":582,\"height\":148,\"caption\":\"Jornal Ponto+\"},\"image\":{\"@id\":\"https:\/\/jornalpontomais.com\/site\/#\/schema\/logo\/image\/\"}},{\"@type\":\"Person\",\"@id\":\"https:\/\/jornalpontomais.com\/site\/#\/schema\/person\/18323f0b0f1355f2490721c48389fe9d\",\"name\":\"Jornal Ponto Mais\",\"image\":{\"@type\":\"ImageObject\",\"inLanguage\":\"pt-BR\",\"@id\":\"https:\/\/secure.gravatar.com\/avatar\/2ee0a9b7fe10fe32bdec8bc086e871e41eb5f4f6ecbcb7b4f2fe0d92d831405f?s=96&d=mm&r=g\",\"url\":\"https:\/\/secure.gravatar.com\/avatar\/2ee0a9b7fe10fe32bdec8bc086e871e41eb5f4f6ecbcb7b4f2fe0d92d831405f?s=96&d=mm&r=g\",\"contentUrl\":\"https:\/\/secure.gravatar.com\/avatar\/2ee0a9b7fe10fe32bdec8bc086e871e41eb5f4f6ecbcb7b4f2fe0d92d831405f?s=96&d=mm&r=g\",\"caption\":\"Jornal Ponto Mais\"},\"sameAs\":[\"https:\/\/jornalpontomais.com\/site\",\"jornalpontomais\"],\"url\":\"https:\/\/jornalpontomais.com\/site\/author\/jornalpontomais\/\"}]}<\/script>\n<!-- \/ Yoast SEO plugin. -->","yoast_head_json":{"title":"Amanda Schott confirma vaga no levantamento de peso em Paris 2024 - Jornal Ponto Mais","robots":{"index":"index","follow":"follow","max-snippet":"max-snippet:-1","max-image-preview":"max-image-preview:large","max-video-preview":"max-video-preview:-1"},"canonical":"https:\/\/jornalpontomais.com\/site\/2024\/05\/16\/amanda-schott-confirma-vaga-no-levantamento-de-peso-em-paris-2024\/","og_locale":"pt_BR","og_type":"article","og_title":"Amanda Schott confirma vaga no levantamento de peso em Paris 2024 - Jornal Ponto Mais","og_description":"A\u00a0delega\u00e7\u00e3o brasileira nos Jogos de Paris totalizou 220 atletas\u00a0com a confirma\u00e7\u00e3o da vaga ol\u00edmpica da niteroiense Amanda Schott no levantamento de peso pela\u00a0federa\u00e7\u00e3o internacional (IWF,\u00a0na sigla em ingl\u00eas), nesta quarta-feira (15). Amanda, da categoria at\u00e9 71 quilos, ser\u00e1 a segunda representante do pa\u00eds na modalidade, que at\u00e9 o momento s\u00f3 conta com atletas mulheres. No [&hellip;]","og_url":"https:\/\/jornalpontomais.com\/site\/2024\/05\/16\/amanda-schott-confirma-vaga-no-levantamento-de-peso-em-paris-2024\/","og_site_name":"Jornal Ponto Mais","article_published_time":"2024-05-16T15:04:30+00:00","article_modified_time":"2024-05-16T15:04:31+00:00","og_image":[{"width":1170,"height":700,"url":"https:\/\/jornalpontomais.com\/site\/wp-content\/uploads\/2024\/05\/amanda-schott-pan_de_santiago.webp","type":"image\/webp"}],"author":"Jornal Ponto Mais","twitter_card":"summary_large_image","twitter_misc":{"Escrito por":"Jornal Ponto Mais","Est. tempo de leitura":"1 minuto"},"schema":{"@context":"https:\/\/schema.org","@graph":[{"@type":"Article","@id":"https:\/\/jornalpontomais.com\/site\/2024\/05\/16\/amanda-schott-confirma-vaga-no-levantamento-de-peso-em-paris-2024\/#article","isPartOf":{"@id":"https:\/\/jornalpontomais.com\/site\/2024\/05\/16\/amanda-schott-confirma-vaga-no-levantamento-de-peso-em-paris-2024\/"},"author":{"name":"Jornal Ponto Mais","@id":"https:\/\/jornalpontomais.com\/site\/#\/schema\/person\/18323f0b0f1355f2490721c48389fe9d"},"headline":"Amanda Schott confirma vaga no levantamento de peso em Paris 2024","datePublished":"2024-05-16T15:04:30+00:00","dateModified":"2024-05-16T15:04:31+00:00","mainEntityOfPage":{"@id":"https:\/\/jornalpontomais.com\/site\/2024\/05\/16\/amanda-schott-confirma-vaga-no-levantamento-de-peso-em-paris-2024\/"},"wordCount":205,"commentCount":0,"publisher":{"@id":"https:\/\/jornalpontomais.com\/site\/#organization"},"image":{"@id":"https:\/\/jornalpontomais.com\/site\/2024\/05\/16\/amanda-schott-confirma-vaga-no-levantamento-de-peso-em-paris-2024\/#primaryimage"},"thumbnailUrl":"https:\/\/jornalpontomais.com\/site\/wp-content\/uploads\/2024\/05\/amanda-schott-pan_de_santiago.webp","articleSection":["Esporte"],"inLanguage":"pt-BR","potentialAction":[{"@type":"CommentAction","name":"Comment","target":["https:\/\/jornalpontomais.com\/site\/2024\/05\/16\/amanda-schott-confirma-vaga-no-levantamento-de-peso-em-paris-2024\/#respond"]}]},{"@type":"WebPage","@id":"https:\/\/jornalpontomais.com\/site\/2024\/05\/16\/amanda-schott-confirma-vaga-no-levantamento-de-peso-em-paris-2024\/","url":"https:\/\/jornalpontomais.com\/site\/2024\/05\/16\/amanda-schott-confirma-vaga-no-levantamento-de-peso-em-paris-2024\/","name":"Amanda Schott confirma vaga no levantamento de peso em Paris 2024 - Jornal Ponto Mais","isPartOf":{"@id":"https:\/\/jornalpontomais.com\/site\/#website"},"primaryImageOfPage":{"@id":"https:\/\/jornalpontomais.com\/site\/2024\/05\/16\/amanda-schott-confirma-vaga-no-levantamento-de-peso-em-paris-2024\/#primaryimage"},"image":{"@id":"https:\/\/jornalpontomais.com\/site\/2024\/05\/16\/amanda-schott-confirma-vaga-no-levantamento-de-peso-em-paris-2024\/#primaryimage"},"thumbnailUrl":"https:\/\/jornalpontomais.com\/site\/wp-content\/uploads\/2024\/05\/amanda-schott-pan_de_santiago.webp","datePublished":"2024-05-16T15:04:30+00:00","dateModified":"2024-05-16T15:04:31+00:00","breadcrumb":{"@id":"https:\/\/jornalpontomais.com\/site\/2024\/05\/16\/amanda-schott-confirma-vaga-no-levantamento-de-peso-em-paris-2024\/#breadcrumb"},"inLanguage":"pt-BR","potentialAction":[{"@type":"ReadAction","target":["https:\/\/jornalpontomais.com\/site\/2024\/05\/16\/amanda-schott-confirma-vaga-no-levantamento-de-peso-em-paris-2024\/"]}]},{"@type":"ImageObject","inLanguage":"pt-BR","@id":"https:\/\/jornalpontomais.com\/site\/2024\/05\/16\/amanda-schott-confirma-vaga-no-levantamento-de-peso-em-paris-2024\/#primaryimage","url":"https:\/\/jornalpontomais.com\/site\/wp-content\/uploads\/2024\/05\/amanda-schott-pan_de_santiago.webp","contentUrl":"https:\/\/jornalpontomais.com\/site\/wp-content\/uploads\/2024\/05\/amanda-schott-pan_de_santiago.webp","width":1170,"height":700},{"@type":"BreadcrumbList","@id":"https:\/\/jornalpontomais.com\/site\/2024\/05\/16\/amanda-schott-confirma-vaga-no-levantamento-de-peso-em-paris-2024\/#breadcrumb","itemListElement":[{"@type":"ListItem","position":1,"name":"In\u00edcio","item":"https:\/\/jornalpontomais.com\/site\/"},{"@type":"ListItem","position":2,"name":"Amanda Schott confirma vaga no levantamento de peso em Paris 2024"}]},{"@type":"WebSite","@id":"https:\/\/jornalpontomais.com\/site\/#website","url":"https:\/\/jornalpontomais.com\/site\/","name":"Jornal Ponto Mais","description":"As principais not\u00edcias do Brasil e do mundo. Confira!","publisher":{"@id":"https:\/\/jornalpontomais.com\/site\/#organization"},"potentialAction":[{"@type":"SearchAction","target":{"@type":"EntryPoint","urlTemplate":"https:\/\/jornalpontomais.com\/site\/?s={search_term_string}"},"query-input":{"@type":"PropertyValueSpecification","valueRequired":true,"valueName":"search_term_string"}}],"inLanguage":"pt-BR"},{"@type":"Organization","@id":"https:\/\/jornalpontomais.com\/site\/#organization","name":"Jornal Ponto+","url":"https:\/\/jornalpontomais.com\/site\/","logo":{"@type":"ImageObject","inLanguage":"pt-BR","@id":"https:\/\/jornalpontomais.com\/site\/#\/schema\/logo\/image\/","url":"https:\/\/jornalpontomais.com\/site\/wp-content\/uploads\/2022\/01\/marca.png","contentUrl":"https:\/\/jornalpontomais.com\/site\/wp-content\/uploads\/2022\/01\/marca.png","width":582,"height":148,"caption":"Jornal Ponto+"},"image":{"@id":"https:\/\/jornalpontomais.com\/site\/#\/schema\/logo\/image\/"}},{"@type":"Person","@id":"https:\/\/jornalpontomais.com\/site\/#\/schema\/person\/18323f0b0f1355f2490721c48389fe9d","name":"Jornal Ponto Mais","image":{"@type":"ImageObject","inLanguage":"pt-BR","@id":"https:\/\/secure.gravatar.com\/avatar\/2ee0a9b7fe10fe32bdec8bc086e871e41eb5f4f6ecbcb7b4f2fe0d92d831405f?s=96&d=mm&r=g","url":"https:\/\/secure.gravatar.com\/avatar\/2ee0a9b7fe10fe32bdec8bc086e871e41eb5f4f6ecbcb7b4f2fe0d92d831405f?s=96&d=mm&r=g","contentUrl":"https:\/\/secure.gravatar.com\/avatar\/2ee0a9b7fe10fe32bdec8bc086e871e41eb5f4f6ecbcb7b4f2fe0d92d831405f?s=96&d=mm&r=g","caption":"Jornal Ponto Mais"},"sameAs":["https:\/\/jornalpontomais.com\/site","jornalpontomais"],"url":"https:\/\/jornalpontomais.com\/site\/author\/jornalpontomais\/"}]}},"_links":{"self":[{"href":"https:\/\/jornalpontomais.com\/site\/wp-json\/wp\/v2\/posts\/13221","targetHints":{"allow":["GET"]}}],"collection":[{"href":"https:\/\/jornalpontomais.com\/site\/wp-json\/wp\/v2\/posts"}],"about":[{"href":"https:\/\/jornalpontomais.com\/site\/wp-json\/wp\/v2\/types\/post"}],"author":[{"embeddable":true,"href":"https:\/\/jornalpontomais.com\/site\/wp-json\/wp\/v2\/users\/2"}],"replies":[{"embeddable":true,"href":"https:\/\/jornalpontomais.com\/site\/wp-json\/wp\/v2\/comments?post=13221"}],"version-history":[{"count":1,"href":"https:\/\/jornalpontomais.com\/site\/wp-json\/wp\/v2\/posts\/13221\/revisions"}],"predecessor-version":[{"id":13223,"href":"https:\/\/jornalpontomais.com\/site\/wp-json\/wp\/v2\/posts\/13221\/revisions\/13223"}],"wp:featuredmedia":[{"embeddable":true,"href":"https:\/\/jornalpontomais.com\/site\/wp-json\/wp\/v2\/media\/13222"}],"wp:attachment":[{"href":"https:\/\/jornalpontomais.com\/site\/wp-json\/wp\/v2\/media?parent=13221"}],"wp:term":[{"taxonomy":"category","embeddable":true,"href":"https:\/\/jornalpontomais.com\/site\/wp-json\/wp\/v2\/categories?post=13221"},{"taxonomy":"post_tag","embeddable":true,"href":"https:\/\/jornalpontomais.com\/site\/wp-json\/wp\/v2\/tags?post=13221"}],"curies":[{"name":"wp","href":"https:\/\/api.w.org\/{rel}","templated":true}]}}