{"id":13211,"date":"2024-05-16T10:34:08","date_gmt":"2024-05-16T13:34:08","guid":{"rendered":"https:\/\/jornalpontomais.com\/site\/?p=13211"},"modified":"2024-05-16T10:34:09","modified_gmt":"2024-05-16T13:34:09","slug":"temperaturas-extremas-aumentam-risco-de-morte-cardiaca","status":"publish","type":"post","link":"https:\/\/jornalpontomais.com\/site\/2024\/05\/16\/temperaturas-extremas-aumentam-risco-de-morte-cardiaca\/","title":{"rendered":"Temperaturas extremas aumentam risco de morte card\u00edaca"},"content":{"rendered":"\n<p>Tanto os dias extremamente quentes quanto os muito frios afetam as pessoas que t\u00eam doen\u00e7as card\u00edacas, principalmente aquelas com insufici\u00eancia card\u00edaca.\u00a0<\/p>\n\n\n\n<p><br><\/p>\n\n\n\n<p>Uma nova an\u00e1lise multinacional de 32 milh\u00f5es de mortes relacionadas ao cora\u00e7\u00e3o nos \u00faltimos 40 anos, realizada na Universidade de Maryland, nos Estados Unidos, descobriu que mais ocorreram em dias com temperaturas severas, um problema que a mudan\u00e7a clim\u00e1tica pode piorar ainda mais.<br><br><\/p>\n\n\n\n<p>Para estudar o impacto das temperaturas, os pesquisadores analisaram dados de 32 milh\u00f5es de mortes relacionadas ao cora\u00e7\u00e3o em 27 pa\u00edses entre 1979 e 2019. Eles compararam as mortes relacionadas ao cora\u00e7\u00e3o nos 2,5% de dias mais quentes e mais frios em 567 cidades com aquelas em dias em que as temperaturas eram \u00f3timas.<br><br><\/p>\n\n\n\n<p>Para cada 1.000 mortes relacionadas ao cora\u00e7\u00e3o, houve 2,2 mortes adicionais em dias de calor extremo. Tamb\u00e9m houve 9,1 mortes adicionais em dias de frio extremo. Entre as pessoas com insufici\u00eancia card\u00edaca, houve 2,6 mortes adicionais em dias extremamente quentes e 12,8 em dias extremamente frios.<br><br><\/p>\n\n\n\n<p>O estudo mostrou que uma em cada 100 mortes cardiovasculares pode ser atribu\u00edda a dias de temperaturas extremas, e os efeitos da temperatura foram mais pronunciados quando se observam as mortes por insufici\u00eancia card\u00edaca.<\/p>\n\n\n\n<p><br><\/p>\n\n\n\n<p>Embora o maior n\u00famero de mortes tenha sido devido a insufici\u00eancia card\u00edaca, o clima extremo tamb\u00e9m levou a um aumento no n\u00famero de acidentes vasculares cerebrais; arritmia (batimento card\u00edaco irregular); e doen\u00e7a isqu\u00eamica do cora\u00e7\u00e3o (causada pelo estreitamento das art\u00e9rias card\u00edacas).<br><br><\/p>\n\n\n\n<p>De acordo com os pesquisadores disseram que n\u00e3o puderam fazer estimativas globais porque n\u00e3o havia dados suficientes do sul da \u00c1sia, Oriente M\u00e9dio e \u00c1frica, mas os resultados indicam a necessidade de sistemas de alerta direcionados e conselhos para pessoas vulner\u00e1veis durante temperaturas extremas para prevenir mortes relacionadas ao cora\u00e7\u00e3o.<\/p>\n\n\n\n<p><em>Fonte: Circulation. DOI: 10.1161\/CIRCULATIONAHA.122.061832.<\/em><\/p>\n","protected":false},"excerpt":{"rendered":"<p>Tanto os dias extremamente quentes quanto os muito frios afetam as pessoas que t\u00eam doen\u00e7as card\u00edacas, principalmente aquelas com insufici\u00eancia card\u00edaca.\u00a0 Uma nova an\u00e1lise multinacional de 32 milh\u00f5es de mortes relacionadas ao cora\u00e7\u00e3o nos \u00faltimos 40 anos, realizada na Universidade de Maryland, nos Estados Unidos, descobriu que mais ocorreram em dias com temperaturas severas, um [&hellip;]<\/p>\n","protected":false},"author":2,"featured_media":13212,"comment_status":"open","ping_status":"open","sticky":true,"template":"","format":"standard","meta":{"om_disable_all_campaigns":false,"_monsterinsights_skip_tracking":false,"_monsterinsights_sitenote_active":false,"_monsterinsights_sitenote_note":"","_monsterinsights_sitenote_category":0,"footnotes":""},"categories":[3],"tags":[],"class_list":["post-13211","post","type-post","status-publish","format-standard","has-post-thumbnail","hentry","category-saude"],"yoast_head":"<!-- This site is optimized with the Yoast SEO plugin v27.2 - https:\/\/yoast.com\/product\/yoast-seo-wordpress\/ -->\n<title>Temperaturas extremas aumentam risco de morte card\u00edaca - Jornal Ponto Mais<\/title>\n<meta name=\"robots\" content=\"index, follow, max-snippet:-1, max-image-preview:large, max-video-preview:-1\" \/>\n<link rel=\"canonical\" href=\"https:\/\/jornalpontomais.com\/site\/2024\/05\/16\/temperaturas-extremas-aumentam-risco-de-morte-cardiaca\/\" \/>\n<meta property=\"og:locale\" content=\"pt_BR\" \/>\n<meta property=\"og:type\" content=\"article\" \/>\n<meta property=\"og:title\" content=\"Temperaturas extremas aumentam risco de morte card\u00edaca - Jornal Ponto Mais\" \/>\n<meta property=\"og:description\" content=\"Tanto os dias extremamente quentes quanto os muito frios afetam as pessoas que t\u00eam doen\u00e7as card\u00edacas, principalmente aquelas com insufici\u00eancia card\u00edaca.\u00a0 Uma nova an\u00e1lise multinacional de 32 milh\u00f5es de mortes relacionadas ao cora\u00e7\u00e3o nos \u00faltimos 40 anos, realizada na Universidade de Maryland, nos Estados Unidos, descobriu que mais ocorreram em dias com temperaturas severas, um [&hellip;]\" \/>\n<meta property=\"og:url\" content=\"https:\/\/jornalpontomais.com\/site\/2024\/05\/16\/temperaturas-extremas-aumentam-risco-de-morte-cardiaca\/\" \/>\n<meta property=\"og:site_name\" content=\"Jornal Ponto Mais\" \/>\n<meta property=\"article:published_time\" content=\"2024-05-16T13:34:08+00:00\" \/>\n<meta property=\"article:modified_time\" content=\"2024-05-16T13:34:09+00:00\" \/>\n<meta property=\"og:image\" content=\"https:\/\/jornalpontomais.com\/site\/wp-content\/uploads\/2024\/05\/IMG_7239.jpeg\" \/>\n\t<meta property=\"og:image:width\" content=\"678\" \/>\n\t<meta property=\"og:image:height\" content=\"452\" \/>\n\t<meta property=\"og:image:type\" content=\"image\/jpeg\" \/>\n<meta name=\"author\" content=\"Jornal Ponto Mais\" \/>\n<meta name=\"twitter:card\" content=\"summary_large_image\" \/>\n<meta name=\"twitter:label1\" content=\"Escrito por\" \/>\n\t<meta name=\"twitter:data1\" content=\"Jornal Ponto Mais\" \/>\n\t<meta name=\"twitter:label2\" content=\"Est. tempo de leitura\" \/>\n\t<meta name=\"twitter:data2\" content=\"2 minutos\" \/>\n<script type=\"application\/ld+json\" class=\"yoast-schema-graph\">{\"@context\":\"https:\/\/schema.org\",\"@graph\":[{\"@type\":\"Article\",\"@id\":\"https:\/\/jornalpontomais.com\/site\/2024\/05\/16\/temperaturas-extremas-aumentam-risco-de-morte-cardiaca\/#article\",\"isPartOf\":{\"@id\":\"https:\/\/jornalpontomais.com\/site\/2024\/05\/16\/temperaturas-extremas-aumentam-risco-de-morte-cardiaca\/\"},\"author\":{\"name\":\"Jornal Ponto Mais\",\"@id\":\"https:\/\/jornalpontomais.com\/site\/#\/schema\/person\/18323f0b0f1355f2490721c48389fe9d\"},\"headline\":\"Temperaturas extremas aumentam risco de morte card\u00edaca\",\"datePublished\":\"2024-05-16T13:34:08+00:00\",\"dateModified\":\"2024-05-16T13:34:09+00:00\",\"mainEntityOfPage\":{\"@id\":\"https:\/\/jornalpontomais.com\/site\/2024\/05\/16\/temperaturas-extremas-aumentam-risco-de-morte-cardiaca\/\"},\"wordCount\":324,\"commentCount\":0,\"publisher\":{\"@id\":\"https:\/\/jornalpontomais.com\/site\/#organization\"},\"image\":{\"@id\":\"https:\/\/jornalpontomais.com\/site\/2024\/05\/16\/temperaturas-extremas-aumentam-risco-de-morte-cardiaca\/#primaryimage\"},\"thumbnailUrl\":\"https:\/\/jornalpontomais.com\/site\/wp-content\/uploads\/2024\/05\/IMG_7239.jpeg\",\"articleSection\":[\"Sa\u00fade\"],\"inLanguage\":\"pt-BR\",\"potentialAction\":[{\"@type\":\"CommentAction\",\"name\":\"Comment\",\"target\":[\"https:\/\/jornalpontomais.com\/site\/2024\/05\/16\/temperaturas-extremas-aumentam-risco-de-morte-cardiaca\/#respond\"]}]},{\"@type\":\"WebPage\",\"@id\":\"https:\/\/jornalpontomais.com\/site\/2024\/05\/16\/temperaturas-extremas-aumentam-risco-de-morte-cardiaca\/\",\"url\":\"https:\/\/jornalpontomais.com\/site\/2024\/05\/16\/temperaturas-extremas-aumentam-risco-de-morte-cardiaca\/\",\"name\":\"Temperaturas extremas aumentam risco de morte card\u00edaca - Jornal Ponto Mais\",\"isPartOf\":{\"@id\":\"https:\/\/jornalpontomais.com\/site\/#website\"},\"primaryImageOfPage\":{\"@id\":\"https:\/\/jornalpontomais.com\/site\/2024\/05\/16\/temperaturas-extremas-aumentam-risco-de-morte-cardiaca\/#primaryimage\"},\"image\":{\"@id\":\"https:\/\/jornalpontomais.com\/site\/2024\/05\/16\/temperaturas-extremas-aumentam-risco-de-morte-cardiaca\/#primaryimage\"},\"thumbnailUrl\":\"https:\/\/jornalpontomais.com\/site\/wp-content\/uploads\/2024\/05\/IMG_7239.jpeg\",\"datePublished\":\"2024-05-16T13:34:08+00:00\",\"dateModified\":\"2024-05-16T13:34:09+00:00\",\"breadcrumb\":{\"@id\":\"https:\/\/jornalpontomais.com\/site\/2024\/05\/16\/temperaturas-extremas-aumentam-risco-de-morte-cardiaca\/#breadcrumb\"},\"inLanguage\":\"pt-BR\",\"potentialAction\":[{\"@type\":\"ReadAction\",\"target\":[\"https:\/\/jornalpontomais.com\/site\/2024\/05\/16\/temperaturas-extremas-aumentam-risco-de-morte-cardiaca\/\"]}]},{\"@type\":\"ImageObject\",\"inLanguage\":\"pt-BR\",\"@id\":\"https:\/\/jornalpontomais.com\/site\/2024\/05\/16\/temperaturas-extremas-aumentam-risco-de-morte-cardiaca\/#primaryimage\",\"url\":\"https:\/\/jornalpontomais.com\/site\/wp-content\/uploads\/2024\/05\/IMG_7239.jpeg\",\"contentUrl\":\"https:\/\/jornalpontomais.com\/site\/wp-content\/uploads\/2024\/05\/IMG_7239.jpeg\",\"width\":678,\"height\":452},{\"@type\":\"BreadcrumbList\",\"@id\":\"https:\/\/jornalpontomais.com\/site\/2024\/05\/16\/temperaturas-extremas-aumentam-risco-de-morte-cardiaca\/#breadcrumb\",\"itemListElement\":[{\"@type\":\"ListItem\",\"position\":1,\"name\":\"In\u00edcio\",\"item\":\"https:\/\/jornalpontomais.com\/site\/\"},{\"@type\":\"ListItem\",\"position\":2,\"name\":\"Temperaturas extremas aumentam risco de morte card\u00edaca\"}]},{\"@type\":\"WebSite\",\"@id\":\"https:\/\/jornalpontomais.com\/site\/#website\",\"url\":\"https:\/\/jornalpontomais.com\/site\/\",\"name\":\"Jornal Ponto Mais\",\"description\":\"As principais not\u00edcias do Brasil e do mundo. Confira!\",\"publisher\":{\"@id\":\"https:\/\/jornalpontomais.com\/site\/#organization\"},\"potentialAction\":[{\"@type\":\"SearchAction\",\"target\":{\"@type\":\"EntryPoint\",\"urlTemplate\":\"https:\/\/jornalpontomais.com\/site\/?s={search_term_string}\"},\"query-input\":{\"@type\":\"PropertyValueSpecification\",\"valueRequired\":true,\"valueName\":\"search_term_string\"}}],\"inLanguage\":\"pt-BR\"},{\"@type\":\"Organization\",\"@id\":\"https:\/\/jornalpontomais.com\/site\/#organization\",\"name\":\"Jornal Ponto+\",\"url\":\"https:\/\/jornalpontomais.com\/site\/\",\"logo\":{\"@type\":\"ImageObject\",\"inLanguage\":\"pt-BR\",\"@id\":\"https:\/\/jornalpontomais.com\/site\/#\/schema\/logo\/image\/\",\"url\":\"https:\/\/jornalpontomais.com\/site\/wp-content\/uploads\/2022\/01\/marca.png\",\"contentUrl\":\"https:\/\/jornalpontomais.com\/site\/wp-content\/uploads\/2022\/01\/marca.png\",\"width\":582,\"height\":148,\"caption\":\"Jornal Ponto+\"},\"image\":{\"@id\":\"https:\/\/jornalpontomais.com\/site\/#\/schema\/logo\/image\/\"}},{\"@type\":\"Person\",\"@id\":\"https:\/\/jornalpontomais.com\/site\/#\/schema\/person\/18323f0b0f1355f2490721c48389fe9d\",\"name\":\"Jornal Ponto Mais\",\"image\":{\"@type\":\"ImageObject\",\"inLanguage\":\"pt-BR\",\"@id\":\"https:\/\/secure.gravatar.com\/avatar\/2ee0a9b7fe10fe32bdec8bc086e871e41eb5f4f6ecbcb7b4f2fe0d92d831405f?s=96&d=mm&r=g\",\"url\":\"https:\/\/secure.gravatar.com\/avatar\/2ee0a9b7fe10fe32bdec8bc086e871e41eb5f4f6ecbcb7b4f2fe0d92d831405f?s=96&d=mm&r=g\",\"contentUrl\":\"https:\/\/secure.gravatar.com\/avatar\/2ee0a9b7fe10fe32bdec8bc086e871e41eb5f4f6ecbcb7b4f2fe0d92d831405f?s=96&d=mm&r=g\",\"caption\":\"Jornal Ponto Mais\"},\"sameAs\":[\"https:\/\/jornalpontomais.com\/site\",\"jornalpontomais\"],\"url\":\"https:\/\/jornalpontomais.com\/site\/author\/jornalpontomais\/\"}]}<\/script>\n<!-- \/ Yoast SEO plugin. -->","yoast_head_json":{"title":"Temperaturas extremas aumentam risco de morte card\u00edaca - Jornal Ponto Mais","robots":{"index":"index","follow":"follow","max-snippet":"max-snippet:-1","max-image-preview":"max-image-preview:large","max-video-preview":"max-video-preview:-1"},"canonical":"https:\/\/jornalpontomais.com\/site\/2024\/05\/16\/temperaturas-extremas-aumentam-risco-de-morte-cardiaca\/","og_locale":"pt_BR","og_type":"article","og_title":"Temperaturas extremas aumentam risco de morte card\u00edaca - Jornal Ponto Mais","og_description":"Tanto os dias extremamente quentes quanto os muito frios afetam as pessoas que t\u00eam doen\u00e7as card\u00edacas, principalmente aquelas com insufici\u00eancia card\u00edaca.\u00a0 Uma nova an\u00e1lise multinacional de 32 milh\u00f5es de mortes relacionadas ao cora\u00e7\u00e3o nos \u00faltimos 40 anos, realizada na Universidade de Maryland, nos Estados Unidos, descobriu que mais ocorreram em dias com temperaturas severas, um [&hellip;]","og_url":"https:\/\/jornalpontomais.com\/site\/2024\/05\/16\/temperaturas-extremas-aumentam-risco-de-morte-cardiaca\/","og_site_name":"Jornal Ponto Mais","article_published_time":"2024-05-16T13:34:08+00:00","article_modified_time":"2024-05-16T13:34:09+00:00","og_image":[{"width":678,"height":452,"url":"https:\/\/jornalpontomais.com\/site\/wp-content\/uploads\/2024\/05\/IMG_7239.jpeg","type":"image\/jpeg"}],"author":"Jornal Ponto Mais","twitter_card":"summary_large_image","twitter_misc":{"Escrito por":"Jornal Ponto Mais","Est. tempo de leitura":"2 minutos"},"schema":{"@context":"https:\/\/schema.org","@graph":[{"@type":"Article","@id":"https:\/\/jornalpontomais.com\/site\/2024\/05\/16\/temperaturas-extremas-aumentam-risco-de-morte-cardiaca\/#article","isPartOf":{"@id":"https:\/\/jornalpontomais.com\/site\/2024\/05\/16\/temperaturas-extremas-aumentam-risco-de-morte-cardiaca\/"},"author":{"name":"Jornal Ponto Mais","@id":"https:\/\/jornalpontomais.com\/site\/#\/schema\/person\/18323f0b0f1355f2490721c48389fe9d"},"headline":"Temperaturas extremas aumentam risco de morte card\u00edaca","datePublished":"2024-05-16T13:34:08+00:00","dateModified":"2024-05-16T13:34:09+00:00","mainEntityOfPage":{"@id":"https:\/\/jornalpontomais.com\/site\/2024\/05\/16\/temperaturas-extremas-aumentam-risco-de-morte-cardiaca\/"},"wordCount":324,"commentCount":0,"publisher":{"@id":"https:\/\/jornalpontomais.com\/site\/#organization"},"image":{"@id":"https:\/\/jornalpontomais.com\/site\/2024\/05\/16\/temperaturas-extremas-aumentam-risco-de-morte-cardiaca\/#primaryimage"},"thumbnailUrl":"https:\/\/jornalpontomais.com\/site\/wp-content\/uploads\/2024\/05\/IMG_7239.jpeg","articleSection":["Sa\u00fade"],"inLanguage":"pt-BR","potentialAction":[{"@type":"CommentAction","name":"Comment","target":["https:\/\/jornalpontomais.com\/site\/2024\/05\/16\/temperaturas-extremas-aumentam-risco-de-morte-cardiaca\/#respond"]}]},{"@type":"WebPage","@id":"https:\/\/jornalpontomais.com\/site\/2024\/05\/16\/temperaturas-extremas-aumentam-risco-de-morte-cardiaca\/","url":"https:\/\/jornalpontomais.com\/site\/2024\/05\/16\/temperaturas-extremas-aumentam-risco-de-morte-cardiaca\/","name":"Temperaturas extremas aumentam risco de morte card\u00edaca - Jornal Ponto Mais","isPartOf":{"@id":"https:\/\/jornalpontomais.com\/site\/#website"},"primaryImageOfPage":{"@id":"https:\/\/jornalpontomais.com\/site\/2024\/05\/16\/temperaturas-extremas-aumentam-risco-de-morte-cardiaca\/#primaryimage"},"image":{"@id":"https:\/\/jornalpontomais.com\/site\/2024\/05\/16\/temperaturas-extremas-aumentam-risco-de-morte-cardiaca\/#primaryimage"},"thumbnailUrl":"https:\/\/jornalpontomais.com\/site\/wp-content\/uploads\/2024\/05\/IMG_7239.jpeg","datePublished":"2024-05-16T13:34:08+00:00","dateModified":"2024-05-16T13:34:09+00:00","breadcrumb":{"@id":"https:\/\/jornalpontomais.com\/site\/2024\/05\/16\/temperaturas-extremas-aumentam-risco-de-morte-cardiaca\/#breadcrumb"},"inLanguage":"pt-BR","potentialAction":[{"@type":"ReadAction","target":["https:\/\/jornalpontomais.com\/site\/2024\/05\/16\/temperaturas-extremas-aumentam-risco-de-morte-cardiaca\/"]}]},{"@type":"ImageObject","inLanguage":"pt-BR","@id":"https:\/\/jornalpontomais.com\/site\/2024\/05\/16\/temperaturas-extremas-aumentam-risco-de-morte-cardiaca\/#primaryimage","url":"https:\/\/jornalpontomais.com\/site\/wp-content\/uploads\/2024\/05\/IMG_7239.jpeg","contentUrl":"https:\/\/jornalpontomais.com\/site\/wp-content\/uploads\/2024\/05\/IMG_7239.jpeg","width":678,"height":452},{"@type":"BreadcrumbList","@id":"https:\/\/jornalpontomais.com\/site\/2024\/05\/16\/temperaturas-extremas-aumentam-risco-de-morte-cardiaca\/#breadcrumb","itemListElement":[{"@type":"ListItem","position":1,"name":"In\u00edcio","item":"https:\/\/jornalpontomais.com\/site\/"},{"@type":"ListItem","position":2,"name":"Temperaturas extremas aumentam risco de morte card\u00edaca"}]},{"@type":"WebSite","@id":"https:\/\/jornalpontomais.com\/site\/#website","url":"https:\/\/jornalpontomais.com\/site\/","name":"Jornal Ponto Mais","description":"As principais not\u00edcias do Brasil e do mundo. Confira!","publisher":{"@id":"https:\/\/jornalpontomais.com\/site\/#organization"},"potentialAction":[{"@type":"SearchAction","target":{"@type":"EntryPoint","urlTemplate":"https:\/\/jornalpontomais.com\/site\/?s={search_term_string}"},"query-input":{"@type":"PropertyValueSpecification","valueRequired":true,"valueName":"search_term_string"}}],"inLanguage":"pt-BR"},{"@type":"Organization","@id":"https:\/\/jornalpontomais.com\/site\/#organization","name":"Jornal Ponto+","url":"https:\/\/jornalpontomais.com\/site\/","logo":{"@type":"ImageObject","inLanguage":"pt-BR","@id":"https:\/\/jornalpontomais.com\/site\/#\/schema\/logo\/image\/","url":"https:\/\/jornalpontomais.com\/site\/wp-content\/uploads\/2022\/01\/marca.png","contentUrl":"https:\/\/jornalpontomais.com\/site\/wp-content\/uploads\/2022\/01\/marca.png","width":582,"height":148,"caption":"Jornal Ponto+"},"image":{"@id":"https:\/\/jornalpontomais.com\/site\/#\/schema\/logo\/image\/"}},{"@type":"Person","@id":"https:\/\/jornalpontomais.com\/site\/#\/schema\/person\/18323f0b0f1355f2490721c48389fe9d","name":"Jornal Ponto Mais","image":{"@type":"ImageObject","inLanguage":"pt-BR","@id":"https:\/\/secure.gravatar.com\/avatar\/2ee0a9b7fe10fe32bdec8bc086e871e41eb5f4f6ecbcb7b4f2fe0d92d831405f?s=96&d=mm&r=g","url":"https:\/\/secure.gravatar.com\/avatar\/2ee0a9b7fe10fe32bdec8bc086e871e41eb5f4f6ecbcb7b4f2fe0d92d831405f?s=96&d=mm&r=g","contentUrl":"https:\/\/secure.gravatar.com\/avatar\/2ee0a9b7fe10fe32bdec8bc086e871e41eb5f4f6ecbcb7b4f2fe0d92d831405f?s=96&d=mm&r=g","caption":"Jornal Ponto Mais"},"sameAs":["https:\/\/jornalpontomais.com\/site","jornalpontomais"],"url":"https:\/\/jornalpontomais.com\/site\/author\/jornalpontomais\/"}]}},"_links":{"self":[{"href":"https:\/\/jornalpontomais.com\/site\/wp-json\/wp\/v2\/posts\/13211","targetHints":{"allow":["GET"]}}],"collection":[{"href":"https:\/\/jornalpontomais.com\/site\/wp-json\/wp\/v2\/posts"}],"about":[{"href":"https:\/\/jornalpontomais.com\/site\/wp-json\/wp\/v2\/types\/post"}],"author":[{"embeddable":true,"href":"https:\/\/jornalpontomais.com\/site\/wp-json\/wp\/v2\/users\/2"}],"replies":[{"embeddable":true,"href":"https:\/\/jornalpontomais.com\/site\/wp-json\/wp\/v2\/comments?post=13211"}],"version-history":[{"count":1,"href":"https:\/\/jornalpontomais.com\/site\/wp-json\/wp\/v2\/posts\/13211\/revisions"}],"predecessor-version":[{"id":13213,"href":"https:\/\/jornalpontomais.com\/site\/wp-json\/wp\/v2\/posts\/13211\/revisions\/13213"}],"wp:featuredmedia":[{"embeddable":true,"href":"https:\/\/jornalpontomais.com\/site\/wp-json\/wp\/v2\/media\/13212"}],"wp:attachment":[{"href":"https:\/\/jornalpontomais.com\/site\/wp-json\/wp\/v2\/media?parent=13211"}],"wp:term":[{"taxonomy":"category","embeddable":true,"href":"https:\/\/jornalpontomais.com\/site\/wp-json\/wp\/v2\/categories?post=13211"},{"taxonomy":"post_tag","embeddable":true,"href":"https:\/\/jornalpontomais.com\/site\/wp-json\/wp\/v2\/tags?post=13211"}],"curies":[{"name":"wp","href":"https:\/\/api.w.org\/{rel}","templated":true}]}}