{"id":13174,"date":"2024-05-14T12:56:45","date_gmt":"2024-05-14T15:56:45","guid":{"rendered":"https:\/\/jornalpontomais.com\/site\/?p=13174"},"modified":"2024-05-14T12:56:46","modified_gmt":"2024-05-14T15:56:46","slug":"cirrose-hepatica-pode-ser-mal-diagnosticada-como-demencia","status":"publish","type":"post","link":"https:\/\/jornalpontomais.com\/site\/2024\/05\/14\/cirrose-hepatica-pode-ser-mal-diagnosticada-como-demencia\/","title":{"rendered":"Cirrose hep\u00e1tica pode ser mal diagnosticada como dem\u00eancia"},"content":{"rendered":"\n<p>Um estudo realizado por pesquisadores do Richmond VA Medical Center, nos Estados Unidos, mostrou que um em cada dez pacientes diagnosticado com dem\u00eancia pode, na verdade, ter defici\u00eancias cerebrais causadas por cirrose hep\u00e1tica. Essa \u00e9 uma condi\u00e7\u00e3o conhecida como encefalopatia hep\u00e1tica e que muitas vezes \u00e9 trat\u00e1vel.<br><br><\/p>\n\n\n\n<p>Os pesquisadores revisaram os registros m\u00e9dicos de mais de 177 mil veteranos dos EUA que foram diagnosticados com dem\u00eancia entre 2009 e 2019. Nenhum dos pacientes recebeu diagn\u00f3stico de cirrose. A grande maioria dos veteranos era do sexo masculino e tinha em m\u00e9dia 78 anos de idade. Eles foram avaliados usando uma medida padr\u00e3o da sa\u00fade do f\u00edgado.<br><br><\/p>\n\n\n\n<p>Os resultados mostraram que 10,3% dos veteranos diagnosticados com dem\u00eancia tamb\u00e9m tiveram uma pontua\u00e7\u00e3o baixa na medi\u00e7\u00e3o da sa\u00fade do f\u00edgado, o que significa que muito provavelmente tinham cirrose subjacente. Essas tend\u00eancias foram maiores entre os veteranos negros e hisp\u00e2nicos em compara\u00e7\u00e3o com os brancos.<\/p>\n\n\n\n<p><em>Fonte: JAMA Network Open. DOI: 10.1001\/jamanetworkopen.2023.53965.<\/em><\/p>\n","protected":false},"excerpt":{"rendered":"<p>Um estudo realizado por pesquisadores do Richmond VA Medical Center, nos Estados Unidos, mostrou que um em cada dez pacientes diagnosticado com dem\u00eancia pode, na verdade, ter defici\u00eancias cerebrais causadas por cirrose hep\u00e1tica. Essa \u00e9 uma condi\u00e7\u00e3o conhecida como encefalopatia hep\u00e1tica e que muitas vezes \u00e9 trat\u00e1vel. Os pesquisadores revisaram os registros m\u00e9dicos de mais [&hellip;]<\/p>\n","protected":false},"author":2,"featured_media":13175,"comment_status":"open","ping_status":"open","sticky":true,"template":"","format":"standard","meta":{"om_disable_all_campaigns":false,"_monsterinsights_skip_tracking":false,"_monsterinsights_sitenote_active":false,"_monsterinsights_sitenote_note":"","_monsterinsights_sitenote_category":0,"footnotes":""},"categories":[3],"tags":[],"class_list":["post-13174","post","type-post","status-publish","format-standard","has-post-thumbnail","hentry","category-saude"],"yoast_head":"<!-- This site is optimized with the Yoast SEO plugin v27.2 - https:\/\/yoast.com\/product\/yoast-seo-wordpress\/ -->\n<title>Cirrose hep\u00e1tica pode ser mal diagnosticada como dem\u00eancia - Jornal Ponto Mais<\/title>\n<meta name=\"robots\" content=\"index, follow, max-snippet:-1, max-image-preview:large, max-video-preview:-1\" \/>\n<link rel=\"canonical\" href=\"https:\/\/jornalpontomais.com\/site\/2024\/05\/14\/cirrose-hepatica-pode-ser-mal-diagnosticada-como-demencia\/\" \/>\n<meta property=\"og:locale\" content=\"pt_BR\" \/>\n<meta property=\"og:type\" content=\"article\" \/>\n<meta property=\"og:title\" content=\"Cirrose hep\u00e1tica pode ser mal diagnosticada como dem\u00eancia - Jornal Ponto Mais\" \/>\n<meta property=\"og:description\" content=\"Um estudo realizado por pesquisadores do Richmond VA Medical Center, nos Estados Unidos, mostrou que um em cada dez pacientes diagnosticado com dem\u00eancia pode, na verdade, ter defici\u00eancias cerebrais causadas por cirrose hep\u00e1tica. Essa \u00e9 uma condi\u00e7\u00e3o conhecida como encefalopatia hep\u00e1tica e que muitas vezes \u00e9 trat\u00e1vel. Os pesquisadores revisaram os registros m\u00e9dicos de mais [&hellip;]\" \/>\n<meta property=\"og:url\" content=\"https:\/\/jornalpontomais.com\/site\/2024\/05\/14\/cirrose-hepatica-pode-ser-mal-diagnosticada-como-demencia\/\" \/>\n<meta property=\"og:site_name\" content=\"Jornal Ponto Mais\" \/>\n<meta property=\"article:published_time\" content=\"2024-05-14T15:56:45+00:00\" \/>\n<meta property=\"article:modified_time\" content=\"2024-05-14T15:56:46+00:00\" \/>\n<meta property=\"og:image\" content=\"https:\/\/jornalpontomais.com\/site\/wp-content\/uploads\/2024\/05\/Imagens-16-1-1030x686-1.jpg\" \/>\n\t<meta property=\"og:image:width\" content=\"1030\" \/>\n\t<meta property=\"og:image:height\" content=\"686\" \/>\n\t<meta property=\"og:image:type\" content=\"image\/jpeg\" \/>\n<meta name=\"author\" content=\"Jornal Ponto Mais\" \/>\n<meta name=\"twitter:card\" content=\"summary_large_image\" \/>\n<meta name=\"twitter:label1\" content=\"Escrito por\" \/>\n\t<meta name=\"twitter:data1\" content=\"Jornal Ponto Mais\" \/>\n\t<meta name=\"twitter:label2\" content=\"Est. tempo de leitura\" \/>\n\t<meta name=\"twitter:data2\" content=\"1 minuto\" \/>\n<script type=\"application\/ld+json\" class=\"yoast-schema-graph\">{\"@context\":\"https:\/\/schema.org\",\"@graph\":[{\"@type\":\"Article\",\"@id\":\"https:\/\/jornalpontomais.com\/site\/2024\/05\/14\/cirrose-hepatica-pode-ser-mal-diagnosticada-como-demencia\/#article\",\"isPartOf\":{\"@id\":\"https:\/\/jornalpontomais.com\/site\/2024\/05\/14\/cirrose-hepatica-pode-ser-mal-diagnosticada-como-demencia\/\"},\"author\":{\"name\":\"Jornal Ponto Mais\",\"@id\":\"https:\/\/jornalpontomais.com\/site\/#\/schema\/person\/18323f0b0f1355f2490721c48389fe9d\"},\"headline\":\"Cirrose hep\u00e1tica pode ser mal diagnosticada como dem\u00eancia\",\"datePublished\":\"2024-05-14T15:56:45+00:00\",\"dateModified\":\"2024-05-14T15:56:46+00:00\",\"mainEntityOfPage\":{\"@id\":\"https:\/\/jornalpontomais.com\/site\/2024\/05\/14\/cirrose-hepatica-pode-ser-mal-diagnosticada-como-demencia\/\"},\"wordCount\":181,\"commentCount\":0,\"publisher\":{\"@id\":\"https:\/\/jornalpontomais.com\/site\/#organization\"},\"image\":{\"@id\":\"https:\/\/jornalpontomais.com\/site\/2024\/05\/14\/cirrose-hepatica-pode-ser-mal-diagnosticada-como-demencia\/#primaryimage\"},\"thumbnailUrl\":\"https:\/\/jornalpontomais.com\/site\/wp-content\/uploads\/2024\/05\/Imagens-16-1-1030x686-1.jpg\",\"articleSection\":[\"Sa\u00fade\"],\"inLanguage\":\"pt-BR\",\"potentialAction\":[{\"@type\":\"CommentAction\",\"name\":\"Comment\",\"target\":[\"https:\/\/jornalpontomais.com\/site\/2024\/05\/14\/cirrose-hepatica-pode-ser-mal-diagnosticada-como-demencia\/#respond\"]}]},{\"@type\":\"WebPage\",\"@id\":\"https:\/\/jornalpontomais.com\/site\/2024\/05\/14\/cirrose-hepatica-pode-ser-mal-diagnosticada-como-demencia\/\",\"url\":\"https:\/\/jornalpontomais.com\/site\/2024\/05\/14\/cirrose-hepatica-pode-ser-mal-diagnosticada-como-demencia\/\",\"name\":\"Cirrose hep\u00e1tica pode ser mal diagnosticada como dem\u00eancia - Jornal Ponto Mais\",\"isPartOf\":{\"@id\":\"https:\/\/jornalpontomais.com\/site\/#website\"},\"primaryImageOfPage\":{\"@id\":\"https:\/\/jornalpontomais.com\/site\/2024\/05\/14\/cirrose-hepatica-pode-ser-mal-diagnosticada-como-demencia\/#primaryimage\"},\"image\":{\"@id\":\"https:\/\/jornalpontomais.com\/site\/2024\/05\/14\/cirrose-hepatica-pode-ser-mal-diagnosticada-como-demencia\/#primaryimage\"},\"thumbnailUrl\":\"https:\/\/jornalpontomais.com\/site\/wp-content\/uploads\/2024\/05\/Imagens-16-1-1030x686-1.jpg\",\"datePublished\":\"2024-05-14T15:56:45+00:00\",\"dateModified\":\"2024-05-14T15:56:46+00:00\",\"breadcrumb\":{\"@id\":\"https:\/\/jornalpontomais.com\/site\/2024\/05\/14\/cirrose-hepatica-pode-ser-mal-diagnosticada-como-demencia\/#breadcrumb\"},\"inLanguage\":\"pt-BR\",\"potentialAction\":[{\"@type\":\"ReadAction\",\"target\":[\"https:\/\/jornalpontomais.com\/site\/2024\/05\/14\/cirrose-hepatica-pode-ser-mal-diagnosticada-como-demencia\/\"]}]},{\"@type\":\"ImageObject\",\"inLanguage\":\"pt-BR\",\"@id\":\"https:\/\/jornalpontomais.com\/site\/2024\/05\/14\/cirrose-hepatica-pode-ser-mal-diagnosticada-como-demencia\/#primaryimage\",\"url\":\"https:\/\/jornalpontomais.com\/site\/wp-content\/uploads\/2024\/05\/Imagens-16-1-1030x686-1.jpg\",\"contentUrl\":\"https:\/\/jornalpontomais.com\/site\/wp-content\/uploads\/2024\/05\/Imagens-16-1-1030x686-1.jpg\",\"width\":1030,\"height\":686},{\"@type\":\"BreadcrumbList\",\"@id\":\"https:\/\/jornalpontomais.com\/site\/2024\/05\/14\/cirrose-hepatica-pode-ser-mal-diagnosticada-como-demencia\/#breadcrumb\",\"itemListElement\":[{\"@type\":\"ListItem\",\"position\":1,\"name\":\"In\u00edcio\",\"item\":\"https:\/\/jornalpontomais.com\/site\/\"},{\"@type\":\"ListItem\",\"position\":2,\"name\":\"Cirrose hep\u00e1tica pode ser mal diagnosticada como dem\u00eancia\"}]},{\"@type\":\"WebSite\",\"@id\":\"https:\/\/jornalpontomais.com\/site\/#website\",\"url\":\"https:\/\/jornalpontomais.com\/site\/\",\"name\":\"Jornal Ponto Mais\",\"description\":\"As principais not\u00edcias do Brasil e do mundo. Confira!\",\"publisher\":{\"@id\":\"https:\/\/jornalpontomais.com\/site\/#organization\"},\"potentialAction\":[{\"@type\":\"SearchAction\",\"target\":{\"@type\":\"EntryPoint\",\"urlTemplate\":\"https:\/\/jornalpontomais.com\/site\/?s={search_term_string}\"},\"query-input\":{\"@type\":\"PropertyValueSpecification\",\"valueRequired\":true,\"valueName\":\"search_term_string\"}}],\"inLanguage\":\"pt-BR\"},{\"@type\":\"Organization\",\"@id\":\"https:\/\/jornalpontomais.com\/site\/#organization\",\"name\":\"Jornal Ponto+\",\"url\":\"https:\/\/jornalpontomais.com\/site\/\",\"logo\":{\"@type\":\"ImageObject\",\"inLanguage\":\"pt-BR\",\"@id\":\"https:\/\/jornalpontomais.com\/site\/#\/schema\/logo\/image\/\",\"url\":\"https:\/\/jornalpontomais.com\/site\/wp-content\/uploads\/2022\/01\/marca.png\",\"contentUrl\":\"https:\/\/jornalpontomais.com\/site\/wp-content\/uploads\/2022\/01\/marca.png\",\"width\":582,\"height\":148,\"caption\":\"Jornal Ponto+\"},\"image\":{\"@id\":\"https:\/\/jornalpontomais.com\/site\/#\/schema\/logo\/image\/\"}},{\"@type\":\"Person\",\"@id\":\"https:\/\/jornalpontomais.com\/site\/#\/schema\/person\/18323f0b0f1355f2490721c48389fe9d\",\"name\":\"Jornal Ponto Mais\",\"image\":{\"@type\":\"ImageObject\",\"inLanguage\":\"pt-BR\",\"@id\":\"https:\/\/secure.gravatar.com\/avatar\/2ee0a9b7fe10fe32bdec8bc086e871e41eb5f4f6ecbcb7b4f2fe0d92d831405f?s=96&d=mm&r=g\",\"url\":\"https:\/\/secure.gravatar.com\/avatar\/2ee0a9b7fe10fe32bdec8bc086e871e41eb5f4f6ecbcb7b4f2fe0d92d831405f?s=96&d=mm&r=g\",\"contentUrl\":\"https:\/\/secure.gravatar.com\/avatar\/2ee0a9b7fe10fe32bdec8bc086e871e41eb5f4f6ecbcb7b4f2fe0d92d831405f?s=96&d=mm&r=g\",\"caption\":\"Jornal Ponto Mais\"},\"sameAs\":[\"https:\/\/jornalpontomais.com\/site\",\"jornalpontomais\"],\"url\":\"https:\/\/jornalpontomais.com\/site\/author\/jornalpontomais\/\"}]}<\/script>\n<!-- \/ Yoast SEO plugin. -->","yoast_head_json":{"title":"Cirrose hep\u00e1tica pode ser mal diagnosticada como dem\u00eancia - Jornal Ponto Mais","robots":{"index":"index","follow":"follow","max-snippet":"max-snippet:-1","max-image-preview":"max-image-preview:large","max-video-preview":"max-video-preview:-1"},"canonical":"https:\/\/jornalpontomais.com\/site\/2024\/05\/14\/cirrose-hepatica-pode-ser-mal-diagnosticada-como-demencia\/","og_locale":"pt_BR","og_type":"article","og_title":"Cirrose hep\u00e1tica pode ser mal diagnosticada como dem\u00eancia - Jornal Ponto Mais","og_description":"Um estudo realizado por pesquisadores do Richmond VA Medical Center, nos Estados Unidos, mostrou que um em cada dez pacientes diagnosticado com dem\u00eancia pode, na verdade, ter defici\u00eancias cerebrais causadas por cirrose hep\u00e1tica. Essa \u00e9 uma condi\u00e7\u00e3o conhecida como encefalopatia hep\u00e1tica e que muitas vezes \u00e9 trat\u00e1vel. Os pesquisadores revisaram os registros m\u00e9dicos de mais [&hellip;]","og_url":"https:\/\/jornalpontomais.com\/site\/2024\/05\/14\/cirrose-hepatica-pode-ser-mal-diagnosticada-como-demencia\/","og_site_name":"Jornal Ponto Mais","article_published_time":"2024-05-14T15:56:45+00:00","article_modified_time":"2024-05-14T15:56:46+00:00","og_image":[{"width":1030,"height":686,"url":"https:\/\/jornalpontomais.com\/site\/wp-content\/uploads\/2024\/05\/Imagens-16-1-1030x686-1.jpg","type":"image\/jpeg"}],"author":"Jornal Ponto Mais","twitter_card":"summary_large_image","twitter_misc":{"Escrito por":"Jornal Ponto Mais","Est. tempo de leitura":"1 minuto"},"schema":{"@context":"https:\/\/schema.org","@graph":[{"@type":"Article","@id":"https:\/\/jornalpontomais.com\/site\/2024\/05\/14\/cirrose-hepatica-pode-ser-mal-diagnosticada-como-demencia\/#article","isPartOf":{"@id":"https:\/\/jornalpontomais.com\/site\/2024\/05\/14\/cirrose-hepatica-pode-ser-mal-diagnosticada-como-demencia\/"},"author":{"name":"Jornal Ponto Mais","@id":"https:\/\/jornalpontomais.com\/site\/#\/schema\/person\/18323f0b0f1355f2490721c48389fe9d"},"headline":"Cirrose hep\u00e1tica pode ser mal diagnosticada como dem\u00eancia","datePublished":"2024-05-14T15:56:45+00:00","dateModified":"2024-05-14T15:56:46+00:00","mainEntityOfPage":{"@id":"https:\/\/jornalpontomais.com\/site\/2024\/05\/14\/cirrose-hepatica-pode-ser-mal-diagnosticada-como-demencia\/"},"wordCount":181,"commentCount":0,"publisher":{"@id":"https:\/\/jornalpontomais.com\/site\/#organization"},"image":{"@id":"https:\/\/jornalpontomais.com\/site\/2024\/05\/14\/cirrose-hepatica-pode-ser-mal-diagnosticada-como-demencia\/#primaryimage"},"thumbnailUrl":"https:\/\/jornalpontomais.com\/site\/wp-content\/uploads\/2024\/05\/Imagens-16-1-1030x686-1.jpg","articleSection":["Sa\u00fade"],"inLanguage":"pt-BR","potentialAction":[{"@type":"CommentAction","name":"Comment","target":["https:\/\/jornalpontomais.com\/site\/2024\/05\/14\/cirrose-hepatica-pode-ser-mal-diagnosticada-como-demencia\/#respond"]}]},{"@type":"WebPage","@id":"https:\/\/jornalpontomais.com\/site\/2024\/05\/14\/cirrose-hepatica-pode-ser-mal-diagnosticada-como-demencia\/","url":"https:\/\/jornalpontomais.com\/site\/2024\/05\/14\/cirrose-hepatica-pode-ser-mal-diagnosticada-como-demencia\/","name":"Cirrose hep\u00e1tica pode ser mal diagnosticada como dem\u00eancia - Jornal Ponto Mais","isPartOf":{"@id":"https:\/\/jornalpontomais.com\/site\/#website"},"primaryImageOfPage":{"@id":"https:\/\/jornalpontomais.com\/site\/2024\/05\/14\/cirrose-hepatica-pode-ser-mal-diagnosticada-como-demencia\/#primaryimage"},"image":{"@id":"https:\/\/jornalpontomais.com\/site\/2024\/05\/14\/cirrose-hepatica-pode-ser-mal-diagnosticada-como-demencia\/#primaryimage"},"thumbnailUrl":"https:\/\/jornalpontomais.com\/site\/wp-content\/uploads\/2024\/05\/Imagens-16-1-1030x686-1.jpg","datePublished":"2024-05-14T15:56:45+00:00","dateModified":"2024-05-14T15:56:46+00:00","breadcrumb":{"@id":"https:\/\/jornalpontomais.com\/site\/2024\/05\/14\/cirrose-hepatica-pode-ser-mal-diagnosticada-como-demencia\/#breadcrumb"},"inLanguage":"pt-BR","potentialAction":[{"@type":"ReadAction","target":["https:\/\/jornalpontomais.com\/site\/2024\/05\/14\/cirrose-hepatica-pode-ser-mal-diagnosticada-como-demencia\/"]}]},{"@type":"ImageObject","inLanguage":"pt-BR","@id":"https:\/\/jornalpontomais.com\/site\/2024\/05\/14\/cirrose-hepatica-pode-ser-mal-diagnosticada-como-demencia\/#primaryimage","url":"https:\/\/jornalpontomais.com\/site\/wp-content\/uploads\/2024\/05\/Imagens-16-1-1030x686-1.jpg","contentUrl":"https:\/\/jornalpontomais.com\/site\/wp-content\/uploads\/2024\/05\/Imagens-16-1-1030x686-1.jpg","width":1030,"height":686},{"@type":"BreadcrumbList","@id":"https:\/\/jornalpontomais.com\/site\/2024\/05\/14\/cirrose-hepatica-pode-ser-mal-diagnosticada-como-demencia\/#breadcrumb","itemListElement":[{"@type":"ListItem","position":1,"name":"In\u00edcio","item":"https:\/\/jornalpontomais.com\/site\/"},{"@type":"ListItem","position":2,"name":"Cirrose hep\u00e1tica pode ser mal diagnosticada como dem\u00eancia"}]},{"@type":"WebSite","@id":"https:\/\/jornalpontomais.com\/site\/#website","url":"https:\/\/jornalpontomais.com\/site\/","name":"Jornal Ponto Mais","description":"As principais not\u00edcias do Brasil e do mundo. Confira!","publisher":{"@id":"https:\/\/jornalpontomais.com\/site\/#organization"},"potentialAction":[{"@type":"SearchAction","target":{"@type":"EntryPoint","urlTemplate":"https:\/\/jornalpontomais.com\/site\/?s={search_term_string}"},"query-input":{"@type":"PropertyValueSpecification","valueRequired":true,"valueName":"search_term_string"}}],"inLanguage":"pt-BR"},{"@type":"Organization","@id":"https:\/\/jornalpontomais.com\/site\/#organization","name":"Jornal Ponto+","url":"https:\/\/jornalpontomais.com\/site\/","logo":{"@type":"ImageObject","inLanguage":"pt-BR","@id":"https:\/\/jornalpontomais.com\/site\/#\/schema\/logo\/image\/","url":"https:\/\/jornalpontomais.com\/site\/wp-content\/uploads\/2022\/01\/marca.png","contentUrl":"https:\/\/jornalpontomais.com\/site\/wp-content\/uploads\/2022\/01\/marca.png","width":582,"height":148,"caption":"Jornal Ponto+"},"image":{"@id":"https:\/\/jornalpontomais.com\/site\/#\/schema\/logo\/image\/"}},{"@type":"Person","@id":"https:\/\/jornalpontomais.com\/site\/#\/schema\/person\/18323f0b0f1355f2490721c48389fe9d","name":"Jornal Ponto Mais","image":{"@type":"ImageObject","inLanguage":"pt-BR","@id":"https:\/\/secure.gravatar.com\/avatar\/2ee0a9b7fe10fe32bdec8bc086e871e41eb5f4f6ecbcb7b4f2fe0d92d831405f?s=96&d=mm&r=g","url":"https:\/\/secure.gravatar.com\/avatar\/2ee0a9b7fe10fe32bdec8bc086e871e41eb5f4f6ecbcb7b4f2fe0d92d831405f?s=96&d=mm&r=g","contentUrl":"https:\/\/secure.gravatar.com\/avatar\/2ee0a9b7fe10fe32bdec8bc086e871e41eb5f4f6ecbcb7b4f2fe0d92d831405f?s=96&d=mm&r=g","caption":"Jornal Ponto Mais"},"sameAs":["https:\/\/jornalpontomais.com\/site","jornalpontomais"],"url":"https:\/\/jornalpontomais.com\/site\/author\/jornalpontomais\/"}]}},"_links":{"self":[{"href":"https:\/\/jornalpontomais.com\/site\/wp-json\/wp\/v2\/posts\/13174","targetHints":{"allow":["GET"]}}],"collection":[{"href":"https:\/\/jornalpontomais.com\/site\/wp-json\/wp\/v2\/posts"}],"about":[{"href":"https:\/\/jornalpontomais.com\/site\/wp-json\/wp\/v2\/types\/post"}],"author":[{"embeddable":true,"href":"https:\/\/jornalpontomais.com\/site\/wp-json\/wp\/v2\/users\/2"}],"replies":[{"embeddable":true,"href":"https:\/\/jornalpontomais.com\/site\/wp-json\/wp\/v2\/comments?post=13174"}],"version-history":[{"count":1,"href":"https:\/\/jornalpontomais.com\/site\/wp-json\/wp\/v2\/posts\/13174\/revisions"}],"predecessor-version":[{"id":13176,"href":"https:\/\/jornalpontomais.com\/site\/wp-json\/wp\/v2\/posts\/13174\/revisions\/13176"}],"wp:featuredmedia":[{"embeddable":true,"href":"https:\/\/jornalpontomais.com\/site\/wp-json\/wp\/v2\/media\/13175"}],"wp:attachment":[{"href":"https:\/\/jornalpontomais.com\/site\/wp-json\/wp\/v2\/media?parent=13174"}],"wp:term":[{"taxonomy":"category","embeddable":true,"href":"https:\/\/jornalpontomais.com\/site\/wp-json\/wp\/v2\/categories?post=13174"},{"taxonomy":"post_tag","embeddable":true,"href":"https:\/\/jornalpontomais.com\/site\/wp-json\/wp\/v2\/tags?post=13174"}],"curies":[{"name":"wp","href":"https:\/\/api.w.org\/{rel}","templated":true}]}}