{"id":13151,"date":"2024-05-13T10:34:42","date_gmt":"2024-05-13T13:34:42","guid":{"rendered":"https:\/\/jornalpontomais.com\/site\/?p=13151"},"modified":"2024-05-13T10:34:42","modified_gmt":"2024-05-13T13:34:42","slug":"desenrola-para-mei-e-micro-e-pequenas-empresas-comeca-nesta-segunda","status":"publish","type":"post","link":"https:\/\/jornalpontomais.com\/site\/2024\/05\/13\/desenrola-para-mei-e-micro-e-pequenas-empresas-comeca-nesta-segunda\/","title":{"rendered":"Desenrola para MEI e micro e pequenas empresas come\u00e7a nesta segunda"},"content":{"rendered":"\n<p>A partir desta segunda-feira, os bancos est\u00e3o implementando uma nova alternativa para a renegocia\u00e7\u00e3o de d\u00edvidas banc\u00e1rias de Microempreendedores Individuais (MEI) e micro e pequenas empresas que tenham um faturamento anual de at\u00e9 R$ 4,8 milh\u00f5es. O objetivo \u00e9 renegociar as d\u00edvidas n\u00e3o pagas at\u00e9 23 de janeiro de 2024, visando fornecer recursos essenciais para a manuten\u00e7\u00e3o das atividades desses empreendedores.<br><br><\/p>\n\n\n\n<p>Essa iniciativa est\u00e1 inserida no Programa Desenrola Pequenos Neg\u00f3cios, uma a\u00e7\u00e3o conjunta do Minist\u00e9rio da Fazenda, Minist\u00e9rio do Empreendedorismo, da Microempresa e da Empresa de Pequeno Porte, com o suporte da Federa\u00e7\u00e3o Brasileira de Bancos (Febraban). Este grupo espec\u00edfico de empres\u00e1rios, que necessita de apoio para renegociar suas d\u00edvidas e assegurar recursos para manter suas opera\u00e7\u00f5es, ser\u00e1 atendido por meio desse programa.<br><br><\/p>\n\n\n\n<p>Para participar, os microempreendedores ou pequenos empres\u00e1rios devem entrar em contato com suas respectivas institui\u00e7\u00f5es financeiras onde possuem as d\u00edvidas. \u00c9 recomendado utilizar os canais de atendimento oficiais dispon\u00edveis, como ag\u00eancias, internet ou aplicativos, para ter acesso \u00e0s condi\u00e7\u00f5es especiais de renegocia\u00e7\u00e3o oferecidas. As condi\u00e7\u00f5es e prazos para renegocia\u00e7\u00e3o ser\u00e3o determinados individualmente por cada institui\u00e7\u00e3o financeira participante do programa.<br><br><\/p>\n\n\n\n<p>\u00c9 importante ressaltar que somente os bancos cadastrados no programa ser\u00e3o capazes de oferecer condi\u00e7\u00f5es de renegocia\u00e7\u00e3o de d\u00edvidas. Caso contr\u00e1rio, \u00e9 sugerido que a renegocia\u00e7\u00e3o seja realizada mesmo assim ou que a d\u00edvida seja transferida para uma institui\u00e7\u00e3o financeira cadastrada.<br><br><\/p>\n\n\n\n<p>Empresas que planejam renegociar suas d\u00edvidas devem buscar informa\u00e7\u00f5es adicionais nos canais oficiais dos bancos participantes. \u00c9 enfatizado que quaisquer ofertas de renegocia\u00e7\u00e3o fora desses canais devem ser evitadas, e em caso de d\u00favida sobre propostas ou valores, \u00e9 recomendado entrar em contato com o banco por meio de seus canais oficiais.<br><br><\/p>\n\n\n\n<p>Al\u00e9m disso, \u00e9 alertado para n\u00e3o aceitar propostas que solicitem pagamento antecipado para garantir melhores condi\u00e7\u00f5es de renegocia\u00e7\u00e3o das d\u00edvidas. Somente ap\u00f3s a formaliza\u00e7\u00e3o de um contrato de renegocia\u00e7\u00e3o \u00e9 que os valores podem ser debitados da conta nas datas acordadas, de acordo com a Febraban.<br><br><\/p>\n\n\n\n<p><strong>Cr\u00e9dito tribut\u00e1rio<\/strong><\/p>\n\n\n\n<p>O Programa Desenrola Pequenos Neg\u00f3cios, lan\u00e7ado pelo governo federal em abril, \u00e9 um dos quatro eixos do Programa Acredita, que busca ampliar o acesso ao cr\u00e9dito e impulsionar a economia. Embora a renegocia\u00e7\u00e3o tenha sido teoricamente implementada em abril, as empresas de menor porte n\u00e3o puderam iniciar o processo de refinanciamento at\u00e9 a regulamenta\u00e7\u00e3o das regras. Com a publica\u00e7\u00e3o da portaria, as institui\u00e7\u00f5es financeiras puderam finalizar os ajustes operacionais para come\u00e7ar as renegocia\u00e7\u00f5es.<br><br><\/p>\n\n\n\n<p>Este programa oferece incentivos tribut\u00e1rios para que bancos e institui\u00e7\u00f5es financeiras renegociem d\u00edvidas de pequenas empresas. As institui\u00e7\u00f5es participantes t\u00eam direito a um cr\u00e9dito presumido de impostos, cuja apura\u00e7\u00e3o poder\u00e1 ser realizada entre 2025 e 2029. Esse cr\u00e9dito permite que as institui\u00e7\u00f5es financeiras abatam preju\u00edzos de tributos futuros em determinados trimestres, contribuindo para alavancar o capital dispon\u00edvel para novos empr\u00e9stimos.<\/p>\n","protected":false},"excerpt":{"rendered":"<p>A partir desta segunda-feira, os bancos est\u00e3o implementando uma nova alternativa para a renegocia\u00e7\u00e3o de d\u00edvidas banc\u00e1rias de Microempreendedores Individuais (MEI) e micro e pequenas empresas que tenham um faturamento anual de at\u00e9 R$ 4,8 milh\u00f5es. O objetivo \u00e9 renegociar as d\u00edvidas n\u00e3o pagas at\u00e9 23 de janeiro de 2024, visando fornecer recursos essenciais para [&hellip;]<\/p>\n","protected":false},"author":2,"featured_media":12932,"comment_status":"open","ping_status":"open","sticky":true,"template":"","format":"standard","meta":{"om_disable_all_campaigns":false,"_monsterinsights_skip_tracking":false,"_monsterinsights_sitenote_active":false,"_monsterinsights_sitenote_note":"","_monsterinsights_sitenote_category":0,"footnotes":""},"categories":[37],"tags":[],"class_list":["post-13151","post","type-post","status-publish","format-standard","has-post-thumbnail","hentry","category-economia"],"yoast_head":"<!-- This site is optimized with the Yoast SEO plugin v27.2 - https:\/\/yoast.com\/product\/yoast-seo-wordpress\/ -->\n<title>Desenrola para MEI e micro e pequenas empresas come\u00e7a nesta segunda - Jornal Ponto Mais<\/title>\n<meta name=\"robots\" content=\"index, follow, max-snippet:-1, max-image-preview:large, max-video-preview:-1\" \/>\n<link rel=\"canonical\" href=\"https:\/\/jornalpontomais.com\/site\/2024\/05\/13\/desenrola-para-mei-e-micro-e-pequenas-empresas-comeca-nesta-segunda\/\" \/>\n<meta property=\"og:locale\" content=\"pt_BR\" \/>\n<meta property=\"og:type\" content=\"article\" \/>\n<meta property=\"og:title\" content=\"Desenrola para MEI e micro e pequenas empresas come\u00e7a nesta segunda - Jornal Ponto Mais\" \/>\n<meta property=\"og:description\" content=\"A partir desta segunda-feira, os bancos est\u00e3o implementando uma nova alternativa para a renegocia\u00e7\u00e3o de d\u00edvidas banc\u00e1rias de Microempreendedores Individuais (MEI) e micro e pequenas empresas que tenham um faturamento anual de at\u00e9 R$ 4,8 milh\u00f5es. O objetivo \u00e9 renegociar as d\u00edvidas n\u00e3o pagas at\u00e9 23 de janeiro de 2024, visando fornecer recursos essenciais para [&hellip;]\" \/>\n<meta property=\"og:url\" content=\"https:\/\/jornalpontomais.com\/site\/2024\/05\/13\/desenrola-para-mei-e-micro-e-pequenas-empresas-comeca-nesta-segunda\/\" \/>\n<meta property=\"og:site_name\" content=\"Jornal Ponto Mais\" \/>\n<meta property=\"article:published_time\" content=\"2024-05-13T13:34:42+00:00\" \/>\n<meta property=\"og:image\" content=\"https:\/\/jornalpontomais.com\/site\/wp-content\/uploads\/2024\/04\/mei-quais-atividades-nao-se-enquadram-mais-em-2023.jpg\" \/>\n\t<meta property=\"og:image:width\" content=\"1500\" \/>\n\t<meta property=\"og:image:height\" content=\"775\" \/>\n\t<meta property=\"og:image:type\" content=\"image\/jpeg\" \/>\n<meta name=\"author\" content=\"Jornal Ponto Mais\" \/>\n<meta name=\"twitter:card\" content=\"summary_large_image\" \/>\n<meta name=\"twitter:label1\" content=\"Escrito por\" \/>\n\t<meta name=\"twitter:data1\" content=\"Jornal Ponto Mais\" \/>\n\t<meta name=\"twitter:label2\" content=\"Est. tempo de leitura\" \/>\n\t<meta name=\"twitter:data2\" content=\"3 minutos\" \/>\n<script type=\"application\/ld+json\" class=\"yoast-schema-graph\">{\"@context\":\"https:\/\/schema.org\",\"@graph\":[{\"@type\":\"Article\",\"@id\":\"https:\/\/jornalpontomais.com\/site\/2024\/05\/13\/desenrola-para-mei-e-micro-e-pequenas-empresas-comeca-nesta-segunda\/#article\",\"isPartOf\":{\"@id\":\"https:\/\/jornalpontomais.com\/site\/2024\/05\/13\/desenrola-para-mei-e-micro-e-pequenas-empresas-comeca-nesta-segunda\/\"},\"author\":{\"name\":\"Jornal Ponto Mais\",\"@id\":\"https:\/\/jornalpontomais.com\/site\/#\/schema\/person\/18323f0b0f1355f2490721c48389fe9d\"},\"headline\":\"Desenrola para MEI e micro e pequenas empresas come\u00e7a nesta segunda\",\"datePublished\":\"2024-05-13T13:34:42+00:00\",\"mainEntityOfPage\":{\"@id\":\"https:\/\/jornalpontomais.com\/site\/2024\/05\/13\/desenrola-para-mei-e-micro-e-pequenas-empresas-comeca-nesta-segunda\/\"},\"wordCount\":526,\"commentCount\":0,\"publisher\":{\"@id\":\"https:\/\/jornalpontomais.com\/site\/#organization\"},\"image\":{\"@id\":\"https:\/\/jornalpontomais.com\/site\/2024\/05\/13\/desenrola-para-mei-e-micro-e-pequenas-empresas-comeca-nesta-segunda\/#primaryimage\"},\"thumbnailUrl\":\"https:\/\/jornalpontomais.com\/site\/wp-content\/uploads\/2024\/04\/mei-quais-atividades-nao-se-enquadram-mais-em-2023.jpg\",\"articleSection\":[\"Economia\"],\"inLanguage\":\"pt-BR\",\"potentialAction\":[{\"@type\":\"CommentAction\",\"name\":\"Comment\",\"target\":[\"https:\/\/jornalpontomais.com\/site\/2024\/05\/13\/desenrola-para-mei-e-micro-e-pequenas-empresas-comeca-nesta-segunda\/#respond\"]}]},{\"@type\":\"WebPage\",\"@id\":\"https:\/\/jornalpontomais.com\/site\/2024\/05\/13\/desenrola-para-mei-e-micro-e-pequenas-empresas-comeca-nesta-segunda\/\",\"url\":\"https:\/\/jornalpontomais.com\/site\/2024\/05\/13\/desenrola-para-mei-e-micro-e-pequenas-empresas-comeca-nesta-segunda\/\",\"name\":\"Desenrola para MEI e micro e pequenas empresas come\u00e7a nesta segunda - Jornal Ponto Mais\",\"isPartOf\":{\"@id\":\"https:\/\/jornalpontomais.com\/site\/#website\"},\"primaryImageOfPage\":{\"@id\":\"https:\/\/jornalpontomais.com\/site\/2024\/05\/13\/desenrola-para-mei-e-micro-e-pequenas-empresas-comeca-nesta-segunda\/#primaryimage\"},\"image\":{\"@id\":\"https:\/\/jornalpontomais.com\/site\/2024\/05\/13\/desenrola-para-mei-e-micro-e-pequenas-empresas-comeca-nesta-segunda\/#primaryimage\"},\"thumbnailUrl\":\"https:\/\/jornalpontomais.com\/site\/wp-content\/uploads\/2024\/04\/mei-quais-atividades-nao-se-enquadram-mais-em-2023.jpg\",\"datePublished\":\"2024-05-13T13:34:42+00:00\",\"breadcrumb\":{\"@id\":\"https:\/\/jornalpontomais.com\/site\/2024\/05\/13\/desenrola-para-mei-e-micro-e-pequenas-empresas-comeca-nesta-segunda\/#breadcrumb\"},\"inLanguage\":\"pt-BR\",\"potentialAction\":[{\"@type\":\"ReadAction\",\"target\":[\"https:\/\/jornalpontomais.com\/site\/2024\/05\/13\/desenrola-para-mei-e-micro-e-pequenas-empresas-comeca-nesta-segunda\/\"]}]},{\"@type\":\"ImageObject\",\"inLanguage\":\"pt-BR\",\"@id\":\"https:\/\/jornalpontomais.com\/site\/2024\/05\/13\/desenrola-para-mei-e-micro-e-pequenas-empresas-comeca-nesta-segunda\/#primaryimage\",\"url\":\"https:\/\/jornalpontomais.com\/site\/wp-content\/uploads\/2024\/04\/mei-quais-atividades-nao-se-enquadram-mais-em-2023.jpg\",\"contentUrl\":\"https:\/\/jornalpontomais.com\/site\/wp-content\/uploads\/2024\/04\/mei-quais-atividades-nao-se-enquadram-mais-em-2023.jpg\",\"width\":1500,\"height\":775},{\"@type\":\"BreadcrumbList\",\"@id\":\"https:\/\/jornalpontomais.com\/site\/2024\/05\/13\/desenrola-para-mei-e-micro-e-pequenas-empresas-comeca-nesta-segunda\/#breadcrumb\",\"itemListElement\":[{\"@type\":\"ListItem\",\"position\":1,\"name\":\"In\u00edcio\",\"item\":\"https:\/\/jornalpontomais.com\/site\/\"},{\"@type\":\"ListItem\",\"position\":2,\"name\":\"Desenrola para MEI e micro e pequenas empresas come\u00e7a nesta segunda\"}]},{\"@type\":\"WebSite\",\"@id\":\"https:\/\/jornalpontomais.com\/site\/#website\",\"url\":\"https:\/\/jornalpontomais.com\/site\/\",\"name\":\"Jornal Ponto Mais\",\"description\":\"As principais not\u00edcias do Brasil e do mundo. Confira!\",\"publisher\":{\"@id\":\"https:\/\/jornalpontomais.com\/site\/#organization\"},\"potentialAction\":[{\"@type\":\"SearchAction\",\"target\":{\"@type\":\"EntryPoint\",\"urlTemplate\":\"https:\/\/jornalpontomais.com\/site\/?s={search_term_string}\"},\"query-input\":{\"@type\":\"PropertyValueSpecification\",\"valueRequired\":true,\"valueName\":\"search_term_string\"}}],\"inLanguage\":\"pt-BR\"},{\"@type\":\"Organization\",\"@id\":\"https:\/\/jornalpontomais.com\/site\/#organization\",\"name\":\"Jornal Ponto+\",\"url\":\"https:\/\/jornalpontomais.com\/site\/\",\"logo\":{\"@type\":\"ImageObject\",\"inLanguage\":\"pt-BR\",\"@id\":\"https:\/\/jornalpontomais.com\/site\/#\/schema\/logo\/image\/\",\"url\":\"https:\/\/jornalpontomais.com\/site\/wp-content\/uploads\/2022\/01\/marca.png\",\"contentUrl\":\"https:\/\/jornalpontomais.com\/site\/wp-content\/uploads\/2022\/01\/marca.png\",\"width\":582,\"height\":148,\"caption\":\"Jornal Ponto+\"},\"image\":{\"@id\":\"https:\/\/jornalpontomais.com\/site\/#\/schema\/logo\/image\/\"}},{\"@type\":\"Person\",\"@id\":\"https:\/\/jornalpontomais.com\/site\/#\/schema\/person\/18323f0b0f1355f2490721c48389fe9d\",\"name\":\"Jornal Ponto Mais\",\"image\":{\"@type\":\"ImageObject\",\"inLanguage\":\"pt-BR\",\"@id\":\"https:\/\/secure.gravatar.com\/avatar\/2ee0a9b7fe10fe32bdec8bc086e871e41eb5f4f6ecbcb7b4f2fe0d92d831405f?s=96&d=mm&r=g\",\"url\":\"https:\/\/secure.gravatar.com\/avatar\/2ee0a9b7fe10fe32bdec8bc086e871e41eb5f4f6ecbcb7b4f2fe0d92d831405f?s=96&d=mm&r=g\",\"contentUrl\":\"https:\/\/secure.gravatar.com\/avatar\/2ee0a9b7fe10fe32bdec8bc086e871e41eb5f4f6ecbcb7b4f2fe0d92d831405f?s=96&d=mm&r=g\",\"caption\":\"Jornal Ponto Mais\"},\"sameAs\":[\"https:\/\/jornalpontomais.com\/site\",\"jornalpontomais\"],\"url\":\"https:\/\/jornalpontomais.com\/site\/author\/jornalpontomais\/\"}]}<\/script>\n<!-- \/ Yoast SEO plugin. -->","yoast_head_json":{"title":"Desenrola para MEI e micro e pequenas empresas come\u00e7a nesta segunda - Jornal Ponto Mais","robots":{"index":"index","follow":"follow","max-snippet":"max-snippet:-1","max-image-preview":"max-image-preview:large","max-video-preview":"max-video-preview:-1"},"canonical":"https:\/\/jornalpontomais.com\/site\/2024\/05\/13\/desenrola-para-mei-e-micro-e-pequenas-empresas-comeca-nesta-segunda\/","og_locale":"pt_BR","og_type":"article","og_title":"Desenrola para MEI e micro e pequenas empresas come\u00e7a nesta segunda - Jornal Ponto Mais","og_description":"A partir desta segunda-feira, os bancos est\u00e3o implementando uma nova alternativa para a renegocia\u00e7\u00e3o de d\u00edvidas banc\u00e1rias de Microempreendedores Individuais (MEI) e micro e pequenas empresas que tenham um faturamento anual de at\u00e9 R$ 4,8 milh\u00f5es. O objetivo \u00e9 renegociar as d\u00edvidas n\u00e3o pagas at\u00e9 23 de janeiro de 2024, visando fornecer recursos essenciais para [&hellip;]","og_url":"https:\/\/jornalpontomais.com\/site\/2024\/05\/13\/desenrola-para-mei-e-micro-e-pequenas-empresas-comeca-nesta-segunda\/","og_site_name":"Jornal Ponto Mais","article_published_time":"2024-05-13T13:34:42+00:00","og_image":[{"width":1500,"height":775,"url":"https:\/\/jornalpontomais.com\/site\/wp-content\/uploads\/2024\/04\/mei-quais-atividades-nao-se-enquadram-mais-em-2023.jpg","type":"image\/jpeg"}],"author":"Jornal Ponto Mais","twitter_card":"summary_large_image","twitter_misc":{"Escrito por":"Jornal Ponto Mais","Est. tempo de leitura":"3 minutos"},"schema":{"@context":"https:\/\/schema.org","@graph":[{"@type":"Article","@id":"https:\/\/jornalpontomais.com\/site\/2024\/05\/13\/desenrola-para-mei-e-micro-e-pequenas-empresas-comeca-nesta-segunda\/#article","isPartOf":{"@id":"https:\/\/jornalpontomais.com\/site\/2024\/05\/13\/desenrola-para-mei-e-micro-e-pequenas-empresas-comeca-nesta-segunda\/"},"author":{"name":"Jornal Ponto Mais","@id":"https:\/\/jornalpontomais.com\/site\/#\/schema\/person\/18323f0b0f1355f2490721c48389fe9d"},"headline":"Desenrola para MEI e micro e pequenas empresas come\u00e7a nesta segunda","datePublished":"2024-05-13T13:34:42+00:00","mainEntityOfPage":{"@id":"https:\/\/jornalpontomais.com\/site\/2024\/05\/13\/desenrola-para-mei-e-micro-e-pequenas-empresas-comeca-nesta-segunda\/"},"wordCount":526,"commentCount":0,"publisher":{"@id":"https:\/\/jornalpontomais.com\/site\/#organization"},"image":{"@id":"https:\/\/jornalpontomais.com\/site\/2024\/05\/13\/desenrola-para-mei-e-micro-e-pequenas-empresas-comeca-nesta-segunda\/#primaryimage"},"thumbnailUrl":"https:\/\/jornalpontomais.com\/site\/wp-content\/uploads\/2024\/04\/mei-quais-atividades-nao-se-enquadram-mais-em-2023.jpg","articleSection":["Economia"],"inLanguage":"pt-BR","potentialAction":[{"@type":"CommentAction","name":"Comment","target":["https:\/\/jornalpontomais.com\/site\/2024\/05\/13\/desenrola-para-mei-e-micro-e-pequenas-empresas-comeca-nesta-segunda\/#respond"]}]},{"@type":"WebPage","@id":"https:\/\/jornalpontomais.com\/site\/2024\/05\/13\/desenrola-para-mei-e-micro-e-pequenas-empresas-comeca-nesta-segunda\/","url":"https:\/\/jornalpontomais.com\/site\/2024\/05\/13\/desenrola-para-mei-e-micro-e-pequenas-empresas-comeca-nesta-segunda\/","name":"Desenrola para MEI e micro e pequenas empresas come\u00e7a nesta segunda - Jornal Ponto Mais","isPartOf":{"@id":"https:\/\/jornalpontomais.com\/site\/#website"},"primaryImageOfPage":{"@id":"https:\/\/jornalpontomais.com\/site\/2024\/05\/13\/desenrola-para-mei-e-micro-e-pequenas-empresas-comeca-nesta-segunda\/#primaryimage"},"image":{"@id":"https:\/\/jornalpontomais.com\/site\/2024\/05\/13\/desenrola-para-mei-e-micro-e-pequenas-empresas-comeca-nesta-segunda\/#primaryimage"},"thumbnailUrl":"https:\/\/jornalpontomais.com\/site\/wp-content\/uploads\/2024\/04\/mei-quais-atividades-nao-se-enquadram-mais-em-2023.jpg","datePublished":"2024-05-13T13:34:42+00:00","breadcrumb":{"@id":"https:\/\/jornalpontomais.com\/site\/2024\/05\/13\/desenrola-para-mei-e-micro-e-pequenas-empresas-comeca-nesta-segunda\/#breadcrumb"},"inLanguage":"pt-BR","potentialAction":[{"@type":"ReadAction","target":["https:\/\/jornalpontomais.com\/site\/2024\/05\/13\/desenrola-para-mei-e-micro-e-pequenas-empresas-comeca-nesta-segunda\/"]}]},{"@type":"ImageObject","inLanguage":"pt-BR","@id":"https:\/\/jornalpontomais.com\/site\/2024\/05\/13\/desenrola-para-mei-e-micro-e-pequenas-empresas-comeca-nesta-segunda\/#primaryimage","url":"https:\/\/jornalpontomais.com\/site\/wp-content\/uploads\/2024\/04\/mei-quais-atividades-nao-se-enquadram-mais-em-2023.jpg","contentUrl":"https:\/\/jornalpontomais.com\/site\/wp-content\/uploads\/2024\/04\/mei-quais-atividades-nao-se-enquadram-mais-em-2023.jpg","width":1500,"height":775},{"@type":"BreadcrumbList","@id":"https:\/\/jornalpontomais.com\/site\/2024\/05\/13\/desenrola-para-mei-e-micro-e-pequenas-empresas-comeca-nesta-segunda\/#breadcrumb","itemListElement":[{"@type":"ListItem","position":1,"name":"In\u00edcio","item":"https:\/\/jornalpontomais.com\/site\/"},{"@type":"ListItem","position":2,"name":"Desenrola para MEI e micro e pequenas empresas come\u00e7a nesta segunda"}]},{"@type":"WebSite","@id":"https:\/\/jornalpontomais.com\/site\/#website","url":"https:\/\/jornalpontomais.com\/site\/","name":"Jornal Ponto Mais","description":"As principais not\u00edcias do Brasil e do mundo. Confira!","publisher":{"@id":"https:\/\/jornalpontomais.com\/site\/#organization"},"potentialAction":[{"@type":"SearchAction","target":{"@type":"EntryPoint","urlTemplate":"https:\/\/jornalpontomais.com\/site\/?s={search_term_string}"},"query-input":{"@type":"PropertyValueSpecification","valueRequired":true,"valueName":"search_term_string"}}],"inLanguage":"pt-BR"},{"@type":"Organization","@id":"https:\/\/jornalpontomais.com\/site\/#organization","name":"Jornal Ponto+","url":"https:\/\/jornalpontomais.com\/site\/","logo":{"@type":"ImageObject","inLanguage":"pt-BR","@id":"https:\/\/jornalpontomais.com\/site\/#\/schema\/logo\/image\/","url":"https:\/\/jornalpontomais.com\/site\/wp-content\/uploads\/2022\/01\/marca.png","contentUrl":"https:\/\/jornalpontomais.com\/site\/wp-content\/uploads\/2022\/01\/marca.png","width":582,"height":148,"caption":"Jornal Ponto+"},"image":{"@id":"https:\/\/jornalpontomais.com\/site\/#\/schema\/logo\/image\/"}},{"@type":"Person","@id":"https:\/\/jornalpontomais.com\/site\/#\/schema\/person\/18323f0b0f1355f2490721c48389fe9d","name":"Jornal Ponto Mais","image":{"@type":"ImageObject","inLanguage":"pt-BR","@id":"https:\/\/secure.gravatar.com\/avatar\/2ee0a9b7fe10fe32bdec8bc086e871e41eb5f4f6ecbcb7b4f2fe0d92d831405f?s=96&d=mm&r=g","url":"https:\/\/secure.gravatar.com\/avatar\/2ee0a9b7fe10fe32bdec8bc086e871e41eb5f4f6ecbcb7b4f2fe0d92d831405f?s=96&d=mm&r=g","contentUrl":"https:\/\/secure.gravatar.com\/avatar\/2ee0a9b7fe10fe32bdec8bc086e871e41eb5f4f6ecbcb7b4f2fe0d92d831405f?s=96&d=mm&r=g","caption":"Jornal Ponto Mais"},"sameAs":["https:\/\/jornalpontomais.com\/site","jornalpontomais"],"url":"https:\/\/jornalpontomais.com\/site\/author\/jornalpontomais\/"}]}},"_links":{"self":[{"href":"https:\/\/jornalpontomais.com\/site\/wp-json\/wp\/v2\/posts\/13151","targetHints":{"allow":["GET"]}}],"collection":[{"href":"https:\/\/jornalpontomais.com\/site\/wp-json\/wp\/v2\/posts"}],"about":[{"href":"https:\/\/jornalpontomais.com\/site\/wp-json\/wp\/v2\/types\/post"}],"author":[{"embeddable":true,"href":"https:\/\/jornalpontomais.com\/site\/wp-json\/wp\/v2\/users\/2"}],"replies":[{"embeddable":true,"href":"https:\/\/jornalpontomais.com\/site\/wp-json\/wp\/v2\/comments?post=13151"}],"version-history":[{"count":1,"href":"https:\/\/jornalpontomais.com\/site\/wp-json\/wp\/v2\/posts\/13151\/revisions"}],"predecessor-version":[{"id":13152,"href":"https:\/\/jornalpontomais.com\/site\/wp-json\/wp\/v2\/posts\/13151\/revisions\/13152"}],"wp:featuredmedia":[{"embeddable":true,"href":"https:\/\/jornalpontomais.com\/site\/wp-json\/wp\/v2\/media\/12932"}],"wp:attachment":[{"href":"https:\/\/jornalpontomais.com\/site\/wp-json\/wp\/v2\/media?parent=13151"}],"wp:term":[{"taxonomy":"category","embeddable":true,"href":"https:\/\/jornalpontomais.com\/site\/wp-json\/wp\/v2\/categories?post=13151"},{"taxonomy":"post_tag","embeddable":true,"href":"https:\/\/jornalpontomais.com\/site\/wp-json\/wp\/v2\/tags?post=13151"}],"curies":[{"name":"wp","href":"https:\/\/api.w.org\/{rel}","templated":true}]}}