{"id":13148,"date":"2024-05-13T09:53:55","date_gmt":"2024-05-13T12:53:55","guid":{"rendered":"https:\/\/jornalpontomais.com\/site\/?p=13148"},"modified":"2024-05-13T09:53:56","modified_gmt":"2024-05-13T12:53:56","slug":"avc-aumenta-o-risco-de-demencia","status":"publish","type":"post","link":"https:\/\/jornalpontomais.com\/site\/2024\/05\/13\/avc-aumenta-o-risco-de-demencia\/","title":{"rendered":"AVC aumenta o risco de dem\u00eancia"},"content":{"rendered":"\n<p>As chances de uma pessoa receber um diagn\u00f3stico de dem\u00eancia quase triplicam no primeiro ano ap\u00f3s um acidente vascular cerebral (AVC), mostra estudo realizado na Universidade McMaster, no Canad\u00e1. Ainda segundo o estudo, este aumento p\u00f3s-AVC no risco de dem\u00eancia diminui com o tempo, mas nunca regressa aos n\u00edveis anteriores ao AVC.<br><br><\/p>\n\n\n\n<p>No estudo, os pesquisadores vasculharam um banco de dados com informa\u00e7\u00f5es sobre mais de 15 milh\u00f5es de pessoas que vivem em Ont\u00e1rio. Eles analisaram atentamente os dados de quase 181 mil pessoas que sofreram recentemente um acidente vascular cerebral e compararam os seus resultados de sa\u00fade com os de controles correspondentes. Os controles eram pessoas saud\u00e1veis, sem hist\u00f3rico de derrame ou ataque card\u00edaco, ou pessoas que tiveram um ataque card\u00edaco, mas n\u00e3o um AVC.<br><br><\/p>\n\n\n\n<p>Os pesquisadores tamb\u00e9m acompanharam a incid\u00eancia de dem\u00eancia diagnosticada dentro de 90 dias ap\u00f3s um acidente vascular cerebral, com acompanhamento cont\u00ednuo por 5,5 anos. Eles descobriram que os riscos de um diagn\u00f3stico de dem\u00eancia aumentaram quase tr\u00eas vezes durante o primeiro ano ap\u00f3s um acidente vascular cerebral, e depois diminu\u00edram para um risco 1,5 vezes maior na marca dos cinco anos. Os riscos ainda eram ligeiramente elevados mesmo 20 anos depois.<br><br><\/p>\n\n\n\n<p>No geral, 19% dos sobreviventes de AVC desenvolveram dem\u00eancia ao longo dos 5,5 anos de acompanhamento, e os sobreviventes tiveram um risco de dem\u00eancia 80% maior do que o da popula\u00e7\u00e3o em geral, ou de pessoas que sobreviveram a um ataque card\u00edaco, mas n\u00e3o tiveram n\u00e3o tive acidente vascular cerebral.<br><br><\/p>\n\n\n\n<p>O tipo de acidente vascular cerebral parecia importar: as pessoas que sobreviveram a uma hemorragia intracerebral (sangramento no c\u00e9rebro, uma forma mais rara de acidente vascular cerebral) tinham 150% mais probabilidade do que a popula\u00e7\u00e3o em geral de desenvolver dem\u00eancia.<\/p>\n\n\n\n<p><em>Fonte: 2024 International Stroke Conference.<\/em><\/p>\n","protected":false},"excerpt":{"rendered":"<p>As chances de uma pessoa receber um diagn\u00f3stico de dem\u00eancia quase triplicam no primeiro ano ap\u00f3s um acidente vascular cerebral (AVC), mostra estudo realizado na Universidade McMaster, no Canad\u00e1. Ainda segundo o estudo, este aumento p\u00f3s-AVC no risco de dem\u00eancia diminui com o tempo, mas nunca regressa aos n\u00edveis anteriores ao AVC. No estudo, os [&hellip;]<\/p>\n","protected":false},"author":2,"featured_media":13149,"comment_status":"open","ping_status":"open","sticky":true,"template":"","format":"standard","meta":{"om_disable_all_campaigns":false,"_monsterinsights_skip_tracking":false,"_monsterinsights_sitenote_active":false,"_monsterinsights_sitenote_note":"","_monsterinsights_sitenote_category":0,"footnotes":""},"categories":[3],"tags":[],"class_list":["post-13148","post","type-post","status-publish","format-standard","has-post-thumbnail","hentry","category-saude"],"yoast_head":"<!-- This site is optimized with the Yoast SEO plugin v27.2 - https:\/\/yoast.com\/product\/yoast-seo-wordpress\/ -->\n<title>AVC aumenta o risco de dem\u00eancia - Jornal Ponto Mais<\/title>\n<meta name=\"robots\" content=\"index, follow, max-snippet:-1, max-image-preview:large, max-video-preview:-1\" \/>\n<link rel=\"canonical\" href=\"https:\/\/jornalpontomais.com\/site\/2024\/05\/13\/avc-aumenta-o-risco-de-demencia\/\" \/>\n<meta property=\"og:locale\" content=\"pt_BR\" \/>\n<meta property=\"og:type\" content=\"article\" \/>\n<meta property=\"og:title\" content=\"AVC aumenta o risco de dem\u00eancia - Jornal Ponto Mais\" \/>\n<meta property=\"og:description\" content=\"As chances de uma pessoa receber um diagn\u00f3stico de dem\u00eancia quase triplicam no primeiro ano ap\u00f3s um acidente vascular cerebral (AVC), mostra estudo realizado na Universidade McMaster, no Canad\u00e1. Ainda segundo o estudo, este aumento p\u00f3s-AVC no risco de dem\u00eancia diminui com o tempo, mas nunca regressa aos n\u00edveis anteriores ao AVC. No estudo, os [&hellip;]\" \/>\n<meta property=\"og:url\" content=\"https:\/\/jornalpontomais.com\/site\/2024\/05\/13\/avc-aumenta-o-risco-de-demencia\/\" \/>\n<meta property=\"og:site_name\" content=\"Jornal Ponto Mais\" \/>\n<meta property=\"article:published_time\" content=\"2024-05-13T12:53:55+00:00\" \/>\n<meta property=\"article:modified_time\" content=\"2024-05-13T12:53:56+00:00\" \/>\n<meta property=\"og:image\" content=\"https:\/\/jornalpontomais.com\/site\/wp-content\/uploads\/2024\/05\/diacombateavc.png\" \/>\n\t<meta property=\"og:image:width\" content=\"800\" \/>\n\t<meta property=\"og:image:height\" content=\"533\" \/>\n\t<meta property=\"og:image:type\" content=\"image\/png\" \/>\n<meta name=\"author\" content=\"Jornal Ponto Mais\" \/>\n<meta name=\"twitter:card\" content=\"summary_large_image\" \/>\n<meta name=\"twitter:label1\" content=\"Escrito por\" \/>\n\t<meta name=\"twitter:data1\" content=\"Jornal Ponto Mais\" \/>\n\t<meta name=\"twitter:label2\" content=\"Est. tempo de leitura\" \/>\n\t<meta name=\"twitter:data2\" content=\"2 minutos\" \/>\n<script type=\"application\/ld+json\" class=\"yoast-schema-graph\">{\"@context\":\"https:\/\/schema.org\",\"@graph\":[{\"@type\":\"Article\",\"@id\":\"https:\/\/jornalpontomais.com\/site\/2024\/05\/13\/avc-aumenta-o-risco-de-demencia\/#article\",\"isPartOf\":{\"@id\":\"https:\/\/jornalpontomais.com\/site\/2024\/05\/13\/avc-aumenta-o-risco-de-demencia\/\"},\"author\":{\"name\":\"Jornal Ponto Mais\",\"@id\":\"https:\/\/jornalpontomais.com\/site\/#\/schema\/person\/18323f0b0f1355f2490721c48389fe9d\"},\"headline\":\"AVC aumenta o risco de dem\u00eancia\",\"datePublished\":\"2024-05-13T12:53:55+00:00\",\"dateModified\":\"2024-05-13T12:53:56+00:00\",\"mainEntityOfPage\":{\"@id\":\"https:\/\/jornalpontomais.com\/site\/2024\/05\/13\/avc-aumenta-o-risco-de-demencia\/\"},\"wordCount\":322,\"commentCount\":0,\"publisher\":{\"@id\":\"https:\/\/jornalpontomais.com\/site\/#organization\"},\"image\":{\"@id\":\"https:\/\/jornalpontomais.com\/site\/2024\/05\/13\/avc-aumenta-o-risco-de-demencia\/#primaryimage\"},\"thumbnailUrl\":\"https:\/\/jornalpontomais.com\/site\/wp-content\/uploads\/2024\/05\/diacombateavc.png\",\"articleSection\":[\"Sa\u00fade\"],\"inLanguage\":\"pt-BR\",\"potentialAction\":[{\"@type\":\"CommentAction\",\"name\":\"Comment\",\"target\":[\"https:\/\/jornalpontomais.com\/site\/2024\/05\/13\/avc-aumenta-o-risco-de-demencia\/#respond\"]}]},{\"@type\":\"WebPage\",\"@id\":\"https:\/\/jornalpontomais.com\/site\/2024\/05\/13\/avc-aumenta-o-risco-de-demencia\/\",\"url\":\"https:\/\/jornalpontomais.com\/site\/2024\/05\/13\/avc-aumenta-o-risco-de-demencia\/\",\"name\":\"AVC aumenta o risco de dem\u00eancia - Jornal Ponto Mais\",\"isPartOf\":{\"@id\":\"https:\/\/jornalpontomais.com\/site\/#website\"},\"primaryImageOfPage\":{\"@id\":\"https:\/\/jornalpontomais.com\/site\/2024\/05\/13\/avc-aumenta-o-risco-de-demencia\/#primaryimage\"},\"image\":{\"@id\":\"https:\/\/jornalpontomais.com\/site\/2024\/05\/13\/avc-aumenta-o-risco-de-demencia\/#primaryimage\"},\"thumbnailUrl\":\"https:\/\/jornalpontomais.com\/site\/wp-content\/uploads\/2024\/05\/diacombateavc.png\",\"datePublished\":\"2024-05-13T12:53:55+00:00\",\"dateModified\":\"2024-05-13T12:53:56+00:00\",\"breadcrumb\":{\"@id\":\"https:\/\/jornalpontomais.com\/site\/2024\/05\/13\/avc-aumenta-o-risco-de-demencia\/#breadcrumb\"},\"inLanguage\":\"pt-BR\",\"potentialAction\":[{\"@type\":\"ReadAction\",\"target\":[\"https:\/\/jornalpontomais.com\/site\/2024\/05\/13\/avc-aumenta-o-risco-de-demencia\/\"]}]},{\"@type\":\"ImageObject\",\"inLanguage\":\"pt-BR\",\"@id\":\"https:\/\/jornalpontomais.com\/site\/2024\/05\/13\/avc-aumenta-o-risco-de-demencia\/#primaryimage\",\"url\":\"https:\/\/jornalpontomais.com\/site\/wp-content\/uploads\/2024\/05\/diacombateavc.png\",\"contentUrl\":\"https:\/\/jornalpontomais.com\/site\/wp-content\/uploads\/2024\/05\/diacombateavc.png\",\"width\":800,\"height\":533},{\"@type\":\"BreadcrumbList\",\"@id\":\"https:\/\/jornalpontomais.com\/site\/2024\/05\/13\/avc-aumenta-o-risco-de-demencia\/#breadcrumb\",\"itemListElement\":[{\"@type\":\"ListItem\",\"position\":1,\"name\":\"In\u00edcio\",\"item\":\"https:\/\/jornalpontomais.com\/site\/\"},{\"@type\":\"ListItem\",\"position\":2,\"name\":\"AVC aumenta o risco de dem\u00eancia\"}]},{\"@type\":\"WebSite\",\"@id\":\"https:\/\/jornalpontomais.com\/site\/#website\",\"url\":\"https:\/\/jornalpontomais.com\/site\/\",\"name\":\"Jornal Ponto Mais\",\"description\":\"As principais not\u00edcias do Brasil e do mundo. Confira!\",\"publisher\":{\"@id\":\"https:\/\/jornalpontomais.com\/site\/#organization\"},\"potentialAction\":[{\"@type\":\"SearchAction\",\"target\":{\"@type\":\"EntryPoint\",\"urlTemplate\":\"https:\/\/jornalpontomais.com\/site\/?s={search_term_string}\"},\"query-input\":{\"@type\":\"PropertyValueSpecification\",\"valueRequired\":true,\"valueName\":\"search_term_string\"}}],\"inLanguage\":\"pt-BR\"},{\"@type\":\"Organization\",\"@id\":\"https:\/\/jornalpontomais.com\/site\/#organization\",\"name\":\"Jornal Ponto+\",\"url\":\"https:\/\/jornalpontomais.com\/site\/\",\"logo\":{\"@type\":\"ImageObject\",\"inLanguage\":\"pt-BR\",\"@id\":\"https:\/\/jornalpontomais.com\/site\/#\/schema\/logo\/image\/\",\"url\":\"https:\/\/jornalpontomais.com\/site\/wp-content\/uploads\/2022\/01\/marca.png\",\"contentUrl\":\"https:\/\/jornalpontomais.com\/site\/wp-content\/uploads\/2022\/01\/marca.png\",\"width\":582,\"height\":148,\"caption\":\"Jornal Ponto+\"},\"image\":{\"@id\":\"https:\/\/jornalpontomais.com\/site\/#\/schema\/logo\/image\/\"}},{\"@type\":\"Person\",\"@id\":\"https:\/\/jornalpontomais.com\/site\/#\/schema\/person\/18323f0b0f1355f2490721c48389fe9d\",\"name\":\"Jornal Ponto Mais\",\"image\":{\"@type\":\"ImageObject\",\"inLanguage\":\"pt-BR\",\"@id\":\"https:\/\/secure.gravatar.com\/avatar\/2ee0a9b7fe10fe32bdec8bc086e871e41eb5f4f6ecbcb7b4f2fe0d92d831405f?s=96&d=mm&r=g\",\"url\":\"https:\/\/secure.gravatar.com\/avatar\/2ee0a9b7fe10fe32bdec8bc086e871e41eb5f4f6ecbcb7b4f2fe0d92d831405f?s=96&d=mm&r=g\",\"contentUrl\":\"https:\/\/secure.gravatar.com\/avatar\/2ee0a9b7fe10fe32bdec8bc086e871e41eb5f4f6ecbcb7b4f2fe0d92d831405f?s=96&d=mm&r=g\",\"caption\":\"Jornal Ponto Mais\"},\"sameAs\":[\"https:\/\/jornalpontomais.com\/site\",\"jornalpontomais\"],\"url\":\"https:\/\/jornalpontomais.com\/site\/author\/jornalpontomais\/\"}]}<\/script>\n<!-- \/ Yoast SEO plugin. -->","yoast_head_json":{"title":"AVC aumenta o risco de dem\u00eancia - Jornal Ponto Mais","robots":{"index":"index","follow":"follow","max-snippet":"max-snippet:-1","max-image-preview":"max-image-preview:large","max-video-preview":"max-video-preview:-1"},"canonical":"https:\/\/jornalpontomais.com\/site\/2024\/05\/13\/avc-aumenta-o-risco-de-demencia\/","og_locale":"pt_BR","og_type":"article","og_title":"AVC aumenta o risco de dem\u00eancia - Jornal Ponto Mais","og_description":"As chances de uma pessoa receber um diagn\u00f3stico de dem\u00eancia quase triplicam no primeiro ano ap\u00f3s um acidente vascular cerebral (AVC), mostra estudo realizado na Universidade McMaster, no Canad\u00e1. Ainda segundo o estudo, este aumento p\u00f3s-AVC no risco de dem\u00eancia diminui com o tempo, mas nunca regressa aos n\u00edveis anteriores ao AVC. No estudo, os [&hellip;]","og_url":"https:\/\/jornalpontomais.com\/site\/2024\/05\/13\/avc-aumenta-o-risco-de-demencia\/","og_site_name":"Jornal Ponto Mais","article_published_time":"2024-05-13T12:53:55+00:00","article_modified_time":"2024-05-13T12:53:56+00:00","og_image":[{"width":800,"height":533,"url":"https:\/\/jornalpontomais.com\/site\/wp-content\/uploads\/2024\/05\/diacombateavc.png","type":"image\/png"}],"author":"Jornal Ponto Mais","twitter_card":"summary_large_image","twitter_misc":{"Escrito por":"Jornal Ponto Mais","Est. tempo de leitura":"2 minutos"},"schema":{"@context":"https:\/\/schema.org","@graph":[{"@type":"Article","@id":"https:\/\/jornalpontomais.com\/site\/2024\/05\/13\/avc-aumenta-o-risco-de-demencia\/#article","isPartOf":{"@id":"https:\/\/jornalpontomais.com\/site\/2024\/05\/13\/avc-aumenta-o-risco-de-demencia\/"},"author":{"name":"Jornal Ponto Mais","@id":"https:\/\/jornalpontomais.com\/site\/#\/schema\/person\/18323f0b0f1355f2490721c48389fe9d"},"headline":"AVC aumenta o risco de dem\u00eancia","datePublished":"2024-05-13T12:53:55+00:00","dateModified":"2024-05-13T12:53:56+00:00","mainEntityOfPage":{"@id":"https:\/\/jornalpontomais.com\/site\/2024\/05\/13\/avc-aumenta-o-risco-de-demencia\/"},"wordCount":322,"commentCount":0,"publisher":{"@id":"https:\/\/jornalpontomais.com\/site\/#organization"},"image":{"@id":"https:\/\/jornalpontomais.com\/site\/2024\/05\/13\/avc-aumenta-o-risco-de-demencia\/#primaryimage"},"thumbnailUrl":"https:\/\/jornalpontomais.com\/site\/wp-content\/uploads\/2024\/05\/diacombateavc.png","articleSection":["Sa\u00fade"],"inLanguage":"pt-BR","potentialAction":[{"@type":"CommentAction","name":"Comment","target":["https:\/\/jornalpontomais.com\/site\/2024\/05\/13\/avc-aumenta-o-risco-de-demencia\/#respond"]}]},{"@type":"WebPage","@id":"https:\/\/jornalpontomais.com\/site\/2024\/05\/13\/avc-aumenta-o-risco-de-demencia\/","url":"https:\/\/jornalpontomais.com\/site\/2024\/05\/13\/avc-aumenta-o-risco-de-demencia\/","name":"AVC aumenta o risco de dem\u00eancia - Jornal Ponto Mais","isPartOf":{"@id":"https:\/\/jornalpontomais.com\/site\/#website"},"primaryImageOfPage":{"@id":"https:\/\/jornalpontomais.com\/site\/2024\/05\/13\/avc-aumenta-o-risco-de-demencia\/#primaryimage"},"image":{"@id":"https:\/\/jornalpontomais.com\/site\/2024\/05\/13\/avc-aumenta-o-risco-de-demencia\/#primaryimage"},"thumbnailUrl":"https:\/\/jornalpontomais.com\/site\/wp-content\/uploads\/2024\/05\/diacombateavc.png","datePublished":"2024-05-13T12:53:55+00:00","dateModified":"2024-05-13T12:53:56+00:00","breadcrumb":{"@id":"https:\/\/jornalpontomais.com\/site\/2024\/05\/13\/avc-aumenta-o-risco-de-demencia\/#breadcrumb"},"inLanguage":"pt-BR","potentialAction":[{"@type":"ReadAction","target":["https:\/\/jornalpontomais.com\/site\/2024\/05\/13\/avc-aumenta-o-risco-de-demencia\/"]}]},{"@type":"ImageObject","inLanguage":"pt-BR","@id":"https:\/\/jornalpontomais.com\/site\/2024\/05\/13\/avc-aumenta-o-risco-de-demencia\/#primaryimage","url":"https:\/\/jornalpontomais.com\/site\/wp-content\/uploads\/2024\/05\/diacombateavc.png","contentUrl":"https:\/\/jornalpontomais.com\/site\/wp-content\/uploads\/2024\/05\/diacombateavc.png","width":800,"height":533},{"@type":"BreadcrumbList","@id":"https:\/\/jornalpontomais.com\/site\/2024\/05\/13\/avc-aumenta-o-risco-de-demencia\/#breadcrumb","itemListElement":[{"@type":"ListItem","position":1,"name":"In\u00edcio","item":"https:\/\/jornalpontomais.com\/site\/"},{"@type":"ListItem","position":2,"name":"AVC aumenta o risco de dem\u00eancia"}]},{"@type":"WebSite","@id":"https:\/\/jornalpontomais.com\/site\/#website","url":"https:\/\/jornalpontomais.com\/site\/","name":"Jornal Ponto Mais","description":"As principais not\u00edcias do Brasil e do mundo. Confira!","publisher":{"@id":"https:\/\/jornalpontomais.com\/site\/#organization"},"potentialAction":[{"@type":"SearchAction","target":{"@type":"EntryPoint","urlTemplate":"https:\/\/jornalpontomais.com\/site\/?s={search_term_string}"},"query-input":{"@type":"PropertyValueSpecification","valueRequired":true,"valueName":"search_term_string"}}],"inLanguage":"pt-BR"},{"@type":"Organization","@id":"https:\/\/jornalpontomais.com\/site\/#organization","name":"Jornal Ponto+","url":"https:\/\/jornalpontomais.com\/site\/","logo":{"@type":"ImageObject","inLanguage":"pt-BR","@id":"https:\/\/jornalpontomais.com\/site\/#\/schema\/logo\/image\/","url":"https:\/\/jornalpontomais.com\/site\/wp-content\/uploads\/2022\/01\/marca.png","contentUrl":"https:\/\/jornalpontomais.com\/site\/wp-content\/uploads\/2022\/01\/marca.png","width":582,"height":148,"caption":"Jornal Ponto+"},"image":{"@id":"https:\/\/jornalpontomais.com\/site\/#\/schema\/logo\/image\/"}},{"@type":"Person","@id":"https:\/\/jornalpontomais.com\/site\/#\/schema\/person\/18323f0b0f1355f2490721c48389fe9d","name":"Jornal Ponto Mais","image":{"@type":"ImageObject","inLanguage":"pt-BR","@id":"https:\/\/secure.gravatar.com\/avatar\/2ee0a9b7fe10fe32bdec8bc086e871e41eb5f4f6ecbcb7b4f2fe0d92d831405f?s=96&d=mm&r=g","url":"https:\/\/secure.gravatar.com\/avatar\/2ee0a9b7fe10fe32bdec8bc086e871e41eb5f4f6ecbcb7b4f2fe0d92d831405f?s=96&d=mm&r=g","contentUrl":"https:\/\/secure.gravatar.com\/avatar\/2ee0a9b7fe10fe32bdec8bc086e871e41eb5f4f6ecbcb7b4f2fe0d92d831405f?s=96&d=mm&r=g","caption":"Jornal Ponto Mais"},"sameAs":["https:\/\/jornalpontomais.com\/site","jornalpontomais"],"url":"https:\/\/jornalpontomais.com\/site\/author\/jornalpontomais\/"}]}},"_links":{"self":[{"href":"https:\/\/jornalpontomais.com\/site\/wp-json\/wp\/v2\/posts\/13148","targetHints":{"allow":["GET"]}}],"collection":[{"href":"https:\/\/jornalpontomais.com\/site\/wp-json\/wp\/v2\/posts"}],"about":[{"href":"https:\/\/jornalpontomais.com\/site\/wp-json\/wp\/v2\/types\/post"}],"author":[{"embeddable":true,"href":"https:\/\/jornalpontomais.com\/site\/wp-json\/wp\/v2\/users\/2"}],"replies":[{"embeddable":true,"href":"https:\/\/jornalpontomais.com\/site\/wp-json\/wp\/v2\/comments?post=13148"}],"version-history":[{"count":1,"href":"https:\/\/jornalpontomais.com\/site\/wp-json\/wp\/v2\/posts\/13148\/revisions"}],"predecessor-version":[{"id":13150,"href":"https:\/\/jornalpontomais.com\/site\/wp-json\/wp\/v2\/posts\/13148\/revisions\/13150"}],"wp:featuredmedia":[{"embeddable":true,"href":"https:\/\/jornalpontomais.com\/site\/wp-json\/wp\/v2\/media\/13149"}],"wp:attachment":[{"href":"https:\/\/jornalpontomais.com\/site\/wp-json\/wp\/v2\/media?parent=13148"}],"wp:term":[{"taxonomy":"category","embeddable":true,"href":"https:\/\/jornalpontomais.com\/site\/wp-json\/wp\/v2\/categories?post=13148"},{"taxonomy":"post_tag","embeddable":true,"href":"https:\/\/jornalpontomais.com\/site\/wp-json\/wp\/v2\/tags?post=13148"}],"curies":[{"name":"wp","href":"https:\/\/api.w.org\/{rel}","templated":true}]}}