{"id":13082,"date":"2024-05-08T10:41:06","date_gmt":"2024-05-08T13:41:06","guid":{"rendered":"https:\/\/jornalpontomais.com\/site\/?p=13082"},"modified":"2024-05-08T10:41:07","modified_gmt":"2024-05-08T13:41:07","slug":"acne-aumenta-o-risco-de-depressao-alerta-medico","status":"publish","type":"post","link":"https:\/\/jornalpontomais.com\/site\/2024\/05\/08\/acne-aumenta-o-risco-de-depressao-alerta-medico\/","title":{"rendered":"Acne aumenta o risco de depress\u00e3o, alerta m\u00e9dico"},"content":{"rendered":"\n<p><br>A acne pode ser uma condi\u00e7\u00e3o persistente e desafiadora de lidar, causando impactos significativos na sa\u00fade mental e na autoestima. O Dr. Danilo S. Talarico, professor do Instituto Lapidare e da Faculdade Primum de Dermatologia, Tricologia, Transplante Capilar e Medicina Est\u00e9tica, descreve a acne como uma doen\u00e7a inflamat\u00f3ria e infecciosa da pele que n\u00e3o s\u00f3 causa desconforto f\u00edsico, mas tamb\u00e9m pode afetar negativamente o bem-estar psicol\u00f3gico.<br><br><\/p>\n\n\n\n<p>Contrariamente ao que se pode pensar, as espinhas n\u00e3o s\u00e3o exclusivas dos adolescentes; muitos adultos tamb\u00e9m lutam contra elas. Independentemente da idade, as consequ\u00eancias psicol\u00f3gicas podem ser s\u00e9rias, levando \u00e0 perda de autoconfian\u00e7a, isolamento social e at\u00e9 depress\u00e3o.<br><br><\/p>\n\n\n\n<p>A acne pode minar a autoconfian\u00e7a, levando os afetados a se sentirem inseguros e envergonhados de sua apar\u00eancia. Este impacto psicol\u00f3gico pode ser t\u00e3o profundo que muitos evitam situa\u00e7\u00f5es sociais ou relacionamentos rom\u00e2nticos. A vergonha associada \u00e0 acne pode at\u00e9 levar ao isolamento social, \u00e0 medida que os indiv\u00edduos se afastam de intera\u00e7\u00f5es sociais devido \u00e0 preocupa\u00e7\u00e3o com sua apar\u00eancia.<br><br><\/p>\n\n\n\n<p>\u00c9 crucial desmistificar o estigma de que a acne est\u00e1 relacionada \u00e0 falta de higiene; na verdade, fatores gen\u00e9ticos desempenham um papel significativo em sua ocorr\u00eancia. Al\u00e9m disso, h\u00e1 uma forte liga\u00e7\u00e3o entre acne e depress\u00e3o, com evid\u00eancias sugerindo que pessoas com acne t\u00eam maior probabilidade de desenvolver depress\u00e3o.<br><br><\/p>\n\n\n\n<p>O tratamento da acne vai al\u00e9m dos cuidados dermatol\u00f3gicos; pode exigir interven\u00e7\u00e3o psicol\u00f3gica, especialmente em casos graves. A isotretino\u00edna \u00e9 uma op\u00e7\u00e3o de tratamento, mas requer acompanhamento m\u00e9dico e psicol\u00f3gico devido aos seus potenciais efeitos colaterais e impactos emocionais.<br><br><\/p>\n\n\n\n<p>Para aqueles cuja sa\u00fade mental est\u00e1 sendo afetada pela acne, \u00e9 fundamental buscar ajuda m\u00e9dica e psicol\u00f3gica. O tratamento pode envolver uma variedade de abordagens, desde medicamentos t\u00f3picos at\u00e9 terapias orais, e enfatiza a import\u00e2ncia da alimenta\u00e7\u00e3o saud\u00e1vel e do manejo do estresse.<br><br><\/p>\n\n\n\n<p>Enquanto o processo de encontrar o tratamento adequado pode ser demorado, \u00e9 importante manter a paci\u00eancia e a persist\u00eancia, lembrando-se de que a acne n\u00e3o define a identidade de uma pessoa. Se as espinhas estiverem interferindo nas atividades di\u00e1rias ou provocando sintomas de depress\u00e3o, \u00e9 essencial procurar a orienta\u00e7\u00e3o de um terapeuta para desenvolver estrat\u00e9gias de enfrentamento e apoio emocional durante o tratamento.<\/p>\n","protected":false},"excerpt":{"rendered":"<p>A acne pode ser uma condi\u00e7\u00e3o persistente e desafiadora de lidar, causando impactos significativos na sa\u00fade mental e na autoestima. O Dr. Danilo S. Talarico, professor do Instituto Lapidare e da Faculdade Primum de Dermatologia, Tricologia, Transplante Capilar e Medicina Est\u00e9tica, descreve a acne como uma doen\u00e7a inflamat\u00f3ria e infecciosa da pele que n\u00e3o s\u00f3 [&hellip;]<\/p>\n","protected":false},"author":2,"featured_media":13084,"comment_status":"open","ping_status":"open","sticky":true,"template":"","format":"standard","meta":{"om_disable_all_campaigns":false,"_monsterinsights_skip_tracking":false,"_monsterinsights_sitenote_active":false,"_monsterinsights_sitenote_note":"","_monsterinsights_sitenote_category":0,"footnotes":""},"categories":[3],"tags":[],"class_list":["post-13082","post","type-post","status-publish","format-standard","has-post-thumbnail","hentry","category-saude"],"yoast_head":"<!-- This site is optimized with the Yoast SEO plugin v27.2 - https:\/\/yoast.com\/product\/yoast-seo-wordpress\/ -->\n<title>Acne aumenta o risco de depress\u00e3o, alerta m\u00e9dico - Jornal Ponto Mais<\/title>\n<meta name=\"robots\" content=\"index, follow, max-snippet:-1, max-image-preview:large, max-video-preview:-1\" \/>\n<link rel=\"canonical\" href=\"https:\/\/jornalpontomais.com\/site\/2024\/05\/08\/acne-aumenta-o-risco-de-depressao-alerta-medico\/\" \/>\n<meta property=\"og:locale\" content=\"pt_BR\" \/>\n<meta property=\"og:type\" content=\"article\" \/>\n<meta property=\"og:title\" content=\"Acne aumenta o risco de depress\u00e3o, alerta m\u00e9dico - Jornal Ponto Mais\" \/>\n<meta property=\"og:description\" content=\"A acne pode ser uma condi\u00e7\u00e3o persistente e desafiadora de lidar, causando impactos significativos na sa\u00fade mental e na autoestima. O Dr. Danilo S. Talarico, professor do Instituto Lapidare e da Faculdade Primum de Dermatologia, Tricologia, Transplante Capilar e Medicina Est\u00e9tica, descreve a acne como uma doen\u00e7a inflamat\u00f3ria e infecciosa da pele que n\u00e3o s\u00f3 [&hellip;]\" \/>\n<meta property=\"og:url\" content=\"https:\/\/jornalpontomais.com\/site\/2024\/05\/08\/acne-aumenta-o-risco-de-depressao-alerta-medico\/\" \/>\n<meta property=\"og:site_name\" content=\"Jornal Ponto Mais\" \/>\n<meta property=\"article:published_time\" content=\"2024-05-08T13:41:06+00:00\" \/>\n<meta property=\"article:modified_time\" content=\"2024-05-08T13:41:07+00:00\" \/>\n<meta property=\"og:image\" content=\"https:\/\/jornalpontomais.com\/site\/wp-content\/uploads\/2024\/05\/acne-grau-4.webp\" \/>\n\t<meta property=\"og:image:width\" content=\"1280\" \/>\n\t<meta property=\"og:image:height\" content=\"960\" \/>\n\t<meta property=\"og:image:type\" content=\"image\/webp\" \/>\n<meta name=\"author\" content=\"Jornal Ponto Mais\" \/>\n<meta name=\"twitter:card\" content=\"summary_large_image\" \/>\n<meta name=\"twitter:label1\" content=\"Escrito por\" \/>\n\t<meta name=\"twitter:data1\" content=\"Jornal Ponto Mais\" \/>\n\t<meta name=\"twitter:label2\" content=\"Est. tempo de leitura\" \/>\n\t<meta name=\"twitter:data2\" content=\"2 minutos\" \/>\n<script type=\"application\/ld+json\" class=\"yoast-schema-graph\">{\"@context\":\"https:\/\/schema.org\",\"@graph\":[{\"@type\":\"Article\",\"@id\":\"https:\/\/jornalpontomais.com\/site\/2024\/05\/08\/acne-aumenta-o-risco-de-depressao-alerta-medico\/#article\",\"isPartOf\":{\"@id\":\"https:\/\/jornalpontomais.com\/site\/2024\/05\/08\/acne-aumenta-o-risco-de-depressao-alerta-medico\/\"},\"author\":{\"name\":\"Jornal Ponto Mais\",\"@id\":\"https:\/\/jornalpontomais.com\/site\/#\/schema\/person\/18323f0b0f1355f2490721c48389fe9d\"},\"headline\":\"Acne aumenta o risco de depress\u00e3o, alerta m\u00e9dico\",\"datePublished\":\"2024-05-08T13:41:06+00:00\",\"dateModified\":\"2024-05-08T13:41:07+00:00\",\"mainEntityOfPage\":{\"@id\":\"https:\/\/jornalpontomais.com\/site\/2024\/05\/08\/acne-aumenta-o-risco-de-depressao-alerta-medico\/\"},\"wordCount\":415,\"commentCount\":0,\"publisher\":{\"@id\":\"https:\/\/jornalpontomais.com\/site\/#organization\"},\"image\":{\"@id\":\"https:\/\/jornalpontomais.com\/site\/2024\/05\/08\/acne-aumenta-o-risco-de-depressao-alerta-medico\/#primaryimage\"},\"thumbnailUrl\":\"https:\/\/jornalpontomais.com\/site\/wp-content\/uploads\/2024\/05\/acne-grau-4.webp\",\"articleSection\":[\"Sa\u00fade\"],\"inLanguage\":\"pt-BR\",\"potentialAction\":[{\"@type\":\"CommentAction\",\"name\":\"Comment\",\"target\":[\"https:\/\/jornalpontomais.com\/site\/2024\/05\/08\/acne-aumenta-o-risco-de-depressao-alerta-medico\/#respond\"]}]},{\"@type\":\"WebPage\",\"@id\":\"https:\/\/jornalpontomais.com\/site\/2024\/05\/08\/acne-aumenta-o-risco-de-depressao-alerta-medico\/\",\"url\":\"https:\/\/jornalpontomais.com\/site\/2024\/05\/08\/acne-aumenta-o-risco-de-depressao-alerta-medico\/\",\"name\":\"Acne aumenta o risco de depress\u00e3o, alerta m\u00e9dico - Jornal Ponto Mais\",\"isPartOf\":{\"@id\":\"https:\/\/jornalpontomais.com\/site\/#website\"},\"primaryImageOfPage\":{\"@id\":\"https:\/\/jornalpontomais.com\/site\/2024\/05\/08\/acne-aumenta-o-risco-de-depressao-alerta-medico\/#primaryimage\"},\"image\":{\"@id\":\"https:\/\/jornalpontomais.com\/site\/2024\/05\/08\/acne-aumenta-o-risco-de-depressao-alerta-medico\/#primaryimage\"},\"thumbnailUrl\":\"https:\/\/jornalpontomais.com\/site\/wp-content\/uploads\/2024\/05\/acne-grau-4.webp\",\"datePublished\":\"2024-05-08T13:41:06+00:00\",\"dateModified\":\"2024-05-08T13:41:07+00:00\",\"breadcrumb\":{\"@id\":\"https:\/\/jornalpontomais.com\/site\/2024\/05\/08\/acne-aumenta-o-risco-de-depressao-alerta-medico\/#breadcrumb\"},\"inLanguage\":\"pt-BR\",\"potentialAction\":[{\"@type\":\"ReadAction\",\"target\":[\"https:\/\/jornalpontomais.com\/site\/2024\/05\/08\/acne-aumenta-o-risco-de-depressao-alerta-medico\/\"]}]},{\"@type\":\"ImageObject\",\"inLanguage\":\"pt-BR\",\"@id\":\"https:\/\/jornalpontomais.com\/site\/2024\/05\/08\/acne-aumenta-o-risco-de-depressao-alerta-medico\/#primaryimage\",\"url\":\"https:\/\/jornalpontomais.com\/site\/wp-content\/uploads\/2024\/05\/acne-grau-4.webp\",\"contentUrl\":\"https:\/\/jornalpontomais.com\/site\/wp-content\/uploads\/2024\/05\/acne-grau-4.webp\",\"width\":1280,\"height\":960},{\"@type\":\"BreadcrumbList\",\"@id\":\"https:\/\/jornalpontomais.com\/site\/2024\/05\/08\/acne-aumenta-o-risco-de-depressao-alerta-medico\/#breadcrumb\",\"itemListElement\":[{\"@type\":\"ListItem\",\"position\":1,\"name\":\"In\u00edcio\",\"item\":\"https:\/\/jornalpontomais.com\/site\/\"},{\"@type\":\"ListItem\",\"position\":2,\"name\":\"Acne aumenta o risco de depress\u00e3o, alerta m\u00e9dico\"}]},{\"@type\":\"WebSite\",\"@id\":\"https:\/\/jornalpontomais.com\/site\/#website\",\"url\":\"https:\/\/jornalpontomais.com\/site\/\",\"name\":\"Jornal Ponto Mais\",\"description\":\"As principais not\u00edcias do Brasil e do mundo. Confira!\",\"publisher\":{\"@id\":\"https:\/\/jornalpontomais.com\/site\/#organization\"},\"potentialAction\":[{\"@type\":\"SearchAction\",\"target\":{\"@type\":\"EntryPoint\",\"urlTemplate\":\"https:\/\/jornalpontomais.com\/site\/?s={search_term_string}\"},\"query-input\":{\"@type\":\"PropertyValueSpecification\",\"valueRequired\":true,\"valueName\":\"search_term_string\"}}],\"inLanguage\":\"pt-BR\"},{\"@type\":\"Organization\",\"@id\":\"https:\/\/jornalpontomais.com\/site\/#organization\",\"name\":\"Jornal Ponto+\",\"url\":\"https:\/\/jornalpontomais.com\/site\/\",\"logo\":{\"@type\":\"ImageObject\",\"inLanguage\":\"pt-BR\",\"@id\":\"https:\/\/jornalpontomais.com\/site\/#\/schema\/logo\/image\/\",\"url\":\"https:\/\/jornalpontomais.com\/site\/wp-content\/uploads\/2022\/01\/marca.png\",\"contentUrl\":\"https:\/\/jornalpontomais.com\/site\/wp-content\/uploads\/2022\/01\/marca.png\",\"width\":582,\"height\":148,\"caption\":\"Jornal Ponto+\"},\"image\":{\"@id\":\"https:\/\/jornalpontomais.com\/site\/#\/schema\/logo\/image\/\"}},{\"@type\":\"Person\",\"@id\":\"https:\/\/jornalpontomais.com\/site\/#\/schema\/person\/18323f0b0f1355f2490721c48389fe9d\",\"name\":\"Jornal Ponto Mais\",\"image\":{\"@type\":\"ImageObject\",\"inLanguage\":\"pt-BR\",\"@id\":\"https:\/\/secure.gravatar.com\/avatar\/2ee0a9b7fe10fe32bdec8bc086e871e41eb5f4f6ecbcb7b4f2fe0d92d831405f?s=96&d=mm&r=g\",\"url\":\"https:\/\/secure.gravatar.com\/avatar\/2ee0a9b7fe10fe32bdec8bc086e871e41eb5f4f6ecbcb7b4f2fe0d92d831405f?s=96&d=mm&r=g\",\"contentUrl\":\"https:\/\/secure.gravatar.com\/avatar\/2ee0a9b7fe10fe32bdec8bc086e871e41eb5f4f6ecbcb7b4f2fe0d92d831405f?s=96&d=mm&r=g\",\"caption\":\"Jornal Ponto Mais\"},\"sameAs\":[\"https:\/\/jornalpontomais.com\/site\",\"jornalpontomais\"],\"url\":\"https:\/\/jornalpontomais.com\/site\/author\/jornalpontomais\/\"}]}<\/script>\n<!-- \/ Yoast SEO plugin. -->","yoast_head_json":{"title":"Acne aumenta o risco de depress\u00e3o, alerta m\u00e9dico - Jornal Ponto Mais","robots":{"index":"index","follow":"follow","max-snippet":"max-snippet:-1","max-image-preview":"max-image-preview:large","max-video-preview":"max-video-preview:-1"},"canonical":"https:\/\/jornalpontomais.com\/site\/2024\/05\/08\/acne-aumenta-o-risco-de-depressao-alerta-medico\/","og_locale":"pt_BR","og_type":"article","og_title":"Acne aumenta o risco de depress\u00e3o, alerta m\u00e9dico - Jornal Ponto Mais","og_description":"A acne pode ser uma condi\u00e7\u00e3o persistente e desafiadora de lidar, causando impactos significativos na sa\u00fade mental e na autoestima. O Dr. Danilo S. Talarico, professor do Instituto Lapidare e da Faculdade Primum de Dermatologia, Tricologia, Transplante Capilar e Medicina Est\u00e9tica, descreve a acne como uma doen\u00e7a inflamat\u00f3ria e infecciosa da pele que n\u00e3o s\u00f3 [&hellip;]","og_url":"https:\/\/jornalpontomais.com\/site\/2024\/05\/08\/acne-aumenta-o-risco-de-depressao-alerta-medico\/","og_site_name":"Jornal Ponto Mais","article_published_time":"2024-05-08T13:41:06+00:00","article_modified_time":"2024-05-08T13:41:07+00:00","og_image":[{"width":1280,"height":960,"url":"https:\/\/jornalpontomais.com\/site\/wp-content\/uploads\/2024\/05\/acne-grau-4.webp","type":"image\/webp"}],"author":"Jornal Ponto Mais","twitter_card":"summary_large_image","twitter_misc":{"Escrito por":"Jornal Ponto Mais","Est. tempo de leitura":"2 minutos"},"schema":{"@context":"https:\/\/schema.org","@graph":[{"@type":"Article","@id":"https:\/\/jornalpontomais.com\/site\/2024\/05\/08\/acne-aumenta-o-risco-de-depressao-alerta-medico\/#article","isPartOf":{"@id":"https:\/\/jornalpontomais.com\/site\/2024\/05\/08\/acne-aumenta-o-risco-de-depressao-alerta-medico\/"},"author":{"name":"Jornal Ponto Mais","@id":"https:\/\/jornalpontomais.com\/site\/#\/schema\/person\/18323f0b0f1355f2490721c48389fe9d"},"headline":"Acne aumenta o risco de depress\u00e3o, alerta m\u00e9dico","datePublished":"2024-05-08T13:41:06+00:00","dateModified":"2024-05-08T13:41:07+00:00","mainEntityOfPage":{"@id":"https:\/\/jornalpontomais.com\/site\/2024\/05\/08\/acne-aumenta-o-risco-de-depressao-alerta-medico\/"},"wordCount":415,"commentCount":0,"publisher":{"@id":"https:\/\/jornalpontomais.com\/site\/#organization"},"image":{"@id":"https:\/\/jornalpontomais.com\/site\/2024\/05\/08\/acne-aumenta-o-risco-de-depressao-alerta-medico\/#primaryimage"},"thumbnailUrl":"https:\/\/jornalpontomais.com\/site\/wp-content\/uploads\/2024\/05\/acne-grau-4.webp","articleSection":["Sa\u00fade"],"inLanguage":"pt-BR","potentialAction":[{"@type":"CommentAction","name":"Comment","target":["https:\/\/jornalpontomais.com\/site\/2024\/05\/08\/acne-aumenta-o-risco-de-depressao-alerta-medico\/#respond"]}]},{"@type":"WebPage","@id":"https:\/\/jornalpontomais.com\/site\/2024\/05\/08\/acne-aumenta-o-risco-de-depressao-alerta-medico\/","url":"https:\/\/jornalpontomais.com\/site\/2024\/05\/08\/acne-aumenta-o-risco-de-depressao-alerta-medico\/","name":"Acne aumenta o risco de depress\u00e3o, alerta m\u00e9dico - Jornal Ponto Mais","isPartOf":{"@id":"https:\/\/jornalpontomais.com\/site\/#website"},"primaryImageOfPage":{"@id":"https:\/\/jornalpontomais.com\/site\/2024\/05\/08\/acne-aumenta-o-risco-de-depressao-alerta-medico\/#primaryimage"},"image":{"@id":"https:\/\/jornalpontomais.com\/site\/2024\/05\/08\/acne-aumenta-o-risco-de-depressao-alerta-medico\/#primaryimage"},"thumbnailUrl":"https:\/\/jornalpontomais.com\/site\/wp-content\/uploads\/2024\/05\/acne-grau-4.webp","datePublished":"2024-05-08T13:41:06+00:00","dateModified":"2024-05-08T13:41:07+00:00","breadcrumb":{"@id":"https:\/\/jornalpontomais.com\/site\/2024\/05\/08\/acne-aumenta-o-risco-de-depressao-alerta-medico\/#breadcrumb"},"inLanguage":"pt-BR","potentialAction":[{"@type":"ReadAction","target":["https:\/\/jornalpontomais.com\/site\/2024\/05\/08\/acne-aumenta-o-risco-de-depressao-alerta-medico\/"]}]},{"@type":"ImageObject","inLanguage":"pt-BR","@id":"https:\/\/jornalpontomais.com\/site\/2024\/05\/08\/acne-aumenta-o-risco-de-depressao-alerta-medico\/#primaryimage","url":"https:\/\/jornalpontomais.com\/site\/wp-content\/uploads\/2024\/05\/acne-grau-4.webp","contentUrl":"https:\/\/jornalpontomais.com\/site\/wp-content\/uploads\/2024\/05\/acne-grau-4.webp","width":1280,"height":960},{"@type":"BreadcrumbList","@id":"https:\/\/jornalpontomais.com\/site\/2024\/05\/08\/acne-aumenta-o-risco-de-depressao-alerta-medico\/#breadcrumb","itemListElement":[{"@type":"ListItem","position":1,"name":"In\u00edcio","item":"https:\/\/jornalpontomais.com\/site\/"},{"@type":"ListItem","position":2,"name":"Acne aumenta o risco de depress\u00e3o, alerta m\u00e9dico"}]},{"@type":"WebSite","@id":"https:\/\/jornalpontomais.com\/site\/#website","url":"https:\/\/jornalpontomais.com\/site\/","name":"Jornal Ponto Mais","description":"As principais not\u00edcias do Brasil e do mundo. Confira!","publisher":{"@id":"https:\/\/jornalpontomais.com\/site\/#organization"},"potentialAction":[{"@type":"SearchAction","target":{"@type":"EntryPoint","urlTemplate":"https:\/\/jornalpontomais.com\/site\/?s={search_term_string}"},"query-input":{"@type":"PropertyValueSpecification","valueRequired":true,"valueName":"search_term_string"}}],"inLanguage":"pt-BR"},{"@type":"Organization","@id":"https:\/\/jornalpontomais.com\/site\/#organization","name":"Jornal Ponto+","url":"https:\/\/jornalpontomais.com\/site\/","logo":{"@type":"ImageObject","inLanguage":"pt-BR","@id":"https:\/\/jornalpontomais.com\/site\/#\/schema\/logo\/image\/","url":"https:\/\/jornalpontomais.com\/site\/wp-content\/uploads\/2022\/01\/marca.png","contentUrl":"https:\/\/jornalpontomais.com\/site\/wp-content\/uploads\/2022\/01\/marca.png","width":582,"height":148,"caption":"Jornal Ponto+"},"image":{"@id":"https:\/\/jornalpontomais.com\/site\/#\/schema\/logo\/image\/"}},{"@type":"Person","@id":"https:\/\/jornalpontomais.com\/site\/#\/schema\/person\/18323f0b0f1355f2490721c48389fe9d","name":"Jornal Ponto Mais","image":{"@type":"ImageObject","inLanguage":"pt-BR","@id":"https:\/\/secure.gravatar.com\/avatar\/2ee0a9b7fe10fe32bdec8bc086e871e41eb5f4f6ecbcb7b4f2fe0d92d831405f?s=96&d=mm&r=g","url":"https:\/\/secure.gravatar.com\/avatar\/2ee0a9b7fe10fe32bdec8bc086e871e41eb5f4f6ecbcb7b4f2fe0d92d831405f?s=96&d=mm&r=g","contentUrl":"https:\/\/secure.gravatar.com\/avatar\/2ee0a9b7fe10fe32bdec8bc086e871e41eb5f4f6ecbcb7b4f2fe0d92d831405f?s=96&d=mm&r=g","caption":"Jornal Ponto Mais"},"sameAs":["https:\/\/jornalpontomais.com\/site","jornalpontomais"],"url":"https:\/\/jornalpontomais.com\/site\/author\/jornalpontomais\/"}]}},"_links":{"self":[{"href":"https:\/\/jornalpontomais.com\/site\/wp-json\/wp\/v2\/posts\/13082","targetHints":{"allow":["GET"]}}],"collection":[{"href":"https:\/\/jornalpontomais.com\/site\/wp-json\/wp\/v2\/posts"}],"about":[{"href":"https:\/\/jornalpontomais.com\/site\/wp-json\/wp\/v2\/types\/post"}],"author":[{"embeddable":true,"href":"https:\/\/jornalpontomais.com\/site\/wp-json\/wp\/v2\/users\/2"}],"replies":[{"embeddable":true,"href":"https:\/\/jornalpontomais.com\/site\/wp-json\/wp\/v2\/comments?post=13082"}],"version-history":[{"count":1,"href":"https:\/\/jornalpontomais.com\/site\/wp-json\/wp\/v2\/posts\/13082\/revisions"}],"predecessor-version":[{"id":13083,"href":"https:\/\/jornalpontomais.com\/site\/wp-json\/wp\/v2\/posts\/13082\/revisions\/13083"}],"wp:featuredmedia":[{"embeddable":true,"href":"https:\/\/jornalpontomais.com\/site\/wp-json\/wp\/v2\/media\/13084"}],"wp:attachment":[{"href":"https:\/\/jornalpontomais.com\/site\/wp-json\/wp\/v2\/media?parent=13082"}],"wp:term":[{"taxonomy":"category","embeddable":true,"href":"https:\/\/jornalpontomais.com\/site\/wp-json\/wp\/v2\/categories?post=13082"},{"taxonomy":"post_tag","embeddable":true,"href":"https:\/\/jornalpontomais.com\/site\/wp-json\/wp\/v2\/tags?post=13082"}],"curies":[{"name":"wp","href":"https:\/\/api.w.org\/{rel}","templated":true}]}}