{"id":13008,"date":"2024-05-03T10:25:46","date_gmt":"2024-05-03T13:25:46","guid":{"rendered":"https:\/\/jornalpontomais.com\/site\/?p=13008"},"modified":"2024-05-03T10:25:47","modified_gmt":"2024-05-03T13:25:47","slug":"perda-auditiva-e-mais-comum-em-areas-rurais-do-que-urbanas","status":"publish","type":"post","link":"https:\/\/jornalpontomais.com\/site\/2024\/05\/03\/perda-auditiva-e-mais-comum-em-areas-rurais-do-que-urbanas\/","title":{"rendered":"Perda auditiva \u00e9 mais comum em \u00e1reas rurais do que urbanas"},"content":{"rendered":"\n<p>Um estudo conduzido na Universidade de Chicago, nos Estados Unidos, procurou mapear a preval\u00eancia da perda auditiva no pa\u00eds, revelando que os residentes de \u00e1reas rurais apresentam taxas mais elevadas de perda auditiva em ambos os ouvidos em compara\u00e7\u00e3o com os habitantes das cidades.<br><br><\/p>\n\n\n\n<p>Os resultados indicaram que os homens t\u00eam uma probabilidade maior de sofrer perda auditiva do que as mulheres, com as taxas mais altas observadas entre pessoas brancas e idosos com 65 anos ou mais.<br><br><\/p>\n\n\n\n<p>Utilizando dados nacionais sobre a audi\u00e7\u00e3o dos americanos, o estudo estimou a perda auditiva em n\u00edvel estadual e municipal. Descobriu-se que quase 38 milh\u00f5es de norte-americanos (mais de um em cada nove) sofrem de alguma forma de perda auditiva bilateral, ou seja, em ambos os ouvidos.<br><br><\/p>\n\n\n\n<p>Os resultados revelaram que a perda auditiva come\u00e7a a aumentar significativamente a partir dos 35 anos, e a taxa de perda auditiva aumenta para pouco menos de uma em cada sete pessoas com 35 anos ou mais, e para aproximadamente uma em cada vez e meia para pessoas com 75 anos ou mais.<br><br><\/p>\n\n\n\n<p>Os pesquisadores especulam que as pessoas que residem em \u00e1reas rurais podem estar em maior risco de perda auditiva devido \u00e0 exposi\u00e7\u00e3o ao ru\u00eddo proveniente do trabalho ao ar livre com maquinaria pesada. Al\u00e9m disso, essas pessoas se envolvem em atividades recreativas que podem prejudicar a audi\u00e7\u00e3o, como andar em ve\u00edculos todo-o-terreno barulhentos e disparar armas de fogo.<br><br><\/p>\n\n\n\n<p>Outra poss\u00edvel explica\u00e7\u00e3o para essa perda auditiva em \u00e1reas rurais \u00e9 que os moradores t\u00eam menos probabilidade de ter acesso f\u00e1cil a especialistas em audi\u00e7\u00e3o.<br><br><\/p>\n\n\n\n<p>Em adultos mais velhos, a perda auditiva est\u00e1 associada a um maior risco de dem\u00eancia, depress\u00e3o, quedas, ataque card\u00edaco e morte prematura. Embora o problema seja permanente e n\u00e3o possa ser revertido, a perda auditiva relacionada \u00e0 exposi\u00e7\u00e3o ao ru\u00eddo pode ser prevenida, evitando-se ru\u00eddos altos ou utilizando prote\u00e7\u00e3o auditiva adequada em cada situa\u00e7\u00e3o.<\/p>\n","protected":false},"excerpt":{"rendered":"<p>Um estudo conduzido na Universidade de Chicago, nos Estados Unidos, procurou mapear a preval\u00eancia da perda auditiva no pa\u00eds, revelando que os residentes de \u00e1reas rurais apresentam taxas mais elevadas de perda auditiva em ambos os ouvidos em compara\u00e7\u00e3o com os habitantes das cidades. Os resultados indicaram que os homens t\u00eam uma probabilidade maior de [&hellip;]<\/p>\n","protected":false},"author":2,"featured_media":13009,"comment_status":"open","ping_status":"open","sticky":true,"template":"","format":"standard","meta":{"om_disable_all_campaigns":false,"_monsterinsights_skip_tracking":false,"_monsterinsights_sitenote_active":false,"_monsterinsights_sitenote_note":"","_monsterinsights_sitenote_category":0,"footnotes":""},"categories":[3],"tags":[],"class_list":["post-13008","post","type-post","status-publish","format-standard","has-post-thumbnail","hentry","category-saude"],"yoast_head":"<!-- This site is optimized with the Yoast SEO plugin v27.2 - https:\/\/yoast.com\/product\/yoast-seo-wordpress\/ -->\n<title>Perda auditiva \u00e9 mais comum em \u00e1reas rurais do que urbanas - Jornal Ponto Mais<\/title>\n<meta name=\"robots\" content=\"index, follow, max-snippet:-1, max-image-preview:large, max-video-preview:-1\" \/>\n<link rel=\"canonical\" href=\"https:\/\/jornalpontomais.com\/site\/2024\/05\/03\/perda-auditiva-e-mais-comum-em-areas-rurais-do-que-urbanas\/\" \/>\n<meta property=\"og:locale\" content=\"pt_BR\" \/>\n<meta property=\"og:type\" content=\"article\" \/>\n<meta property=\"og:title\" content=\"Perda auditiva \u00e9 mais comum em \u00e1reas rurais do que urbanas - Jornal Ponto Mais\" \/>\n<meta property=\"og:description\" content=\"Um estudo conduzido na Universidade de Chicago, nos Estados Unidos, procurou mapear a preval\u00eancia da perda auditiva no pa\u00eds, revelando que os residentes de \u00e1reas rurais apresentam taxas mais elevadas de perda auditiva em ambos os ouvidos em compara\u00e7\u00e3o com os habitantes das cidades. Os resultados indicaram que os homens t\u00eam uma probabilidade maior de [&hellip;]\" \/>\n<meta property=\"og:url\" content=\"https:\/\/jornalpontomais.com\/site\/2024\/05\/03\/perda-auditiva-e-mais-comum-em-areas-rurais-do-que-urbanas\/\" \/>\n<meta property=\"og:site_name\" content=\"Jornal Ponto Mais\" \/>\n<meta property=\"article:published_time\" content=\"2024-05-03T13:25:46+00:00\" \/>\n<meta property=\"article:modified_time\" content=\"2024-05-03T13:25:47+00:00\" \/>\n<meta property=\"og:image\" content=\"https:\/\/jornalpontomais.com\/site\/wp-content\/uploads\/2024\/05\/causas-perda-auditiva-doencas-surdez-otorrinos-curitiba.png\" \/>\n\t<meta property=\"og:image:width\" content=\"700\" \/>\n\t<meta property=\"og:image:height\" content=\"412\" \/>\n\t<meta property=\"og:image:type\" content=\"image\/png\" \/>\n<meta name=\"author\" content=\"Jornal Ponto Mais\" \/>\n<meta name=\"twitter:card\" content=\"summary_large_image\" \/>\n<meta name=\"twitter:label1\" content=\"Escrito por\" \/>\n\t<meta name=\"twitter:data1\" content=\"Jornal Ponto Mais\" \/>\n\t<meta name=\"twitter:label2\" content=\"Est. tempo de leitura\" \/>\n\t<meta name=\"twitter:data2\" content=\"2 minutos\" \/>\n<script type=\"application\/ld+json\" class=\"yoast-schema-graph\">{\"@context\":\"https:\/\/schema.org\",\"@graph\":[{\"@type\":\"Article\",\"@id\":\"https:\/\/jornalpontomais.com\/site\/2024\/05\/03\/perda-auditiva-e-mais-comum-em-areas-rurais-do-que-urbanas\/#article\",\"isPartOf\":{\"@id\":\"https:\/\/jornalpontomais.com\/site\/2024\/05\/03\/perda-auditiva-e-mais-comum-em-areas-rurais-do-que-urbanas\/\"},\"author\":{\"name\":\"Jornal Ponto Mais\",\"@id\":\"https:\/\/jornalpontomais.com\/site\/#\/schema\/person\/18323f0b0f1355f2490721c48389fe9d\"},\"headline\":\"Perda auditiva \u00e9 mais comum em \u00e1reas rurais do que urbanas\",\"datePublished\":\"2024-05-03T13:25:46+00:00\",\"dateModified\":\"2024-05-03T13:25:47+00:00\",\"mainEntityOfPage\":{\"@id\":\"https:\/\/jornalpontomais.com\/site\/2024\/05\/03\/perda-auditiva-e-mais-comum-em-areas-rurais-do-que-urbanas\/\"},\"wordCount\":343,\"commentCount\":0,\"publisher\":{\"@id\":\"https:\/\/jornalpontomais.com\/site\/#organization\"},\"image\":{\"@id\":\"https:\/\/jornalpontomais.com\/site\/2024\/05\/03\/perda-auditiva-e-mais-comum-em-areas-rurais-do-que-urbanas\/#primaryimage\"},\"thumbnailUrl\":\"https:\/\/jornalpontomais.com\/site\/wp-content\/uploads\/2024\/05\/causas-perda-auditiva-doencas-surdez-otorrinos-curitiba.png\",\"articleSection\":[\"Sa\u00fade\"],\"inLanguage\":\"pt-BR\",\"potentialAction\":[{\"@type\":\"CommentAction\",\"name\":\"Comment\",\"target\":[\"https:\/\/jornalpontomais.com\/site\/2024\/05\/03\/perda-auditiva-e-mais-comum-em-areas-rurais-do-que-urbanas\/#respond\"]}]},{\"@type\":\"WebPage\",\"@id\":\"https:\/\/jornalpontomais.com\/site\/2024\/05\/03\/perda-auditiva-e-mais-comum-em-areas-rurais-do-que-urbanas\/\",\"url\":\"https:\/\/jornalpontomais.com\/site\/2024\/05\/03\/perda-auditiva-e-mais-comum-em-areas-rurais-do-que-urbanas\/\",\"name\":\"Perda auditiva \u00e9 mais comum em \u00e1reas rurais do que urbanas - Jornal Ponto Mais\",\"isPartOf\":{\"@id\":\"https:\/\/jornalpontomais.com\/site\/#website\"},\"primaryImageOfPage\":{\"@id\":\"https:\/\/jornalpontomais.com\/site\/2024\/05\/03\/perda-auditiva-e-mais-comum-em-areas-rurais-do-que-urbanas\/#primaryimage\"},\"image\":{\"@id\":\"https:\/\/jornalpontomais.com\/site\/2024\/05\/03\/perda-auditiva-e-mais-comum-em-areas-rurais-do-que-urbanas\/#primaryimage\"},\"thumbnailUrl\":\"https:\/\/jornalpontomais.com\/site\/wp-content\/uploads\/2024\/05\/causas-perda-auditiva-doencas-surdez-otorrinos-curitiba.png\",\"datePublished\":\"2024-05-03T13:25:46+00:00\",\"dateModified\":\"2024-05-03T13:25:47+00:00\",\"breadcrumb\":{\"@id\":\"https:\/\/jornalpontomais.com\/site\/2024\/05\/03\/perda-auditiva-e-mais-comum-em-areas-rurais-do-que-urbanas\/#breadcrumb\"},\"inLanguage\":\"pt-BR\",\"potentialAction\":[{\"@type\":\"ReadAction\",\"target\":[\"https:\/\/jornalpontomais.com\/site\/2024\/05\/03\/perda-auditiva-e-mais-comum-em-areas-rurais-do-que-urbanas\/\"]}]},{\"@type\":\"ImageObject\",\"inLanguage\":\"pt-BR\",\"@id\":\"https:\/\/jornalpontomais.com\/site\/2024\/05\/03\/perda-auditiva-e-mais-comum-em-areas-rurais-do-que-urbanas\/#primaryimage\",\"url\":\"https:\/\/jornalpontomais.com\/site\/wp-content\/uploads\/2024\/05\/causas-perda-auditiva-doencas-surdez-otorrinos-curitiba.png\",\"contentUrl\":\"https:\/\/jornalpontomais.com\/site\/wp-content\/uploads\/2024\/05\/causas-perda-auditiva-doencas-surdez-otorrinos-curitiba.png\",\"width\":700,\"height\":412},{\"@type\":\"BreadcrumbList\",\"@id\":\"https:\/\/jornalpontomais.com\/site\/2024\/05\/03\/perda-auditiva-e-mais-comum-em-areas-rurais-do-que-urbanas\/#breadcrumb\",\"itemListElement\":[{\"@type\":\"ListItem\",\"position\":1,\"name\":\"In\u00edcio\",\"item\":\"https:\/\/jornalpontomais.com\/site\/\"},{\"@type\":\"ListItem\",\"position\":2,\"name\":\"Perda auditiva \u00e9 mais comum em \u00e1reas rurais do que urbanas\"}]},{\"@type\":\"WebSite\",\"@id\":\"https:\/\/jornalpontomais.com\/site\/#website\",\"url\":\"https:\/\/jornalpontomais.com\/site\/\",\"name\":\"Jornal Ponto Mais\",\"description\":\"As principais not\u00edcias do Brasil e do mundo. Confira!\",\"publisher\":{\"@id\":\"https:\/\/jornalpontomais.com\/site\/#organization\"},\"potentialAction\":[{\"@type\":\"SearchAction\",\"target\":{\"@type\":\"EntryPoint\",\"urlTemplate\":\"https:\/\/jornalpontomais.com\/site\/?s={search_term_string}\"},\"query-input\":{\"@type\":\"PropertyValueSpecification\",\"valueRequired\":true,\"valueName\":\"search_term_string\"}}],\"inLanguage\":\"pt-BR\"},{\"@type\":\"Organization\",\"@id\":\"https:\/\/jornalpontomais.com\/site\/#organization\",\"name\":\"Jornal Ponto+\",\"url\":\"https:\/\/jornalpontomais.com\/site\/\",\"logo\":{\"@type\":\"ImageObject\",\"inLanguage\":\"pt-BR\",\"@id\":\"https:\/\/jornalpontomais.com\/site\/#\/schema\/logo\/image\/\",\"url\":\"https:\/\/jornalpontomais.com\/site\/wp-content\/uploads\/2022\/01\/marca.png\",\"contentUrl\":\"https:\/\/jornalpontomais.com\/site\/wp-content\/uploads\/2022\/01\/marca.png\",\"width\":582,\"height\":148,\"caption\":\"Jornal Ponto+\"},\"image\":{\"@id\":\"https:\/\/jornalpontomais.com\/site\/#\/schema\/logo\/image\/\"}},{\"@type\":\"Person\",\"@id\":\"https:\/\/jornalpontomais.com\/site\/#\/schema\/person\/18323f0b0f1355f2490721c48389fe9d\",\"name\":\"Jornal Ponto Mais\",\"image\":{\"@type\":\"ImageObject\",\"inLanguage\":\"pt-BR\",\"@id\":\"https:\/\/secure.gravatar.com\/avatar\/2ee0a9b7fe10fe32bdec8bc086e871e41eb5f4f6ecbcb7b4f2fe0d92d831405f?s=96&d=mm&r=g\",\"url\":\"https:\/\/secure.gravatar.com\/avatar\/2ee0a9b7fe10fe32bdec8bc086e871e41eb5f4f6ecbcb7b4f2fe0d92d831405f?s=96&d=mm&r=g\",\"contentUrl\":\"https:\/\/secure.gravatar.com\/avatar\/2ee0a9b7fe10fe32bdec8bc086e871e41eb5f4f6ecbcb7b4f2fe0d92d831405f?s=96&d=mm&r=g\",\"caption\":\"Jornal Ponto Mais\"},\"sameAs\":[\"https:\/\/jornalpontomais.com\/site\",\"jornalpontomais\"],\"url\":\"https:\/\/jornalpontomais.com\/site\/author\/jornalpontomais\/\"}]}<\/script>\n<!-- \/ Yoast SEO plugin. -->","yoast_head_json":{"title":"Perda auditiva \u00e9 mais comum em \u00e1reas rurais do que urbanas - Jornal Ponto Mais","robots":{"index":"index","follow":"follow","max-snippet":"max-snippet:-1","max-image-preview":"max-image-preview:large","max-video-preview":"max-video-preview:-1"},"canonical":"https:\/\/jornalpontomais.com\/site\/2024\/05\/03\/perda-auditiva-e-mais-comum-em-areas-rurais-do-que-urbanas\/","og_locale":"pt_BR","og_type":"article","og_title":"Perda auditiva \u00e9 mais comum em \u00e1reas rurais do que urbanas - Jornal Ponto Mais","og_description":"Um estudo conduzido na Universidade de Chicago, nos Estados Unidos, procurou mapear a preval\u00eancia da perda auditiva no pa\u00eds, revelando que os residentes de \u00e1reas rurais apresentam taxas mais elevadas de perda auditiva em ambos os ouvidos em compara\u00e7\u00e3o com os habitantes das cidades. Os resultados indicaram que os homens t\u00eam uma probabilidade maior de [&hellip;]","og_url":"https:\/\/jornalpontomais.com\/site\/2024\/05\/03\/perda-auditiva-e-mais-comum-em-areas-rurais-do-que-urbanas\/","og_site_name":"Jornal Ponto Mais","article_published_time":"2024-05-03T13:25:46+00:00","article_modified_time":"2024-05-03T13:25:47+00:00","og_image":[{"width":700,"height":412,"url":"https:\/\/jornalpontomais.com\/site\/wp-content\/uploads\/2024\/05\/causas-perda-auditiva-doencas-surdez-otorrinos-curitiba.png","type":"image\/png"}],"author":"Jornal Ponto Mais","twitter_card":"summary_large_image","twitter_misc":{"Escrito por":"Jornal Ponto Mais","Est. tempo de leitura":"2 minutos"},"schema":{"@context":"https:\/\/schema.org","@graph":[{"@type":"Article","@id":"https:\/\/jornalpontomais.com\/site\/2024\/05\/03\/perda-auditiva-e-mais-comum-em-areas-rurais-do-que-urbanas\/#article","isPartOf":{"@id":"https:\/\/jornalpontomais.com\/site\/2024\/05\/03\/perda-auditiva-e-mais-comum-em-areas-rurais-do-que-urbanas\/"},"author":{"name":"Jornal Ponto Mais","@id":"https:\/\/jornalpontomais.com\/site\/#\/schema\/person\/18323f0b0f1355f2490721c48389fe9d"},"headline":"Perda auditiva \u00e9 mais comum em \u00e1reas rurais do que urbanas","datePublished":"2024-05-03T13:25:46+00:00","dateModified":"2024-05-03T13:25:47+00:00","mainEntityOfPage":{"@id":"https:\/\/jornalpontomais.com\/site\/2024\/05\/03\/perda-auditiva-e-mais-comum-em-areas-rurais-do-que-urbanas\/"},"wordCount":343,"commentCount":0,"publisher":{"@id":"https:\/\/jornalpontomais.com\/site\/#organization"},"image":{"@id":"https:\/\/jornalpontomais.com\/site\/2024\/05\/03\/perda-auditiva-e-mais-comum-em-areas-rurais-do-que-urbanas\/#primaryimage"},"thumbnailUrl":"https:\/\/jornalpontomais.com\/site\/wp-content\/uploads\/2024\/05\/causas-perda-auditiva-doencas-surdez-otorrinos-curitiba.png","articleSection":["Sa\u00fade"],"inLanguage":"pt-BR","potentialAction":[{"@type":"CommentAction","name":"Comment","target":["https:\/\/jornalpontomais.com\/site\/2024\/05\/03\/perda-auditiva-e-mais-comum-em-areas-rurais-do-que-urbanas\/#respond"]}]},{"@type":"WebPage","@id":"https:\/\/jornalpontomais.com\/site\/2024\/05\/03\/perda-auditiva-e-mais-comum-em-areas-rurais-do-que-urbanas\/","url":"https:\/\/jornalpontomais.com\/site\/2024\/05\/03\/perda-auditiva-e-mais-comum-em-areas-rurais-do-que-urbanas\/","name":"Perda auditiva \u00e9 mais comum em \u00e1reas rurais do que urbanas - Jornal Ponto Mais","isPartOf":{"@id":"https:\/\/jornalpontomais.com\/site\/#website"},"primaryImageOfPage":{"@id":"https:\/\/jornalpontomais.com\/site\/2024\/05\/03\/perda-auditiva-e-mais-comum-em-areas-rurais-do-que-urbanas\/#primaryimage"},"image":{"@id":"https:\/\/jornalpontomais.com\/site\/2024\/05\/03\/perda-auditiva-e-mais-comum-em-areas-rurais-do-que-urbanas\/#primaryimage"},"thumbnailUrl":"https:\/\/jornalpontomais.com\/site\/wp-content\/uploads\/2024\/05\/causas-perda-auditiva-doencas-surdez-otorrinos-curitiba.png","datePublished":"2024-05-03T13:25:46+00:00","dateModified":"2024-05-03T13:25:47+00:00","breadcrumb":{"@id":"https:\/\/jornalpontomais.com\/site\/2024\/05\/03\/perda-auditiva-e-mais-comum-em-areas-rurais-do-que-urbanas\/#breadcrumb"},"inLanguage":"pt-BR","potentialAction":[{"@type":"ReadAction","target":["https:\/\/jornalpontomais.com\/site\/2024\/05\/03\/perda-auditiva-e-mais-comum-em-areas-rurais-do-que-urbanas\/"]}]},{"@type":"ImageObject","inLanguage":"pt-BR","@id":"https:\/\/jornalpontomais.com\/site\/2024\/05\/03\/perda-auditiva-e-mais-comum-em-areas-rurais-do-que-urbanas\/#primaryimage","url":"https:\/\/jornalpontomais.com\/site\/wp-content\/uploads\/2024\/05\/causas-perda-auditiva-doencas-surdez-otorrinos-curitiba.png","contentUrl":"https:\/\/jornalpontomais.com\/site\/wp-content\/uploads\/2024\/05\/causas-perda-auditiva-doencas-surdez-otorrinos-curitiba.png","width":700,"height":412},{"@type":"BreadcrumbList","@id":"https:\/\/jornalpontomais.com\/site\/2024\/05\/03\/perda-auditiva-e-mais-comum-em-areas-rurais-do-que-urbanas\/#breadcrumb","itemListElement":[{"@type":"ListItem","position":1,"name":"In\u00edcio","item":"https:\/\/jornalpontomais.com\/site\/"},{"@type":"ListItem","position":2,"name":"Perda auditiva \u00e9 mais comum em \u00e1reas rurais do que urbanas"}]},{"@type":"WebSite","@id":"https:\/\/jornalpontomais.com\/site\/#website","url":"https:\/\/jornalpontomais.com\/site\/","name":"Jornal Ponto Mais","description":"As principais not\u00edcias do Brasil e do mundo. Confira!","publisher":{"@id":"https:\/\/jornalpontomais.com\/site\/#organization"},"potentialAction":[{"@type":"SearchAction","target":{"@type":"EntryPoint","urlTemplate":"https:\/\/jornalpontomais.com\/site\/?s={search_term_string}"},"query-input":{"@type":"PropertyValueSpecification","valueRequired":true,"valueName":"search_term_string"}}],"inLanguage":"pt-BR"},{"@type":"Organization","@id":"https:\/\/jornalpontomais.com\/site\/#organization","name":"Jornal Ponto+","url":"https:\/\/jornalpontomais.com\/site\/","logo":{"@type":"ImageObject","inLanguage":"pt-BR","@id":"https:\/\/jornalpontomais.com\/site\/#\/schema\/logo\/image\/","url":"https:\/\/jornalpontomais.com\/site\/wp-content\/uploads\/2022\/01\/marca.png","contentUrl":"https:\/\/jornalpontomais.com\/site\/wp-content\/uploads\/2022\/01\/marca.png","width":582,"height":148,"caption":"Jornal Ponto+"},"image":{"@id":"https:\/\/jornalpontomais.com\/site\/#\/schema\/logo\/image\/"}},{"@type":"Person","@id":"https:\/\/jornalpontomais.com\/site\/#\/schema\/person\/18323f0b0f1355f2490721c48389fe9d","name":"Jornal Ponto Mais","image":{"@type":"ImageObject","inLanguage":"pt-BR","@id":"https:\/\/secure.gravatar.com\/avatar\/2ee0a9b7fe10fe32bdec8bc086e871e41eb5f4f6ecbcb7b4f2fe0d92d831405f?s=96&d=mm&r=g","url":"https:\/\/secure.gravatar.com\/avatar\/2ee0a9b7fe10fe32bdec8bc086e871e41eb5f4f6ecbcb7b4f2fe0d92d831405f?s=96&d=mm&r=g","contentUrl":"https:\/\/secure.gravatar.com\/avatar\/2ee0a9b7fe10fe32bdec8bc086e871e41eb5f4f6ecbcb7b4f2fe0d92d831405f?s=96&d=mm&r=g","caption":"Jornal Ponto Mais"},"sameAs":["https:\/\/jornalpontomais.com\/site","jornalpontomais"],"url":"https:\/\/jornalpontomais.com\/site\/author\/jornalpontomais\/"}]}},"_links":{"self":[{"href":"https:\/\/jornalpontomais.com\/site\/wp-json\/wp\/v2\/posts\/13008","targetHints":{"allow":["GET"]}}],"collection":[{"href":"https:\/\/jornalpontomais.com\/site\/wp-json\/wp\/v2\/posts"}],"about":[{"href":"https:\/\/jornalpontomais.com\/site\/wp-json\/wp\/v2\/types\/post"}],"author":[{"embeddable":true,"href":"https:\/\/jornalpontomais.com\/site\/wp-json\/wp\/v2\/users\/2"}],"replies":[{"embeddable":true,"href":"https:\/\/jornalpontomais.com\/site\/wp-json\/wp\/v2\/comments?post=13008"}],"version-history":[{"count":1,"href":"https:\/\/jornalpontomais.com\/site\/wp-json\/wp\/v2\/posts\/13008\/revisions"}],"predecessor-version":[{"id":13010,"href":"https:\/\/jornalpontomais.com\/site\/wp-json\/wp\/v2\/posts\/13008\/revisions\/13010"}],"wp:featuredmedia":[{"embeddable":true,"href":"https:\/\/jornalpontomais.com\/site\/wp-json\/wp\/v2\/media\/13009"}],"wp:attachment":[{"href":"https:\/\/jornalpontomais.com\/site\/wp-json\/wp\/v2\/media?parent=13008"}],"wp:term":[{"taxonomy":"category","embeddable":true,"href":"https:\/\/jornalpontomais.com\/site\/wp-json\/wp\/v2\/categories?post=13008"},{"taxonomy":"post_tag","embeddable":true,"href":"https:\/\/jornalpontomais.com\/site\/wp-json\/wp\/v2\/tags?post=13008"}],"curies":[{"name":"wp","href":"https:\/\/api.w.org\/{rel}","templated":true}]}}