{"id":12979,"date":"2024-05-02T10:13:23","date_gmt":"2024-05-02T13:13:23","guid":{"rendered":"https:\/\/jornalpontomais.com\/site\/?p=12979"},"modified":"2024-05-02T10:13:24","modified_gmt":"2024-05-02T13:13:24","slug":"fla-conta-com-gol-de-pedro-para-derrotar-amazonas-na-copa-do-brasil","status":"publish","type":"post","link":"https:\/\/jornalpontomais.com\/site\/2024\/05\/02\/fla-conta-com-gol-de-pedro-para-derrotar-amazonas-na-copa-do-brasil\/","title":{"rendered":"Fla conta com gol de Pedro para derrotar Amazonas na Copa do Brasil"},"content":{"rendered":"\n<p>O Flamengo recebeu o Amazonas, no est\u00e1dio do Maracan\u00e3&nbsp;na noite desta quarta-feira (1), e triunfou por 1 a 0 em partida de ida da 3\u00aa fase da Copa do Brasil.<\/p>\n\n\n\n<figure class=\"wp-block-embed is-type-rich is-provider-twitter wp-block-embed-twitter\"><div class=\"wp-block-embed__wrapper\">\n<blockquote class=\"twitter-tweet\" data-width=\"550\" data-dnt=\"true\"><p lang=\"pt\" dir=\"ltr\">FIM DE PAPO NO MARACAN\u00c3! Com gol de Pedro, Flamengo vence o primeiro jogo contra o Amazonas, pela Copa do Brasil. A partida de volta \u00e9 no pr\u00f3ximo dia 22, em Manaus.<a href=\"https:\/\/twitter.com\/hashtag\/VamosFlamengo?src=hash&amp;ref_src=twsrc%5Etfw\">#VamosFlamengo<\/a> <a href=\"https:\/\/twitter.com\/hashtag\/CRF?src=hash&amp;ref_src=twsrc%5Etfw\">#CRF<\/a> <a href=\"https:\/\/t.co\/eQoCP4Lze8\">pic.twitter.com\/eQoCP4Lze8<\/a><\/p>&mdash; Flamengo (@Flamengo) <a href=\"https:\/\/twitter.com\/Flamengo\/status\/1785857620982513802?ref_src=twsrc%5Etfw\">May 2, 2024<\/a><\/blockquote><script async src=\"https:\/\/platform.twitter.com\/widgets.js\" charset=\"utf-8\"><\/script>\n<\/div><\/figure>\n\n\n\n<p>A vit\u00f3ria foi alcan\u00e7ada&nbsp;mesmo com uma fraca atua\u00e7\u00e3o do Rubro-Negro, que ouviu vaias de usa pr\u00f3pria torcida ap\u00f3s o apito final. O \u00fanico gol da partida saiu aos 19 minutos da etapa inicial, quando o atacante Pedro aproveitou cruzamento do lateral uruguaio Mat\u00edas Vi\u00f1a para finalizar de cabe\u00e7a.<br><br><\/p>\n\n\n\n<p><strong>Tim\u00e3o triunfa<\/strong><\/p>\n\n\n\n<p>Outra equipe a partir em vantagem na 3\u00aa fase da Copa do Brasil foi o Corinthians, que, jogando na Arena das Dunas, em Natal, superou&nbsp;o Am\u00e9rica local por 2 a 1. Este resultado deu ao Tim\u00e3o a vantagem de garantir a classifica\u00e7\u00e3o mesmo com um empate no confronto de volta, que ser\u00e1 disputado no dia 21 de maio em Itaquera.<\/p>\n\n\n\n<figure class=\"wp-block-embed is-type-rich is-provider-twitter wp-block-embed-twitter\"><div class=\"wp-block-embed__wrapper\">\n<blockquote class=\"twitter-tweet\" data-width=\"550\" data-dnt=\"true\"><p lang=\"pt\" dir=\"ltr\">FIIIIIIM DE JOGO NA ARENA DAS DUNAS!!!!!! VIT\u00d3RIA DO TIM\u00c3O!!!! \ud83e\udd85\u26ab\u26aa<br><br>Fora de casa, o Corinthians superou o Am\u00e9rica-RN pelo jogo de ida da terceira fase da Copa do Brasil! \ud83d\udcaa\ud83c\udffd<br><br>Am\u00e9rica-RN 1 \ud83c\udd9a 2 Corinthians<br><br>\u26bd Breno Bidon<br>\u26bd Cac\u00e1<a href=\"https:\/\/twitter.com\/hashtag\/VaiCorinthians?src=hash&amp;ref_src=twsrc%5Etfw\">#VaiCorinthians<\/a> <a href=\"https:\/\/t.co\/m9yC6BExdl\">pic.twitter.com\/m9yC6BExdl<\/a><\/p>&mdash; Corinthians (@Corinthians) <a href=\"https:\/\/twitter.com\/Corinthians\/status\/1785836601643500010?ref_src=twsrc%5Etfw\">May 2, 2024<\/a><\/blockquote><script async src=\"https:\/\/platform.twitter.com\/widgets.js\" charset=\"utf-8\"><\/script>\n<\/div><\/figure>\n\n\n\n<p>Empurrado por sua torcida, que lotou o est\u00e1dio, o Am\u00e9rica chegou a abrir o placar&nbsp;com um gol do lateral Marcos Ytalo logo aos 12 minutos do primeiro tempo. Por\u00e9m, ap\u00f3s boa jogada de Wesley, o Corinthians conseguiu igualar o marcador gra\u00e7as ao faro de gol de Breno Bidon aos 29 minutos.<br><br><\/p>\n\n\n\n<p>Com o placar igualado o time da casa passou a se arriscar mais na frente, mas o Tim\u00e3o foi mais competente para alcan\u00e7ar a vit\u00f3ria final gra\u00e7as a gol de cabe\u00e7a do zagueiro Cac\u00e1 j\u00e1 aos 17 minutos da etapa final.<br><br><\/p>\n\n\n\n<p><strong>Tricolor em vantagem<\/strong><\/p>\n\n\n\n<p>Em partida disputada no Est\u00e1dio Estadual Kleber Jos\u00e9 de Andrade, em Cariacica, no Esp\u00edrito Santo, o Fluminense bateu o Sampaio Corr\u00eaa por 2 a 0 gra\u00e7as a gols do volante Lima e do meio-campista colombiano Jhon Arias. Este resultado deixa o Tricolor em situa\u00e7\u00e3o confort\u00e1vel para o confronto de volta, garantindo a classifica\u00e7\u00e3o mesmo em caso de derrota.<\/p>\n\n\n\n<figure class=\"wp-block-embed is-type-rich is-provider-twitter wp-block-embed-twitter\"><div class=\"wp-block-embed__wrapper\">\n<blockquote class=\"twitter-tweet\" data-width=\"550\" data-dnt=\"true\"><p lang=\"pt\" dir=\"ltr\">VEEEEEEENNNNCEEEE O FLUMINEEEENSEEE! <br><br>ARIAS E LIMA MARCAM, O FLU FAZ 2 A 0 NO SAMPAIO CORR\u00caA E SAI NA FRENTE NA TERCEIRA FASE DA COPA DO BRASIL! VAAAMMMOS, TRICOLOR! \ud83c\udded\ud83c\uddfa\ud83c\udded\ud83c\uddfa\ud83c\udded\ud83c\uddfa\ud83c\udded\ud83c\uddfa <a href=\"https:\/\/t.co\/aRjKVoQPWO\">pic.twitter.com\/aRjKVoQPWO<\/a><\/p>&mdash; Fluminense F.C. (@FluminenseFC) <a href=\"https:\/\/twitter.com\/FluminenseFC\/status\/1785776343029875113?ref_src=twsrc%5Etfw\">May 1, 2024<\/a><\/blockquote><script async src=\"https:\/\/platform.twitter.com\/widgets.js\" charset=\"utf-8\"><\/script>\n<\/div><\/figure>\n\n\n\n<p><strong>Outros resultados<\/strong><\/p>\n\n\n\n<p>Brusque 0 x 1 Atl\u00e9tico-GO<br>Souza 1 x 1 Bragantino<br>Ypiranga-RS 2 x 1 Athletico-PR<br>Fortaleza 0 x 0 Vasco<\/p>\n","protected":false},"excerpt":{"rendered":"<p>O Flamengo recebeu o Amazonas, no est\u00e1dio do Maracan\u00e3&nbsp;na noite desta quarta-feira (1), e triunfou por 1 a 0 em partida de ida da 3\u00aa fase da Copa do Brasil. A vit\u00f3ria foi alcan\u00e7ada&nbsp;mesmo com uma fraca atua\u00e7\u00e3o do Rubro-Negro, que ouviu vaias de usa pr\u00f3pria torcida ap\u00f3s o apito final. O \u00fanico gol da [&hellip;]<\/p>\n","protected":false},"author":2,"featured_media":12980,"comment_status":"open","ping_status":"open","sticky":true,"template":"","format":"standard","meta":{"om_disable_all_campaigns":false,"_monsterinsights_skip_tracking":false,"_monsterinsights_sitenote_active":false,"_monsterinsights_sitenote_note":"","_monsterinsights_sitenote_category":0,"footnotes":""},"categories":[4],"tags":[],"class_list":["post-12979","post","type-post","status-publish","format-standard","has-post-thumbnail","hentry","category-esporte"],"yoast_head":"<!-- This site is optimized with the Yoast SEO plugin v27.2 - https:\/\/yoast.com\/product\/yoast-seo-wordpress\/ -->\n<title>Fla conta com gol de Pedro para derrotar Amazonas na Copa do Brasil - Jornal Ponto Mais<\/title>\n<meta name=\"robots\" content=\"index, follow, max-snippet:-1, max-image-preview:large, max-video-preview:-1\" \/>\n<link rel=\"canonical\" href=\"https:\/\/jornalpontomais.com\/site\/2024\/05\/02\/fla-conta-com-gol-de-pedro-para-derrotar-amazonas-na-copa-do-brasil\/\" \/>\n<meta property=\"og:locale\" content=\"pt_BR\" \/>\n<meta property=\"og:type\" content=\"article\" \/>\n<meta property=\"og:title\" content=\"Fla conta com gol de Pedro para derrotar Amazonas na Copa do Brasil - Jornal Ponto Mais\" \/>\n<meta property=\"og:description\" content=\"O Flamengo recebeu o Amazonas, no est\u00e1dio do Maracan\u00e3&nbsp;na noite desta quarta-feira (1), e triunfou por 1 a 0 em partida de ida da 3\u00aa fase da Copa do Brasil. A vit\u00f3ria foi alcan\u00e7ada&nbsp;mesmo com uma fraca atua\u00e7\u00e3o do Rubro-Negro, que ouviu vaias de usa pr\u00f3pria torcida ap\u00f3s o apito final. O \u00fanico gol da [&hellip;]\" \/>\n<meta property=\"og:url\" content=\"https:\/\/jornalpontomais.com\/site\/2024\/05\/02\/fla-conta-com-gol-de-pedro-para-derrotar-amazonas-na-copa-do-brasil\/\" \/>\n<meta property=\"og:site_name\" content=\"Jornal Ponto Mais\" \/>\n<meta property=\"article:published_time\" content=\"2024-05-02T13:13:23+00:00\" \/>\n<meta property=\"article:modified_time\" content=\"2024-05-02T13:13:24+00:00\" \/>\n<meta property=\"og:image\" content=\"https:\/\/jornalpontomais.com\/site\/wp-content\/uploads\/2024\/05\/download.webp\" \/>\n\t<meta property=\"og:image:width\" content=\"1170\" \/>\n\t<meta property=\"og:image:height\" content=\"700\" \/>\n\t<meta property=\"og:image:type\" content=\"image\/webp\" \/>\n<meta name=\"author\" content=\"Jornal Ponto Mais\" \/>\n<meta name=\"twitter:card\" content=\"summary_large_image\" \/>\n<meta name=\"twitter:label1\" content=\"Escrito por\" \/>\n\t<meta name=\"twitter:data1\" content=\"Jornal Ponto Mais\" \/>\n\t<meta name=\"twitter:label2\" content=\"Est. tempo de leitura\" \/>\n\t<meta name=\"twitter:data2\" content=\"2 minutos\" \/>\n<script type=\"application\/ld+json\" class=\"yoast-schema-graph\">{\"@context\":\"https:\/\/schema.org\",\"@graph\":[{\"@type\":\"Article\",\"@id\":\"https:\/\/jornalpontomais.com\/site\/2024\/05\/02\/fla-conta-com-gol-de-pedro-para-derrotar-amazonas-na-copa-do-brasil\/#article\",\"isPartOf\":{\"@id\":\"https:\/\/jornalpontomais.com\/site\/2024\/05\/02\/fla-conta-com-gol-de-pedro-para-derrotar-amazonas-na-copa-do-brasil\/\"},\"author\":{\"name\":\"Jornal Ponto Mais\",\"@id\":\"https:\/\/jornalpontomais.com\/site\/#\/schema\/person\/18323f0b0f1355f2490721c48389fe9d\"},\"headline\":\"Fla conta com gol de Pedro para derrotar Amazonas na Copa do Brasil\",\"datePublished\":\"2024-05-02T13:13:23+00:00\",\"dateModified\":\"2024-05-02T13:13:24+00:00\",\"mainEntityOfPage\":{\"@id\":\"https:\/\/jornalpontomais.com\/site\/2024\/05\/02\/fla-conta-com-gol-de-pedro-para-derrotar-amazonas-na-copa-do-brasil\/\"},\"wordCount\":357,\"commentCount\":0,\"publisher\":{\"@id\":\"https:\/\/jornalpontomais.com\/site\/#organization\"},\"image\":{\"@id\":\"https:\/\/jornalpontomais.com\/site\/2024\/05\/02\/fla-conta-com-gol-de-pedro-para-derrotar-amazonas-na-copa-do-brasil\/#primaryimage\"},\"thumbnailUrl\":\"https:\/\/jornalpontomais.com\/site\/wp-content\/uploads\/2024\/05\/download.webp\",\"articleSection\":[\"Esporte\"],\"inLanguage\":\"pt-BR\",\"potentialAction\":[{\"@type\":\"CommentAction\",\"name\":\"Comment\",\"target\":[\"https:\/\/jornalpontomais.com\/site\/2024\/05\/02\/fla-conta-com-gol-de-pedro-para-derrotar-amazonas-na-copa-do-brasil\/#respond\"]}]},{\"@type\":\"WebPage\",\"@id\":\"https:\/\/jornalpontomais.com\/site\/2024\/05\/02\/fla-conta-com-gol-de-pedro-para-derrotar-amazonas-na-copa-do-brasil\/\",\"url\":\"https:\/\/jornalpontomais.com\/site\/2024\/05\/02\/fla-conta-com-gol-de-pedro-para-derrotar-amazonas-na-copa-do-brasil\/\",\"name\":\"Fla conta com gol de Pedro para derrotar Amazonas na Copa do Brasil - Jornal Ponto Mais\",\"isPartOf\":{\"@id\":\"https:\/\/jornalpontomais.com\/site\/#website\"},\"primaryImageOfPage\":{\"@id\":\"https:\/\/jornalpontomais.com\/site\/2024\/05\/02\/fla-conta-com-gol-de-pedro-para-derrotar-amazonas-na-copa-do-brasil\/#primaryimage\"},\"image\":{\"@id\":\"https:\/\/jornalpontomais.com\/site\/2024\/05\/02\/fla-conta-com-gol-de-pedro-para-derrotar-amazonas-na-copa-do-brasil\/#primaryimage\"},\"thumbnailUrl\":\"https:\/\/jornalpontomais.com\/site\/wp-content\/uploads\/2024\/05\/download.webp\",\"datePublished\":\"2024-05-02T13:13:23+00:00\",\"dateModified\":\"2024-05-02T13:13:24+00:00\",\"breadcrumb\":{\"@id\":\"https:\/\/jornalpontomais.com\/site\/2024\/05\/02\/fla-conta-com-gol-de-pedro-para-derrotar-amazonas-na-copa-do-brasil\/#breadcrumb\"},\"inLanguage\":\"pt-BR\",\"potentialAction\":[{\"@type\":\"ReadAction\",\"target\":[\"https:\/\/jornalpontomais.com\/site\/2024\/05\/02\/fla-conta-com-gol-de-pedro-para-derrotar-amazonas-na-copa-do-brasil\/\"]}]},{\"@type\":\"ImageObject\",\"inLanguage\":\"pt-BR\",\"@id\":\"https:\/\/jornalpontomais.com\/site\/2024\/05\/02\/fla-conta-com-gol-de-pedro-para-derrotar-amazonas-na-copa-do-brasil\/#primaryimage\",\"url\":\"https:\/\/jornalpontomais.com\/site\/wp-content\/uploads\/2024\/05\/download.webp\",\"contentUrl\":\"https:\/\/jornalpontomais.com\/site\/wp-content\/uploads\/2024\/05\/download.webp\",\"width\":1170,\"height\":700},{\"@type\":\"BreadcrumbList\",\"@id\":\"https:\/\/jornalpontomais.com\/site\/2024\/05\/02\/fla-conta-com-gol-de-pedro-para-derrotar-amazonas-na-copa-do-brasil\/#breadcrumb\",\"itemListElement\":[{\"@type\":\"ListItem\",\"position\":1,\"name\":\"In\u00edcio\",\"item\":\"https:\/\/jornalpontomais.com\/site\/\"},{\"@type\":\"ListItem\",\"position\":2,\"name\":\"Fla conta com gol de Pedro para derrotar Amazonas na Copa do Brasil\"}]},{\"@type\":\"WebSite\",\"@id\":\"https:\/\/jornalpontomais.com\/site\/#website\",\"url\":\"https:\/\/jornalpontomais.com\/site\/\",\"name\":\"Jornal Ponto Mais\",\"description\":\"As principais not\u00edcias do Brasil e do mundo. Confira!\",\"publisher\":{\"@id\":\"https:\/\/jornalpontomais.com\/site\/#organization\"},\"potentialAction\":[{\"@type\":\"SearchAction\",\"target\":{\"@type\":\"EntryPoint\",\"urlTemplate\":\"https:\/\/jornalpontomais.com\/site\/?s={search_term_string}\"},\"query-input\":{\"@type\":\"PropertyValueSpecification\",\"valueRequired\":true,\"valueName\":\"search_term_string\"}}],\"inLanguage\":\"pt-BR\"},{\"@type\":\"Organization\",\"@id\":\"https:\/\/jornalpontomais.com\/site\/#organization\",\"name\":\"Jornal Ponto+\",\"url\":\"https:\/\/jornalpontomais.com\/site\/\",\"logo\":{\"@type\":\"ImageObject\",\"inLanguage\":\"pt-BR\",\"@id\":\"https:\/\/jornalpontomais.com\/site\/#\/schema\/logo\/image\/\",\"url\":\"https:\/\/jornalpontomais.com\/site\/wp-content\/uploads\/2022\/01\/marca.png\",\"contentUrl\":\"https:\/\/jornalpontomais.com\/site\/wp-content\/uploads\/2022\/01\/marca.png\",\"width\":582,\"height\":148,\"caption\":\"Jornal Ponto+\"},\"image\":{\"@id\":\"https:\/\/jornalpontomais.com\/site\/#\/schema\/logo\/image\/\"}},{\"@type\":\"Person\",\"@id\":\"https:\/\/jornalpontomais.com\/site\/#\/schema\/person\/18323f0b0f1355f2490721c48389fe9d\",\"name\":\"Jornal Ponto Mais\",\"image\":{\"@type\":\"ImageObject\",\"inLanguage\":\"pt-BR\",\"@id\":\"https:\/\/secure.gravatar.com\/avatar\/2ee0a9b7fe10fe32bdec8bc086e871e41eb5f4f6ecbcb7b4f2fe0d92d831405f?s=96&d=mm&r=g\",\"url\":\"https:\/\/secure.gravatar.com\/avatar\/2ee0a9b7fe10fe32bdec8bc086e871e41eb5f4f6ecbcb7b4f2fe0d92d831405f?s=96&d=mm&r=g\",\"contentUrl\":\"https:\/\/secure.gravatar.com\/avatar\/2ee0a9b7fe10fe32bdec8bc086e871e41eb5f4f6ecbcb7b4f2fe0d92d831405f?s=96&d=mm&r=g\",\"caption\":\"Jornal Ponto Mais\"},\"sameAs\":[\"https:\/\/jornalpontomais.com\/site\",\"jornalpontomais\"],\"url\":\"https:\/\/jornalpontomais.com\/site\/author\/jornalpontomais\/\"}]}<\/script>\n<!-- \/ Yoast SEO plugin. -->","yoast_head_json":{"title":"Fla conta com gol de Pedro para derrotar Amazonas na Copa do Brasil - Jornal Ponto Mais","robots":{"index":"index","follow":"follow","max-snippet":"max-snippet:-1","max-image-preview":"max-image-preview:large","max-video-preview":"max-video-preview:-1"},"canonical":"https:\/\/jornalpontomais.com\/site\/2024\/05\/02\/fla-conta-com-gol-de-pedro-para-derrotar-amazonas-na-copa-do-brasil\/","og_locale":"pt_BR","og_type":"article","og_title":"Fla conta com gol de Pedro para derrotar Amazonas na Copa do Brasil - Jornal Ponto Mais","og_description":"O Flamengo recebeu o Amazonas, no est\u00e1dio do Maracan\u00e3&nbsp;na noite desta quarta-feira (1), e triunfou por 1 a 0 em partida de ida da 3\u00aa fase da Copa do Brasil. A vit\u00f3ria foi alcan\u00e7ada&nbsp;mesmo com uma fraca atua\u00e7\u00e3o do Rubro-Negro, que ouviu vaias de usa pr\u00f3pria torcida ap\u00f3s o apito final. O \u00fanico gol da [&hellip;]","og_url":"https:\/\/jornalpontomais.com\/site\/2024\/05\/02\/fla-conta-com-gol-de-pedro-para-derrotar-amazonas-na-copa-do-brasil\/","og_site_name":"Jornal Ponto Mais","article_published_time":"2024-05-02T13:13:23+00:00","article_modified_time":"2024-05-02T13:13:24+00:00","og_image":[{"width":1170,"height":700,"url":"https:\/\/jornalpontomais.com\/site\/wp-content\/uploads\/2024\/05\/download.webp","type":"image\/webp"}],"author":"Jornal Ponto Mais","twitter_card":"summary_large_image","twitter_misc":{"Escrito por":"Jornal Ponto Mais","Est. tempo de leitura":"2 minutos"},"schema":{"@context":"https:\/\/schema.org","@graph":[{"@type":"Article","@id":"https:\/\/jornalpontomais.com\/site\/2024\/05\/02\/fla-conta-com-gol-de-pedro-para-derrotar-amazonas-na-copa-do-brasil\/#article","isPartOf":{"@id":"https:\/\/jornalpontomais.com\/site\/2024\/05\/02\/fla-conta-com-gol-de-pedro-para-derrotar-amazonas-na-copa-do-brasil\/"},"author":{"name":"Jornal Ponto Mais","@id":"https:\/\/jornalpontomais.com\/site\/#\/schema\/person\/18323f0b0f1355f2490721c48389fe9d"},"headline":"Fla conta com gol de Pedro para derrotar Amazonas na Copa do Brasil","datePublished":"2024-05-02T13:13:23+00:00","dateModified":"2024-05-02T13:13:24+00:00","mainEntityOfPage":{"@id":"https:\/\/jornalpontomais.com\/site\/2024\/05\/02\/fla-conta-com-gol-de-pedro-para-derrotar-amazonas-na-copa-do-brasil\/"},"wordCount":357,"commentCount":0,"publisher":{"@id":"https:\/\/jornalpontomais.com\/site\/#organization"},"image":{"@id":"https:\/\/jornalpontomais.com\/site\/2024\/05\/02\/fla-conta-com-gol-de-pedro-para-derrotar-amazonas-na-copa-do-brasil\/#primaryimage"},"thumbnailUrl":"https:\/\/jornalpontomais.com\/site\/wp-content\/uploads\/2024\/05\/download.webp","articleSection":["Esporte"],"inLanguage":"pt-BR","potentialAction":[{"@type":"CommentAction","name":"Comment","target":["https:\/\/jornalpontomais.com\/site\/2024\/05\/02\/fla-conta-com-gol-de-pedro-para-derrotar-amazonas-na-copa-do-brasil\/#respond"]}]},{"@type":"WebPage","@id":"https:\/\/jornalpontomais.com\/site\/2024\/05\/02\/fla-conta-com-gol-de-pedro-para-derrotar-amazonas-na-copa-do-brasil\/","url":"https:\/\/jornalpontomais.com\/site\/2024\/05\/02\/fla-conta-com-gol-de-pedro-para-derrotar-amazonas-na-copa-do-brasil\/","name":"Fla conta com gol de Pedro para derrotar Amazonas na Copa do Brasil - Jornal Ponto Mais","isPartOf":{"@id":"https:\/\/jornalpontomais.com\/site\/#website"},"primaryImageOfPage":{"@id":"https:\/\/jornalpontomais.com\/site\/2024\/05\/02\/fla-conta-com-gol-de-pedro-para-derrotar-amazonas-na-copa-do-brasil\/#primaryimage"},"image":{"@id":"https:\/\/jornalpontomais.com\/site\/2024\/05\/02\/fla-conta-com-gol-de-pedro-para-derrotar-amazonas-na-copa-do-brasil\/#primaryimage"},"thumbnailUrl":"https:\/\/jornalpontomais.com\/site\/wp-content\/uploads\/2024\/05\/download.webp","datePublished":"2024-05-02T13:13:23+00:00","dateModified":"2024-05-02T13:13:24+00:00","breadcrumb":{"@id":"https:\/\/jornalpontomais.com\/site\/2024\/05\/02\/fla-conta-com-gol-de-pedro-para-derrotar-amazonas-na-copa-do-brasil\/#breadcrumb"},"inLanguage":"pt-BR","potentialAction":[{"@type":"ReadAction","target":["https:\/\/jornalpontomais.com\/site\/2024\/05\/02\/fla-conta-com-gol-de-pedro-para-derrotar-amazonas-na-copa-do-brasil\/"]}]},{"@type":"ImageObject","inLanguage":"pt-BR","@id":"https:\/\/jornalpontomais.com\/site\/2024\/05\/02\/fla-conta-com-gol-de-pedro-para-derrotar-amazonas-na-copa-do-brasil\/#primaryimage","url":"https:\/\/jornalpontomais.com\/site\/wp-content\/uploads\/2024\/05\/download.webp","contentUrl":"https:\/\/jornalpontomais.com\/site\/wp-content\/uploads\/2024\/05\/download.webp","width":1170,"height":700},{"@type":"BreadcrumbList","@id":"https:\/\/jornalpontomais.com\/site\/2024\/05\/02\/fla-conta-com-gol-de-pedro-para-derrotar-amazonas-na-copa-do-brasil\/#breadcrumb","itemListElement":[{"@type":"ListItem","position":1,"name":"In\u00edcio","item":"https:\/\/jornalpontomais.com\/site\/"},{"@type":"ListItem","position":2,"name":"Fla conta com gol de Pedro para derrotar Amazonas na Copa do Brasil"}]},{"@type":"WebSite","@id":"https:\/\/jornalpontomais.com\/site\/#website","url":"https:\/\/jornalpontomais.com\/site\/","name":"Jornal Ponto Mais","description":"As principais not\u00edcias do Brasil e do mundo. Confira!","publisher":{"@id":"https:\/\/jornalpontomais.com\/site\/#organization"},"potentialAction":[{"@type":"SearchAction","target":{"@type":"EntryPoint","urlTemplate":"https:\/\/jornalpontomais.com\/site\/?s={search_term_string}"},"query-input":{"@type":"PropertyValueSpecification","valueRequired":true,"valueName":"search_term_string"}}],"inLanguage":"pt-BR"},{"@type":"Organization","@id":"https:\/\/jornalpontomais.com\/site\/#organization","name":"Jornal Ponto+","url":"https:\/\/jornalpontomais.com\/site\/","logo":{"@type":"ImageObject","inLanguage":"pt-BR","@id":"https:\/\/jornalpontomais.com\/site\/#\/schema\/logo\/image\/","url":"https:\/\/jornalpontomais.com\/site\/wp-content\/uploads\/2022\/01\/marca.png","contentUrl":"https:\/\/jornalpontomais.com\/site\/wp-content\/uploads\/2022\/01\/marca.png","width":582,"height":148,"caption":"Jornal Ponto+"},"image":{"@id":"https:\/\/jornalpontomais.com\/site\/#\/schema\/logo\/image\/"}},{"@type":"Person","@id":"https:\/\/jornalpontomais.com\/site\/#\/schema\/person\/18323f0b0f1355f2490721c48389fe9d","name":"Jornal Ponto Mais","image":{"@type":"ImageObject","inLanguage":"pt-BR","@id":"https:\/\/secure.gravatar.com\/avatar\/2ee0a9b7fe10fe32bdec8bc086e871e41eb5f4f6ecbcb7b4f2fe0d92d831405f?s=96&d=mm&r=g","url":"https:\/\/secure.gravatar.com\/avatar\/2ee0a9b7fe10fe32bdec8bc086e871e41eb5f4f6ecbcb7b4f2fe0d92d831405f?s=96&d=mm&r=g","contentUrl":"https:\/\/secure.gravatar.com\/avatar\/2ee0a9b7fe10fe32bdec8bc086e871e41eb5f4f6ecbcb7b4f2fe0d92d831405f?s=96&d=mm&r=g","caption":"Jornal Ponto Mais"},"sameAs":["https:\/\/jornalpontomais.com\/site","jornalpontomais"],"url":"https:\/\/jornalpontomais.com\/site\/author\/jornalpontomais\/"}]}},"_links":{"self":[{"href":"https:\/\/jornalpontomais.com\/site\/wp-json\/wp\/v2\/posts\/12979","targetHints":{"allow":["GET"]}}],"collection":[{"href":"https:\/\/jornalpontomais.com\/site\/wp-json\/wp\/v2\/posts"}],"about":[{"href":"https:\/\/jornalpontomais.com\/site\/wp-json\/wp\/v2\/types\/post"}],"author":[{"embeddable":true,"href":"https:\/\/jornalpontomais.com\/site\/wp-json\/wp\/v2\/users\/2"}],"replies":[{"embeddable":true,"href":"https:\/\/jornalpontomais.com\/site\/wp-json\/wp\/v2\/comments?post=12979"}],"version-history":[{"count":2,"href":"https:\/\/jornalpontomais.com\/site\/wp-json\/wp\/v2\/posts\/12979\/revisions"}],"predecessor-version":[{"id":12982,"href":"https:\/\/jornalpontomais.com\/site\/wp-json\/wp\/v2\/posts\/12979\/revisions\/12982"}],"wp:featuredmedia":[{"embeddable":true,"href":"https:\/\/jornalpontomais.com\/site\/wp-json\/wp\/v2\/media\/12980"}],"wp:attachment":[{"href":"https:\/\/jornalpontomais.com\/site\/wp-json\/wp\/v2\/media?parent=12979"}],"wp:term":[{"taxonomy":"category","embeddable":true,"href":"https:\/\/jornalpontomais.com\/site\/wp-json\/wp\/v2\/categories?post=12979"},{"taxonomy":"post_tag","embeddable":true,"href":"https:\/\/jornalpontomais.com\/site\/wp-json\/wp\/v2\/tags?post=12979"}],"curies":[{"name":"wp","href":"https:\/\/api.w.org\/{rel}","templated":true}]}}