{"id":12965,"date":"2024-05-01T10:19:56","date_gmt":"2024-05-01T13:19:56","guid":{"rendered":"https:\/\/jornalpontomais.com\/site\/?p=12965"},"modified":"2024-05-01T10:19:57","modified_gmt":"2024-05-01T13:19:57","slug":"por-conta-de-lesoes-medalhista-olimpico-bruno-fratus-desiste-de-paris","status":"publish","type":"post","link":"https:\/\/jornalpontomais.com\/site\/2024\/05\/01\/por-conta-de-lesoes-medalhista-olimpico-bruno-fratus-desiste-de-paris\/","title":{"rendered":"Por conta de les\u00f5es, medalhista ol\u00edmpico Bruno Fratus desiste de Paris"},"content":{"rendered":"\n<p>Medalhista ol\u00edmpico nos Jogos de T\u00f3quio, o nadador Bruno Fratus anunciou nesta ter\u00e7a-feira (30) em rede social que n\u00e3o disputar\u00e1 a Olimp\u00edada de Paris. O atleta revelou que nos \u00faltimos 18 meses passou les\u00f5es, cirurgias e sess\u00f5es de fisioterapia, que teriam comprometido o tempo dedicado aos treinos.\u00a0A desist\u00eancia ocorre a menos de uma semana da seletiva ol\u00edmpica da nata\u00e7\u00e3o no Rio de Janeiro (de 6 a 11 de maio).<br><br><\/p>\n\n\n\n<p>Desde o Mundial de Esportes Aqu\u00e1ticos (2022), Fratus enfrentou quatro cirurgias. A \u00faltima delas &#8211; um procedimento para reparar o menisco no joelho esquerdo \u2013 ocorreu em fevereiro deste ano. Antes ele j\u00e1 passara por cirurgias no ombro esquerdo.<br><br><\/p>\n\n\n\n<p>\u201cTudo isso impossibilitou uma prepara\u00e7\u00e3o que me colocasse em uma posi\u00e7\u00e3o competitiva em Paris agora, h\u00e1 menos de 100 dias. Por mais dif\u00edcil que seja, eu optei por n\u00e3o competir a seletiva ol\u00edmpica semana que vem e consequentemente n\u00e3o estarei em Paris\u201d, lamentou no Instagram o medalhista de bronze nos 50m livre em T\u00f3quio 2020. \u00a0<br><br><\/p>\n\n\n\n<p>A Olimp\u00edada de Paris poderia ser a \u00faltima da carreira de Fratus, que treina desde os 11 anos, e est\u00e1 prestes a completar 35 anos (em 30 de junho).\u00a0\u00a0Al\u00e9m de T\u00f3quio 2020, o brasileiro disputou as edi\u00e7\u00f5es de Londres 2012 e Rio 2016.<br><br><\/p>\n\n\n\n<p>Mais cedo, antes da publica\u00e7\u00e3o no Instagram, o nadador falou da desist\u00eancia de Paris em tom de desabafo em entrevista concedida \u00e0 TV Globo.<br><br><\/p>\n\n\n\n<p>\u201cFicar fora dos Jogos de Paris \u00e9 um golpe duro. N\u00e3o consegui me preparar da maneira como gostaria, como deveria, foram per\u00edodos longos de recupera\u00e7\u00e3o, meses de dores, limita\u00e7\u00e3o de movimentos, e isso tudo impactou demais no planejamento. Tentei at\u00e9 onde pude, me dediquei ao m\u00e1ximo, mas cheguei ao meu limite f\u00edsico, mental e emocional. \u00c9 muito dif\u00edcil aceitar isso, mas chega um momento onde o ser humano por tr\u00e1s do atleta precisa ser priorizado. Conversei com a minha fam\u00edlia, minha equipe, com os m\u00e9dicos e tomamos essa decis\u00e3o em conjunto&#8221;, explicou o nadador.<\/p>\n","protected":false},"excerpt":{"rendered":"<p>Medalhista ol\u00edmpico nos Jogos de T\u00f3quio, o nadador Bruno Fratus anunciou nesta ter\u00e7a-feira (30) em rede social que n\u00e3o disputar\u00e1 a Olimp\u00edada de Paris. O atleta revelou que nos \u00faltimos 18 meses passou les\u00f5es, cirurgias e sess\u00f5es de fisioterapia, que teriam comprometido o tempo dedicado aos treinos.\u00a0A desist\u00eancia ocorre a menos de uma semana da [&hellip;]<\/p>\n","protected":false},"author":2,"featured_media":12966,"comment_status":"open","ping_status":"open","sticky":true,"template":"","format":"standard","meta":{"om_disable_all_campaigns":false,"_monsterinsights_skip_tracking":false,"_monsterinsights_sitenote_active":false,"_monsterinsights_sitenote_note":"","_monsterinsights_sitenote_category":0,"footnotes":""},"categories":[4],"tags":[],"class_list":["post-12965","post","type-post","status-publish","format-standard","has-post-thumbnail","hentry","category-esporte"],"yoast_head":"<!-- This site is optimized with the Yoast SEO plugin v27.2 - https:\/\/yoast.com\/product\/yoast-seo-wordpress\/ -->\n<title>Por conta de les\u00f5es, medalhista ol\u00edmpico Bruno Fratus desiste de Paris - Jornal Ponto Mais<\/title>\n<meta name=\"robots\" content=\"index, follow, max-snippet:-1, max-image-preview:large, max-video-preview:-1\" \/>\n<link rel=\"canonical\" href=\"https:\/\/jornalpontomais.com\/site\/2024\/05\/01\/por-conta-de-lesoes-medalhista-olimpico-bruno-fratus-desiste-de-paris\/\" \/>\n<meta property=\"og:locale\" content=\"pt_BR\" \/>\n<meta property=\"og:type\" content=\"article\" \/>\n<meta property=\"og:title\" content=\"Por conta de les\u00f5es, medalhista ol\u00edmpico Bruno Fratus desiste de Paris - Jornal Ponto Mais\" \/>\n<meta property=\"og:description\" content=\"Medalhista ol\u00edmpico nos Jogos de T\u00f3quio, o nadador Bruno Fratus anunciou nesta ter\u00e7a-feira (30) em rede social que n\u00e3o disputar\u00e1 a Olimp\u00edada de Paris. O atleta revelou que nos \u00faltimos 18 meses passou les\u00f5es, cirurgias e sess\u00f5es de fisioterapia, que teriam comprometido o tempo dedicado aos treinos.\u00a0A desist\u00eancia ocorre a menos de uma semana da [&hellip;]\" \/>\n<meta property=\"og:url\" content=\"https:\/\/jornalpontomais.com\/site\/2024\/05\/01\/por-conta-de-lesoes-medalhista-olimpico-bruno-fratus-desiste-de-paris\/\" \/>\n<meta property=\"og:site_name\" content=\"Jornal Ponto Mais\" \/>\n<meta property=\"article:published_time\" content=\"2024-05-01T13:19:56+00:00\" \/>\n<meta property=\"article:modified_time\" content=\"2024-05-01T13:19:57+00:00\" \/>\n<meta property=\"og:image\" content=\"https:\/\/jornalpontomais.com\/site\/wp-content\/uploads\/2024\/05\/ntc_1652964508.webp\" \/>\n\t<meta property=\"og:image:width\" content=\"1170\" \/>\n\t<meta property=\"og:image:height\" content=\"700\" \/>\n\t<meta property=\"og:image:type\" content=\"image\/webp\" \/>\n<meta name=\"author\" content=\"Jornal Ponto Mais\" \/>\n<meta name=\"twitter:card\" content=\"summary_large_image\" \/>\n<meta name=\"twitter:label1\" content=\"Escrito por\" \/>\n\t<meta name=\"twitter:data1\" content=\"Jornal Ponto Mais\" \/>\n\t<meta name=\"twitter:label2\" content=\"Est. tempo de leitura\" \/>\n\t<meta name=\"twitter:data2\" content=\"2 minutos\" \/>\n<script type=\"application\/ld+json\" class=\"yoast-schema-graph\">{\"@context\":\"https:\/\/schema.org\",\"@graph\":[{\"@type\":\"Article\",\"@id\":\"https:\/\/jornalpontomais.com\/site\/2024\/05\/01\/por-conta-de-lesoes-medalhista-olimpico-bruno-fratus-desiste-de-paris\/#article\",\"isPartOf\":{\"@id\":\"https:\/\/jornalpontomais.com\/site\/2024\/05\/01\/por-conta-de-lesoes-medalhista-olimpico-bruno-fratus-desiste-de-paris\/\"},\"author\":{\"name\":\"Jornal Ponto Mais\",\"@id\":\"https:\/\/jornalpontomais.com\/site\/#\/schema\/person\/18323f0b0f1355f2490721c48389fe9d\"},\"headline\":\"Por conta de les\u00f5es, medalhista ol\u00edmpico Bruno Fratus desiste de Paris\",\"datePublished\":\"2024-05-01T13:19:56+00:00\",\"dateModified\":\"2024-05-01T13:19:57+00:00\",\"mainEntityOfPage\":{\"@id\":\"https:\/\/jornalpontomais.com\/site\/2024\/05\/01\/por-conta-de-lesoes-medalhista-olimpico-bruno-fratus-desiste-de-paris\/\"},\"wordCount\":357,\"commentCount\":0,\"publisher\":{\"@id\":\"https:\/\/jornalpontomais.com\/site\/#organization\"},\"image\":{\"@id\":\"https:\/\/jornalpontomais.com\/site\/2024\/05\/01\/por-conta-de-lesoes-medalhista-olimpico-bruno-fratus-desiste-de-paris\/#primaryimage\"},\"thumbnailUrl\":\"https:\/\/jornalpontomais.com\/site\/wp-content\/uploads\/2024\/05\/ntc_1652964508.webp\",\"articleSection\":[\"Esporte\"],\"inLanguage\":\"pt-BR\",\"potentialAction\":[{\"@type\":\"CommentAction\",\"name\":\"Comment\",\"target\":[\"https:\/\/jornalpontomais.com\/site\/2024\/05\/01\/por-conta-de-lesoes-medalhista-olimpico-bruno-fratus-desiste-de-paris\/#respond\"]}]},{\"@type\":\"WebPage\",\"@id\":\"https:\/\/jornalpontomais.com\/site\/2024\/05\/01\/por-conta-de-lesoes-medalhista-olimpico-bruno-fratus-desiste-de-paris\/\",\"url\":\"https:\/\/jornalpontomais.com\/site\/2024\/05\/01\/por-conta-de-lesoes-medalhista-olimpico-bruno-fratus-desiste-de-paris\/\",\"name\":\"Por conta de les\u00f5es, medalhista ol\u00edmpico Bruno Fratus desiste de Paris - Jornal Ponto Mais\",\"isPartOf\":{\"@id\":\"https:\/\/jornalpontomais.com\/site\/#website\"},\"primaryImageOfPage\":{\"@id\":\"https:\/\/jornalpontomais.com\/site\/2024\/05\/01\/por-conta-de-lesoes-medalhista-olimpico-bruno-fratus-desiste-de-paris\/#primaryimage\"},\"image\":{\"@id\":\"https:\/\/jornalpontomais.com\/site\/2024\/05\/01\/por-conta-de-lesoes-medalhista-olimpico-bruno-fratus-desiste-de-paris\/#primaryimage\"},\"thumbnailUrl\":\"https:\/\/jornalpontomais.com\/site\/wp-content\/uploads\/2024\/05\/ntc_1652964508.webp\",\"datePublished\":\"2024-05-01T13:19:56+00:00\",\"dateModified\":\"2024-05-01T13:19:57+00:00\",\"breadcrumb\":{\"@id\":\"https:\/\/jornalpontomais.com\/site\/2024\/05\/01\/por-conta-de-lesoes-medalhista-olimpico-bruno-fratus-desiste-de-paris\/#breadcrumb\"},\"inLanguage\":\"pt-BR\",\"potentialAction\":[{\"@type\":\"ReadAction\",\"target\":[\"https:\/\/jornalpontomais.com\/site\/2024\/05\/01\/por-conta-de-lesoes-medalhista-olimpico-bruno-fratus-desiste-de-paris\/\"]}]},{\"@type\":\"ImageObject\",\"inLanguage\":\"pt-BR\",\"@id\":\"https:\/\/jornalpontomais.com\/site\/2024\/05\/01\/por-conta-de-lesoes-medalhista-olimpico-bruno-fratus-desiste-de-paris\/#primaryimage\",\"url\":\"https:\/\/jornalpontomais.com\/site\/wp-content\/uploads\/2024\/05\/ntc_1652964508.webp\",\"contentUrl\":\"https:\/\/jornalpontomais.com\/site\/wp-content\/uploads\/2024\/05\/ntc_1652964508.webp\",\"width\":1170,\"height\":700},{\"@type\":\"BreadcrumbList\",\"@id\":\"https:\/\/jornalpontomais.com\/site\/2024\/05\/01\/por-conta-de-lesoes-medalhista-olimpico-bruno-fratus-desiste-de-paris\/#breadcrumb\",\"itemListElement\":[{\"@type\":\"ListItem\",\"position\":1,\"name\":\"In\u00edcio\",\"item\":\"https:\/\/jornalpontomais.com\/site\/\"},{\"@type\":\"ListItem\",\"position\":2,\"name\":\"Por conta de les\u00f5es, medalhista ol\u00edmpico Bruno Fratus desiste de Paris\"}]},{\"@type\":\"WebSite\",\"@id\":\"https:\/\/jornalpontomais.com\/site\/#website\",\"url\":\"https:\/\/jornalpontomais.com\/site\/\",\"name\":\"Jornal Ponto Mais\",\"description\":\"As principais not\u00edcias do Brasil e do mundo. Confira!\",\"publisher\":{\"@id\":\"https:\/\/jornalpontomais.com\/site\/#organization\"},\"potentialAction\":[{\"@type\":\"SearchAction\",\"target\":{\"@type\":\"EntryPoint\",\"urlTemplate\":\"https:\/\/jornalpontomais.com\/site\/?s={search_term_string}\"},\"query-input\":{\"@type\":\"PropertyValueSpecification\",\"valueRequired\":true,\"valueName\":\"search_term_string\"}}],\"inLanguage\":\"pt-BR\"},{\"@type\":\"Organization\",\"@id\":\"https:\/\/jornalpontomais.com\/site\/#organization\",\"name\":\"Jornal Ponto+\",\"url\":\"https:\/\/jornalpontomais.com\/site\/\",\"logo\":{\"@type\":\"ImageObject\",\"inLanguage\":\"pt-BR\",\"@id\":\"https:\/\/jornalpontomais.com\/site\/#\/schema\/logo\/image\/\",\"url\":\"https:\/\/jornalpontomais.com\/site\/wp-content\/uploads\/2022\/01\/marca.png\",\"contentUrl\":\"https:\/\/jornalpontomais.com\/site\/wp-content\/uploads\/2022\/01\/marca.png\",\"width\":582,\"height\":148,\"caption\":\"Jornal Ponto+\"},\"image\":{\"@id\":\"https:\/\/jornalpontomais.com\/site\/#\/schema\/logo\/image\/\"}},{\"@type\":\"Person\",\"@id\":\"https:\/\/jornalpontomais.com\/site\/#\/schema\/person\/18323f0b0f1355f2490721c48389fe9d\",\"name\":\"Jornal Ponto Mais\",\"image\":{\"@type\":\"ImageObject\",\"inLanguage\":\"pt-BR\",\"@id\":\"https:\/\/secure.gravatar.com\/avatar\/2ee0a9b7fe10fe32bdec8bc086e871e41eb5f4f6ecbcb7b4f2fe0d92d831405f?s=96&d=mm&r=g\",\"url\":\"https:\/\/secure.gravatar.com\/avatar\/2ee0a9b7fe10fe32bdec8bc086e871e41eb5f4f6ecbcb7b4f2fe0d92d831405f?s=96&d=mm&r=g\",\"contentUrl\":\"https:\/\/secure.gravatar.com\/avatar\/2ee0a9b7fe10fe32bdec8bc086e871e41eb5f4f6ecbcb7b4f2fe0d92d831405f?s=96&d=mm&r=g\",\"caption\":\"Jornal Ponto Mais\"},\"sameAs\":[\"https:\/\/jornalpontomais.com\/site\",\"jornalpontomais\"],\"url\":\"https:\/\/jornalpontomais.com\/site\/author\/jornalpontomais\/\"}]}<\/script>\n<!-- \/ Yoast SEO plugin. -->","yoast_head_json":{"title":"Por conta de les\u00f5es, medalhista ol\u00edmpico Bruno Fratus desiste de Paris - Jornal Ponto Mais","robots":{"index":"index","follow":"follow","max-snippet":"max-snippet:-1","max-image-preview":"max-image-preview:large","max-video-preview":"max-video-preview:-1"},"canonical":"https:\/\/jornalpontomais.com\/site\/2024\/05\/01\/por-conta-de-lesoes-medalhista-olimpico-bruno-fratus-desiste-de-paris\/","og_locale":"pt_BR","og_type":"article","og_title":"Por conta de les\u00f5es, medalhista ol\u00edmpico Bruno Fratus desiste de Paris - Jornal Ponto Mais","og_description":"Medalhista ol\u00edmpico nos Jogos de T\u00f3quio, o nadador Bruno Fratus anunciou nesta ter\u00e7a-feira (30) em rede social que n\u00e3o disputar\u00e1 a Olimp\u00edada de Paris. O atleta revelou que nos \u00faltimos 18 meses passou les\u00f5es, cirurgias e sess\u00f5es de fisioterapia, que teriam comprometido o tempo dedicado aos treinos.\u00a0A desist\u00eancia ocorre a menos de uma semana da [&hellip;]","og_url":"https:\/\/jornalpontomais.com\/site\/2024\/05\/01\/por-conta-de-lesoes-medalhista-olimpico-bruno-fratus-desiste-de-paris\/","og_site_name":"Jornal Ponto Mais","article_published_time":"2024-05-01T13:19:56+00:00","article_modified_time":"2024-05-01T13:19:57+00:00","og_image":[{"width":1170,"height":700,"url":"https:\/\/jornalpontomais.com\/site\/wp-content\/uploads\/2024\/05\/ntc_1652964508.webp","type":"image\/webp"}],"author":"Jornal Ponto Mais","twitter_card":"summary_large_image","twitter_misc":{"Escrito por":"Jornal Ponto Mais","Est. tempo de leitura":"2 minutos"},"schema":{"@context":"https:\/\/schema.org","@graph":[{"@type":"Article","@id":"https:\/\/jornalpontomais.com\/site\/2024\/05\/01\/por-conta-de-lesoes-medalhista-olimpico-bruno-fratus-desiste-de-paris\/#article","isPartOf":{"@id":"https:\/\/jornalpontomais.com\/site\/2024\/05\/01\/por-conta-de-lesoes-medalhista-olimpico-bruno-fratus-desiste-de-paris\/"},"author":{"name":"Jornal Ponto Mais","@id":"https:\/\/jornalpontomais.com\/site\/#\/schema\/person\/18323f0b0f1355f2490721c48389fe9d"},"headline":"Por conta de les\u00f5es, medalhista ol\u00edmpico Bruno Fratus desiste de Paris","datePublished":"2024-05-01T13:19:56+00:00","dateModified":"2024-05-01T13:19:57+00:00","mainEntityOfPage":{"@id":"https:\/\/jornalpontomais.com\/site\/2024\/05\/01\/por-conta-de-lesoes-medalhista-olimpico-bruno-fratus-desiste-de-paris\/"},"wordCount":357,"commentCount":0,"publisher":{"@id":"https:\/\/jornalpontomais.com\/site\/#organization"},"image":{"@id":"https:\/\/jornalpontomais.com\/site\/2024\/05\/01\/por-conta-de-lesoes-medalhista-olimpico-bruno-fratus-desiste-de-paris\/#primaryimage"},"thumbnailUrl":"https:\/\/jornalpontomais.com\/site\/wp-content\/uploads\/2024\/05\/ntc_1652964508.webp","articleSection":["Esporte"],"inLanguage":"pt-BR","potentialAction":[{"@type":"CommentAction","name":"Comment","target":["https:\/\/jornalpontomais.com\/site\/2024\/05\/01\/por-conta-de-lesoes-medalhista-olimpico-bruno-fratus-desiste-de-paris\/#respond"]}]},{"@type":"WebPage","@id":"https:\/\/jornalpontomais.com\/site\/2024\/05\/01\/por-conta-de-lesoes-medalhista-olimpico-bruno-fratus-desiste-de-paris\/","url":"https:\/\/jornalpontomais.com\/site\/2024\/05\/01\/por-conta-de-lesoes-medalhista-olimpico-bruno-fratus-desiste-de-paris\/","name":"Por conta de les\u00f5es, medalhista ol\u00edmpico Bruno Fratus desiste de Paris - Jornal Ponto Mais","isPartOf":{"@id":"https:\/\/jornalpontomais.com\/site\/#website"},"primaryImageOfPage":{"@id":"https:\/\/jornalpontomais.com\/site\/2024\/05\/01\/por-conta-de-lesoes-medalhista-olimpico-bruno-fratus-desiste-de-paris\/#primaryimage"},"image":{"@id":"https:\/\/jornalpontomais.com\/site\/2024\/05\/01\/por-conta-de-lesoes-medalhista-olimpico-bruno-fratus-desiste-de-paris\/#primaryimage"},"thumbnailUrl":"https:\/\/jornalpontomais.com\/site\/wp-content\/uploads\/2024\/05\/ntc_1652964508.webp","datePublished":"2024-05-01T13:19:56+00:00","dateModified":"2024-05-01T13:19:57+00:00","breadcrumb":{"@id":"https:\/\/jornalpontomais.com\/site\/2024\/05\/01\/por-conta-de-lesoes-medalhista-olimpico-bruno-fratus-desiste-de-paris\/#breadcrumb"},"inLanguage":"pt-BR","potentialAction":[{"@type":"ReadAction","target":["https:\/\/jornalpontomais.com\/site\/2024\/05\/01\/por-conta-de-lesoes-medalhista-olimpico-bruno-fratus-desiste-de-paris\/"]}]},{"@type":"ImageObject","inLanguage":"pt-BR","@id":"https:\/\/jornalpontomais.com\/site\/2024\/05\/01\/por-conta-de-lesoes-medalhista-olimpico-bruno-fratus-desiste-de-paris\/#primaryimage","url":"https:\/\/jornalpontomais.com\/site\/wp-content\/uploads\/2024\/05\/ntc_1652964508.webp","contentUrl":"https:\/\/jornalpontomais.com\/site\/wp-content\/uploads\/2024\/05\/ntc_1652964508.webp","width":1170,"height":700},{"@type":"BreadcrumbList","@id":"https:\/\/jornalpontomais.com\/site\/2024\/05\/01\/por-conta-de-lesoes-medalhista-olimpico-bruno-fratus-desiste-de-paris\/#breadcrumb","itemListElement":[{"@type":"ListItem","position":1,"name":"In\u00edcio","item":"https:\/\/jornalpontomais.com\/site\/"},{"@type":"ListItem","position":2,"name":"Por conta de les\u00f5es, medalhista ol\u00edmpico Bruno Fratus desiste de Paris"}]},{"@type":"WebSite","@id":"https:\/\/jornalpontomais.com\/site\/#website","url":"https:\/\/jornalpontomais.com\/site\/","name":"Jornal Ponto Mais","description":"As principais not\u00edcias do Brasil e do mundo. Confira!","publisher":{"@id":"https:\/\/jornalpontomais.com\/site\/#organization"},"potentialAction":[{"@type":"SearchAction","target":{"@type":"EntryPoint","urlTemplate":"https:\/\/jornalpontomais.com\/site\/?s={search_term_string}"},"query-input":{"@type":"PropertyValueSpecification","valueRequired":true,"valueName":"search_term_string"}}],"inLanguage":"pt-BR"},{"@type":"Organization","@id":"https:\/\/jornalpontomais.com\/site\/#organization","name":"Jornal Ponto+","url":"https:\/\/jornalpontomais.com\/site\/","logo":{"@type":"ImageObject","inLanguage":"pt-BR","@id":"https:\/\/jornalpontomais.com\/site\/#\/schema\/logo\/image\/","url":"https:\/\/jornalpontomais.com\/site\/wp-content\/uploads\/2022\/01\/marca.png","contentUrl":"https:\/\/jornalpontomais.com\/site\/wp-content\/uploads\/2022\/01\/marca.png","width":582,"height":148,"caption":"Jornal Ponto+"},"image":{"@id":"https:\/\/jornalpontomais.com\/site\/#\/schema\/logo\/image\/"}},{"@type":"Person","@id":"https:\/\/jornalpontomais.com\/site\/#\/schema\/person\/18323f0b0f1355f2490721c48389fe9d","name":"Jornal Ponto Mais","image":{"@type":"ImageObject","inLanguage":"pt-BR","@id":"https:\/\/secure.gravatar.com\/avatar\/2ee0a9b7fe10fe32bdec8bc086e871e41eb5f4f6ecbcb7b4f2fe0d92d831405f?s=96&d=mm&r=g","url":"https:\/\/secure.gravatar.com\/avatar\/2ee0a9b7fe10fe32bdec8bc086e871e41eb5f4f6ecbcb7b4f2fe0d92d831405f?s=96&d=mm&r=g","contentUrl":"https:\/\/secure.gravatar.com\/avatar\/2ee0a9b7fe10fe32bdec8bc086e871e41eb5f4f6ecbcb7b4f2fe0d92d831405f?s=96&d=mm&r=g","caption":"Jornal Ponto Mais"},"sameAs":["https:\/\/jornalpontomais.com\/site","jornalpontomais"],"url":"https:\/\/jornalpontomais.com\/site\/author\/jornalpontomais\/"}]}},"_links":{"self":[{"href":"https:\/\/jornalpontomais.com\/site\/wp-json\/wp\/v2\/posts\/12965","targetHints":{"allow":["GET"]}}],"collection":[{"href":"https:\/\/jornalpontomais.com\/site\/wp-json\/wp\/v2\/posts"}],"about":[{"href":"https:\/\/jornalpontomais.com\/site\/wp-json\/wp\/v2\/types\/post"}],"author":[{"embeddable":true,"href":"https:\/\/jornalpontomais.com\/site\/wp-json\/wp\/v2\/users\/2"}],"replies":[{"embeddable":true,"href":"https:\/\/jornalpontomais.com\/site\/wp-json\/wp\/v2\/comments?post=12965"}],"version-history":[{"count":1,"href":"https:\/\/jornalpontomais.com\/site\/wp-json\/wp\/v2\/posts\/12965\/revisions"}],"predecessor-version":[{"id":12967,"href":"https:\/\/jornalpontomais.com\/site\/wp-json\/wp\/v2\/posts\/12965\/revisions\/12967"}],"wp:featuredmedia":[{"embeddable":true,"href":"https:\/\/jornalpontomais.com\/site\/wp-json\/wp\/v2\/media\/12966"}],"wp:attachment":[{"href":"https:\/\/jornalpontomais.com\/site\/wp-json\/wp\/v2\/media?parent=12965"}],"wp:term":[{"taxonomy":"category","embeddable":true,"href":"https:\/\/jornalpontomais.com\/site\/wp-json\/wp\/v2\/categories?post=12965"},{"taxonomy":"post_tag","embeddable":true,"href":"https:\/\/jornalpontomais.com\/site\/wp-json\/wp\/v2\/tags?post=12965"}],"curies":[{"name":"wp","href":"https:\/\/api.w.org\/{rel}","templated":true}]}}