{"id":12962,"date":"2024-05-01T10:16:36","date_gmt":"2024-05-01T13:16:36","guid":{"rendered":"https:\/\/jornalpontomais.com\/site\/?p=12962"},"modified":"2024-05-01T10:16:37","modified_gmt":"2024-05-01T13:16:37","slug":"brasil-vai-ampliar-uso-da-bacteria-wolbachia-no-combate-a-dengue","status":"publish","type":"post","link":"https:\/\/jornalpontomais.com\/site\/2024\/05\/01\/brasil-vai-ampliar-uso-da-bacteria-wolbachia-no-combate-a-dengue\/","title":{"rendered":"Brasil vai ampliar uso da bact\u00e9ria wolbachia no combate \u00e0 dengue"},"content":{"rendered":"\n<p>Seis munic\u00edpios devem receber em julho as primeiras solturas de mosquitos <em>Aedes aegypti<\/em> infectados com a bact\u00e9ria wolbachia: Uberl\u00e2ndia em Minas Gerais; Londrina e Foz do Igua\u00e7u, no Paran\u00e1; Presidente Prudente, em S\u00e3o Paulo, Joinville, em Santa Catarina; e Natal, capital do Rio Grande do Norte. No ano que vem, a estrat\u00e9gia ser\u00e1 adotada em mais 22 munic\u00edpios de Minas Gerais.\u00a0 Segundo o Minist\u00e9rio da Sa\u00fade, o Brasil \u00e9 o primeiro pa\u00eds a incorporar a tecnologia como pol\u00edtica p\u00fablica para reduzir os casos de dengue a m\u00e9dio e longo prazo.<br><br><\/p>\n\n\n\n<p>O chamado m\u00e9todo Wolbachia consiste em inserir a bact\u00e9ria em ovos do mosquito em laborat\u00f3rio e criar <em>Aedes aegypti<\/em> que portam o microrganismo. Infectados, eles n\u00e3o s\u00e3o capazes de carregar os v\u00edrus que causam dengue, zika, chikungunya ou febre amarela e, quando se reproduzem, os mosquitos passam a bact\u00e9ria para outros, fazendo com que menos insetos possam transmitir doen\u00e7as para os seres humanos.<br><br><\/p>\n\n\n\n<p>Antes da soltura dos mosquitos, h\u00e1 uma etapa de engajamento comunit\u00e1rio pois, inicialmente, a comunidade tem a percep\u00e7\u00e3o de que o n\u00famero de mosquitos aumentou na regi\u00e3o. \u201cAl\u00e9m disso, onde se solta o mosquito, n\u00e3o se pode aplicar inseticida, porque o m\u00e9todo se baseia na mudan\u00e7a de popula\u00e7\u00e3o, substituindo mosquitos que t\u00eam a wolbachia por aqueles que n\u00e3o t\u00eam\u201d, explica a secret\u00e1ria de Vigil\u00e2ncia em Sa\u00fade e Ambiente do Minist\u00e9rio da Sa\u00fade, Ethel Maciel.\u00a0<br><br><\/p>\n\n\n\n<p>Segundo Ethel, h\u00e1 uma s\u00e9rie de crit\u00e9rios que precisam ser observados para que o munic\u00edpio receba essa estrat\u00e9gia, principalmente a pouca varia\u00e7\u00e3o de temperatura durante o dia, porque isso prejudica a adapta\u00e7\u00e3o do mosquito com a wolbachia.\u00a0<br><br><\/p>\n\n\n\n<p>De acordo com a secret\u00e1ria, a estrat\u00e9gia tem se mostrado bastante efetiva. Um exemplo \u00e9 a cidade de Niter\u00f3i, no estado do Rio, a primeira a receber o projeto na etapa de pesquisa, em 2014, que teve redu\u00e7\u00e3o de 69,4% dos casos de dengue, 56,3% nos de chikungunya e 37% nos de zika. \u201cL\u00e1, o n\u00famero de casos \u00e9 bem inferior ao dos munic\u00edpios vizinhos, mostrando que a m\u00e9dio e longo prazo a estrat\u00e9gia pode ser muito importante\u201d, disse a secret\u00e1ria, em entrevista nesta ter\u00e7a-feira (30).\u00a0<br><br><\/p>\n\n\n\n<p>Outras cidades do pa\u00eds que est\u00e3o utilizando o M\u00e9todo Wolbachia s\u00e3o o Rio de Janeiro, Campo Grande e Petrolina, em Pernambuco. Al\u00e9m do Brasil, Indon\u00e9sia e mais tr\u00eas pa\u00edses participam da pesquisa em parceria com o World Mosquito Program.\u00a0<br><br><\/p>\n\n\n\n<p>Ontem (29), o Minist\u00e9rio da Sa\u00fade e o governo de Minas Gerais inauguraram a Biof\u00e1brica Wolbachia, em Belo Horizonte. A unidade, administrada pela Funda\u00e7\u00e3o Oswaldo Cruz (Fiocruz), vai permitir ao Brasil ampliar sua capacidade de produ\u00e7\u00e3o de uma das principais tecnologias no combate \u00e0 dengue e outras arboviroses.<\/p>\n","protected":false},"excerpt":{"rendered":"<p>Seis munic\u00edpios devem receber em julho as primeiras solturas de mosquitos Aedes aegypti infectados com a bact\u00e9ria wolbachia: Uberl\u00e2ndia em Minas Gerais; Londrina e Foz do Igua\u00e7u, no Paran\u00e1; Presidente Prudente, em S\u00e3o Paulo, Joinville, em Santa Catarina; e Natal, capital do Rio Grande do Norte. No ano que vem, a estrat\u00e9gia ser\u00e1 adotada em [&hellip;]<\/p>\n","protected":false},"author":2,"featured_media":12963,"comment_status":"open","ping_status":"open","sticky":true,"template":"","format":"standard","meta":{"om_disable_all_campaigns":false,"_monsterinsights_skip_tracking":false,"_monsterinsights_sitenote_active":false,"_monsterinsights_sitenote_note":"","_monsterinsights_sitenote_category":0,"footnotes":""},"categories":[3],"tags":[],"class_list":["post-12962","post","type-post","status-publish","format-standard","has-post-thumbnail","hentry","category-saude"],"yoast_head":"<!-- This site is optimized with the Yoast SEO plugin v27.2 - https:\/\/yoast.com\/product\/yoast-seo-wordpress\/ -->\n<title>Brasil vai ampliar uso da bact\u00e9ria wolbachia no combate \u00e0 dengue - Jornal Ponto Mais<\/title>\n<meta name=\"robots\" content=\"index, follow, max-snippet:-1, max-image-preview:large, max-video-preview:-1\" \/>\n<link rel=\"canonical\" href=\"https:\/\/jornalpontomais.com\/site\/2024\/05\/01\/brasil-vai-ampliar-uso-da-bacteria-wolbachia-no-combate-a-dengue\/\" \/>\n<meta property=\"og:locale\" content=\"pt_BR\" \/>\n<meta property=\"og:type\" content=\"article\" \/>\n<meta property=\"og:title\" content=\"Brasil vai ampliar uso da bact\u00e9ria wolbachia no combate \u00e0 dengue - Jornal Ponto Mais\" \/>\n<meta property=\"og:description\" content=\"Seis munic\u00edpios devem receber em julho as primeiras solturas de mosquitos Aedes aegypti infectados com a bact\u00e9ria wolbachia: Uberl\u00e2ndia em Minas Gerais; Londrina e Foz do Igua\u00e7u, no Paran\u00e1; Presidente Prudente, em S\u00e3o Paulo, Joinville, em Santa Catarina; e Natal, capital do Rio Grande do Norte. No ano que vem, a estrat\u00e9gia ser\u00e1 adotada em [&hellip;]\" \/>\n<meta property=\"og:url\" content=\"https:\/\/jornalpontomais.com\/site\/2024\/05\/01\/brasil-vai-ampliar-uso-da-bacteria-wolbachia-no-combate-a-dengue\/\" \/>\n<meta property=\"og:site_name\" content=\"Jornal Ponto Mais\" \/>\n<meta property=\"article:published_time\" content=\"2024-05-01T13:16:36+00:00\" \/>\n<meta property=\"article:modified_time\" content=\"2024-05-01T13:16:37+00:00\" \/>\n<meta property=\"og:image\" content=\"https:\/\/jornalpontomais.com\/site\/wp-content\/uploads\/2024\/05\/mosquitos_com_wolbachia3.webp\" \/>\n\t<meta property=\"og:image:width\" content=\"1170\" \/>\n\t<meta property=\"og:image:height\" content=\"700\" \/>\n\t<meta property=\"og:image:type\" content=\"image\/webp\" \/>\n<meta name=\"author\" content=\"Jornal Ponto Mais\" \/>\n<meta name=\"twitter:card\" content=\"summary_large_image\" \/>\n<meta name=\"twitter:label1\" content=\"Escrito por\" \/>\n\t<meta name=\"twitter:data1\" content=\"Jornal Ponto Mais\" \/>\n\t<meta name=\"twitter:label2\" content=\"Est. tempo de leitura\" \/>\n\t<meta name=\"twitter:data2\" content=\"3 minutos\" \/>\n<script type=\"application\/ld+json\" class=\"yoast-schema-graph\">{\"@context\":\"https:\/\/schema.org\",\"@graph\":[{\"@type\":\"Article\",\"@id\":\"https:\/\/jornalpontomais.com\/site\/2024\/05\/01\/brasil-vai-ampliar-uso-da-bacteria-wolbachia-no-combate-a-dengue\/#article\",\"isPartOf\":{\"@id\":\"https:\/\/jornalpontomais.com\/site\/2024\/05\/01\/brasil-vai-ampliar-uso-da-bacteria-wolbachia-no-combate-a-dengue\/\"},\"author\":{\"name\":\"Jornal Ponto Mais\",\"@id\":\"https:\/\/jornalpontomais.com\/site\/#\/schema\/person\/18323f0b0f1355f2490721c48389fe9d\"},\"headline\":\"Brasil vai ampliar uso da bact\u00e9ria wolbachia no combate \u00e0 dengue\",\"datePublished\":\"2024-05-01T13:16:36+00:00\",\"dateModified\":\"2024-05-01T13:16:37+00:00\",\"mainEntityOfPage\":{\"@id\":\"https:\/\/jornalpontomais.com\/site\/2024\/05\/01\/brasil-vai-ampliar-uso-da-bacteria-wolbachia-no-combate-a-dengue\/\"},\"wordCount\":504,\"commentCount\":0,\"publisher\":{\"@id\":\"https:\/\/jornalpontomais.com\/site\/#organization\"},\"image\":{\"@id\":\"https:\/\/jornalpontomais.com\/site\/2024\/05\/01\/brasil-vai-ampliar-uso-da-bacteria-wolbachia-no-combate-a-dengue\/#primaryimage\"},\"thumbnailUrl\":\"https:\/\/jornalpontomais.com\/site\/wp-content\/uploads\/2024\/05\/mosquitos_com_wolbachia3.webp\",\"articleSection\":[\"Sa\u00fade\"],\"inLanguage\":\"pt-BR\",\"potentialAction\":[{\"@type\":\"CommentAction\",\"name\":\"Comment\",\"target\":[\"https:\/\/jornalpontomais.com\/site\/2024\/05\/01\/brasil-vai-ampliar-uso-da-bacteria-wolbachia-no-combate-a-dengue\/#respond\"]}]},{\"@type\":\"WebPage\",\"@id\":\"https:\/\/jornalpontomais.com\/site\/2024\/05\/01\/brasil-vai-ampliar-uso-da-bacteria-wolbachia-no-combate-a-dengue\/\",\"url\":\"https:\/\/jornalpontomais.com\/site\/2024\/05\/01\/brasil-vai-ampliar-uso-da-bacteria-wolbachia-no-combate-a-dengue\/\",\"name\":\"Brasil vai ampliar uso da bact\u00e9ria wolbachia no combate \u00e0 dengue - Jornal Ponto Mais\",\"isPartOf\":{\"@id\":\"https:\/\/jornalpontomais.com\/site\/#website\"},\"primaryImageOfPage\":{\"@id\":\"https:\/\/jornalpontomais.com\/site\/2024\/05\/01\/brasil-vai-ampliar-uso-da-bacteria-wolbachia-no-combate-a-dengue\/#primaryimage\"},\"image\":{\"@id\":\"https:\/\/jornalpontomais.com\/site\/2024\/05\/01\/brasil-vai-ampliar-uso-da-bacteria-wolbachia-no-combate-a-dengue\/#primaryimage\"},\"thumbnailUrl\":\"https:\/\/jornalpontomais.com\/site\/wp-content\/uploads\/2024\/05\/mosquitos_com_wolbachia3.webp\",\"datePublished\":\"2024-05-01T13:16:36+00:00\",\"dateModified\":\"2024-05-01T13:16:37+00:00\",\"breadcrumb\":{\"@id\":\"https:\/\/jornalpontomais.com\/site\/2024\/05\/01\/brasil-vai-ampliar-uso-da-bacteria-wolbachia-no-combate-a-dengue\/#breadcrumb\"},\"inLanguage\":\"pt-BR\",\"potentialAction\":[{\"@type\":\"ReadAction\",\"target\":[\"https:\/\/jornalpontomais.com\/site\/2024\/05\/01\/brasil-vai-ampliar-uso-da-bacteria-wolbachia-no-combate-a-dengue\/\"]}]},{\"@type\":\"ImageObject\",\"inLanguage\":\"pt-BR\",\"@id\":\"https:\/\/jornalpontomais.com\/site\/2024\/05\/01\/brasil-vai-ampliar-uso-da-bacteria-wolbachia-no-combate-a-dengue\/#primaryimage\",\"url\":\"https:\/\/jornalpontomais.com\/site\/wp-content\/uploads\/2024\/05\/mosquitos_com_wolbachia3.webp\",\"contentUrl\":\"https:\/\/jornalpontomais.com\/site\/wp-content\/uploads\/2024\/05\/mosquitos_com_wolbachia3.webp\",\"width\":1170,\"height\":700},{\"@type\":\"BreadcrumbList\",\"@id\":\"https:\/\/jornalpontomais.com\/site\/2024\/05\/01\/brasil-vai-ampliar-uso-da-bacteria-wolbachia-no-combate-a-dengue\/#breadcrumb\",\"itemListElement\":[{\"@type\":\"ListItem\",\"position\":1,\"name\":\"In\u00edcio\",\"item\":\"https:\/\/jornalpontomais.com\/site\/\"},{\"@type\":\"ListItem\",\"position\":2,\"name\":\"Brasil vai ampliar uso da bact\u00e9ria wolbachia no combate \u00e0 dengue\"}]},{\"@type\":\"WebSite\",\"@id\":\"https:\/\/jornalpontomais.com\/site\/#website\",\"url\":\"https:\/\/jornalpontomais.com\/site\/\",\"name\":\"Jornal Ponto Mais\",\"description\":\"As principais not\u00edcias do Brasil e do mundo. Confira!\",\"publisher\":{\"@id\":\"https:\/\/jornalpontomais.com\/site\/#organization\"},\"potentialAction\":[{\"@type\":\"SearchAction\",\"target\":{\"@type\":\"EntryPoint\",\"urlTemplate\":\"https:\/\/jornalpontomais.com\/site\/?s={search_term_string}\"},\"query-input\":{\"@type\":\"PropertyValueSpecification\",\"valueRequired\":true,\"valueName\":\"search_term_string\"}}],\"inLanguage\":\"pt-BR\"},{\"@type\":\"Organization\",\"@id\":\"https:\/\/jornalpontomais.com\/site\/#organization\",\"name\":\"Jornal Ponto+\",\"url\":\"https:\/\/jornalpontomais.com\/site\/\",\"logo\":{\"@type\":\"ImageObject\",\"inLanguage\":\"pt-BR\",\"@id\":\"https:\/\/jornalpontomais.com\/site\/#\/schema\/logo\/image\/\",\"url\":\"https:\/\/jornalpontomais.com\/site\/wp-content\/uploads\/2022\/01\/marca.png\",\"contentUrl\":\"https:\/\/jornalpontomais.com\/site\/wp-content\/uploads\/2022\/01\/marca.png\",\"width\":582,\"height\":148,\"caption\":\"Jornal Ponto+\"},\"image\":{\"@id\":\"https:\/\/jornalpontomais.com\/site\/#\/schema\/logo\/image\/\"}},{\"@type\":\"Person\",\"@id\":\"https:\/\/jornalpontomais.com\/site\/#\/schema\/person\/18323f0b0f1355f2490721c48389fe9d\",\"name\":\"Jornal Ponto Mais\",\"image\":{\"@type\":\"ImageObject\",\"inLanguage\":\"pt-BR\",\"@id\":\"https:\/\/secure.gravatar.com\/avatar\/2ee0a9b7fe10fe32bdec8bc086e871e41eb5f4f6ecbcb7b4f2fe0d92d831405f?s=96&d=mm&r=g\",\"url\":\"https:\/\/secure.gravatar.com\/avatar\/2ee0a9b7fe10fe32bdec8bc086e871e41eb5f4f6ecbcb7b4f2fe0d92d831405f?s=96&d=mm&r=g\",\"contentUrl\":\"https:\/\/secure.gravatar.com\/avatar\/2ee0a9b7fe10fe32bdec8bc086e871e41eb5f4f6ecbcb7b4f2fe0d92d831405f?s=96&d=mm&r=g\",\"caption\":\"Jornal Ponto Mais\"},\"sameAs\":[\"https:\/\/jornalpontomais.com\/site\",\"jornalpontomais\"],\"url\":\"https:\/\/jornalpontomais.com\/site\/author\/jornalpontomais\/\"}]}<\/script>\n<!-- \/ Yoast SEO plugin. -->","yoast_head_json":{"title":"Brasil vai ampliar uso da bact\u00e9ria wolbachia no combate \u00e0 dengue - Jornal Ponto Mais","robots":{"index":"index","follow":"follow","max-snippet":"max-snippet:-1","max-image-preview":"max-image-preview:large","max-video-preview":"max-video-preview:-1"},"canonical":"https:\/\/jornalpontomais.com\/site\/2024\/05\/01\/brasil-vai-ampliar-uso-da-bacteria-wolbachia-no-combate-a-dengue\/","og_locale":"pt_BR","og_type":"article","og_title":"Brasil vai ampliar uso da bact\u00e9ria wolbachia no combate \u00e0 dengue - Jornal Ponto Mais","og_description":"Seis munic\u00edpios devem receber em julho as primeiras solturas de mosquitos Aedes aegypti infectados com a bact\u00e9ria wolbachia: Uberl\u00e2ndia em Minas Gerais; Londrina e Foz do Igua\u00e7u, no Paran\u00e1; Presidente Prudente, em S\u00e3o Paulo, Joinville, em Santa Catarina; e Natal, capital do Rio Grande do Norte. No ano que vem, a estrat\u00e9gia ser\u00e1 adotada em [&hellip;]","og_url":"https:\/\/jornalpontomais.com\/site\/2024\/05\/01\/brasil-vai-ampliar-uso-da-bacteria-wolbachia-no-combate-a-dengue\/","og_site_name":"Jornal Ponto Mais","article_published_time":"2024-05-01T13:16:36+00:00","article_modified_time":"2024-05-01T13:16:37+00:00","og_image":[{"width":1170,"height":700,"url":"https:\/\/jornalpontomais.com\/site\/wp-content\/uploads\/2024\/05\/mosquitos_com_wolbachia3.webp","type":"image\/webp"}],"author":"Jornal Ponto Mais","twitter_card":"summary_large_image","twitter_misc":{"Escrito por":"Jornal Ponto Mais","Est. tempo de leitura":"3 minutos"},"schema":{"@context":"https:\/\/schema.org","@graph":[{"@type":"Article","@id":"https:\/\/jornalpontomais.com\/site\/2024\/05\/01\/brasil-vai-ampliar-uso-da-bacteria-wolbachia-no-combate-a-dengue\/#article","isPartOf":{"@id":"https:\/\/jornalpontomais.com\/site\/2024\/05\/01\/brasil-vai-ampliar-uso-da-bacteria-wolbachia-no-combate-a-dengue\/"},"author":{"name":"Jornal Ponto Mais","@id":"https:\/\/jornalpontomais.com\/site\/#\/schema\/person\/18323f0b0f1355f2490721c48389fe9d"},"headline":"Brasil vai ampliar uso da bact\u00e9ria wolbachia no combate \u00e0 dengue","datePublished":"2024-05-01T13:16:36+00:00","dateModified":"2024-05-01T13:16:37+00:00","mainEntityOfPage":{"@id":"https:\/\/jornalpontomais.com\/site\/2024\/05\/01\/brasil-vai-ampliar-uso-da-bacteria-wolbachia-no-combate-a-dengue\/"},"wordCount":504,"commentCount":0,"publisher":{"@id":"https:\/\/jornalpontomais.com\/site\/#organization"},"image":{"@id":"https:\/\/jornalpontomais.com\/site\/2024\/05\/01\/brasil-vai-ampliar-uso-da-bacteria-wolbachia-no-combate-a-dengue\/#primaryimage"},"thumbnailUrl":"https:\/\/jornalpontomais.com\/site\/wp-content\/uploads\/2024\/05\/mosquitos_com_wolbachia3.webp","articleSection":["Sa\u00fade"],"inLanguage":"pt-BR","potentialAction":[{"@type":"CommentAction","name":"Comment","target":["https:\/\/jornalpontomais.com\/site\/2024\/05\/01\/brasil-vai-ampliar-uso-da-bacteria-wolbachia-no-combate-a-dengue\/#respond"]}]},{"@type":"WebPage","@id":"https:\/\/jornalpontomais.com\/site\/2024\/05\/01\/brasil-vai-ampliar-uso-da-bacteria-wolbachia-no-combate-a-dengue\/","url":"https:\/\/jornalpontomais.com\/site\/2024\/05\/01\/brasil-vai-ampliar-uso-da-bacteria-wolbachia-no-combate-a-dengue\/","name":"Brasil vai ampliar uso da bact\u00e9ria wolbachia no combate \u00e0 dengue - Jornal Ponto Mais","isPartOf":{"@id":"https:\/\/jornalpontomais.com\/site\/#website"},"primaryImageOfPage":{"@id":"https:\/\/jornalpontomais.com\/site\/2024\/05\/01\/brasil-vai-ampliar-uso-da-bacteria-wolbachia-no-combate-a-dengue\/#primaryimage"},"image":{"@id":"https:\/\/jornalpontomais.com\/site\/2024\/05\/01\/brasil-vai-ampliar-uso-da-bacteria-wolbachia-no-combate-a-dengue\/#primaryimage"},"thumbnailUrl":"https:\/\/jornalpontomais.com\/site\/wp-content\/uploads\/2024\/05\/mosquitos_com_wolbachia3.webp","datePublished":"2024-05-01T13:16:36+00:00","dateModified":"2024-05-01T13:16:37+00:00","breadcrumb":{"@id":"https:\/\/jornalpontomais.com\/site\/2024\/05\/01\/brasil-vai-ampliar-uso-da-bacteria-wolbachia-no-combate-a-dengue\/#breadcrumb"},"inLanguage":"pt-BR","potentialAction":[{"@type":"ReadAction","target":["https:\/\/jornalpontomais.com\/site\/2024\/05\/01\/brasil-vai-ampliar-uso-da-bacteria-wolbachia-no-combate-a-dengue\/"]}]},{"@type":"ImageObject","inLanguage":"pt-BR","@id":"https:\/\/jornalpontomais.com\/site\/2024\/05\/01\/brasil-vai-ampliar-uso-da-bacteria-wolbachia-no-combate-a-dengue\/#primaryimage","url":"https:\/\/jornalpontomais.com\/site\/wp-content\/uploads\/2024\/05\/mosquitos_com_wolbachia3.webp","contentUrl":"https:\/\/jornalpontomais.com\/site\/wp-content\/uploads\/2024\/05\/mosquitos_com_wolbachia3.webp","width":1170,"height":700},{"@type":"BreadcrumbList","@id":"https:\/\/jornalpontomais.com\/site\/2024\/05\/01\/brasil-vai-ampliar-uso-da-bacteria-wolbachia-no-combate-a-dengue\/#breadcrumb","itemListElement":[{"@type":"ListItem","position":1,"name":"In\u00edcio","item":"https:\/\/jornalpontomais.com\/site\/"},{"@type":"ListItem","position":2,"name":"Brasil vai ampliar uso da bact\u00e9ria wolbachia no combate \u00e0 dengue"}]},{"@type":"WebSite","@id":"https:\/\/jornalpontomais.com\/site\/#website","url":"https:\/\/jornalpontomais.com\/site\/","name":"Jornal Ponto Mais","description":"As principais not\u00edcias do Brasil e do mundo. Confira!","publisher":{"@id":"https:\/\/jornalpontomais.com\/site\/#organization"},"potentialAction":[{"@type":"SearchAction","target":{"@type":"EntryPoint","urlTemplate":"https:\/\/jornalpontomais.com\/site\/?s={search_term_string}"},"query-input":{"@type":"PropertyValueSpecification","valueRequired":true,"valueName":"search_term_string"}}],"inLanguage":"pt-BR"},{"@type":"Organization","@id":"https:\/\/jornalpontomais.com\/site\/#organization","name":"Jornal Ponto+","url":"https:\/\/jornalpontomais.com\/site\/","logo":{"@type":"ImageObject","inLanguage":"pt-BR","@id":"https:\/\/jornalpontomais.com\/site\/#\/schema\/logo\/image\/","url":"https:\/\/jornalpontomais.com\/site\/wp-content\/uploads\/2022\/01\/marca.png","contentUrl":"https:\/\/jornalpontomais.com\/site\/wp-content\/uploads\/2022\/01\/marca.png","width":582,"height":148,"caption":"Jornal Ponto+"},"image":{"@id":"https:\/\/jornalpontomais.com\/site\/#\/schema\/logo\/image\/"}},{"@type":"Person","@id":"https:\/\/jornalpontomais.com\/site\/#\/schema\/person\/18323f0b0f1355f2490721c48389fe9d","name":"Jornal Ponto Mais","image":{"@type":"ImageObject","inLanguage":"pt-BR","@id":"https:\/\/secure.gravatar.com\/avatar\/2ee0a9b7fe10fe32bdec8bc086e871e41eb5f4f6ecbcb7b4f2fe0d92d831405f?s=96&d=mm&r=g","url":"https:\/\/secure.gravatar.com\/avatar\/2ee0a9b7fe10fe32bdec8bc086e871e41eb5f4f6ecbcb7b4f2fe0d92d831405f?s=96&d=mm&r=g","contentUrl":"https:\/\/secure.gravatar.com\/avatar\/2ee0a9b7fe10fe32bdec8bc086e871e41eb5f4f6ecbcb7b4f2fe0d92d831405f?s=96&d=mm&r=g","caption":"Jornal Ponto Mais"},"sameAs":["https:\/\/jornalpontomais.com\/site","jornalpontomais"],"url":"https:\/\/jornalpontomais.com\/site\/author\/jornalpontomais\/"}]}},"_links":{"self":[{"href":"https:\/\/jornalpontomais.com\/site\/wp-json\/wp\/v2\/posts\/12962","targetHints":{"allow":["GET"]}}],"collection":[{"href":"https:\/\/jornalpontomais.com\/site\/wp-json\/wp\/v2\/posts"}],"about":[{"href":"https:\/\/jornalpontomais.com\/site\/wp-json\/wp\/v2\/types\/post"}],"author":[{"embeddable":true,"href":"https:\/\/jornalpontomais.com\/site\/wp-json\/wp\/v2\/users\/2"}],"replies":[{"embeddable":true,"href":"https:\/\/jornalpontomais.com\/site\/wp-json\/wp\/v2\/comments?post=12962"}],"version-history":[{"count":1,"href":"https:\/\/jornalpontomais.com\/site\/wp-json\/wp\/v2\/posts\/12962\/revisions"}],"predecessor-version":[{"id":12964,"href":"https:\/\/jornalpontomais.com\/site\/wp-json\/wp\/v2\/posts\/12962\/revisions\/12964"}],"wp:featuredmedia":[{"embeddable":true,"href":"https:\/\/jornalpontomais.com\/site\/wp-json\/wp\/v2\/media\/12963"}],"wp:attachment":[{"href":"https:\/\/jornalpontomais.com\/site\/wp-json\/wp\/v2\/media?parent=12962"}],"wp:term":[{"taxonomy":"category","embeddable":true,"href":"https:\/\/jornalpontomais.com\/site\/wp-json\/wp\/v2\/categories?post=12962"},{"taxonomy":"post_tag","embeddable":true,"href":"https:\/\/jornalpontomais.com\/site\/wp-json\/wp\/v2\/tags?post=12962"}],"curies":[{"name":"wp","href":"https:\/\/api.w.org\/{rel}","templated":true}]}}