{"id":12925,"date":"2024-04-29T10:26:36","date_gmt":"2024-04-29T13:26:36","guid":{"rendered":"https:\/\/jornalpontomais.com\/site\/?p=12925"},"modified":"2024-04-29T10:26:39","modified_gmt":"2024-04-29T13:26:39","slug":"sesi-bauru-e-campeao-da-superliga-de-volei-masculino","status":"publish","type":"post","link":"https:\/\/jornalpontomais.com\/site\/2024\/04\/29\/sesi-bauru-e-campeao-da-superliga-de-volei-masculino\/","title":{"rendered":"Sesi Bauru \u00e9 campe\u00e3o da Superliga de v\u00f4lei masculino"},"content":{"rendered":"\n<p>O Sesi Bauru \u00e9 campe\u00e3o da Superliga masculina de v\u00f4lei 2023\/2024. A equipe venceu o V\u00f4lei Renata de Campinas por 3 a 0 (parciais de 25\/16, 25\/23 e 25\/20), na manh\u00e3 deste domingo (28), no gin\u00e1sio Gerald\u00e3o, em Recife.<br><br><\/p>\n\n\n\n<p>A vit\u00f3ria representou a conquista do bicampeonato para a equipe, que j\u00e1 havia sido campe\u00e3 em 2010\/2011. O oposto Darlan foi eleito o melhor oposto da competi\u00e7\u00e3o e tamb\u00e9m o melhor atleta do campeonato. \u201cAinda n\u00e3o consegui assimilar tudo o qu\u00ea aconteceu este ano. Agora com o t\u00edtulo, \u00e9 comemorar&#8221;, disse o atleta \u00e0 assessoria do Sesi.<br><br><\/p>\n\n\n\n<p>Al\u00e9m do oposto, o levantador Thiaguinho, o ponteiro Lukas Bergmann e o l\u00edbero Pureza foram escolhidos os melhores de suas posi\u00e7\u00f5es da competi\u00e7\u00e3o. Bergmann foi o melhor da final e Anderson Rodrigues, o melhor treinador da Superliga.<\/p>\n","protected":false},"excerpt":{"rendered":"<p>O Sesi Bauru \u00e9 campe\u00e3o da Superliga masculina de v\u00f4lei 2023\/2024. A equipe venceu o V\u00f4lei Renata de Campinas por 3 a 0 (parciais de 25\/16, 25\/23 e 25\/20), na manh\u00e3 deste domingo (28), no gin\u00e1sio Gerald\u00e3o, em Recife. A vit\u00f3ria representou a conquista do bicampeonato para a equipe, que j\u00e1 havia sido campe\u00e3 em [&hellip;]<\/p>\n","protected":false},"author":2,"featured_media":12926,"comment_status":"open","ping_status":"open","sticky":true,"template":"","format":"standard","meta":{"om_disable_all_campaigns":false,"_monsterinsights_skip_tracking":false,"_monsterinsights_sitenote_active":false,"_monsterinsights_sitenote_note":"","_monsterinsights_sitenote_category":0,"footnotes":""},"categories":[4],"tags":[],"class_list":["post-12925","post","type-post","status-publish","format-standard","has-post-thumbnail","hentry","category-esporte"],"yoast_head":"<!-- This site is optimized with the Yoast SEO plugin v27.2 - https:\/\/yoast.com\/product\/yoast-seo-wordpress\/ -->\n<title>Sesi Bauru \u00e9 campe\u00e3o da Superliga de v\u00f4lei masculino - Jornal Ponto Mais<\/title>\n<meta name=\"robots\" content=\"index, follow, max-snippet:-1, max-image-preview:large, max-video-preview:-1\" \/>\n<link rel=\"canonical\" href=\"https:\/\/jornalpontomais.com\/site\/2024\/04\/29\/sesi-bauru-e-campeao-da-superliga-de-volei-masculino\/\" \/>\n<meta property=\"og:locale\" content=\"pt_BR\" \/>\n<meta property=\"og:type\" content=\"article\" \/>\n<meta property=\"og:title\" content=\"Sesi Bauru \u00e9 campe\u00e3o da Superliga de v\u00f4lei masculino - Jornal Ponto Mais\" \/>\n<meta property=\"og:description\" content=\"O Sesi Bauru \u00e9 campe\u00e3o da Superliga masculina de v\u00f4lei 2023\/2024. A equipe venceu o V\u00f4lei Renata de Campinas por 3 a 0 (parciais de 25\/16, 25\/23 e 25\/20), na manh\u00e3 deste domingo (28), no gin\u00e1sio Gerald\u00e3o, em Recife. A vit\u00f3ria representou a conquista do bicampeonato para a equipe, que j\u00e1 havia sido campe\u00e3 em [&hellip;]\" \/>\n<meta property=\"og:url\" content=\"https:\/\/jornalpontomais.com\/site\/2024\/04\/29\/sesi-bauru-e-campeao-da-superliga-de-volei-masculino\/\" \/>\n<meta property=\"og:site_name\" content=\"Jornal Ponto Mais\" \/>\n<meta property=\"article:published_time\" content=\"2024-04-29T13:26:36+00:00\" \/>\n<meta property=\"article:modified_time\" content=\"2024-04-29T13:26:39+00:00\" \/>\n<meta property=\"og:image\" content=\"https:\/\/jornalpontomais.com\/site\/wp-content\/uploads\/2024\/04\/jogadores_e_comissao_tecnica_celebram_o_titulo_3_fernanda_queiroz.webp\" \/>\n\t<meta property=\"og:image:width\" content=\"1170\" \/>\n\t<meta property=\"og:image:height\" content=\"700\" \/>\n\t<meta property=\"og:image:type\" content=\"image\/webp\" \/>\n<meta name=\"author\" content=\"Jornal Ponto Mais\" \/>\n<meta name=\"twitter:card\" content=\"summary_large_image\" \/>\n<meta name=\"twitter:label1\" content=\"Escrito por\" \/>\n\t<meta name=\"twitter:data1\" content=\"Jornal Ponto Mais\" \/>\n\t<meta name=\"twitter:label2\" content=\"Est. tempo de leitura\" \/>\n\t<meta name=\"twitter:data2\" content=\"1 minuto\" \/>\n<script type=\"application\/ld+json\" class=\"yoast-schema-graph\">{\"@context\":\"https:\/\/schema.org\",\"@graph\":[{\"@type\":\"Article\",\"@id\":\"https:\/\/jornalpontomais.com\/site\/2024\/04\/29\/sesi-bauru-e-campeao-da-superliga-de-volei-masculino\/#article\",\"isPartOf\":{\"@id\":\"https:\/\/jornalpontomais.com\/site\/2024\/04\/29\/sesi-bauru-e-campeao-da-superliga-de-volei-masculino\/\"},\"author\":{\"name\":\"Jornal Ponto Mais\",\"@id\":\"https:\/\/jornalpontomais.com\/site\/#\/schema\/person\/18323f0b0f1355f2490721c48389fe9d\"},\"headline\":\"Sesi Bauru \u00e9 campe\u00e3o da Superliga de v\u00f4lei masculino\",\"datePublished\":\"2024-04-29T13:26:36+00:00\",\"dateModified\":\"2024-04-29T13:26:39+00:00\",\"mainEntityOfPage\":{\"@id\":\"https:\/\/jornalpontomais.com\/site\/2024\/04\/29\/sesi-bauru-e-campeao-da-superliga-de-volei-masculino\/\"},\"wordCount\":146,\"commentCount\":0,\"publisher\":{\"@id\":\"https:\/\/jornalpontomais.com\/site\/#organization\"},\"image\":{\"@id\":\"https:\/\/jornalpontomais.com\/site\/2024\/04\/29\/sesi-bauru-e-campeao-da-superliga-de-volei-masculino\/#primaryimage\"},\"thumbnailUrl\":\"https:\/\/jornalpontomais.com\/site\/wp-content\/uploads\/2024\/04\/jogadores_e_comissao_tecnica_celebram_o_titulo_3_fernanda_queiroz.webp\",\"articleSection\":[\"Esporte\"],\"inLanguage\":\"pt-BR\",\"potentialAction\":[{\"@type\":\"CommentAction\",\"name\":\"Comment\",\"target\":[\"https:\/\/jornalpontomais.com\/site\/2024\/04\/29\/sesi-bauru-e-campeao-da-superliga-de-volei-masculino\/#respond\"]}]},{\"@type\":\"WebPage\",\"@id\":\"https:\/\/jornalpontomais.com\/site\/2024\/04\/29\/sesi-bauru-e-campeao-da-superliga-de-volei-masculino\/\",\"url\":\"https:\/\/jornalpontomais.com\/site\/2024\/04\/29\/sesi-bauru-e-campeao-da-superliga-de-volei-masculino\/\",\"name\":\"Sesi Bauru \u00e9 campe\u00e3o da Superliga de v\u00f4lei masculino - Jornal Ponto Mais\",\"isPartOf\":{\"@id\":\"https:\/\/jornalpontomais.com\/site\/#website\"},\"primaryImageOfPage\":{\"@id\":\"https:\/\/jornalpontomais.com\/site\/2024\/04\/29\/sesi-bauru-e-campeao-da-superliga-de-volei-masculino\/#primaryimage\"},\"image\":{\"@id\":\"https:\/\/jornalpontomais.com\/site\/2024\/04\/29\/sesi-bauru-e-campeao-da-superliga-de-volei-masculino\/#primaryimage\"},\"thumbnailUrl\":\"https:\/\/jornalpontomais.com\/site\/wp-content\/uploads\/2024\/04\/jogadores_e_comissao_tecnica_celebram_o_titulo_3_fernanda_queiroz.webp\",\"datePublished\":\"2024-04-29T13:26:36+00:00\",\"dateModified\":\"2024-04-29T13:26:39+00:00\",\"breadcrumb\":{\"@id\":\"https:\/\/jornalpontomais.com\/site\/2024\/04\/29\/sesi-bauru-e-campeao-da-superliga-de-volei-masculino\/#breadcrumb\"},\"inLanguage\":\"pt-BR\",\"potentialAction\":[{\"@type\":\"ReadAction\",\"target\":[\"https:\/\/jornalpontomais.com\/site\/2024\/04\/29\/sesi-bauru-e-campeao-da-superliga-de-volei-masculino\/\"]}]},{\"@type\":\"ImageObject\",\"inLanguage\":\"pt-BR\",\"@id\":\"https:\/\/jornalpontomais.com\/site\/2024\/04\/29\/sesi-bauru-e-campeao-da-superliga-de-volei-masculino\/#primaryimage\",\"url\":\"https:\/\/jornalpontomais.com\/site\/wp-content\/uploads\/2024\/04\/jogadores_e_comissao_tecnica_celebram_o_titulo_3_fernanda_queiroz.webp\",\"contentUrl\":\"https:\/\/jornalpontomais.com\/site\/wp-content\/uploads\/2024\/04\/jogadores_e_comissao_tecnica_celebram_o_titulo_3_fernanda_queiroz.webp\",\"width\":1170,\"height\":700},{\"@type\":\"BreadcrumbList\",\"@id\":\"https:\/\/jornalpontomais.com\/site\/2024\/04\/29\/sesi-bauru-e-campeao-da-superliga-de-volei-masculino\/#breadcrumb\",\"itemListElement\":[{\"@type\":\"ListItem\",\"position\":1,\"name\":\"In\u00edcio\",\"item\":\"https:\/\/jornalpontomais.com\/site\/\"},{\"@type\":\"ListItem\",\"position\":2,\"name\":\"Sesi Bauru \u00e9 campe\u00e3o da Superliga de v\u00f4lei masculino\"}]},{\"@type\":\"WebSite\",\"@id\":\"https:\/\/jornalpontomais.com\/site\/#website\",\"url\":\"https:\/\/jornalpontomais.com\/site\/\",\"name\":\"Jornal Ponto Mais\",\"description\":\"As principais not\u00edcias do Brasil e do mundo. Confira!\",\"publisher\":{\"@id\":\"https:\/\/jornalpontomais.com\/site\/#organization\"},\"potentialAction\":[{\"@type\":\"SearchAction\",\"target\":{\"@type\":\"EntryPoint\",\"urlTemplate\":\"https:\/\/jornalpontomais.com\/site\/?s={search_term_string}\"},\"query-input\":{\"@type\":\"PropertyValueSpecification\",\"valueRequired\":true,\"valueName\":\"search_term_string\"}}],\"inLanguage\":\"pt-BR\"},{\"@type\":\"Organization\",\"@id\":\"https:\/\/jornalpontomais.com\/site\/#organization\",\"name\":\"Jornal Ponto+\",\"url\":\"https:\/\/jornalpontomais.com\/site\/\",\"logo\":{\"@type\":\"ImageObject\",\"inLanguage\":\"pt-BR\",\"@id\":\"https:\/\/jornalpontomais.com\/site\/#\/schema\/logo\/image\/\",\"url\":\"https:\/\/jornalpontomais.com\/site\/wp-content\/uploads\/2022\/01\/marca.png\",\"contentUrl\":\"https:\/\/jornalpontomais.com\/site\/wp-content\/uploads\/2022\/01\/marca.png\",\"width\":582,\"height\":148,\"caption\":\"Jornal Ponto+\"},\"image\":{\"@id\":\"https:\/\/jornalpontomais.com\/site\/#\/schema\/logo\/image\/\"}},{\"@type\":\"Person\",\"@id\":\"https:\/\/jornalpontomais.com\/site\/#\/schema\/person\/18323f0b0f1355f2490721c48389fe9d\",\"name\":\"Jornal Ponto Mais\",\"image\":{\"@type\":\"ImageObject\",\"inLanguage\":\"pt-BR\",\"@id\":\"https:\/\/secure.gravatar.com\/avatar\/2ee0a9b7fe10fe32bdec8bc086e871e41eb5f4f6ecbcb7b4f2fe0d92d831405f?s=96&d=mm&r=g\",\"url\":\"https:\/\/secure.gravatar.com\/avatar\/2ee0a9b7fe10fe32bdec8bc086e871e41eb5f4f6ecbcb7b4f2fe0d92d831405f?s=96&d=mm&r=g\",\"contentUrl\":\"https:\/\/secure.gravatar.com\/avatar\/2ee0a9b7fe10fe32bdec8bc086e871e41eb5f4f6ecbcb7b4f2fe0d92d831405f?s=96&d=mm&r=g\",\"caption\":\"Jornal Ponto Mais\"},\"sameAs\":[\"https:\/\/jornalpontomais.com\/site\",\"jornalpontomais\"],\"url\":\"https:\/\/jornalpontomais.com\/site\/author\/jornalpontomais\/\"}]}<\/script>\n<!-- \/ Yoast SEO plugin. -->","yoast_head_json":{"title":"Sesi Bauru \u00e9 campe\u00e3o da Superliga de v\u00f4lei masculino - Jornal Ponto Mais","robots":{"index":"index","follow":"follow","max-snippet":"max-snippet:-1","max-image-preview":"max-image-preview:large","max-video-preview":"max-video-preview:-1"},"canonical":"https:\/\/jornalpontomais.com\/site\/2024\/04\/29\/sesi-bauru-e-campeao-da-superliga-de-volei-masculino\/","og_locale":"pt_BR","og_type":"article","og_title":"Sesi Bauru \u00e9 campe\u00e3o da Superliga de v\u00f4lei masculino - Jornal Ponto Mais","og_description":"O Sesi Bauru \u00e9 campe\u00e3o da Superliga masculina de v\u00f4lei 2023\/2024. A equipe venceu o V\u00f4lei Renata de Campinas por 3 a 0 (parciais de 25\/16, 25\/23 e 25\/20), na manh\u00e3 deste domingo (28), no gin\u00e1sio Gerald\u00e3o, em Recife. A vit\u00f3ria representou a conquista do bicampeonato para a equipe, que j\u00e1 havia sido campe\u00e3 em [&hellip;]","og_url":"https:\/\/jornalpontomais.com\/site\/2024\/04\/29\/sesi-bauru-e-campeao-da-superliga-de-volei-masculino\/","og_site_name":"Jornal Ponto Mais","article_published_time":"2024-04-29T13:26:36+00:00","article_modified_time":"2024-04-29T13:26:39+00:00","og_image":[{"width":1170,"height":700,"url":"https:\/\/jornalpontomais.com\/site\/wp-content\/uploads\/2024\/04\/jogadores_e_comissao_tecnica_celebram_o_titulo_3_fernanda_queiroz.webp","type":"image\/webp"}],"author":"Jornal Ponto Mais","twitter_card":"summary_large_image","twitter_misc":{"Escrito por":"Jornal Ponto Mais","Est. tempo de leitura":"1 minuto"},"schema":{"@context":"https:\/\/schema.org","@graph":[{"@type":"Article","@id":"https:\/\/jornalpontomais.com\/site\/2024\/04\/29\/sesi-bauru-e-campeao-da-superliga-de-volei-masculino\/#article","isPartOf":{"@id":"https:\/\/jornalpontomais.com\/site\/2024\/04\/29\/sesi-bauru-e-campeao-da-superliga-de-volei-masculino\/"},"author":{"name":"Jornal Ponto Mais","@id":"https:\/\/jornalpontomais.com\/site\/#\/schema\/person\/18323f0b0f1355f2490721c48389fe9d"},"headline":"Sesi Bauru \u00e9 campe\u00e3o da Superliga de v\u00f4lei masculino","datePublished":"2024-04-29T13:26:36+00:00","dateModified":"2024-04-29T13:26:39+00:00","mainEntityOfPage":{"@id":"https:\/\/jornalpontomais.com\/site\/2024\/04\/29\/sesi-bauru-e-campeao-da-superliga-de-volei-masculino\/"},"wordCount":146,"commentCount":0,"publisher":{"@id":"https:\/\/jornalpontomais.com\/site\/#organization"},"image":{"@id":"https:\/\/jornalpontomais.com\/site\/2024\/04\/29\/sesi-bauru-e-campeao-da-superliga-de-volei-masculino\/#primaryimage"},"thumbnailUrl":"https:\/\/jornalpontomais.com\/site\/wp-content\/uploads\/2024\/04\/jogadores_e_comissao_tecnica_celebram_o_titulo_3_fernanda_queiroz.webp","articleSection":["Esporte"],"inLanguage":"pt-BR","potentialAction":[{"@type":"CommentAction","name":"Comment","target":["https:\/\/jornalpontomais.com\/site\/2024\/04\/29\/sesi-bauru-e-campeao-da-superliga-de-volei-masculino\/#respond"]}]},{"@type":"WebPage","@id":"https:\/\/jornalpontomais.com\/site\/2024\/04\/29\/sesi-bauru-e-campeao-da-superliga-de-volei-masculino\/","url":"https:\/\/jornalpontomais.com\/site\/2024\/04\/29\/sesi-bauru-e-campeao-da-superliga-de-volei-masculino\/","name":"Sesi Bauru \u00e9 campe\u00e3o da Superliga de v\u00f4lei masculino - Jornal Ponto Mais","isPartOf":{"@id":"https:\/\/jornalpontomais.com\/site\/#website"},"primaryImageOfPage":{"@id":"https:\/\/jornalpontomais.com\/site\/2024\/04\/29\/sesi-bauru-e-campeao-da-superliga-de-volei-masculino\/#primaryimage"},"image":{"@id":"https:\/\/jornalpontomais.com\/site\/2024\/04\/29\/sesi-bauru-e-campeao-da-superliga-de-volei-masculino\/#primaryimage"},"thumbnailUrl":"https:\/\/jornalpontomais.com\/site\/wp-content\/uploads\/2024\/04\/jogadores_e_comissao_tecnica_celebram_o_titulo_3_fernanda_queiroz.webp","datePublished":"2024-04-29T13:26:36+00:00","dateModified":"2024-04-29T13:26:39+00:00","breadcrumb":{"@id":"https:\/\/jornalpontomais.com\/site\/2024\/04\/29\/sesi-bauru-e-campeao-da-superliga-de-volei-masculino\/#breadcrumb"},"inLanguage":"pt-BR","potentialAction":[{"@type":"ReadAction","target":["https:\/\/jornalpontomais.com\/site\/2024\/04\/29\/sesi-bauru-e-campeao-da-superliga-de-volei-masculino\/"]}]},{"@type":"ImageObject","inLanguage":"pt-BR","@id":"https:\/\/jornalpontomais.com\/site\/2024\/04\/29\/sesi-bauru-e-campeao-da-superliga-de-volei-masculino\/#primaryimage","url":"https:\/\/jornalpontomais.com\/site\/wp-content\/uploads\/2024\/04\/jogadores_e_comissao_tecnica_celebram_o_titulo_3_fernanda_queiroz.webp","contentUrl":"https:\/\/jornalpontomais.com\/site\/wp-content\/uploads\/2024\/04\/jogadores_e_comissao_tecnica_celebram_o_titulo_3_fernanda_queiroz.webp","width":1170,"height":700},{"@type":"BreadcrumbList","@id":"https:\/\/jornalpontomais.com\/site\/2024\/04\/29\/sesi-bauru-e-campeao-da-superliga-de-volei-masculino\/#breadcrumb","itemListElement":[{"@type":"ListItem","position":1,"name":"In\u00edcio","item":"https:\/\/jornalpontomais.com\/site\/"},{"@type":"ListItem","position":2,"name":"Sesi Bauru \u00e9 campe\u00e3o da Superliga de v\u00f4lei masculino"}]},{"@type":"WebSite","@id":"https:\/\/jornalpontomais.com\/site\/#website","url":"https:\/\/jornalpontomais.com\/site\/","name":"Jornal Ponto Mais","description":"As principais not\u00edcias do Brasil e do mundo. Confira!","publisher":{"@id":"https:\/\/jornalpontomais.com\/site\/#organization"},"potentialAction":[{"@type":"SearchAction","target":{"@type":"EntryPoint","urlTemplate":"https:\/\/jornalpontomais.com\/site\/?s={search_term_string}"},"query-input":{"@type":"PropertyValueSpecification","valueRequired":true,"valueName":"search_term_string"}}],"inLanguage":"pt-BR"},{"@type":"Organization","@id":"https:\/\/jornalpontomais.com\/site\/#organization","name":"Jornal Ponto+","url":"https:\/\/jornalpontomais.com\/site\/","logo":{"@type":"ImageObject","inLanguage":"pt-BR","@id":"https:\/\/jornalpontomais.com\/site\/#\/schema\/logo\/image\/","url":"https:\/\/jornalpontomais.com\/site\/wp-content\/uploads\/2022\/01\/marca.png","contentUrl":"https:\/\/jornalpontomais.com\/site\/wp-content\/uploads\/2022\/01\/marca.png","width":582,"height":148,"caption":"Jornal Ponto+"},"image":{"@id":"https:\/\/jornalpontomais.com\/site\/#\/schema\/logo\/image\/"}},{"@type":"Person","@id":"https:\/\/jornalpontomais.com\/site\/#\/schema\/person\/18323f0b0f1355f2490721c48389fe9d","name":"Jornal Ponto Mais","image":{"@type":"ImageObject","inLanguage":"pt-BR","@id":"https:\/\/secure.gravatar.com\/avatar\/2ee0a9b7fe10fe32bdec8bc086e871e41eb5f4f6ecbcb7b4f2fe0d92d831405f?s=96&d=mm&r=g","url":"https:\/\/secure.gravatar.com\/avatar\/2ee0a9b7fe10fe32bdec8bc086e871e41eb5f4f6ecbcb7b4f2fe0d92d831405f?s=96&d=mm&r=g","contentUrl":"https:\/\/secure.gravatar.com\/avatar\/2ee0a9b7fe10fe32bdec8bc086e871e41eb5f4f6ecbcb7b4f2fe0d92d831405f?s=96&d=mm&r=g","caption":"Jornal Ponto Mais"},"sameAs":["https:\/\/jornalpontomais.com\/site","jornalpontomais"],"url":"https:\/\/jornalpontomais.com\/site\/author\/jornalpontomais\/"}]}},"_links":{"self":[{"href":"https:\/\/jornalpontomais.com\/site\/wp-json\/wp\/v2\/posts\/12925","targetHints":{"allow":["GET"]}}],"collection":[{"href":"https:\/\/jornalpontomais.com\/site\/wp-json\/wp\/v2\/posts"}],"about":[{"href":"https:\/\/jornalpontomais.com\/site\/wp-json\/wp\/v2\/types\/post"}],"author":[{"embeddable":true,"href":"https:\/\/jornalpontomais.com\/site\/wp-json\/wp\/v2\/users\/2"}],"replies":[{"embeddable":true,"href":"https:\/\/jornalpontomais.com\/site\/wp-json\/wp\/v2\/comments?post=12925"}],"version-history":[{"count":1,"href":"https:\/\/jornalpontomais.com\/site\/wp-json\/wp\/v2\/posts\/12925\/revisions"}],"predecessor-version":[{"id":12927,"href":"https:\/\/jornalpontomais.com\/site\/wp-json\/wp\/v2\/posts\/12925\/revisions\/12927"}],"wp:featuredmedia":[{"embeddable":true,"href":"https:\/\/jornalpontomais.com\/site\/wp-json\/wp\/v2\/media\/12926"}],"wp:attachment":[{"href":"https:\/\/jornalpontomais.com\/site\/wp-json\/wp\/v2\/media?parent=12925"}],"wp:term":[{"taxonomy":"category","embeddable":true,"href":"https:\/\/jornalpontomais.com\/site\/wp-json\/wp\/v2\/categories?post=12925"},{"taxonomy":"post_tag","embeddable":true,"href":"https:\/\/jornalpontomais.com\/site\/wp-json\/wp\/v2\/tags?post=12925"}],"curies":[{"name":"wp","href":"https:\/\/api.w.org\/{rel}","templated":true}]}}