{"id":12911,"date":"2024-04-26T10:48:42","date_gmt":"2024-04-26T13:48:42","guid":{"rendered":"https:\/\/jornalpontomais.com\/site\/?p=12911"},"modified":"2024-04-26T10:48:42","modified_gmt":"2024-04-26T13:48:42","slug":"diabetes-materno-aumenta-risco-de-problemas-no-coracao-em-bebes","status":"publish","type":"post","link":"https:\/\/jornalpontomais.com\/site\/2024\/04\/26\/diabetes-materno-aumenta-risco-de-problemas-no-coracao-em-bebes\/","title":{"rendered":"Diabetes materno aumenta risco de problemas no cora\u00e7\u00e3o em beb\u00eas"},"content":{"rendered":"\n<p>Um extenso estudo de coorte envolvendo 620.751 crian\u00e7as na Finl\u00e2ndia revelou uma associa\u00e7\u00e3o significativa entre o diabetes tipo 1 (T1D) materno e um aumento no risco de defeitos cong\u00eanitos card\u00edacos (DCC) nos descendentes. Al\u00e9m disso, a pesquisa indicou que o sobrepeso e a obesidade maternos est\u00e3o ligados a certos tipos espec\u00edficos de DCC.<br><br><\/p>\n\n\n\n<p>Os resultados demonstraram que o T1D materno aumentou em 3,77 vezes as chances ajustadas de qualquer DCC nos filhos, com o risco aumentado em 6 dos 9 subgrupos de DCC avaliados. Quanto ao sobrepeso e \u00e0 obesidade maternos, foram observadas associa\u00e7\u00f5es com as chances de DCC em alguns subgrupos anat\u00f4micos.<br><br><\/p>\n\n\n\n<p>O estudo ressalta que o T1D materno \u00e9 um fator de risco associado a quase todos os subtipos de DCC nos descendentes, enquanto o sobrepeso e a obesidade maternos est\u00e3o associados a determinados tipos de DCC, sugerindo mecanismos teratog\u00eanicos distintos.<br><br><\/p>\n\n\n\n<p>Realizada entre 2006 e 2016, a pesquisa analisou dados de m\u00e3es e filhos, destacando que o \u00edndice de massa corporal (IMC) materno pr\u00e9-gestacional e o status de diabetes s\u00e3o fatores cruciais a serem considerados na avalia\u00e7\u00e3o do risco de DCC em rec\u00e9m-nascidos.<br><br><\/p>\n\n\n\n<p>Essas descobertas fornecem informa\u00e7\u00f5es valiosas para profissionais de sa\u00fade, enfatizando a import\u00e2ncia do acompanhamento de gestantes com T1D, sobrepeso ou obesidade para prevenir e gerenciar potenciais riscos para a sa\u00fade cardiovascular dos descendentes.<\/p>\n\n\n\n<p><em>Fonte: JAMA Network Open. DOI: 10.1001\/jamanetworkopen.2023.50579.<\/em><\/p>\n","protected":false},"excerpt":{"rendered":"<p>Um extenso estudo de coorte envolvendo 620.751 crian\u00e7as na Finl\u00e2ndia revelou uma associa\u00e7\u00e3o significativa entre o diabetes tipo 1 (T1D) materno e um aumento no risco de defeitos cong\u00eanitos card\u00edacos (DCC) nos descendentes. Al\u00e9m disso, a pesquisa indicou que o sobrepeso e a obesidade maternos est\u00e3o ligados a certos tipos espec\u00edficos de DCC. Os resultados [&hellip;]<\/p>\n","protected":false},"author":2,"featured_media":12912,"comment_status":"open","ping_status":"open","sticky":true,"template":"","format":"standard","meta":{"om_disable_all_campaigns":false,"_monsterinsights_skip_tracking":false,"_monsterinsights_sitenote_active":false,"_monsterinsights_sitenote_note":"","_monsterinsights_sitenote_category":0,"footnotes":""},"categories":[3],"tags":[],"class_list":["post-12911","post","type-post","status-publish","format-standard","has-post-thumbnail","hentry","category-saude"],"yoast_head":"<!-- This site is optimized with the Yoast SEO plugin v27.2 - https:\/\/yoast.com\/product\/yoast-seo-wordpress\/ -->\n<title>Diabetes materno aumenta risco de problemas no cora\u00e7\u00e3o em beb\u00eas - Jornal Ponto Mais<\/title>\n<meta name=\"robots\" content=\"index, follow, max-snippet:-1, max-image-preview:large, max-video-preview:-1\" \/>\n<link rel=\"canonical\" href=\"https:\/\/jornalpontomais.com\/site\/2024\/04\/26\/diabetes-materno-aumenta-risco-de-problemas-no-coracao-em-bebes\/\" \/>\n<meta property=\"og:locale\" content=\"pt_BR\" \/>\n<meta property=\"og:type\" content=\"article\" \/>\n<meta property=\"og:title\" content=\"Diabetes materno aumenta risco de problemas no cora\u00e7\u00e3o em beb\u00eas - Jornal Ponto Mais\" \/>\n<meta property=\"og:description\" content=\"Um extenso estudo de coorte envolvendo 620.751 crian\u00e7as na Finl\u00e2ndia revelou uma associa\u00e7\u00e3o significativa entre o diabetes tipo 1 (T1D) materno e um aumento no risco de defeitos cong\u00eanitos card\u00edacos (DCC) nos descendentes. Al\u00e9m disso, a pesquisa indicou que o sobrepeso e a obesidade maternos est\u00e3o ligados a certos tipos espec\u00edficos de DCC. Os resultados [&hellip;]\" \/>\n<meta property=\"og:url\" content=\"https:\/\/jornalpontomais.com\/site\/2024\/04\/26\/diabetes-materno-aumenta-risco-de-problemas-no-coracao-em-bebes\/\" \/>\n<meta property=\"og:site_name\" content=\"Jornal Ponto Mais\" \/>\n<meta property=\"article:published_time\" content=\"2024-04-26T13:48:42+00:00\" \/>\n<meta property=\"og:image\" content=\"https:\/\/jornalpontomais.com\/site\/wp-content\/uploads\/2024\/04\/diabetes-gestacional.jpg.webp\" \/>\n\t<meta property=\"og:image:width\" content=\"680\" \/>\n\t<meta property=\"og:image:height\" content=\"453\" \/>\n\t<meta property=\"og:image:type\" content=\"image\/webp\" \/>\n<meta name=\"author\" content=\"Jornal Ponto Mais\" \/>\n<meta name=\"twitter:card\" content=\"summary_large_image\" \/>\n<meta name=\"twitter:label1\" content=\"Escrito por\" \/>\n\t<meta name=\"twitter:data1\" content=\"Jornal Ponto Mais\" \/>\n\t<meta name=\"twitter:label2\" content=\"Est. tempo de leitura\" \/>\n\t<meta name=\"twitter:data2\" content=\"2 minutos\" \/>\n<script type=\"application\/ld+json\" class=\"yoast-schema-graph\">{\"@context\":\"https:\/\/schema.org\",\"@graph\":[{\"@type\":\"Article\",\"@id\":\"https:\/\/jornalpontomais.com\/site\/2024\/04\/26\/diabetes-materno-aumenta-risco-de-problemas-no-coracao-em-bebes\/#article\",\"isPartOf\":{\"@id\":\"https:\/\/jornalpontomais.com\/site\/2024\/04\/26\/diabetes-materno-aumenta-risco-de-problemas-no-coracao-em-bebes\/\"},\"author\":{\"name\":\"Jornal Ponto Mais\",\"@id\":\"https:\/\/jornalpontomais.com\/site\/#\/schema\/person\/18323f0b0f1355f2490721c48389fe9d\"},\"headline\":\"Diabetes materno aumenta risco de problemas no cora\u00e7\u00e3o em beb\u00eas\",\"datePublished\":\"2024-04-26T13:48:42+00:00\",\"mainEntityOfPage\":{\"@id\":\"https:\/\/jornalpontomais.com\/site\/2024\/04\/26\/diabetes-materno-aumenta-risco-de-problemas-no-coracao-em-bebes\/\"},\"wordCount\":252,\"commentCount\":0,\"publisher\":{\"@id\":\"https:\/\/jornalpontomais.com\/site\/#organization\"},\"image\":{\"@id\":\"https:\/\/jornalpontomais.com\/site\/2024\/04\/26\/diabetes-materno-aumenta-risco-de-problemas-no-coracao-em-bebes\/#primaryimage\"},\"thumbnailUrl\":\"https:\/\/jornalpontomais.com\/site\/wp-content\/uploads\/2024\/04\/diabetes-gestacional.jpg.webp\",\"articleSection\":[\"Sa\u00fade\"],\"inLanguage\":\"pt-BR\",\"potentialAction\":[{\"@type\":\"CommentAction\",\"name\":\"Comment\",\"target\":[\"https:\/\/jornalpontomais.com\/site\/2024\/04\/26\/diabetes-materno-aumenta-risco-de-problemas-no-coracao-em-bebes\/#respond\"]}]},{\"@type\":\"WebPage\",\"@id\":\"https:\/\/jornalpontomais.com\/site\/2024\/04\/26\/diabetes-materno-aumenta-risco-de-problemas-no-coracao-em-bebes\/\",\"url\":\"https:\/\/jornalpontomais.com\/site\/2024\/04\/26\/diabetes-materno-aumenta-risco-de-problemas-no-coracao-em-bebes\/\",\"name\":\"Diabetes materno aumenta risco de problemas no cora\u00e7\u00e3o em beb\u00eas - Jornal Ponto Mais\",\"isPartOf\":{\"@id\":\"https:\/\/jornalpontomais.com\/site\/#website\"},\"primaryImageOfPage\":{\"@id\":\"https:\/\/jornalpontomais.com\/site\/2024\/04\/26\/diabetes-materno-aumenta-risco-de-problemas-no-coracao-em-bebes\/#primaryimage\"},\"image\":{\"@id\":\"https:\/\/jornalpontomais.com\/site\/2024\/04\/26\/diabetes-materno-aumenta-risco-de-problemas-no-coracao-em-bebes\/#primaryimage\"},\"thumbnailUrl\":\"https:\/\/jornalpontomais.com\/site\/wp-content\/uploads\/2024\/04\/diabetes-gestacional.jpg.webp\",\"datePublished\":\"2024-04-26T13:48:42+00:00\",\"breadcrumb\":{\"@id\":\"https:\/\/jornalpontomais.com\/site\/2024\/04\/26\/diabetes-materno-aumenta-risco-de-problemas-no-coracao-em-bebes\/#breadcrumb\"},\"inLanguage\":\"pt-BR\",\"potentialAction\":[{\"@type\":\"ReadAction\",\"target\":[\"https:\/\/jornalpontomais.com\/site\/2024\/04\/26\/diabetes-materno-aumenta-risco-de-problemas-no-coracao-em-bebes\/\"]}]},{\"@type\":\"ImageObject\",\"inLanguage\":\"pt-BR\",\"@id\":\"https:\/\/jornalpontomais.com\/site\/2024\/04\/26\/diabetes-materno-aumenta-risco-de-problemas-no-coracao-em-bebes\/#primaryimage\",\"url\":\"https:\/\/jornalpontomais.com\/site\/wp-content\/uploads\/2024\/04\/diabetes-gestacional.jpg.webp\",\"contentUrl\":\"https:\/\/jornalpontomais.com\/site\/wp-content\/uploads\/2024\/04\/diabetes-gestacional.jpg.webp\",\"width\":680,\"height\":453},{\"@type\":\"BreadcrumbList\",\"@id\":\"https:\/\/jornalpontomais.com\/site\/2024\/04\/26\/diabetes-materno-aumenta-risco-de-problemas-no-coracao-em-bebes\/#breadcrumb\",\"itemListElement\":[{\"@type\":\"ListItem\",\"position\":1,\"name\":\"In\u00edcio\",\"item\":\"https:\/\/jornalpontomais.com\/site\/\"},{\"@type\":\"ListItem\",\"position\":2,\"name\":\"Diabetes materno aumenta risco de problemas no cora\u00e7\u00e3o em beb\u00eas\"}]},{\"@type\":\"WebSite\",\"@id\":\"https:\/\/jornalpontomais.com\/site\/#website\",\"url\":\"https:\/\/jornalpontomais.com\/site\/\",\"name\":\"Jornal Ponto Mais\",\"description\":\"As principais not\u00edcias do Brasil e do mundo. Confira!\",\"publisher\":{\"@id\":\"https:\/\/jornalpontomais.com\/site\/#organization\"},\"potentialAction\":[{\"@type\":\"SearchAction\",\"target\":{\"@type\":\"EntryPoint\",\"urlTemplate\":\"https:\/\/jornalpontomais.com\/site\/?s={search_term_string}\"},\"query-input\":{\"@type\":\"PropertyValueSpecification\",\"valueRequired\":true,\"valueName\":\"search_term_string\"}}],\"inLanguage\":\"pt-BR\"},{\"@type\":\"Organization\",\"@id\":\"https:\/\/jornalpontomais.com\/site\/#organization\",\"name\":\"Jornal Ponto+\",\"url\":\"https:\/\/jornalpontomais.com\/site\/\",\"logo\":{\"@type\":\"ImageObject\",\"inLanguage\":\"pt-BR\",\"@id\":\"https:\/\/jornalpontomais.com\/site\/#\/schema\/logo\/image\/\",\"url\":\"https:\/\/jornalpontomais.com\/site\/wp-content\/uploads\/2022\/01\/marca.png\",\"contentUrl\":\"https:\/\/jornalpontomais.com\/site\/wp-content\/uploads\/2022\/01\/marca.png\",\"width\":582,\"height\":148,\"caption\":\"Jornal Ponto+\"},\"image\":{\"@id\":\"https:\/\/jornalpontomais.com\/site\/#\/schema\/logo\/image\/\"}},{\"@type\":\"Person\",\"@id\":\"https:\/\/jornalpontomais.com\/site\/#\/schema\/person\/18323f0b0f1355f2490721c48389fe9d\",\"name\":\"Jornal Ponto Mais\",\"image\":{\"@type\":\"ImageObject\",\"inLanguage\":\"pt-BR\",\"@id\":\"https:\/\/secure.gravatar.com\/avatar\/2ee0a9b7fe10fe32bdec8bc086e871e41eb5f4f6ecbcb7b4f2fe0d92d831405f?s=96&d=mm&r=g\",\"url\":\"https:\/\/secure.gravatar.com\/avatar\/2ee0a9b7fe10fe32bdec8bc086e871e41eb5f4f6ecbcb7b4f2fe0d92d831405f?s=96&d=mm&r=g\",\"contentUrl\":\"https:\/\/secure.gravatar.com\/avatar\/2ee0a9b7fe10fe32bdec8bc086e871e41eb5f4f6ecbcb7b4f2fe0d92d831405f?s=96&d=mm&r=g\",\"caption\":\"Jornal Ponto Mais\"},\"sameAs\":[\"https:\/\/jornalpontomais.com\/site\",\"jornalpontomais\"],\"url\":\"https:\/\/jornalpontomais.com\/site\/author\/jornalpontomais\/\"}]}<\/script>\n<!-- \/ Yoast SEO plugin. -->","yoast_head_json":{"title":"Diabetes materno aumenta risco de problemas no cora\u00e7\u00e3o em beb\u00eas - Jornal Ponto Mais","robots":{"index":"index","follow":"follow","max-snippet":"max-snippet:-1","max-image-preview":"max-image-preview:large","max-video-preview":"max-video-preview:-1"},"canonical":"https:\/\/jornalpontomais.com\/site\/2024\/04\/26\/diabetes-materno-aumenta-risco-de-problemas-no-coracao-em-bebes\/","og_locale":"pt_BR","og_type":"article","og_title":"Diabetes materno aumenta risco de problemas no cora\u00e7\u00e3o em beb\u00eas - Jornal Ponto Mais","og_description":"Um extenso estudo de coorte envolvendo 620.751 crian\u00e7as na Finl\u00e2ndia revelou uma associa\u00e7\u00e3o significativa entre o diabetes tipo 1 (T1D) materno e um aumento no risco de defeitos cong\u00eanitos card\u00edacos (DCC) nos descendentes. Al\u00e9m disso, a pesquisa indicou que o sobrepeso e a obesidade maternos est\u00e3o ligados a certos tipos espec\u00edficos de DCC. Os resultados [&hellip;]","og_url":"https:\/\/jornalpontomais.com\/site\/2024\/04\/26\/diabetes-materno-aumenta-risco-de-problemas-no-coracao-em-bebes\/","og_site_name":"Jornal Ponto Mais","article_published_time":"2024-04-26T13:48:42+00:00","og_image":[{"width":680,"height":453,"url":"https:\/\/jornalpontomais.com\/site\/wp-content\/uploads\/2024\/04\/diabetes-gestacional.jpg.webp","type":"image\/webp"}],"author":"Jornal Ponto Mais","twitter_card":"summary_large_image","twitter_misc":{"Escrito por":"Jornal Ponto Mais","Est. tempo de leitura":"2 minutos"},"schema":{"@context":"https:\/\/schema.org","@graph":[{"@type":"Article","@id":"https:\/\/jornalpontomais.com\/site\/2024\/04\/26\/diabetes-materno-aumenta-risco-de-problemas-no-coracao-em-bebes\/#article","isPartOf":{"@id":"https:\/\/jornalpontomais.com\/site\/2024\/04\/26\/diabetes-materno-aumenta-risco-de-problemas-no-coracao-em-bebes\/"},"author":{"name":"Jornal Ponto Mais","@id":"https:\/\/jornalpontomais.com\/site\/#\/schema\/person\/18323f0b0f1355f2490721c48389fe9d"},"headline":"Diabetes materno aumenta risco de problemas no cora\u00e7\u00e3o em beb\u00eas","datePublished":"2024-04-26T13:48:42+00:00","mainEntityOfPage":{"@id":"https:\/\/jornalpontomais.com\/site\/2024\/04\/26\/diabetes-materno-aumenta-risco-de-problemas-no-coracao-em-bebes\/"},"wordCount":252,"commentCount":0,"publisher":{"@id":"https:\/\/jornalpontomais.com\/site\/#organization"},"image":{"@id":"https:\/\/jornalpontomais.com\/site\/2024\/04\/26\/diabetes-materno-aumenta-risco-de-problemas-no-coracao-em-bebes\/#primaryimage"},"thumbnailUrl":"https:\/\/jornalpontomais.com\/site\/wp-content\/uploads\/2024\/04\/diabetes-gestacional.jpg.webp","articleSection":["Sa\u00fade"],"inLanguage":"pt-BR","potentialAction":[{"@type":"CommentAction","name":"Comment","target":["https:\/\/jornalpontomais.com\/site\/2024\/04\/26\/diabetes-materno-aumenta-risco-de-problemas-no-coracao-em-bebes\/#respond"]}]},{"@type":"WebPage","@id":"https:\/\/jornalpontomais.com\/site\/2024\/04\/26\/diabetes-materno-aumenta-risco-de-problemas-no-coracao-em-bebes\/","url":"https:\/\/jornalpontomais.com\/site\/2024\/04\/26\/diabetes-materno-aumenta-risco-de-problemas-no-coracao-em-bebes\/","name":"Diabetes materno aumenta risco de problemas no cora\u00e7\u00e3o em beb\u00eas - Jornal Ponto Mais","isPartOf":{"@id":"https:\/\/jornalpontomais.com\/site\/#website"},"primaryImageOfPage":{"@id":"https:\/\/jornalpontomais.com\/site\/2024\/04\/26\/diabetes-materno-aumenta-risco-de-problemas-no-coracao-em-bebes\/#primaryimage"},"image":{"@id":"https:\/\/jornalpontomais.com\/site\/2024\/04\/26\/diabetes-materno-aumenta-risco-de-problemas-no-coracao-em-bebes\/#primaryimage"},"thumbnailUrl":"https:\/\/jornalpontomais.com\/site\/wp-content\/uploads\/2024\/04\/diabetes-gestacional.jpg.webp","datePublished":"2024-04-26T13:48:42+00:00","breadcrumb":{"@id":"https:\/\/jornalpontomais.com\/site\/2024\/04\/26\/diabetes-materno-aumenta-risco-de-problemas-no-coracao-em-bebes\/#breadcrumb"},"inLanguage":"pt-BR","potentialAction":[{"@type":"ReadAction","target":["https:\/\/jornalpontomais.com\/site\/2024\/04\/26\/diabetes-materno-aumenta-risco-de-problemas-no-coracao-em-bebes\/"]}]},{"@type":"ImageObject","inLanguage":"pt-BR","@id":"https:\/\/jornalpontomais.com\/site\/2024\/04\/26\/diabetes-materno-aumenta-risco-de-problemas-no-coracao-em-bebes\/#primaryimage","url":"https:\/\/jornalpontomais.com\/site\/wp-content\/uploads\/2024\/04\/diabetes-gestacional.jpg.webp","contentUrl":"https:\/\/jornalpontomais.com\/site\/wp-content\/uploads\/2024\/04\/diabetes-gestacional.jpg.webp","width":680,"height":453},{"@type":"BreadcrumbList","@id":"https:\/\/jornalpontomais.com\/site\/2024\/04\/26\/diabetes-materno-aumenta-risco-de-problemas-no-coracao-em-bebes\/#breadcrumb","itemListElement":[{"@type":"ListItem","position":1,"name":"In\u00edcio","item":"https:\/\/jornalpontomais.com\/site\/"},{"@type":"ListItem","position":2,"name":"Diabetes materno aumenta risco de problemas no cora\u00e7\u00e3o em beb\u00eas"}]},{"@type":"WebSite","@id":"https:\/\/jornalpontomais.com\/site\/#website","url":"https:\/\/jornalpontomais.com\/site\/","name":"Jornal Ponto Mais","description":"As principais not\u00edcias do Brasil e do mundo. Confira!","publisher":{"@id":"https:\/\/jornalpontomais.com\/site\/#organization"},"potentialAction":[{"@type":"SearchAction","target":{"@type":"EntryPoint","urlTemplate":"https:\/\/jornalpontomais.com\/site\/?s={search_term_string}"},"query-input":{"@type":"PropertyValueSpecification","valueRequired":true,"valueName":"search_term_string"}}],"inLanguage":"pt-BR"},{"@type":"Organization","@id":"https:\/\/jornalpontomais.com\/site\/#organization","name":"Jornal Ponto+","url":"https:\/\/jornalpontomais.com\/site\/","logo":{"@type":"ImageObject","inLanguage":"pt-BR","@id":"https:\/\/jornalpontomais.com\/site\/#\/schema\/logo\/image\/","url":"https:\/\/jornalpontomais.com\/site\/wp-content\/uploads\/2022\/01\/marca.png","contentUrl":"https:\/\/jornalpontomais.com\/site\/wp-content\/uploads\/2022\/01\/marca.png","width":582,"height":148,"caption":"Jornal Ponto+"},"image":{"@id":"https:\/\/jornalpontomais.com\/site\/#\/schema\/logo\/image\/"}},{"@type":"Person","@id":"https:\/\/jornalpontomais.com\/site\/#\/schema\/person\/18323f0b0f1355f2490721c48389fe9d","name":"Jornal Ponto Mais","image":{"@type":"ImageObject","inLanguage":"pt-BR","@id":"https:\/\/secure.gravatar.com\/avatar\/2ee0a9b7fe10fe32bdec8bc086e871e41eb5f4f6ecbcb7b4f2fe0d92d831405f?s=96&d=mm&r=g","url":"https:\/\/secure.gravatar.com\/avatar\/2ee0a9b7fe10fe32bdec8bc086e871e41eb5f4f6ecbcb7b4f2fe0d92d831405f?s=96&d=mm&r=g","contentUrl":"https:\/\/secure.gravatar.com\/avatar\/2ee0a9b7fe10fe32bdec8bc086e871e41eb5f4f6ecbcb7b4f2fe0d92d831405f?s=96&d=mm&r=g","caption":"Jornal Ponto Mais"},"sameAs":["https:\/\/jornalpontomais.com\/site","jornalpontomais"],"url":"https:\/\/jornalpontomais.com\/site\/author\/jornalpontomais\/"}]}},"_links":{"self":[{"href":"https:\/\/jornalpontomais.com\/site\/wp-json\/wp\/v2\/posts\/12911","targetHints":{"allow":["GET"]}}],"collection":[{"href":"https:\/\/jornalpontomais.com\/site\/wp-json\/wp\/v2\/posts"}],"about":[{"href":"https:\/\/jornalpontomais.com\/site\/wp-json\/wp\/v2\/types\/post"}],"author":[{"embeddable":true,"href":"https:\/\/jornalpontomais.com\/site\/wp-json\/wp\/v2\/users\/2"}],"replies":[{"embeddable":true,"href":"https:\/\/jornalpontomais.com\/site\/wp-json\/wp\/v2\/comments?post=12911"}],"version-history":[{"count":1,"href":"https:\/\/jornalpontomais.com\/site\/wp-json\/wp\/v2\/posts\/12911\/revisions"}],"predecessor-version":[{"id":12913,"href":"https:\/\/jornalpontomais.com\/site\/wp-json\/wp\/v2\/posts\/12911\/revisions\/12913"}],"wp:featuredmedia":[{"embeddable":true,"href":"https:\/\/jornalpontomais.com\/site\/wp-json\/wp\/v2\/media\/12912"}],"wp:attachment":[{"href":"https:\/\/jornalpontomais.com\/site\/wp-json\/wp\/v2\/media?parent=12911"}],"wp:term":[{"taxonomy":"category","embeddable":true,"href":"https:\/\/jornalpontomais.com\/site\/wp-json\/wp\/v2\/categories?post=12911"},{"taxonomy":"post_tag","embeddable":true,"href":"https:\/\/jornalpontomais.com\/site\/wp-json\/wp\/v2\/tags?post=12911"}],"curies":[{"name":"wp","href":"https:\/\/api.w.org\/{rel}","templated":true}]}}