{"id":12902,"date":"2024-04-26T10:21:46","date_gmt":"2024-04-26T13:21:46","guid":{"rendered":"https:\/\/jornalpontomais.com\/site\/?p=12902"},"modified":"2024-04-26T10:21:47","modified_gmt":"2024-04-26T13:21:47","slug":"previa-da-inflacao-oficial-recua-para-021-em-abril","status":"publish","type":"post","link":"https:\/\/jornalpontomais.com\/site\/2024\/04\/26\/previa-da-inflacao-oficial-recua-para-021-em-abril\/","title":{"rendered":"Pr\u00e9via da infla\u00e7\u00e3o oficial recua para 0,21% em abril\u00a0"},"content":{"rendered":"\n<p>O \u00cdndice Nacional de Pre\u00e7os ao Consumidor Amplo 15 (IPCA-15), que mede a pr\u00e9via da infla\u00e7\u00e3o oficial no m\u00eas, ficou em 0,21% em abril deste ano, portanto abaixo das taxas do m\u00eas anterior (0,36%) e de abril do ano passado (0,57%). O dado foi divulgado nesta sexta-feira (26), pelo Instituto Brasileiro de Geografia e Estat\u00edstica (IBGE).<br><br><\/p>\n\n\n\n<p>Com o resultado, o IPCA-15 acumula taxa de 1,67% no ano. Em 12 meses, o indicador registra infla\u00e7\u00e3o de 3,77%, abaixo dos 4,14% acumulados at\u00e9 a pr\u00e9via de mar\u00e7o deste ano.<br><br><\/p>\n\n\n\n<p>A queda da taxa de infla\u00e7\u00e3o foi puxada principalmente pelos transportes, que tiveram defla\u00e7\u00e3o (queda de pre\u00e7os) de 0,49% na pr\u00e9via de abril. Entre os itens que apresentaram defla\u00e7\u00e3o, destacam-se a passagem a\u00e9rea (-12,20%), o g\u00e1s veicular (-0,97%), o \u00f3leo diesel (-0,43%) e a gasolina (-0,11%).<br><br><\/p>\n\n\n\n<p>Por outro lado, o grupo alimenta\u00e7\u00e3o e bebidas apresentou alta de pre\u00e7os de 0,61% no per\u00edodo, o que impediu uma queda maior da infla\u00e7\u00e3o na pr\u00e9via de abril. Entre os itens que mais contribu\u00edram para a alta dos alimentos est\u00e3o tomate (17,87%), alho (11,60%), cebola (11,31%), frutas (2,59%) e leite longa vida (1,96%).<br><br><\/p>\n\n\n\n<p>Produtos como a batata-inglesa (-8,72%) e as carnes (-1,43%) puxaram para baixo a infla\u00e7\u00e3o dos alimentos.<br><br><\/p>\n\n\n\n<p>Os demais grupos de despesa apresentaram as seguintes taxas de infla\u00e7\u00e3o: sa\u00fade e cuidados pessoais (0,78%), vestu\u00e1rio (0,41%), despesas pessoais (0,40%), comunica\u00e7\u00e3o (0,17%), habita\u00e7\u00e3o (0,07%), educa\u00e7\u00e3o (0,05%) e artigos de resid\u00eancia (0,03%).<br><br><\/p>\n\n\n\n<p>Os pre\u00e7os que serviram como base para o c\u00e1lculo do IPCA-15 de abril foram coletados entre 15 de mar\u00e7o e 15 de abril deste ano.<\/p>\n","protected":false},"excerpt":{"rendered":"<p>O \u00cdndice Nacional de Pre\u00e7os ao Consumidor Amplo 15 (IPCA-15), que mede a pr\u00e9via da infla\u00e7\u00e3o oficial no m\u00eas, ficou em 0,21% em abril deste ano, portanto abaixo das taxas do m\u00eas anterior (0,36%) e de abril do ano passado (0,57%). O dado foi divulgado nesta sexta-feira (26), pelo Instituto Brasileiro de Geografia e Estat\u00edstica [&hellip;]<\/p>\n","protected":false},"author":2,"featured_media":10629,"comment_status":"open","ping_status":"open","sticky":true,"template":"","format":"standard","meta":{"om_disable_all_campaigns":false,"_monsterinsights_skip_tracking":false,"_monsterinsights_sitenote_active":false,"_monsterinsights_sitenote_note":"","_monsterinsights_sitenote_category":0,"footnotes":""},"categories":[37],"tags":[],"class_list":["post-12902","post","type-post","status-publish","format-standard","has-post-thumbnail","hentry","category-economia"],"yoast_head":"<!-- This site is optimized with the Yoast SEO plugin v27.2 - https:\/\/yoast.com\/product\/yoast-seo-wordpress\/ -->\n<title>Pr\u00e9via da infla\u00e7\u00e3o oficial recua para 0,21% em abril\u00a0 - Jornal Ponto Mais<\/title>\n<meta name=\"robots\" content=\"index, follow, max-snippet:-1, max-image-preview:large, max-video-preview:-1\" \/>\n<link rel=\"canonical\" href=\"https:\/\/jornalpontomais.com\/site\/2024\/04\/26\/previa-da-inflacao-oficial-recua-para-021-em-abril\/\" \/>\n<meta property=\"og:locale\" content=\"pt_BR\" \/>\n<meta property=\"og:type\" content=\"article\" \/>\n<meta property=\"og:title\" content=\"Pr\u00e9via da infla\u00e7\u00e3o oficial recua para 0,21% em abril\u00a0 - Jornal Ponto Mais\" \/>\n<meta property=\"og:description\" content=\"O \u00cdndice Nacional de Pre\u00e7os ao Consumidor Amplo 15 (IPCA-15), que mede a pr\u00e9via da infla\u00e7\u00e3o oficial no m\u00eas, ficou em 0,21% em abril deste ano, portanto abaixo das taxas do m\u00eas anterior (0,36%) e de abril do ano passado (0,57%). O dado foi divulgado nesta sexta-feira (26), pelo Instituto Brasileiro de Geografia e Estat\u00edstica [&hellip;]\" \/>\n<meta property=\"og:url\" content=\"https:\/\/jornalpontomais.com\/site\/2024\/04\/26\/previa-da-inflacao-oficial-recua-para-021-em-abril\/\" \/>\n<meta property=\"og:site_name\" content=\"Jornal Ponto Mais\" \/>\n<meta property=\"article:published_time\" content=\"2024-04-26T13:21:46+00:00\" \/>\n<meta property=\"article:modified_time\" content=\"2024-04-26T13:21:47+00:00\" \/>\n<meta property=\"og:image\" content=\"https:\/\/jornalpontomais.com\/site\/wp-content\/uploads\/2023\/11\/real_moeda_dinheiro_mcajr_2904223675.webp\" \/>\n\t<meta property=\"og:image:width\" content=\"1170\" \/>\n\t<meta property=\"og:image:height\" content=\"700\" \/>\n\t<meta property=\"og:image:type\" content=\"image\/webp\" \/>\n<meta name=\"author\" content=\"Jornal Ponto Mais\" \/>\n<meta name=\"twitter:card\" content=\"summary_large_image\" \/>\n<meta name=\"twitter:label1\" content=\"Escrito por\" \/>\n\t<meta name=\"twitter:data1\" content=\"Jornal Ponto Mais\" \/>\n\t<meta name=\"twitter:label2\" content=\"Est. tempo de leitura\" \/>\n\t<meta name=\"twitter:data2\" content=\"2 minutos\" \/>\n<script type=\"application\/ld+json\" class=\"yoast-schema-graph\">{\"@context\":\"https:\/\/schema.org\",\"@graph\":[{\"@type\":\"Article\",\"@id\":\"https:\/\/jornalpontomais.com\/site\/2024\/04\/26\/previa-da-inflacao-oficial-recua-para-021-em-abril\/#article\",\"isPartOf\":{\"@id\":\"https:\/\/jornalpontomais.com\/site\/2024\/04\/26\/previa-da-inflacao-oficial-recua-para-021-em-abril\/\"},\"author\":{\"name\":\"Jornal Ponto Mais\",\"@id\":\"https:\/\/jornalpontomais.com\/site\/#\/schema\/person\/18323f0b0f1355f2490721c48389fe9d\"},\"headline\":\"Pr\u00e9via da infla\u00e7\u00e3o oficial recua para 0,21% em abril\u00a0\",\"datePublished\":\"2024-04-26T13:21:46+00:00\",\"dateModified\":\"2024-04-26T13:21:47+00:00\",\"mainEntityOfPage\":{\"@id\":\"https:\/\/jornalpontomais.com\/site\/2024\/04\/26\/previa-da-inflacao-oficial-recua-para-021-em-abril\/\"},\"wordCount\":278,\"commentCount\":0,\"publisher\":{\"@id\":\"https:\/\/jornalpontomais.com\/site\/#organization\"},\"image\":{\"@id\":\"https:\/\/jornalpontomais.com\/site\/2024\/04\/26\/previa-da-inflacao-oficial-recua-para-021-em-abril\/#primaryimage\"},\"thumbnailUrl\":\"https:\/\/jornalpontomais.com\/site\/wp-content\/uploads\/2023\/11\/real_moeda_dinheiro_mcajr_2904223675.webp\",\"articleSection\":[\"Economia\"],\"inLanguage\":\"pt-BR\",\"potentialAction\":[{\"@type\":\"CommentAction\",\"name\":\"Comment\",\"target\":[\"https:\/\/jornalpontomais.com\/site\/2024\/04\/26\/previa-da-inflacao-oficial-recua-para-021-em-abril\/#respond\"]}]},{\"@type\":\"WebPage\",\"@id\":\"https:\/\/jornalpontomais.com\/site\/2024\/04\/26\/previa-da-inflacao-oficial-recua-para-021-em-abril\/\",\"url\":\"https:\/\/jornalpontomais.com\/site\/2024\/04\/26\/previa-da-inflacao-oficial-recua-para-021-em-abril\/\",\"name\":\"Pr\u00e9via da infla\u00e7\u00e3o oficial recua para 0,21% em abril\u00a0 - Jornal Ponto Mais\",\"isPartOf\":{\"@id\":\"https:\/\/jornalpontomais.com\/site\/#website\"},\"primaryImageOfPage\":{\"@id\":\"https:\/\/jornalpontomais.com\/site\/2024\/04\/26\/previa-da-inflacao-oficial-recua-para-021-em-abril\/#primaryimage\"},\"image\":{\"@id\":\"https:\/\/jornalpontomais.com\/site\/2024\/04\/26\/previa-da-inflacao-oficial-recua-para-021-em-abril\/#primaryimage\"},\"thumbnailUrl\":\"https:\/\/jornalpontomais.com\/site\/wp-content\/uploads\/2023\/11\/real_moeda_dinheiro_mcajr_2904223675.webp\",\"datePublished\":\"2024-04-26T13:21:46+00:00\",\"dateModified\":\"2024-04-26T13:21:47+00:00\",\"breadcrumb\":{\"@id\":\"https:\/\/jornalpontomais.com\/site\/2024\/04\/26\/previa-da-inflacao-oficial-recua-para-021-em-abril\/#breadcrumb\"},\"inLanguage\":\"pt-BR\",\"potentialAction\":[{\"@type\":\"ReadAction\",\"target\":[\"https:\/\/jornalpontomais.com\/site\/2024\/04\/26\/previa-da-inflacao-oficial-recua-para-021-em-abril\/\"]}]},{\"@type\":\"ImageObject\",\"inLanguage\":\"pt-BR\",\"@id\":\"https:\/\/jornalpontomais.com\/site\/2024\/04\/26\/previa-da-inflacao-oficial-recua-para-021-em-abril\/#primaryimage\",\"url\":\"https:\/\/jornalpontomais.com\/site\/wp-content\/uploads\/2023\/11\/real_moeda_dinheiro_mcajr_2904223675.webp\",\"contentUrl\":\"https:\/\/jornalpontomais.com\/site\/wp-content\/uploads\/2023\/11\/real_moeda_dinheiro_mcajr_2904223675.webp\",\"width\":1170,\"height\":700},{\"@type\":\"BreadcrumbList\",\"@id\":\"https:\/\/jornalpontomais.com\/site\/2024\/04\/26\/previa-da-inflacao-oficial-recua-para-021-em-abril\/#breadcrumb\",\"itemListElement\":[{\"@type\":\"ListItem\",\"position\":1,\"name\":\"In\u00edcio\",\"item\":\"https:\/\/jornalpontomais.com\/site\/\"},{\"@type\":\"ListItem\",\"position\":2,\"name\":\"Pr\u00e9via da infla\u00e7\u00e3o oficial recua para 0,21% em abril\u00a0\"}]},{\"@type\":\"WebSite\",\"@id\":\"https:\/\/jornalpontomais.com\/site\/#website\",\"url\":\"https:\/\/jornalpontomais.com\/site\/\",\"name\":\"Jornal Ponto Mais\",\"description\":\"As principais not\u00edcias do Brasil e do mundo. Confira!\",\"publisher\":{\"@id\":\"https:\/\/jornalpontomais.com\/site\/#organization\"},\"potentialAction\":[{\"@type\":\"SearchAction\",\"target\":{\"@type\":\"EntryPoint\",\"urlTemplate\":\"https:\/\/jornalpontomais.com\/site\/?s={search_term_string}\"},\"query-input\":{\"@type\":\"PropertyValueSpecification\",\"valueRequired\":true,\"valueName\":\"search_term_string\"}}],\"inLanguage\":\"pt-BR\"},{\"@type\":\"Organization\",\"@id\":\"https:\/\/jornalpontomais.com\/site\/#organization\",\"name\":\"Jornal Ponto+\",\"url\":\"https:\/\/jornalpontomais.com\/site\/\",\"logo\":{\"@type\":\"ImageObject\",\"inLanguage\":\"pt-BR\",\"@id\":\"https:\/\/jornalpontomais.com\/site\/#\/schema\/logo\/image\/\",\"url\":\"https:\/\/jornalpontomais.com\/site\/wp-content\/uploads\/2022\/01\/marca.png\",\"contentUrl\":\"https:\/\/jornalpontomais.com\/site\/wp-content\/uploads\/2022\/01\/marca.png\",\"width\":582,\"height\":148,\"caption\":\"Jornal Ponto+\"},\"image\":{\"@id\":\"https:\/\/jornalpontomais.com\/site\/#\/schema\/logo\/image\/\"}},{\"@type\":\"Person\",\"@id\":\"https:\/\/jornalpontomais.com\/site\/#\/schema\/person\/18323f0b0f1355f2490721c48389fe9d\",\"name\":\"Jornal Ponto Mais\",\"image\":{\"@type\":\"ImageObject\",\"inLanguage\":\"pt-BR\",\"@id\":\"https:\/\/secure.gravatar.com\/avatar\/2ee0a9b7fe10fe32bdec8bc086e871e41eb5f4f6ecbcb7b4f2fe0d92d831405f?s=96&d=mm&r=g\",\"url\":\"https:\/\/secure.gravatar.com\/avatar\/2ee0a9b7fe10fe32bdec8bc086e871e41eb5f4f6ecbcb7b4f2fe0d92d831405f?s=96&d=mm&r=g\",\"contentUrl\":\"https:\/\/secure.gravatar.com\/avatar\/2ee0a9b7fe10fe32bdec8bc086e871e41eb5f4f6ecbcb7b4f2fe0d92d831405f?s=96&d=mm&r=g\",\"caption\":\"Jornal Ponto Mais\"},\"sameAs\":[\"https:\/\/jornalpontomais.com\/site\",\"jornalpontomais\"],\"url\":\"https:\/\/jornalpontomais.com\/site\/author\/jornalpontomais\/\"}]}<\/script>\n<!-- \/ Yoast SEO plugin. -->","yoast_head_json":{"title":"Pr\u00e9via da infla\u00e7\u00e3o oficial recua para 0,21% em abril\u00a0 - Jornal Ponto Mais","robots":{"index":"index","follow":"follow","max-snippet":"max-snippet:-1","max-image-preview":"max-image-preview:large","max-video-preview":"max-video-preview:-1"},"canonical":"https:\/\/jornalpontomais.com\/site\/2024\/04\/26\/previa-da-inflacao-oficial-recua-para-021-em-abril\/","og_locale":"pt_BR","og_type":"article","og_title":"Pr\u00e9via da infla\u00e7\u00e3o oficial recua para 0,21% em abril\u00a0 - Jornal Ponto Mais","og_description":"O \u00cdndice Nacional de Pre\u00e7os ao Consumidor Amplo 15 (IPCA-15), que mede a pr\u00e9via da infla\u00e7\u00e3o oficial no m\u00eas, ficou em 0,21% em abril deste ano, portanto abaixo das taxas do m\u00eas anterior (0,36%) e de abril do ano passado (0,57%). O dado foi divulgado nesta sexta-feira (26), pelo Instituto Brasileiro de Geografia e Estat\u00edstica [&hellip;]","og_url":"https:\/\/jornalpontomais.com\/site\/2024\/04\/26\/previa-da-inflacao-oficial-recua-para-021-em-abril\/","og_site_name":"Jornal Ponto Mais","article_published_time":"2024-04-26T13:21:46+00:00","article_modified_time":"2024-04-26T13:21:47+00:00","og_image":[{"width":1170,"height":700,"url":"https:\/\/jornalpontomais.com\/site\/wp-content\/uploads\/2023\/11\/real_moeda_dinheiro_mcajr_2904223675.webp","type":"image\/webp"}],"author":"Jornal Ponto Mais","twitter_card":"summary_large_image","twitter_misc":{"Escrito por":"Jornal Ponto Mais","Est. tempo de leitura":"2 minutos"},"schema":{"@context":"https:\/\/schema.org","@graph":[{"@type":"Article","@id":"https:\/\/jornalpontomais.com\/site\/2024\/04\/26\/previa-da-inflacao-oficial-recua-para-021-em-abril\/#article","isPartOf":{"@id":"https:\/\/jornalpontomais.com\/site\/2024\/04\/26\/previa-da-inflacao-oficial-recua-para-021-em-abril\/"},"author":{"name":"Jornal Ponto Mais","@id":"https:\/\/jornalpontomais.com\/site\/#\/schema\/person\/18323f0b0f1355f2490721c48389fe9d"},"headline":"Pr\u00e9via da infla\u00e7\u00e3o oficial recua para 0,21% em abril\u00a0","datePublished":"2024-04-26T13:21:46+00:00","dateModified":"2024-04-26T13:21:47+00:00","mainEntityOfPage":{"@id":"https:\/\/jornalpontomais.com\/site\/2024\/04\/26\/previa-da-inflacao-oficial-recua-para-021-em-abril\/"},"wordCount":278,"commentCount":0,"publisher":{"@id":"https:\/\/jornalpontomais.com\/site\/#organization"},"image":{"@id":"https:\/\/jornalpontomais.com\/site\/2024\/04\/26\/previa-da-inflacao-oficial-recua-para-021-em-abril\/#primaryimage"},"thumbnailUrl":"https:\/\/jornalpontomais.com\/site\/wp-content\/uploads\/2023\/11\/real_moeda_dinheiro_mcajr_2904223675.webp","articleSection":["Economia"],"inLanguage":"pt-BR","potentialAction":[{"@type":"CommentAction","name":"Comment","target":["https:\/\/jornalpontomais.com\/site\/2024\/04\/26\/previa-da-inflacao-oficial-recua-para-021-em-abril\/#respond"]}]},{"@type":"WebPage","@id":"https:\/\/jornalpontomais.com\/site\/2024\/04\/26\/previa-da-inflacao-oficial-recua-para-021-em-abril\/","url":"https:\/\/jornalpontomais.com\/site\/2024\/04\/26\/previa-da-inflacao-oficial-recua-para-021-em-abril\/","name":"Pr\u00e9via da infla\u00e7\u00e3o oficial recua para 0,21% em abril\u00a0 - Jornal Ponto Mais","isPartOf":{"@id":"https:\/\/jornalpontomais.com\/site\/#website"},"primaryImageOfPage":{"@id":"https:\/\/jornalpontomais.com\/site\/2024\/04\/26\/previa-da-inflacao-oficial-recua-para-021-em-abril\/#primaryimage"},"image":{"@id":"https:\/\/jornalpontomais.com\/site\/2024\/04\/26\/previa-da-inflacao-oficial-recua-para-021-em-abril\/#primaryimage"},"thumbnailUrl":"https:\/\/jornalpontomais.com\/site\/wp-content\/uploads\/2023\/11\/real_moeda_dinheiro_mcajr_2904223675.webp","datePublished":"2024-04-26T13:21:46+00:00","dateModified":"2024-04-26T13:21:47+00:00","breadcrumb":{"@id":"https:\/\/jornalpontomais.com\/site\/2024\/04\/26\/previa-da-inflacao-oficial-recua-para-021-em-abril\/#breadcrumb"},"inLanguage":"pt-BR","potentialAction":[{"@type":"ReadAction","target":["https:\/\/jornalpontomais.com\/site\/2024\/04\/26\/previa-da-inflacao-oficial-recua-para-021-em-abril\/"]}]},{"@type":"ImageObject","inLanguage":"pt-BR","@id":"https:\/\/jornalpontomais.com\/site\/2024\/04\/26\/previa-da-inflacao-oficial-recua-para-021-em-abril\/#primaryimage","url":"https:\/\/jornalpontomais.com\/site\/wp-content\/uploads\/2023\/11\/real_moeda_dinheiro_mcajr_2904223675.webp","contentUrl":"https:\/\/jornalpontomais.com\/site\/wp-content\/uploads\/2023\/11\/real_moeda_dinheiro_mcajr_2904223675.webp","width":1170,"height":700},{"@type":"BreadcrumbList","@id":"https:\/\/jornalpontomais.com\/site\/2024\/04\/26\/previa-da-inflacao-oficial-recua-para-021-em-abril\/#breadcrumb","itemListElement":[{"@type":"ListItem","position":1,"name":"In\u00edcio","item":"https:\/\/jornalpontomais.com\/site\/"},{"@type":"ListItem","position":2,"name":"Pr\u00e9via da infla\u00e7\u00e3o oficial recua para 0,21% em abril\u00a0"}]},{"@type":"WebSite","@id":"https:\/\/jornalpontomais.com\/site\/#website","url":"https:\/\/jornalpontomais.com\/site\/","name":"Jornal Ponto Mais","description":"As principais not\u00edcias do Brasil e do mundo. Confira!","publisher":{"@id":"https:\/\/jornalpontomais.com\/site\/#organization"},"potentialAction":[{"@type":"SearchAction","target":{"@type":"EntryPoint","urlTemplate":"https:\/\/jornalpontomais.com\/site\/?s={search_term_string}"},"query-input":{"@type":"PropertyValueSpecification","valueRequired":true,"valueName":"search_term_string"}}],"inLanguage":"pt-BR"},{"@type":"Organization","@id":"https:\/\/jornalpontomais.com\/site\/#organization","name":"Jornal Ponto+","url":"https:\/\/jornalpontomais.com\/site\/","logo":{"@type":"ImageObject","inLanguage":"pt-BR","@id":"https:\/\/jornalpontomais.com\/site\/#\/schema\/logo\/image\/","url":"https:\/\/jornalpontomais.com\/site\/wp-content\/uploads\/2022\/01\/marca.png","contentUrl":"https:\/\/jornalpontomais.com\/site\/wp-content\/uploads\/2022\/01\/marca.png","width":582,"height":148,"caption":"Jornal Ponto+"},"image":{"@id":"https:\/\/jornalpontomais.com\/site\/#\/schema\/logo\/image\/"}},{"@type":"Person","@id":"https:\/\/jornalpontomais.com\/site\/#\/schema\/person\/18323f0b0f1355f2490721c48389fe9d","name":"Jornal Ponto Mais","image":{"@type":"ImageObject","inLanguage":"pt-BR","@id":"https:\/\/secure.gravatar.com\/avatar\/2ee0a9b7fe10fe32bdec8bc086e871e41eb5f4f6ecbcb7b4f2fe0d92d831405f?s=96&d=mm&r=g","url":"https:\/\/secure.gravatar.com\/avatar\/2ee0a9b7fe10fe32bdec8bc086e871e41eb5f4f6ecbcb7b4f2fe0d92d831405f?s=96&d=mm&r=g","contentUrl":"https:\/\/secure.gravatar.com\/avatar\/2ee0a9b7fe10fe32bdec8bc086e871e41eb5f4f6ecbcb7b4f2fe0d92d831405f?s=96&d=mm&r=g","caption":"Jornal Ponto Mais"},"sameAs":["https:\/\/jornalpontomais.com\/site","jornalpontomais"],"url":"https:\/\/jornalpontomais.com\/site\/author\/jornalpontomais\/"}]}},"_links":{"self":[{"href":"https:\/\/jornalpontomais.com\/site\/wp-json\/wp\/v2\/posts\/12902","targetHints":{"allow":["GET"]}}],"collection":[{"href":"https:\/\/jornalpontomais.com\/site\/wp-json\/wp\/v2\/posts"}],"about":[{"href":"https:\/\/jornalpontomais.com\/site\/wp-json\/wp\/v2\/types\/post"}],"author":[{"embeddable":true,"href":"https:\/\/jornalpontomais.com\/site\/wp-json\/wp\/v2\/users\/2"}],"replies":[{"embeddable":true,"href":"https:\/\/jornalpontomais.com\/site\/wp-json\/wp\/v2\/comments?post=12902"}],"version-history":[{"count":1,"href":"https:\/\/jornalpontomais.com\/site\/wp-json\/wp\/v2\/posts\/12902\/revisions"}],"predecessor-version":[{"id":12903,"href":"https:\/\/jornalpontomais.com\/site\/wp-json\/wp\/v2\/posts\/12902\/revisions\/12903"}],"wp:featuredmedia":[{"embeddable":true,"href":"https:\/\/jornalpontomais.com\/site\/wp-json\/wp\/v2\/media\/10629"}],"wp:attachment":[{"href":"https:\/\/jornalpontomais.com\/site\/wp-json\/wp\/v2\/media?parent=12902"}],"wp:term":[{"taxonomy":"category","embeddable":true,"href":"https:\/\/jornalpontomais.com\/site\/wp-json\/wp\/v2\/categories?post=12902"},{"taxonomy":"post_tag","embeddable":true,"href":"https:\/\/jornalpontomais.com\/site\/wp-json\/wp\/v2\/tags?post=12902"}],"curies":[{"name":"wp","href":"https:\/\/api.w.org\/{rel}","templated":true}]}}