{"id":12896,"date":"2024-04-25T14:13:52","date_gmt":"2024-04-25T17:13:52","guid":{"rendered":"https:\/\/jornalpontomais.com\/site\/?p=12896"},"modified":"2024-04-25T14:13:53","modified_gmt":"2024-04-25T17:13:53","slug":"ana-paula-vergutz-conquista-vaga-olimpica-para-o-brasil-na-canoagem","status":"publish","type":"post","link":"https:\/\/jornalpontomais.com\/site\/2024\/04\/25\/ana-paula-vergutz-conquista-vaga-olimpica-para-o-brasil-na-canoagem\/","title":{"rendered":"Ana Paula Vergutz conquista vaga ol\u00edmpica para o Brasil na canoagem"},"content":{"rendered":"\n<p>O Brasil assegurou mais uma vaga na canoagem de velocidade para as Olimp\u00edadas. No \u00faltimo dia do pr\u00e9-ol\u00edmpico das Am\u00e9ricas de Sarasota, Ana Paula Vergutz conquistou o segundo lugar no K1 500m, garantindo assim mais uma cota para o pa\u00eds nos Jogos. Com isso, a delega\u00e7\u00e3o brasileira contar\u00e1 com seis atletas e seis barcos em Paris.<br><br><\/p>\n\n\n\n<p>Ana Paula, que j\u00e1 foi atleta ol\u00edmpica na Rio 2016, completou a prova em 1m52s881, ficando atr\u00e1s apenas da argentina Brenda Rojas (1m51s376). Elas conquistaram as duas vagas em disputa em Sarasota. A cubana Daylen Rodriguez Perez completou o p\u00f3dio (1m53s576), mas n\u00e3o conseguiu a vaga para os Jogos de Paris.<br><br><\/p>\n\n\n\n<p>&#8220;\u00c9 mais uma vaga ol\u00edmpica. Estou muito feliz. Quero agradecer a todos que acompanharam esse caminho de trabalho que percorremos. Conseguimos o resultado pelo qual trabalhamos t\u00e3o duro&#8221;, afirmou Ana Paula.<br><br><\/p>\n\n\n\n<p>O Brasil iniciou o pr\u00e9-ol\u00edmpico de Sarasota com apenas uma vaga garantida, conquistada por Isaquias Queiroz no C1 1.000m, gra\u00e7as ao seu desempenho no Mundial do ano passado. No entanto, o pa\u00eds conseguiu cinco das seis vagas disputadas nos Estados Unidos.<br><br><\/p>\n\n\n\n<p>Na ter\u00e7a-feira, Jacky Godmann e Filipe Vinicius Vieira sagraram-se campe\u00f5es no C2 500m, garantindo tamb\u00e9m um segundo barco no C1 1.000m. Na quarta-feira, Valdenice Concei\u00e7\u00e3o conquistou o t\u00edtulo no C1 200m, e Vagner Souta garantiu a vaga ol\u00edmpica no K1 1.000m. Nesta quinta-feira, Ana Paula completou o grupo ao conquistar o segundo lugar no K1 500m.<br><br><\/p>\n\n\n\n<p>Todas as vagas na canoagem de velocidade s\u00e3o do Brasil, e qualquer cano\u00edsta brasileiro pode ser convocado para as Olimp\u00edadas. A expectativa \u00e9 que Isaquias Queiroz dispute duas provas (C1 e C2), enquanto Jacky Godmann formar\u00e1 dupla (C2). Filipe Vinicius Vieira \u00e9 o favorito para a segunda vaga no C1. Valdenice Concei\u00e7\u00e3o (C1), Vagner Soura (K1) e Ana Paula Vergutz (K1) devem ser confirmados para as vagas que conquistaram para o Brasil.<\/p>\n\n\n\n<p><em>Fonte: GE<\/em><\/p>\n","protected":false},"excerpt":{"rendered":"<p>O Brasil assegurou mais uma vaga na canoagem de velocidade para as Olimp\u00edadas. No \u00faltimo dia do pr\u00e9-ol\u00edmpico das Am\u00e9ricas de Sarasota, Ana Paula Vergutz conquistou o segundo lugar no K1 500m, garantindo assim mais uma cota para o pa\u00eds nos Jogos. Com isso, a delega\u00e7\u00e3o brasileira contar\u00e1 com seis atletas e seis barcos em [&hellip;]<\/p>\n","protected":false},"author":2,"featured_media":12897,"comment_status":"open","ping_status":"open","sticky":true,"template":"","format":"standard","meta":{"om_disable_all_campaigns":false,"_monsterinsights_skip_tracking":false,"_monsterinsights_sitenote_active":false,"_monsterinsights_sitenote_note":"","_monsterinsights_sitenote_category":0,"footnotes":""},"categories":[4],"tags":[],"class_list":["post-12896","post","type-post","status-publish","format-standard","has-post-thumbnail","hentry","category-esporte"],"yoast_head":"<!-- This site is optimized with the Yoast SEO plugin v27.2 - https:\/\/yoast.com\/product\/yoast-seo-wordpress\/ -->\n<title>Ana Paula Vergutz conquista vaga ol\u00edmpica para o Brasil na canoagem - Jornal Ponto Mais<\/title>\n<meta name=\"robots\" content=\"index, follow, max-snippet:-1, max-image-preview:large, max-video-preview:-1\" \/>\n<link rel=\"canonical\" href=\"https:\/\/jornalpontomais.com\/site\/2024\/04\/25\/ana-paula-vergutz-conquista-vaga-olimpica-para-o-brasil-na-canoagem\/\" \/>\n<meta property=\"og:locale\" content=\"pt_BR\" \/>\n<meta property=\"og:type\" content=\"article\" \/>\n<meta property=\"og:title\" content=\"Ana Paula Vergutz conquista vaga ol\u00edmpica para o Brasil na canoagem - Jornal Ponto Mais\" \/>\n<meta property=\"og:description\" content=\"O Brasil assegurou mais uma vaga na canoagem de velocidade para as Olimp\u00edadas. No \u00faltimo dia do pr\u00e9-ol\u00edmpico das Am\u00e9ricas de Sarasota, Ana Paula Vergutz conquistou o segundo lugar no K1 500m, garantindo assim mais uma cota para o pa\u00eds nos Jogos. Com isso, a delega\u00e7\u00e3o brasileira contar\u00e1 com seis atletas e seis barcos em [&hellip;]\" \/>\n<meta property=\"og:url\" content=\"https:\/\/jornalpontomais.com\/site\/2024\/04\/25\/ana-paula-vergutz-conquista-vaga-olimpica-para-o-brasil-na-canoagem\/\" \/>\n<meta property=\"og:site_name\" content=\"Jornal Ponto Mais\" \/>\n<meta property=\"article:published_time\" content=\"2024-04-25T17:13:52+00:00\" \/>\n<meta property=\"article:modified_time\" content=\"2024-04-25T17:13:53+00:00\" \/>\n<meta property=\"og:image\" content=\"https:\/\/jornalpontomais.com\/site\/wp-content\/uploads\/2024\/04\/20200622163541wr_canoagem_130322-1.jpg\" \/>\n\t<meta property=\"og:image:width\" content=\"1500\" \/>\n\t<meta property=\"og:image:height\" content=\"1000\" \/>\n\t<meta property=\"og:image:type\" content=\"image\/jpeg\" \/>\n<meta name=\"author\" content=\"Jornal Ponto Mais\" \/>\n<meta name=\"twitter:card\" content=\"summary_large_image\" \/>\n<meta name=\"twitter:label1\" content=\"Escrito por\" \/>\n\t<meta name=\"twitter:data1\" content=\"Jornal Ponto Mais\" \/>\n\t<meta name=\"twitter:label2\" content=\"Est. tempo de leitura\" \/>\n\t<meta name=\"twitter:data2\" content=\"2 minutos\" \/>\n<script type=\"application\/ld+json\" class=\"yoast-schema-graph\">{\"@context\":\"https:\/\/schema.org\",\"@graph\":[{\"@type\":\"Article\",\"@id\":\"https:\/\/jornalpontomais.com\/site\/2024\/04\/25\/ana-paula-vergutz-conquista-vaga-olimpica-para-o-brasil-na-canoagem\/#article\",\"isPartOf\":{\"@id\":\"https:\/\/jornalpontomais.com\/site\/2024\/04\/25\/ana-paula-vergutz-conquista-vaga-olimpica-para-o-brasil-na-canoagem\/\"},\"author\":{\"name\":\"Jornal Ponto Mais\",\"@id\":\"https:\/\/jornalpontomais.com\/site\/#\/schema\/person\/18323f0b0f1355f2490721c48389fe9d\"},\"headline\":\"Ana Paula Vergutz conquista vaga ol\u00edmpica para o Brasil na canoagem\",\"datePublished\":\"2024-04-25T17:13:52+00:00\",\"dateModified\":\"2024-04-25T17:13:53+00:00\",\"mainEntityOfPage\":{\"@id\":\"https:\/\/jornalpontomais.com\/site\/2024\/04\/25\/ana-paula-vergutz-conquista-vaga-olimpica-para-o-brasil-na-canoagem\/\"},\"wordCount\":346,\"commentCount\":0,\"publisher\":{\"@id\":\"https:\/\/jornalpontomais.com\/site\/#organization\"},\"image\":{\"@id\":\"https:\/\/jornalpontomais.com\/site\/2024\/04\/25\/ana-paula-vergutz-conquista-vaga-olimpica-para-o-brasil-na-canoagem\/#primaryimage\"},\"thumbnailUrl\":\"https:\/\/jornalpontomais.com\/site\/wp-content\/uploads\/2024\/04\/20200622163541wr_canoagem_130322-1.jpg\",\"articleSection\":[\"Esporte\"],\"inLanguage\":\"pt-BR\",\"potentialAction\":[{\"@type\":\"CommentAction\",\"name\":\"Comment\",\"target\":[\"https:\/\/jornalpontomais.com\/site\/2024\/04\/25\/ana-paula-vergutz-conquista-vaga-olimpica-para-o-brasil-na-canoagem\/#respond\"]}]},{\"@type\":\"WebPage\",\"@id\":\"https:\/\/jornalpontomais.com\/site\/2024\/04\/25\/ana-paula-vergutz-conquista-vaga-olimpica-para-o-brasil-na-canoagem\/\",\"url\":\"https:\/\/jornalpontomais.com\/site\/2024\/04\/25\/ana-paula-vergutz-conquista-vaga-olimpica-para-o-brasil-na-canoagem\/\",\"name\":\"Ana Paula Vergutz conquista vaga ol\u00edmpica para o Brasil na canoagem - Jornal Ponto Mais\",\"isPartOf\":{\"@id\":\"https:\/\/jornalpontomais.com\/site\/#website\"},\"primaryImageOfPage\":{\"@id\":\"https:\/\/jornalpontomais.com\/site\/2024\/04\/25\/ana-paula-vergutz-conquista-vaga-olimpica-para-o-brasil-na-canoagem\/#primaryimage\"},\"image\":{\"@id\":\"https:\/\/jornalpontomais.com\/site\/2024\/04\/25\/ana-paula-vergutz-conquista-vaga-olimpica-para-o-brasil-na-canoagem\/#primaryimage\"},\"thumbnailUrl\":\"https:\/\/jornalpontomais.com\/site\/wp-content\/uploads\/2024\/04\/20200622163541wr_canoagem_130322-1.jpg\",\"datePublished\":\"2024-04-25T17:13:52+00:00\",\"dateModified\":\"2024-04-25T17:13:53+00:00\",\"breadcrumb\":{\"@id\":\"https:\/\/jornalpontomais.com\/site\/2024\/04\/25\/ana-paula-vergutz-conquista-vaga-olimpica-para-o-brasil-na-canoagem\/#breadcrumb\"},\"inLanguage\":\"pt-BR\",\"potentialAction\":[{\"@type\":\"ReadAction\",\"target\":[\"https:\/\/jornalpontomais.com\/site\/2024\/04\/25\/ana-paula-vergutz-conquista-vaga-olimpica-para-o-brasil-na-canoagem\/\"]}]},{\"@type\":\"ImageObject\",\"inLanguage\":\"pt-BR\",\"@id\":\"https:\/\/jornalpontomais.com\/site\/2024\/04\/25\/ana-paula-vergutz-conquista-vaga-olimpica-para-o-brasil-na-canoagem\/#primaryimage\",\"url\":\"https:\/\/jornalpontomais.com\/site\/wp-content\/uploads\/2024\/04\/20200622163541wr_canoagem_130322-1.jpg\",\"contentUrl\":\"https:\/\/jornalpontomais.com\/site\/wp-content\/uploads\/2024\/04\/20200622163541wr_canoagem_130322-1.jpg\",\"width\":1500,\"height\":1000},{\"@type\":\"BreadcrumbList\",\"@id\":\"https:\/\/jornalpontomais.com\/site\/2024\/04\/25\/ana-paula-vergutz-conquista-vaga-olimpica-para-o-brasil-na-canoagem\/#breadcrumb\",\"itemListElement\":[{\"@type\":\"ListItem\",\"position\":1,\"name\":\"In\u00edcio\",\"item\":\"https:\/\/jornalpontomais.com\/site\/\"},{\"@type\":\"ListItem\",\"position\":2,\"name\":\"Ana Paula Vergutz conquista vaga ol\u00edmpica para o Brasil na canoagem\"}]},{\"@type\":\"WebSite\",\"@id\":\"https:\/\/jornalpontomais.com\/site\/#website\",\"url\":\"https:\/\/jornalpontomais.com\/site\/\",\"name\":\"Jornal Ponto Mais\",\"description\":\"As principais not\u00edcias do Brasil e do mundo. Confira!\",\"publisher\":{\"@id\":\"https:\/\/jornalpontomais.com\/site\/#organization\"},\"potentialAction\":[{\"@type\":\"SearchAction\",\"target\":{\"@type\":\"EntryPoint\",\"urlTemplate\":\"https:\/\/jornalpontomais.com\/site\/?s={search_term_string}\"},\"query-input\":{\"@type\":\"PropertyValueSpecification\",\"valueRequired\":true,\"valueName\":\"search_term_string\"}}],\"inLanguage\":\"pt-BR\"},{\"@type\":\"Organization\",\"@id\":\"https:\/\/jornalpontomais.com\/site\/#organization\",\"name\":\"Jornal Ponto+\",\"url\":\"https:\/\/jornalpontomais.com\/site\/\",\"logo\":{\"@type\":\"ImageObject\",\"inLanguage\":\"pt-BR\",\"@id\":\"https:\/\/jornalpontomais.com\/site\/#\/schema\/logo\/image\/\",\"url\":\"https:\/\/jornalpontomais.com\/site\/wp-content\/uploads\/2022\/01\/marca.png\",\"contentUrl\":\"https:\/\/jornalpontomais.com\/site\/wp-content\/uploads\/2022\/01\/marca.png\",\"width\":582,\"height\":148,\"caption\":\"Jornal Ponto+\"},\"image\":{\"@id\":\"https:\/\/jornalpontomais.com\/site\/#\/schema\/logo\/image\/\"}},{\"@type\":\"Person\",\"@id\":\"https:\/\/jornalpontomais.com\/site\/#\/schema\/person\/18323f0b0f1355f2490721c48389fe9d\",\"name\":\"Jornal Ponto Mais\",\"image\":{\"@type\":\"ImageObject\",\"inLanguage\":\"pt-BR\",\"@id\":\"https:\/\/secure.gravatar.com\/avatar\/2ee0a9b7fe10fe32bdec8bc086e871e41eb5f4f6ecbcb7b4f2fe0d92d831405f?s=96&d=mm&r=g\",\"url\":\"https:\/\/secure.gravatar.com\/avatar\/2ee0a9b7fe10fe32bdec8bc086e871e41eb5f4f6ecbcb7b4f2fe0d92d831405f?s=96&d=mm&r=g\",\"contentUrl\":\"https:\/\/secure.gravatar.com\/avatar\/2ee0a9b7fe10fe32bdec8bc086e871e41eb5f4f6ecbcb7b4f2fe0d92d831405f?s=96&d=mm&r=g\",\"caption\":\"Jornal Ponto Mais\"},\"sameAs\":[\"https:\/\/jornalpontomais.com\/site\",\"jornalpontomais\"],\"url\":\"https:\/\/jornalpontomais.com\/site\/author\/jornalpontomais\/\"}]}<\/script>\n<!-- \/ Yoast SEO plugin. -->","yoast_head_json":{"title":"Ana Paula Vergutz conquista vaga ol\u00edmpica para o Brasil na canoagem - Jornal Ponto Mais","robots":{"index":"index","follow":"follow","max-snippet":"max-snippet:-1","max-image-preview":"max-image-preview:large","max-video-preview":"max-video-preview:-1"},"canonical":"https:\/\/jornalpontomais.com\/site\/2024\/04\/25\/ana-paula-vergutz-conquista-vaga-olimpica-para-o-brasil-na-canoagem\/","og_locale":"pt_BR","og_type":"article","og_title":"Ana Paula Vergutz conquista vaga ol\u00edmpica para o Brasil na canoagem - Jornal Ponto Mais","og_description":"O Brasil assegurou mais uma vaga na canoagem de velocidade para as Olimp\u00edadas. No \u00faltimo dia do pr\u00e9-ol\u00edmpico das Am\u00e9ricas de Sarasota, Ana Paula Vergutz conquistou o segundo lugar no K1 500m, garantindo assim mais uma cota para o pa\u00eds nos Jogos. Com isso, a delega\u00e7\u00e3o brasileira contar\u00e1 com seis atletas e seis barcos em [&hellip;]","og_url":"https:\/\/jornalpontomais.com\/site\/2024\/04\/25\/ana-paula-vergutz-conquista-vaga-olimpica-para-o-brasil-na-canoagem\/","og_site_name":"Jornal Ponto Mais","article_published_time":"2024-04-25T17:13:52+00:00","article_modified_time":"2024-04-25T17:13:53+00:00","og_image":[{"width":1500,"height":1000,"url":"https:\/\/jornalpontomais.com\/site\/wp-content\/uploads\/2024\/04\/20200622163541wr_canoagem_130322-1.jpg","type":"image\/jpeg"}],"author":"Jornal Ponto Mais","twitter_card":"summary_large_image","twitter_misc":{"Escrito por":"Jornal Ponto Mais","Est. tempo de leitura":"2 minutos"},"schema":{"@context":"https:\/\/schema.org","@graph":[{"@type":"Article","@id":"https:\/\/jornalpontomais.com\/site\/2024\/04\/25\/ana-paula-vergutz-conquista-vaga-olimpica-para-o-brasil-na-canoagem\/#article","isPartOf":{"@id":"https:\/\/jornalpontomais.com\/site\/2024\/04\/25\/ana-paula-vergutz-conquista-vaga-olimpica-para-o-brasil-na-canoagem\/"},"author":{"name":"Jornal Ponto Mais","@id":"https:\/\/jornalpontomais.com\/site\/#\/schema\/person\/18323f0b0f1355f2490721c48389fe9d"},"headline":"Ana Paula Vergutz conquista vaga ol\u00edmpica para o Brasil na canoagem","datePublished":"2024-04-25T17:13:52+00:00","dateModified":"2024-04-25T17:13:53+00:00","mainEntityOfPage":{"@id":"https:\/\/jornalpontomais.com\/site\/2024\/04\/25\/ana-paula-vergutz-conquista-vaga-olimpica-para-o-brasil-na-canoagem\/"},"wordCount":346,"commentCount":0,"publisher":{"@id":"https:\/\/jornalpontomais.com\/site\/#organization"},"image":{"@id":"https:\/\/jornalpontomais.com\/site\/2024\/04\/25\/ana-paula-vergutz-conquista-vaga-olimpica-para-o-brasil-na-canoagem\/#primaryimage"},"thumbnailUrl":"https:\/\/jornalpontomais.com\/site\/wp-content\/uploads\/2024\/04\/20200622163541wr_canoagem_130322-1.jpg","articleSection":["Esporte"],"inLanguage":"pt-BR","potentialAction":[{"@type":"CommentAction","name":"Comment","target":["https:\/\/jornalpontomais.com\/site\/2024\/04\/25\/ana-paula-vergutz-conquista-vaga-olimpica-para-o-brasil-na-canoagem\/#respond"]}]},{"@type":"WebPage","@id":"https:\/\/jornalpontomais.com\/site\/2024\/04\/25\/ana-paula-vergutz-conquista-vaga-olimpica-para-o-brasil-na-canoagem\/","url":"https:\/\/jornalpontomais.com\/site\/2024\/04\/25\/ana-paula-vergutz-conquista-vaga-olimpica-para-o-brasil-na-canoagem\/","name":"Ana Paula Vergutz conquista vaga ol\u00edmpica para o Brasil na canoagem - Jornal Ponto Mais","isPartOf":{"@id":"https:\/\/jornalpontomais.com\/site\/#website"},"primaryImageOfPage":{"@id":"https:\/\/jornalpontomais.com\/site\/2024\/04\/25\/ana-paula-vergutz-conquista-vaga-olimpica-para-o-brasil-na-canoagem\/#primaryimage"},"image":{"@id":"https:\/\/jornalpontomais.com\/site\/2024\/04\/25\/ana-paula-vergutz-conquista-vaga-olimpica-para-o-brasil-na-canoagem\/#primaryimage"},"thumbnailUrl":"https:\/\/jornalpontomais.com\/site\/wp-content\/uploads\/2024\/04\/20200622163541wr_canoagem_130322-1.jpg","datePublished":"2024-04-25T17:13:52+00:00","dateModified":"2024-04-25T17:13:53+00:00","breadcrumb":{"@id":"https:\/\/jornalpontomais.com\/site\/2024\/04\/25\/ana-paula-vergutz-conquista-vaga-olimpica-para-o-brasil-na-canoagem\/#breadcrumb"},"inLanguage":"pt-BR","potentialAction":[{"@type":"ReadAction","target":["https:\/\/jornalpontomais.com\/site\/2024\/04\/25\/ana-paula-vergutz-conquista-vaga-olimpica-para-o-brasil-na-canoagem\/"]}]},{"@type":"ImageObject","inLanguage":"pt-BR","@id":"https:\/\/jornalpontomais.com\/site\/2024\/04\/25\/ana-paula-vergutz-conquista-vaga-olimpica-para-o-brasil-na-canoagem\/#primaryimage","url":"https:\/\/jornalpontomais.com\/site\/wp-content\/uploads\/2024\/04\/20200622163541wr_canoagem_130322-1.jpg","contentUrl":"https:\/\/jornalpontomais.com\/site\/wp-content\/uploads\/2024\/04\/20200622163541wr_canoagem_130322-1.jpg","width":1500,"height":1000},{"@type":"BreadcrumbList","@id":"https:\/\/jornalpontomais.com\/site\/2024\/04\/25\/ana-paula-vergutz-conquista-vaga-olimpica-para-o-brasil-na-canoagem\/#breadcrumb","itemListElement":[{"@type":"ListItem","position":1,"name":"In\u00edcio","item":"https:\/\/jornalpontomais.com\/site\/"},{"@type":"ListItem","position":2,"name":"Ana Paula Vergutz conquista vaga ol\u00edmpica para o Brasil na canoagem"}]},{"@type":"WebSite","@id":"https:\/\/jornalpontomais.com\/site\/#website","url":"https:\/\/jornalpontomais.com\/site\/","name":"Jornal Ponto Mais","description":"As principais not\u00edcias do Brasil e do mundo. Confira!","publisher":{"@id":"https:\/\/jornalpontomais.com\/site\/#organization"},"potentialAction":[{"@type":"SearchAction","target":{"@type":"EntryPoint","urlTemplate":"https:\/\/jornalpontomais.com\/site\/?s={search_term_string}"},"query-input":{"@type":"PropertyValueSpecification","valueRequired":true,"valueName":"search_term_string"}}],"inLanguage":"pt-BR"},{"@type":"Organization","@id":"https:\/\/jornalpontomais.com\/site\/#organization","name":"Jornal Ponto+","url":"https:\/\/jornalpontomais.com\/site\/","logo":{"@type":"ImageObject","inLanguage":"pt-BR","@id":"https:\/\/jornalpontomais.com\/site\/#\/schema\/logo\/image\/","url":"https:\/\/jornalpontomais.com\/site\/wp-content\/uploads\/2022\/01\/marca.png","contentUrl":"https:\/\/jornalpontomais.com\/site\/wp-content\/uploads\/2022\/01\/marca.png","width":582,"height":148,"caption":"Jornal Ponto+"},"image":{"@id":"https:\/\/jornalpontomais.com\/site\/#\/schema\/logo\/image\/"}},{"@type":"Person","@id":"https:\/\/jornalpontomais.com\/site\/#\/schema\/person\/18323f0b0f1355f2490721c48389fe9d","name":"Jornal Ponto Mais","image":{"@type":"ImageObject","inLanguage":"pt-BR","@id":"https:\/\/secure.gravatar.com\/avatar\/2ee0a9b7fe10fe32bdec8bc086e871e41eb5f4f6ecbcb7b4f2fe0d92d831405f?s=96&d=mm&r=g","url":"https:\/\/secure.gravatar.com\/avatar\/2ee0a9b7fe10fe32bdec8bc086e871e41eb5f4f6ecbcb7b4f2fe0d92d831405f?s=96&d=mm&r=g","contentUrl":"https:\/\/secure.gravatar.com\/avatar\/2ee0a9b7fe10fe32bdec8bc086e871e41eb5f4f6ecbcb7b4f2fe0d92d831405f?s=96&d=mm&r=g","caption":"Jornal Ponto Mais"},"sameAs":["https:\/\/jornalpontomais.com\/site","jornalpontomais"],"url":"https:\/\/jornalpontomais.com\/site\/author\/jornalpontomais\/"}]}},"_links":{"self":[{"href":"https:\/\/jornalpontomais.com\/site\/wp-json\/wp\/v2\/posts\/12896","targetHints":{"allow":["GET"]}}],"collection":[{"href":"https:\/\/jornalpontomais.com\/site\/wp-json\/wp\/v2\/posts"}],"about":[{"href":"https:\/\/jornalpontomais.com\/site\/wp-json\/wp\/v2\/types\/post"}],"author":[{"embeddable":true,"href":"https:\/\/jornalpontomais.com\/site\/wp-json\/wp\/v2\/users\/2"}],"replies":[{"embeddable":true,"href":"https:\/\/jornalpontomais.com\/site\/wp-json\/wp\/v2\/comments?post=12896"}],"version-history":[{"count":1,"href":"https:\/\/jornalpontomais.com\/site\/wp-json\/wp\/v2\/posts\/12896\/revisions"}],"predecessor-version":[{"id":12898,"href":"https:\/\/jornalpontomais.com\/site\/wp-json\/wp\/v2\/posts\/12896\/revisions\/12898"}],"wp:featuredmedia":[{"embeddable":true,"href":"https:\/\/jornalpontomais.com\/site\/wp-json\/wp\/v2\/media\/12897"}],"wp:attachment":[{"href":"https:\/\/jornalpontomais.com\/site\/wp-json\/wp\/v2\/media?parent=12896"}],"wp:term":[{"taxonomy":"category","embeddable":true,"href":"https:\/\/jornalpontomais.com\/site\/wp-json\/wp\/v2\/categories?post=12896"},{"taxonomy":"post_tag","embeddable":true,"href":"https:\/\/jornalpontomais.com\/site\/wp-json\/wp\/v2\/tags?post=12896"}],"curies":[{"name":"wp","href":"https:\/\/api.w.org\/{rel}","templated":true}]}}