{"id":12869,"date":"2024-04-24T15:06:48","date_gmt":"2024-04-24T18:06:48","guid":{"rendered":"https:\/\/jornalpontomais.com\/site\/?p=12869"},"modified":"2024-04-24T15:06:49","modified_gmt":"2024-04-24T18:06:49","slug":"libertadores-flamengo-enfrenta-bolivar-na-altitude-de-la-paz","status":"publish","type":"post","link":"https:\/\/jornalpontomais.com\/site\/2024\/04\/24\/libertadores-flamengo-enfrenta-bolivar-na-altitude-de-la-paz\/","title":{"rendered":"Libertadores: Flamengo enfrenta Bol\u00edvar na altitude de La Paz"},"content":{"rendered":"\n<p>O Flamengo tem o seu maior desafio na atual edi\u00e7\u00e3o da Copa Libertadores at\u00e9 aqui, subir os 3.640 metros de altitude de La Paz para encarar o Bol\u00edvar (Bol\u00edvia) no est\u00e1dio Hernando Siles, nesta quarta-feira (24) a partir das 21h30 (hor\u00e1rio de Bras\u00edlia). <\/p>\n\n\n\n<figure class=\"wp-block-embed is-type-rich is-provider-twitter wp-block-embed-twitter\"><div class=\"wp-block-embed__wrapper\">\n<blockquote class=\"twitter-tweet\" data-width=\"550\" data-dnt=\"true\"><p lang=\"pt\" dir=\"ltr\">Miss\u00e3o \ud83c\udde7\ud83c\uddf4<br><br>VAAAMOSSSS, FLAMENGOOO! <a href=\"https:\/\/twitter.com\/hashtag\/VamosFlamengo?src=hash&amp;ref_src=twsrc%5Etfw\">#VamosFlamengo<\/a> <a href=\"https:\/\/twitter.com\/hashtag\/CRF?src=hash&amp;ref_src=twsrc%5Etfw\">#CRF<\/a> <br><br>\ud83d\udcf8: Gilvan de Souza \/CRF <a href=\"https:\/\/t.co\/464pF2gGWJ\">pic.twitter.com\/464pF2gGWJ<\/a><\/p>&mdash; Flamengo (@Flamengo) <a href=\"https:\/\/twitter.com\/Flamengo\/status\/1782830520608358558?ref_src=twsrc%5Etfw\">April 23, 2024<\/a><\/blockquote><script async src=\"https:\/\/platform.twitter.com\/widgets.js\" charset=\"utf-8\"><\/script>\n<\/div><\/figure>\n\n\n\n<p>Ocupando a vice-lideran\u00e7a da classifica\u00e7\u00e3o do Grupo E com quatro pontos conquistados, o Rubro-Negro ter\u00e1 pela frente justamente o l\u00edder da classifica\u00e7\u00e3o, a equipe boliviana, que tem seis pontos at\u00e9 aqui.<br><br><\/p>\n\n\n\n<p>Um grande temor da equipe brasileira para esta partida s\u00e3o os efeitos da altitude, como afirmou, em entrevista coletiva, o preparador f\u00edsico Fabio Mahseradjian: \u201cQuanto mais voc\u00ea sobe, menor \u00e9 a densidade do ar. E a\u00ed voc\u00ea afeta a capta\u00e7\u00e3o de oxig\u00eanio do seu alv\u00e9olo pulmonar, porque a press\u00e3o parcial de oxig\u00eanio cai\u201d.<br><br><\/p>\n\n\n\n<p>Mesmo prevendo dificuldades diante do Bol\u00edvar, o Flamengo optou por n\u00e3o levar sete de seus principais jogadores para La Paz, entre eles o atacante Pedro e o meia uruguaio Arrascaeta.<br><br><\/p>\n\n\n\n<p>\u201cO Clube de Regatas do Flamengo informa que os atletas Allan, que apresenta tra\u00e7os falc\u00eamicos que podem prejudicar a alta performance em altitude, e L\u00e9o Pereira, com quadro viral, n\u00e3o viajar\u00e3o para a Bol\u00edvia. J\u00e1 os atletas Varela, Ayrton Lucas, Erick, Arrascaeta e Pedro tamb\u00e9m n\u00e3o ser\u00e3o relacionados de acordo com o planejamento da comiss\u00e3o t\u00e9cnica, sempre guiado pela ci\u00eancia na busca da mais alta performance\u201d, afirmou a equipe da G\u00e1vea em nota.<br><br><\/p>\n\n\n\n<p>Desta forma, o Flamengo deve entrar em campo com uma equipe muito modificada. Uma prov\u00e1vel escala\u00e7\u00e3o \u00e9: Rossi; Wesley, Leo Ortiz, David Luiz e Vi\u00f1a; Igor Jesus, Gerson, De la Cruz e Victor Hugo; Luiz Ara\u00fajo e Bruno Henrique.<br><br><\/p>\n\n\n\n<p>Outra arma do Bol\u00edvar que o Flamengo deve levar em considera\u00e7\u00e3o \u00e9 o atacante brasileiro Francisco da Costa. O jogador, conhecido como Chico, \u00e9 o artilheiro da equipe boliviana at\u00e9 aqui na competi\u00e7\u00e3o, com tr\u00eas marcados.<\/p>\n\n\n\n<figure class=\"wp-block-embed is-type-rich is-provider-twitter wp-block-embed-twitter\"><div class=\"wp-block-embed__wrapper\">\n<blockquote class=\"twitter-tweet\" data-width=\"550\" data-dnt=\"true\"><p lang=\"it\" dir=\"ltr\">\ud83d\udd25\ud83e\ude75  Francisco da Costa<br><br>\ud83c\udfc6 <a href=\"https:\/\/twitter.com\/Bolivar_Oficial?ref_src=twsrc%5Etfw\">@Bolivar_Oficial<\/a> <a href=\"https:\/\/twitter.com\/hashtag\/GloriaEterna?src=hash&amp;ref_src=twsrc%5Etfw\">#GloriaEterna<\/a> <a href=\"https:\/\/t.co\/AePRudsTJM\">pic.twitter.com\/AePRudsTJM<\/a><\/p>&mdash; CONMEBOL Libertadores (@Libertadores) <a href=\"https:\/\/twitter.com\/Libertadores\/status\/1778554521947414868?ref_src=twsrc%5Etfw\">April 11, 2024<\/a><\/blockquote><script async src=\"https:\/\/platform.twitter.com\/widgets.js\" charset=\"utf-8\"><\/script>\n<\/div><\/figure>\n\n\n\n<p><\/p>\n","protected":false},"excerpt":{"rendered":"<p>O Flamengo tem o seu maior desafio na atual edi\u00e7\u00e3o da Copa Libertadores at\u00e9 aqui, subir os 3.640 metros de altitude de La Paz para encarar o Bol\u00edvar (Bol\u00edvia) no est\u00e1dio Hernando Siles, nesta quarta-feira (24) a partir das 21h30 (hor\u00e1rio de Bras\u00edlia). Ocupando a vice-lideran\u00e7a da classifica\u00e7\u00e3o do Grupo E com quatro pontos conquistados, [&hellip;]<\/p>\n","protected":false},"author":2,"featured_media":12870,"comment_status":"open","ping_status":"open","sticky":true,"template":"","format":"standard","meta":{"om_disable_all_campaigns":false,"_monsterinsights_skip_tracking":false,"_monsterinsights_sitenote_active":false,"_monsterinsights_sitenote_note":"","_monsterinsights_sitenote_category":0,"footnotes":""},"categories":[4],"tags":[],"class_list":["post-12869","post","type-post","status-publish","format-standard","has-post-thumbnail","hentry","category-esporte"],"yoast_head":"<!-- This site is optimized with the Yoast SEO plugin v27.2 - https:\/\/yoast.com\/product\/yoast-seo-wordpress\/ -->\n<title>Libertadores: Flamengo enfrenta Bol\u00edvar na altitude de La Paz - Jornal Ponto Mais<\/title>\n<meta name=\"robots\" content=\"index, follow, max-snippet:-1, max-image-preview:large, max-video-preview:-1\" \/>\n<link rel=\"canonical\" href=\"https:\/\/jornalpontomais.com\/site\/2024\/04\/24\/libertadores-flamengo-enfrenta-bolivar-na-altitude-de-la-paz\/\" \/>\n<meta property=\"og:locale\" content=\"pt_BR\" \/>\n<meta property=\"og:type\" content=\"article\" \/>\n<meta property=\"og:title\" content=\"Libertadores: Flamengo enfrenta Bol\u00edvar na altitude de La Paz - Jornal Ponto Mais\" \/>\n<meta property=\"og:description\" content=\"O Flamengo tem o seu maior desafio na atual edi\u00e7\u00e3o da Copa Libertadores at\u00e9 aqui, subir os 3.640 metros de altitude de La Paz para encarar o Bol\u00edvar (Bol\u00edvia) no est\u00e1dio Hernando Siles, nesta quarta-feira (24) a partir das 21h30 (hor\u00e1rio de Bras\u00edlia). Ocupando a vice-lideran\u00e7a da classifica\u00e7\u00e3o do Grupo E com quatro pontos conquistados, [&hellip;]\" \/>\n<meta property=\"og:url\" content=\"https:\/\/jornalpontomais.com\/site\/2024\/04\/24\/libertadores-flamengo-enfrenta-bolivar-na-altitude-de-la-paz\/\" \/>\n<meta property=\"og:site_name\" content=\"Jornal Ponto Mais\" \/>\n<meta property=\"article:published_time\" content=\"2024-04-24T18:06:48+00:00\" \/>\n<meta property=\"article:modified_time\" content=\"2024-04-24T18:06:49+00:00\" \/>\n<meta property=\"og:image\" content=\"https:\/\/jornalpontomais.com\/site\/wp-content\/uploads\/2024\/04\/glylhrnwyaaxnbl.webp\" \/>\n\t<meta property=\"og:image:width\" content=\"1170\" \/>\n\t<meta property=\"og:image:height\" content=\"700\" \/>\n\t<meta property=\"og:image:type\" content=\"image\/webp\" \/>\n<meta name=\"author\" content=\"Jornal Ponto Mais\" \/>\n<meta name=\"twitter:card\" content=\"summary_large_image\" \/>\n<meta name=\"twitter:label1\" content=\"Escrito por\" \/>\n\t<meta name=\"twitter:data1\" content=\"Jornal Ponto Mais\" \/>\n\t<meta name=\"twitter:label2\" content=\"Est. tempo de leitura\" \/>\n\t<meta name=\"twitter:data2\" content=\"2 minutos\" \/>\n<script type=\"application\/ld+json\" class=\"yoast-schema-graph\">{\"@context\":\"https:\/\/schema.org\",\"@graph\":[{\"@type\":\"Article\",\"@id\":\"https:\/\/jornalpontomais.com\/site\/2024\/04\/24\/libertadores-flamengo-enfrenta-bolivar-na-altitude-de-la-paz\/#article\",\"isPartOf\":{\"@id\":\"https:\/\/jornalpontomais.com\/site\/2024\/04\/24\/libertadores-flamengo-enfrenta-bolivar-na-altitude-de-la-paz\/\"},\"author\":{\"name\":\"Jornal Ponto Mais\",\"@id\":\"https:\/\/jornalpontomais.com\/site\/#\/schema\/person\/18323f0b0f1355f2490721c48389fe9d\"},\"headline\":\"Libertadores: Flamengo enfrenta Bol\u00edvar na altitude de La Paz\",\"datePublished\":\"2024-04-24T18:06:48+00:00\",\"dateModified\":\"2024-04-24T18:06:49+00:00\",\"mainEntityOfPage\":{\"@id\":\"https:\/\/jornalpontomais.com\/site\/2024\/04\/24\/libertadores-flamengo-enfrenta-bolivar-na-altitude-de-la-paz\/\"},\"wordCount\":359,\"commentCount\":0,\"publisher\":{\"@id\":\"https:\/\/jornalpontomais.com\/site\/#organization\"},\"image\":{\"@id\":\"https:\/\/jornalpontomais.com\/site\/2024\/04\/24\/libertadores-flamengo-enfrenta-bolivar-na-altitude-de-la-paz\/#primaryimage\"},\"thumbnailUrl\":\"https:\/\/jornalpontomais.com\/site\/wp-content\/uploads\/2024\/04\/glylhrnwyaaxnbl.webp\",\"articleSection\":[\"Esporte\"],\"inLanguage\":\"pt-BR\",\"potentialAction\":[{\"@type\":\"CommentAction\",\"name\":\"Comment\",\"target\":[\"https:\/\/jornalpontomais.com\/site\/2024\/04\/24\/libertadores-flamengo-enfrenta-bolivar-na-altitude-de-la-paz\/#respond\"]}]},{\"@type\":\"WebPage\",\"@id\":\"https:\/\/jornalpontomais.com\/site\/2024\/04\/24\/libertadores-flamengo-enfrenta-bolivar-na-altitude-de-la-paz\/\",\"url\":\"https:\/\/jornalpontomais.com\/site\/2024\/04\/24\/libertadores-flamengo-enfrenta-bolivar-na-altitude-de-la-paz\/\",\"name\":\"Libertadores: Flamengo enfrenta Bol\u00edvar na altitude de La Paz - Jornal Ponto Mais\",\"isPartOf\":{\"@id\":\"https:\/\/jornalpontomais.com\/site\/#website\"},\"primaryImageOfPage\":{\"@id\":\"https:\/\/jornalpontomais.com\/site\/2024\/04\/24\/libertadores-flamengo-enfrenta-bolivar-na-altitude-de-la-paz\/#primaryimage\"},\"image\":{\"@id\":\"https:\/\/jornalpontomais.com\/site\/2024\/04\/24\/libertadores-flamengo-enfrenta-bolivar-na-altitude-de-la-paz\/#primaryimage\"},\"thumbnailUrl\":\"https:\/\/jornalpontomais.com\/site\/wp-content\/uploads\/2024\/04\/glylhrnwyaaxnbl.webp\",\"datePublished\":\"2024-04-24T18:06:48+00:00\",\"dateModified\":\"2024-04-24T18:06:49+00:00\",\"breadcrumb\":{\"@id\":\"https:\/\/jornalpontomais.com\/site\/2024\/04\/24\/libertadores-flamengo-enfrenta-bolivar-na-altitude-de-la-paz\/#breadcrumb\"},\"inLanguage\":\"pt-BR\",\"potentialAction\":[{\"@type\":\"ReadAction\",\"target\":[\"https:\/\/jornalpontomais.com\/site\/2024\/04\/24\/libertadores-flamengo-enfrenta-bolivar-na-altitude-de-la-paz\/\"]}]},{\"@type\":\"ImageObject\",\"inLanguage\":\"pt-BR\",\"@id\":\"https:\/\/jornalpontomais.com\/site\/2024\/04\/24\/libertadores-flamengo-enfrenta-bolivar-na-altitude-de-la-paz\/#primaryimage\",\"url\":\"https:\/\/jornalpontomais.com\/site\/wp-content\/uploads\/2024\/04\/glylhrnwyaaxnbl.webp\",\"contentUrl\":\"https:\/\/jornalpontomais.com\/site\/wp-content\/uploads\/2024\/04\/glylhrnwyaaxnbl.webp\",\"width\":1170,\"height\":700},{\"@type\":\"BreadcrumbList\",\"@id\":\"https:\/\/jornalpontomais.com\/site\/2024\/04\/24\/libertadores-flamengo-enfrenta-bolivar-na-altitude-de-la-paz\/#breadcrumb\",\"itemListElement\":[{\"@type\":\"ListItem\",\"position\":1,\"name\":\"In\u00edcio\",\"item\":\"https:\/\/jornalpontomais.com\/site\/\"},{\"@type\":\"ListItem\",\"position\":2,\"name\":\"Libertadores: Flamengo enfrenta Bol\u00edvar na altitude de La Paz\"}]},{\"@type\":\"WebSite\",\"@id\":\"https:\/\/jornalpontomais.com\/site\/#website\",\"url\":\"https:\/\/jornalpontomais.com\/site\/\",\"name\":\"Jornal Ponto Mais\",\"description\":\"As principais not\u00edcias do Brasil e do mundo. Confira!\",\"publisher\":{\"@id\":\"https:\/\/jornalpontomais.com\/site\/#organization\"},\"potentialAction\":[{\"@type\":\"SearchAction\",\"target\":{\"@type\":\"EntryPoint\",\"urlTemplate\":\"https:\/\/jornalpontomais.com\/site\/?s={search_term_string}\"},\"query-input\":{\"@type\":\"PropertyValueSpecification\",\"valueRequired\":true,\"valueName\":\"search_term_string\"}}],\"inLanguage\":\"pt-BR\"},{\"@type\":\"Organization\",\"@id\":\"https:\/\/jornalpontomais.com\/site\/#organization\",\"name\":\"Jornal Ponto+\",\"url\":\"https:\/\/jornalpontomais.com\/site\/\",\"logo\":{\"@type\":\"ImageObject\",\"inLanguage\":\"pt-BR\",\"@id\":\"https:\/\/jornalpontomais.com\/site\/#\/schema\/logo\/image\/\",\"url\":\"https:\/\/jornalpontomais.com\/site\/wp-content\/uploads\/2022\/01\/marca.png\",\"contentUrl\":\"https:\/\/jornalpontomais.com\/site\/wp-content\/uploads\/2022\/01\/marca.png\",\"width\":582,\"height\":148,\"caption\":\"Jornal Ponto+\"},\"image\":{\"@id\":\"https:\/\/jornalpontomais.com\/site\/#\/schema\/logo\/image\/\"}},{\"@type\":\"Person\",\"@id\":\"https:\/\/jornalpontomais.com\/site\/#\/schema\/person\/18323f0b0f1355f2490721c48389fe9d\",\"name\":\"Jornal Ponto Mais\",\"image\":{\"@type\":\"ImageObject\",\"inLanguage\":\"pt-BR\",\"@id\":\"https:\/\/secure.gravatar.com\/avatar\/2ee0a9b7fe10fe32bdec8bc086e871e41eb5f4f6ecbcb7b4f2fe0d92d831405f?s=96&d=mm&r=g\",\"url\":\"https:\/\/secure.gravatar.com\/avatar\/2ee0a9b7fe10fe32bdec8bc086e871e41eb5f4f6ecbcb7b4f2fe0d92d831405f?s=96&d=mm&r=g\",\"contentUrl\":\"https:\/\/secure.gravatar.com\/avatar\/2ee0a9b7fe10fe32bdec8bc086e871e41eb5f4f6ecbcb7b4f2fe0d92d831405f?s=96&d=mm&r=g\",\"caption\":\"Jornal Ponto Mais\"},\"sameAs\":[\"https:\/\/jornalpontomais.com\/site\",\"jornalpontomais\"],\"url\":\"https:\/\/jornalpontomais.com\/site\/author\/jornalpontomais\/\"}]}<\/script>\n<!-- \/ Yoast SEO plugin. -->","yoast_head_json":{"title":"Libertadores: Flamengo enfrenta Bol\u00edvar na altitude de La Paz - Jornal Ponto Mais","robots":{"index":"index","follow":"follow","max-snippet":"max-snippet:-1","max-image-preview":"max-image-preview:large","max-video-preview":"max-video-preview:-1"},"canonical":"https:\/\/jornalpontomais.com\/site\/2024\/04\/24\/libertadores-flamengo-enfrenta-bolivar-na-altitude-de-la-paz\/","og_locale":"pt_BR","og_type":"article","og_title":"Libertadores: Flamengo enfrenta Bol\u00edvar na altitude de La Paz - Jornal Ponto Mais","og_description":"O Flamengo tem o seu maior desafio na atual edi\u00e7\u00e3o da Copa Libertadores at\u00e9 aqui, subir os 3.640 metros de altitude de La Paz para encarar o Bol\u00edvar (Bol\u00edvia) no est\u00e1dio Hernando Siles, nesta quarta-feira (24) a partir das 21h30 (hor\u00e1rio de Bras\u00edlia). Ocupando a vice-lideran\u00e7a da classifica\u00e7\u00e3o do Grupo E com quatro pontos conquistados, [&hellip;]","og_url":"https:\/\/jornalpontomais.com\/site\/2024\/04\/24\/libertadores-flamengo-enfrenta-bolivar-na-altitude-de-la-paz\/","og_site_name":"Jornal Ponto Mais","article_published_time":"2024-04-24T18:06:48+00:00","article_modified_time":"2024-04-24T18:06:49+00:00","og_image":[{"width":1170,"height":700,"url":"https:\/\/jornalpontomais.com\/site\/wp-content\/uploads\/2024\/04\/glylhrnwyaaxnbl.webp","type":"image\/webp"}],"author":"Jornal Ponto Mais","twitter_card":"summary_large_image","twitter_misc":{"Escrito por":"Jornal Ponto Mais","Est. tempo de leitura":"2 minutos"},"schema":{"@context":"https:\/\/schema.org","@graph":[{"@type":"Article","@id":"https:\/\/jornalpontomais.com\/site\/2024\/04\/24\/libertadores-flamengo-enfrenta-bolivar-na-altitude-de-la-paz\/#article","isPartOf":{"@id":"https:\/\/jornalpontomais.com\/site\/2024\/04\/24\/libertadores-flamengo-enfrenta-bolivar-na-altitude-de-la-paz\/"},"author":{"name":"Jornal Ponto Mais","@id":"https:\/\/jornalpontomais.com\/site\/#\/schema\/person\/18323f0b0f1355f2490721c48389fe9d"},"headline":"Libertadores: Flamengo enfrenta Bol\u00edvar na altitude de La Paz","datePublished":"2024-04-24T18:06:48+00:00","dateModified":"2024-04-24T18:06:49+00:00","mainEntityOfPage":{"@id":"https:\/\/jornalpontomais.com\/site\/2024\/04\/24\/libertadores-flamengo-enfrenta-bolivar-na-altitude-de-la-paz\/"},"wordCount":359,"commentCount":0,"publisher":{"@id":"https:\/\/jornalpontomais.com\/site\/#organization"},"image":{"@id":"https:\/\/jornalpontomais.com\/site\/2024\/04\/24\/libertadores-flamengo-enfrenta-bolivar-na-altitude-de-la-paz\/#primaryimage"},"thumbnailUrl":"https:\/\/jornalpontomais.com\/site\/wp-content\/uploads\/2024\/04\/glylhrnwyaaxnbl.webp","articleSection":["Esporte"],"inLanguage":"pt-BR","potentialAction":[{"@type":"CommentAction","name":"Comment","target":["https:\/\/jornalpontomais.com\/site\/2024\/04\/24\/libertadores-flamengo-enfrenta-bolivar-na-altitude-de-la-paz\/#respond"]}]},{"@type":"WebPage","@id":"https:\/\/jornalpontomais.com\/site\/2024\/04\/24\/libertadores-flamengo-enfrenta-bolivar-na-altitude-de-la-paz\/","url":"https:\/\/jornalpontomais.com\/site\/2024\/04\/24\/libertadores-flamengo-enfrenta-bolivar-na-altitude-de-la-paz\/","name":"Libertadores: Flamengo enfrenta Bol\u00edvar na altitude de La Paz - Jornal Ponto Mais","isPartOf":{"@id":"https:\/\/jornalpontomais.com\/site\/#website"},"primaryImageOfPage":{"@id":"https:\/\/jornalpontomais.com\/site\/2024\/04\/24\/libertadores-flamengo-enfrenta-bolivar-na-altitude-de-la-paz\/#primaryimage"},"image":{"@id":"https:\/\/jornalpontomais.com\/site\/2024\/04\/24\/libertadores-flamengo-enfrenta-bolivar-na-altitude-de-la-paz\/#primaryimage"},"thumbnailUrl":"https:\/\/jornalpontomais.com\/site\/wp-content\/uploads\/2024\/04\/glylhrnwyaaxnbl.webp","datePublished":"2024-04-24T18:06:48+00:00","dateModified":"2024-04-24T18:06:49+00:00","breadcrumb":{"@id":"https:\/\/jornalpontomais.com\/site\/2024\/04\/24\/libertadores-flamengo-enfrenta-bolivar-na-altitude-de-la-paz\/#breadcrumb"},"inLanguage":"pt-BR","potentialAction":[{"@type":"ReadAction","target":["https:\/\/jornalpontomais.com\/site\/2024\/04\/24\/libertadores-flamengo-enfrenta-bolivar-na-altitude-de-la-paz\/"]}]},{"@type":"ImageObject","inLanguage":"pt-BR","@id":"https:\/\/jornalpontomais.com\/site\/2024\/04\/24\/libertadores-flamengo-enfrenta-bolivar-na-altitude-de-la-paz\/#primaryimage","url":"https:\/\/jornalpontomais.com\/site\/wp-content\/uploads\/2024\/04\/glylhrnwyaaxnbl.webp","contentUrl":"https:\/\/jornalpontomais.com\/site\/wp-content\/uploads\/2024\/04\/glylhrnwyaaxnbl.webp","width":1170,"height":700},{"@type":"BreadcrumbList","@id":"https:\/\/jornalpontomais.com\/site\/2024\/04\/24\/libertadores-flamengo-enfrenta-bolivar-na-altitude-de-la-paz\/#breadcrumb","itemListElement":[{"@type":"ListItem","position":1,"name":"In\u00edcio","item":"https:\/\/jornalpontomais.com\/site\/"},{"@type":"ListItem","position":2,"name":"Libertadores: Flamengo enfrenta Bol\u00edvar na altitude de La Paz"}]},{"@type":"WebSite","@id":"https:\/\/jornalpontomais.com\/site\/#website","url":"https:\/\/jornalpontomais.com\/site\/","name":"Jornal Ponto Mais","description":"As principais not\u00edcias do Brasil e do mundo. Confira!","publisher":{"@id":"https:\/\/jornalpontomais.com\/site\/#organization"},"potentialAction":[{"@type":"SearchAction","target":{"@type":"EntryPoint","urlTemplate":"https:\/\/jornalpontomais.com\/site\/?s={search_term_string}"},"query-input":{"@type":"PropertyValueSpecification","valueRequired":true,"valueName":"search_term_string"}}],"inLanguage":"pt-BR"},{"@type":"Organization","@id":"https:\/\/jornalpontomais.com\/site\/#organization","name":"Jornal Ponto+","url":"https:\/\/jornalpontomais.com\/site\/","logo":{"@type":"ImageObject","inLanguage":"pt-BR","@id":"https:\/\/jornalpontomais.com\/site\/#\/schema\/logo\/image\/","url":"https:\/\/jornalpontomais.com\/site\/wp-content\/uploads\/2022\/01\/marca.png","contentUrl":"https:\/\/jornalpontomais.com\/site\/wp-content\/uploads\/2022\/01\/marca.png","width":582,"height":148,"caption":"Jornal Ponto+"},"image":{"@id":"https:\/\/jornalpontomais.com\/site\/#\/schema\/logo\/image\/"}},{"@type":"Person","@id":"https:\/\/jornalpontomais.com\/site\/#\/schema\/person\/18323f0b0f1355f2490721c48389fe9d","name":"Jornal Ponto Mais","image":{"@type":"ImageObject","inLanguage":"pt-BR","@id":"https:\/\/secure.gravatar.com\/avatar\/2ee0a9b7fe10fe32bdec8bc086e871e41eb5f4f6ecbcb7b4f2fe0d92d831405f?s=96&d=mm&r=g","url":"https:\/\/secure.gravatar.com\/avatar\/2ee0a9b7fe10fe32bdec8bc086e871e41eb5f4f6ecbcb7b4f2fe0d92d831405f?s=96&d=mm&r=g","contentUrl":"https:\/\/secure.gravatar.com\/avatar\/2ee0a9b7fe10fe32bdec8bc086e871e41eb5f4f6ecbcb7b4f2fe0d92d831405f?s=96&d=mm&r=g","caption":"Jornal Ponto Mais"},"sameAs":["https:\/\/jornalpontomais.com\/site","jornalpontomais"],"url":"https:\/\/jornalpontomais.com\/site\/author\/jornalpontomais\/"}]}},"_links":{"self":[{"href":"https:\/\/jornalpontomais.com\/site\/wp-json\/wp\/v2\/posts\/12869","targetHints":{"allow":["GET"]}}],"collection":[{"href":"https:\/\/jornalpontomais.com\/site\/wp-json\/wp\/v2\/posts"}],"about":[{"href":"https:\/\/jornalpontomais.com\/site\/wp-json\/wp\/v2\/types\/post"}],"author":[{"embeddable":true,"href":"https:\/\/jornalpontomais.com\/site\/wp-json\/wp\/v2\/users\/2"}],"replies":[{"embeddable":true,"href":"https:\/\/jornalpontomais.com\/site\/wp-json\/wp\/v2\/comments?post=12869"}],"version-history":[{"count":1,"href":"https:\/\/jornalpontomais.com\/site\/wp-json\/wp\/v2\/posts\/12869\/revisions"}],"predecessor-version":[{"id":12871,"href":"https:\/\/jornalpontomais.com\/site\/wp-json\/wp\/v2\/posts\/12869\/revisions\/12871"}],"wp:featuredmedia":[{"embeddable":true,"href":"https:\/\/jornalpontomais.com\/site\/wp-json\/wp\/v2\/media\/12870"}],"wp:attachment":[{"href":"https:\/\/jornalpontomais.com\/site\/wp-json\/wp\/v2\/media?parent=12869"}],"wp:term":[{"taxonomy":"category","embeddable":true,"href":"https:\/\/jornalpontomais.com\/site\/wp-json\/wp\/v2\/categories?post=12869"},{"taxonomy":"post_tag","embeddable":true,"href":"https:\/\/jornalpontomais.com\/site\/wp-json\/wp\/v2\/tags?post=12869"}],"curies":[{"name":"wp","href":"https:\/\/api.w.org\/{rel}","templated":true}]}}