{"id":12807,"date":"2024-04-13T07:45:00","date_gmt":"2024-04-13T10:45:00","guid":{"rendered":"https:\/\/jornalpontomais.com\/site\/?p=12807"},"modified":"2024-04-12T17:00:43","modified_gmt":"2024-04-12T20:00:43","slug":"alisamentos-com-queratina-podem-causar-danos-nos-rins-alerta-estudo","status":"publish","type":"post","link":"https:\/\/jornalpontomais.com\/site\/2024\/04\/13\/alisamentos-com-queratina-podem-causar-danos-nos-rins-alerta-estudo\/","title":{"rendered":"Alisamentos com queratina podem causar danos nos rins, alerta estudo"},"content":{"rendered":"\n<p>Os tratamentos capilares com queratina s\u00e3o procedimentos amplamente populares que se valem da prote\u00edna fibrosa naturalmente encontrada no cabelo para aprimorar a sa\u00fade e a est\u00e9tica dos fios. Eles oferecem reparo de danos, fortalecimento, hidrata\u00e7\u00e3o e, em alguns casos, at\u00e9 mesmo alisamento.<br><br><\/p>\n\n\n\n<p>Conforme relatado em um estudo de caso publicado no The New England Journal of Medicine (NEJM), uma mulher desenvolveu les\u00e3o renal aguda devido aos ingredientes presentes nos produtos utilizados para alisar o cabelo.<br><br><\/p>\n\n\n\n<p>A mulher, de 26 anos, submeteu-se ao procedimento em um sal\u00e3o de beleza por tr\u00eas vezes entre 2020 e 2022. Ap\u00f3s cada visita, ela apresentou sintomas como febre, n\u00e1usea, diarreia e dores nas costas. Exames m\u00e9dicos revelaram n\u00edveis elevados de creatinina no sangue, indicando comprometimento da fun\u00e7\u00e3o renal.<br><br><\/p>\n\n\n\n<p>O relat\u00f3rio tamb\u00e9m destacou que a mulher n\u00e3o possu\u00eda hist\u00f3rico pr\u00e9vio de problemas renais.<br><br><\/p>\n\n\n\n<p>Especialistas apontam que a causa por tr\u00e1s dos danos renais associados aos tratamentos com queratina pode estar na presen\u00e7a de certos produtos qu\u00edmicos, como o formol ou seus liberadores, como a glioxiloil carbociste\u00edna.<br><br><\/p>\n\n\n\n<p>&#8220;Esses produtos qu\u00edmicos, embora utilizados em produtos de alisamento capilar &#8216;livres de formol&#8217;, ainda podem liberar formalde\u00eddo quando expostos ao calor. O formalde\u00eddo e seus subprodutos, como o glioxilato, possuem potencial nefrot\u00f3xico, o que significa que podem causar danos aos rins&#8221;, explica o m\u00e9dico Basavaraj S Kumbar em declara\u00e7\u00e3o \u00e0 revista indiana HealthShots.<br><br><\/p>\n\n\n\n<p>Ademais, os especialistas apontaram no estudo que a presen\u00e7a de \u00e1cido gliox\u00edlico nesses produtos pode resultar em uma condi\u00e7\u00e3o renal conhecida como nefropatia por oxalato, na qual cristais de oxalato de c\u00e1lcio se acumulam nos rins, provocando danos e comprometendo sua fun\u00e7\u00e3o.<\/p>\n","protected":false},"excerpt":{"rendered":"<p>Os tratamentos capilares com queratina s\u00e3o procedimentos amplamente populares que se valem da prote\u00edna fibrosa naturalmente encontrada no cabelo para aprimorar a sa\u00fade e a est\u00e9tica dos fios. Eles oferecem reparo de danos, fortalecimento, hidrata\u00e7\u00e3o e, em alguns casos, at\u00e9 mesmo alisamento. Conforme relatado em um estudo de caso publicado no The New England Journal [&hellip;]<\/p>\n","protected":false},"author":2,"featured_media":12808,"comment_status":"open","ping_status":"open","sticky":true,"template":"","format":"standard","meta":{"om_disable_all_campaigns":false,"_monsterinsights_skip_tracking":false,"_monsterinsights_sitenote_active":false,"_monsterinsights_sitenote_note":"","_monsterinsights_sitenote_category":0,"footnotes":""},"categories":[3],"tags":[],"class_list":["post-12807","post","type-post","status-publish","format-standard","has-post-thumbnail","hentry","category-saude"],"yoast_head":"<!-- This site is optimized with the Yoast SEO plugin v27.2 - https:\/\/yoast.com\/product\/yoast-seo-wordpress\/ -->\n<title>Alisamentos com queratina podem causar danos nos rins, alerta estudo - Jornal Ponto Mais<\/title>\n<meta name=\"robots\" content=\"index, follow, max-snippet:-1, max-image-preview:large, max-video-preview:-1\" \/>\n<link rel=\"canonical\" href=\"https:\/\/jornalpontomais.com\/site\/2024\/04\/13\/alisamentos-com-queratina-podem-causar-danos-nos-rins-alerta-estudo\/\" \/>\n<meta property=\"og:locale\" content=\"pt_BR\" \/>\n<meta property=\"og:type\" content=\"article\" \/>\n<meta property=\"og:title\" content=\"Alisamentos com queratina podem causar danos nos rins, alerta estudo - Jornal Ponto Mais\" \/>\n<meta property=\"og:description\" content=\"Os tratamentos capilares com queratina s\u00e3o procedimentos amplamente populares que se valem da prote\u00edna fibrosa naturalmente encontrada no cabelo para aprimorar a sa\u00fade e a est\u00e9tica dos fios. Eles oferecem reparo de danos, fortalecimento, hidrata\u00e7\u00e3o e, em alguns casos, at\u00e9 mesmo alisamento. Conforme relatado em um estudo de caso publicado no The New England Journal [&hellip;]\" \/>\n<meta property=\"og:url\" content=\"https:\/\/jornalpontomais.com\/site\/2024\/04\/13\/alisamentos-com-queratina-podem-causar-danos-nos-rins-alerta-estudo\/\" \/>\n<meta property=\"og:site_name\" content=\"Jornal Ponto Mais\" \/>\n<meta property=\"article:published_time\" content=\"2024-04-13T10:45:00+00:00\" \/>\n<meta property=\"og:image\" content=\"https:\/\/jornalpontomais.com\/site\/wp-content\/uploads\/2024\/04\/istock-1569577824-us30bh8eiwyp.webp\" \/>\n\t<meta property=\"og:image:width\" content=\"774\" \/>\n\t<meta property=\"og:image:height\" content=\"516\" \/>\n\t<meta property=\"og:image:type\" content=\"image\/webp\" \/>\n<meta name=\"author\" content=\"Jornal Ponto Mais\" \/>\n<meta name=\"twitter:card\" content=\"summary_large_image\" \/>\n<meta name=\"twitter:label1\" content=\"Escrito por\" \/>\n\t<meta name=\"twitter:data1\" content=\"Jornal Ponto Mais\" \/>\n\t<meta name=\"twitter:label2\" content=\"Est. tempo de leitura\" \/>\n\t<meta name=\"twitter:data2\" content=\"2 minutos\" \/>\n<script type=\"application\/ld+json\" class=\"yoast-schema-graph\">{\"@context\":\"https:\/\/schema.org\",\"@graph\":[{\"@type\":\"Article\",\"@id\":\"https:\/\/jornalpontomais.com\/site\/2024\/04\/13\/alisamentos-com-queratina-podem-causar-danos-nos-rins-alerta-estudo\/#article\",\"isPartOf\":{\"@id\":\"https:\/\/jornalpontomais.com\/site\/2024\/04\/13\/alisamentos-com-queratina-podem-causar-danos-nos-rins-alerta-estudo\/\"},\"author\":{\"name\":\"Jornal Ponto Mais\",\"@id\":\"https:\/\/jornalpontomais.com\/site\/#\/schema\/person\/18323f0b0f1355f2490721c48389fe9d\"},\"headline\":\"Alisamentos com queratina podem causar danos nos rins, alerta estudo\",\"datePublished\":\"2024-04-13T10:45:00+00:00\",\"mainEntityOfPage\":{\"@id\":\"https:\/\/jornalpontomais.com\/site\/2024\/04\/13\/alisamentos-com-queratina-podem-causar-danos-nos-rins-alerta-estudo\/\"},\"wordCount\":305,\"commentCount\":0,\"publisher\":{\"@id\":\"https:\/\/jornalpontomais.com\/site\/#organization\"},\"image\":{\"@id\":\"https:\/\/jornalpontomais.com\/site\/2024\/04\/13\/alisamentos-com-queratina-podem-causar-danos-nos-rins-alerta-estudo\/#primaryimage\"},\"thumbnailUrl\":\"https:\/\/jornalpontomais.com\/site\/wp-content\/uploads\/2024\/04\/istock-1569577824-us30bh8eiwyp.webp\",\"articleSection\":[\"Sa\u00fade\"],\"inLanguage\":\"pt-BR\",\"potentialAction\":[{\"@type\":\"CommentAction\",\"name\":\"Comment\",\"target\":[\"https:\/\/jornalpontomais.com\/site\/2024\/04\/13\/alisamentos-com-queratina-podem-causar-danos-nos-rins-alerta-estudo\/#respond\"]}]},{\"@type\":\"WebPage\",\"@id\":\"https:\/\/jornalpontomais.com\/site\/2024\/04\/13\/alisamentos-com-queratina-podem-causar-danos-nos-rins-alerta-estudo\/\",\"url\":\"https:\/\/jornalpontomais.com\/site\/2024\/04\/13\/alisamentos-com-queratina-podem-causar-danos-nos-rins-alerta-estudo\/\",\"name\":\"Alisamentos com queratina podem causar danos nos rins, alerta estudo - Jornal Ponto Mais\",\"isPartOf\":{\"@id\":\"https:\/\/jornalpontomais.com\/site\/#website\"},\"primaryImageOfPage\":{\"@id\":\"https:\/\/jornalpontomais.com\/site\/2024\/04\/13\/alisamentos-com-queratina-podem-causar-danos-nos-rins-alerta-estudo\/#primaryimage\"},\"image\":{\"@id\":\"https:\/\/jornalpontomais.com\/site\/2024\/04\/13\/alisamentos-com-queratina-podem-causar-danos-nos-rins-alerta-estudo\/#primaryimage\"},\"thumbnailUrl\":\"https:\/\/jornalpontomais.com\/site\/wp-content\/uploads\/2024\/04\/istock-1569577824-us30bh8eiwyp.webp\",\"datePublished\":\"2024-04-13T10:45:00+00:00\",\"breadcrumb\":{\"@id\":\"https:\/\/jornalpontomais.com\/site\/2024\/04\/13\/alisamentos-com-queratina-podem-causar-danos-nos-rins-alerta-estudo\/#breadcrumb\"},\"inLanguage\":\"pt-BR\",\"potentialAction\":[{\"@type\":\"ReadAction\",\"target\":[\"https:\/\/jornalpontomais.com\/site\/2024\/04\/13\/alisamentos-com-queratina-podem-causar-danos-nos-rins-alerta-estudo\/\"]}]},{\"@type\":\"ImageObject\",\"inLanguage\":\"pt-BR\",\"@id\":\"https:\/\/jornalpontomais.com\/site\/2024\/04\/13\/alisamentos-com-queratina-podem-causar-danos-nos-rins-alerta-estudo\/#primaryimage\",\"url\":\"https:\/\/jornalpontomais.com\/site\/wp-content\/uploads\/2024\/04\/istock-1569577824-us30bh8eiwyp.webp\",\"contentUrl\":\"https:\/\/jornalpontomais.com\/site\/wp-content\/uploads\/2024\/04\/istock-1569577824-us30bh8eiwyp.webp\",\"width\":774,\"height\":516},{\"@type\":\"BreadcrumbList\",\"@id\":\"https:\/\/jornalpontomais.com\/site\/2024\/04\/13\/alisamentos-com-queratina-podem-causar-danos-nos-rins-alerta-estudo\/#breadcrumb\",\"itemListElement\":[{\"@type\":\"ListItem\",\"position\":1,\"name\":\"In\u00edcio\",\"item\":\"https:\/\/jornalpontomais.com\/site\/\"},{\"@type\":\"ListItem\",\"position\":2,\"name\":\"Alisamentos com queratina podem causar danos nos rins, alerta estudo\"}]},{\"@type\":\"WebSite\",\"@id\":\"https:\/\/jornalpontomais.com\/site\/#website\",\"url\":\"https:\/\/jornalpontomais.com\/site\/\",\"name\":\"Jornal Ponto Mais\",\"description\":\"As principais not\u00edcias do Brasil e do mundo. Confira!\",\"publisher\":{\"@id\":\"https:\/\/jornalpontomais.com\/site\/#organization\"},\"potentialAction\":[{\"@type\":\"SearchAction\",\"target\":{\"@type\":\"EntryPoint\",\"urlTemplate\":\"https:\/\/jornalpontomais.com\/site\/?s={search_term_string}\"},\"query-input\":{\"@type\":\"PropertyValueSpecification\",\"valueRequired\":true,\"valueName\":\"search_term_string\"}}],\"inLanguage\":\"pt-BR\"},{\"@type\":\"Organization\",\"@id\":\"https:\/\/jornalpontomais.com\/site\/#organization\",\"name\":\"Jornal Ponto+\",\"url\":\"https:\/\/jornalpontomais.com\/site\/\",\"logo\":{\"@type\":\"ImageObject\",\"inLanguage\":\"pt-BR\",\"@id\":\"https:\/\/jornalpontomais.com\/site\/#\/schema\/logo\/image\/\",\"url\":\"https:\/\/jornalpontomais.com\/site\/wp-content\/uploads\/2022\/01\/marca.png\",\"contentUrl\":\"https:\/\/jornalpontomais.com\/site\/wp-content\/uploads\/2022\/01\/marca.png\",\"width\":582,\"height\":148,\"caption\":\"Jornal Ponto+\"},\"image\":{\"@id\":\"https:\/\/jornalpontomais.com\/site\/#\/schema\/logo\/image\/\"}},{\"@type\":\"Person\",\"@id\":\"https:\/\/jornalpontomais.com\/site\/#\/schema\/person\/18323f0b0f1355f2490721c48389fe9d\",\"name\":\"Jornal Ponto Mais\",\"image\":{\"@type\":\"ImageObject\",\"inLanguage\":\"pt-BR\",\"@id\":\"https:\/\/secure.gravatar.com\/avatar\/2ee0a9b7fe10fe32bdec8bc086e871e41eb5f4f6ecbcb7b4f2fe0d92d831405f?s=96&d=mm&r=g\",\"url\":\"https:\/\/secure.gravatar.com\/avatar\/2ee0a9b7fe10fe32bdec8bc086e871e41eb5f4f6ecbcb7b4f2fe0d92d831405f?s=96&d=mm&r=g\",\"contentUrl\":\"https:\/\/secure.gravatar.com\/avatar\/2ee0a9b7fe10fe32bdec8bc086e871e41eb5f4f6ecbcb7b4f2fe0d92d831405f?s=96&d=mm&r=g\",\"caption\":\"Jornal Ponto Mais\"},\"sameAs\":[\"https:\/\/jornalpontomais.com\/site\",\"jornalpontomais\"],\"url\":\"https:\/\/jornalpontomais.com\/site\/author\/jornalpontomais\/\"}]}<\/script>\n<!-- \/ Yoast SEO plugin. -->","yoast_head_json":{"title":"Alisamentos com queratina podem causar danos nos rins, alerta estudo - Jornal Ponto Mais","robots":{"index":"index","follow":"follow","max-snippet":"max-snippet:-1","max-image-preview":"max-image-preview:large","max-video-preview":"max-video-preview:-1"},"canonical":"https:\/\/jornalpontomais.com\/site\/2024\/04\/13\/alisamentos-com-queratina-podem-causar-danos-nos-rins-alerta-estudo\/","og_locale":"pt_BR","og_type":"article","og_title":"Alisamentos com queratina podem causar danos nos rins, alerta estudo - Jornal Ponto Mais","og_description":"Os tratamentos capilares com queratina s\u00e3o procedimentos amplamente populares que se valem da prote\u00edna fibrosa naturalmente encontrada no cabelo para aprimorar a sa\u00fade e a est\u00e9tica dos fios. Eles oferecem reparo de danos, fortalecimento, hidrata\u00e7\u00e3o e, em alguns casos, at\u00e9 mesmo alisamento. Conforme relatado em um estudo de caso publicado no The New England Journal [&hellip;]","og_url":"https:\/\/jornalpontomais.com\/site\/2024\/04\/13\/alisamentos-com-queratina-podem-causar-danos-nos-rins-alerta-estudo\/","og_site_name":"Jornal Ponto Mais","article_published_time":"2024-04-13T10:45:00+00:00","og_image":[{"width":774,"height":516,"url":"https:\/\/jornalpontomais.com\/site\/wp-content\/uploads\/2024\/04\/istock-1569577824-us30bh8eiwyp.webp","type":"image\/webp"}],"author":"Jornal Ponto Mais","twitter_card":"summary_large_image","twitter_misc":{"Escrito por":"Jornal Ponto Mais","Est. tempo de leitura":"2 minutos"},"schema":{"@context":"https:\/\/schema.org","@graph":[{"@type":"Article","@id":"https:\/\/jornalpontomais.com\/site\/2024\/04\/13\/alisamentos-com-queratina-podem-causar-danos-nos-rins-alerta-estudo\/#article","isPartOf":{"@id":"https:\/\/jornalpontomais.com\/site\/2024\/04\/13\/alisamentos-com-queratina-podem-causar-danos-nos-rins-alerta-estudo\/"},"author":{"name":"Jornal Ponto Mais","@id":"https:\/\/jornalpontomais.com\/site\/#\/schema\/person\/18323f0b0f1355f2490721c48389fe9d"},"headline":"Alisamentos com queratina podem causar danos nos rins, alerta estudo","datePublished":"2024-04-13T10:45:00+00:00","mainEntityOfPage":{"@id":"https:\/\/jornalpontomais.com\/site\/2024\/04\/13\/alisamentos-com-queratina-podem-causar-danos-nos-rins-alerta-estudo\/"},"wordCount":305,"commentCount":0,"publisher":{"@id":"https:\/\/jornalpontomais.com\/site\/#organization"},"image":{"@id":"https:\/\/jornalpontomais.com\/site\/2024\/04\/13\/alisamentos-com-queratina-podem-causar-danos-nos-rins-alerta-estudo\/#primaryimage"},"thumbnailUrl":"https:\/\/jornalpontomais.com\/site\/wp-content\/uploads\/2024\/04\/istock-1569577824-us30bh8eiwyp.webp","articleSection":["Sa\u00fade"],"inLanguage":"pt-BR","potentialAction":[{"@type":"CommentAction","name":"Comment","target":["https:\/\/jornalpontomais.com\/site\/2024\/04\/13\/alisamentos-com-queratina-podem-causar-danos-nos-rins-alerta-estudo\/#respond"]}]},{"@type":"WebPage","@id":"https:\/\/jornalpontomais.com\/site\/2024\/04\/13\/alisamentos-com-queratina-podem-causar-danos-nos-rins-alerta-estudo\/","url":"https:\/\/jornalpontomais.com\/site\/2024\/04\/13\/alisamentos-com-queratina-podem-causar-danos-nos-rins-alerta-estudo\/","name":"Alisamentos com queratina podem causar danos nos rins, alerta estudo - Jornal Ponto Mais","isPartOf":{"@id":"https:\/\/jornalpontomais.com\/site\/#website"},"primaryImageOfPage":{"@id":"https:\/\/jornalpontomais.com\/site\/2024\/04\/13\/alisamentos-com-queratina-podem-causar-danos-nos-rins-alerta-estudo\/#primaryimage"},"image":{"@id":"https:\/\/jornalpontomais.com\/site\/2024\/04\/13\/alisamentos-com-queratina-podem-causar-danos-nos-rins-alerta-estudo\/#primaryimage"},"thumbnailUrl":"https:\/\/jornalpontomais.com\/site\/wp-content\/uploads\/2024\/04\/istock-1569577824-us30bh8eiwyp.webp","datePublished":"2024-04-13T10:45:00+00:00","breadcrumb":{"@id":"https:\/\/jornalpontomais.com\/site\/2024\/04\/13\/alisamentos-com-queratina-podem-causar-danos-nos-rins-alerta-estudo\/#breadcrumb"},"inLanguage":"pt-BR","potentialAction":[{"@type":"ReadAction","target":["https:\/\/jornalpontomais.com\/site\/2024\/04\/13\/alisamentos-com-queratina-podem-causar-danos-nos-rins-alerta-estudo\/"]}]},{"@type":"ImageObject","inLanguage":"pt-BR","@id":"https:\/\/jornalpontomais.com\/site\/2024\/04\/13\/alisamentos-com-queratina-podem-causar-danos-nos-rins-alerta-estudo\/#primaryimage","url":"https:\/\/jornalpontomais.com\/site\/wp-content\/uploads\/2024\/04\/istock-1569577824-us30bh8eiwyp.webp","contentUrl":"https:\/\/jornalpontomais.com\/site\/wp-content\/uploads\/2024\/04\/istock-1569577824-us30bh8eiwyp.webp","width":774,"height":516},{"@type":"BreadcrumbList","@id":"https:\/\/jornalpontomais.com\/site\/2024\/04\/13\/alisamentos-com-queratina-podem-causar-danos-nos-rins-alerta-estudo\/#breadcrumb","itemListElement":[{"@type":"ListItem","position":1,"name":"In\u00edcio","item":"https:\/\/jornalpontomais.com\/site\/"},{"@type":"ListItem","position":2,"name":"Alisamentos com queratina podem causar danos nos rins, alerta estudo"}]},{"@type":"WebSite","@id":"https:\/\/jornalpontomais.com\/site\/#website","url":"https:\/\/jornalpontomais.com\/site\/","name":"Jornal Ponto Mais","description":"As principais not\u00edcias do Brasil e do mundo. Confira!","publisher":{"@id":"https:\/\/jornalpontomais.com\/site\/#organization"},"potentialAction":[{"@type":"SearchAction","target":{"@type":"EntryPoint","urlTemplate":"https:\/\/jornalpontomais.com\/site\/?s={search_term_string}"},"query-input":{"@type":"PropertyValueSpecification","valueRequired":true,"valueName":"search_term_string"}}],"inLanguage":"pt-BR"},{"@type":"Organization","@id":"https:\/\/jornalpontomais.com\/site\/#organization","name":"Jornal Ponto+","url":"https:\/\/jornalpontomais.com\/site\/","logo":{"@type":"ImageObject","inLanguage":"pt-BR","@id":"https:\/\/jornalpontomais.com\/site\/#\/schema\/logo\/image\/","url":"https:\/\/jornalpontomais.com\/site\/wp-content\/uploads\/2022\/01\/marca.png","contentUrl":"https:\/\/jornalpontomais.com\/site\/wp-content\/uploads\/2022\/01\/marca.png","width":582,"height":148,"caption":"Jornal Ponto+"},"image":{"@id":"https:\/\/jornalpontomais.com\/site\/#\/schema\/logo\/image\/"}},{"@type":"Person","@id":"https:\/\/jornalpontomais.com\/site\/#\/schema\/person\/18323f0b0f1355f2490721c48389fe9d","name":"Jornal Ponto Mais","image":{"@type":"ImageObject","inLanguage":"pt-BR","@id":"https:\/\/secure.gravatar.com\/avatar\/2ee0a9b7fe10fe32bdec8bc086e871e41eb5f4f6ecbcb7b4f2fe0d92d831405f?s=96&d=mm&r=g","url":"https:\/\/secure.gravatar.com\/avatar\/2ee0a9b7fe10fe32bdec8bc086e871e41eb5f4f6ecbcb7b4f2fe0d92d831405f?s=96&d=mm&r=g","contentUrl":"https:\/\/secure.gravatar.com\/avatar\/2ee0a9b7fe10fe32bdec8bc086e871e41eb5f4f6ecbcb7b4f2fe0d92d831405f?s=96&d=mm&r=g","caption":"Jornal Ponto Mais"},"sameAs":["https:\/\/jornalpontomais.com\/site","jornalpontomais"],"url":"https:\/\/jornalpontomais.com\/site\/author\/jornalpontomais\/"}]}},"_links":{"self":[{"href":"https:\/\/jornalpontomais.com\/site\/wp-json\/wp\/v2\/posts\/12807","targetHints":{"allow":["GET"]}}],"collection":[{"href":"https:\/\/jornalpontomais.com\/site\/wp-json\/wp\/v2\/posts"}],"about":[{"href":"https:\/\/jornalpontomais.com\/site\/wp-json\/wp\/v2\/types\/post"}],"author":[{"embeddable":true,"href":"https:\/\/jornalpontomais.com\/site\/wp-json\/wp\/v2\/users\/2"}],"replies":[{"embeddable":true,"href":"https:\/\/jornalpontomais.com\/site\/wp-json\/wp\/v2\/comments?post=12807"}],"version-history":[{"count":1,"href":"https:\/\/jornalpontomais.com\/site\/wp-json\/wp\/v2\/posts\/12807\/revisions"}],"predecessor-version":[{"id":12809,"href":"https:\/\/jornalpontomais.com\/site\/wp-json\/wp\/v2\/posts\/12807\/revisions\/12809"}],"wp:featuredmedia":[{"embeddable":true,"href":"https:\/\/jornalpontomais.com\/site\/wp-json\/wp\/v2\/media\/12808"}],"wp:attachment":[{"href":"https:\/\/jornalpontomais.com\/site\/wp-json\/wp\/v2\/media?parent=12807"}],"wp:term":[{"taxonomy":"category","embeddable":true,"href":"https:\/\/jornalpontomais.com\/site\/wp-json\/wp\/v2\/categories?post=12807"},{"taxonomy":"post_tag","embeddable":true,"href":"https:\/\/jornalpontomais.com\/site\/wp-json\/wp\/v2\/tags?post=12807"}],"curies":[{"name":"wp","href":"https:\/\/api.w.org\/{rel}","templated":true}]}}