{"id":12793,"date":"2024-04-13T08:00:00","date_gmt":"2024-04-13T11:00:00","guid":{"rendered":"https:\/\/jornalpontomais.com\/site\/?p=12793"},"modified":"2024-04-12T16:49:38","modified_gmt":"2024-04-12T19:49:38","slug":"dia-d-da-vacinacao-contra-influenza-sera-neste-sabado","status":"publish","type":"post","link":"https:\/\/jornalpontomais.com\/site\/2024\/04\/13\/dia-d-da-vacinacao-contra-influenza-sera-neste-sabado\/","title":{"rendered":"Dia D da vacina\u00e7\u00e3o contra Influenza ser\u00e1 neste s\u00e1bado"},"content":{"rendered":"\n<p>A Secretaria de Estado da Sa\u00fade de Goi\u00e1s (SES-GO) e o Z\u00e9 Gotinha convocam a popula\u00e7\u00e3o goiana a participarem, neste s\u00e1bado (13\/04), do Dia D da Campanha Estadual de Vacina\u00e7\u00e3o contra a Influenza. As mais de 900 salas de imuniza\u00e7\u00e3o do estado estar\u00e3o abertas de 8h \u00e0s 17h, para os grupos priorit\u00e1rios eleg\u00edveis \u00e0 vacina da gripe, definidos pelo Minist\u00e9rio da Sa\u00fade.<br><br><\/p>\n\n\n\n<p>A equipe da SES-GO e o Z\u00e9 Gotinha estar\u00e3o presentes na Unidade B\u00e1sica de Sa\u00fade (UBS) Santa Luzia, em Aparecida de Goi\u00e2nia, a partir de 9h30, para recepcionar o p\u00fablico-alvo e atender a imprensa.<br><br><\/p>\n\n\n\n<p>O foco \u00e9 ampliar a cobertura vacinal, que hoje est\u00e1 em pouco mais de 9%, com cerca de 200 mil doses aplicadas. O preconizado pelo MS \u00e9 cobertura acima de 90%. Goi\u00e1s recebeu 952 mil doses da vacina da Influenza, que j\u00e1 foram distribu\u00eddas aos munic\u00edpios goianos, que est\u00e3o abastecidos e preparados para imunizar a popula\u00e7\u00e3o.<br><br><\/p>\n\n\n\n<p>A vacina apresenta tr\u00eas tipos de cepas de v\u00edrus em combina\u00e7\u00e3o, protegendo contra os principais v\u00edrus em circula\u00e7\u00e3o no Brasil, podendo ser administrada na mesma ocasi\u00e3o de outros imunizantes do Calend\u00e1rio Nacional de Vacina\u00e7\u00e3o.<br><br><\/p>\n\n\n\n<p>Neste ano, a\u00a0vacina\u00e7\u00e3o foi antecipada em Goi\u00e1s e come\u00e7ou no dia 22 de mar\u00e7o. O objetivo \u00e9 evitar o aumento de casos e \u00f3bitos de S\u00edndrome Respirat\u00f3ria Aguda Grave (Srag) por influenza, tendo em vista que o v\u00edrus da doen\u00e7a \u00e9 mais incidente nesta \u00e9poca do ano. Dados da SES mostram que, em 2024, j\u00e1 foram registrados 56 casos por Srag Influenza e 5 mortes.<br><br><\/p>\n\n\n\n<p><strong>P\u00fablico-alvo<\/strong><\/p>\n\n\n\n<p>Podem se vacinar neste s\u00e1bado crian\u00e7as de 6 meses a menores de 6 anos; crian\u00e7as ind\u00edgenas de 6 meses a menores de 9 anos; trabalhadores da sa\u00fade e educa\u00e7\u00e3o; gestantes; pu\u00e9rperas; povos ind\u00edgenas; idosos com 60 anos ou mais; pessoas em situa\u00e7\u00e3o de rua, profissionais das for\u00e7as de seguran\u00e7a e de salvamento; profissionais das For\u00e7as Armadas; pessoas com doen\u00e7as cr\u00f4nicas n\u00e3o transmiss\u00edveis e outras condi\u00e7\u00f5es cl\u00ednicas especiais (independentemente da idade); pessoas com defici\u00eancia permanente; caminhoneiros; trabalhadores do transporte rodovi\u00e1rio coletivo (urbano e de longo curso); trabalhadores portu\u00e1rios; funcion\u00e1rios do sistema de priva\u00e7\u00e3o de liberdade; popula\u00e7\u00e3o privada de liberdade; al\u00e9m de adolescentes e jovens sob medidas socioeducativas (entre 12 e 21 anos).<\/p>\n","protected":false},"excerpt":{"rendered":"<p>A Secretaria de Estado da Sa\u00fade de Goi\u00e1s (SES-GO) e o Z\u00e9 Gotinha convocam a popula\u00e7\u00e3o goiana a participarem, neste s\u00e1bado (13\/04), do Dia D da Campanha Estadual de Vacina\u00e7\u00e3o contra a Influenza. As mais de 900 salas de imuniza\u00e7\u00e3o do estado estar\u00e3o abertas de 8h \u00e0s 17h, para os grupos priorit\u00e1rios eleg\u00edveis \u00e0 vacina [&hellip;]<\/p>\n","protected":false},"author":2,"featured_media":12794,"comment_status":"open","ping_status":"open","sticky":true,"template":"","format":"standard","meta":{"om_disable_all_campaigns":false,"_monsterinsights_skip_tracking":false,"_monsterinsights_sitenote_active":false,"_monsterinsights_sitenote_note":"","_monsterinsights_sitenote_category":0,"footnotes":""},"categories":[3],"tags":[],"class_list":["post-12793","post","type-post","status-publish","format-standard","has-post-thumbnail","hentry","category-saude"],"yoast_head":"<!-- This site is optimized with the Yoast SEO plugin v27.2 - https:\/\/yoast.com\/product\/yoast-seo-wordpress\/ -->\n<title>Dia D da vacina\u00e7\u00e3o contra Influenza ser\u00e1 neste s\u00e1bado - Jornal Ponto Mais<\/title>\n<meta name=\"robots\" content=\"index, follow, max-snippet:-1, max-image-preview:large, max-video-preview:-1\" \/>\n<link rel=\"canonical\" href=\"https:\/\/jornalpontomais.com\/site\/2024\/04\/13\/dia-d-da-vacinacao-contra-influenza-sera-neste-sabado\/\" \/>\n<meta property=\"og:locale\" content=\"pt_BR\" \/>\n<meta property=\"og:type\" content=\"article\" \/>\n<meta property=\"og:title\" content=\"Dia D da vacina\u00e7\u00e3o contra Influenza ser\u00e1 neste s\u00e1bado - Jornal Ponto Mais\" \/>\n<meta property=\"og:description\" content=\"A Secretaria de Estado da Sa\u00fade de Goi\u00e1s (SES-GO) e o Z\u00e9 Gotinha convocam a popula\u00e7\u00e3o goiana a participarem, neste s\u00e1bado (13\/04), do Dia D da Campanha Estadual de Vacina\u00e7\u00e3o contra a Influenza. As mais de 900 salas de imuniza\u00e7\u00e3o do estado estar\u00e3o abertas de 8h \u00e0s 17h, para os grupos priorit\u00e1rios eleg\u00edveis \u00e0 vacina [&hellip;]\" \/>\n<meta property=\"og:url\" content=\"https:\/\/jornalpontomais.com\/site\/2024\/04\/13\/dia-d-da-vacinacao-contra-influenza-sera-neste-sabado\/\" \/>\n<meta property=\"og:site_name\" content=\"Jornal Ponto Mais\" \/>\n<meta property=\"article:published_time\" content=\"2024-04-13T11:00:00+00:00\" \/>\n<meta property=\"og:image\" content=\"https:\/\/jornalpontomais.com\/site\/wp-content\/uploads\/2024\/04\/Ze-Gotinha_SES.jpeg\" \/>\n\t<meta property=\"og:image:width\" content=\"1147\" \/>\n\t<meta property=\"og:image:height\" content=\"764\" \/>\n\t<meta property=\"og:image:type\" content=\"image\/jpeg\" \/>\n<meta name=\"author\" content=\"Jornal Ponto Mais\" \/>\n<meta name=\"twitter:card\" content=\"summary_large_image\" \/>\n<meta name=\"twitter:label1\" content=\"Escrito por\" \/>\n\t<meta name=\"twitter:data1\" content=\"Jornal Ponto Mais\" \/>\n\t<meta name=\"twitter:label2\" content=\"Est. tempo de leitura\" \/>\n\t<meta name=\"twitter:data2\" content=\"3 minutos\" \/>\n<script type=\"application\/ld+json\" class=\"yoast-schema-graph\">{\"@context\":\"https:\/\/schema.org\",\"@graph\":[{\"@type\":\"Article\",\"@id\":\"https:\/\/jornalpontomais.com\/site\/2024\/04\/13\/dia-d-da-vacinacao-contra-influenza-sera-neste-sabado\/#article\",\"isPartOf\":{\"@id\":\"https:\/\/jornalpontomais.com\/site\/2024\/04\/13\/dia-d-da-vacinacao-contra-influenza-sera-neste-sabado\/\"},\"author\":{\"name\":\"Jornal Ponto Mais\",\"@id\":\"https:\/\/jornalpontomais.com\/site\/#\/schema\/person\/18323f0b0f1355f2490721c48389fe9d\"},\"headline\":\"Dia D da vacina\u00e7\u00e3o contra Influenza ser\u00e1 neste s\u00e1bado\",\"datePublished\":\"2024-04-13T11:00:00+00:00\",\"mainEntityOfPage\":{\"@id\":\"https:\/\/jornalpontomais.com\/site\/2024\/04\/13\/dia-d-da-vacinacao-contra-influenza-sera-neste-sabado\/\"},\"wordCount\":416,\"commentCount\":0,\"publisher\":{\"@id\":\"https:\/\/jornalpontomais.com\/site\/#organization\"},\"image\":{\"@id\":\"https:\/\/jornalpontomais.com\/site\/2024\/04\/13\/dia-d-da-vacinacao-contra-influenza-sera-neste-sabado\/#primaryimage\"},\"thumbnailUrl\":\"https:\/\/jornalpontomais.com\/site\/wp-content\/uploads\/2024\/04\/Ze-Gotinha_SES.jpeg\",\"articleSection\":[\"Sa\u00fade\"],\"inLanguage\":\"pt-BR\",\"potentialAction\":[{\"@type\":\"CommentAction\",\"name\":\"Comment\",\"target\":[\"https:\/\/jornalpontomais.com\/site\/2024\/04\/13\/dia-d-da-vacinacao-contra-influenza-sera-neste-sabado\/#respond\"]}]},{\"@type\":\"WebPage\",\"@id\":\"https:\/\/jornalpontomais.com\/site\/2024\/04\/13\/dia-d-da-vacinacao-contra-influenza-sera-neste-sabado\/\",\"url\":\"https:\/\/jornalpontomais.com\/site\/2024\/04\/13\/dia-d-da-vacinacao-contra-influenza-sera-neste-sabado\/\",\"name\":\"Dia D da vacina\u00e7\u00e3o contra Influenza ser\u00e1 neste s\u00e1bado - Jornal Ponto Mais\",\"isPartOf\":{\"@id\":\"https:\/\/jornalpontomais.com\/site\/#website\"},\"primaryImageOfPage\":{\"@id\":\"https:\/\/jornalpontomais.com\/site\/2024\/04\/13\/dia-d-da-vacinacao-contra-influenza-sera-neste-sabado\/#primaryimage\"},\"image\":{\"@id\":\"https:\/\/jornalpontomais.com\/site\/2024\/04\/13\/dia-d-da-vacinacao-contra-influenza-sera-neste-sabado\/#primaryimage\"},\"thumbnailUrl\":\"https:\/\/jornalpontomais.com\/site\/wp-content\/uploads\/2024\/04\/Ze-Gotinha_SES.jpeg\",\"datePublished\":\"2024-04-13T11:00:00+00:00\",\"breadcrumb\":{\"@id\":\"https:\/\/jornalpontomais.com\/site\/2024\/04\/13\/dia-d-da-vacinacao-contra-influenza-sera-neste-sabado\/#breadcrumb\"},\"inLanguage\":\"pt-BR\",\"potentialAction\":[{\"@type\":\"ReadAction\",\"target\":[\"https:\/\/jornalpontomais.com\/site\/2024\/04\/13\/dia-d-da-vacinacao-contra-influenza-sera-neste-sabado\/\"]}]},{\"@type\":\"ImageObject\",\"inLanguage\":\"pt-BR\",\"@id\":\"https:\/\/jornalpontomais.com\/site\/2024\/04\/13\/dia-d-da-vacinacao-contra-influenza-sera-neste-sabado\/#primaryimage\",\"url\":\"https:\/\/jornalpontomais.com\/site\/wp-content\/uploads\/2024\/04\/Ze-Gotinha_SES.jpeg\",\"contentUrl\":\"https:\/\/jornalpontomais.com\/site\/wp-content\/uploads\/2024\/04\/Ze-Gotinha_SES.jpeg\",\"width\":1147,\"height\":764},{\"@type\":\"BreadcrumbList\",\"@id\":\"https:\/\/jornalpontomais.com\/site\/2024\/04\/13\/dia-d-da-vacinacao-contra-influenza-sera-neste-sabado\/#breadcrumb\",\"itemListElement\":[{\"@type\":\"ListItem\",\"position\":1,\"name\":\"In\u00edcio\",\"item\":\"https:\/\/jornalpontomais.com\/site\/\"},{\"@type\":\"ListItem\",\"position\":2,\"name\":\"Dia D da vacina\u00e7\u00e3o contra Influenza ser\u00e1 neste s\u00e1bado\"}]},{\"@type\":\"WebSite\",\"@id\":\"https:\/\/jornalpontomais.com\/site\/#website\",\"url\":\"https:\/\/jornalpontomais.com\/site\/\",\"name\":\"Jornal Ponto Mais\",\"description\":\"As principais not\u00edcias do Brasil e do mundo. Confira!\",\"publisher\":{\"@id\":\"https:\/\/jornalpontomais.com\/site\/#organization\"},\"potentialAction\":[{\"@type\":\"SearchAction\",\"target\":{\"@type\":\"EntryPoint\",\"urlTemplate\":\"https:\/\/jornalpontomais.com\/site\/?s={search_term_string}\"},\"query-input\":{\"@type\":\"PropertyValueSpecification\",\"valueRequired\":true,\"valueName\":\"search_term_string\"}}],\"inLanguage\":\"pt-BR\"},{\"@type\":\"Organization\",\"@id\":\"https:\/\/jornalpontomais.com\/site\/#organization\",\"name\":\"Jornal Ponto+\",\"url\":\"https:\/\/jornalpontomais.com\/site\/\",\"logo\":{\"@type\":\"ImageObject\",\"inLanguage\":\"pt-BR\",\"@id\":\"https:\/\/jornalpontomais.com\/site\/#\/schema\/logo\/image\/\",\"url\":\"https:\/\/jornalpontomais.com\/site\/wp-content\/uploads\/2022\/01\/marca.png\",\"contentUrl\":\"https:\/\/jornalpontomais.com\/site\/wp-content\/uploads\/2022\/01\/marca.png\",\"width\":582,\"height\":148,\"caption\":\"Jornal Ponto+\"},\"image\":{\"@id\":\"https:\/\/jornalpontomais.com\/site\/#\/schema\/logo\/image\/\"}},{\"@type\":\"Person\",\"@id\":\"https:\/\/jornalpontomais.com\/site\/#\/schema\/person\/18323f0b0f1355f2490721c48389fe9d\",\"name\":\"Jornal Ponto Mais\",\"image\":{\"@type\":\"ImageObject\",\"inLanguage\":\"pt-BR\",\"@id\":\"https:\/\/secure.gravatar.com\/avatar\/2ee0a9b7fe10fe32bdec8bc086e871e41eb5f4f6ecbcb7b4f2fe0d92d831405f?s=96&d=mm&r=g\",\"url\":\"https:\/\/secure.gravatar.com\/avatar\/2ee0a9b7fe10fe32bdec8bc086e871e41eb5f4f6ecbcb7b4f2fe0d92d831405f?s=96&d=mm&r=g\",\"contentUrl\":\"https:\/\/secure.gravatar.com\/avatar\/2ee0a9b7fe10fe32bdec8bc086e871e41eb5f4f6ecbcb7b4f2fe0d92d831405f?s=96&d=mm&r=g\",\"caption\":\"Jornal Ponto Mais\"},\"sameAs\":[\"https:\/\/jornalpontomais.com\/site\",\"jornalpontomais\"],\"url\":\"https:\/\/jornalpontomais.com\/site\/author\/jornalpontomais\/\"}]}<\/script>\n<!-- \/ Yoast SEO plugin. -->","yoast_head_json":{"title":"Dia D da vacina\u00e7\u00e3o contra Influenza ser\u00e1 neste s\u00e1bado - Jornal Ponto Mais","robots":{"index":"index","follow":"follow","max-snippet":"max-snippet:-1","max-image-preview":"max-image-preview:large","max-video-preview":"max-video-preview:-1"},"canonical":"https:\/\/jornalpontomais.com\/site\/2024\/04\/13\/dia-d-da-vacinacao-contra-influenza-sera-neste-sabado\/","og_locale":"pt_BR","og_type":"article","og_title":"Dia D da vacina\u00e7\u00e3o contra Influenza ser\u00e1 neste s\u00e1bado - Jornal Ponto Mais","og_description":"A Secretaria de Estado da Sa\u00fade de Goi\u00e1s (SES-GO) e o Z\u00e9 Gotinha convocam a popula\u00e7\u00e3o goiana a participarem, neste s\u00e1bado (13\/04), do Dia D da Campanha Estadual de Vacina\u00e7\u00e3o contra a Influenza. As mais de 900 salas de imuniza\u00e7\u00e3o do estado estar\u00e3o abertas de 8h \u00e0s 17h, para os grupos priorit\u00e1rios eleg\u00edveis \u00e0 vacina [&hellip;]","og_url":"https:\/\/jornalpontomais.com\/site\/2024\/04\/13\/dia-d-da-vacinacao-contra-influenza-sera-neste-sabado\/","og_site_name":"Jornal Ponto Mais","article_published_time":"2024-04-13T11:00:00+00:00","og_image":[{"width":1147,"height":764,"url":"https:\/\/jornalpontomais.com\/site\/wp-content\/uploads\/2024\/04\/Ze-Gotinha_SES.jpeg","type":"image\/jpeg"}],"author":"Jornal Ponto Mais","twitter_card":"summary_large_image","twitter_misc":{"Escrito por":"Jornal Ponto Mais","Est. tempo de leitura":"3 minutos"},"schema":{"@context":"https:\/\/schema.org","@graph":[{"@type":"Article","@id":"https:\/\/jornalpontomais.com\/site\/2024\/04\/13\/dia-d-da-vacinacao-contra-influenza-sera-neste-sabado\/#article","isPartOf":{"@id":"https:\/\/jornalpontomais.com\/site\/2024\/04\/13\/dia-d-da-vacinacao-contra-influenza-sera-neste-sabado\/"},"author":{"name":"Jornal Ponto Mais","@id":"https:\/\/jornalpontomais.com\/site\/#\/schema\/person\/18323f0b0f1355f2490721c48389fe9d"},"headline":"Dia D da vacina\u00e7\u00e3o contra Influenza ser\u00e1 neste s\u00e1bado","datePublished":"2024-04-13T11:00:00+00:00","mainEntityOfPage":{"@id":"https:\/\/jornalpontomais.com\/site\/2024\/04\/13\/dia-d-da-vacinacao-contra-influenza-sera-neste-sabado\/"},"wordCount":416,"commentCount":0,"publisher":{"@id":"https:\/\/jornalpontomais.com\/site\/#organization"},"image":{"@id":"https:\/\/jornalpontomais.com\/site\/2024\/04\/13\/dia-d-da-vacinacao-contra-influenza-sera-neste-sabado\/#primaryimage"},"thumbnailUrl":"https:\/\/jornalpontomais.com\/site\/wp-content\/uploads\/2024\/04\/Ze-Gotinha_SES.jpeg","articleSection":["Sa\u00fade"],"inLanguage":"pt-BR","potentialAction":[{"@type":"CommentAction","name":"Comment","target":["https:\/\/jornalpontomais.com\/site\/2024\/04\/13\/dia-d-da-vacinacao-contra-influenza-sera-neste-sabado\/#respond"]}]},{"@type":"WebPage","@id":"https:\/\/jornalpontomais.com\/site\/2024\/04\/13\/dia-d-da-vacinacao-contra-influenza-sera-neste-sabado\/","url":"https:\/\/jornalpontomais.com\/site\/2024\/04\/13\/dia-d-da-vacinacao-contra-influenza-sera-neste-sabado\/","name":"Dia D da vacina\u00e7\u00e3o contra Influenza ser\u00e1 neste s\u00e1bado - Jornal Ponto Mais","isPartOf":{"@id":"https:\/\/jornalpontomais.com\/site\/#website"},"primaryImageOfPage":{"@id":"https:\/\/jornalpontomais.com\/site\/2024\/04\/13\/dia-d-da-vacinacao-contra-influenza-sera-neste-sabado\/#primaryimage"},"image":{"@id":"https:\/\/jornalpontomais.com\/site\/2024\/04\/13\/dia-d-da-vacinacao-contra-influenza-sera-neste-sabado\/#primaryimage"},"thumbnailUrl":"https:\/\/jornalpontomais.com\/site\/wp-content\/uploads\/2024\/04\/Ze-Gotinha_SES.jpeg","datePublished":"2024-04-13T11:00:00+00:00","breadcrumb":{"@id":"https:\/\/jornalpontomais.com\/site\/2024\/04\/13\/dia-d-da-vacinacao-contra-influenza-sera-neste-sabado\/#breadcrumb"},"inLanguage":"pt-BR","potentialAction":[{"@type":"ReadAction","target":["https:\/\/jornalpontomais.com\/site\/2024\/04\/13\/dia-d-da-vacinacao-contra-influenza-sera-neste-sabado\/"]}]},{"@type":"ImageObject","inLanguage":"pt-BR","@id":"https:\/\/jornalpontomais.com\/site\/2024\/04\/13\/dia-d-da-vacinacao-contra-influenza-sera-neste-sabado\/#primaryimage","url":"https:\/\/jornalpontomais.com\/site\/wp-content\/uploads\/2024\/04\/Ze-Gotinha_SES.jpeg","contentUrl":"https:\/\/jornalpontomais.com\/site\/wp-content\/uploads\/2024\/04\/Ze-Gotinha_SES.jpeg","width":1147,"height":764},{"@type":"BreadcrumbList","@id":"https:\/\/jornalpontomais.com\/site\/2024\/04\/13\/dia-d-da-vacinacao-contra-influenza-sera-neste-sabado\/#breadcrumb","itemListElement":[{"@type":"ListItem","position":1,"name":"In\u00edcio","item":"https:\/\/jornalpontomais.com\/site\/"},{"@type":"ListItem","position":2,"name":"Dia D da vacina\u00e7\u00e3o contra Influenza ser\u00e1 neste s\u00e1bado"}]},{"@type":"WebSite","@id":"https:\/\/jornalpontomais.com\/site\/#website","url":"https:\/\/jornalpontomais.com\/site\/","name":"Jornal Ponto Mais","description":"As principais not\u00edcias do Brasil e do mundo. Confira!","publisher":{"@id":"https:\/\/jornalpontomais.com\/site\/#organization"},"potentialAction":[{"@type":"SearchAction","target":{"@type":"EntryPoint","urlTemplate":"https:\/\/jornalpontomais.com\/site\/?s={search_term_string}"},"query-input":{"@type":"PropertyValueSpecification","valueRequired":true,"valueName":"search_term_string"}}],"inLanguage":"pt-BR"},{"@type":"Organization","@id":"https:\/\/jornalpontomais.com\/site\/#organization","name":"Jornal Ponto+","url":"https:\/\/jornalpontomais.com\/site\/","logo":{"@type":"ImageObject","inLanguage":"pt-BR","@id":"https:\/\/jornalpontomais.com\/site\/#\/schema\/logo\/image\/","url":"https:\/\/jornalpontomais.com\/site\/wp-content\/uploads\/2022\/01\/marca.png","contentUrl":"https:\/\/jornalpontomais.com\/site\/wp-content\/uploads\/2022\/01\/marca.png","width":582,"height":148,"caption":"Jornal Ponto+"},"image":{"@id":"https:\/\/jornalpontomais.com\/site\/#\/schema\/logo\/image\/"}},{"@type":"Person","@id":"https:\/\/jornalpontomais.com\/site\/#\/schema\/person\/18323f0b0f1355f2490721c48389fe9d","name":"Jornal Ponto Mais","image":{"@type":"ImageObject","inLanguage":"pt-BR","@id":"https:\/\/secure.gravatar.com\/avatar\/2ee0a9b7fe10fe32bdec8bc086e871e41eb5f4f6ecbcb7b4f2fe0d92d831405f?s=96&d=mm&r=g","url":"https:\/\/secure.gravatar.com\/avatar\/2ee0a9b7fe10fe32bdec8bc086e871e41eb5f4f6ecbcb7b4f2fe0d92d831405f?s=96&d=mm&r=g","contentUrl":"https:\/\/secure.gravatar.com\/avatar\/2ee0a9b7fe10fe32bdec8bc086e871e41eb5f4f6ecbcb7b4f2fe0d92d831405f?s=96&d=mm&r=g","caption":"Jornal Ponto Mais"},"sameAs":["https:\/\/jornalpontomais.com\/site","jornalpontomais"],"url":"https:\/\/jornalpontomais.com\/site\/author\/jornalpontomais\/"}]}},"_links":{"self":[{"href":"https:\/\/jornalpontomais.com\/site\/wp-json\/wp\/v2\/posts\/12793","targetHints":{"allow":["GET"]}}],"collection":[{"href":"https:\/\/jornalpontomais.com\/site\/wp-json\/wp\/v2\/posts"}],"about":[{"href":"https:\/\/jornalpontomais.com\/site\/wp-json\/wp\/v2\/types\/post"}],"author":[{"embeddable":true,"href":"https:\/\/jornalpontomais.com\/site\/wp-json\/wp\/v2\/users\/2"}],"replies":[{"embeddable":true,"href":"https:\/\/jornalpontomais.com\/site\/wp-json\/wp\/v2\/comments?post=12793"}],"version-history":[{"count":1,"href":"https:\/\/jornalpontomais.com\/site\/wp-json\/wp\/v2\/posts\/12793\/revisions"}],"predecessor-version":[{"id":12795,"href":"https:\/\/jornalpontomais.com\/site\/wp-json\/wp\/v2\/posts\/12793\/revisions\/12795"}],"wp:featuredmedia":[{"embeddable":true,"href":"https:\/\/jornalpontomais.com\/site\/wp-json\/wp\/v2\/media\/12794"}],"wp:attachment":[{"href":"https:\/\/jornalpontomais.com\/site\/wp-json\/wp\/v2\/media?parent=12793"}],"wp:term":[{"taxonomy":"category","embeddable":true,"href":"https:\/\/jornalpontomais.com\/site\/wp-json\/wp\/v2\/categories?post=12793"},{"taxonomy":"post_tag","embeddable":true,"href":"https:\/\/jornalpontomais.com\/site\/wp-json\/wp\/v2\/tags?post=12793"}],"curies":[{"name":"wp","href":"https:\/\/api.w.org\/{rel}","templated":true}]}}