{"id":12786,"date":"2024-04-12T11:24:01","date_gmt":"2024-04-12T14:24:01","guid":{"rendered":"https:\/\/jornalpontomais.com\/site\/?p=12786"},"modified":"2024-05-02T16:18:19","modified_gmt":"2024-05-02T19:18:19","slug":"ozempic-nao-aumenta-o-risco-de-pensamentos-suicidas","status":"publish","type":"post","link":"https:\/\/jornalpontomais.com\/site\/2024\/04\/12\/ozempic-nao-aumenta-o-risco-de-pensamentos-suicidas\/","title":{"rendered":"Ozempic n\u00e3o aumenta o risco de pensamentos suicidas"},"content":{"rendered":"\n<p>Uma nova e abrangente revis\u00e3o realizada na Universidade Case Western Reserve, nos Estados Unidos, descobriu que pessoas que tomam Ozempic ou Wegovy para diabetes e perda de peso n\u00e3o precisam se preocupar com um risco maior de pensamentos ou sentimentos suicidas durante o tratamento com esses medicamentos.<br><br><\/p>\n\n\n\n<p>Nesta revis\u00e3o, os pesquisadores compararam casos de idea\u00e7\u00e3o suicida entre pessoas que estavam utilizando semaglutida com aquelas que estavam utilizando outros medicamentos para perda de peso ou diabetes.<br><br><\/p>\n\n\n\n<p>A an\u00e1lise abrangeu mais de 240 mil pessoas com obesidade e mais de 1,5 milh\u00e3o com diabetes tipo 2, examinando o risco de idea\u00e7\u00e3o suicida seis meses ap\u00f3s o in\u00edcio do tratamento com os medicamentos, bem como em momentos posteriores.<br><br><\/p>\n\n\n\n<p>Ap\u00f3s seis meses, observou-se que entre as pessoas que estavam utilizando o medicamento para perda de peso, a semaglutida estava associada a um risco 73% menor de idea\u00e7\u00e3o suicida pela primeira vez e a um risco 56% menor de idea\u00e7\u00e3o suicida recorrente. Os medicamentos com os quais a semaglutida foi comparada inclu\u00edram bupropiona, naltrexona, orlistat, topiramato e fentermina.<br><br><\/p>\n\n\n\n<p>Para pessoas com diabetes tipo 2, as redu\u00e7\u00f5es foram de 64% e 49%, respectivamente. Aqui, os medicamentos com os quais a semaglutida foi comparada inclu\u00edam insulina, metformina e classes mais recentes de medicamentos conhecidos como inibidores de DPP-4 e SGLT-2.<\/p>\n","protected":false},"excerpt":{"rendered":"<p>Uma nova e abrangente revis\u00e3o realizada na Universidade Case Western Reserve, nos Estados Unidos, descobriu que pessoas que tomam Ozempic ou Wegovy para diabetes e perda de peso n\u00e3o precisam se preocupar com um risco maior de pensamentos ou sentimentos suicidas durante o tratamento com esses medicamentos. Nesta revis\u00e3o, os pesquisadores compararam casos de idea\u00e7\u00e3o [&hellip;]<\/p>\n","protected":false},"author":2,"featured_media":12788,"comment_status":"open","ping_status":"open","sticky":true,"template":"","format":"standard","meta":{"om_disable_all_campaigns":false,"_monsterinsights_skip_tracking":false,"_monsterinsights_sitenote_active":false,"_monsterinsights_sitenote_note":"","_monsterinsights_sitenote_category":0,"footnotes":""},"categories":[3],"tags":[],"class_list":["post-12786","post","type-post","status-publish","format-standard","has-post-thumbnail","hentry","category-saude"],"yoast_head":"<!-- This site is optimized with the Yoast SEO plugin v27.2 - https:\/\/yoast.com\/product\/yoast-seo-wordpress\/ -->\n<title>Ozempic n\u00e3o aumenta o risco de pensamentos suicidas - Jornal Ponto Mais<\/title>\n<meta name=\"robots\" content=\"index, follow, max-snippet:-1, max-image-preview:large, max-video-preview:-1\" \/>\n<link rel=\"canonical\" href=\"https:\/\/jornalpontomais.com\/site\/2024\/04\/12\/ozempic-nao-aumenta-o-risco-de-pensamentos-suicidas\/\" \/>\n<meta property=\"og:locale\" content=\"pt_BR\" \/>\n<meta property=\"og:type\" content=\"article\" \/>\n<meta property=\"og:title\" content=\"Ozempic n\u00e3o aumenta o risco de pensamentos suicidas - Jornal Ponto Mais\" \/>\n<meta property=\"og:description\" content=\"Uma nova e abrangente revis\u00e3o realizada na Universidade Case Western Reserve, nos Estados Unidos, descobriu que pessoas que tomam Ozempic ou Wegovy para diabetes e perda de peso n\u00e3o precisam se preocupar com um risco maior de pensamentos ou sentimentos suicidas durante o tratamento com esses medicamentos. Nesta revis\u00e3o, os pesquisadores compararam casos de idea\u00e7\u00e3o [&hellip;]\" \/>\n<meta property=\"og:url\" content=\"https:\/\/jornalpontomais.com\/site\/2024\/04\/12\/ozempic-nao-aumenta-o-risco-de-pensamentos-suicidas\/\" \/>\n<meta property=\"og:site_name\" content=\"Jornal Ponto Mais\" \/>\n<meta property=\"article:published_time\" content=\"2024-04-12T14:24:01+00:00\" \/>\n<meta property=\"article:modified_time\" content=\"2024-05-02T19:18:19+00:00\" \/>\n<meta property=\"og:image\" content=\"https:\/\/jornalpontomais.com\/site\/wp-content\/uploads\/2024\/04\/homem-injetando-semaglutida-na-regiao-da-barriga.webp\" \/>\n\t<meta property=\"og:image:width\" content=\"600\" \/>\n\t<meta property=\"og:image:height\" content=\"338\" \/>\n\t<meta property=\"og:image:type\" content=\"image\/webp\" \/>\n<meta name=\"author\" content=\"Jornal Ponto Mais\" \/>\n<meta name=\"twitter:card\" content=\"summary_large_image\" \/>\n<meta name=\"twitter:label1\" content=\"Escrito por\" \/>\n\t<meta name=\"twitter:data1\" content=\"Jornal Ponto Mais\" \/>\n\t<meta name=\"twitter:label2\" content=\"Est. tempo de leitura\" \/>\n\t<meta name=\"twitter:data2\" content=\"2 minutos\" \/>\n<script type=\"application\/ld+json\" class=\"yoast-schema-graph\">{\"@context\":\"https:\/\/schema.org\",\"@graph\":[{\"@type\":\"Article\",\"@id\":\"https:\/\/jornalpontomais.com\/site\/2024\/04\/12\/ozempic-nao-aumenta-o-risco-de-pensamentos-suicidas\/#article\",\"isPartOf\":{\"@id\":\"https:\/\/jornalpontomais.com\/site\/2024\/04\/12\/ozempic-nao-aumenta-o-risco-de-pensamentos-suicidas\/\"},\"author\":{\"name\":\"Jornal Ponto Mais\",\"@id\":\"https:\/\/jornalpontomais.com\/site\/#\/schema\/person\/18323f0b0f1355f2490721c48389fe9d\"},\"headline\":\"Ozempic n\u00e3o aumenta o risco de pensamentos suicidas\",\"datePublished\":\"2024-04-12T14:24:01+00:00\",\"dateModified\":\"2024-05-02T19:18:19+00:00\",\"mainEntityOfPage\":{\"@id\":\"https:\/\/jornalpontomais.com\/site\/2024\/04\/12\/ozempic-nao-aumenta-o-risco-de-pensamentos-suicidas\/\"},\"wordCount\":229,\"commentCount\":0,\"publisher\":{\"@id\":\"https:\/\/jornalpontomais.com\/site\/#organization\"},\"image\":{\"@id\":\"https:\/\/jornalpontomais.com\/site\/2024\/04\/12\/ozempic-nao-aumenta-o-risco-de-pensamentos-suicidas\/#primaryimage\"},\"thumbnailUrl\":\"https:\/\/jornalpontomais.com\/site\/wp-content\/uploads\/2024\/04\/homem-injetando-semaglutida-na-regiao-da-barriga.webp\",\"articleSection\":[\"Sa\u00fade\"],\"inLanguage\":\"pt-BR\",\"potentialAction\":[{\"@type\":\"CommentAction\",\"name\":\"Comment\",\"target\":[\"https:\/\/jornalpontomais.com\/site\/2024\/04\/12\/ozempic-nao-aumenta-o-risco-de-pensamentos-suicidas\/#respond\"]}]},{\"@type\":\"WebPage\",\"@id\":\"https:\/\/jornalpontomais.com\/site\/2024\/04\/12\/ozempic-nao-aumenta-o-risco-de-pensamentos-suicidas\/\",\"url\":\"https:\/\/jornalpontomais.com\/site\/2024\/04\/12\/ozempic-nao-aumenta-o-risco-de-pensamentos-suicidas\/\",\"name\":\"Ozempic n\u00e3o aumenta o risco de pensamentos suicidas - Jornal Ponto Mais\",\"isPartOf\":{\"@id\":\"https:\/\/jornalpontomais.com\/site\/#website\"},\"primaryImageOfPage\":{\"@id\":\"https:\/\/jornalpontomais.com\/site\/2024\/04\/12\/ozempic-nao-aumenta-o-risco-de-pensamentos-suicidas\/#primaryimage\"},\"image\":{\"@id\":\"https:\/\/jornalpontomais.com\/site\/2024\/04\/12\/ozempic-nao-aumenta-o-risco-de-pensamentos-suicidas\/#primaryimage\"},\"thumbnailUrl\":\"https:\/\/jornalpontomais.com\/site\/wp-content\/uploads\/2024\/04\/homem-injetando-semaglutida-na-regiao-da-barriga.webp\",\"datePublished\":\"2024-04-12T14:24:01+00:00\",\"dateModified\":\"2024-05-02T19:18:19+00:00\",\"breadcrumb\":{\"@id\":\"https:\/\/jornalpontomais.com\/site\/2024\/04\/12\/ozempic-nao-aumenta-o-risco-de-pensamentos-suicidas\/#breadcrumb\"},\"inLanguage\":\"pt-BR\",\"potentialAction\":[{\"@type\":\"ReadAction\",\"target\":[\"https:\/\/jornalpontomais.com\/site\/2024\/04\/12\/ozempic-nao-aumenta-o-risco-de-pensamentos-suicidas\/\"]}]},{\"@type\":\"ImageObject\",\"inLanguage\":\"pt-BR\",\"@id\":\"https:\/\/jornalpontomais.com\/site\/2024\/04\/12\/ozempic-nao-aumenta-o-risco-de-pensamentos-suicidas\/#primaryimage\",\"url\":\"https:\/\/jornalpontomais.com\/site\/wp-content\/uploads\/2024\/04\/homem-injetando-semaglutida-na-regiao-da-barriga.webp\",\"contentUrl\":\"https:\/\/jornalpontomais.com\/site\/wp-content\/uploads\/2024\/04\/homem-injetando-semaglutida-na-regiao-da-barriga.webp\",\"width\":600,\"height\":338},{\"@type\":\"BreadcrumbList\",\"@id\":\"https:\/\/jornalpontomais.com\/site\/2024\/04\/12\/ozempic-nao-aumenta-o-risco-de-pensamentos-suicidas\/#breadcrumb\",\"itemListElement\":[{\"@type\":\"ListItem\",\"position\":1,\"name\":\"In\u00edcio\",\"item\":\"https:\/\/jornalpontomais.com\/site\/\"},{\"@type\":\"ListItem\",\"position\":2,\"name\":\"Ozempic n\u00e3o aumenta o risco de pensamentos suicidas\"}]},{\"@type\":\"WebSite\",\"@id\":\"https:\/\/jornalpontomais.com\/site\/#website\",\"url\":\"https:\/\/jornalpontomais.com\/site\/\",\"name\":\"Jornal Ponto Mais\",\"description\":\"As principais not\u00edcias do Brasil e do mundo. Confira!\",\"publisher\":{\"@id\":\"https:\/\/jornalpontomais.com\/site\/#organization\"},\"potentialAction\":[{\"@type\":\"SearchAction\",\"target\":{\"@type\":\"EntryPoint\",\"urlTemplate\":\"https:\/\/jornalpontomais.com\/site\/?s={search_term_string}\"},\"query-input\":{\"@type\":\"PropertyValueSpecification\",\"valueRequired\":true,\"valueName\":\"search_term_string\"}}],\"inLanguage\":\"pt-BR\"},{\"@type\":\"Organization\",\"@id\":\"https:\/\/jornalpontomais.com\/site\/#organization\",\"name\":\"Jornal Ponto+\",\"url\":\"https:\/\/jornalpontomais.com\/site\/\",\"logo\":{\"@type\":\"ImageObject\",\"inLanguage\":\"pt-BR\",\"@id\":\"https:\/\/jornalpontomais.com\/site\/#\/schema\/logo\/image\/\",\"url\":\"https:\/\/jornalpontomais.com\/site\/wp-content\/uploads\/2022\/01\/marca.png\",\"contentUrl\":\"https:\/\/jornalpontomais.com\/site\/wp-content\/uploads\/2022\/01\/marca.png\",\"width\":582,\"height\":148,\"caption\":\"Jornal Ponto+\"},\"image\":{\"@id\":\"https:\/\/jornalpontomais.com\/site\/#\/schema\/logo\/image\/\"}},{\"@type\":\"Person\",\"@id\":\"https:\/\/jornalpontomais.com\/site\/#\/schema\/person\/18323f0b0f1355f2490721c48389fe9d\",\"name\":\"Jornal Ponto Mais\",\"image\":{\"@type\":\"ImageObject\",\"inLanguage\":\"pt-BR\",\"@id\":\"https:\/\/secure.gravatar.com\/avatar\/2ee0a9b7fe10fe32bdec8bc086e871e41eb5f4f6ecbcb7b4f2fe0d92d831405f?s=96&d=mm&r=g\",\"url\":\"https:\/\/secure.gravatar.com\/avatar\/2ee0a9b7fe10fe32bdec8bc086e871e41eb5f4f6ecbcb7b4f2fe0d92d831405f?s=96&d=mm&r=g\",\"contentUrl\":\"https:\/\/secure.gravatar.com\/avatar\/2ee0a9b7fe10fe32bdec8bc086e871e41eb5f4f6ecbcb7b4f2fe0d92d831405f?s=96&d=mm&r=g\",\"caption\":\"Jornal Ponto Mais\"},\"sameAs\":[\"https:\/\/jornalpontomais.com\/site\",\"jornalpontomais\"],\"url\":\"https:\/\/jornalpontomais.com\/site\/author\/jornalpontomais\/\"}]}<\/script>\n<!-- \/ Yoast SEO plugin. -->","yoast_head_json":{"title":"Ozempic n\u00e3o aumenta o risco de pensamentos suicidas - Jornal Ponto Mais","robots":{"index":"index","follow":"follow","max-snippet":"max-snippet:-1","max-image-preview":"max-image-preview:large","max-video-preview":"max-video-preview:-1"},"canonical":"https:\/\/jornalpontomais.com\/site\/2024\/04\/12\/ozempic-nao-aumenta-o-risco-de-pensamentos-suicidas\/","og_locale":"pt_BR","og_type":"article","og_title":"Ozempic n\u00e3o aumenta o risco de pensamentos suicidas - Jornal Ponto Mais","og_description":"Uma nova e abrangente revis\u00e3o realizada na Universidade Case Western Reserve, nos Estados Unidos, descobriu que pessoas que tomam Ozempic ou Wegovy para diabetes e perda de peso n\u00e3o precisam se preocupar com um risco maior de pensamentos ou sentimentos suicidas durante o tratamento com esses medicamentos. Nesta revis\u00e3o, os pesquisadores compararam casos de idea\u00e7\u00e3o [&hellip;]","og_url":"https:\/\/jornalpontomais.com\/site\/2024\/04\/12\/ozempic-nao-aumenta-o-risco-de-pensamentos-suicidas\/","og_site_name":"Jornal Ponto Mais","article_published_time":"2024-04-12T14:24:01+00:00","article_modified_time":"2024-05-02T19:18:19+00:00","og_image":[{"width":600,"height":338,"url":"https:\/\/jornalpontomais.com\/site\/wp-content\/uploads\/2024\/04\/homem-injetando-semaglutida-na-regiao-da-barriga.webp","type":"image\/webp"}],"author":"Jornal Ponto Mais","twitter_card":"summary_large_image","twitter_misc":{"Escrito por":"Jornal Ponto Mais","Est. tempo de leitura":"2 minutos"},"schema":{"@context":"https:\/\/schema.org","@graph":[{"@type":"Article","@id":"https:\/\/jornalpontomais.com\/site\/2024\/04\/12\/ozempic-nao-aumenta-o-risco-de-pensamentos-suicidas\/#article","isPartOf":{"@id":"https:\/\/jornalpontomais.com\/site\/2024\/04\/12\/ozempic-nao-aumenta-o-risco-de-pensamentos-suicidas\/"},"author":{"name":"Jornal Ponto Mais","@id":"https:\/\/jornalpontomais.com\/site\/#\/schema\/person\/18323f0b0f1355f2490721c48389fe9d"},"headline":"Ozempic n\u00e3o aumenta o risco de pensamentos suicidas","datePublished":"2024-04-12T14:24:01+00:00","dateModified":"2024-05-02T19:18:19+00:00","mainEntityOfPage":{"@id":"https:\/\/jornalpontomais.com\/site\/2024\/04\/12\/ozempic-nao-aumenta-o-risco-de-pensamentos-suicidas\/"},"wordCount":229,"commentCount":0,"publisher":{"@id":"https:\/\/jornalpontomais.com\/site\/#organization"},"image":{"@id":"https:\/\/jornalpontomais.com\/site\/2024\/04\/12\/ozempic-nao-aumenta-o-risco-de-pensamentos-suicidas\/#primaryimage"},"thumbnailUrl":"https:\/\/jornalpontomais.com\/site\/wp-content\/uploads\/2024\/04\/homem-injetando-semaglutida-na-regiao-da-barriga.webp","articleSection":["Sa\u00fade"],"inLanguage":"pt-BR","potentialAction":[{"@type":"CommentAction","name":"Comment","target":["https:\/\/jornalpontomais.com\/site\/2024\/04\/12\/ozempic-nao-aumenta-o-risco-de-pensamentos-suicidas\/#respond"]}]},{"@type":"WebPage","@id":"https:\/\/jornalpontomais.com\/site\/2024\/04\/12\/ozempic-nao-aumenta-o-risco-de-pensamentos-suicidas\/","url":"https:\/\/jornalpontomais.com\/site\/2024\/04\/12\/ozempic-nao-aumenta-o-risco-de-pensamentos-suicidas\/","name":"Ozempic n\u00e3o aumenta o risco de pensamentos suicidas - Jornal Ponto Mais","isPartOf":{"@id":"https:\/\/jornalpontomais.com\/site\/#website"},"primaryImageOfPage":{"@id":"https:\/\/jornalpontomais.com\/site\/2024\/04\/12\/ozempic-nao-aumenta-o-risco-de-pensamentos-suicidas\/#primaryimage"},"image":{"@id":"https:\/\/jornalpontomais.com\/site\/2024\/04\/12\/ozempic-nao-aumenta-o-risco-de-pensamentos-suicidas\/#primaryimage"},"thumbnailUrl":"https:\/\/jornalpontomais.com\/site\/wp-content\/uploads\/2024\/04\/homem-injetando-semaglutida-na-regiao-da-barriga.webp","datePublished":"2024-04-12T14:24:01+00:00","dateModified":"2024-05-02T19:18:19+00:00","breadcrumb":{"@id":"https:\/\/jornalpontomais.com\/site\/2024\/04\/12\/ozempic-nao-aumenta-o-risco-de-pensamentos-suicidas\/#breadcrumb"},"inLanguage":"pt-BR","potentialAction":[{"@type":"ReadAction","target":["https:\/\/jornalpontomais.com\/site\/2024\/04\/12\/ozempic-nao-aumenta-o-risco-de-pensamentos-suicidas\/"]}]},{"@type":"ImageObject","inLanguage":"pt-BR","@id":"https:\/\/jornalpontomais.com\/site\/2024\/04\/12\/ozempic-nao-aumenta-o-risco-de-pensamentos-suicidas\/#primaryimage","url":"https:\/\/jornalpontomais.com\/site\/wp-content\/uploads\/2024\/04\/homem-injetando-semaglutida-na-regiao-da-barriga.webp","contentUrl":"https:\/\/jornalpontomais.com\/site\/wp-content\/uploads\/2024\/04\/homem-injetando-semaglutida-na-regiao-da-barriga.webp","width":600,"height":338},{"@type":"BreadcrumbList","@id":"https:\/\/jornalpontomais.com\/site\/2024\/04\/12\/ozempic-nao-aumenta-o-risco-de-pensamentos-suicidas\/#breadcrumb","itemListElement":[{"@type":"ListItem","position":1,"name":"In\u00edcio","item":"https:\/\/jornalpontomais.com\/site\/"},{"@type":"ListItem","position":2,"name":"Ozempic n\u00e3o aumenta o risco de pensamentos suicidas"}]},{"@type":"WebSite","@id":"https:\/\/jornalpontomais.com\/site\/#website","url":"https:\/\/jornalpontomais.com\/site\/","name":"Jornal Ponto Mais","description":"As principais not\u00edcias do Brasil e do mundo. Confira!","publisher":{"@id":"https:\/\/jornalpontomais.com\/site\/#organization"},"potentialAction":[{"@type":"SearchAction","target":{"@type":"EntryPoint","urlTemplate":"https:\/\/jornalpontomais.com\/site\/?s={search_term_string}"},"query-input":{"@type":"PropertyValueSpecification","valueRequired":true,"valueName":"search_term_string"}}],"inLanguage":"pt-BR"},{"@type":"Organization","@id":"https:\/\/jornalpontomais.com\/site\/#organization","name":"Jornal Ponto+","url":"https:\/\/jornalpontomais.com\/site\/","logo":{"@type":"ImageObject","inLanguage":"pt-BR","@id":"https:\/\/jornalpontomais.com\/site\/#\/schema\/logo\/image\/","url":"https:\/\/jornalpontomais.com\/site\/wp-content\/uploads\/2022\/01\/marca.png","contentUrl":"https:\/\/jornalpontomais.com\/site\/wp-content\/uploads\/2022\/01\/marca.png","width":582,"height":148,"caption":"Jornal Ponto+"},"image":{"@id":"https:\/\/jornalpontomais.com\/site\/#\/schema\/logo\/image\/"}},{"@type":"Person","@id":"https:\/\/jornalpontomais.com\/site\/#\/schema\/person\/18323f0b0f1355f2490721c48389fe9d","name":"Jornal Ponto Mais","image":{"@type":"ImageObject","inLanguage":"pt-BR","@id":"https:\/\/secure.gravatar.com\/avatar\/2ee0a9b7fe10fe32bdec8bc086e871e41eb5f4f6ecbcb7b4f2fe0d92d831405f?s=96&d=mm&r=g","url":"https:\/\/secure.gravatar.com\/avatar\/2ee0a9b7fe10fe32bdec8bc086e871e41eb5f4f6ecbcb7b4f2fe0d92d831405f?s=96&d=mm&r=g","contentUrl":"https:\/\/secure.gravatar.com\/avatar\/2ee0a9b7fe10fe32bdec8bc086e871e41eb5f4f6ecbcb7b4f2fe0d92d831405f?s=96&d=mm&r=g","caption":"Jornal Ponto Mais"},"sameAs":["https:\/\/jornalpontomais.com\/site","jornalpontomais"],"url":"https:\/\/jornalpontomais.com\/site\/author\/jornalpontomais\/"}]}},"_links":{"self":[{"href":"https:\/\/jornalpontomais.com\/site\/wp-json\/wp\/v2\/posts\/12786","targetHints":{"allow":["GET"]}}],"collection":[{"href":"https:\/\/jornalpontomais.com\/site\/wp-json\/wp\/v2\/posts"}],"about":[{"href":"https:\/\/jornalpontomais.com\/site\/wp-json\/wp\/v2\/types\/post"}],"author":[{"embeddable":true,"href":"https:\/\/jornalpontomais.com\/site\/wp-json\/wp\/v2\/users\/2"}],"replies":[{"embeddable":true,"href":"https:\/\/jornalpontomais.com\/site\/wp-json\/wp\/v2\/comments?post=12786"}],"version-history":[{"count":2,"href":"https:\/\/jornalpontomais.com\/site\/wp-json\/wp\/v2\/posts\/12786\/revisions"}],"predecessor-version":[{"id":12800,"href":"https:\/\/jornalpontomais.com\/site\/wp-json\/wp\/v2\/posts\/12786\/revisions\/12800"}],"wp:featuredmedia":[{"embeddable":true,"href":"https:\/\/jornalpontomais.com\/site\/wp-json\/wp\/v2\/media\/12788"}],"wp:attachment":[{"href":"https:\/\/jornalpontomais.com\/site\/wp-json\/wp\/v2\/media?parent=12786"}],"wp:term":[{"taxonomy":"category","embeddable":true,"href":"https:\/\/jornalpontomais.com\/site\/wp-json\/wp\/v2\/categories?post=12786"},{"taxonomy":"post_tag","embeddable":true,"href":"https:\/\/jornalpontomais.com\/site\/wp-json\/wp\/v2\/tags?post=12786"}],"curies":[{"name":"wp","href":"https:\/\/api.w.org\/{rel}","templated":true}]}}