{"id":12713,"date":"2024-04-09T08:36:21","date_gmt":"2024-04-09T11:36:21","guid":{"rendered":"https:\/\/jornalpontomais.com\/site\/?p=12713"},"modified":"2024-04-09T08:36:22","modified_gmt":"2024-04-09T11:36:22","slug":"goias-inicia-vacinacao-contra-hpv-com-dose-unica","status":"publish","type":"post","link":"https:\/\/jornalpontomais.com\/site\/2024\/04\/09\/goias-inicia-vacinacao-contra-hpv-com-dose-unica\/","title":{"rendered":"Goi\u00e1s inicia vacina\u00e7\u00e3o contra HPV com dose \u00fanica"},"content":{"rendered":"\n<p>A Secretaria de Estado da Sa\u00fade (SES) deu in\u00edcio, nesta semana, ao novo esquema vacinal contra o Papiloma V\u00edrus Humano (HPV), que passa a ser administrado em dose \u00fanica. A mudan\u00e7a, anunciada pelo Minist\u00e9rio da Sa\u00fade (MS), levou em considera\u00e7\u00e3o as recomenda\u00e7\u00f5es da Organiza\u00e7\u00e3o Mundial de Sa\u00fade (OMS) e da Organiza\u00e7\u00e3o Pan-Americana da Sa\u00fade (Opas), diante de uma s\u00e9rie de estudos que comprovaram a prote\u00e7\u00e3o com apenas uma dose do imunizante.<br><br><\/p>\n\n\n\n<p>A vacina contra o HPV \u00e9 quadrivalente, protegendo contra os tipos 6, 11, 16 e 18 do v\u00edrus. Ela \u00e9 disponibilizada de forma gratuita pelo Sistema \u00danico de Sa\u00fade (SUS) e tem como p\u00fablico-alvo crian\u00e7as e adolescentes entre 9 e 14 anos.<br><br><\/p>\n\n\n\n<p>O imunizante agora tamb\u00e9m \u00e9 indicado para pessoas portadoras de papilomatose respirat\u00f3ria recorrente (PRR). \u201cQuem j\u00e1 tomou duas doses, ok, j\u00e1 est\u00e1 protegido. Quem tomou uma primeira dose, est\u00e1 com a segunda atrasada ou agendada, n\u00e3o vai precisar mais tom\u00e1-la. Com uma dose s\u00f3 ele j\u00e1 est\u00e1 imunizado\u201d, explica a superintendente de Vigil\u00e2ncia em Sa\u00fade da SES, Fl\u00favia Amorim.\u201d<br><br><\/p>\n\n\n\n<p>A Nota T\u00e9cnica n\u00ba 41\/2024 do MS, que estabelece a nova estrat\u00e9gia de vacina\u00e7\u00e3o, j\u00e1 foi repassada aos 246 munic\u00edpios goianos. A ideia \u00e9 ampliar a cobertura vacinal e intensificar a prote\u00e7\u00e3o contra o c\u00e2ncer de colo do \u00fatero e de outras complica\u00e7\u00f5es associadas ao v\u00edrus.<br><br><\/p>\n\n\n\n<p>Dados parciais da cobertura para a vacina contra HPV em 2024 em Goi\u00e1s \u00e9 de 62,92% para primeira dose em meninas e 46,77% para a segunda. J\u00e1 no caso dos meninos, a cobertura \u00e9 de 45,61% (primeira dose) e 25,48% (segunda dose).<br><br><br>\u201cA gente est\u00e1 falando de prote\u00e7\u00e3o para a vida inteira, n\u00e3o s\u00f3 para essa hora que o adolescente toma a vacina, mas para a vida adulta, quando ele estiver na fase sexualmente ativa. Ent\u00e3o \u00e9 importante vacinar. Lembrando que os adolescentes respondem melhor \u00e0 vacina, e por este motivo essa vacina \u00e9 voltada a essa faixa et\u00e1ria\u201d, ressalta a superintendente.<br><br><\/p>\n\n\n\n<p><strong>HPV<\/strong><\/p>\n\n\n\n<p>O HPV \u00e9 uma infec\u00e7\u00e3o sexualmente transmiss\u00edvel (IST) e uma das principais causas relacionadas a doen\u00e7as como c\u00e2ncer no \u00e2nus, vulva, vagina, p\u00eanis, orofaringe e colo do \u00fatero. O c\u00e2ncer de colo de \u00fatero \u00e9 o segundo tipo da doen\u00e7a mais comum em mulheres em Goi\u00e1s e o quarto tipo de c\u00e2ncer mais letal para o p\u00fablico feminino no estado.<br><br><\/p>\n\n\n\n<p>Segundo estimativas do Instituto Nacional de C\u00e2ncer (Inca), cerca de 10 milh\u00f5es de pessoas no Brasil s\u00e3o portadoras de HPV, e 700 mil novos casos de infec\u00e7\u00e3o pelo v\u00edrus devem surgir anualmente.<\/p>\n","protected":false},"excerpt":{"rendered":"<p>A Secretaria de Estado da Sa\u00fade (SES) deu in\u00edcio, nesta semana, ao novo esquema vacinal contra o Papiloma V\u00edrus Humano (HPV), que passa a ser administrado em dose \u00fanica. A mudan\u00e7a, anunciada pelo Minist\u00e9rio da Sa\u00fade (MS), levou em considera\u00e7\u00e3o as recomenda\u00e7\u00f5es da Organiza\u00e7\u00e3o Mundial de Sa\u00fade (OMS) e da Organiza\u00e7\u00e3o Pan-Americana da Sa\u00fade (Opas), [&hellip;]<\/p>\n","protected":false},"author":2,"featured_media":12714,"comment_status":"open","ping_status":"open","sticky":true,"template":"","format":"standard","meta":{"om_disable_all_campaigns":false,"_monsterinsights_skip_tracking":false,"_monsterinsights_sitenote_active":false,"_monsterinsights_sitenote_note":"","_monsterinsights_sitenote_category":0,"footnotes":""},"categories":[3],"tags":[],"class_list":["post-12713","post","type-post","status-publish","format-standard","has-post-thumbnail","hentry","category-saude"],"yoast_head":"<!-- This site is optimized with the Yoast SEO plugin v27.2 - https:\/\/yoast.com\/product\/yoast-seo-wordpress\/ -->\n<title>Goi\u00e1s inicia vacina\u00e7\u00e3o contra HPV com dose \u00fanica - Jornal Ponto Mais<\/title>\n<meta name=\"robots\" content=\"index, follow, max-snippet:-1, max-image-preview:large, max-video-preview:-1\" \/>\n<link rel=\"canonical\" href=\"https:\/\/jornalpontomais.com\/site\/2024\/04\/09\/goias-inicia-vacinacao-contra-hpv-com-dose-unica\/\" \/>\n<meta property=\"og:locale\" content=\"pt_BR\" \/>\n<meta property=\"og:type\" content=\"article\" \/>\n<meta property=\"og:title\" content=\"Goi\u00e1s inicia vacina\u00e7\u00e3o contra HPV com dose \u00fanica - Jornal Ponto Mais\" \/>\n<meta property=\"og:description\" content=\"A Secretaria de Estado da Sa\u00fade (SES) deu in\u00edcio, nesta semana, ao novo esquema vacinal contra o Papiloma V\u00edrus Humano (HPV), que passa a ser administrado em dose \u00fanica. A mudan\u00e7a, anunciada pelo Minist\u00e9rio da Sa\u00fade (MS), levou em considera\u00e7\u00e3o as recomenda\u00e7\u00f5es da Organiza\u00e7\u00e3o Mundial de Sa\u00fade (OMS) e da Organiza\u00e7\u00e3o Pan-Americana da Sa\u00fade (Opas), [&hellip;]\" \/>\n<meta property=\"og:url\" content=\"https:\/\/jornalpontomais.com\/site\/2024\/04\/09\/goias-inicia-vacinacao-contra-hpv-com-dose-unica\/\" \/>\n<meta property=\"og:site_name\" content=\"Jornal Ponto Mais\" \/>\n<meta property=\"article:published_time\" content=\"2024-04-09T11:36:21+00:00\" \/>\n<meta property=\"article:modified_time\" content=\"2024-04-09T11:36:22+00:00\" \/>\n<meta property=\"og:image\" content=\"https:\/\/jornalpontomais.com\/site\/wp-content\/uploads\/2024\/04\/Vacina-contra-HPV_Iron-Braz-SES-1215x809-1.jpeg\" \/>\n\t<meta property=\"og:image:width\" content=\"1215\" \/>\n\t<meta property=\"og:image:height\" content=\"809\" \/>\n\t<meta property=\"og:image:type\" content=\"image\/jpeg\" \/>\n<meta name=\"author\" content=\"Jornal Ponto Mais\" \/>\n<meta name=\"twitter:card\" content=\"summary_large_image\" \/>\n<meta name=\"twitter:label1\" content=\"Escrito por\" \/>\n\t<meta name=\"twitter:data1\" content=\"Jornal Ponto Mais\" \/>\n\t<meta name=\"twitter:label2\" content=\"Est. tempo de leitura\" \/>\n\t<meta name=\"twitter:data2\" content=\"3 minutos\" \/>\n<script type=\"application\/ld+json\" class=\"yoast-schema-graph\">{\"@context\":\"https:\/\/schema.org\",\"@graph\":[{\"@type\":\"Article\",\"@id\":\"https:\/\/jornalpontomais.com\/site\/2024\/04\/09\/goias-inicia-vacinacao-contra-hpv-com-dose-unica\/#article\",\"isPartOf\":{\"@id\":\"https:\/\/jornalpontomais.com\/site\/2024\/04\/09\/goias-inicia-vacinacao-contra-hpv-com-dose-unica\/\"},\"author\":{\"name\":\"Jornal Ponto Mais\",\"@id\":\"https:\/\/jornalpontomais.com\/site\/#\/schema\/person\/18323f0b0f1355f2490721c48389fe9d\"},\"headline\":\"Goi\u00e1s inicia vacina\u00e7\u00e3o contra HPV com dose \u00fanica\",\"datePublished\":\"2024-04-09T11:36:21+00:00\",\"dateModified\":\"2024-04-09T11:36:22+00:00\",\"mainEntityOfPage\":{\"@id\":\"https:\/\/jornalpontomais.com\/site\/2024\/04\/09\/goias-inicia-vacinacao-contra-hpv-com-dose-unica\/\"},\"wordCount\":450,\"commentCount\":0,\"publisher\":{\"@id\":\"https:\/\/jornalpontomais.com\/site\/#organization\"},\"image\":{\"@id\":\"https:\/\/jornalpontomais.com\/site\/2024\/04\/09\/goias-inicia-vacinacao-contra-hpv-com-dose-unica\/#primaryimage\"},\"thumbnailUrl\":\"https:\/\/jornalpontomais.com\/site\/wp-content\/uploads\/2024\/04\/Vacina-contra-HPV_Iron-Braz-SES-1215x809-1.jpeg\",\"articleSection\":[\"Sa\u00fade\"],\"inLanguage\":\"pt-BR\",\"potentialAction\":[{\"@type\":\"CommentAction\",\"name\":\"Comment\",\"target\":[\"https:\/\/jornalpontomais.com\/site\/2024\/04\/09\/goias-inicia-vacinacao-contra-hpv-com-dose-unica\/#respond\"]}]},{\"@type\":\"WebPage\",\"@id\":\"https:\/\/jornalpontomais.com\/site\/2024\/04\/09\/goias-inicia-vacinacao-contra-hpv-com-dose-unica\/\",\"url\":\"https:\/\/jornalpontomais.com\/site\/2024\/04\/09\/goias-inicia-vacinacao-contra-hpv-com-dose-unica\/\",\"name\":\"Goi\u00e1s inicia vacina\u00e7\u00e3o contra HPV com dose \u00fanica - Jornal Ponto Mais\",\"isPartOf\":{\"@id\":\"https:\/\/jornalpontomais.com\/site\/#website\"},\"primaryImageOfPage\":{\"@id\":\"https:\/\/jornalpontomais.com\/site\/2024\/04\/09\/goias-inicia-vacinacao-contra-hpv-com-dose-unica\/#primaryimage\"},\"image\":{\"@id\":\"https:\/\/jornalpontomais.com\/site\/2024\/04\/09\/goias-inicia-vacinacao-contra-hpv-com-dose-unica\/#primaryimage\"},\"thumbnailUrl\":\"https:\/\/jornalpontomais.com\/site\/wp-content\/uploads\/2024\/04\/Vacina-contra-HPV_Iron-Braz-SES-1215x809-1.jpeg\",\"datePublished\":\"2024-04-09T11:36:21+00:00\",\"dateModified\":\"2024-04-09T11:36:22+00:00\",\"breadcrumb\":{\"@id\":\"https:\/\/jornalpontomais.com\/site\/2024\/04\/09\/goias-inicia-vacinacao-contra-hpv-com-dose-unica\/#breadcrumb\"},\"inLanguage\":\"pt-BR\",\"potentialAction\":[{\"@type\":\"ReadAction\",\"target\":[\"https:\/\/jornalpontomais.com\/site\/2024\/04\/09\/goias-inicia-vacinacao-contra-hpv-com-dose-unica\/\"]}]},{\"@type\":\"ImageObject\",\"inLanguage\":\"pt-BR\",\"@id\":\"https:\/\/jornalpontomais.com\/site\/2024\/04\/09\/goias-inicia-vacinacao-contra-hpv-com-dose-unica\/#primaryimage\",\"url\":\"https:\/\/jornalpontomais.com\/site\/wp-content\/uploads\/2024\/04\/Vacina-contra-HPV_Iron-Braz-SES-1215x809-1.jpeg\",\"contentUrl\":\"https:\/\/jornalpontomais.com\/site\/wp-content\/uploads\/2024\/04\/Vacina-contra-HPV_Iron-Braz-SES-1215x809-1.jpeg\",\"width\":1215,\"height\":809},{\"@type\":\"BreadcrumbList\",\"@id\":\"https:\/\/jornalpontomais.com\/site\/2024\/04\/09\/goias-inicia-vacinacao-contra-hpv-com-dose-unica\/#breadcrumb\",\"itemListElement\":[{\"@type\":\"ListItem\",\"position\":1,\"name\":\"In\u00edcio\",\"item\":\"https:\/\/jornalpontomais.com\/site\/\"},{\"@type\":\"ListItem\",\"position\":2,\"name\":\"Goi\u00e1s inicia vacina\u00e7\u00e3o contra HPV com dose \u00fanica\"}]},{\"@type\":\"WebSite\",\"@id\":\"https:\/\/jornalpontomais.com\/site\/#website\",\"url\":\"https:\/\/jornalpontomais.com\/site\/\",\"name\":\"Jornal Ponto Mais\",\"description\":\"As principais not\u00edcias do Brasil e do mundo. Confira!\",\"publisher\":{\"@id\":\"https:\/\/jornalpontomais.com\/site\/#organization\"},\"potentialAction\":[{\"@type\":\"SearchAction\",\"target\":{\"@type\":\"EntryPoint\",\"urlTemplate\":\"https:\/\/jornalpontomais.com\/site\/?s={search_term_string}\"},\"query-input\":{\"@type\":\"PropertyValueSpecification\",\"valueRequired\":true,\"valueName\":\"search_term_string\"}}],\"inLanguage\":\"pt-BR\"},{\"@type\":\"Organization\",\"@id\":\"https:\/\/jornalpontomais.com\/site\/#organization\",\"name\":\"Jornal Ponto+\",\"url\":\"https:\/\/jornalpontomais.com\/site\/\",\"logo\":{\"@type\":\"ImageObject\",\"inLanguage\":\"pt-BR\",\"@id\":\"https:\/\/jornalpontomais.com\/site\/#\/schema\/logo\/image\/\",\"url\":\"https:\/\/jornalpontomais.com\/site\/wp-content\/uploads\/2022\/01\/marca.png\",\"contentUrl\":\"https:\/\/jornalpontomais.com\/site\/wp-content\/uploads\/2022\/01\/marca.png\",\"width\":582,\"height\":148,\"caption\":\"Jornal Ponto+\"},\"image\":{\"@id\":\"https:\/\/jornalpontomais.com\/site\/#\/schema\/logo\/image\/\"}},{\"@type\":\"Person\",\"@id\":\"https:\/\/jornalpontomais.com\/site\/#\/schema\/person\/18323f0b0f1355f2490721c48389fe9d\",\"name\":\"Jornal Ponto Mais\",\"image\":{\"@type\":\"ImageObject\",\"inLanguage\":\"pt-BR\",\"@id\":\"https:\/\/secure.gravatar.com\/avatar\/2ee0a9b7fe10fe32bdec8bc086e871e41eb5f4f6ecbcb7b4f2fe0d92d831405f?s=96&d=mm&r=g\",\"url\":\"https:\/\/secure.gravatar.com\/avatar\/2ee0a9b7fe10fe32bdec8bc086e871e41eb5f4f6ecbcb7b4f2fe0d92d831405f?s=96&d=mm&r=g\",\"contentUrl\":\"https:\/\/secure.gravatar.com\/avatar\/2ee0a9b7fe10fe32bdec8bc086e871e41eb5f4f6ecbcb7b4f2fe0d92d831405f?s=96&d=mm&r=g\",\"caption\":\"Jornal Ponto Mais\"},\"sameAs\":[\"https:\/\/jornalpontomais.com\/site\",\"jornalpontomais\"],\"url\":\"https:\/\/jornalpontomais.com\/site\/author\/jornalpontomais\/\"}]}<\/script>\n<!-- \/ Yoast SEO plugin. -->","yoast_head_json":{"title":"Goi\u00e1s inicia vacina\u00e7\u00e3o contra HPV com dose \u00fanica - Jornal Ponto Mais","robots":{"index":"index","follow":"follow","max-snippet":"max-snippet:-1","max-image-preview":"max-image-preview:large","max-video-preview":"max-video-preview:-1"},"canonical":"https:\/\/jornalpontomais.com\/site\/2024\/04\/09\/goias-inicia-vacinacao-contra-hpv-com-dose-unica\/","og_locale":"pt_BR","og_type":"article","og_title":"Goi\u00e1s inicia vacina\u00e7\u00e3o contra HPV com dose \u00fanica - Jornal Ponto Mais","og_description":"A Secretaria de Estado da Sa\u00fade (SES) deu in\u00edcio, nesta semana, ao novo esquema vacinal contra o Papiloma V\u00edrus Humano (HPV), que passa a ser administrado em dose \u00fanica. A mudan\u00e7a, anunciada pelo Minist\u00e9rio da Sa\u00fade (MS), levou em considera\u00e7\u00e3o as recomenda\u00e7\u00f5es da Organiza\u00e7\u00e3o Mundial de Sa\u00fade (OMS) e da Organiza\u00e7\u00e3o Pan-Americana da Sa\u00fade (Opas), [&hellip;]","og_url":"https:\/\/jornalpontomais.com\/site\/2024\/04\/09\/goias-inicia-vacinacao-contra-hpv-com-dose-unica\/","og_site_name":"Jornal Ponto Mais","article_published_time":"2024-04-09T11:36:21+00:00","article_modified_time":"2024-04-09T11:36:22+00:00","og_image":[{"width":1215,"height":809,"url":"https:\/\/jornalpontomais.com\/site\/wp-content\/uploads\/2024\/04\/Vacina-contra-HPV_Iron-Braz-SES-1215x809-1.jpeg","type":"image\/jpeg"}],"author":"Jornal Ponto Mais","twitter_card":"summary_large_image","twitter_misc":{"Escrito por":"Jornal Ponto Mais","Est. tempo de leitura":"3 minutos"},"schema":{"@context":"https:\/\/schema.org","@graph":[{"@type":"Article","@id":"https:\/\/jornalpontomais.com\/site\/2024\/04\/09\/goias-inicia-vacinacao-contra-hpv-com-dose-unica\/#article","isPartOf":{"@id":"https:\/\/jornalpontomais.com\/site\/2024\/04\/09\/goias-inicia-vacinacao-contra-hpv-com-dose-unica\/"},"author":{"name":"Jornal Ponto Mais","@id":"https:\/\/jornalpontomais.com\/site\/#\/schema\/person\/18323f0b0f1355f2490721c48389fe9d"},"headline":"Goi\u00e1s inicia vacina\u00e7\u00e3o contra HPV com dose \u00fanica","datePublished":"2024-04-09T11:36:21+00:00","dateModified":"2024-04-09T11:36:22+00:00","mainEntityOfPage":{"@id":"https:\/\/jornalpontomais.com\/site\/2024\/04\/09\/goias-inicia-vacinacao-contra-hpv-com-dose-unica\/"},"wordCount":450,"commentCount":0,"publisher":{"@id":"https:\/\/jornalpontomais.com\/site\/#organization"},"image":{"@id":"https:\/\/jornalpontomais.com\/site\/2024\/04\/09\/goias-inicia-vacinacao-contra-hpv-com-dose-unica\/#primaryimage"},"thumbnailUrl":"https:\/\/jornalpontomais.com\/site\/wp-content\/uploads\/2024\/04\/Vacina-contra-HPV_Iron-Braz-SES-1215x809-1.jpeg","articleSection":["Sa\u00fade"],"inLanguage":"pt-BR","potentialAction":[{"@type":"CommentAction","name":"Comment","target":["https:\/\/jornalpontomais.com\/site\/2024\/04\/09\/goias-inicia-vacinacao-contra-hpv-com-dose-unica\/#respond"]}]},{"@type":"WebPage","@id":"https:\/\/jornalpontomais.com\/site\/2024\/04\/09\/goias-inicia-vacinacao-contra-hpv-com-dose-unica\/","url":"https:\/\/jornalpontomais.com\/site\/2024\/04\/09\/goias-inicia-vacinacao-contra-hpv-com-dose-unica\/","name":"Goi\u00e1s inicia vacina\u00e7\u00e3o contra HPV com dose \u00fanica - Jornal Ponto Mais","isPartOf":{"@id":"https:\/\/jornalpontomais.com\/site\/#website"},"primaryImageOfPage":{"@id":"https:\/\/jornalpontomais.com\/site\/2024\/04\/09\/goias-inicia-vacinacao-contra-hpv-com-dose-unica\/#primaryimage"},"image":{"@id":"https:\/\/jornalpontomais.com\/site\/2024\/04\/09\/goias-inicia-vacinacao-contra-hpv-com-dose-unica\/#primaryimage"},"thumbnailUrl":"https:\/\/jornalpontomais.com\/site\/wp-content\/uploads\/2024\/04\/Vacina-contra-HPV_Iron-Braz-SES-1215x809-1.jpeg","datePublished":"2024-04-09T11:36:21+00:00","dateModified":"2024-04-09T11:36:22+00:00","breadcrumb":{"@id":"https:\/\/jornalpontomais.com\/site\/2024\/04\/09\/goias-inicia-vacinacao-contra-hpv-com-dose-unica\/#breadcrumb"},"inLanguage":"pt-BR","potentialAction":[{"@type":"ReadAction","target":["https:\/\/jornalpontomais.com\/site\/2024\/04\/09\/goias-inicia-vacinacao-contra-hpv-com-dose-unica\/"]}]},{"@type":"ImageObject","inLanguage":"pt-BR","@id":"https:\/\/jornalpontomais.com\/site\/2024\/04\/09\/goias-inicia-vacinacao-contra-hpv-com-dose-unica\/#primaryimage","url":"https:\/\/jornalpontomais.com\/site\/wp-content\/uploads\/2024\/04\/Vacina-contra-HPV_Iron-Braz-SES-1215x809-1.jpeg","contentUrl":"https:\/\/jornalpontomais.com\/site\/wp-content\/uploads\/2024\/04\/Vacina-contra-HPV_Iron-Braz-SES-1215x809-1.jpeg","width":1215,"height":809},{"@type":"BreadcrumbList","@id":"https:\/\/jornalpontomais.com\/site\/2024\/04\/09\/goias-inicia-vacinacao-contra-hpv-com-dose-unica\/#breadcrumb","itemListElement":[{"@type":"ListItem","position":1,"name":"In\u00edcio","item":"https:\/\/jornalpontomais.com\/site\/"},{"@type":"ListItem","position":2,"name":"Goi\u00e1s inicia vacina\u00e7\u00e3o contra HPV com dose \u00fanica"}]},{"@type":"WebSite","@id":"https:\/\/jornalpontomais.com\/site\/#website","url":"https:\/\/jornalpontomais.com\/site\/","name":"Jornal Ponto Mais","description":"As principais not\u00edcias do Brasil e do mundo. Confira!","publisher":{"@id":"https:\/\/jornalpontomais.com\/site\/#organization"},"potentialAction":[{"@type":"SearchAction","target":{"@type":"EntryPoint","urlTemplate":"https:\/\/jornalpontomais.com\/site\/?s={search_term_string}"},"query-input":{"@type":"PropertyValueSpecification","valueRequired":true,"valueName":"search_term_string"}}],"inLanguage":"pt-BR"},{"@type":"Organization","@id":"https:\/\/jornalpontomais.com\/site\/#organization","name":"Jornal Ponto+","url":"https:\/\/jornalpontomais.com\/site\/","logo":{"@type":"ImageObject","inLanguage":"pt-BR","@id":"https:\/\/jornalpontomais.com\/site\/#\/schema\/logo\/image\/","url":"https:\/\/jornalpontomais.com\/site\/wp-content\/uploads\/2022\/01\/marca.png","contentUrl":"https:\/\/jornalpontomais.com\/site\/wp-content\/uploads\/2022\/01\/marca.png","width":582,"height":148,"caption":"Jornal Ponto+"},"image":{"@id":"https:\/\/jornalpontomais.com\/site\/#\/schema\/logo\/image\/"}},{"@type":"Person","@id":"https:\/\/jornalpontomais.com\/site\/#\/schema\/person\/18323f0b0f1355f2490721c48389fe9d","name":"Jornal Ponto Mais","image":{"@type":"ImageObject","inLanguage":"pt-BR","@id":"https:\/\/secure.gravatar.com\/avatar\/2ee0a9b7fe10fe32bdec8bc086e871e41eb5f4f6ecbcb7b4f2fe0d92d831405f?s=96&d=mm&r=g","url":"https:\/\/secure.gravatar.com\/avatar\/2ee0a9b7fe10fe32bdec8bc086e871e41eb5f4f6ecbcb7b4f2fe0d92d831405f?s=96&d=mm&r=g","contentUrl":"https:\/\/secure.gravatar.com\/avatar\/2ee0a9b7fe10fe32bdec8bc086e871e41eb5f4f6ecbcb7b4f2fe0d92d831405f?s=96&d=mm&r=g","caption":"Jornal Ponto Mais"},"sameAs":["https:\/\/jornalpontomais.com\/site","jornalpontomais"],"url":"https:\/\/jornalpontomais.com\/site\/author\/jornalpontomais\/"}]}},"_links":{"self":[{"href":"https:\/\/jornalpontomais.com\/site\/wp-json\/wp\/v2\/posts\/12713","targetHints":{"allow":["GET"]}}],"collection":[{"href":"https:\/\/jornalpontomais.com\/site\/wp-json\/wp\/v2\/posts"}],"about":[{"href":"https:\/\/jornalpontomais.com\/site\/wp-json\/wp\/v2\/types\/post"}],"author":[{"embeddable":true,"href":"https:\/\/jornalpontomais.com\/site\/wp-json\/wp\/v2\/users\/2"}],"replies":[{"embeddable":true,"href":"https:\/\/jornalpontomais.com\/site\/wp-json\/wp\/v2\/comments?post=12713"}],"version-history":[{"count":1,"href":"https:\/\/jornalpontomais.com\/site\/wp-json\/wp\/v2\/posts\/12713\/revisions"}],"predecessor-version":[{"id":12715,"href":"https:\/\/jornalpontomais.com\/site\/wp-json\/wp\/v2\/posts\/12713\/revisions\/12715"}],"wp:featuredmedia":[{"embeddable":true,"href":"https:\/\/jornalpontomais.com\/site\/wp-json\/wp\/v2\/media\/12714"}],"wp:attachment":[{"href":"https:\/\/jornalpontomais.com\/site\/wp-json\/wp\/v2\/media?parent=12713"}],"wp:term":[{"taxonomy":"category","embeddable":true,"href":"https:\/\/jornalpontomais.com\/site\/wp-json\/wp\/v2\/categories?post=12713"},{"taxonomy":"post_tag","embeddable":true,"href":"https:\/\/jornalpontomais.com\/site\/wp-json\/wp\/v2\/tags?post=12713"}],"curies":[{"name":"wp","href":"https:\/\/api.w.org\/{rel}","templated":true}]}}