{"id":12617,"date":"2024-04-02T09:38:03","date_gmt":"2024-04-02T12:38:03","guid":{"rendered":"https:\/\/jornalpontomais.com\/site\/?p=12617"},"modified":"2024-04-02T09:38:05","modified_gmt":"2024-04-02T12:38:05","slug":"judo-paralimpico-brasil-abre-gp-na-turquia-com-2-pratas-e-1-bronze","status":"publish","type":"post","link":"https:\/\/jornalpontomais.com\/site\/2024\/04\/02\/judo-paralimpico-brasil-abre-gp-na-turquia-com-2-pratas-e-1-bronze\/","title":{"rendered":"Jud\u00f4 paral\u00edmpico: Brasil abre GP na Turquia com 2 pratas e 1 bronze"},"content":{"rendered":"\n<p>O Brasil assegurou duas medalhas de prata e um bronze \u00a0nesta segunda-feira (1), primeiro dia do Grand Prix de jud\u00f4 paral\u00edmpico de Antalya (Turquia), pen\u00faltimo torneio qualificat\u00f3rio aos Jogos de Paris. Rosi Andrade faturou uma das pratas nos 48 quilos e Elielton Oliveira ficou com a outra nos 60 kg \u2013 ambos disputam na classe J1 (cegos totais). J\u00e1 Thiego Marques levou bronze nos 60 kg na classe J2 (baixa vis\u00e3o). \u00a0Nesta ter\u00e7a (2), outros oito brasileiros estreiam no GP de Antalya, que tem transmiss\u00e3o ao vivo online (on streaming) no site da Federa\u00e7\u00e3o Internacional de Esportes para Cegos (IBSA, da sigla em ingl\u00eas).<img decoding=\"async\" src=\"https:\/\/agenciabrasil.ebc.com.br\/ebc.png?id=1588199&amp;o=node\"><img decoding=\"async\" src=\"https:\/\/agenciabrasil.ebc.com.br\/ebc.gif?id=1588199&amp;o=node\"><br><br><\/p>\n\n\n\n<p>Atual n\u00famero um do mundo, Rosi Andrade foi superada na final pela turca Ecem Tasin (4\u00aa no ranking dos 48 kg\/J1). Foi a primeira competi\u00e7\u00e3o da judoca potiguar na temporada. Antes de se classificar \u00e0 final nesta segunda (, Rosi somou duas vit\u00f3rias. Na estreia bateu a indon\u00e9sia Larassati Novia (9\u00aa) e depois superou a alem\u00e3 Anna Tabea Muler (7\u00aa).<br><br><\/p>\n\n\n\n<p>\u201cMais um degrau, mais uma etapa. N\u00e3o \u00e9 o objetivo final, at\u00e9 porque estamos rumo a Paris, e \u00e9 l\u00e1 que vou buscar o ouro\u201d, projetou Rosi, de 26 anos, em depoimento ao Comit\u00ea Paral\u00edmpico Brasileiro (CPB).<br><br><\/p>\n\n\n\n<p>Nascido em Manaus, Elielton Oliveira faturou a segunda prata no ano \u2013 a primeira foi\u00a0em fevereiro, no GP de Heidelberg (Alemanha).\u00a0N\u00famero 3 no ranking, o paraense perdeu a final para o indiano Kapil Parmar, melhor do mundo nos 60 kg. Antes da disputa do ouro, Elielton enfileirou tr\u00eas triunfos seguidos: bateu o cazaque Murat Madinov (24\u00ba no ranking), o indon\u00e9sio Junaedi (8\u00ba) e o argelino Abdelkader Bouamer (14\u00ba).<br><br><\/p>\n\n\n\n<p>O terceiro p\u00f3dio do dia foi do paraense Thiego Marques. Ap\u00f3s triunfar na estreia contra o Azerbaij\u00e3o Vugar Shirinli (11\u00ba no ranking dos 60 kg\/J2), Thiego perdeu a luta seguinte para o ucraniano Davyd Khorav, n\u00famero 3 do mundo, e caiu para repescagem. A\u00ed o brasileiro levou a melhor sobre \u00a0Alikhan Dzhumagulov (Quiguist\u00e3o) e tamb\u00e9m sobre o georgiano Zurab Zurabiani, garantindo o bornze. \u201cEsta \u00e9 s\u00f3 a primeira de muitas\u201d, projetou o judoca, oitavo colocado na lista classificat\u00f3ria a Paris \u2013 apenas \u00a0os sete primeiros ir\u00e3o a Paris 2024.<br><br><\/p>\n\n\n\n<p>A delega\u00e7\u00e3o brasileira conta com 13 judocas (sete mulheres e seis homens) no GP de Antalya. A modalidade \u00e9 umas das que mais somam p\u00f3dios para o pa\u00eds na hist\u00f3ria da Paralimp\u00edada. Das 25 conquistadas foram cinco ouros, nove pratas e 11 bronzes.<\/p>\n","protected":false},"excerpt":{"rendered":"<p>O Brasil assegurou duas medalhas de prata e um bronze \u00a0nesta segunda-feira (1), primeiro dia do Grand Prix de jud\u00f4 paral\u00edmpico de Antalya (Turquia), pen\u00faltimo torneio qualificat\u00f3rio aos Jogos de Paris. Rosi Andrade faturou uma das pratas nos 48 quilos e Elielton Oliveira ficou com a outra nos 60 kg \u2013 ambos disputam na classe [&hellip;]<\/p>\n","protected":false},"author":2,"featured_media":12618,"comment_status":"open","ping_status":"open","sticky":true,"template":"","format":"standard","meta":{"om_disable_all_campaigns":false,"_monsterinsights_skip_tracking":false,"_monsterinsights_sitenote_active":false,"_monsterinsights_sitenote_note":"","_monsterinsights_sitenote_category":0,"footnotes":""},"categories":[4],"tags":[],"class_list":["post-12617","post","type-post","status-publish","format-standard","has-post-thumbnail","hentry","category-esporte"],"yoast_head":"<!-- This site is optimized with the Yoast SEO plugin v27.2 - https:\/\/yoast.com\/product\/yoast-seo-wordpress\/ -->\n<title>Jud\u00f4 paral\u00edmpico: Brasil abre GP na Turquia com 2 pratas e 1 bronze - Jornal Ponto Mais<\/title>\n<meta name=\"robots\" content=\"index, follow, max-snippet:-1, max-image-preview:large, max-video-preview:-1\" \/>\n<link rel=\"canonical\" href=\"https:\/\/jornalpontomais.com\/site\/2024\/04\/02\/judo-paralimpico-brasil-abre-gp-na-turquia-com-2-pratas-e-1-bronze\/\" \/>\n<meta property=\"og:locale\" content=\"pt_BR\" \/>\n<meta property=\"og:type\" content=\"article\" \/>\n<meta property=\"og:title\" content=\"Jud\u00f4 paral\u00edmpico: Brasil abre GP na Turquia com 2 pratas e 1 bronze - Jornal Ponto Mais\" \/>\n<meta property=\"og:description\" content=\"O Brasil assegurou duas medalhas de prata e um bronze \u00a0nesta segunda-feira (1), primeiro dia do Grand Prix de jud\u00f4 paral\u00edmpico de Antalya (Turquia), pen\u00faltimo torneio qualificat\u00f3rio aos Jogos de Paris. Rosi Andrade faturou uma das pratas nos 48 quilos e Elielton Oliveira ficou com a outra nos 60 kg \u2013 ambos disputam na classe [&hellip;]\" \/>\n<meta property=\"og:url\" content=\"https:\/\/jornalpontomais.com\/site\/2024\/04\/02\/judo-paralimpico-brasil-abre-gp-na-turquia-com-2-pratas-e-1-bronze\/\" \/>\n<meta property=\"og:site_name\" content=\"Jornal Ponto Mais\" \/>\n<meta property=\"article:published_time\" content=\"2024-04-02T12:38:03+00:00\" \/>\n<meta property=\"article:modified_time\" content=\"2024-04-02T12:38:05+00:00\" \/>\n<meta property=\"og:image\" content=\"https:\/\/jornalpontomais.com\/site\/wp-content\/uploads\/2024\/04\/thiego_marques_rosi_andrade_elielton_oliveira_podios_judo_paral.webp\" \/>\n\t<meta property=\"og:image:width\" content=\"1170\" \/>\n\t<meta property=\"og:image:height\" content=\"700\" \/>\n\t<meta property=\"og:image:type\" content=\"image\/webp\" \/>\n<meta name=\"author\" content=\"Jornal Ponto Mais\" \/>\n<meta name=\"twitter:card\" content=\"summary_large_image\" \/>\n<meta name=\"twitter:label1\" content=\"Escrito por\" \/>\n\t<meta name=\"twitter:data1\" content=\"Jornal Ponto Mais\" \/>\n\t<meta name=\"twitter:label2\" content=\"Est. tempo de leitura\" \/>\n\t<meta name=\"twitter:data2\" content=\"3 minutos\" \/>\n<script type=\"application\/ld+json\" class=\"yoast-schema-graph\">{\"@context\":\"https:\/\/schema.org\",\"@graph\":[{\"@type\":\"Article\",\"@id\":\"https:\/\/jornalpontomais.com\/site\/2024\/04\/02\/judo-paralimpico-brasil-abre-gp-na-turquia-com-2-pratas-e-1-bronze\/#article\",\"isPartOf\":{\"@id\":\"https:\/\/jornalpontomais.com\/site\/2024\/04\/02\/judo-paralimpico-brasil-abre-gp-na-turquia-com-2-pratas-e-1-bronze\/\"},\"author\":{\"name\":\"Jornal Ponto Mais\",\"@id\":\"https:\/\/jornalpontomais.com\/site\/#\/schema\/person\/18323f0b0f1355f2490721c48389fe9d\"},\"headline\":\"Jud\u00f4 paral\u00edmpico: Brasil abre GP na Turquia com 2 pratas e 1 bronze\",\"datePublished\":\"2024-04-02T12:38:03+00:00\",\"dateModified\":\"2024-04-02T12:38:05+00:00\",\"mainEntityOfPage\":{\"@id\":\"https:\/\/jornalpontomais.com\/site\/2024\/04\/02\/judo-paralimpico-brasil-abre-gp-na-turquia-com-2-pratas-e-1-bronze\/\"},\"wordCount\":416,\"commentCount\":0,\"publisher\":{\"@id\":\"https:\/\/jornalpontomais.com\/site\/#organization\"},\"image\":{\"@id\":\"https:\/\/jornalpontomais.com\/site\/2024\/04\/02\/judo-paralimpico-brasil-abre-gp-na-turquia-com-2-pratas-e-1-bronze\/#primaryimage\"},\"thumbnailUrl\":\"https:\/\/jornalpontomais.com\/site\/wp-content\/uploads\/2024\/04\/thiego_marques_rosi_andrade_elielton_oliveira_podios_judo_paral.webp\",\"articleSection\":[\"Esporte\"],\"inLanguage\":\"pt-BR\",\"potentialAction\":[{\"@type\":\"CommentAction\",\"name\":\"Comment\",\"target\":[\"https:\/\/jornalpontomais.com\/site\/2024\/04\/02\/judo-paralimpico-brasil-abre-gp-na-turquia-com-2-pratas-e-1-bronze\/#respond\"]}]},{\"@type\":\"WebPage\",\"@id\":\"https:\/\/jornalpontomais.com\/site\/2024\/04\/02\/judo-paralimpico-brasil-abre-gp-na-turquia-com-2-pratas-e-1-bronze\/\",\"url\":\"https:\/\/jornalpontomais.com\/site\/2024\/04\/02\/judo-paralimpico-brasil-abre-gp-na-turquia-com-2-pratas-e-1-bronze\/\",\"name\":\"Jud\u00f4 paral\u00edmpico: Brasil abre GP na Turquia com 2 pratas e 1 bronze - Jornal Ponto Mais\",\"isPartOf\":{\"@id\":\"https:\/\/jornalpontomais.com\/site\/#website\"},\"primaryImageOfPage\":{\"@id\":\"https:\/\/jornalpontomais.com\/site\/2024\/04\/02\/judo-paralimpico-brasil-abre-gp-na-turquia-com-2-pratas-e-1-bronze\/#primaryimage\"},\"image\":{\"@id\":\"https:\/\/jornalpontomais.com\/site\/2024\/04\/02\/judo-paralimpico-brasil-abre-gp-na-turquia-com-2-pratas-e-1-bronze\/#primaryimage\"},\"thumbnailUrl\":\"https:\/\/jornalpontomais.com\/site\/wp-content\/uploads\/2024\/04\/thiego_marques_rosi_andrade_elielton_oliveira_podios_judo_paral.webp\",\"datePublished\":\"2024-04-02T12:38:03+00:00\",\"dateModified\":\"2024-04-02T12:38:05+00:00\",\"breadcrumb\":{\"@id\":\"https:\/\/jornalpontomais.com\/site\/2024\/04\/02\/judo-paralimpico-brasil-abre-gp-na-turquia-com-2-pratas-e-1-bronze\/#breadcrumb\"},\"inLanguage\":\"pt-BR\",\"potentialAction\":[{\"@type\":\"ReadAction\",\"target\":[\"https:\/\/jornalpontomais.com\/site\/2024\/04\/02\/judo-paralimpico-brasil-abre-gp-na-turquia-com-2-pratas-e-1-bronze\/\"]}]},{\"@type\":\"ImageObject\",\"inLanguage\":\"pt-BR\",\"@id\":\"https:\/\/jornalpontomais.com\/site\/2024\/04\/02\/judo-paralimpico-brasil-abre-gp-na-turquia-com-2-pratas-e-1-bronze\/#primaryimage\",\"url\":\"https:\/\/jornalpontomais.com\/site\/wp-content\/uploads\/2024\/04\/thiego_marques_rosi_andrade_elielton_oliveira_podios_judo_paral.webp\",\"contentUrl\":\"https:\/\/jornalpontomais.com\/site\/wp-content\/uploads\/2024\/04\/thiego_marques_rosi_andrade_elielton_oliveira_podios_judo_paral.webp\",\"width\":1170,\"height\":700},{\"@type\":\"BreadcrumbList\",\"@id\":\"https:\/\/jornalpontomais.com\/site\/2024\/04\/02\/judo-paralimpico-brasil-abre-gp-na-turquia-com-2-pratas-e-1-bronze\/#breadcrumb\",\"itemListElement\":[{\"@type\":\"ListItem\",\"position\":1,\"name\":\"In\u00edcio\",\"item\":\"https:\/\/jornalpontomais.com\/site\/\"},{\"@type\":\"ListItem\",\"position\":2,\"name\":\"Jud\u00f4 paral\u00edmpico: Brasil abre GP na Turquia com 2 pratas e 1 bronze\"}]},{\"@type\":\"WebSite\",\"@id\":\"https:\/\/jornalpontomais.com\/site\/#website\",\"url\":\"https:\/\/jornalpontomais.com\/site\/\",\"name\":\"Jornal Ponto Mais\",\"description\":\"As principais not\u00edcias do Brasil e do mundo. Confira!\",\"publisher\":{\"@id\":\"https:\/\/jornalpontomais.com\/site\/#organization\"},\"potentialAction\":[{\"@type\":\"SearchAction\",\"target\":{\"@type\":\"EntryPoint\",\"urlTemplate\":\"https:\/\/jornalpontomais.com\/site\/?s={search_term_string}\"},\"query-input\":{\"@type\":\"PropertyValueSpecification\",\"valueRequired\":true,\"valueName\":\"search_term_string\"}}],\"inLanguage\":\"pt-BR\"},{\"@type\":\"Organization\",\"@id\":\"https:\/\/jornalpontomais.com\/site\/#organization\",\"name\":\"Jornal Ponto+\",\"url\":\"https:\/\/jornalpontomais.com\/site\/\",\"logo\":{\"@type\":\"ImageObject\",\"inLanguage\":\"pt-BR\",\"@id\":\"https:\/\/jornalpontomais.com\/site\/#\/schema\/logo\/image\/\",\"url\":\"https:\/\/jornalpontomais.com\/site\/wp-content\/uploads\/2022\/01\/marca.png\",\"contentUrl\":\"https:\/\/jornalpontomais.com\/site\/wp-content\/uploads\/2022\/01\/marca.png\",\"width\":582,\"height\":148,\"caption\":\"Jornal Ponto+\"},\"image\":{\"@id\":\"https:\/\/jornalpontomais.com\/site\/#\/schema\/logo\/image\/\"}},{\"@type\":\"Person\",\"@id\":\"https:\/\/jornalpontomais.com\/site\/#\/schema\/person\/18323f0b0f1355f2490721c48389fe9d\",\"name\":\"Jornal Ponto Mais\",\"image\":{\"@type\":\"ImageObject\",\"inLanguage\":\"pt-BR\",\"@id\":\"https:\/\/secure.gravatar.com\/avatar\/2ee0a9b7fe10fe32bdec8bc086e871e41eb5f4f6ecbcb7b4f2fe0d92d831405f?s=96&d=mm&r=g\",\"url\":\"https:\/\/secure.gravatar.com\/avatar\/2ee0a9b7fe10fe32bdec8bc086e871e41eb5f4f6ecbcb7b4f2fe0d92d831405f?s=96&d=mm&r=g\",\"contentUrl\":\"https:\/\/secure.gravatar.com\/avatar\/2ee0a9b7fe10fe32bdec8bc086e871e41eb5f4f6ecbcb7b4f2fe0d92d831405f?s=96&d=mm&r=g\",\"caption\":\"Jornal Ponto Mais\"},\"sameAs\":[\"https:\/\/jornalpontomais.com\/site\",\"jornalpontomais\"],\"url\":\"https:\/\/jornalpontomais.com\/site\/author\/jornalpontomais\/\"}]}<\/script>\n<!-- \/ Yoast SEO plugin. -->","yoast_head_json":{"title":"Jud\u00f4 paral\u00edmpico: Brasil abre GP na Turquia com 2 pratas e 1 bronze - Jornal Ponto Mais","robots":{"index":"index","follow":"follow","max-snippet":"max-snippet:-1","max-image-preview":"max-image-preview:large","max-video-preview":"max-video-preview:-1"},"canonical":"https:\/\/jornalpontomais.com\/site\/2024\/04\/02\/judo-paralimpico-brasil-abre-gp-na-turquia-com-2-pratas-e-1-bronze\/","og_locale":"pt_BR","og_type":"article","og_title":"Jud\u00f4 paral\u00edmpico: Brasil abre GP na Turquia com 2 pratas e 1 bronze - Jornal Ponto Mais","og_description":"O Brasil assegurou duas medalhas de prata e um bronze \u00a0nesta segunda-feira (1), primeiro dia do Grand Prix de jud\u00f4 paral\u00edmpico de Antalya (Turquia), pen\u00faltimo torneio qualificat\u00f3rio aos Jogos de Paris. Rosi Andrade faturou uma das pratas nos 48 quilos e Elielton Oliveira ficou com a outra nos 60 kg \u2013 ambos disputam na classe [&hellip;]","og_url":"https:\/\/jornalpontomais.com\/site\/2024\/04\/02\/judo-paralimpico-brasil-abre-gp-na-turquia-com-2-pratas-e-1-bronze\/","og_site_name":"Jornal Ponto Mais","article_published_time":"2024-04-02T12:38:03+00:00","article_modified_time":"2024-04-02T12:38:05+00:00","og_image":[{"width":1170,"height":700,"url":"https:\/\/jornalpontomais.com\/site\/wp-content\/uploads\/2024\/04\/thiego_marques_rosi_andrade_elielton_oliveira_podios_judo_paral.webp","type":"image\/webp"}],"author":"Jornal Ponto Mais","twitter_card":"summary_large_image","twitter_misc":{"Escrito por":"Jornal Ponto Mais","Est. tempo de leitura":"3 minutos"},"schema":{"@context":"https:\/\/schema.org","@graph":[{"@type":"Article","@id":"https:\/\/jornalpontomais.com\/site\/2024\/04\/02\/judo-paralimpico-brasil-abre-gp-na-turquia-com-2-pratas-e-1-bronze\/#article","isPartOf":{"@id":"https:\/\/jornalpontomais.com\/site\/2024\/04\/02\/judo-paralimpico-brasil-abre-gp-na-turquia-com-2-pratas-e-1-bronze\/"},"author":{"name":"Jornal Ponto Mais","@id":"https:\/\/jornalpontomais.com\/site\/#\/schema\/person\/18323f0b0f1355f2490721c48389fe9d"},"headline":"Jud\u00f4 paral\u00edmpico: Brasil abre GP na Turquia com 2 pratas e 1 bronze","datePublished":"2024-04-02T12:38:03+00:00","dateModified":"2024-04-02T12:38:05+00:00","mainEntityOfPage":{"@id":"https:\/\/jornalpontomais.com\/site\/2024\/04\/02\/judo-paralimpico-brasil-abre-gp-na-turquia-com-2-pratas-e-1-bronze\/"},"wordCount":416,"commentCount":0,"publisher":{"@id":"https:\/\/jornalpontomais.com\/site\/#organization"},"image":{"@id":"https:\/\/jornalpontomais.com\/site\/2024\/04\/02\/judo-paralimpico-brasil-abre-gp-na-turquia-com-2-pratas-e-1-bronze\/#primaryimage"},"thumbnailUrl":"https:\/\/jornalpontomais.com\/site\/wp-content\/uploads\/2024\/04\/thiego_marques_rosi_andrade_elielton_oliveira_podios_judo_paral.webp","articleSection":["Esporte"],"inLanguage":"pt-BR","potentialAction":[{"@type":"CommentAction","name":"Comment","target":["https:\/\/jornalpontomais.com\/site\/2024\/04\/02\/judo-paralimpico-brasil-abre-gp-na-turquia-com-2-pratas-e-1-bronze\/#respond"]}]},{"@type":"WebPage","@id":"https:\/\/jornalpontomais.com\/site\/2024\/04\/02\/judo-paralimpico-brasil-abre-gp-na-turquia-com-2-pratas-e-1-bronze\/","url":"https:\/\/jornalpontomais.com\/site\/2024\/04\/02\/judo-paralimpico-brasil-abre-gp-na-turquia-com-2-pratas-e-1-bronze\/","name":"Jud\u00f4 paral\u00edmpico: Brasil abre GP na Turquia com 2 pratas e 1 bronze - Jornal Ponto Mais","isPartOf":{"@id":"https:\/\/jornalpontomais.com\/site\/#website"},"primaryImageOfPage":{"@id":"https:\/\/jornalpontomais.com\/site\/2024\/04\/02\/judo-paralimpico-brasil-abre-gp-na-turquia-com-2-pratas-e-1-bronze\/#primaryimage"},"image":{"@id":"https:\/\/jornalpontomais.com\/site\/2024\/04\/02\/judo-paralimpico-brasil-abre-gp-na-turquia-com-2-pratas-e-1-bronze\/#primaryimage"},"thumbnailUrl":"https:\/\/jornalpontomais.com\/site\/wp-content\/uploads\/2024\/04\/thiego_marques_rosi_andrade_elielton_oliveira_podios_judo_paral.webp","datePublished":"2024-04-02T12:38:03+00:00","dateModified":"2024-04-02T12:38:05+00:00","breadcrumb":{"@id":"https:\/\/jornalpontomais.com\/site\/2024\/04\/02\/judo-paralimpico-brasil-abre-gp-na-turquia-com-2-pratas-e-1-bronze\/#breadcrumb"},"inLanguage":"pt-BR","potentialAction":[{"@type":"ReadAction","target":["https:\/\/jornalpontomais.com\/site\/2024\/04\/02\/judo-paralimpico-brasil-abre-gp-na-turquia-com-2-pratas-e-1-bronze\/"]}]},{"@type":"ImageObject","inLanguage":"pt-BR","@id":"https:\/\/jornalpontomais.com\/site\/2024\/04\/02\/judo-paralimpico-brasil-abre-gp-na-turquia-com-2-pratas-e-1-bronze\/#primaryimage","url":"https:\/\/jornalpontomais.com\/site\/wp-content\/uploads\/2024\/04\/thiego_marques_rosi_andrade_elielton_oliveira_podios_judo_paral.webp","contentUrl":"https:\/\/jornalpontomais.com\/site\/wp-content\/uploads\/2024\/04\/thiego_marques_rosi_andrade_elielton_oliveira_podios_judo_paral.webp","width":1170,"height":700},{"@type":"BreadcrumbList","@id":"https:\/\/jornalpontomais.com\/site\/2024\/04\/02\/judo-paralimpico-brasil-abre-gp-na-turquia-com-2-pratas-e-1-bronze\/#breadcrumb","itemListElement":[{"@type":"ListItem","position":1,"name":"In\u00edcio","item":"https:\/\/jornalpontomais.com\/site\/"},{"@type":"ListItem","position":2,"name":"Jud\u00f4 paral\u00edmpico: Brasil abre GP na Turquia com 2 pratas e 1 bronze"}]},{"@type":"WebSite","@id":"https:\/\/jornalpontomais.com\/site\/#website","url":"https:\/\/jornalpontomais.com\/site\/","name":"Jornal Ponto Mais","description":"As principais not\u00edcias do Brasil e do mundo. Confira!","publisher":{"@id":"https:\/\/jornalpontomais.com\/site\/#organization"},"potentialAction":[{"@type":"SearchAction","target":{"@type":"EntryPoint","urlTemplate":"https:\/\/jornalpontomais.com\/site\/?s={search_term_string}"},"query-input":{"@type":"PropertyValueSpecification","valueRequired":true,"valueName":"search_term_string"}}],"inLanguage":"pt-BR"},{"@type":"Organization","@id":"https:\/\/jornalpontomais.com\/site\/#organization","name":"Jornal Ponto+","url":"https:\/\/jornalpontomais.com\/site\/","logo":{"@type":"ImageObject","inLanguage":"pt-BR","@id":"https:\/\/jornalpontomais.com\/site\/#\/schema\/logo\/image\/","url":"https:\/\/jornalpontomais.com\/site\/wp-content\/uploads\/2022\/01\/marca.png","contentUrl":"https:\/\/jornalpontomais.com\/site\/wp-content\/uploads\/2022\/01\/marca.png","width":582,"height":148,"caption":"Jornal Ponto+"},"image":{"@id":"https:\/\/jornalpontomais.com\/site\/#\/schema\/logo\/image\/"}},{"@type":"Person","@id":"https:\/\/jornalpontomais.com\/site\/#\/schema\/person\/18323f0b0f1355f2490721c48389fe9d","name":"Jornal Ponto Mais","image":{"@type":"ImageObject","inLanguage":"pt-BR","@id":"https:\/\/secure.gravatar.com\/avatar\/2ee0a9b7fe10fe32bdec8bc086e871e41eb5f4f6ecbcb7b4f2fe0d92d831405f?s=96&d=mm&r=g","url":"https:\/\/secure.gravatar.com\/avatar\/2ee0a9b7fe10fe32bdec8bc086e871e41eb5f4f6ecbcb7b4f2fe0d92d831405f?s=96&d=mm&r=g","contentUrl":"https:\/\/secure.gravatar.com\/avatar\/2ee0a9b7fe10fe32bdec8bc086e871e41eb5f4f6ecbcb7b4f2fe0d92d831405f?s=96&d=mm&r=g","caption":"Jornal Ponto Mais"},"sameAs":["https:\/\/jornalpontomais.com\/site","jornalpontomais"],"url":"https:\/\/jornalpontomais.com\/site\/author\/jornalpontomais\/"}]}},"_links":{"self":[{"href":"https:\/\/jornalpontomais.com\/site\/wp-json\/wp\/v2\/posts\/12617","targetHints":{"allow":["GET"]}}],"collection":[{"href":"https:\/\/jornalpontomais.com\/site\/wp-json\/wp\/v2\/posts"}],"about":[{"href":"https:\/\/jornalpontomais.com\/site\/wp-json\/wp\/v2\/types\/post"}],"author":[{"embeddable":true,"href":"https:\/\/jornalpontomais.com\/site\/wp-json\/wp\/v2\/users\/2"}],"replies":[{"embeddable":true,"href":"https:\/\/jornalpontomais.com\/site\/wp-json\/wp\/v2\/comments?post=12617"}],"version-history":[{"count":1,"href":"https:\/\/jornalpontomais.com\/site\/wp-json\/wp\/v2\/posts\/12617\/revisions"}],"predecessor-version":[{"id":12619,"href":"https:\/\/jornalpontomais.com\/site\/wp-json\/wp\/v2\/posts\/12617\/revisions\/12619"}],"wp:featuredmedia":[{"embeddable":true,"href":"https:\/\/jornalpontomais.com\/site\/wp-json\/wp\/v2\/media\/12618"}],"wp:attachment":[{"href":"https:\/\/jornalpontomais.com\/site\/wp-json\/wp\/v2\/media?parent=12617"}],"wp:term":[{"taxonomy":"category","embeddable":true,"href":"https:\/\/jornalpontomais.com\/site\/wp-json\/wp\/v2\/categories?post=12617"},{"taxonomy":"post_tag","embeddable":true,"href":"https:\/\/jornalpontomais.com\/site\/wp-json\/wp\/v2\/tags?post=12617"}],"curies":[{"name":"wp","href":"https:\/\/api.w.org\/{rel}","templated":true}]}}